{"id":1716,"__str__":"Autoria: Amar\u00edlio Jos\u00e9 Klein - Indica\u00e7\u00e3o n\u00ba 67 de 1993","link_detail_backend":"/materia/autoria/1716","metadata":{},"primeiro_autor":true,"autor":40,"materia":4738}