{"id":13195,"__str__":"Indica\u00e7\u00e3o n\u00ba 26 de 2023","link_detail_backend":"/materia/13195","metadata":{},"numero":26,"ano":2023,"numero_protocolo":null,"data_apresentacao":"2023-03-29","tipo_apresentacao":"E","data_publicacao":null,"numero_origem_externa":"","ano_origem_externa":null,"data_origem_externa":null,"apelido":"","dias_prazo":null,"data_fim_prazo":null,"em_tramitacao":false,"polemica":false,"objeto":"","complementar":false,"ementa":"VIABILIZAR A INSTALA\u00c7\u00c3O DE BUEIRO PARA CAPTA\u00c7\u00c3O DAS \u00c1GUAS PLUVIAIS, BEM \r\nCOMO, REPARO NA PAVIMENTA\u00c7\u00c3O ASF\u00c1LTICA E INSTALA\u00c7\u00c3O DE MEIO FIO, ONDE \r\nAS LATERAIS ENCONTRAM-SE MUITO DETERIORADAS DEVIDO \u00c0 A\u00c7\u00c3O DAS CHUVAS, \r\nNAS PROXIMIDADES DA RESID\u00caNCIA DO SR. ASSIS E PARALELO \u00c0 RESID\u00caNCIA DO \r\nSR. GIBRAN SCHNEIDER CHRISTO, LOCALIZADA AP\u00d3S O VALE DA TRANQUILIDADE, \r\nAP\u00d3S O T\u00c9RMINO DA RUA ANTENOR DOS SANTOS BRAGA.","indexacao":"","observacao":"","resultado":"","texto_original":"http://sapl.marechalfloriano.es.leg.br/media/sapl/public/materialegislativa/2023/13195/ind_026.pdf","data_ultima_atualizacao":"2023-03-31T08:56:59.648330-03:00","ip":"177.91.212.221","ultima_edicao":"2023-03-31T08:56:10.707318-03:00","tipo":8,"regime_tramitacao":1,"tipo_origem_externa":null,"local_origem_externa":null,"user":20,"anexadas":[],"autores":[34]}