{"id":15798,"__str__":"Requerimento n\u00ba 3 de 2026","link_detail_backend":"/materia/15798","metadata":{},"numero":3,"ano":2026,"numero_protocolo":null,"data_apresentacao":"2026-01-22","tipo_apresentacao":"E","data_publicacao":null,"numero_origem_externa":"","ano_origem_externa":null,"data_origem_externa":null,"apelido":"","dias_prazo":null,"data_fim_prazo":null,"em_tramitacao":false,"polemica":false,"objeto":"","complementar":false,"ementa":"O aux\u00edlio-transporte universit\u00e1rio constitui uma pol\u00edtica p\u00fablica de car\u00e1ter afirmativo de extrema relev\u00e2ncia em nosso Munic\u00edpio, pois viabiliza a perman\u00eancia de in\u00fameros jovens no ensino superior, garantindo condi\u00e7\u00f5es m\u00ednimas para a continuidade de sua forma\u00e7\u00e3o acad\u00eamica. Diante da import\u00e2ncia dessa pol\u00edtica e visando assegurar sua efetividade e transpar\u00eancia, requeiro as seguintes informa\u00e7\u00f5es:","indexacao":"","observacao":"","resultado":"","texto_original":"http://sapl.marechalfloriano.es.leg.br/media/sapl/public/materialegislativa/2026/15798/req_03.pdf","data_ultima_atualizacao":"2026-01-28T09:41:24.949756-03:00","ip":"38.56.18.141","ultima_edicao":"2026-01-28T09:39:50.874531-03:00","tipo":3,"regime_tramitacao":1,"tipo_origem_externa":null,"local_origem_externa":null,"user":20,"anexadas":[],"autores":[205]}