{"id":15858,"__str__":"Parecer das Comiss\u00f5es n\u00ba 11 de 2026","link_detail_backend":"/materia/15858","metadata":{},"numero":11,"ano":2026,"numero_protocolo":null,"data_apresentacao":"2026-02-04","tipo_apresentacao":"E","data_publicacao":null,"numero_origem_externa":"","ano_origem_externa":null,"data_origem_externa":null,"apelido":"","dias_prazo":null,"data_fim_prazo":null,"em_tramitacao":false,"polemica":false,"objeto":"","complementar":false,"ementa":"SUBMETE-SE \u00c0 APRECIA\u00c7\u00c3O DESTA COMISS\u00c3O O VETO INTEGRAL APOSTO PELO CHEFE DO PODER EXECUTIVO MUNICIPAL AO PROJETO DE LEI N\u00ba 123/2025, QUE FIXA \u00c1REA DE EXPANS\u00c3O URBANA COM VISTAS \u00c0 URBANIZA\u00c7\u00c3O.","indexacao":"","observacao":"","resultado":"","texto_original":"http://sapl.marechalfloriano.es.leg.br/media/sapl/public/materialegislativa/2026/15858/par011.pdf","data_ultima_atualizacao":"2026-02-05T15:35:44.934240-03:00","ip":"177.91.215.153","ultima_edicao":"2026-02-05T15:35:00.076346-03:00","tipo":9,"regime_tramitacao":1,"tipo_origem_externa":null,"local_origem_externa":null,"user":20,"anexadas":[],"autores":[128]}