{"id":16008,"__str__":"Requerimento n\u00ba 47 de 2026","link_detail_backend":"/materia/16008","metadata":{},"numero":47,"ano":2026,"numero_protocolo":null,"data_apresentacao":"2026-03-23","tipo_apresentacao":"E","data_publicacao":null,"numero_origem_externa":"","ano_origem_externa":null,"data_origem_externa":null,"apelido":"","dias_prazo":null,"data_fim_prazo":null,"em_tramitacao":false,"polemica":false,"objeto":"","complementar":false,"ementa":"O VEREADOR QUE ESTE SUBSCREVE, NA FORMA REGIMENTAL E OUVINDO-SE O PLEN\u00c1RIO, VEM, RESPEITOSAMENTE, REQUERER INFORMA\u00c7\u00d5ES SOBRE A IMPLEMENTA\u00c7\u00c3O DO SERDIA (SERVI\u00c7O ESPECIALIZADO EM REABILITA\u00c7\u00c3O INTELECTUAL E TRANSTORNO DO ESPECTRO AUTISTA) NO MUNIC\u00cdPIO DE MARECHAL FLORIANO.","indexacao":"","observacao":"","resultado":"","texto_original":"http://sapl.marechalfloriano.es.leg.br/media/sapl/public/materialegislativa/2026/16008/req__47.pdf","data_ultima_atualizacao":"2026-03-26T16:02:40.753921-03:00","ip":"177.91.199.24","ultima_edicao":"2026-03-26T16:01:23.513659-03:00","tipo":3,"regime_tramitacao":1,"tipo_origem_externa":null,"local_origem_externa":null,"user":20,"anexadas":[],"autores":[206]}