{"id":16065,"__str__":"Requerimento n\u00ba 63 de 2026","link_detail_backend":"/materia/16065","metadata":{},"numero":63,"ano":2026,"numero_protocolo":null,"data_apresentacao":"2026-04-22","tipo_apresentacao":"E","data_publicacao":null,"numero_origem_externa":"","ano_origem_externa":null,"data_origem_externa":null,"apelido":"","dias_prazo":null,"data_fim_prazo":null,"em_tramitacao":false,"polemica":false,"objeto":"","complementar":false,"ementa":"O VEREADOR QUE ESTE SUBSCREVE, NA FORMA REGIMENTAL E OUVINDO-SE O PLEN\u00c1RIO, VEM, RESPEITOSAMENTE, REQUERER INFORMA\u00c7\u00d5ES DETALHADAS ACERCA DA GEST\u00c3O DAS VAGAS DE ESTACIONAMENTO RESERVADAS E DO PLANEJAMENTO PARA A IMPLEMENTA\u00c7\u00c3O DAS POL\u00cdTICAS DE INCLUS\u00c3O PARA PESSOAS COM TRANSTORNO DO ESPECTRO AUTISTA (TEA).","indexacao":"","observacao":"","resultado":"","texto_original":"http://sapl.marechalfloriano.es.leg.br/media/sapl/public/materialegislativa/2026/16065/601.pdf","data_ultima_atualizacao":"2026-04-23T14:51:46.329389-03:00","ip":"177.91.199.24","ultima_edicao":"2026-04-23T14:38:25.470901-03:00","tipo":3,"regime_tramitacao":1,"tipo_origem_externa":null,"local_origem_externa":null,"user":20,"anexadas":[],"autores":[206]}