{"id":9337,"__str__":"Projeto de Lei Ordin\u00e1ria n\u00ba 14 de 2022","link_detail_backend":"/materia/9337","metadata":{},"numero":14,"ano":2022,"numero_protocolo":null,"data_apresentacao":"2022-02-08","tipo_apresentacao":"E","data_publicacao":null,"numero_origem_externa":"","ano_origem_externa":null,"data_origem_externa":null,"apelido":"","dias_prazo":null,"data_fim_prazo":null,"em_tramitacao":false,"polemica":false,"objeto":"","complementar":false,"ementa":"INSTITUI NO CALEND\u00c1RIO OFICIAL DE DATAS E EVENTOS DO MUNIC\u00cdPIO DE MARECHAL FLORIANO/ES, O EVENTO ''FEIRA EMPRESARIAL DE MARECHAL FLORIANO'', E D\u00c1 OUTRAS DISPOSI\u00c7\u00d5ES.","indexacao":"","observacao":"","resultado":"","texto_original":"http://sapl.marechalfloriano.es.leg.br/media/sapl/public/materialegislativa/2022/9337/106.pdf","data_ultima_atualizacao":"2022-09-13T09:57:37.232829-03:00","ip":"177.91.212.207","ultima_edicao":"2022-09-13T09:57:37.072669-03:00","tipo":1,"regime_tramitacao":1,"tipo_origem_externa":null,"local_origem_externa":null,"user":20,"anexadas":[],"autores":[6]}