{"headers": {"id": "ID", "ano": "Ano", "numero": "N\u00famero", "tipo__sigla": "Tipo de Mat\u00e9ria Legislativa/Sigla", "tipo__descricao": "Tipo de Mat\u00e9ria Legislativa/Descri\u00e7\u00e3o", "autoria": "Autorias", "texto_original": "Texto Original", "ementa": "Ementa"}, "results": [{"id": "13691", "ano": "2012", "numero": "1", "tipo__sigla": "DL", "tipo__descricao": "Decreto Legislativo", "autoria": "Alo\u00edsio M\u00f3dolo de Almeida", "texto_original": "http://sapl.marechalfloriano.es.leg.br/media/sapl/public/materialegislativa/2012/13691/001-2012.pdf", "ementa": "''DECRETA PONTO FACULTATIVO ''."}, {"id": "13692", "ano": "2012", "numero": "2", "tipo__sigla": "DL", "tipo__descricao": "Decreto Legislativo", "autoria": "Alo\u00edsio M\u00f3dolo de Almeida", "texto_original": "http://sapl.marechalfloriano.es.leg.br/media/sapl/public/materialegislativa/2012/13692/002-2012.pdf", "ementa": "\u00b4\u00b4 DECRETA PONTO FACULTATIVO\u00b4\u00b4."}, {"id": "13693", "ano": "2012", "numero": "4", "tipo__sigla": "DL", "tipo__descricao": "Decreto Legislativo", "autoria": "Alo\u00edsio M\u00f3dolo de Almeida", "texto_original": "http://sapl.marechalfloriano.es.leg.br/media/sapl/public/materialegislativa/2012/13693/004-2012.pdf", "ementa": "\u00b4\u00b4 DECRETA PONTO FACULTATIVO\u00b4\u00b4."}, {"id": "13694", "ano": "2012", "numero": "5", "tipo__sigla": "DL", "tipo__descricao": "Decreto Legislativo", "autoria": "Alo\u00edsio M\u00f3dolo de Almeida", "texto_original": "http://sapl.marechalfloriano.es.leg.br/media/sapl/public/materialegislativa/2012/13694/005-2012.pdf", "ementa": "\u00b4\u00b4 DECRETA PONTO FACULTATIVO\u00b4\u00b4."}, {"id": "13695", "ano": "2012", "numero": "6", "tipo__sigla": "DL", "tipo__descricao": "Decreto Legislativo", "autoria": "", "texto_original": "http://sapl.marechalfloriano.es.leg.br/media/sapl/public/materialegislativa/2012/13695/006-2012.pdf", "ementa": "\u00b4\u00b4 DECRETA PONTO FACULTATIVO\u00b4\u00b4."}, {"id": "13696", "ano": "2012", "numero": "7", "tipo__sigla": "DL", "tipo__descricao": "Decreto Legislativo", "autoria": "Alo\u00edsio M\u00f3dolo de Almeida", "texto_original": "http://sapl.marechalfloriano.es.leg.br/media/sapl/public/materialegislativa/2012/13696/007-2012.pdf", "ementa": "\u00b4\u00b4 DECRETA PONTO FACULTATIVO\u00b4\u00b4."}, {"id": "13697", "ano": "2012", "numero": "8", "tipo__sigla": "DL", "tipo__descricao": "Decreto Legislativo", "autoria": "Alo\u00edsio M\u00f3dolo de Almeida", "texto_original": "http://sapl.marechalfloriano.es.leg.br/media/sapl/public/materialegislativa/2012/13697/008-2012.pdf", "ementa": "\u00b4\u00b4 DECRETA PONTO FACULTATIVO\u00b4\u00b4."}, {"id": "13698", "ano": "2012", "numero": "9", "tipo__sigla": "DL", "tipo__descricao": "Decreto Legislativo", "autoria": "Alo\u00edsio M\u00f3dolo de Almeida", "texto_original": "http://sapl.marechalfloriano.es.leg.br/media/sapl/public/materialegislativa/2012/13698/009-2012.pdf", "ementa": "\u00b4\u00b4 DECRETA HOR\u00c1RIO ESPECIAL\u00b4\u00b4."}, {"id": "13699", "ano": "2012", "numero": "10", "tipo__sigla": "DL", "tipo__descricao": "Decreto Legislativo", "autoria": "Alo\u00edsio M\u00f3dolo de Almeida", "texto_original": "http://sapl.marechalfloriano.es.leg.br/media/sapl/public/materialegislativa/2012/13699/010-2012.pdf", "ementa": "\u00b4\u00b4DECRETA PONTO FACULTATIVO\u00b4\u00b4."}, {"id": "13700", "ano": "2012", "numero": "11", "tipo__sigla": "DL", "tipo__descricao": "Decreto Legislativo", "autoria": "Alo\u00edsio M\u00f3dolo de Almeida", "texto_original": "http://sapl.marechalfloriano.es.leg.br/media/sapl/public/materialegislativa/2012/13700/011-2012.pdf", "ementa": "\u00b4\u00b4 DECRETA PONTO FACULTATIVO\u00b4\u00b4."}, {"id": "13701", "ano": "2012", "numero": "12", "tipo__sigla": "DL", "tipo__descricao": "Decreto Legislativo", "autoria": "Alo\u00edsio M\u00f3dolo de Almeida", "texto_original": "http://sapl.marechalfloriano.es.leg.br/media/sapl/public/materialegislativa/2012/13701/012-2012.pdf", "ementa": "\u00b4\u00b4 DECRETA PONTO FACULTATIVO\u00b4\u00b4."}, {"id": "13704", "ano": "2012", "numero": "13", "tipo__sigla": "DL", "tipo__descricao": "Decreto Legislativo", "autoria": "Alo\u00edsio M\u00f3dolo de Almeida", "texto_original": "http://sapl.marechalfloriano.es.leg.br/media/sapl/public/materialegislativa/2012/13704/013-2012.pdf", "ementa": "\u00b4\u00b4 DECRETA PONTO FACULTATIVO\u00b4\u00b4."}, {"id": "13706", "ano": "2012", "numero": "14", "tipo__sigla": "DL", "tipo__descricao": "Decreto Legislativo", "autoria": "Alo\u00edsio M\u00f3dolo de Almeida", "texto_original": "http://sapl.marechalfloriano.es.leg.br/media/sapl/public/materialegislativa/2012/13706/014-2012.pdf", "ementa": "\u00b4\u00b4 DECRETA PONTO FACULTATIVO\u00b4\u00b4."}, {"id": "1707", "ano": "2012", "numero": "1", "tipo__sigla": "IND", "tipo__descricao": "Indica\u00e7\u00e3o", "autoria": "Alo\u00edsio M\u00f3dolo de Almeida", "texto_original": "http://sapl.marechalfloriano.es.leg.br/media/./sapl/public/materialegislativa/2012/1707/1707_texto_integral.jpeg", "ementa": "CONSTRU\u00c7\u00c3O DE UMA QUADRA POLIESPORTIVA PARA ATENDER A ESCOLA JOS\u00c9 ALO\u00cdSIO SIMON, BEM COMO TODA A COMUNIDADE CONHECIDA COMO \"BETINHO SIMON\", NESTE MUNIC\u00cdPIO."}, {"id": "1706", "ano": "2012", "numero": "2", "tipo__sigla": "IND", "tipo__descricao": "Indica\u00e7\u00e3o", "autoria": "Alo\u00edsio M\u00f3dolo de Almeida", "texto_original": "http://sapl.marechalfloriano.es.leg.br/media/./sapl/public/materialegislativa/2012/1706/1706_texto_integral.jpeg", "ementa": "QUE O PERCURSO FINANCEIRO DEVOLVIDO PELA C\u00c2MARA MUNICIPAL REFERENTE O EXERC\u00cdCIO DE 2011, SEJA APLICADO NOS SERVI\u00c7OS DE MANUTEN\u00c7\u00c3O E LIMPEZA DO RIO JUCU BRA\u00c7O SUL E C\u00d3RREGOS DO MUNIC\u00cdPIO."}, {"id": "1705", "ano": "2012", "numero": "3", "tipo__sigla": "IND", "tipo__descricao": "Indica\u00e7\u00e3o", "autoria": "Alo\u00edsio M\u00f3dolo de Almeida", "texto_original": "http://sapl.marechalfloriano.es.leg.br/media/./sapl/public/materialegislativa/2012/1705/1705_texto_integral.jpeg", "ementa": "QUE O PODER EXECUTIVO MUNICIPAL ESTUDE A POSSIBILIDADE DE AUTORIZAR E CREDENCIAR O P\u00c1TIO DA SECRETARIA DE OBRAS, JUNTO AO DETRAN/ES, PARA QUE AS MOTOS E VE\u00cdCULOS APREENDIDOS EM MARECHAL FLORIANO FIQUEM RETIDOS NO \u00c2MBITO DO MUNIC\u00cdPIO POR PRAZO DE AT\u00c9 48 HORAS, CONSIDERANDO DIAS \u00daTEIS.\r\nA AUTORIZA\u00c7\u00c3O PARA ESTADIA DOS VE\u00cdCULOS APREENDIDOS APLICA-SE SOMENTE AOS CARROS E MOTOS APREENDIDOS POR PROBLEMAS DE DOCUMENTA\u00c7\u00c3O, OS DEMAIS CASOS SER\u00c3O ENCAMINHADOS CONFORME DETERMINA AS NORMAS EM VIGOR."}, {"id": "1703", "ano": "2012", "numero": "4", "tipo__sigla": "IND", "tipo__descricao": "Indica\u00e7\u00e3o", "autoria": "Alo\u00edsio M\u00f3dolo de Almeida", "texto_original": "http://sapl.marechalfloriano.es.leg.br/media/./sapl/public/materialegislativa/2012/1703/1703_texto_integral.jpeg", "ementa": "QUE O VEICULO QUE EST\u00c1 SENDO DEVOLVIDO PELA C\u00c2MARA MUNICIPAL AO PODER EXECUTIVO MUNICIPAL SEJA UTILIZADO NOS SERVI\u00c7OS PRESTADOS PELA EQUIPE DO \"P.S.F\" NO DISTRITO DE VICTOR HUGO."}, {"id": "1702", "ano": "2012", "numero": "5", "tipo__sigla": "IND", "tipo__descricao": "Indica\u00e7\u00e3o", "autoria": "Cabral", "texto_original": "http://sapl.marechalfloriano.es.leg.br/media/./sapl/public/materialegislativa/2012/1702/1702_texto_integral.jpeg", "ementa": "CORTE DE ARVORES NA RUA GUSTAVO HERTEL, INICIANDO NAS PROXIMIDADES DO SUPERMERCADO BEM VINDO E T\u00c9RMINO NAS PROXIMIDADES DO CAMPO DO APOLLO."}, {"id": "1700", "ano": "2012", "numero": "6", "tipo__sigla": "IND", "tipo__descricao": "Indica\u00e7\u00e3o", "autoria": "Paulo Lovatti Junior", "texto_original": "http://sapl.marechalfloriano.es.leg.br/media/./sapl/public/materialegislativa/2012/1700/1700_texto_integral.jpeg", "ementa": "ABERTURA DAS QUADRAS MUNICIPAIS NOS FINAIS DE SEMANA PARA A PR\u00c1TICA DE ESPORTE ENTE OS JOVENS DO MUNIC\u00cdPIO DE MARECHAL FLORIANO."}, {"id": "1698", "ano": "2012", "numero": "7", "tipo__sigla": "IND", "tipo__descricao": "Indica\u00e7\u00e3o", "autoria": "Abel  Bungenstab", "texto_original": "http://sapl.marechalfloriano.es.leg.br/media/./sapl/public/materialegislativa/2012/1698/1698_texto_integral.jpeg", "ementa": "QUE O PODER EXECUTIVO MUNICIPAL REALIZE OS SERVI\u00c7OS DE MANUTEN\u00c7\u00c3O E RECUPERA\u00c7\u00c3O DAS ESTRADA VICINAIS, APOS TEREM EXECUTADOS TODOS OS SERVI\u00c7OS NAS ESTRADAS PRINCIPAIS DE BOM JESUS E COSTA PEREIRA, UMA VEZ QUE AS MESMAS ENCONTRAM-SE EM P\u00c9SSIMAS CONDI\u00c7\u00d5ES DE TRAFEGABILIDADE, POIS DIVERSAS PONTES ENCONTRAM-SE DANIFICADAS, BEM COMO  GRANDE NUMERO DE BARREIRAS QUE CA\u00cdRAM, AL\u00c9M DE BURACOS E VALAS QUE SE FORMARAM."}, {"id": "1696", "ano": "2012", "numero": "9", "tipo__sigla": "IND", "tipo__descricao": "Indica\u00e7\u00e3o", "autoria": "Paulo Roberto Raasch", "texto_original": "http://sapl.marechalfloriano.es.leg.br/media/./sapl/public/materialegislativa/2012/1696/1696_texto_integral.jpeg", "ementa": "QUE O PODER EXECUTIVO PROVIDENCIE COM URG\u00caNCIA O CASCALHAMENTO E PATROLAMENTO DA ESTRADA PRINCIPAL QUE D\u00c1 ACESSO A COMUNIDADE FAZENDA PUPPIM."}, {"id": "1695", "ano": "2012", "numero": "10", "tipo__sigla": "IND", "tipo__descricao": "Indica\u00e7\u00e3o", "autoria": "Gabriela Stockl Ronchi", "texto_original": "http://sapl.marechalfloriano.es.leg.br/media/./sapl/public/materialegislativa/2012/1695/1695_texto_integral.jpeg", "ementa": "CRIA\u00c7\u00c3O DE UM CENTRO DE ATENDIMENTO AO TURISTA NO CENTRO DE AGRONEG\u00d3CIOS EM SANTA MARIA - COM INFORMA\u00c7\u00d5ES REGIONAIS SOBRE CIRCUITOS TUR\u00cdSTICOS, ATRA\u00c7\u00d5ES, EMPREENDIMENTOS, ARTESANATO DENTRE OUTROS."}, {"id": "1694", "ano": "2012", "numero": "11", "tipo__sigla": "IND", "tipo__descricao": "Indica\u00e7\u00e3o", "autoria": "Gabriela Stockl Ronchi", "texto_original": "http://sapl.marechalfloriano.es.leg.br/media/./sapl/public/materialegislativa/2012/1694/1694_texto_integral.jpeg", "ementa": "CRIA\u00c7\u00c3O DE UM DISTRITO INDUSTRIAL NO MUNIC\u00cdPIO DE MARECHAL FLORIANO."}, {"id": "1693", "ano": "2012", "numero": "12", "tipo__sigla": "IND", "tipo__descricao": "Indica\u00e7\u00e3o", "autoria": "Abel  Bungenstab", "texto_original": "http://sapl.marechalfloriano.es.leg.br/media/./sapl/public/materialegislativa/2012/1693/1693_texto_integral.jpeg", "ementa": "LIMPEZA GERAL DA GALERIA NO PERCURSO ENTRE A VILA DAS ORQU\u00cdDEAS AT\u00c9 O BATALH\u00c3O DO CORPO DE BOMBEIROS;\r\nINSTALA\u00c7\u00c3O DE PLACAS INDICATIVAS, EM TODO O PERCURSO ENTRE A SEDE E AS COMUNIDADES DE BOM JESUS E COSTA PEREIRA, INDICANDO O SENTINDO MARECHAL FLORIANO/BOM JESUS E VICE-VERSA, EM ESPECIAL NOS TRECHOS QUE EXISTEM ENCRUZILHADAS. "}, {"id": "1692", "ano": "2012", "numero": "13", "tipo__sigla": "IND", "tipo__descricao": "Indica\u00e7\u00e3o", "autoria": "Cabral", "texto_original": "http://sapl.marechalfloriano.es.leg.br/media/./sapl/public/materialegislativa/2012/1692/1692_texto_integral.jpeg", "ementa": "PAVIMENTA\u00c7\u00c3O ASF\u00c1LTICA PARA A COMUNIDADE DE VILA SCHUNCK, COM INICIO NO POSTO IPIRANGA E T\u00c9RMINO NA PONTE LOCALIZADA NO INICIO DA COMUNIDADE, BEM COMO PAVIMENTAR UM TRECHO DENTRO DA COMUNIDADE QUE AINDA N\u00c3O FOI PAVIMENTADO."}, {"id": "1691", "ano": "2012", "numero": "14", "tipo__sigla": "IND", "tipo__descricao": "Indica\u00e7\u00e3o", "autoria": "Gabriela Stockl Ronchi", "texto_original": "http://sapl.marechalfloriano.es.leg.br/media/./sapl/public/materialegislativa/2012/1691/1691_texto_integral.jpeg", "ementa": "MANUTEN\u00c7\u00c3O DO TRECHO ASFALTADO QUE D\u00c1 ACESSO A VILA PR\u00d3XIMA A RESIDENCIA DO SR. MIGUEL SOUZA EM SANTA MARIA, BEM COMO A REALIZA\u00c7\u00c3O DE UMA LIMPEZA NAS LATERAIS DO SISTEMA DE DRENAGEM PLUVIAL."}, {"id": "1690", "ano": "2012", "numero": "15", "tipo__sigla": "IND", "tipo__descricao": "Indica\u00e7\u00e3o", "autoria": "Gabriela Stockl Ronchi", "texto_original": "http://sapl.marechalfloriano.es.leg.br/media/./sapl/public/materialegislativa/2012/1690/1690_texto_integral.jpeg", "ementa": "INCLUS\u00c3O DO \"FIL\u00c9 DE TIL\u00c1PIA\" NA ALIMENTA\u00c7\u00c3O ESCOLAR DAS ESCOLAS MUNICIPAIS."}, {"id": "1689", "ano": "2012", "numero": "16", "tipo__sigla": "IND", "tipo__descricao": "Indica\u00e7\u00e3o", "autoria": "Paulo Roberto Raasch", "texto_original": "http://sapl.marechalfloriano.es.leg.br/media/./sapl/public/materialegislativa/2012/1689/1689_texto_integral.jpeg", "ementa": "INSTALA\u00c7\u00c3O DE DIVERSOS ABRIGOS DE PASSAGEIROS NA ESTRADA PRINCIPAL QUE INTERLIGA A SEDE \u00c0 COMUNIDADE DE RIO FUNDO."}, {"id": "1688", "ano": "2012", "numero": "17", "tipo__sigla": "IND", "tipo__descricao": "Indica\u00e7\u00e3o", "autoria": "Alcino Diniz", "texto_original": "http://sapl.marechalfloriano.es.leg.br/media/./sapl/public/materialegislativa/2012/1688/1688_texto_integral.jpeg", "ementa": "DISPONIBILIZA\u00c7\u00c3O DE APROXIMADAMENTE 20 MANILHAS DE \"80 CM\" VISANDO OS REPAROS A SEREM REALIZADOS EM UM BUEIRO ANEXO AO PONTILH\u00c3O PR\u00d3XIMO AS RESIDENCIAS DOS SENHORES PAULINHO KILL E ADEMAR PIRCA."}, {"id": "1687", "ano": "2012", "numero": "18", "tipo__sigla": "IND", "tipo__descricao": "Indica\u00e7\u00e3o", "autoria": "Paulo Lovatti Junior", "texto_original": "http://sapl.marechalfloriano.es.leg.br/media/./sapl/public/materialegislativa/2012/1687/1687_texto_integral.jpeg", "ementa": "DISTRIBUI\u00c7\u00c3O DE MUDAS NATIVAS PARA REFLORESTAMENTO DAS \u00c1REAS DEGRADADAS PELAS FORTES CHUVAS OCORRIDAS EM NOSSA REGI\u00c3O."}, {"id": "1686", "ano": "2012", "numero": "19", "tipo__sigla": "IND", "tipo__descricao": "Indica\u00e7\u00e3o", "autoria": "Alo\u00edsio M\u00f3dolo de Almeida", "texto_original": "http://sapl.marechalfloriano.es.leg.br/media/./sapl/public/materialegislativa/2012/1686/1686_texto_integral.jpeg", "ementa": "MELHORIAS NAS RUAS DA COMUNIDADE DE BETINHO SIMON, AL\u00c9M DA REALIZA\u00c7\u00c3O DE OBRAS DE PAISAGISMO NO TREVO DE PARAJ\u00da."}, {"id": "1685", "ano": "2012", "numero": "20", "tipo__sigla": "IND", "tipo__descricao": "Indica\u00e7\u00e3o", "autoria": "Alo\u00edsio M\u00f3dolo de Almeida", "texto_original": "http://sapl.marechalfloriano.es.leg.br/media/./sapl/public/materialegislativa/2012/1685/1685_texto_integral.jpeg", "ementa": "MELHORIAS NA QUADRA POLIESPORTIVA DA COMUNIDADE DE VICTOR HUGO."}, {"id": "1684", "ano": "2012", "numero": "21", "tipo__sigla": "IND", "tipo__descricao": "Indica\u00e7\u00e3o", "autoria": "Paulo Lovatti Junior", "texto_original": "http://sapl.marechalfloriano.es.leg.br/media/./sapl/public/materialegislativa/2012/1684/1684_texto_integral.jpeg", "ementa": "OFERTA DE CURSO DE ENSINO PROFISSIONALIZANTE PARA JOVENS E ADULTOS NOS PROGRAMAS DE ALFABETIZA\u00c7\u00c3O, ATRAV\u00c9S DE PARCERIAS COM \u00d3RG\u00c3OS DE \u00c1REA, A N\u00cdVEL MUNICIPAL."}, {"id": "1683", "ano": "2012", "numero": "22", "tipo__sigla": "IND", "tipo__descricao": "Indica\u00e7\u00e3o", "autoria": "Paulo Lovatti Junior", "texto_original": "http://sapl.marechalfloriano.es.leg.br/media/./sapl/public/materialegislativa/2012/1683/1683_texto_integral.jpeg", "ementa": "CONSTRU\u00c7\u00c3O DE BUEIROS NA ENTRADA QUE D\u00c1 ACESSO A COMUNIDADE DE BOM JESUS E RETIRADA DA TERRA DOS BARRANCOS QUE DESABARAM NA ENTRADA PRINCIPAL DESTA COMUNIDADE."}, {"id": "1682", "ano": "2012", "numero": "23", "tipo__sigla": "IND", "tipo__descricao": "Indica\u00e7\u00e3o", "autoria": "Paulo Lovatti Junior", "texto_original": "http://sapl.marechalfloriano.es.leg.br/media/./sapl/public/materialegislativa/2012/1682/1682_texto_integral.jpeg", "ementa": "PAVIMENTA\u00c7\u00c3O ASF\u00c1LTICA NA SUBIDA DA LOCALIDADE CONHECIDA COMO \"VILA NOVA\" AO LADO DA BR 262, ANEXO PR\u00d3XIMO A VILA DAS ORQU\u00cdDEAS."}, {"id": "1681", "ano": "2012", "numero": "24", "tipo__sigla": "IND", "tipo__descricao": "Indica\u00e7\u00e3o", "autoria": "Paulo Lovatti Junior", "texto_original": "http://sapl.marechalfloriano.es.leg.br/media/./sapl/public/materialegislativa/2012/1681/1681_texto_integral.jpeg", "ementa": "QUE O PODER EXECUTIVO INTERVENHA, JUNTO AO MINIST\u00c9RIO DA SA\u00daDE, OBJETIVANDO O CADASTRO DA POLICL\u00cdNICA NO \"UPA 24 HORAS\", UNIDADES DE PRONTO ATENDIMENTO."}, {"id": "1680", "ano": "2012", "numero": "25", "tipo__sigla": "IND", "tipo__descricao": "Indica\u00e7\u00e3o", "autoria": "Abel  Bungenstab", "texto_original": "http://sapl.marechalfloriano.es.leg.br/media/./sapl/public/materialegislativa/2012/1680/1680_texto_integral.jpeg", "ementa": "CONSTRU\u00c7\u00c3O DE RAMPAS E ESCADAS EM LOCAIS DE DIF\u00cdCIL ACESSO \u00c0S RESIDENCIAS, VISANDO BENEFICIAR OS MUN\u00cdCIPES QUE ENCONTRAM DIFICULDADES EM TRANSPORTAR SUAS MERCADORIAS, BEM COMO AUXILIAR OS IDOSOS NO TRAJETO AT\u00c9 SUAS CASAS."}, {"id": "1679", "ano": "2012", "numero": "26", "tipo__sigla": "IND", "tipo__descricao": "Indica\u00e7\u00e3o", "autoria": "Abel  Bungenstab", "texto_original": "http://sapl.marechalfloriano.es.leg.br/media/./sapl/public/materialegislativa/2012/1679/1679_texto_integral.jpeg", "ementa": "REVIS\u00c3O GERAL DAS CAL\u00c7ADAS DE NOSSO MUNIC\u00cdPIO, VISANDO DETECTAR POSS\u00cdVEIS IRREGULARIDADES."}, {"id": "1678", "ano": "2012", "numero": "27", "tipo__sigla": "IND", "tipo__descricao": "Indica\u00e7\u00e3o", "autoria": "Cabral", "texto_original": "http://sapl.marechalfloriano.es.leg.br/media/./sapl/public/materialegislativa/2012/1678/1678_texto_integral.jpeg", "ementa": "PAVIMENTA\u00c7\u00c3O ASF\u00c1LTICA NA RUA ANITA HAESE."}, {"id": "1677", "ano": "2012", "numero": "28", "tipo__sigla": "IND", "tipo__descricao": "Indica\u00e7\u00e3o", "autoria": "Cabral", "texto_original": "http://sapl.marechalfloriano.es.leg.br/media/./sapl/public/materialegislativa/2012/1677/1677_texto_integral.jpeg", "ementa": "REFORMA DAS CAL\u00c7ADAS E OUTRAS MELHORIAS NO CONJUNTO HABITACIONAL S\u00c9RGIO SEBASTI\u00c3O STEIN,NO BAIRRO SANTA RITA."}, {"id": "1676", "ano": "2012", "numero": "29", "tipo__sigla": "IND", "tipo__descricao": "Indica\u00e7\u00e3o", "autoria": "Gabriela Stockl Ronchi", "texto_original": "http://sapl.marechalfloriano.es.leg.br/media/./sapl/public/materialegislativa/2012/1676/1676_texto_integral.jpeg", "ementa": "COLOCA\u00c7\u00c3O DE CALHAS NO TELHADO DO PR\u00c9DIO DO CENTRO DE AGRONEG\u00d3CIOS."}, {"id": "1675", "ano": "2012", "numero": "30", "tipo__sigla": "IND", "tipo__descricao": "Indica\u00e7\u00e3o", "autoria": "Gabriela Stockl Ronchi", "texto_original": "http://sapl.marechalfloriano.es.leg.br/media/./sapl/public/materialegislativa/2012/1675/1675_texto_integral.jpeg", "ementa": "CONTINUA\u00c7\u00c3O DO SERVI\u00c7O DE PATROLAMENTO DA ESTRADA DE RIO FUNDO QUE DESEMBOCA NA REGI\u00c3O DO ALTO ARAGUAIA."}, {"id": "1674", "ano": "2012", "numero": "31", "tipo__sigla": "IND", "tipo__descricao": "Indica\u00e7\u00e3o", "autoria": "Paulo Roberto Raasch", "texto_original": "http://sapl.marechalfloriano.es.leg.br/media/./sapl/public/materialegislativa/2012/1674/1674_texto_integral.jpeg", "ementa": "PATROLAMENTO E CASCALHAMENTO NO MORRO DOS MARQUES, EM RIO FUNDO."}, {"id": "1673", "ano": "2012", "numero": "32", "tipo__sigla": "IND", "tipo__descricao": "Indica\u00e7\u00e3o", "autoria": "Alo\u00edsio M\u00f3dolo de Almeida", "texto_original": "http://sapl.marechalfloriano.es.leg.br/media/./sapl/public/materialegislativa/2012/1673/1673_texto_integral.jpeg", "ementa": "ESTUDO TOPOGR\u00c1FICO VISANDO AVALIAR A OBRA DE PAVIMENTA\u00c7\u00c3O DA RUA EDUARDO RHUPF, O NIVELAMENTO DA RUA, AP\u00d3S A PAVIMENTA\u00c7\u00c3O EST\u00c1 ACIMA DO N\u00cdVEL DAS GARAGENS E DEMAIS ENTRADAS DE ACESSO \u00c1S RESIDENCIAS."}, {"id": "1672", "ano": "2012", "numero": "33", "tipo__sigla": "IND", "tipo__descricao": "Indica\u00e7\u00e3o", "autoria": "Alo\u00edsio M\u00f3dolo de Almeida", "texto_original": "http://sapl.marechalfloriano.es.leg.br/media/./sapl/public/materialegislativa/2012/1672/1672_texto_integral.jpeg", "ementa": "MELHORIAS NA INFRAESTRUTURA DAS VIAS PUBLICAS DO BAIRRO BETINHO SIMON."}, {"id": "1671", "ano": "2012", "numero": "34", "tipo__sigla": "IND", "tipo__descricao": "Indica\u00e7\u00e3o", "autoria": "Alo\u00edsio M\u00f3dolo de Almeida", "texto_original": "http://sapl.marechalfloriano.es.leg.br/media/./sapl/public/materialegislativa/2012/1671/1671_texto_integral.jpeg", "ementa": "RECAPEAMENTO NA PAVIMENTA\u00c7\u00c3O ASF\u00c1LTICA DA RUA DELIMAR SCHUNCK."}, {"id": "1670", "ano": "2012", "numero": "35", "tipo__sigla": "IND", "tipo__descricao": "Indica\u00e7\u00e3o", "autoria": "Alcino Diniz", "texto_original": "http://sapl.marechalfloriano.es.leg.br/media/./sapl/public/materialegislativa/2012/1670/1670_texto_integral.jpeg", "ementa": "QUE O PODER EXECUTIVO ENCAMINHE RETRO ESCAVADEIRA, PATROL E DUAS CA\u00c7AMBAS, VISANDO O PREPARO DE TERRAPLANAGEM PARA POSTERIOR CAL\u00c7AMENTO DO P\u00c1TIO DA IGREJA AUXILIADORA DE SO\u00cdDO DE BAIXO."}, {"id": "1669", "ano": "2012", "numero": "36", "tipo__sigla": "IND", "tipo__descricao": "Indica\u00e7\u00e3o", "autoria": "Abel  Bungenstab", "texto_original": "http://sapl.marechalfloriano.es.leg.br/media/./sapl/public/materialegislativa/2012/1669/1669_texto_integral.jpeg", "ementa": "CONSTRU\u00c7\u00c3O DE UMA COBERTURA NO P\u00c1TIO DA ESCOLA DE BOM JESUS, BEM COMO A REALIZA\u00c7\u00c3O DE UMA REVIS\u00c3O NA PINTURA DESTA ESCOLA."}, {"id": "1668", "ano": "2012", "numero": "37", "tipo__sigla": "IND", "tipo__descricao": "Indica\u00e7\u00e3o", "autoria": "Cabral", "texto_original": "http://sapl.marechalfloriano.es.leg.br/media/./sapl/public/materialegislativa/2012/1668/1668_texto_integral.jpeg", "ementa": "LIMPEZA DOS C\u00d3RREGOS: BATATAL, INICIANDO NO BAIRRO SANTA RITA E DO C\u00d3RREGO QUE SE INICIA PR\u00d3XIMO A GLOBOAVES."}, {"id": "1667", "ano": "2012", "numero": "38", "tipo__sigla": "IND", "tipo__descricao": "Indica\u00e7\u00e3o", "autoria": "Cabral", "texto_original": "http://sapl.marechalfloriano.es.leg.br/media/./sapl/public/materialegislativa/2012/1667/1667_texto_integral.jpeg", "ementa": "PAVIMENTA\u00c7\u00c3O ASF\u00c1LTICA OU CAL\u00c7AMENTO DA RUA FLORIANO KIEFER E ADJAC\u00caNCIAS, LOCALIZADAS NO MORRO DA MACEFEL."}, {"id": "1666", "ano": "2012", "numero": "39", "tipo__sigla": "IND", "tipo__descricao": "Indica\u00e7\u00e3o", "autoria": "Paulo Lovatti Junior", "texto_original": "http://sapl.marechalfloriano.es.leg.br/media/./sapl/public/materialegislativa/2012/1666/1666_texto_integral.jpeg", "ementa": "MUDAN\u00c7A NO TRANSITO DA CIDADE DE MARECHAL FLORIANO, RUA VICTOR TRAV\u00c1GLIA E RUA MANOEL KILL."}, {"id": "1665", "ano": "2012", "numero": "40", "tipo__sigla": "IND", "tipo__descricao": "Indica\u00e7\u00e3o", "autoria": "Gabriela Stockl Ronchi", "texto_original": "http://sapl.marechalfloriano.es.leg.br/media/./sapl/public/materialegislativa/2012/1665/1665_texto_integral.jpeg", "ementa": "CAL\u00c7AMENTO DAS RUAS DA VILA DE ARAGUAIA."}, {"id": "1664", "ano": "2012", "numero": "41", "tipo__sigla": "IND", "tipo__descricao": "Indica\u00e7\u00e3o", "autoria": "Gabriela Stockl Ronchi", "texto_original": "http://sapl.marechalfloriano.es.leg.br/media/./sapl/public/materialegislativa/2012/1664/1664_texto_integral.jpeg", "ementa": "OPERA\u00c7\u00c3O TAPA-BURACO, LIMPEZA E ILUMINA\u00c7\u00c3O NA VIA QUE D\u00c1 ACESSO A COMUNIDADE MIGUEL SOUZA EM SANTA MARIA."}, {"id": "1663", "ano": "2012", "numero": "42", "tipo__sigla": "IND", "tipo__descricao": "Indica\u00e7\u00e3o", "autoria": "Gabriela Stockl Ronchi", "texto_original": "http://sapl.marechalfloriano.es.leg.br/media/./sapl/public/materialegislativa/2012/1663/1663_texto_integral.jpeg", "ementa": "MELHORIAS NA ILUMINA\u00c7\u00c3O P\u00daBLICA DO TREVO DE SANTA MARIA AT\u00c9 O CENTRO DE AGRONEG\u00d3CIOS, BEM COMO A REALIZA\u00c7\u00c3O DE UM PROJETO PAISAG\u00cdSTICO EM TODO O PERCURSO DA RODOVIA FRANCISCO STOCKL."}, {"id": "1662", "ano": "2012", "numero": "43", "tipo__sigla": "IND", "tipo__descricao": "Indica\u00e7\u00e3o", "autoria": "Paulo Lovatti Junior", "texto_original": "http://sapl.marechalfloriano.es.leg.br/media/./sapl/public/materialegislativa/2012/1662/1662_texto_integral.jpeg", "ementa": "AMPLIAR O ATENDIMENTO PEDI\u00c1TRICO NA POLICL\u00cdNICA, AP\u00d3S INAUGURA\u00c7\u00c3O."}, {"id": "1661", "ano": "2012", "numero": "44", "tipo__sigla": "IND", "tipo__descricao": "Indica\u00e7\u00e3o", "autoria": "Paulo Lovatti Junior", "texto_original": "http://sapl.marechalfloriano.es.leg.br/media/./sapl/public/materialegislativa/2012/1661/1661_texto_integral.jpeg", "ementa": "AMPLIAR O ATENDIMENTO COM MEDICO CARDIOLOGISTA NO DISTRITO DE SANTA MARIA."}, {"id": "1660", "ano": "2012", "numero": "45", "tipo__sigla": "IND", "tipo__descricao": "Indica\u00e7\u00e3o", "autoria": "Cabral", "texto_original": "http://sapl.marechalfloriano.es.leg.br/media/./sapl/public/materialegislativa/2012/1660/1660_texto_integral.jpeg", "ementa": "INSTALA\u00c7\u00c3O DE DOIS QUEBRA MOLAS NA AVENIDA WALDEMAR MEES, SENDO UM EM FRENTE \u00c0 BARBEARIA DO SR. JOSE DO CARMO E OUTRO EM FRENTE AO ANTIGO DPM."}, {"id": "1659", "ano": "2012", "numero": "46", "tipo__sigla": "IND", "tipo__descricao": "Indica\u00e7\u00e3o", "autoria": "Alo\u00edsio M\u00f3dolo de Almeida", "texto_original": "http://sapl.marechalfloriano.es.leg.br/media/./sapl/public/materialegislativa/2012/1659/1659_texto_integral.jpeg", "ementa": "PAVIMENTA\u00c7\u00c3O ASF\u00c1LTICA EM UMA LADEIRA LOCALIZADA NA CHEGADA DA COMUNIDADE DE VILA SCHUNCK."}, {"id": "1658", "ano": "2012", "numero": "47", "tipo__sigla": "IND", "tipo__descricao": "Indica\u00e7\u00e3o", "autoria": "Gabriela Stockl Ronchi", "texto_original": "http://sapl.marechalfloriano.es.leg.br/media/./sapl/public/materialegislativa/2012/1658/1658_texto_integral.jpeg", "ementa": "CAL\u00c7AMENTO DA PRA\u00c7A ANEXA NA \u00c1REA INFERIOR DA IGREJA DE S\u00c3O JOS\u00c9 NA COMUNIDADE DE SANTA MARIA."}, {"id": "1657", "ano": "2012", "numero": "48", "tipo__sigla": "IND", "tipo__descricao": "Indica\u00e7\u00e3o", "autoria": "Gabriela Stockl Ronchi", "texto_original": "http://sapl.marechalfloriano.es.leg.br/media/./sapl/public/materialegislativa/2012/1657/1657_texto_integral.jpeg", "ementa": "IMPLANTA\u00c7\u00c3O DE ILUMINA\u00c7\u00c3O P\u00daBLICA NA SUBIDA DO CEMIT\u00c9RIO DE ARAGUAIA."}, {"id": "1656", "ano": "2012", "numero": "49", "tipo__sigla": "IND", "tipo__descricao": "Indica\u00e7\u00e3o", "autoria": "Alo\u00edsio M\u00f3dolo de Almeida", "texto_original": "http://sapl.marechalfloriano.es.leg.br/media/./sapl/public/materialegislativa/2012/1656/1656_texto_integral.pdf", "ementa": "EFETIVA\u00c7\u00c3O E O CONSEQUENTE ENQUADRAMENTO DOS(AS) AGENTES COMUNIT\u00c1RIOS(AS) DE SA\u00daDE E AGENTES DE COMBATE \u00c0S ENDEMIAS, NOS TERMOS DA LEI MUNICIPAL N\u00ba.799/2008, QUE OBSERVOU AS EXIG\u00caNCIAS DO ART.198 DA CONSTITUI\u00c7\u00c3O FEDERAL, ESPECIALMENTE SEUS PAR\u00c1GRAFOS 4\u00b0, 5\u00b0 E 6\u00b0, CUJAS LEGISLA\u00c7\u00d5ES CITADAS SEGUEM EM ANEXO."}, {"id": "1655", "ano": "2012", "numero": "50", "tipo__sigla": "IND", "tipo__descricao": "Indica\u00e7\u00e3o", "autoria": "Alo\u00edsio M\u00f3dolo de Almeida", "texto_original": "http://sapl.marechalfloriano.es.leg.br/media/./sapl/public/materialegislativa/2012/1655/1655_texto_integral.pdf", "ementa": "OFERECER ADICIONA DE INSALUBRIDADE AOS PROFESSORES DA REDE MUNICIPAL DE ENSINO."}, {"id": "1654", "ano": "2012", "numero": "51", "tipo__sigla": "IND", "tipo__descricao": "Indica\u00e7\u00e3o", "autoria": "Abel  Bungenstab", "texto_original": "http://sapl.marechalfloriano.es.leg.br/media/./sapl/public/materialegislativa/2012/1654/1654_texto_integral.pdf", "ementa": "SERVI\u00c7OS DE CAPINA, LIMPEZA, RO\u00c7AGEM, PATROLAMENTO E CASCALHAMENTO EM TODA A EXTENS\u00c3O DA ESTRADA PRINCIPAL DE ACESSO A BOM JESUS."}, {"id": "1653", "ano": "2012", "numero": "52", "tipo__sigla": "IND", "tipo__descricao": "Indica\u00e7\u00e3o", "autoria": "Gabriela Stockl Ronchi", "texto_original": "http://sapl.marechalfloriano.es.leg.br/media/./sapl/public/materialegislativa/2012/1653/1653_texto_integral.jpeg", "ementa": "CONSTRU\u00c7\u00c3O DE BUEIROS DA ESTRADA PR\u00d3XIMO \u00c0 PROPRIEDADE DO BELO MOGNOL, EM SANTA MARIA."}, {"id": "1652", "ano": "2012", "numero": "53", "tipo__sigla": "IND", "tipo__descricao": "Indica\u00e7\u00e3o", "autoria": "Gabriela Stockl Ronchi", "texto_original": "http://sapl.marechalfloriano.es.leg.br/media/./sapl/public/materialegislativa/2012/1652/1652_texto_integral.jpeg", "ementa": "CONSTRU\u00c7\u00c3O DE ABRIGOS DE \u00d4NIBUS AO LONGO DA RODOVA FRANCISCO STOCKL, EM SANTA MARIA."}, {"id": "1651", "ano": "2012", "numero": "54", "tipo__sigla": "IND", "tipo__descricao": "Indica\u00e7\u00e3o", "autoria": "Gabriela Stockl Ronchi", "texto_original": "http://sapl.marechalfloriano.es.leg.br/media/./sapl/public/materialegislativa/2012/1651/1651_texto_integral.jpeg", "ementa": "SERVI\u00c7OS DE PATROLAMENTO E CASCALHAMENTO DA ESTRADA DO CEDRO E RIO DAS PEDRAS, EM ARAGUAIA."}, {"id": "1650", "ano": "2012", "numero": "55", "tipo__sigla": "IND", "tipo__descricao": "Indica\u00e7\u00e3o", "autoria": "Abel  Bungenstab", "texto_original": "http://sapl.marechalfloriano.es.leg.br/media/./sapl/public/materialegislativa/2012/1650/1650_texto_integral.jpeg", "ementa": "QUE O PODER EXECUTIVO MUNICIPAL PROVIDENCIE MELHORIAS NAS CASINHAS COLETORAS DE LIXO ESPALHADAS PELAS ESTRADAS DE NOSSO MUNIC\u00cdPIO, INSERINDO INFORMA\u00c7\u00d5ES QUE SOMENTE DEVEM SER DEPOSITADOS LIXOS RECICL\u00c1VEIS, SENDO PROIBIDO DEPOSITAR LIXO ORG\u00c2NICO."}, {"id": "1649", "ano": "2012", "numero": "56", "tipo__sigla": "IND", "tipo__descricao": "Indica\u00e7\u00e3o", "autoria": "Cabral", "texto_original": "http://sapl.marechalfloriano.es.leg.br/media/./sapl/public/materialegislativa/2012/1649/1649_texto_integral.jpeg", "ementa": "INSTALA\u00c7\u00c3O DE ILUMINA\u00c7\u00c3O P\u00daBLICA PARA O BAIRRO NOSSA SENHORA DA PENHA, LOCALIZADO PR\u00d3XIMO \u00c0 \u00c1REA DE LAZER DO SENHOR JO\u00c3O STEIN, TENDO INICIO NA F\u00c1BRICA DE RA\u00c7\u00c3O DO SENHOR DAMI\u00c3O KLEIN, NA RUA GUSTAVO HERTEL."}, {"id": "1648", "ano": "2012", "numero": "57", "tipo__sigla": "IND", "tipo__descricao": "Indica\u00e7\u00e3o", "autoria": "Cabral", "texto_original": "http://sapl.marechalfloriano.es.leg.br/media/./sapl/public/materialegislativa/2012/1648/1648_texto_integral.jpeg", "ementa": "RECAPEAMENTO NA PAVIMENTA\u00c7\u00c3O ASF\u00c1LTICA E LIMPEZA GERAL DA RUA DELIMAR SCHUNCK."}, {"id": "1647", "ano": "2012", "numero": "58", "tipo__sigla": "IND", "tipo__descricao": "Indica\u00e7\u00e3o", "autoria": "Cabral", "texto_original": "http://sapl.marechalfloriano.es.leg.br/media/./sapl/public/materialegislativa/2012/1647/1647_texto_integral.jpeg", "ementa": "COLOCAR \u00c0 DISPOSI\u00c7\u00c3O DA COMUNIDADE DE VILA SCHUNCK MAIS UM OPERADOR DE RETA."}, {"id": "1646", "ano": "2012", "numero": "59", "tipo__sigla": "IND", "tipo__descricao": "Indica\u00e7\u00e3o", "autoria": "Alo\u00edsio M\u00f3dolo de Almeida", "texto_original": "http://sapl.marechalfloriano.es.leg.br/media/./sapl/public/materialegislativa/2012/1646/1646_texto_integral.jpeg", "ementa": "PAVIMENTA\u00c7\u00c3O ASF\u00c1LTICA PARA A RUA FLORIANO KIEFER E ADJAC\u00caNCIA, LOCALIZADAS NO MORRO DA MACEFEL."}, {"id": "1645", "ano": "2012", "numero": "60", "tipo__sigla": "IND", "tipo__descricao": "Indica\u00e7\u00e3o", "autoria": "Alo\u00edsio M\u00f3dolo de Almeida", "texto_original": "http://sapl.marechalfloriano.es.leg.br/media/./sapl/public/materialegislativa/2012/1645/1645_texto_integral.jpeg", "ementa": "QUE O PODER EXECUTIVO MUNICIPAL REALIZE ESTUDOS VISANDO AMENIZAR AS ENCHENTES OCORRIDAS EM BARRA DO RIO FUNDO, EM ESPECIAL, NO TRECHO PR\u00d3XIMO AO SITIO DA VOV\u00d3, POR SE TRATAR DE UM LOCAL TUR\u00cdSTICO, ONDE EST\u00c1 SENDO CONSTRU\u00cdDO O ZOOL\u00d3GICO E RECEBER\u00c1 DIARIAMENTE CENTENAS DE VISITANTES."}, {"id": "1644", "ano": "2012", "numero": "61", "tipo__sigla": "IND", "tipo__descricao": "Indica\u00e7\u00e3o", "autoria": "Alo\u00edsio M\u00f3dolo de Almeida", "texto_original": "http://sapl.marechalfloriano.es.leg.br/media/./sapl/public/materialegislativa/2012/1644/1644_texto_integral.jpeg", "ementa": "PATROLAMENTO E CASCALHAMENTO DE UMA DESCIDA QUE D\u00c1 ACESSO A DIVERSAS PROPRIEDADES, EM PARALELO A PROPRIEDADE DO SENHOR MERINHO KIEFER, APROXIMADAMENTE 100 (CEM) METROS ANTES DA PROPRIEDADE DO SENHOR ANTONIO BROSEGUINE."}, {"id": "1643", "ano": "2012", "numero": "62", "tipo__sigla": "IND", "tipo__descricao": "Indica\u00e7\u00e3o", "autoria": "Juarez Xavier", "texto_original": "http://sapl.marechalfloriano.es.leg.br/media/./sapl/public/materialegislativa/2012/1643/1643_texto_integral.jpeg", "ementa": "INSTALA\u00c7\u00c3O DE UMA COBERTURA PARA EMBARQUE E DESEMBARQUE DE PASSAGEIROS NOS PONTOS DE T\u00c1XIS LOCALIZADOS PR\u00d3XIMO A RODOVI\u00c1RIA DO MUNIC\u00cdPIO."}, {"id": "1642", "ano": "2012", "numero": "63", "tipo__sigla": "IND", "tipo__descricao": "Indica\u00e7\u00e3o", "autoria": "Juarez Xavier", "texto_original": "http://sapl.marechalfloriano.es.leg.br/media/./sapl/public/materialegislativa/2012/1642/1642_texto_integral.jpeg", "ementa": "ESTENDER A REDE DE \u00c1GUA TRATADA PARA AT\u00c9 A COMUNIDADE DE C\u00d3RREGO DO OURO."}, {"id": "1641", "ano": "2012", "numero": "64", "tipo__sigla": "IND", "tipo__descricao": "Indica\u00e7\u00e3o", "autoria": "Juarez Xavier", "texto_original": "http://sapl.marechalfloriano.es.leg.br/media/./sapl/public/materialegislativa/2012/1641/1641_texto_integral.jpeg", "ementa": "DISPONIBILIZAR OU CONTRATAR UM SERVIDOR BRA\u00c7AL PARA TRABALHAR NA VILA DE BOM JESUS."}, {"id": "1640", "ano": "2012", "numero": "65", "tipo__sigla": "IND", "tipo__descricao": "Indica\u00e7\u00e3o", "autoria": "Cabral", "texto_original": "http://sapl.marechalfloriano.es.leg.br/media/./sapl/public/materialegislativa/2012/1640/1640_texto_integral.jpeg", "ementa": "QUE O PODER EXECUTIVO PROVIDENCIE A TROCA DA AREIA DA \u00c1REA DE LAZER ANEXA AO POST DE SA\u00daDE DO BAIRRO SANTA RITA."}, {"id": "1639", "ano": "2012", "numero": "66", "tipo__sigla": "IND", "tipo__descricao": "Indica\u00e7\u00e3o", "autoria": "Paulo Roberto Raasch", "texto_original": "http://sapl.marechalfloriano.es.leg.br/media/./sapl/public/materialegislativa/2012/1639/1639_texto_integral.jpeg", "ementa": "CASCALHAMENTO NO MORRO DOS VELTEN, TENDO INICIO DEPOIS DO SHOW HAUS, COM DESTINO \u00c0 FAZENDA PUPPIM, EM RIO FUNDO."}, {"id": "1638", "ano": "2012", "numero": "67", "tipo__sigla": "IND", "tipo__descricao": "Indica\u00e7\u00e3o", "autoria": "Paulo Roberto Raasch", "texto_original": "http://sapl.marechalfloriano.es.leg.br/media/./sapl/public/materialegislativa/2012/1638/1638_texto_integral.jpeg", "ementa": "RO\u00c7AGEM NA ESTRADA LOCALIZADA ENTRE A LINHA F\u00c9RREA, SAINDO DA ESTRADA PRINCIPAL DE RIO FUNDO COM DESTINO \u00c0 FAZENDA PUPPIM."}, {"id": "1637", "ano": "2012", "numero": "68", "tipo__sigla": "IND", "tipo__descricao": "Indica\u00e7\u00e3o", "autoria": "Paulo Roberto Raasch, Paulo Lovatti Junior", "texto_original": "http://sapl.marechalfloriano.es.leg.br/media/./sapl/public/materialegislativa/2012/1637/1637_texto_integral.jpeg", "ementa": "SERVI\u00c7O DE PATROLAMENTO NA ESTRADA DO CARACOL, DENOMINADA DE PEDRO SCHUNCK,PASSANDO PELO ORQUID\u00c1RIO FLORABELA, COM DESTINO AO S\u00cdTIO DO SENHOR ITAMAR SCHUNCK, NESTA MUNICIPALIDADE."}, {"id": "1636", "ano": "2012", "numero": "69", "tipo__sigla": "IND", "tipo__descricao": "Indica\u00e7\u00e3o", "autoria": "Paulo Lovatti Junior", "texto_original": "http://sapl.marechalfloriano.es.leg.br/media/./sapl/public/materialegislativa/2012/1636/1636_texto_integral.jpeg", "ementa": "SERVI\u00c7OS DE CAPINA, LIMPEZA E RO\u00c7AGEM NO FINAL DA RUA THIERES VELOSO."}, {"id": "1635", "ano": "2012", "numero": "70", "tipo__sigla": "IND", "tipo__descricao": "Indica\u00e7\u00e3o", "autoria": "Paulo Lovatti Junior", "texto_original": "http://sapl.marechalfloriano.es.leg.br/media/./sapl/public/materialegislativa/2012/1635/1635_texto_integral.jpeg", "ementa": "CONCESS\u00c3O DE UNIFORMES E EQUIPAMENTOS DE PROTE\u00c7\u00c3O INDIVIDUAL (EPI) PARA OS GARIS, BEM COMO AOS DEMAIS SERVIDORES BRA\u00c7AIS."}, {"id": "1634", "ano": "2012", "numero": "71", "tipo__sigla": "IND", "tipo__descricao": "Indica\u00e7\u00e3o", "autoria": "S\u00e9rgio Stein", "texto_original": "http://sapl.marechalfloriano.es.leg.br/media/./sapl/public/materialegislativa/2012/1634/1634_texto_integral.jpeg", "ementa": "CAL\u00c7AMENTO PARA A PRA\u00c7A DE SANTA MARIA, SITUADA ABAIXO DA IGREJA CAT\u00d3LICA DE S\u00c3O JOS\u00c9, ENGLOBANDO O P\u00c1TIO EM FRENTE A ESCOLA NICOLAU KROHLING E AS PROXIMIDADES DO COM\u00c9RCIO LOCAL."}, {"id": "1633", "ano": "2012", "numero": "72", "tipo__sigla": "IND", "tipo__descricao": "Indica\u00e7\u00e3o", "autoria": "S\u00e9rgio Stein", "texto_original": "http://sapl.marechalfloriano.es.leg.br/media/./sapl/public/materialegislativa/2012/1633/1633_texto_integral.jpeg", "ementa": "IMPLANTA\u00c7\u00c3O DE TR\u00caS LOMBADAS PR\u00d3XIMAS A ENTRONCAMENTO DA RODOVIA FRANCISCO STOCKL (ES-146), COM A RODOVIA RODOOFO KROHLING, SENDO UMA NO INICIO DA RODOVIA RODOLFO KROHLING, OUTRA PR\u00d3XIMA A RESID\u00caNCIA DO SR. ARMINDO BUSATO E OUTRA PR\u00d3XIMA A RESID\u00caNCIA DO SR. LAURO BUSATO, EM SANTA MARIA,TODAS ESTAS VIAS D\u00c3 ACESSO A CACHOEIRA DO ZECA, LOCAL DE GRANDE FLUXO DE VE\u00cdCULOS E MOTOCICLETAS PRINCIPALMENTE NOS FINAIS DE  SEMANA."}, {"id": "1632", "ano": "2012", "numero": "73", "tipo__sigla": "IND", "tipo__descricao": "Indica\u00e7\u00e3o", "autoria": "Paulo Lovatti Junior", "texto_original": "http://sapl.marechalfloriano.es.leg.br/media/./sapl/public/materialegislativa/2012/1632/1632_texto_integral.jpeg", "ementa": "CRIA\u00c7\u00c3O DE UM ACESSO ANTES DA ESCOLA MAURO JOS\u00c9 CHRISTO, VISANDO FACILITAR O ACESSO DO CARRO CORPO DE BOMBEIROS A BR 262."}, {"id": "1631", "ano": "2012", "numero": "74", "tipo__sigla": "IND", "tipo__descricao": "Indica\u00e7\u00e3o", "autoria": "Alo\u00edsio M\u00f3dolo de Almeida", "texto_original": "http://sapl.marechalfloriano.es.leg.br/media/./sapl/public/materialegislativa/2012/1631/1631_texto_integral.jpeg", "ementa": "URG\u00caNCIA NA ABERTURA E ASFALTAMENTO DA ESTRADA QUE D\u00c1 ACESSO A COMUNIDADE DE VILA SCHUNCK, BEM COMO A IMPLANTA\u00c7\u00c3O DE UM TELEFONE P\u00daBLICO - ORELH\u00c3O PARA ESTA COMUNIDADE."}, {"id": "1630", "ano": "2012", "numero": "75", "tipo__sigla": "IND", "tipo__descricao": "Indica\u00e7\u00e3o", "autoria": "Gabriela Stockl Ronchi", "texto_original": "http://sapl.marechalfloriano.es.leg.br/media/./sapl/public/materialegislativa/2012/1630/1630_texto_integral.jpeg", "ementa": "CONSTRU\u00c7\u00c3O DE NOVA UNIDADE DE SA\u00daDE EM ARAGUAIA."}, {"id": "1629", "ano": "2012", "numero": "76", "tipo__sigla": "IND", "tipo__descricao": "Indica\u00e7\u00e3o", "autoria": "Gabriela Stockl Ronchi", "texto_original": "http://sapl.marechalfloriano.es.leg.br/media/./sapl/public/materialegislativa/2012/1629/1629_texto_integral.jpeg", "ementa": "TROCA DO PISO DOS DOIS PAVIMENTOS DA ESCOLA MUNICIPAL DE ENSINO FUNDAMENTAL DE ARAGUAIA."}, {"id": "1628", "ano": "2012", "numero": "77", "tipo__sigla": "IND", "tipo__descricao": "Indica\u00e7\u00e3o", "autoria": "Abel  Bungenstab", "texto_original": "http://sapl.marechalfloriano.es.leg.br/media/./sapl/public/materialegislativa/2012/1628/1628_texto_integral.jpeg", "ementa": "INTERVEN\u00c7\u00c3O URGENTE COM PATROL, RETROESCAVADEIRA E CA\u00c7AMBA NO TRECHO DE ESTRADA QUE TEM IN\u00cdCIO PR\u00d3XIMO \u00c0 PROPRIEDADE DO SENHOR ANTONIO BROSEGUINI E T\u00c9RMINO NA LINHA F\u00c9RREA, PASSANDO PR\u00d3XIMO AS PROPRIEDADES DOS SENHORES MAZINHO KIEFER, MERINHO KIEFER, DARCY BUSATO E DEMAIS PRODUTORES."}, {"id": "1627", "ano": "2012", "numero": "78", "tipo__sigla": "IND", "tipo__descricao": "Indica\u00e7\u00e3o", "autoria": "Paulo Roberto Raasch", "texto_original": "http://sapl.marechalfloriano.es.leg.br/media/./sapl/public/materialegislativa/2012/1627/1627_texto_integral.jpeg", "ementa": "SERVI\u00c7OS DE PATROLAMENTO E CASCALHAMENTO NA ESTRADA DE RIO FUNDO, TENDO IN\u00cdCIO NAS IMEDIA\u00c7\u00d5ES DA PROPRIEDADE DO SENHOR JOS\u00c9 MARIA VASCONCELOS E T\u00c9RMINO NA LINHA F\u00c9RREA, EM BARRA DO RIO FUNDO."}, {"id": "1626", "ano": "2012", "numero": "79", "tipo__sigla": "IND", "tipo__descricao": "Indica\u00e7\u00e3o", "autoria": "Abel  Bungenstab", "texto_original": "http://sapl.marechalfloriano.es.leg.br/media/./sapl/public/materialegislativa/2012/1626/1626_texto_integral.jpeg", "ementa": "RECAPEAMENTO NA RUA ANTENOR SANTOS BRAGA, EM ESPECIAL, EM TODA A EXTENS\u00c3O QUE ATUALMENTE \u00c9 CAL\u00c7ADA COM PARALELEP\u00cdPEDO."}, {"id": "1625", "ano": "2012", "numero": "80", "tipo__sigla": "IND", "tipo__descricao": "Indica\u00e7\u00e3o", "autoria": "Abel  Bungenstab", "texto_original": "http://sapl.marechalfloriano.es.leg.br/media/./sapl/public/materialegislativa/2012/1625/1625_texto_integral.jpeg", "ementa": "RETIRADA DO ENTULHO QUE ENCONTRA-SE DEPOSITADO EM FRENTE \u00c0 PROPRIEDADE DO SENHOR SEBASTI\u00c3O ASSIS, LOCALIZADA AP\u00d3S A GLOBOAVES E VALE DA TRANQUILIDADE."}, {"id": "1624", "ano": "2012", "numero": "81", "tipo__sigla": "IND", "tipo__descricao": "Indica\u00e7\u00e3o", "autoria": "Abel  Bungenstab", "texto_original": "http://sapl.marechalfloriano.es.leg.br/media/./sapl/public/materialegislativa/2012/1624/1624_texto_integral.jpeg", "ementa": "CONSTRU\u00c7\u00c3O DE 03 (TR\u00caS) BUEIROS NA ESTRADA PRINCIPAL QUE LIGA A SEDE DO MUNIC\u00cdPIO AT\u00c9 BOM JESUS."}, {"id": "1623", "ano": "2012", "numero": "82", "tipo__sigla": "IND", "tipo__descricao": "Indica\u00e7\u00e3o", "autoria": "Cabral", "texto_original": "http://sapl.marechalfloriano.es.leg.br/media/./sapl/public/materialegislativa/2012/1623/1623_texto_integral.jpeg", "ementa": "INTERVEN\u00c7\u00c3O URGENTE NA RUA DELIMAR SCHUNCK, REFERENTE AOS ALICERCES QUE SUSTENTAM UMA PASSARELA EM PARALELO A LINHA F\u00c9RREA."}, {"id": "1622", "ano": "2012", "numero": "83", "tipo__sigla": "IND", "tipo__descricao": "Indica\u00e7\u00e3o", "autoria": "Paulo Lovatti Junior", "texto_original": "http://sapl.marechalfloriano.es.leg.br/media/./sapl/public/materialegislativa/2012/1622/1622_texto_integral.jpeg", "ementa": "URG\u00caNCIA NA ABERTURA E ASFALTAMENTO DA ESTRADA QUE D\u00c1 ACESSO A COMUNIDADE DE VILA SCHUNCK, BEM COMO A IMPLANTA\u00c7\u00c3O DE UM TELEFONE P\u00daBLICO - ORELH\u00c3O PARA ESTA COMUNIDADE."}, {"id": "1621", "ano": "2012", "numero": "84", "tipo__sigla": "IND", "tipo__descricao": "Indica\u00e7\u00e3o", "autoria": "S\u00e9rgio Stein", "texto_original": "http://sapl.marechalfloriano.es.leg.br/media/./sapl/public/materialegislativa/2012/1621/1621_texto_integral.jpeg", "ementa": "MELHORIAS PARA A COMUNIDADE DE ALTO RIO FUNDO AT\u00c9 O SITIO PARA\u00cdSO, ENVIANDO PATROL, CASCALHO, AL\u00c9M DA CONSTRU\u00c7\u00c3O DE 02 BUEIROS NESTE PERCURSO."}, {"id": "1620", "ano": "2012", "numero": "85", "tipo__sigla": "IND", "tipo__descricao": "Indica\u00e7\u00e3o", "autoria": "S\u00e9rgio Stein", "texto_original": "http://sapl.marechalfloriano.es.leg.br/media/./sapl/public/materialegislativa/2012/1620/1620_texto_integral.jpeg", "ementa": "CONSTRU\u00c7\u00c3O DE CAMPO DE BOCHA PARA OS DISTRITOS DE ARAGUAIA E VICTOR HUGO."}, {"id": "1619", "ano": "2012", "numero": "86", "tipo__sigla": "IND", "tipo__descricao": "Indica\u00e7\u00e3o", "autoria": "Cabral", "texto_original": "http://sapl.marechalfloriano.es.leg.br/media/./sapl/public/materialegislativa/2012/1619/1619_texto_integral.jpeg", "ementa": "LIMPEZA DOS C\u00d3RREGOS: FINAL DA RUA QUINTA DOS LAGOS AT\u00c9 O PR\u00c9DIO DO BANESTES; E DO C\u00d3RREGO NA GLOBO AVES COM T\u00c9RMINO NO MESMO LOCAL."}, {"id": "1618", "ano": "2012", "numero": "87", "tipo__sigla": "IND", "tipo__descricao": "Indica\u00e7\u00e3o", "autoria": "Paulo Lovatti Junior", "texto_original": "http://sapl.marechalfloriano.es.leg.br/media/./sapl/public/materialegislativa/2012/1618/1618_texto_integral.jpeg", "ementa": "PAVIMENTA\u00c7\u00c3O ASF\u00c1LTICA PARA A RUA THEOBALDO RUPF."}, {"id": "1617", "ano": "2012", "numero": "88", "tipo__sigla": "IND", "tipo__descricao": "Indica\u00e7\u00e3o", "autoria": "Paulo Lovatti Junior", "texto_original": "http://sapl.marechalfloriano.es.leg.br/media/./sapl/public/materialegislativa/2012/1617/1617_texto_integral.jpeg", "ementa": "RECAPEAMENTO DAS RUAS E AVENIDAS DE NOSSO MUNIC\u00cdPIO."}, {"id": "1616", "ano": "2012", "numero": "89", "tipo__sigla": "IND", "tipo__descricao": "Indica\u00e7\u00e3o", "autoria": "Gabriela Stockl Ronchi", "texto_original": "http://sapl.marechalfloriano.es.leg.br/media/./sapl/public/materialegislativa/2012/1616/1616_texto_integral.jpeg", "ementa": "CONSTRU\u00c7\u00c3O DE UM CAL\u00c7AMENTO NA RUA MARIA CATHARINA BORGO CELANTE EM ARAGUAIA."}, {"id": "1615", "ano": "2012", "numero": "90", "tipo__sigla": "IND", "tipo__descricao": "Indica\u00e7\u00e3o", "autoria": "Alo\u00edsio M\u00f3dolo de Almeida", "texto_original": "http://sapl.marechalfloriano.es.leg.br/media/./sapl/public/materialegislativa/2012/1615/1615_texto_integral.jpeg", "ementa": "LIMPEZA DO RIO JUCU BRA\u00c7O SUL, NO TRAJETO QUE CORTA A SEDE DO MUNIC\u00cdPIO, INICIANDO PR\u00d3XIMO AO RESTAURANTE PONTO FRIO AT\u00c9 O PO\u00c7O FUNDO."}, {"id": "1614", "ano": "2012", "numero": "91", "tipo__sigla": "IND", "tipo__descricao": "Indica\u00e7\u00e3o", "autoria": "Joaquim Stein", "texto_original": "http://sapl.marechalfloriano.es.leg.br/media/./sapl/public/materialegislativa/2012/1614/1614_texto_integral.jpeg", "ementa": "PAVIMENTA\u00c7\u00c3O ASF\u00c1LTICA EM UM TRECHO ANTES DO CAMPO CAPIXABINHA EM SO\u00cdDO DE BAIXO, LOCAL POPULARMENTE CONHECIDO COMO CURVA DA MORTE."}, {"id": "1613", "ano": "2012", "numero": "92", "tipo__sigla": "IND", "tipo__descricao": "Indica\u00e7\u00e3o", "autoria": "Alo\u00edsio M\u00f3dolo de Almeida", "texto_original": "http://sapl.marechalfloriano.es.leg.br/media/./sapl/public/materialegislativa/2012/1613/1613_texto_integral.jpeg", "ementa": "URG\u00caNCIA NA ABERTURA E ASFALTAMENTO DA ESTRADA QUE D\u00c1 ACESSO A COMUNIDADE DE VILA SCHUNCK;\r\nPAVIMENTA\u00c7\u00c3O ASF\u00c1LTICA PARA A RUA FLORIANO KIEFER E ADJAC\u00caNCIAS, LOCALIZADAS NO MORRO DA MACEFEL."}, {"id": "1612", "ano": "2012", "numero": "93", "tipo__sigla": "IND", "tipo__descricao": "Indica\u00e7\u00e3o", "autoria": "Paulo Lovatti Junior", "texto_original": "http://sapl.marechalfloriano.es.leg.br/media/./sapl/public/materialegislativa/2012/1612/1612_texto_integral.jpeg", "ementa": "ESTUDOS VISANDO A POSSIBILIDADE DE RETIRAR ALGUMAS PLACAS DE PROIBIDO ESTACIONAR NO CENTRO DA CIDADE DE MARECHAL FLORIANO."}, {"id": "1611", "ano": "2012", "numero": "94", "tipo__sigla": "IND", "tipo__descricao": "Indica\u00e7\u00e3o", "autoria": "Paulo Lovatti Junior", "texto_original": "http://sapl.marechalfloriano.es.leg.br/media/./sapl/public/materialegislativa/2012/1611/1611_texto_integral.jpeg", "ementa": "IMPLANTA\u00c7\u00c3O DE UMA ROTAT\u00d3RIA, COLOCANDO OLHO DE GATO, PROPORCIONANDO UMA MELHOR DEMARCA\u00c7\u00c3O NO FINAL DA RUA VICTOR TRAV\u00c1GLIA, EM FRENTE AO COM\u00c9RCIO MADEIRAS WASSEM, VISANDO EVITAR POSS\u00cdVEIS ACIDENTES."}, {"id": "1610", "ano": "2012", "numero": "95", "tipo__sigla": "IND", "tipo__descricao": "Indica\u00e7\u00e3o", "autoria": "Gabriela Stockl Ronchi", "texto_original": "http://sapl.marechalfloriano.es.leg.br/media/./sapl/public/materialegislativa/2012/1610/1610_texto_integral.jpeg", "ementa": "CONSTRU\u00c7\u00c3O DE UMA VARANDA NA FRENTE DA UNIDADE DE SA\u00daDE DE ARAGUAIA."}, {"id": "1609", "ano": "2012", "numero": "96", "tipo__sigla": "IND", "tipo__descricao": "Indica\u00e7\u00e3o", "autoria": "Gabriela Stockl Ronchi", "texto_original": "http://sapl.marechalfloriano.es.leg.br/media/./sapl/public/materialegislativa/2012/1609/1609_texto_integral.jpeg", "ementa": "URBANIZA\u00c7\u00c3O COM SERVI\u00c7OS DE ILUMINA\u00c7\u00c3O P\u00daBLICA, REDE DE ESGOTO, SISTEMA DE TRATAMENTO DE \u00c1GUA E CAL\u00c7AMENTO NA VILA QUE SE FORMOU NO LOTEAMENTO DO SENHOR TARCISIO KLEIN EM SANTA MARIA."}, {"id": "1608", "ano": "2012", "numero": "97", "tipo__sigla": "IND", "tipo__descricao": "Indica\u00e7\u00e3o", "autoria": "Cabral", "texto_original": "http://sapl.marechalfloriano.es.leg.br/media/./sapl/public/materialegislativa/2012/1608/1608_texto_integral.jpeg", "ementa": "RUA EM CIMA DO POSTO PAVIMENTA\u00c7\u00c3O E DRENAGEM DA RUA NILSON STEIN E RUA ZUMIRA TRAV\u00c1LGLIA HULLE."}, {"id": "1607", "ano": "2012", "numero": "98", "tipo__sigla": "IND", "tipo__descricao": "Indica\u00e7\u00e3o", "autoria": "Paulo Roberto Raasch", "texto_original": "http://sapl.marechalfloriano.es.leg.br/media/./sapl/public/materialegislativa/2012/1607/1607_texto_integral.jpeg", "ementa": "LIMPEZA GERAL DO C\u00d3RREGO BATATAL, RETIRANDO O LIXO ACUMULADO EM SEU LEITO, BEM COMO A RO\u00c7AGEM DAS MARGENS DESTE C\u00d3RREGO, INICIANDO PR\u00d3XIMO AO SUPERMERCADO DORINHO E T\u00c9RMINO PR\u00d3XIMO AO BANESTES."}, {"id": "1606", "ano": "2012", "numero": "99", "tipo__sigla": "IND", "tipo__descricao": "Indica\u00e7\u00e3o", "autoria": "Abel  Bungenstab", "texto_original": "http://sapl.marechalfloriano.es.leg.br/media/./sapl/public/materialegislativa/2012/1606/1606_texto_integral.jpeg", "ementa": "CASCALHAMENTO EM FRENTE AO ACESSO DA ESCOLA SITIO RUPF."}, {"id": "1605", "ano": "2012", "numero": "100", "tipo__sigla": "IND", "tipo__descricao": "Indica\u00e7\u00e3o", "autoria": "Joaquim Stein", "texto_original": "http://sapl.marechalfloriano.es.leg.br/media/./sapl/public/materialegislativa/2012/1605/1605_texto_integral.jpeg", "ementa": "PAVIMENTA\u00c7\u00c3O ASF\u00c1LTICA PARA A RUA EM\u00cdLIO ENTRINGER, LOCALIZADO EM FRENTE AO RESTAURANTE PONTO FRIO."}, {"id": "1604", "ano": "2012", "numero": "101", "tipo__sigla": "IND", "tipo__descricao": "Indica\u00e7\u00e3o", "autoria": "Joaquim Stein", "texto_original": "http://sapl.marechalfloriano.es.leg.br/media/./sapl/public/materialegislativa/2012/1604/1604_texto_integral.jpeg", "ementa": "REVIS\u00c3O E REPAROS NAS CAL\u00c7ADAS DO MUNIC\u00cdPIO DE MARECHAL FLORIANO."}, {"id": "1603", "ano": "2012", "numero": "102", "tipo__sigla": "IND", "tipo__descricao": "Indica\u00e7\u00e3o", "autoria": "Joaquim Stein", "texto_original": "http://sapl.marechalfloriano.es.leg.br/media/./sapl/public/materialegislativa/2012/1603/1603_texto_integral.jpeg", "ementa": "QUE O PODER EXECUTIVO MUNICIPAL PROVIDENCIE A RO\u00c7AGEM DO TERRENO LOCALIZADO ATR\u00c1S DO CENTRO EDUCACIONAL VOV\u00d3 FERNANDINA, DE PROPRIEDADE DO PODER EXECUTIVO E LEGISLATIVO."}, {"id": "1602", "ano": "2012", "numero": "103", "tipo__sigla": "IND", "tipo__descricao": "Indica\u00e7\u00e3o", "autoria": "Abel  Bungenstab", "texto_original": "http://sapl.marechalfloriano.es.leg.br/media/./sapl/public/materialegislativa/2012/1602/1602_texto_integral.jpeg", "ementa": "QUANTO \u00c0 NOVA UNIDADE DE SA\u00daDE CONSTRU\u00cdDA EM BOM JESUS E QUE AINDA N\u00c3O FOI ATIVADA, ENQUANTO A VELHA EST\u00c1 PEQUENA E FUNCIONANDO EM PREC\u00c1RIAS CONDI\u00c7\u00d5ES."}, {"id": "1601", "ano": "2012", "numero": "104", "tipo__sigla": "IND", "tipo__descricao": "Indica\u00e7\u00e3o", "autoria": "Paulo Lovatti Junior", "texto_original": "http://sapl.marechalfloriano.es.leg.br/media/./sapl/public/materialegislativa/2012/1601/1601_texto_integral.jpeg", "ementa": "CRIA\u00c7\u00c3O DE PROGRAMA DE SA\u00daDE MENTAL NO MUNIC\u00cdPIO DE MARECHAL FLORIANO."}, {"id": "1600", "ano": "2012", "numero": "105", "tipo__sigla": "IND", "tipo__descricao": "Indica\u00e7\u00e3o", "autoria": "Paulo Lovatti Junior", "texto_original": "http://sapl.marechalfloriano.es.leg.br/media/./sapl/public/materialegislativa/2012/1600/1600_texto_integral.jpeg", "ementa": "COLETA SELETIVA PARA LIXO ELETR\u00d4NICO."}, {"id": "1599", "ano": "2012", "numero": "106", "tipo__sigla": "IND", "tipo__descricao": "Indica\u00e7\u00e3o", "autoria": "Paulo Roberto Raasch", "texto_original": "http://sapl.marechalfloriano.es.leg.br/media/./sapl/public/materialegislativa/2012/1599/1599_texto_integral.jpeg", "ementa": "DESENTUPIMENTO DE BUEIROS NA COMUNIDADE DA VILA SCHUNCK, EM ESPECIAL OS BUEIROS LOCALIZADOS EM UM SUBIDA, DENTRO DA PR\u00d3PRIA VILA."}, {"id": "1598", "ano": "2012", "numero": "107", "tipo__sigla": "IND", "tipo__descricao": "Indica\u00e7\u00e3o", "autoria": "Cabral", "texto_original": "http://sapl.marechalfloriano.es.leg.br/media/./sapl/public/materialegislativa/2012/1598/1598_texto_integral.jpeg", "ementa": "SUBSTITUI\u00c7\u00c3O DAS L\u00c2MPADAS DE ILUMINA\u00c7\u00c3O P\u00daBLICA NA RUA DELIMAR SCHUNCK."}, {"id": "1597", "ano": "2012", "numero": "108", "tipo__sigla": "IND", "tipo__descricao": "Indica\u00e7\u00e3o", "autoria": "Cabral", "texto_original": "http://sapl.marechalfloriano.es.leg.br/media/./sapl/public/materialegislativa/2012/1597/1597_texto_integral.jpeg", "ementa": "1-VISTORIA URGENTE DAS MANILHAS DA REPRESA DO SENHOR ADILSON RUPF, NO BAIRRO SANTA RITA.\r\n2- INSTALA\u00c7\u00c3O DE 03 QUEBRA MOLAS NA RUA QUINTA DOS LADOS."}, {"id": "1596", "ano": "2012", "numero": "109", "tipo__sigla": "IND", "tipo__descricao": "Indica\u00e7\u00e3o", "autoria": "Joaquim Stein", "texto_original": "http://sapl.marechalfloriano.es.leg.br/media/./sapl/public/materialegislativa/2012/1596/1596_texto_integral.jpeg", "ementa": "MELHORIAS NA ESTRADA JACOMO DENADAI, QUE LIGA A F\u00c1BRICA DE RA\u00c7\u00c3O DO SENHOR DAMI\u00c3O KLEIN AT\u00c9 AS PROXIMIDADES DO SHOW HAUS."}, {"id": "1595", "ano": "2012", "numero": "110", "tipo__sigla": "IND", "tipo__descricao": "Indica\u00e7\u00e3o", "autoria": "Alo\u00edsio M\u00f3dolo de Almeida", "texto_original": "http://sapl.marechalfloriano.es.leg.br/media/./sapl/public/materialegislativa/2012/1595/1595_texto_integral.jpeg", "ementa": "DISPONIBILIZA\u00c7\u00c3O DE M\u00c1QUINAS PARA A INSTALA\u00c7\u00c3O DAS MANILHAS PR\u00d3XIMO A RESID\u00caNCIA DO SENHOR RAFAEL, EM ALTO MARECHAL."}, {"id": "1594", "ano": "2012", "numero": "111", "tipo__sigla": "IND", "tipo__descricao": "Indica\u00e7\u00e3o", "autoria": "Alo\u00edsio M\u00f3dolo de Almeida", "texto_original": "http://sapl.marechalfloriano.es.leg.br/media/./sapl/public/materialegislativa/2012/1594/1594_texto_integral.jpeg", "ementa": "INSTALA\u00c7\u00c3O DE UM PO\u00c7O ARTESIANO VISANDO A RELIGA\u00c7\u00c3O DO SISTEMA DE TRATAMENTO DE \u00c1GUA PARA A COMUNIDADE DE BETINHO SIMON."}, {"id": "1593", "ano": "2012", "numero": "112", "tipo__sigla": "IND", "tipo__descricao": "Indica\u00e7\u00e3o", "autoria": "S\u00e9rgio Stein", "texto_original": "http://sapl.marechalfloriano.es.leg.br/media/./sapl/public/materialegislativa/2012/1593/1593_texto_integral.jpeg", "ementa": "INSTALA\u00c7\u00c3O DE 02 POSTES DE ILUMINA\u00c7\u00c3O PUBLICA NO ACESSO DO CEMIT\u00c9RIO DE ARAGUAIA;\r\nCONTRA\u00c7\u00c3O DE M\u00c1QUINA ESPECIALIZADA PARA DAR CONTINUIDADE A LIMPEZA DOS C\u00d3RREGOS DO INTERIOR, ESPECIALMENTE PARA O DISTRITO DE ARAGUAIA."}, {"id": "1592", "ano": "2012", "numero": "113", "tipo__sigla": "IND", "tipo__descricao": "Indica\u00e7\u00e3o", "autoria": "S\u00e9rgio Stein", "texto_original": "http://sapl.marechalfloriano.es.leg.br/media/./sapl/public/materialegislativa/2012/1592/1592_texto_integral.jpeg", "ementa": "INSTALA\u00c7\u00c3O DE UMA LOMBADA NA RODOVIA ES 146 NO KM 09, PR\u00d3XIMO AS MORADIAS EM PARALELO A LINHA F\u00c9RREA."}, {"id": "1591", "ano": "2012", "numero": "114", "tipo__sigla": "IND", "tipo__descricao": "Indica\u00e7\u00e3o", "autoria": "Gabriela Stockl Ronchi", "texto_original": "http://sapl.marechalfloriano.es.leg.br/media/./sapl/public/materialegislativa/2012/1591/1591_texto_integral.jpeg", "ementa": "QUE O PODER EXECUTIVO MUNICIPAL DISPONIBILIZE PARA AS COMUNIDADES DO INTERIOR DO MUNIC\u00cdPIO, DIVERSOS CURSOS DE ARTESANATO, COMO MACRAM\u00ca, TRICOT. BISCUIT, PINTURA, AL\u00c9M DE CURSOS DE CORTE E COSTURA, E QUE OS MESMOS SEJAM MINISTRADOS POR ARTES\u00c3O DE NOSSO MUNIC\u00cdPIO."}, {"id": "1590", "ano": "2012", "numero": "115", "tipo__sigla": "IND", "tipo__descricao": "Indica\u00e7\u00e3o", "autoria": "Gabriela Stockl Ronchi", "texto_original": "http://sapl.marechalfloriano.es.leg.br/media/./sapl/public/materialegislativa/2012/1590/1590_texto_integral.jpeg", "ementa": "OPERA\u00c7\u00c3O TAPA BURACOS NAS RUAS DE ARAGUAIA, PRINCIPALMENTE NA RUA DOS IMIGRANTES (PRINCIPAL), NA ALTURA DOS COM\u00c9RCIOS DA MERCEARIA GUIDI E MERCEARIA KROHLING."}, {"id": "1589", "ano": "2012", "numero": "116", "tipo__sigla": "IND", "tipo__descricao": "Indica\u00e7\u00e3o", "autoria": "Joaquim Stein", "texto_original": "http://sapl.marechalfloriano.es.leg.br/media/./sapl/public/materialegislativa/2012/1589/1589_texto_integral.jpeg", "ementa": "VIABILIZAR A CONSTRU\u00c7\u00c3O DE SANIT\u00c1RIO P\u00daBLICO NO CAMPO DE BOCHA, LOCALIZADO AO LADO DO GIN\u00c1SIO DE ESPORTES \"PAULO ANT\u00d4NIO LORENZONI\"."}, {"id": "1588", "ano": "2012", "numero": "117", "tipo__sigla": "IND", "tipo__descricao": "Indica\u00e7\u00e3o", "autoria": "Paulo Lovatti Junior", "texto_original": "http://sapl.marechalfloriano.es.leg.br/media/./sapl/public/materialegislativa/2012/1588/1588_texto_integral.jpeg", "ementa": "VIABILIZAR LAT\u00d5ES DE LIXO E GARI, PARA A MANUTEN\u00c7\u00c3O DA LIMPEZA DA RUA OSCAR ARA\u00daJO, LOCALIZADA EM MARECHAL FLORIANO."}, {"id": "1587", "ano": "2012", "numero": "118", "tipo__sigla": "IND", "tipo__descricao": "Indica\u00e7\u00e3o", "autoria": "Alo\u00edsio M\u00f3dolo de Almeida", "texto_original": "http://sapl.marechalfloriano.es.leg.br/media/./sapl/public/materialegislativa/2012/1587/1587_texto_integral.jpeg", "ementa": "PAVIMENTA\u00c7\u00c3O ASF\u00c1LTICA DA ESTRADA QUE D\u00c1 ACESO A COMUNIDADE DE VILA SCHUNCK."}, {"id": "1586", "ano": "2012", "numero": "119", "tipo__sigla": "IND", "tipo__descricao": "Indica\u00e7\u00e3o", "autoria": "Alo\u00edsio M\u00f3dolo de Almeida", "texto_original": "http://sapl.marechalfloriano.es.leg.br/media/./sapl/public/materialegislativa/2012/1586/1586_texto_integral.jpeg", "ementa": "PAVIMENTA\u00c7\u00c3O ASF\u00c1LTICA PARA A ESTRADA DE SO\u00cdDO DE BAIXO, DO TREVO DO POSTO IPIRANGA AT\u00c9 AS PROXIMIDADES DO COM\u00c9RCIO DA FAM\u00cdLIA KLEIN."}, {"id": "1585", "ano": "2012", "numero": "120", "tipo__sigla": "IND", "tipo__descricao": "Indica\u00e7\u00e3o", "autoria": "S\u00e9rgio Stein", "texto_original": "http://sapl.marechalfloriano.es.leg.br/media/./sapl/public/materialegislativa/2012/1585/1585_texto_integral.jpeg", "ementa": "QUE O PODER EXECUTIVO PROVIDENCIE A CONSTRU\u00c7\u00c3O DE UM LOCAL/CASINHA PARA O DEPOSITO DE LIXO NO DISTRITO DE VICTOR HUGO,PR\u00d3XIMO A RESIDENCIA DO SENHOR JOS\u00c9 COSMO."}, {"id": "1584", "ano": "2012", "numero": "121", "tipo__sigla": "IND", "tipo__descricao": "Indica\u00e7\u00e3o", "autoria": "S\u00e9rgio Stein", "texto_original": "http://sapl.marechalfloriano.es.leg.br/media/./sapl/public/materialegislativa/2012/1584/1584_texto_integral.jpeg", "ementa": "INSTALA\u00c7\u00c3O DE UM QUEBRA MOLAS EM FRENTE \u00c0 RESIDENCIA DO SENHOR JAIR FRANCISCO KROHLING, EM SANTA MARIA."}, {"id": "1583", "ano": "2012", "numero": "122", "tipo__sigla": "IND", "tipo__descricao": "Indica\u00e7\u00e3o", "autoria": "S\u00e9rgio Stein", "texto_original": "http://sapl.marechalfloriano.es.leg.br/media/./sapl/public/materialegislativa/2012/1583/1583_texto_integral.jpeg", "ementa": "PINTURA DOS QUEBRA MOLAS E DAS FAIXAS DE TRAVESSIA DE PEDESTRES NAS RUAS DA SEDE DESTE MUNIC\u00cdPIO."}, {"id": "1582", "ano": "2012", "numero": "123", "tipo__sigla": "IND", "tipo__descricao": "Indica\u00e7\u00e3o", "autoria": "Gabriela Stockl Ronchi", "texto_original": "http://sapl.marechalfloriano.es.leg.br/media/./sapl/public/materialegislativa/2012/1582/1582_texto_integral.jpeg", "ementa": "CRIA\u00c7\u00c3O DE UM SELO MUNICIPAL DE CERTIFICA\u00c7\u00c3O AMBIENTAL PARA AS PEQUENAS PROPRIEDADES PRODUTORAS DE ALIMENTOS."}, {"id": "1581", "ano": "2012", "numero": "124", "tipo__sigla": "IND", "tipo__descricao": "Indica\u00e7\u00e3o", "autoria": "Paulo Roberto Raasch", "texto_original": "http://sapl.marechalfloriano.es.leg.br/media/./sapl/public/materialegislativa/2012/1581/1581_texto_integral.jpeg", "ementa": "CONSTRU\u00c7\u00c3O DE ABRIGOS DE PASSAGEIROS NO PERCURSO DA ESTRADA DE RIO FUNDO."}, {"id": "1580", "ano": "2012", "numero": "125", "tipo__sigla": "IND", "tipo__descricao": "Indica\u00e7\u00e3o", "autoria": "Abel  Bungenstab", "texto_original": "http://sapl.marechalfloriano.es.leg.br/media/./sapl/public/materialegislativa/2012/1580/1580_texto_integral.jpeg", "ementa": "PATROLAMENTO E CASCALHAMENTO DAS SEGUINTES ESTRADAS:\r\nQUE TEM INICIO NAS ESTRADAS PRINCIPAL DE BOM JESUS, AT\u00c9 PR\u00d3XIMO \u00c0S RESIDENCIAS DAS FAM\u00cdLIAS FAIOL, GAVA E OUTRAS;\r\nQUE TEM INICIO NA ESTRADA PRINCIPAL DE BOM JESUS AT\u00c9 PR\u00d3XIMO \u00c0S RESID\u00caNCIAS DOS IRM\u00c3OS PAULO E LIND\u00c1RIO SCHENEIDER E OUTRAS FAM\u00cdLIAS;\r\nQUE TEM INICIO NA ESTRADA PRINCIPAL DE BOM JESUS AT\u00c9 PR\u00d3XIMO A V\u00c1RIAS RESIDENCIAS NO CONDOM\u00cdNIO GERALDO MACHADO, ONDE TAMB\u00c9M RESIDE O DESEMBARGADOR DR. FERRARI."}, {"id": "1579", "ano": "2012", "numero": "126", "tipo__sigla": "IND", "tipo__descricao": "Indica\u00e7\u00e3o", "autoria": "Alo\u00edsio M\u00f3dolo de Almeida", "texto_original": "http://sapl.marechalfloriano.es.leg.br/media/./sapl/public/materialegislativa/2012/1579/1579_texto_integral.jpeg", "ementa": "LIBERA\u00c7\u00c3O DA QUADRA DA ESCOLA BETINHO SIMON PARA O USO DA COMUNIDADE."}, {"id": "1578", "ano": "2012", "numero": "127", "tipo__sigla": "IND", "tipo__descricao": "Indica\u00e7\u00e3o", "autoria": "Alo\u00edsio M\u00f3dolo de Almeida", "texto_original": "http://sapl.marechalfloriano.es.leg.br/media/", "ementa": "RO\u00c7AGEM E LIMPEZA DAS MARGENS DO RIO JUCU BRA\u00c7O SUL INICIANDO NO RESTAURANTE PONTO FRIO E TERMINO NO PO\u00c7O FUNDO."}, {"id": "1577", "ano": "2012", "numero": "128", "tipo__sigla": "IND", "tipo__descricao": "Indica\u00e7\u00e3o", "autoria": "Gabriela Stockl Ronchi", "texto_original": "http://sapl.marechalfloriano.es.leg.br/media/./sapl/public/materialegislativa/2012/1577/1577_texto_integral.jpeg", "ementa": "MELHORIA NA LIMPEZA E AMPLIA\u00c7\u00c3O DO BANHEIRO P\u00daBLICO LOCALIZADO NA SEDE DESTE MUNIC\u00cdPIO."}, {"id": "1576", "ano": "2012", "numero": "129", "tipo__sigla": "IND", "tipo__descricao": "Indica\u00e7\u00e3o", "autoria": "Gabriela Stockl Ronchi", "texto_original": "http://sapl.marechalfloriano.es.leg.br/media/./sapl/public/materialegislativa/2012/1576/1576_texto_integral.jpeg", "ementa": "REFORMA DAS PONTES DENOMINADAS ALCINO DE NADAI E ELIZABETH CATELAN TAQUETE, LOCALIZADAS NA SEDE DO MUNIC\u00cdPIO, REMODELANDO-AS DE MODO QUE SE TORNEM ATRATIVOS TUR\u00cdSTICOS."}, {"id": "1575", "ano": "2012", "numero": "130", "tipo__sigla": "IND", "tipo__descricao": "Indica\u00e7\u00e3o", "autoria": "Gabriela Stockl Ronchi", "texto_original": "http://sapl.marechalfloriano.es.leg.br/media/./sapl/public/materialegislativa/2012/1575/1575_texto_integral.jpeg", "ementa": "DISPONIBILIZAR T\u00c9CNICOS PARA A REALIZA\u00c7\u00c3O DE PROJETOS E ADOTAR INCENTIVOS FISCAIS PARA OS PROPRIET\u00c1RIOS DE IM\u00d3VEIS NO MUNIC\u00cdPIO, QUE QUISEREM IMPRIMIR EM SUAS RESIDENCIAS O ESTILO ENXAIMEL."}, {"id": "1574", "ano": "2012", "numero": "131", "tipo__sigla": "IND", "tipo__descricao": "Indica\u00e7\u00e3o", "autoria": "Gabriela Stockl Ronchi", "texto_original": "http://sapl.marechalfloriano.es.leg.br/media/./sapl/public/materialegislativa/2012/1574/1574_texto_integral.jpeg", "ementa": "ADOTAR UM ESTILO PR\u00d3PRIO E \u00daNICO DE BANCOS E LIXEIRAS A SER USADO EM TODO O MUNIC\u00cdPIO,PRINCIPALMENTE NOS PONTOS FREQUENTADOS POR TURISTAS."}, {"id": "1573", "ano": "2012", "numero": "132", "tipo__sigla": "IND", "tipo__descricao": "Indica\u00e7\u00e3o", "autoria": "Paulo Lovatti Junior", "texto_original": "http://sapl.marechalfloriano.es.leg.br/media/./sapl/public/materialegislativa/2012/1573/1573_texto_integral.jpeg", "ementa": "CRIAR PROGRAMA DE ORIENTA\u00c7\u00c3O SOBRE A OSTEOPOROSE."}, {"id": "1572", "ano": "2012", "numero": "133", "tipo__sigla": "IND", "tipo__descricao": "Indica\u00e7\u00e3o", "autoria": "Paulo Lovatti Junior", "texto_original": "http://sapl.marechalfloriano.es.leg.br/media/./sapl/public/materialegislativa/2012/1572/1572_texto_integral.jpeg", "ementa": "DISPONIBILIZAR UM AGENTE DE SA\u00daDE PARA FAZER VISITAS NO FINAL DA RUA ARMANDO ."}, {"id": "1571", "ano": "2012", "numero": "134", "tipo__sigla": "IND", "tipo__descricao": "Indica\u00e7\u00e3o", "autoria": "Juarez Xavier", "texto_original": "http://sapl.marechalfloriano.es.leg.br/media/./sapl/public/materialegislativa/2012/1571/1571_texto_integral.jpeg", "ementa": "PATROLAMENTO DAS ESTRADAS DE BOM JESUS E COSTA PEREIRA;\r\nCAL\u00c7AMENTO DA RUA PR\u00d3XIMO AO COM\u00c9RCIO DO MARCONY NALESSO DE VARGAS, EM COSTA PEREIRA."}, {"id": "1570", "ano": "2012", "numero": "135", "tipo__sigla": "IND", "tipo__descricao": "Indica\u00e7\u00e3o", "autoria": "Juarez Xavier", "texto_original": "http://sapl.marechalfloriano.es.leg.br/media/./sapl/public/materialegislativa/2012/1570/1570_texto_integral.jpeg", "ementa": "SOLICITA A IMEDIATA LIBERA\u00c7\u00c3O PARA O FUNCIONAMENTO DO CEMIT\u00c9RIO P\u00daBLICO DENOMINADO \"RECANTO DA PAZ\", LOCALIZADO PR\u00d3XIMO AO APOLO."}, {"id": "1569", "ano": "2012", "numero": "136", "tipo__sigla": "IND", "tipo__descricao": "Indica\u00e7\u00e3o", "autoria": "Cabral", "texto_original": "http://sapl.marechalfloriano.es.leg.br/media/./sapl/public/materialegislativa/2012/1569/1569_texto_integral.jpeg", "ementa": "REBAIXAMENTO DAS MANILHAS E PAVIMENTA\u00c7\u00c3O ASF\u00c1LTICA DA RUA EDVALDO VIERA SANTOS."}, {"id": "1568", "ano": "2012", "numero": "137", "tipo__sigla": "IND", "tipo__descricao": "Indica\u00e7\u00e3o", "autoria": "S\u00e9rgio Stein", "texto_original": "http://sapl.marechalfloriano.es.leg.br/media/./sapl/public/materialegislativa/2012/1568/1568_texto_integral.jpeg", "ementa": "CONSTRU\u00c7\u00c3O DE UM BUEIRO PR\u00d3XIMO A PROPRIEDADE DA FAMILIA KROHLING, EM SANTA MARIA, EM PARALELO A CASA DO SENHOR JOS\u00c9 KROHLING E NICOLAU KROHLING."}, {"id": "1567", "ano": "2012", "numero": "138", "tipo__sigla": "IND", "tipo__descricao": "Indica\u00e7\u00e3o", "autoria": "Cabral", "texto_original": "http://sapl.marechalfloriano.es.leg.br/media/./sapl/public/materialegislativa/2012/1567/1567_texto_integral.jpeg", "ementa": "RECAPEAMENTO DA RUA GUSTAVO HERTEL, BEM COMO A REALIZA\u00c7\u00c3O DE MELHORIAS NO ACABAMENTO NO ACABAMENTO LATERAL DA PAVIMENTA\u00c7\u00c3O ASF\u00c1LTICA DAS RUAS QUE FORAM RECAPEADAS NA SEDE."}, {"id": "1566", "ano": "2012", "numero": "139", "tipo__sigla": "IND", "tipo__descricao": "Indica\u00e7\u00e3o", "autoria": "S\u00e9rgio Stein", "texto_original": "http://sapl.marechalfloriano.es.leg.br/media/./sapl/public/materialegislativa/2012/1566/1566_texto_integral.jpeg", "ementa": "CONSTRU\u00c7\u00c3O DE ABRIGOS DE PASSAGEIROS, DE AMBOS OS LADOS, SENTIDO \u00c0 VIT\u00d3RIA E BELO HORIZONTE, EM FRENTE AO RESTAURANTE \"ESTILO R\u00daSTICO\", EM VICTOR HUGO, QUE TEM COMO PROPRIET\u00c1RIO O SR. JAIR GILLES."}, {"id": "1565", "ano": "2012", "numero": "140", "tipo__sigla": "IND", "tipo__descricao": "Indica\u00e7\u00e3o", "autoria": "Alo\u00edsio M\u00f3dolo de Almeida", "texto_original": "http://sapl.marechalfloriano.es.leg.br/media/./sapl/public/materialegislativa/2012/1565/1565_texto_integral.jpeg", "ementa": "SERVI\u00c7O DE RO\u00c7AGEM \u00c0S MARGENS DO RIO BRA\u00c7O SUL."}, {"id": "1564", "ano": "2012", "numero": "141", "tipo__sigla": "IND", "tipo__descricao": "Indica\u00e7\u00e3o", "autoria": "Alo\u00edsio M\u00f3dolo de Almeida", "texto_original": "http://sapl.marechalfloriano.es.leg.br/media/./sapl/public/materialegislativa/2012/1564/1564_texto_integral.jpeg", "ementa": "MANILHAR O C\u00d3RREGO PR\u00d3XIMO \u00c0 CASA DO SR. RAFAEL E N\u00c9IA HAESE, EM ALTO MARECHAL."}, {"id": "1563", "ano": "2012", "numero": "142", "tipo__sigla": "IND", "tipo__descricao": "Indica\u00e7\u00e3o", "autoria": "Alo\u00edsio M\u00f3dolo de Almeida", "texto_original": "http://sapl.marechalfloriano.es.leg.br/media/./sapl/public/materialegislativa/2012/1563/1563_texto_integral.jpeg", "ementa": "DISPONIBILIZAR SINAL DE ACESSO \u00c0 INTERNET \u00c0S COMUNIDADES DE SO\u00cdDO,  BOM JESUS E RIO FUNDO."}, {"id": "1562", "ano": "2012", "numero": "143", "tipo__sigla": "IND", "tipo__descricao": "Indica\u00e7\u00e3o", "autoria": "Gabriela Stockl Ronchi", "texto_original": "http://sapl.marechalfloriano.es.leg.br/media/./sapl/public/materialegislativa/2012/1562/1562_texto_integral.jpeg", "ementa": "CAL\u00c7AMENTO E PAISAGISMO NA FRENTE DA EMEF JOS\u00c9 ALO\u00cdSIO SIMON."}, {"id": "1561", "ano": "2012", "numero": "144", "tipo__sigla": "IND", "tipo__descricao": "Indica\u00e7\u00e3o", "autoria": "Cabral", "texto_original": "http://sapl.marechalfloriano.es.leg.br/media/./sapl/public/materialegislativa/2012/1561/1561_texto_integral.jpeg", "ementa": "QUE O PODER EXECUTIVO PROVIDENCIE MELHORIAS NA CAPTA\u00c7\u00c3O DA \u00c1GUA DAS CHUVAS PARA A RUA JOS\u00c9 LOVATTI, NO SENTIDO DE EVITAR QUE AS \u00c1GUAS DES\u00c7AM BARRANCO ABAIXO, NA RUA LAURA LITTIG KUSTER, PODENDO AT\u00c9 MESMO PREJUDICAR AS ESTRUTURAS DAS RESID\u00caNCIAS OU MESMO QUE OS BARRANCOS VENHAM A DESMORONAR EM CIMA DE ALGUMA RESID\u00caNCIA, TENDO EM VISTA A INCLINA\u00c7\u00c3O DO LOCAL."}, {"id": "1560", "ano": "2012", "numero": "145", "tipo__sigla": "IND", "tipo__descricao": "Indica\u00e7\u00e3o", "autoria": "Alo\u00edsio M\u00f3dolo de Almeida", "texto_original": "http://sapl.marechalfloriano.es.leg.br/media/./sapl/public/materialegislativa/2012/1560/1560_texto_integral.jpeg", "ementa": "QUE AP\u00d3S A PASSAGEM DESTE PER\u00cdODO DE CHUVAS, SEJA DADA UMA ATEN\u00c7\u00c3O ESPECIAL NAS ESTRADAS DO INTERIOR DE NOSSO MUNIC\u00cdPIO, COLOCANDO \u00c0 DISPOSI\u00c7\u00c3O TODO O SEU MAQUIN\u00c1RIO E M\u00c3O DE OBRA, UMA VEZ QUE A SITUA\u00c7\u00c3O DESTAS ESTRADAS ENCONTRAM-SE EM P\u00c9SSIMAS CONDI\u00c7\u00d5ES DE TRAFEGABILIDADE POR CAUSA DOS BURACOS E VALAS QUE SE FORMARAM PELO EXCESSO DE \u00c1GUA ACUMULADA, PREJUDICANDO O ESCOAMENTO DE MERCADORIAS, TRANSPORTE DE PASSAGEIROS, E OUTROS."}, {"id": "1559", "ano": "2012", "numero": "146", "tipo__sigla": "IND", "tipo__descricao": "Indica\u00e7\u00e3o", "autoria": "Alo\u00edsio M\u00f3dolo de Almeida", "texto_original": "http://sapl.marechalfloriano.es.leg.br/media/", "ementa": "DETETIZA\u00c7\u00c3O DE AMBAS \u00c0S MARGENS DO RIO JUCU, NO TRECHO QUE CORTA A SEDE DESTE MUNIC\u00cdPIO, INICIANDO PR\u00d3XIMO AO RESTAURANTE PONTO FRIO E T\u00c9RMINO NO FINAL DA RUA DELIMAR SCHUNCK."}, {"id": "1558", "ano": "2012", "numero": "147", "tipo__sigla": "IND", "tipo__descricao": "Indica\u00e7\u00e3o", "autoria": "Joaquim Stein", "texto_original": "http://sapl.marechalfloriano.es.leg.br/media/./sapl/public/materialegislativa/2012/1558/1558_texto_integral.jpeg", "ementa": "BENFEITORIAS EM TODAS AS CAL\u00c7ADAS DO MUNIC\u00cdPIO DE MARECHAL FLORIANO, BEM COMO A CONSTRU\u00c7\u00c3O DE RAMPAS PARA ACESSO A CADEIRANTES."}, {"id": "1557", "ano": "2012", "numero": "148", "tipo__sigla": "IND", "tipo__descricao": "Indica\u00e7\u00e3o", "autoria": "Gabriela Stockl Ronchi", "texto_original": "http://sapl.marechalfloriano.es.leg.br/media/./sapl/public/materialegislativa/2012/1557/1557_texto_integral.jpeg", "ementa": "AVALIA\u00c7\u00c3O T\u00c9CNICA PARA SUPRIR A NECESSIDADE DE CONSTRUO DE BUEIROS, CAIXAS SECAS E MANUTEN\u00c7\u00c3O DAS ESTRADAS, PRINCIPALMENTE NAS PROXIMIDADES DA RESIDENCIA DO SR. SAMUEL MODOLO E BENJAMIM MOGNOL."}, {"id": "1556", "ano": "2012", "numero": "149", "tipo__sigla": "IND", "tipo__descricao": "Indica\u00e7\u00e3o", "autoria": "Gabriela Stockl Ronchi", "texto_original": "http://sapl.marechalfloriano.es.leg.br/media/./sapl/public/materialegislativa/2012/1556/1556_texto_integral.jpeg", "ementa": "CONSTRU\u00c7\u00c3O DE UMA VARANDA NA UNIDADE DE SA\u00daDE DA COMUNIDADE DE ARAGUAIA."}, {"id": "1555", "ano": "2012", "numero": "150", "tipo__sigla": "IND", "tipo__descricao": "Indica\u00e7\u00e3o", "autoria": "Abel  Bungenstab", "texto_original": "http://sapl.marechalfloriano.es.leg.br/media/./sapl/public/materialegislativa/2012/1555/1555_texto_integral.jpeg", "ementa": "QUE O PODER EXECUTIVO MUNICIPAL PROVIDENCIE A INSTALA\u00c7\u00c3O DE PLACAS NO CAL\u00c7AD\u00c3O DA RUA GUSTAVO HERTEL, INDICANDO O RISCO DE QUEDA DE BARREIRA NESTE PER\u00cdODO DE CHUVAS."}, {"id": "1554", "ano": "2012", "numero": "151", "tipo__sigla": "IND", "tipo__descricao": "Indica\u00e7\u00e3o", "autoria": "PLEN\u00c1RIO 2011/2012", "texto_original": "http://sapl.marechalfloriano.es.leg.br/media/./sapl/public/materialegislativa/2012/1554/1554_texto_integral.pdf", "ementa": "DISPONIBILIZAR A QUADRA POLIESPORTIVA DENOMINADA \"CENTRO EDUCACIONAL ESPORTIVO DR. EVANDRO VIEIRA BITTENCOURT MACHADO\", LOCALIZADA \u00c0 RUA NO\u00c9 LUIGI M\u00d3DOLO, PARA A PR\u00c1TICA DE VOLEIBOL E BASQUETEBOL, NOS PER\u00cdODOS QUE N\u00c3O ESTIVER SENDO UTILIZADO PELA ESCOLA \"ELISI\u00c1RIO FERREIRA FILHO\", BEM COMO,  QUE SEJAM ADQUIRIDOS OS MATERIAIS NECESS\u00c1RIOS PARA EQUIPAR A MESMA, OBJETIVANDO A PR\u00c1TICA DESTES ESPORTES, BENEFICIANDO N\u00c3O S\u00d3 A COMUNIDADE, MAS TAMB\u00c9M OS ALUNOS DA REFERIDA ESCOLA."}, {"id": "1553", "ano": "2012", "numero": "152", "tipo__sigla": "IND", "tipo__descricao": "Indica\u00e7\u00e3o", "autoria": "Cabral", "texto_original": "http://sapl.marechalfloriano.es.leg.br/media/./sapl/public/materialegislativa/2012/1553/1553_texto_integral.jpeg", "ementa": "DISPONIBILIZAR UM DENTISTA E UM PEDIATRA PARA ATENDER PELO MENOS TR\u00caS VEZES POR SEMANA, NA UNIDADE DE SA\u00daDE DO BAIRRO SANTA RITA."}, {"id": "1552", "ano": "2012", "numero": "153", "tipo__sigla": "IND", "tipo__descricao": "Indica\u00e7\u00e3o", "autoria": "Cabral", "texto_original": "http://sapl.marechalfloriano.es.leg.br/media/./sapl/public/materialegislativa/2012/1552/1552_texto_integral.jpeg", "ementa": "FAZER O DESMEMBRAMENTO DAS ESCRITURAS DO CONJUNTO HABITACIONAL S\u00c9RGIO SEBASTI\u00c3O STEIN E DO ANTIGO CONJUNTO QUE FICA DEPOIS DO SUPERMERCADO BEM VINDO, VISANDO HABILITAR OS MORADORES ARA OBTEREM EMPR\u00c9STIMOS JUNTO A CAIXA  ECON\u00d4MICA FEDERAL, PARA MELHORIA DE SUAS RESID\u00caNCIAS, J\u00c1 QUE, SEM O MESMO ELES FICAM IMPOSSIBILITADOS PARA TAL PROCEDIMENTO JUNTO \u00c0 REFERIDA AGENCIA BANCARIA."}, {"id": "1551", "ano": "2012", "numero": "154", "tipo__sigla": "IND", "tipo__descricao": "Indica\u00e7\u00e3o", "autoria": "Alo\u00edsio M\u00f3dolo de Almeida", "texto_original": "http://sapl.marechalfloriano.es.leg.br/media/./sapl/public/materialegislativa/2012/1551/1551_texto_integral.jpeg", "ementa": "QUE O PODER EXECUTIVO MUNICIPAL PROCEDA COM A REALIZA\u00c7\u00c3O DE DIVERSAS MELHORIAS NA RUA DOZINO MONTEIRO DE PAULA, EM PARALELO A RUA PROFESSORA CECILIA PITANGA."}, {"id": "1550", "ano": "2012", "numero": "155", "tipo__sigla": "IND", "tipo__descricao": "Indica\u00e7\u00e3o", "autoria": "Alo\u00edsio M\u00f3dolo de Almeida", "texto_original": "http://sapl.marechalfloriano.es.leg.br/media/./sapl/public/materialegislativa/2012/1550/1550_texto_integral.jpeg", "ementa": "QUE O PODER EXECUTIVO MUNICIPAL PROVIDENCIE O CAL\u00c7AMENTO DE UM P\u00c1TIO EM FRENTE AOS COM\u00c9RCIOS, SHOPCAR, MASTER MOTOS E JMK AUTO EL\u00c9TRICA LOCALIZADOS EM PARALELO A BR 262."}, {"id": "1549", "ano": "2012", "numero": "156", "tipo__sigla": "IND", "tipo__descricao": "Indica\u00e7\u00e3o", "autoria": "Cabral", "texto_original": "http://sapl.marechalfloriano.es.leg.br/media/./sapl/public/materialegislativa/2012/1549/1549_texto_integral.jpeg", "ementa": "PAVIMENTA\u00c7\u00c3O ASF\u00c1LTICA INTERLIGANDO A RUA GUSTAVO HERTEL, AT\u00c9 O BAIRRO NOSSA SENHORA DA PENHA."}, {"id": "1548", "ano": "2012", "numero": "157", "tipo__sigla": "IND", "tipo__descricao": "Indica\u00e7\u00e3o", "autoria": "Cabral", "texto_original": "http://sapl.marechalfloriano.es.leg.br/media/./sapl/public/materialegislativa/2012/1548/1548_texto_integral.jpeg", "ementa": "QUE O PODER EXECUTIVO MUNICIPAL PROCEDA COM  A AQUISI\u00c7\u00c3O DE DIVERSOS EQUIPAMENTOS PARA QUE A POLICL\u00cdNICA POSSA REALIZAR EXAMES COMO: MAMOGRAFIA,RAIO X E OUTROS."}, {"id": "1547", "ano": "2012", "numero": "158", "tipo__sigla": "IND", "tipo__descricao": "Indica\u00e7\u00e3o", "autoria": "Abel  Bungenstab", "texto_original": "http://sapl.marechalfloriano.es.leg.br/media/./sapl/public/materialegislativa/2012/1547/1547_texto_integral.jpeg", "ementa": "PINTURA DAS FAIXAS DE SINALIZA\u00c7\u00c3O HORIZONTAL PARA ESTACIONAMENTO DE MOTOCICLETAS,BEM COMO, CRIA\u00c7\u00c3O DE NOVAS VAGAS PARA ESTACIONAMENTO."}, {"id": "1546", "ano": "2012", "numero": "159", "tipo__sigla": "IND", "tipo__descricao": "Indica\u00e7\u00e3o", "autoria": "Cabral", "texto_original": "http://sapl.marechalfloriano.es.leg.br/media/./sapl/public/materialegislativa/2012/1546/1546_texto_integral.jpeg", "ementa": "CRIA\u00c7\u00c3O DE UM NOVO PO\u00c7O ARTESIANO PARA A COMUNIDADE DE BETINHO DE SIMON."}, {"id": "1545", "ano": "2012", "numero": "160", "tipo__sigla": "IND", "tipo__descricao": "Indica\u00e7\u00e3o", "autoria": "Cabral", "texto_original": "http://sapl.marechalfloriano.es.leg.br/media/./sapl/public/materialegislativa/2012/1545/1545_texto_integral.jpeg", "ementa": "QUE O PODER EXECUTIVO PROVIDENCIE A CONTRATA\u00c7\u00c3O DE 1 M\u00c9DICO PEDIATRA PARA ATENDER AOS PACIENTES QUE PROCURAM ATENDIMENTO NO POSTO SANTA RITA."}, {"id": "1544", "ano": "2012", "numero": "161", "tipo__sigla": "IND", "tipo__descricao": "Indica\u00e7\u00e3o", "autoria": "Alo\u00edsio M\u00f3dolo de Almeida", "texto_original": "http://sapl.marechalfloriano.es.leg.br/media/./sapl/public/materialegislativa/2012/1544/1544_texto_integral.jpeg", "ementa": "QUE O PODER EXECUTIVO AUXILIE O PROJETO SOCIAL DA BANDA JUNIOR DA POLICIA MILITAR, ATRAV\u00c9S DA AQUISI\u00c7\u00c3O DE INSTRUMENTOS MUSICAIS."}, {"id": "1543", "ano": "2012", "numero": "162", "tipo__sigla": "IND", "tipo__descricao": "Indica\u00e7\u00e3o", "autoria": "Cabral", "texto_original": "http://sapl.marechalfloriano.es.leg.br/media/./sapl/public/materialegislativa/2012/1543/1543_texto_integral.jpeg", "ementa": "TROCA DE LUMIN\u00c1RIAS E LIMPEZA GERAL DA RUA DELIMAR SCHUNCK;\r\nSERVI\u00c7O DE CASCALHAMENTO DA RUA JOS\u00c9 LOVATTI, LOCALIZADA NO MORRO DA MACEFEL."}, {"id": "1542", "ano": "2012", "numero": "163", "tipo__sigla": "IND", "tipo__descricao": "Indica\u00e7\u00e3o", "autoria": "Juarez Xavier", "texto_original": "http://sapl.marechalfloriano.es.leg.br/media/./sapl/public/materialegislativa/2012/1542/1542_texto_integral.jpeg", "ementa": "INTERVEN\u00c7\u00c3O DO PODER EXECUTIVO MUNICIPAL, JUNTO AO DER-ES, SOLICITANDO A INSTALA\u00c7\u00c3O DE DOIS QUEBRA-MOLAS,PR\u00d3XIMO AO COM\u00c9RCIO DO SENHOR CHICO, LOCALIZADO NA RODOVIA LAURO PEREIRA COIMBRA, QUE INTERLIGA A BR 262 EM VICTOR HUGO A S\u00c3O BENTO DE UR\u00c2NIA."}, {"id": "1541", "ano": "2012", "numero": "164", "tipo__sigla": "IND", "tipo__descricao": "Indica\u00e7\u00e3o", "autoria": "Paulo Lovatti Junior", "texto_original": "http://sapl.marechalfloriano.es.leg.br/media/./sapl/public/materialegislativa/2012/1541/1541_texto_integral.jpeg", "ementa": "VIABILIZAR A COLOCA\u00c7\u00c3O DE PROTE\u00c7\u00c3O LATERAL NA PONTE PR\u00d3XIMO AO PR\u00c9DIO DE SECRETARIA MUNICIPAL DE EDUCA\u00c7\u00c3O, LOCALIZADA NA RUA VICTOR TRAV\u00c1GLIA."}, {"id": "1540", "ano": "2012", "numero": "165", "tipo__sigla": "IND", "tipo__descricao": "Indica\u00e7\u00e3o", "autoria": "Cabral", "texto_original": "http://sapl.marechalfloriano.es.leg.br/media/./sapl/public/materialegislativa/2012/1540/1540_texto_integral.jpeg", "ementa": "QUE O PODER EXECUTIVO PROVIDENCIE O T\u00c9RMINO DO CAL\u00c7AMENTO DO BAIRRO NOSSA SENHORA DA PENHA, ANTIGA VILA VENTEM, LOCALIZADO PR\u00d3XIMO A \u00c1REA DE LAZER DO SENHOR JO\u00c3O STEIN."}, {"id": "1539", "ano": "2012", "numero": "166", "tipo__sigla": "IND", "tipo__descricao": "Indica\u00e7\u00e3o", "autoria": "Cabral", "texto_original": "http://sapl.marechalfloriano.es.leg.br/media/./sapl/public/materialegislativa/2012/1539/1539_texto_integral.jpeg", "ementa": "QUE O PODER EXECUTIVO REGULARIZE O REPASSE PARA A ENTIDADE \"SOU FELIZ\", TENDO EM VISTA QUE O MESMO ENCONTRA-SE EM ATRASO, REFERENTE AOS MESES DE SETEMBRO E OUTUBRO, E, NOVEMBRO A VENCER."}, {"id": "1538", "ano": "2012", "numero": "167", "tipo__sigla": "IND", "tipo__descricao": "Indica\u00e7\u00e3o", "autoria": "Alo\u00edsio M\u00f3dolo de Almeida", "texto_original": "http://sapl.marechalfloriano.es.leg.br/media/./sapl/public/materialegislativa/2012/1538/1538_texto_integral.jpeg", "ementa": "QUE DENTRO DAS POSSIBILIDADES, O PODER EXECUTIVO UTILIZE OS RECURSOS FINANCEIROS, VIABILIZANDO A LIMPEZA E DESASSOREAMENTO DO RIO BRA\u00c7O SUL."}, {"id": "1537", "ano": "2012", "numero": "168", "tipo__sigla": "IND", "tipo__descricao": "Indica\u00e7\u00e3o", "autoria": "Cabral", "texto_original": "http://sapl.marechalfloriano.es.leg.br/media/./sapl/public/materialegislativa/2012/1537/1537_texto_integral.jpeg", "ementa": "QUE O PODER EXECUTIVO MUNICIPAL REALIZE UMA OPERA\u00c7\u00c3O TAPA BURACOS NAS RUAS GUSTAVO HERTEL E RUA HELENA SANTA CLARA."}, {"id": "1536", "ano": "2012", "numero": "169", "tipo__sigla": "IND", "tipo__descricao": "Indica\u00e7\u00e3o", "autoria": "Paulo Lovatti Junior", "texto_original": "http://sapl.marechalfloriano.es.leg.br/media/./sapl/public/materialegislativa/2012/1536/1536_texto_integral.jpeg", "ementa": "MELHORIA EM FRENTE AO \"ZOO PARK DA MONTANHA\", ZOOL\u00d3GICO LOCALIZADO NO S\u00cdTIO DA VOV\u00d3, NA ESTRADA DE RIO FUNDO, NESTE MUNIC\u00cdPIO."}, {"id": "1535", "ano": "2012", "numero": "170", "tipo__sigla": "IND", "tipo__descricao": "Indica\u00e7\u00e3o", "autoria": "Cabral", "texto_original": "http://sapl.marechalfloriano.es.leg.br/media/./sapl/public/materialegislativa/2012/1535/1535_texto_integral.jpeg", "ementa": "REGULARIZA\u00c7\u00c3O DA COLETA DE LIXO NO INTERIOR E NA SEDE DO MUNIC\u00cdPIO."}, {"id": "1534", "ano": "2012", "numero": "171", "tipo__sigla": "IND", "tipo__descricao": "Indica\u00e7\u00e3o", "autoria": "Cabral", "texto_original": "http://sapl.marechalfloriano.es.leg.br/media/./sapl/public/materialegislativa/2012/1534/1534_texto_integral.pdf", "ementa": "CONCESS\u00c3O DE ABONO SALARIAL AOS AGENTES COMUNIT\u00c1RIOS DE SA\u00daDE DO MUNIC\u00cdPIO DE MARECHAL FLORIANO."}, {"id": "1847", "ano": "2012", "numero": "1", "tipo__sigla": "MOC", "tipo__descricao": "Mo\u00e7\u00e3o", "autoria": "", "texto_original": "http://sapl.marechalfloriano.es.leg.br/media/./sapl/public/materialegislativa/2012/1847/1847_texto_integral.jpeg", "ementa": "MO\u00c7\u00c3O DE PESAR, AOS FAMILIARES DO SENHOR JAIR BATISTA ARAUJO, EM FACE DE SEU FALECIMENTO."}, {"id": "1848", "ano": "2012", "numero": "2", "tipo__sigla": "MOC", "tipo__descricao": "Mo\u00e7\u00e3o", "autoria": "", "texto_original": "http://sapl.marechalfloriano.es.leg.br/media/./sapl/public/materialegislativa/2012/1848/1848_texto_integral.jpeg", "ementa": "MO\u00c7\u00c3O DE APLAUSO E RECONHECIMENTO, AO ILUSTR\u00cdSSIMO SENHOR JAIR BORGO."}, {"id": "1849", "ano": "2012", "numero": "3", "tipo__sigla": "MOC", "tipo__descricao": "Mo\u00e7\u00e3o", "autoria": "", "texto_original": "http://sapl.marechalfloriano.es.leg.br/media/./sapl/public/materialegislativa/2012/1849/1849_texto_integral.jpeg", "ementa": "MO\u00c7\u00c3O DE APOIO E SOLIDARIEDADE, AO ILUSTR\u00cdSSIMO SENHOR CIRO RIBET E SUA FAM\u00cdLIA."}, {"id": "1851", "ano": "2012", "numero": "4", "tipo__sigla": "MOC", "tipo__descricao": "Mo\u00e7\u00e3o", "autoria": "", "texto_original": "http://sapl.marechalfloriano.es.leg.br/media/./sapl/public/materialegislativa/2012/1851/1851_texto_integral.pdf", "ementa": "MO\u00c7\u00c3O DE APLAUSO E RECONHECIMENTO AO EXCELENT\u00cdSSIMO SENHOR WANZETE KRUGER."}, {"id": "1852", "ano": "2012", "numero": "5", "tipo__sigla": "MOC", "tipo__descricao": "Mo\u00e7\u00e3o", "autoria": "", "texto_original": "http://sapl.marechalfloriano.es.leg.br/media/./sapl/public/materialegislativa/2012/1852/1852_texto_integral.jpeg", "ementa": "MO\u00c7\u00c3O DE APLAUSO E RECONHECIMENTO, AO ILUSTR\u00cdSSIMO SENHOR NATALINO BIANCHI NETO, COORDENADOR DO CONSELHO DA IGREJA CAT\u00d3LICA NA PAR\u00d3QUIA DE SANT'ANA E OS DEMAIS MEMBROS."}, {"id": "1854", "ano": "2012", "numero": "6", "tipo__sigla": "MOC", "tipo__descricao": "Mo\u00e7\u00e3o", "autoria": "", "texto_original": "http://sapl.marechalfloriano.es.leg.br/media/./sapl/public/materialegislativa/2012/1854/1854_texto_integral.jpeg", "ementa": "MO\u00c7\u00c3O DE APLAUSO E RECONHECIMENTO, AO CASAL EMPREENDEDOR F\u00c1BIO CARLOS KLIPPEL ANDRADE E SUA ESPOSA EVANILDA MAIER KLIPPEL ANDRADE PROPRIET\u00c1RIOS DA LOJA CAMBALACHO E FOTOMANIA."}, {"id": "1855", "ano": "2012", "numero": "7", "tipo__sigla": "MOC", "tipo__descricao": "Mo\u00e7\u00e3o", "autoria": "", "texto_original": "http://sapl.marechalfloriano.es.leg.br/media/./sapl/public/materialegislativa/2012/1855/1855_texto_integral.jpeg", "ementa": "MO\u00c7\u00c3O DE APLAUSO E RECONHECIMENTO, AS ILUSTR\u00cdSSIMAS SENHORAS SILVANA FONSECA DOS SANTOS E JOCILENE DA SILVA STEIN."}, {"id": "1856", "ano": "2012", "numero": "8", "tipo__sigla": "MOC", "tipo__descricao": "Mo\u00e7\u00e3o", "autoria": "", "texto_original": "http://sapl.marechalfloriano.es.leg.br/media/./sapl/public/materialegislativa/2012/1856/1856_texto_integral.jpeg", "ementa": "MO\u00c7\u00c3O DE PROFUNDO PESAR AO FALECIMENTO DO SR. ALCEMIR KIEFER."}, {"id": "1858", "ano": "2012", "numero": "9", "tipo__sigla": "MOC", "tipo__descricao": "Mo\u00e7\u00e3o", "autoria": "", "texto_original": "http://sapl.marechalfloriano.es.leg.br/media/./sapl/public/materialegislativa/2012/1858/1858_texto_integral.jpeg", "ementa": "MO\u00c7\u00c3O DE APLAUSO E RECONHECIMENTO, AO ILUSTR\u00cdSSIMO SENHOR F\u00c1BIO STEIN, COORDENADOR MUNICIPAL DA DEFESA CIVIL DE MARECHAL FLORIANO - ES."}, {"id": "1860", "ano": "2012", "numero": "10", "tipo__sigla": "MOC", "tipo__descricao": "Mo\u00e7\u00e3o", "autoria": "", "texto_original": "http://sapl.marechalfloriano.es.leg.br/media/./sapl/public/materialegislativa/2012/1860/1860_texto_integral.jpeg", "ementa": "MO\u00c7\u00c3O DE APLAUSO E RECONHECIMENTO, AOS ILUSTR\u00cdSSIMOS SENHORES ANTONIO M\u00c1RCIO BIANCHI E SIDINEY KLIPPEL."}, {"id": "1862", "ano": "2012", "numero": "11", "tipo__sigla": "MOC", "tipo__descricao": "Mo\u00e7\u00e3o", "autoria": "", "texto_original": "http://sapl.marechalfloriano.es.leg.br/media/./sapl/public/materialegislativa/2012/1862/1862_texto_integral.pdf", "ementa": "MO\u00c7\u00c3O DE APLAUSO E RECONHECIMENTO, AOS POLICIAIS DA 6\u00aa CIA INDEPENDENTE DE MARECHAL FLORIANO, EM ESPECIAL O EXM\u00b0 SR. MAJOR MARCELO CORREA MUNIZ E O EXM\u00b0 SR. CAPIT\u00c3O EDINEI BALBINO DE SOUZA."}, {"id": "1864", "ano": "2012", "numero": "12", "tipo__sigla": "MOC", "tipo__descricao": "Mo\u00e7\u00e3o", "autoria": "", "texto_original": "http://sapl.marechalfloriano.es.leg.br/media/./sapl/public/materialegislativa/2012/1864/1864_texto_integral.jpeg", "ementa": "MO\u00c7\u00c3O DE APOIO E SOLIDARIEDADE A IGREJA CRIST\u00c3 MARANATA DE MARECHAL FLORIANO."}, {"id": "1865", "ano": "2012", "numero": "13", "tipo__sigla": "MOC", "tipo__descricao": "Mo\u00e7\u00e3o", "autoria": "", "texto_original": "http://sapl.marechalfloriano.es.leg.br/media/./sapl/public/materialegislativa/2012/1865/1865_texto_integral.jpeg", "ementa": "MO\u00c7\u00c3O DE APLAUSO E RECONHECIMENTO, AO ILUSTR\u00cdSSIMO SENHOR JAIMILSON KUSTER."}, {"id": "1866", "ano": "2012", "numero": "14", "tipo__sigla": "MOC", "tipo__descricao": "Mo\u00e7\u00e3o", "autoria": "", "texto_original": "http://sapl.marechalfloriano.es.leg.br/media/./sapl/public/materialegislativa/2012/1866/1866_texto_integral.pdf", "ementa": "MO\u00c7\u00c3O DE SOLIDARIEDADE A ILUSTR\u00cdSSIMA SENHORA SILVIA GUEDES ALCOFORADO."}, {"id": "1867", "ano": "2012", "numero": "15", "tipo__sigla": "MOC", "tipo__descricao": "Mo\u00e7\u00e3o", "autoria": "", "texto_original": "http://sapl.marechalfloriano.es.leg.br/media/./sapl/public/materialegislativa/2012/1867/1867_texto_integral.pdf", "ementa": "MO\u00c7\u00c3O DE APLAUSO E RECONHECIMENTO, AOS NOBRES EMPRES\u00c1RIOS DO RAMO DA AVICULTURA CAPIXABA, OS SENHORES ITAMAR KLEIN, ODERLI SCHNEIDER E OZ\u00d3RIO SCHENEIDER."}, {"id": "1869", "ano": "2012", "numero": "16", "tipo__sigla": "MOC", "tipo__descricao": "Mo\u00e7\u00e3o", "autoria": "", "texto_original": "http://sapl.marechalfloriano.es.leg.br/media/./sapl/public/materialegislativa/2012/1869/1869_texto_integral.jpeg", "ementa": "MO\u00c7\u00c3O DE APLAUSO E CONGRATULA\u00c7\u00d5ES, AO EXCELENT\u00cdSSIMO SENHOR CARLOS MARCELO D'ISEP COSTA, TENENTE CORONEL DO CORPO DE BOMBEIROS DO ESTADO DO ESPIRITO SANTO."}, {"id": "1870", "ano": "2012", "numero": "17", "tipo__sigla": "MOC", "tipo__descricao": "Mo\u00e7\u00e3o", "autoria": "", "texto_original": "http://sapl.marechalfloriano.es.leg.br/media/./sapl/public/materialegislativa/2012/1870/1870_texto_integral.jpeg", "ementa": "MO\u00c7\u00c3O DE APLAUSO E RECONHECIMENTO, AO ILUSTR\u00cdSSIMO SENHOR AN\u00cdSIO KILL."}, {"id": "1872", "ano": "2012", "numero": "18", "tipo__sigla": "MOC", "tipo__descricao": "Mo\u00e7\u00e3o", "autoria": "", "texto_original": "http://sapl.marechalfloriano.es.leg.br/media/./sapl/public/materialegislativa/2012/1872/1872_texto_integral.jpeg", "ementa": "MO\u00c7\u00c3O DE APLAUSO E RECONHECIMENTO, AO ILUSTR\u00cdSSIMO SENHOR VICTOR ESTEV\u00c3O KLIPPEL, EM FACE A REALIZA\u00c7\u00c3O DA 1\u00aa COPA MASTER DE FUTEBOL SOCIETY."}, {"id": "1874", "ano": "2012", "numero": "19", "tipo__sigla": "MOC", "tipo__descricao": "Mo\u00e7\u00e3o", "autoria": "", "texto_original": "http://sapl.marechalfloriano.es.leg.br/media/./sapl/public/materialegislativa/2012/1874/1874_texto_integral.jpeg", "ementa": "MO\u00c7\u00c3O DE APLAUSO AO ILMO SR. CESAR ABEL KROHLING, PELA APROVA\u00c7\u00c3O E NOMEA\u00c7\u00c3O NO CONCURSO P\u00daBLICO DO INCAPER."}, {"id": "1875", "ano": "2012", "numero": "20", "tipo__sigla": "MOC", "tipo__descricao": "Mo\u00e7\u00e3o", "autoria": "", "texto_original": "http://sapl.marechalfloriano.es.leg.br/media/./sapl/public/materialegislativa/2012/1875/1875_texto_integral.jpeg", "ementa": "MO\u00c7\u00c3O DE PROFUNDO PESAR PELO FALECIMENTO DA SR\u00aa. ZULANIA BUNGENSTAB BOTELHO."}, {"id": "1876", "ano": "2012", "numero": "21", "tipo__sigla": "MOC", "tipo__descricao": "Mo\u00e7\u00e3o", "autoria": "", "texto_original": "http://sapl.marechalfloriano.es.leg.br/media/./sapl/public/materialegislativa/2012/1876/1876_texto_integral.jpeg", "ementa": "MO\u00c7\u00c3O DE APLAUSO AO ILMO SR. MARCOS LUCIO MIRANDA."}, {"id": "1878", "ano": "2012", "numero": "22", "tipo__sigla": "MOC", "tipo__descricao": "Mo\u00e7\u00e3o", "autoria": "", "texto_original": "http://sapl.marechalfloriano.es.leg.br/media/./sapl/public/materialegislativa/2012/1878/1878_texto_integral.jpeg", "ementa": "MO\u00c7\u00c3O DE APLAUSO, AO ILMO SR. ERASMO SCHWANZ."}, {"id": "1881", "ano": "2012", "numero": "23", "tipo__sigla": "MOC", "tipo__descricao": "Mo\u00e7\u00e3o", "autoria": "", "texto_original": "http://sapl.marechalfloriano.es.leg.br/media/./sapl/public/materialegislativa/2012/1881/1881_texto_integral.jpeg", "ementa": "MO\u00c7\u00c3O DE APLAUSO E RECONHECIMENTO, EM FACE DO EXCELENTE TRABALHO REALIZADO POR TODA A EQUIPE DO PSF DE ARAGUAIA QUE ATENDE  AS COMUNIDADES DE ARAGUAIA E RIO FUNDO, AO M\u00c9DICO RESPONS\u00c1VEL,O ILUSTR\u00cdSSIMO DR. GERALDO DE SOUSA PIRES, O ILUSTR\u00cdSSIMO SENHOR DR.ALEX, DENTISTA, ENFERMEIRA, SENHOR SILMARA BRUNA ZAMBOM, AS T\u00c9CNICAS DE ENFERMAGEM PATRICIA SCHNEIDER E HELENA MARA MAJESKI, E AS AGENTES DE SA\u00daDE JOCILENE PETERLE, MARISA KIFFER,REGINA CALVI LUDWIG, MARGARIDA BUSATO, AUXILIAR DE DENTISTA VERA L\u00daCIA VELTEM E A AUXILIAR DE ERVI\u00c7OS GERAIS MARIA APARECIDA TRARBACH, SEMPRE ATENDENDO A TODOS COM MUITA PRESTEZA E DEDICA\u00c7\u00c3O."}, {"id": "1882", "ano": "2012", "numero": "24", "tipo__sigla": "MOC", "tipo__descricao": "Mo\u00e7\u00e3o", "autoria": "", "texto_original": "http://sapl.marechalfloriano.es.leg.br/media/./sapl/public/materialegislativa/2012/1882/1882_texto_integral.jpeg", "ementa": "MO\u00c7\u00c3O DE APLAUSO E RECONHECIMENTO, AO ILUSTR\u00cdSSIMO SENHOR ESPIRIDI\u00c3O BRITO."}, {"id": "1883", "ano": "2012", "numero": "25", "tipo__sigla": "MOC", "tipo__descricao": "Mo\u00e7\u00e3o", "autoria": "", "texto_original": "http://sapl.marechalfloriano.es.leg.br/media/./sapl/public/materialegislativa/2012/1883/1883_texto_integral.jpeg", "ementa": "MO\u00c7\u00c3O DE APLAUSO E RECONHECIMENTO, AO ILUSTR\u00cdSSIMO SENHOR JOHNATHAN AREAL ALVES."}, {"id": "1884", "ano": "2012", "numero": "26", "tipo__sigla": "MOC", "tipo__descricao": "Mo\u00e7\u00e3o", "autoria": "", "texto_original": "http://sapl.marechalfloriano.es.leg.br/media/./sapl/public/materialegislativa/2012/1884/1884_texto_integral.jpeg", "ementa": "MO\u00c7\u00c3O DE APLAUSO E RECONHECIMENTO, A SENHORA LIANE MARIA BRAVIM CATELAN,TODOS OS PROFESSORES E TODOS OS ALUNOS DA ESCOLA ESTADUAL VICT\u00d3RIO BRAVIM."}, {"id": "1887", "ano": "2012", "numero": "27", "tipo__sigla": "MOC", "tipo__descricao": "Mo\u00e7\u00e3o", "autoria": "", "texto_original": "http://sapl.marechalfloriano.es.leg.br/media/./sapl/public/materialegislativa/2012/1887/1887_texto_integral.jpeg", "ementa": "MO\u00c7\u00c3O DE APLAUSO E RECONHECIMENTO, AO EXMO SR. MAJOR MARCELO CORREA MUNIZ E EXM\u00b0. SR. CAPIT\u00c3O EDINEY BALBINO DE SOUZA."}, {"id": "1888", "ano": "2012", "numero": "28", "tipo__sigla": "MOC", "tipo__descricao": "Mo\u00e7\u00e3o", "autoria": "", "texto_original": "http://sapl.marechalfloriano.es.leg.br/media/./sapl/public/materialegislativa/2012/1888/1888_texto_integral.jpeg", "ementa": "MO\u00c7\u00c3O DE PESAR AOS FAMILIARES DO SENHOR WALDEMIRO ENTRINGER, EM FACE DO SEU FALECIMENTO."}, {"id": "1889", "ano": "2012", "numero": "29", "tipo__sigla": "MOC", "tipo__descricao": "Mo\u00e7\u00e3o", "autoria": "", "texto_original": "http://sapl.marechalfloriano.es.leg.br/media/./sapl/public/materialegislativa/2012/1889/1889_texto_integral.pdf", "ementa": "MO\u00c7\u00c3O DE APLAUSO A SR\u00aa. EVANILDA MAYER DE ANDRADE E FAM\u00cdLIA PELO DESEMPENHO NESTE EMPREENDIMENTO, DESEJANDO-LHE MUITO SUCESSO NESTA TRAJET\u00d3RIA."}, {"id": "1891", "ano": "2012", "numero": "30", "tipo__sigla": "MOC", "tipo__descricao": "Mo\u00e7\u00e3o", "autoria": "", "texto_original": "http://sapl.marechalfloriano.es.leg.br/media/./sapl/public/materialegislativa/2012/1891/1891_texto_integral.jpeg", "ementa": "MO\u00c7\u00c3O DE PROFUNDO PESAR PELO PASSAMENTO DO SR. ANTONIO MODOLO."}, {"id": "1892", "ano": "2012", "numero": "31", "tipo__sigla": "MOC", "tipo__descricao": "Mo\u00e7\u00e3o", "autoria": "", "texto_original": "http://sapl.marechalfloriano.es.leg.br/media/./sapl/public/materialegislativa/2012/1892/1892_texto_integral.jpeg", "ementa": "MO\u00c7\u00c3O DE PESAR AOS FAMILIARES DO JOVEM WAGNER RIBET, EM FACE DO SEU FALECIMENTO."}, {"id": "1845", "ano": "2012", "numero": "32", "tipo__sigla": "MOC", "tipo__descricao": "Mo\u00e7\u00e3o", "autoria": "", "texto_original": "http://sapl.marechalfloriano.es.leg.br/media/./sapl/public/materialegislativa/2012/1845/1845_texto_integral.pdf", "ementa": "MO\u00c7\u00c3O DE APLAUSO E RECONHECIMENTO AO EXM\u00b0.SENHOR JUAREZ JOS\u00c9 XAVIER, PELO EXEMPLO DE PROFISSIONALISMO E CAR\u00c1TER, E REQUEIRO AINDA,QUE SEJA DADO CI\u00caNCIA AO AGRACIADO."}, {"id": "1844", "ano": "2012", "numero": "33", "tipo__sigla": "MOC", "tipo__descricao": "Mo\u00e7\u00e3o", "autoria": "", "texto_original": "http://sapl.marechalfloriano.es.leg.br/media/", "ementa": "MO\u00c7\u00c3O DE PROFUNDO PESAR PELO FALECIMENTO DA SR\u00aa ADELIA MARIA VANELI LEMOS."}, {"id": "1843", "ano": "2012", "numero": "34", "tipo__sigla": "MOC", "tipo__descricao": "Mo\u00e7\u00e3o", "autoria": "", "texto_original": "http://sapl.marechalfloriano.es.leg.br/media/./sapl/public/materialegislativa/2012/1843/1843_texto_integral.jpeg", "ementa": "MO\u00c7\u00c3O DE APLAUSO E RECONHECIMENTO, AO SR. ROMILDO LOUREIRO SANTOS."}, {"id": "1841", "ano": "2012", "numero": "35", "tipo__sigla": "MOC", "tipo__descricao": "Mo\u00e7\u00e3o", "autoria": "", "texto_original": "http://sapl.marechalfloriano.es.leg.br/media/./sapl/public/materialegislativa/2012/1841/1841_texto_integral.pdf", "ementa": "MO\u00c7\u00c3O DE APLAUSO E CONGRATULA\u00c7\u00d5ES, AO ILUSTR\u00cdSSIMO SENHOR DR. ANTONIO MIRANDO SMITH."}, {"id": "1840", "ano": "2012", "numero": "36", "tipo__sigla": "MOC", "tipo__descricao": "Mo\u00e7\u00e3o", "autoria": "", "texto_original": "http://sapl.marechalfloriano.es.leg.br/media/./sapl/public/materialegislativa/2012/1840/1840_texto_integral.jpeg", "ementa": "MO\u00c7\u00c3O DE APLAUSO E RECONHECIMENTO, AO ILUSTR\u00cdSSIMO SENHOR RAEL S\u00c9RGIO."}, {"id": "1838", "ano": "2012", "numero": "37", "tipo__sigla": "MOC", "tipo__descricao": "Mo\u00e7\u00e3o", "autoria": "", "texto_original": "http://sapl.marechalfloriano.es.leg.br/media/./sapl/public/materialegislativa/2012/1838/1838_texto_integral.jpeg", "ementa": "MO\u00c7\u00c3O DE PESAR PELO FALECIMENTO DA SR\u00aa ELIDE REGIANNE CATELAN."}, {"id": "1836", "ano": "2012", "numero": "38", "tipo__sigla": "MOC", "tipo__descricao": "Mo\u00e7\u00e3o", "autoria": "", "texto_original": "http://sapl.marechalfloriano.es.leg.br/media/./sapl/public/materialegislativa/2012/1836/1836_texto_integral.jpeg", "ementa": "MO\u00c7\u00c3O DE APLAUSO E RECONHECIMENTO, EM COMEMORA\u00c7\u00c3O A PASSAGEM DO DIA 1\u00b0 DE MAIO - DIA MUNDIAL DO TRABALHADOR."}, {"id": "1835", "ano": "2012", "numero": "39", "tipo__sigla": "MOC", "tipo__descricao": "Mo\u00e7\u00e3o", "autoria": "", "texto_original": "http://sapl.marechalfloriano.es.leg.br/media/./sapl/public/materialegislativa/2012/1835/1835_texto_integral.jpeg", "ementa": "MO\u00c7\u00c3O DE PESAR AOS FAMILIARES DO SENHOR CELESTINO DE ALMEIDA MACHADO, EM FACE DE SEU FALECIMENTO."}, {"id": "1833", "ano": "2012", "numero": "40", "tipo__sigla": "MOC", "tipo__descricao": "Mo\u00e7\u00e3o", "autoria": "", "texto_original": "http://sapl.marechalfloriano.es.leg.br/media/./sapl/public/materialegislativa/2012/1833/1833_texto_integral.pdf", "ementa": "MO\u00c7\u00c3O DE APLAUSO E RECONHECIMENTO, AO ILUSTR\u00cdSSIMO SENHOR NELSON CORREA."}, {"id": "1832", "ano": "2012", "numero": "41", "tipo__sigla": "MOC", "tipo__descricao": "Mo\u00e7\u00e3o", "autoria": "", "texto_original": "http://sapl.marechalfloriano.es.leg.br/media/./sapl/public/materialegislativa/2012/1832/1832_texto_integral.jpeg", "ementa": "MO\u00c7\u00c3O DE PROFUNDO PESAR PELO PASSAMENTO DO SR. ITAMAR RAASCH."}, {"id": "1830", "ano": "2012", "numero": "42", "tipo__sigla": "MOC", "tipo__descricao": "Mo\u00e7\u00e3o", "autoria": "", "texto_original": "http://sapl.marechalfloriano.es.leg.br/media/./sapl/public/materialegislativa/2012/1830/1830_texto_integral.jpeg", "ementa": "MO\u00c7\u00c3O DE PROFUNDO PESAR PELO PASSAMENTO DO SR. JOS\u00c9 RAFAEL ALVES."}, {"id": "1828", "ano": "2012", "numero": "44", "tipo__sigla": "MOC", "tipo__descricao": "Mo\u00e7\u00e3o", "autoria": "", "texto_original": "http://sapl.marechalfloriano.es.leg.br/media/./sapl/public/materialegislativa/2012/1828/1828_texto_integral.jpeg", "ementa": "MO\u00c7\u00c3O DE APLAUSO E FELICITA\u00c7\u00d5ES AO ILUSTR\u00cdSSIMO SENHOR HENRIQUE RAASCH."}, {"id": "1826", "ano": "2012", "numero": "45", "tipo__sigla": "MOC", "tipo__descricao": "Mo\u00e7\u00e3o", "autoria": "", "texto_original": "http://sapl.marechalfloriano.es.leg.br/media/./sapl/public/materialegislativa/2012/1826/1826_texto_integral.jpeg", "ementa": "MO\u00c7\u00c3O DE PESAR AOS FAMILIARES DO SENHOR GERMANO KOEHLER, EM FACE DE SEU FALECIMENTO."}, {"id": "1825", "ano": "2012", "numero": "46", "tipo__sigla": "MOC", "tipo__descricao": "Mo\u00e7\u00e3o", "autoria": "", "texto_original": "http://sapl.marechalfloriano.es.leg.br/media/./sapl/public/materialegislativa/2012/1825/1825_texto_integral.jpeg", "ementa": "MO\u00c7\u00c3O DE APLAUSOS E RECONHECIMENTO, AO ILUSTR\u00cdSSIMO SENHOR JOS\u00c9 STOCKL."}, {"id": "1824", "ano": "2012", "numero": "47", "tipo__sigla": "MOC", "tipo__descricao": "Mo\u00e7\u00e3o", "autoria": "", "texto_original": "http://sapl.marechalfloriano.es.leg.br/media/./sapl/public/materialegislativa/2012/1824/1824_texto_integral.jpeg", "ementa": "MO\u00c7\u00c3O DE APLAUSOS E RECONHECIMENTO, EM ESPECIAL A EXCELENT\u00cdSSIMA SENHORA ELIANE PAES LORENZONI."}, {"id": "1822", "ano": "2012", "numero": "48", "tipo__sigla": "MOC", "tipo__descricao": "Mo\u00e7\u00e3o", "autoria": "", "texto_original": "http://sapl.marechalfloriano.es.leg.br/media/./sapl/public/materialegislativa/2012/1822/1822_texto_integral.jpeg", "ementa": "MO\u00c7\u00c3O DE APLAUSO E RECONHECIMENTO, EM ESPECIAL A ILUSTR\u00cdSSIMA SENHORA NAIR L\u00daCIA EFFGEM BUNGENSTAB."}, {"id": "1821", "ano": "2012", "numero": "49", "tipo__sigla": "MOC", "tipo__descricao": "Mo\u00e7\u00e3o", "autoria": "", "texto_original": "http://sapl.marechalfloriano.es.leg.br/media/./sapl/public/materialegislativa/2012/1821/1821_texto_integral.jpeg", "ementa": "MO\u00c7\u00c3O DE PESAR AOS FAMILIARES DO SENHOR ANTONIO CARLOS OLIVEIRA, EM FACE DE SEU FALECIMENTO."}, {"id": "1820", "ano": "2012", "numero": "50", "tipo__sigla": "MOC", "tipo__descricao": "Mo\u00e7\u00e3o", "autoria": "", "texto_original": "http://sapl.marechalfloriano.es.leg.br/media/./sapl/public/materialegislativa/2012/1820/1820_texto_integral.jpeg", "ementa": "MO\u00c7\u00c3O DE PESAR AOS FAMILIARES DO SENHOR AFONSO SPERANDIO, EM FACE DO SEU FALECIMENTO."}, {"id": "1819", "ano": "2012", "numero": "51", "tipo__sigla": "MOC", "tipo__descricao": "Mo\u00e7\u00e3o", "autoria": "", "texto_original": "http://sapl.marechalfloriano.es.leg.br/media/./sapl/public/materialegislativa/2012/1819/1819_texto_integral.jpeg", "ementa": "MO\u00c7\u00c3O DE PESAR AOS FAMILIARES DA JOVEM THA\u00cdS LYRIO DE ANDRADE, EM FACE DE SEU FALECIMENTO."}, {"id": "1817", "ano": "2012", "numero": "52", "tipo__sigla": "MOC", "tipo__descricao": "Mo\u00e7\u00e3o", "autoria": "", "texto_original": "http://sapl.marechalfloriano.es.leg.br/media/./sapl/public/materialegislativa/2012/1817/1817_texto_integral.jpeg", "ementa": "MO\u00c7\u00c3O DE APLAUSO E RECONHECIMENTO AO EXCELENT\u00cdSSIMO SENHOR VITOR BELINI ALBERTINO."}, {"id": "1816", "ano": "2012", "numero": "53", "tipo__sigla": "MOC", "tipo__descricao": "Mo\u00e7\u00e3o", "autoria": "", "texto_original": "http://sapl.marechalfloriano.es.leg.br/media/./sapl/public/materialegislativa/2012/1816/1816_texto_integral.jpeg", "ementa": "MO\u00c7\u00c3O DE APLAUSO E RECONHECIMENTO AO ILUSTR\u00cdSSIMO SENHOR JOS\u00c9 ELDER ARREBOLA."}, {"id": "1814", "ano": "2012", "numero": "54", "tipo__sigla": "MOC", "tipo__descricao": "Mo\u00e7\u00e3o", "autoria": "", "texto_original": "http://sapl.marechalfloriano.es.leg.br/media/./sapl/public/materialegislativa/2012/1814/1814_texto_integral.jpeg", "ementa": "MO\u00c7\u00c3O DE PESAR AOS FAMILIARES DA SENHORA LUCIN\u00c9IA GUIMAR\u00c3ES, EM FACE DE SEU FALECIMENTO."}, {"id": "1812", "ano": "2012", "numero": "55", "tipo__sigla": "MOC", "tipo__descricao": "Mo\u00e7\u00e3o", "autoria": "", "texto_original": "http://sapl.marechalfloriano.es.leg.br/media/./sapl/public/materialegislativa/2012/1812/1812_texto_integral.jpeg", "ementa": "MO\u00c7\u00c3O DE APLAUSO E RECONHECIMENTO AO ILUSTR\u00cdSSIMO SENHOR TECLY SANTANA CINTRA."}, {"id": "1810", "ano": "2012", "numero": "56", "tipo__sigla": "MOC", "tipo__descricao": "Mo\u00e7\u00e3o", "autoria": "", "texto_original": "http://sapl.marechalfloriano.es.leg.br/media/./sapl/public/materialegislativa/2012/1810/1810_texto_integral.pdf", "ementa": "MO\u00c7\u00c3O DE APLAUSOS E RECONHECIMENTO A TODOS OS ORGANIZADORES E PESSOAS QUE TRABALHARAM NA REALIZA\u00c7\u00c3O D XIII FESTA ITALEMANHA, NA PESSOA DA EXM\u00aa. SR\u00aa. PREFEITA MUNICIPAL ELIANE PAES LORENZONI, A SR\u00aa. \u00c9DIA KLIPPEL E A SR\u00aa. MARIA GORETH PINTO GERARDHT."}, {"id": "1807", "ano": "2012", "numero": "57", "tipo__sigla": "MOC", "tipo__descricao": "Mo\u00e7\u00e3o", "autoria": "", "texto_original": "http://sapl.marechalfloriano.es.leg.br/media/./sapl/public/materialegislativa/2012/1807/1807_texto_integral.jpeg", "ementa": "MO\u00c7\u00c3O DE APLAUSO E RECONHECIMENTO, \u00c0 EXM\u00aa. SR\u00aa. ELIANE PAES LORENZONI E TODOS OS SECRET\u00c1RIOS MUNICIPAIS."}, {"id": "1805", "ano": "2012", "numero": "58", "tipo__sigla": "MOC", "tipo__descricao": "Mo\u00e7\u00e3o", "autoria": "", "texto_original": "http://sapl.marechalfloriano.es.leg.br/media/./sapl/public/materialegislativa/2012/1805/1805_texto_integral.jpeg", "ementa": "MO\u00c7\u00c3O DE APLAUSO E RECONHECIMENTO AO SENHOR RUBENS FISCHER E A SENHORA LUZIA DA COSTA."}, {"id": "1533", "ano": "2012", "numero": "59", "tipo__sigla": "MOC", "tipo__descricao": "Mo\u00e7\u00e3o", "autoria": "", "texto_original": "http://sapl.marechalfloriano.es.leg.br/media/./sapl/public/materialegislativa/2012/1533/1533_texto_integral.jpeg", "ementa": "MO\u00c7\u00c3O DE APLAUSOS E RECONHECIMENTO TENDO COMO DISTIN\u00c7\u00c3O O EXCELENT\u00cdSSIMO SENHOR JO\u00c3O CARLOS LORENZONI, DEPUTADO ESTADUAL  "}, {"id": "1803", "ano": "2012", "numero": "60", "tipo__sigla": "MOC", "tipo__descricao": "Mo\u00e7\u00e3o", "autoria": "", "texto_original": "http://sapl.marechalfloriano.es.leg.br/media/./sapl/public/materialegislativa/2012/1803/1803_texto_integral.jpeg", "ementa": "MO\u00c7\u00c3O DE APLAUSO E RECONHECIMENTO A EXCELENT\u00cdSSIMA SENHORA ELIANE PAES LORENZONI."}, {"id": "1801", "ano": "2012", "numero": "61", "tipo__sigla": "MOC", "tipo__descricao": "Mo\u00e7\u00e3o", "autoria": "", "texto_original": "http://sapl.marechalfloriano.es.leg.br/media/./sapl/public/materialegislativa/2012/1801/1801_texto_integral.jpeg", "ementa": "MO\u00c7\u00c3O DE APLAUSO E RECONHECIMENTO, AOS ILUSTR\u00cdSSIMOS SERVIDORES DA FARM\u00c1CIA B\u00c1SICA DO MUNIC\u00cdPIO DE MARECHAL FLORIANO."}, {"id": "1799", "ano": "2012", "numero": "62", "tipo__sigla": "MOC", "tipo__descricao": "Mo\u00e7\u00e3o", "autoria": "", "texto_original": "http://sapl.marechalfloriano.es.leg.br/media/./sapl/public/materialegislativa/2012/1799/1799_texto_integral.jpeg", "ementa": "MO\u00c7\u00c3O DE APLAUSO E RECONHECIMENTO, A ILUSTR\u00cdSSIMA SENHORA ALINE DOURADO VIEIRA DE OLIVEIRA."}, {"id": "1797", "ano": "2012", "numero": "63", "tipo__sigla": "MOC", "tipo__descricao": "Mo\u00e7\u00e3o", "autoria": "", "texto_original": "http://sapl.marechalfloriano.es.leg.br/media/./sapl/public/materialegislativa/2012/1797/1797_texto_integral.jpeg", "ementa": "MO\u00c7\u00c3O DE APLAUSOS E RECONHECIMENTO AO ESTIMADO CASAL FLORENTINO DELPUPPO E GENOVEVA MARCULANO GAMA DELPUPPO."}, {"id": "1796", "ano": "2012", "numero": "64", "tipo__sigla": "MOC", "tipo__descricao": "Mo\u00e7\u00e3o", "autoria": "", "texto_original": "http://sapl.marechalfloriano.es.leg.br/media/./sapl/public/materialegislativa/2012/1796/1796_texto_integral.jpeg", "ementa": "MO\u00c7\u00c3O DE APLAUSOS E RECONHECIMENTO O EXMO SR. ANDRE ARRUDA LOBATO RODRIGUES."}, {"id": "1794", "ano": "2012", "numero": "65", "tipo__sigla": "MOC", "tipo__descricao": "Mo\u00e7\u00e3o", "autoria": "", "texto_original": "http://sapl.marechalfloriano.es.leg.br/media/./sapl/public/materialegislativa/2012/1794/1794_texto_integral.jpeg", "ementa": "MO\u00c7\u00c3O DE PESAR AOS FAMILIARES DO SENHOR FELIPE HUBER,EM FACE DE SEU FALECIMENTO."}, {"id": "1792", "ano": "2012", "numero": "67", "tipo__sigla": "MOC", "tipo__descricao": "Mo\u00e7\u00e3o", "autoria": "", "texto_original": "http://sapl.marechalfloriano.es.leg.br/media/./sapl/public/materialegislativa/2012/1792/1792_texto_integral.jpeg", "ementa": "MO\u00c7\u00c3O DE APLAUSOS E RECONHECIMENTO AO ILUSTR\u00cdSSIMO SENHOR JOS\u00c9 TAVARES TEODORO, POPULARMENTE CONHECIDO COMO XERER\u00c9U."}, {"id": "1789", "ano": "2012", "numero": "68", "tipo__sigla": "MOC", "tipo__descricao": "Mo\u00e7\u00e3o", "autoria": "", "texto_original": "http://sapl.marechalfloriano.es.leg.br/media/", "ementa": "MO\u00c7\u00c3O DE PESAR AOS FAMILIARES DE JOVENTINO LOUREN\u00c7O DA SILVA, EM FACE DE SEU FALECIMENTO."}, {"id": "1788", "ano": "2012", "numero": "69", "tipo__sigla": "MOC", "tipo__descricao": "Mo\u00e7\u00e3o", "autoria": "", "texto_original": "http://sapl.marechalfloriano.es.leg.br/media/./sapl/public/materialegislativa/2012/1788/1788_texto_integral.jpeg", "ementa": "MO\u00c7\u00c3O DE PESAR AOS FAMILIARES DA SENHORA LUZIA ALVES PEREIRA DA COSTA, EM FACE DE SEU FALECIMENTO."}, {"id": "1786", "ano": "2012", "numero": "70", "tipo__sigla": "MOC", "tipo__descricao": "Mo\u00e7\u00e3o", "autoria": "", "texto_original": "http://sapl.marechalfloriano.es.leg.br/media/./sapl/public/materialegislativa/2012/1786/1786_texto_integral.jpeg", "ementa": "MO\u00c7\u00c3O DE PESAR AOS FAMILIARES DO JOVEM MARLON CORREIA COSTA, EM FACE DE SEU FALECIMENTO."}, {"id": "1785", "ano": "2012", "numero": "71", "tipo__sigla": "MOC", "tipo__descricao": "Mo\u00e7\u00e3o", "autoria": "", "texto_original": "http://sapl.marechalfloriano.es.leg.br/media/", "ementa": "MO\u00c7\u00c3O DE PROFUNDO PESAR PELO PASSAMENTO DA SR\u00aa. ANA ULIANA BRAVIM."}, {"id": "1782", "ano": "2012", "numero": "72", "tipo__sigla": "MOC", "tipo__descricao": "Mo\u00e7\u00e3o", "autoria": "", "texto_original": "http://sapl.marechalfloriano.es.leg.br/media/./sapl/public/materialegislativa/2012/1782/1782_texto_integral.jpeg", "ementa": "MO\u00c7\u00c3O DE APLAUSOS E RECONHECIMENTO, EM ESPECIAL A ILUSTR\u00cdSSIMA SENHORA JOELMA APARECIDA CORREA DOS SANTOS."}, {"id": "1781", "ano": "2012", "numero": "73", "tipo__sigla": "MOC", "tipo__descricao": "Mo\u00e7\u00e3o", "autoria": "", "texto_original": "http://sapl.marechalfloriano.es.leg.br/media/./sapl/public/materialegislativa/2012/1781/1781_texto_integral.jpeg", "ementa": "MO\u00c7\u00c3O DE APLAUSOS E RECONHECIMENTO \u00c0 ILUSTR\u00cdSSIMA SENHORA LIANE MARIA BRAVIM CATELAN."}, {"id": "1780", "ano": "2012", "numero": "74", "tipo__sigla": "MOC", "tipo__descricao": "Mo\u00e7\u00e3o", "autoria": "", "texto_original": "http://sapl.marechalfloriano.es.leg.br/media/./sapl/public/materialegislativa/2012/1780/1780_texto_integral.jpeg", "ementa": "MO\u00c7\u00c3O DE APLAUSOS E RECONHECIMENTO AO ILUSTR\u00cdSSIMO SENHOR THIAGO DE SOUZA CASTRO."}, {"id": "1779", "ano": "2012", "numero": "75", "tipo__sigla": "MOC", "tipo__descricao": "Mo\u00e7\u00e3o", "autoria": "", "texto_original": "http://sapl.marechalfloriano.es.leg.br/media/./sapl/public/materialegislativa/2012/1779/1779_texto_integral.pdf", "ementa": "MO\u00c7\u00c3O DE APLAUSOS E RECONHECIMENTO \u00c0 ILUSTR\u00cdSSIMA SENHORA BERNADETE MARIA TSCHAEN."}, {"id": "1778", "ano": "2012", "numero": "76", "tipo__sigla": "MOC", "tipo__descricao": "Mo\u00e7\u00e3o", "autoria": "", "texto_original": "http://sapl.marechalfloriano.es.leg.br/media/./sapl/public/materialegislativa/2012/1778/1778_texto_integral.jpeg", "ementa": "MO\u00c7\u00c3O DE APLAUSOS E RECONHECIMENTO PARA O SR. TARCISIO BORGO, A SR\u00aa NILDA REGIANE KROHLING BORGO E A DIVIS\u00c3O DE CULTURAL MUNICIPAL, PELO SUCESSO DO \"V FESTIVAL DA CULTURA ITALIANA DE ARAGUAIA\", REALIZADO NOS DIAS 18 E 19 DE AGOSTO DO CORRENTE ANO."}, {"id": "1776", "ano": "2012", "numero": "77", "tipo__sigla": "MOC", "tipo__descricao": "Mo\u00e7\u00e3o", "autoria": "", "texto_original": "http://sapl.marechalfloriano.es.leg.br/media/./sapl/public/materialegislativa/2012/1776/1776_texto_integral.jpeg", "ementa": "MO\u00c7\u00c3O DE APLAUSOS E RECONHECIMENTO \u00c0 TODA A EQUIPE DA ESCOLA VICT\u00d3RIO BRAVIM."}, {"id": "1775", "ano": "2012", "numero": "78", "tipo__sigla": "MOC", "tipo__descricao": "Mo\u00e7\u00e3o", "autoria": "", "texto_original": "http://sapl.marechalfloriano.es.leg.br/media/./sapl/public/materialegislativa/2012/1775/1775_texto_integral.jpeg", "ementa": "MO\u00c7\u00c3O DE APLAUSOS  RECONHECIMENTO \u00c0 TODA A EQUIPE DA ESCOLA NICOLAU KROHLING."}, {"id": "1770", "ano": "2012", "numero": "79", "tipo__sigla": "MOC", "tipo__descricao": "Mo\u00e7\u00e3o", "autoria": "", "texto_original": "http://sapl.marechalfloriano.es.leg.br/media/./sapl/public/materialegislativa/2012/1770/1770_texto_integral.jpeg", "ementa": "MO\u00c7\u00c3O DE APLAUSOS E RECONHECIMENTO A ILUSTR\u00cdSSIMA SENHORA DIANA DE SOUZA MESSIAS, DIRETORA DA ESCOLA MAURO JOS\u00c9 CHRISTO E A ILUSTR\u00cdSSIMA SENHORA SAIONARA RAMOS DAS NEVES S\u00d3RIO."}, {"id": "1768", "ano": "2012", "numero": "80", "tipo__sigla": "MOC", "tipo__descricao": "Mo\u00e7\u00e3o", "autoria": "", "texto_original": "http://sapl.marechalfloriano.es.leg.br/media/./sapl/public/materialegislativa/2012/1768/1768_texto_integral.jpeg", "ementa": "MO\u00c7\u00c3O DE CONGRATULA\u00c7\u00d5ES AO EXCELENT\u00cdSSIMO SENHOR FABRICIO ADMIRAL SOUZA."}, {"id": "1767", "ano": "2012", "numero": "81", "tipo__sigla": "MOC", "tipo__descricao": "Mo\u00e7\u00e3o", "autoria": "", "texto_original": "http://sapl.marechalfloriano.es.leg.br/media/./sapl/public/materialegislativa/2012/1767/1767_texto_integral.jpeg", "ementa": "MO\u00c7\u00c3O DE PROFUNDO PESAR PELO FALECIMENTO DO JOVEM TALISON HENRIQUE BICKEL."}, {"id": "1765", "ano": "2012", "numero": "82", "tipo__sigla": "MOC", "tipo__descricao": "Mo\u00e7\u00e3o", "autoria": "", "texto_original": "http://sapl.marechalfloriano.es.leg.br/media/./sapl/public/materialegislativa/2012/1765/1765_texto_integral.jpeg", "ementa": "MO\u00c7\u00c3O DE PESAR AOS FAMILIARES DO MENOR MATHEUS PIVETA VIDAL DA PENHA, EM FACE DO SEU FALECIMENTO."}, {"id": "1764", "ano": "2012", "numero": "83", "tipo__sigla": "MOC", "tipo__descricao": "Mo\u00e7\u00e3o", "autoria": "", "texto_original": "http://sapl.marechalfloriano.es.leg.br/media/./sapl/public/materialegislativa/2012/1764/1764_texto_integral.jpeg", "ementa": "MO\u00c7\u00c3O DE PESAR AOS FAMILIARES DO SENHOR FABIO JOS\u00c9 PIMENTA WERNECK MACHADO, EM FASE DE SEU FALECIMENTO."}, {"id": "1762", "ano": "2012", "numero": "84", "tipo__sigla": "MOC", "tipo__descricao": "Mo\u00e7\u00e3o", "autoria": "", "texto_original": "http://sapl.marechalfloriano.es.leg.br/media/./sapl/public/materialegislativa/2012/1762/1762_texto_integral.jpeg", "ementa": "MO\u00c7\u00c3O DE PESAR AOS FAMILIARES DA SENHORA CATHARINA HOFFMANN BORGO, EM FACE DE SEU FALECIMENTO."}, {"id": "1760", "ano": "2012", "numero": "85", "tipo__sigla": "MOC", "tipo__descricao": "Mo\u00e7\u00e3o", "autoria": "", "texto_original": "http://sapl.marechalfloriano.es.leg.br/media/./sapl/public/materialegislativa/2012/1760/1760_texto_integral.jpeg", "ementa": "MO\u00c7\u00c3O DE APLAUSOS E RECONHECIMENTO PARA O EXCELENT\u00cdSSIMO SENHOR EDIVALDO LOUREN\u00c7O DOS SANTOS JUNIOR."}, {"id": "1758", "ano": "2012", "numero": "86", "tipo__sigla": "MOC", "tipo__descricao": "Mo\u00e7\u00e3o", "autoria": "", "texto_original": "http://sapl.marechalfloriano.es.leg.br/media/./sapl/public/materialegislativa/2012/1758/1758_texto_integral.jpeg", "ementa": "MO\u00c7\u00c3O DE APLAUSO E RECONHECIMENTO PARA O EXCELENT\u00cdSSIMO SENHOR IVAN GUERRA."}, {"id": "1757", "ano": "2012", "numero": "87", "tipo__sigla": "MOC", "tipo__descricao": "Mo\u00e7\u00e3o", "autoria": "", "texto_original": "http://sapl.marechalfloriano.es.leg.br/media/./sapl/public/materialegislativa/2012/1757/1757_texto_integral.jpeg", "ementa": "MO\u00c7\u00c3O DE APLAUSOS E RECONHECIMENTO A TODA A EQUIPE DE SERVIDORES DA CRECHE FLOMIRO ENDLICH CANAL NETO."}, {"id": "1755", "ano": "2012", "numero": "88", "tipo__sigla": "MOC", "tipo__descricao": "Mo\u00e7\u00e3o", "autoria": "", "texto_original": "http://sapl.marechalfloriano.es.leg.br/media/./sapl/public/materialegislativa/2012/1755/1755_texto_integral.jpeg", "ementa": "MO\u00c7\u00c3O DE APLAUSOS E RECONHECIMENTO A TODA A EQUIPE DE SERVIDORES DA ESCOLA BERNARDO LEONOR EFFGEM."}, {"id": "1753", "ano": "2012", "numero": "89", "tipo__sigla": "MOC", "tipo__descricao": "Mo\u00e7\u00e3o", "autoria": "", "texto_original": "http://sapl.marechalfloriano.es.leg.br/media/./sapl/public/materialegislativa/2012/1753/1753_texto_integral.jpeg", "ementa": "MO\u00c7\u00c3O DE APLAUSOS E RECONHECIMENTO AO ILUSTR\u00cdSSIMO SENHOR CELSO AFONSO LUDOVICO LACERDA."}, {"id": "1752", "ano": "2012", "numero": "90", "tipo__sigla": "MOC", "tipo__descricao": "Mo\u00e7\u00e3o", "autoria": "", "texto_original": "http://sapl.marechalfloriano.es.leg.br/media/./sapl/public/materialegislativa/2012/1752/1752_texto_integral.jpeg", "ementa": "MO\u00c7\u00c3O DE APLAUSOS E RECONHECIMENTO PARA O ILUSTR\u00cdSSIMO SENHOR JOAB VARGAS VIEIRA."}, {"id": "1750", "ano": "2012", "numero": "91", "tipo__sigla": "MOC", "tipo__descricao": "Mo\u00e7\u00e3o", "autoria": "", "texto_original": "http://sapl.marechalfloriano.es.leg.br/media/./sapl/public/materialegislativa/2012/1750/1750_texto_integral.jpeg", "ementa": "MO\u00c7\u00c3O DE APLAUSOS E RECONHECIMENTO PARA OS ILUSTR\u00cdSSIMOS SENHORES JOS\u00c9 OSCAR HERTEL E ADEMAR HERTEL, BEM COMO OS FILHOS."}, {"id": "1749", "ano": "2012", "numero": "92", "tipo__sigla": "MOC", "tipo__descricao": "Mo\u00e7\u00e3o", "autoria": "", "texto_original": "http://sapl.marechalfloriano.es.leg.br/media/./sapl/public/materialegislativa/2012/1749/1749_texto_integral.jpeg", "ementa": "MO\u00c7\u00c3O DE PESAR AOS FAMILIARES DO SENHOR DOMINGOS ALMEIDA, EM FACE DE SEU FALECIMENTO."}, {"id": "1748", "ano": "2012", "numero": "93", "tipo__sigla": "MOC", "tipo__descricao": "Mo\u00e7\u00e3o", "autoria": "", "texto_original": "http://sapl.marechalfloriano.es.leg.br/media/", "ementa": "MO\u00c7\u00c3O DE APLAUSOS E RECONHECIMENTO PARA  O ILUSTR\u00cdSSIMO SENHOR CARLOS ROBERTO BORGO."}, {"id": "1746", "ano": "2012", "numero": "94", "tipo__sigla": "MOC", "tipo__descricao": "Mo\u00e7\u00e3o", "autoria": "", "texto_original": "http://sapl.marechalfloriano.es.leg.br/media/./sapl/public/materialegislativa/2012/1746/1746_texto_integral.jpeg", "ementa": "MO\u00c7\u00c3O DE PESAR AOS FAMILIARES DO SENHOR HILTON ULIANA, EM FACE DE SEU FALECIMENTO."}, {"id": "1745", "ano": "2012", "numero": "95", "tipo__sigla": "MOC", "tipo__descricao": "Mo\u00e7\u00e3o", "autoria": "", "texto_original": "http://sapl.marechalfloriano.es.leg.br/media/./sapl/public/materialegislativa/2012/1745/1745_texto_integral.jpeg", "ementa": "MO\u00c7\u00c3O DE PESAR AOS FAMILIARES DA SENHORA JOCILENE CRISTINA ENDLICH, EM FACE DE SEU FALECIMENTO."}, {"id": "1741", "ano": "2012", "numero": "96", "tipo__sigla": "MOC", "tipo__descricao": "Mo\u00e7\u00e3o", "autoria": "", "texto_original": "http://sapl.marechalfloriano.es.leg.br/media/./sapl/public/materialegislativa/2012/1741/1741_texto_integral.pdf", "ementa": "MO\u00c7\u00c3O DE APLAUSOS E RECONHECIMENTO A ILUSTR\u00cdSSIMA SENHORA \u00c9DIA KLIPPEL."}, {"id": "1740", "ano": "2012", "numero": "97", "tipo__sigla": "MOC", "tipo__descricao": "Mo\u00e7\u00e3o", "autoria": "", "texto_original": "http://sapl.marechalfloriano.es.leg.br/media/./sapl/public/materialegislativa/2012/1740/1740_texto_integral.jpeg", "ementa": "MO\u00c7\u00c3O DE APLAUSOS E RECONHECIMENTO A TODA A EQUIPE DE SERVIDORES DA ESCOLA SITIO RUPF."}, {"id": "1738", "ano": "2012", "numero": "98", "tipo__sigla": "MOC", "tipo__descricao": "Mo\u00e7\u00e3o", "autoria": "", "texto_original": "http://sapl.marechalfloriano.es.leg.br/media/./sapl/public/materialegislativa/2012/1738/1738_texto_integral.jpeg", "ementa": "MO\u00c7\u00c3O DE APLAUSOS E RECONHECIMENTO PARA OS ILUSTR\u00cdSSIMOS SENHORES ANTONIO LIDINEY GOBBI E JOS\u00c9 ONOFRE PEREIRA."}, {"id": "1736", "ano": "2012", "numero": "99", "tipo__sigla": "MOC", "tipo__descricao": "Mo\u00e7\u00e3o", "autoria": "", "texto_original": "http://sapl.marechalfloriano.es.leg.br/media/", "ementa": "MO\u00c7\u00c3O DE APLAUSOS E RECONHECIMENTO PARA O EXCELENT\u00cdSSIMO SENHOR SILVIO FELIPE DOS SANTOS."}, {"id": "1735", "ano": "2012", "numero": "100", "tipo__sigla": "MOC", "tipo__descricao": "Mo\u00e7\u00e3o", "autoria": "", "texto_original": "http://sapl.marechalfloriano.es.leg.br/media/./sapl/public/materialegislativa/2012/1735/1735_texto_integral.jpeg", "ementa": "MO\u00c7\u00c3O DE PESAR PELO FALECIMENTO DO SENHOR SEBASTI\u00c3O KROHLING SEGUNDO."}, {"id": "1734", "ano": "2012", "numero": "101", "tipo__sigla": "MOC", "tipo__descricao": "Mo\u00e7\u00e3o", "autoria": "", "texto_original": "http://sapl.marechalfloriano.es.leg.br/media/./sapl/public/materialegislativa/2012/1734/1734_texto_integral.pdf", "ementa": "MO\u00c7\u00c3O DE APLAUSOS DA CONDU\u00c7\u00c3O DOS TRABALHOS ELEITORAIS DE 2012."}, {"id": "1732", "ano": "2012", "numero": "102", "tipo__sigla": "MOC", "tipo__descricao": "Mo\u00e7\u00e3o", "autoria": "", "texto_original": "http://sapl.marechalfloriano.es.leg.br/media/./sapl/public/materialegislativa/2012/1732/1732_texto_integral.pdf", "ementa": "MO\u00c7\u00c3O DE APLAUSOS E RECONHECIMENTO AO EXCELENT\u00cdSSIMO SENHOR ALO\u00cdSIO MODOLO DE ALMEIDA."}, {"id": "1731", "ano": "2012", "numero": "103", "tipo__sigla": "MOC", "tipo__descricao": "Mo\u00e7\u00e3o", "autoria": "", "texto_original": "http://sapl.marechalfloriano.es.leg.br/media/./sapl/public/materialegislativa/2012/1731/1731_texto_integral.pdf", "ementa": "MO\u00c7\u00c3O DE APLAUSOS E RECONHECIMENTO \u00c0 TODOS OS FUNCION\u00c1RIOS DO CART\u00d3RIO ELEITORAL DE DOMINGOS MARTINS."}, {"id": "1730", "ano": "2012", "numero": "104", "tipo__sigla": "MOC", "tipo__descricao": "Mo\u00e7\u00e3o", "autoria": "", "texto_original": "http://sapl.marechalfloriano.es.leg.br/media/./sapl/public/materialegislativa/2012/1730/1730_texto_integral.pdf", "ementa": "MO\u00c7\u00c3O DE APLAUSOS E RECONHECIMENTO AO EXCELENT\u00cdSSIMO SENHOR JOAQUIM BENEDITO BARBOSA GOMES, MINISTRO RELATOR DA CPI DO MENSAL\u00c3O."}, {"id": "1728", "ano": "2012", "numero": "105", "tipo__sigla": "MOC", "tipo__descricao": "Mo\u00e7\u00e3o", "autoria": "", "texto_original": "http://sapl.marechalfloriano.es.leg.br/media/./sapl/public/materialegislativa/2012/1728/1728_texto_integral.pdf", "ementa": "NOTA DE REPUDIO AS AGRESS\u00d5ES SOFRIDAS PELO REP\u00d3RTER ANDR\u00c9 FALC\u00c3O E O CINEGRAFISTA WAGNER MARTINS."}, {"id": "1726", "ano": "2012", "numero": "106", "tipo__sigla": "MOC", "tipo__descricao": "Mo\u00e7\u00e3o", "autoria": "", "texto_original": "http://sapl.marechalfloriano.es.leg.br/media/./sapl/public/materialegislativa/2012/1726/1726_texto_integral.jpeg", "ementa": "MO\u00c7\u00c3O DE PESAR AOS FAMILIARES DA SENHORA ELZA KILL KROHLING, EM FACE DE FALECIMENTO."}, {"id": "1725", "ano": "2012", "numero": "107", "tipo__sigla": "MOC", "tipo__descricao": "Mo\u00e7\u00e3o", "autoria": "", "texto_original": "http://sapl.marechalfloriano.es.leg.br/media/./sapl/public/materialegislativa/2012/1725/1725_texto_integral.pdf", "ementa": "MO\u00c7\u00c3O DE APLAUSOS E RECONHECIMENTO AOS VENCEDORES DO IX CONCURSO DE QUALIDADE DE CAF\u00c9."}, {"id": "1723", "ano": "2012", "numero": "108", "tipo__sigla": "MOC", "tipo__descricao": "Mo\u00e7\u00e3o", "autoria": "", "texto_original": "http://sapl.marechalfloriano.es.leg.br/media/./sapl/public/materialegislativa/2012/1723/1723_texto_integral.jpeg", "ementa": "MO\u00c7\u00c3O DE APLAUSOS E RECONHECIMENTO A EXCELENT\u00cdSSIMA SENHORA DOUTORA MONICA SILVA MARTINS."}, {"id": "1720", "ano": "2012", "numero": "110", "tipo__sigla": "MOC", "tipo__descricao": "Mo\u00e7\u00e3o", "autoria": "", "texto_original": "http://sapl.marechalfloriano.es.leg.br/media/./sapl/public/materialegislativa/2012/1720/1720_texto_integral.pdf", "ementa": "MO\u00c7\u00c3O DE APLAUSOS E RECONHECIMENTO PARA OS EXCELENT\u00cdSSIMOS VEREADORES DESSE ATUAL MANDATO, BEM COMO TODOS OS FUNCION\u00c1RIOS DESTE PODER LEGISLATIVO."}, {"id": "1719", "ano": "2012", "numero": "111", "tipo__sigla": "MOC", "tipo__descricao": "Mo\u00e7\u00e3o", "autoria": "", "texto_original": "http://sapl.marechalfloriano.es.leg.br/media/./sapl/public/materialegislativa/2012/1719/1719_texto_integral.pdf", "ementa": "MO\u00c7\u00c3O DE APLAUSOS E RECONHECIMENTO PARA OS EXCELENT\u00cdSSIMOS SENHORES VEREADORES ELEITOS NAS ULTIMAS ELEI\u00c7\u00d5ES."}, {"id": "1717", "ano": "2012", "numero": "112", "tipo__sigla": "MOC", "tipo__descricao": "Mo\u00e7\u00e3o", "autoria": "", "texto_original": "http://sapl.marechalfloriano.es.leg.br/media/./sapl/public/materialegislativa/2012/1717/1717_texto_integral.pdf", "ementa": "MO\u00c7\u00c3O DE APLAUSOS E RECONHECIMENTO PARA O ILUSTR\u00cdSSIMO SENHOR ROMEU NUNES VIEIRA."}, {"id": "1715", "ano": "2012", "numero": "113", "tipo__sigla": "MOC", "tipo__descricao": "Mo\u00e7\u00e3o", "autoria": "", "texto_original": "http://sapl.marechalfloriano.es.leg.br/media/./sapl/public/materialegislativa/2012/1715/1715_texto_integral.jpeg", "ementa": "MO\u00c7\u00c3O DE APLAUSOS E RECONHECIMENTO PARA O ILUSTR\u00cdSSIMO SENHOR FABIO STEIN."}, {"id": "1714", "ano": "2012", "numero": "114", "tipo__sigla": "MOC", "tipo__descricao": "Mo\u00e7\u00e3o", "autoria": "", "texto_original": "http://sapl.marechalfloriano.es.leg.br/media/./sapl/public/materialegislativa/2012/1714/1714_texto_integral.pdf", "ementa": "MO\u00c7\u00c3O DE APLAUSOS E RECONHECIMENTO AO ILUSTR\u00cdSSIMO SENHOR RAEL S\u00c9RGIO."}, {"id": "1712", "ano": "2012", "numero": "115", "tipo__sigla": "MOC", "tipo__descricao": "Mo\u00e7\u00e3o", "autoria": "", "texto_original": "http://sapl.marechalfloriano.es.leg.br/media/./sapl/public/materialegislativa/2012/1712/1712_texto_integral.jpeg", "ementa": "MO\u00c7\u00c3O DE PESAR AOS FAMILIARES DO SENHOR OTTO LITTIG, EM FACE DO SEU FALECIMENTO."}, {"id": "1711", "ano": "2012", "numero": "116", "tipo__sigla": "MOC", "tipo__descricao": "Mo\u00e7\u00e3o", "autoria": "", "texto_original": "http://sapl.marechalfloriano.es.leg.br/media/./sapl/public/materialegislativa/2012/1711/1711_texto_integral.pdf", "ementa": "MO\u00c7\u00c3O DE APLAUSOS E RECONHECIMENTO PARA O ILUSTR\u00cdSSIMO SENHOR JOS\u00c9 RODOLFO KROHLING."}, {"id": "1710", "ano": "2012", "numero": "117", "tipo__sigla": "MOC", "tipo__descricao": "Mo\u00e7\u00e3o", "autoria": "", "texto_original": "http://sapl.marechalfloriano.es.leg.br/media/./sapl/public/materialegislativa/2012/1710/1710_texto_integral.pdf", "ementa": "MO\u00c7\u00c3O DE APLAUSO E RECONHECIMENTO PARA A EXCELENT\u00cdSSIMA SENHORA ELIANE PAES LORENZONI."}, {"id": "1709", "ano": "2012", "numero": "118", "tipo__sigla": "MOC", "tipo__descricao": "Mo\u00e7\u00e3o", "autoria": "", "texto_original": "http://sapl.marechalfloriano.es.leg.br/media/./sapl/public/materialegislativa/2012/1709/1709_texto_integral.pdf", "ementa": "MO\u00c7\u00c3O DE APLAUSOS E RECONHECIMENTO PARA O ILUSTR\u00cdSSIMO SENHOR GUSTAVO JOS\u00c9 WERNERSBACH."}, {"id": "1829", "ano": "2012", "numero": "426", "tipo__sigla": "MOC", "tipo__descricao": "Mo\u00e7\u00e3o", "autoria": "", "texto_original": "http://sapl.marechalfloriano.es.leg.br/media/./sapl/public/materialegislativa/2012/1829/1829_texto_integral.pdf", "ementa": "MO\u00c7\u00c3O DE APLAUSO E RECONHECIMENTO, A TODA A EQUIPE DE ENFERMAGEM DO MUNIC\u00cdPIO DE MARECHAL FLORIANO, PELA COMEMORA\u00c7\u00c3O DO DIA DA ENFERMAGEM."}, {"id": "1722", "ano": "2012", "numero": "1031", "tipo__sigla": "MOC", "tipo__descricao": "Mo\u00e7\u00e3o", "autoria": "", "texto_original": "http://sapl.marechalfloriano.es.leg.br/media/./sapl/public/materialegislativa/2012/1722/1722_texto_integral.jpeg", "ementa": "MO\u00c7\u00c3O DE PESAR AOS FAMILIARES DO SENHOR ANTONIO VACCARI EM FACE DE SEU FALECIMENTO."}, {"id": "11643", "ano": "2012", "numero": "1", "tipo__sigla": "PAR", "tipo__descricao": "Parecer das Comiss\u00f5es", "autoria": "CFO - COMISS\u00c3O DE FINAN\u00c7AS E OR\u00c7AMENTO, CLJRF - COMISS\u00c3O DE LEGISLA\u00c7\u00c3O, JUSTI\u00c7A E REDA\u00c7\u00c3O FINAL", "texto_original": "http://sapl.marechalfloriano.es.leg.br/media/sapl/public/materialegislativa/2012/11643/pc_001-2012.pdf", "ementa": "RELATIVO AO PROJETO DE LEI N\u00b0 003/2012 QUE \"AUTORIZA O PODER EXECUTIVO MUNICIPAL FIRMAR CONV\u00caNIO COM O \u00d3RG\u00c3O DETRAN/ES E O GOVERNO ESTADUAL\"."}, {"id": "11644", "ano": "2012", "numero": "2", "tipo__sigla": "PAR", "tipo__descricao": "Parecer das Comiss\u00f5es", "autoria": "CLJRF - COMISS\u00c3O DE LEGISLA\u00c7\u00c3O, JUSTI\u00c7A E REDA\u00c7\u00c3O FINAL", "texto_original": "http://sapl.marechalfloriano.es.leg.br/media/sapl/public/materialegislativa/2012/11644/pc_002-2012.pdf", "ementa": "RELATIVO AO PROJETO DE LEI N\u00b0 003/2012 QUE \"AUTORIZA O PODER EXECUTIVO MUNICIPAL FIRMAR CONV\u00caNIO COM O \u00d3RG\u00c3O DETRAN/ES E O GOVERNO ESTADUAL\"."}, {"id": "11646", "ano": "2012", "numero": "3", "tipo__sigla": "PAR", "tipo__descricao": "Parecer das Comiss\u00f5es", "autoria": "CFO - COMISS\u00c3O DE FINAN\u00c7AS E OR\u00c7AMENTO, CLJRF - COMISS\u00c3O DE LEGISLA\u00c7\u00c3O, JUSTI\u00c7A E REDA\u00c7\u00c3O FINAL", "texto_original": "http://sapl.marechalfloriano.es.leg.br/media/sapl/public/materialegislativa/2012/11646/pc_003-2012.pdf", "ementa": "RELATIVO AO PROJETO DE LEI N\u00b0 007/2012 QUE \"DISP\u00d5E SOBRE REAJUSTE PARA OS SERVIDORES DO PODER LEGISLATIVO MUNICIPAL DE MARECHAL FLORIANO\"."}, {"id": "11647", "ano": "2012", "numero": "4", "tipo__sigla": "PAR", "tipo__descricao": "Parecer das Comiss\u00f5es", "autoria": "CFO - COMISS\u00c3O DE FINAN\u00c7AS E OR\u00c7AMENTO, CLJRF - COMISS\u00c3O DE LEGISLA\u00c7\u00c3O, JUSTI\u00c7A E REDA\u00c7\u00c3O FINAL", "texto_original": "http://sapl.marechalfloriano.es.leg.br/media/sapl/public/materialegislativa/2012/11647/pc_004-2012.pdf", "ementa": "RELATIVO AO PROJETO DE LEI N\u00b0 008/2012 QUE \"ALTERA A LEI MUNICIPAL N\u00b0 692 DE 09 DE MAIO DE 2007, QUE INSTITUI O VALE FEIRA PARA SER UTILIZADO NA FEIRA LIVRE DO MUNIC\u00cdPIO\"."}, {"id": "11648", "ano": "2012", "numero": "5", "tipo__sigla": "PAR", "tipo__descricao": "Parecer das Comiss\u00f5es", "autoria": "CFO - COMISS\u00c3O DE FINAN\u00c7AS E OR\u00c7AMENTO, CLJRF - COMISS\u00c3O DE LEGISLA\u00c7\u00c3O, JUSTI\u00c7A E REDA\u00c7\u00c3O FINAL", "texto_original": "http://sapl.marechalfloriano.es.leg.br/media/sapl/public/materialegislativa/2012/11648/pc_005-2012.pdf", "ementa": "RELATIVO AO PROJETO DE LEI N\u00b0 010/2012 QUE \"INSTITUI O \u00d3RG\u00c3O DE CONTROLE INTERNO NO PODER LEGISLATIVO DO MUNIC\u00cdPIO DE MARECHAL FLORIANO E D\u00c1 OUTRAS PROVID\u00caNCIAS\"."}, {"id": "11649", "ano": "2012", "numero": "6", "tipo__sigla": "PAR", "tipo__descricao": "Parecer das Comiss\u00f5es", "autoria": "CFO - COMISS\u00c3O DE FINAN\u00c7AS E OR\u00c7AMENTO, CLJRF - COMISS\u00c3O DE LEGISLA\u00c7\u00c3O, JUSTI\u00c7A E REDA\u00c7\u00c3O FINAL", "texto_original": "http://sapl.marechalfloriano.es.leg.br/media/sapl/public/materialegislativa/2012/11649/pc_006-2012.pdf", "ementa": "RELATIVO AO PROJETO DE LEI N\u00b0 013/2012 QUE \"AUTORIZA O PODER EXECUTIVO MUNICIPAL A ABRIR CR\u00c9DITO ADICIONAL SUPLEMENTAR NO VALOR DE R$ 300.000,00 (TREZENTOS MIL REAIS)\""}, {"id": "11650", "ano": "2012", "numero": "7", "tipo__sigla": "PAR", "tipo__descricao": "Parecer das Comiss\u00f5es", "autoria": "CFO - COMISS\u00c3O DE FINAN\u00c7AS E OR\u00c7AMENTO, CLJRF - COMISS\u00c3O DE LEGISLA\u00c7\u00c3O, JUSTI\u00c7A E REDA\u00c7\u00c3O FINAL", "texto_original": "http://sapl.marechalfloriano.es.leg.br/media/sapl/public/materialegislativa/2012/11650/pc_007-2012.pdf", "ementa": "RELATIVO AO PROJETO DE LEI N\u00b0 015/2012 QUE \"FIX O SUBSIDIO MENSAL DO PREFEITO MUNICIPAL\"."}, {"id": "11651", "ano": "2012", "numero": "8", "tipo__sigla": "PAR", "tipo__descricao": "Parecer das Comiss\u00f5es", "autoria": "CFO - COMISS\u00c3O DE FINAN\u00c7AS E OR\u00c7AMENTO, CLJRF - COMISS\u00c3O DE LEGISLA\u00c7\u00c3O, JUSTI\u00c7A E REDA\u00c7\u00c3O FINAL", "texto_original": "http://sapl.marechalfloriano.es.leg.br/media/sapl/public/materialegislativa/2012/11651/pc_008-2012.pdf", "ementa": "RELATIVO AO PROJETO DE LEI N\u00b0 016/2012 QUE \"FIXA O SUBSIDIO MENSAL DE SECRET\u00c1RIOS MUNICIPAS\"."}, {"id": "11652", "ano": "2012", "numero": "9", "tipo__sigla": "PAR", "tipo__descricao": "Parecer das Comiss\u00f5es", "autoria": "CFO - COMISS\u00c3O DE FINAN\u00c7AS E OR\u00c7AMENTO, CLJRF - COMISS\u00c3O DE LEGISLA\u00c7\u00c3O, JUSTI\u00c7A E REDA\u00c7\u00c3O FINAL", "texto_original": "http://sapl.marechalfloriano.es.leg.br/media/sapl/public/materialegislativa/2012/11652/pc_009-2012.pdf", "ementa": "RELATIVO AO PROJETO DE LEI N\u00b0 017/2012 QUE \"FIXA O SUBSIDIO MENSAL DOS VEREADORES\"."}, {"id": "11653", "ano": "2012", "numero": "10", "tipo__sigla": "PAR", "tipo__descricao": "Parecer das Comiss\u00f5es", "autoria": "CESA - COMISS\u00c3O DE EDUCA\u00c7\u00c3O, SA\u00daDE E ASSIST\u00caNCIA, CFO - COMISS\u00c3O DE FINAN\u00c7AS E OR\u00c7AMENTO, CLJRF - COMISS\u00c3O DE LEGISLA\u00c7\u00c3O, JUSTI\u00c7A E REDA\u00c7\u00c3O FINAL", "texto_original": "http://sapl.marechalfloriano.es.leg.br/media/sapl/public/materialegislativa/2012/11653/pc_010-2012.pdf", "ementa": "RELATIVO AO PROJETO DE LEI N\u00b0 014/2012 QUE \"IMP\u00d5E PENALIDADES AOS CONTRIBUINTES MUNICIPAL POR FORNECIMENTO DE BEBIDAS ALCOOLICAS A PESSOAS QUE S\u00c3O P\u00daBLICAS E NOTORIAMENTE CONHECIDAS COMO ALCOOLICAS E D\u00c1 OUTRAS PROVID\u00caNCIAS\"."}, {"id": "11654", "ano": "2012", "numero": "11", "tipo__sigla": "PAR", "tipo__descricao": "Parecer das Comiss\u00f5es", "autoria": "CFO - COMISS\u00c3O DE FINAN\u00c7AS E OR\u00c7AMENTO, CLJRF - COMISS\u00c3O DE LEGISLA\u00c7\u00c3O, JUSTI\u00c7A E REDA\u00c7\u00c3O FINAL", "texto_original": "http://sapl.marechalfloriano.es.leg.br/media/sapl/public/materialegislativa/2012/11654/pc_011-2012.pdf", "ementa": "RELATIVO AO PROJETO DE LEI N\u00b0 018/2012 QUE \"AUTORIZA O PODER EXECUTIVO MUNICIPAL A ADQUIRIR IM\u00d3VEL\"."}, {"id": "11655", "ano": "2012", "numero": "12", "tipo__sigla": "PAR", "tipo__descricao": "Parecer das Comiss\u00f5es", "autoria": "CFO - COMISS\u00c3O DE FINAN\u00c7AS E OR\u00c7AMENTO, CLJRF - COMISS\u00c3O DE LEGISLA\u00c7\u00c3O, JUSTI\u00c7A E REDA\u00c7\u00c3O FINAL", "texto_original": "http://sapl.marechalfloriano.es.leg.br/media/sapl/public/materialegislativa/2012/11655/pc_012-2012.pdf", "ementa": "RELATIVO AO PROJETO DE LEI N\u00b0 019/2012 QUE \"AUTORIZA O PODER LEGISLATIVO MUNICIPAL A CONCEDER ABONO PECUNI\u00c1RIO AOS SERVIDORES\"."}, {"id": "11656", "ano": "2012", "numero": "13", "tipo__sigla": "PAR", "tipo__descricao": "Parecer das Comiss\u00f5es", "autoria": "CESA - COMISS\u00c3O DE EDUCA\u00c7\u00c3O, SA\u00daDE E ASSIST\u00caNCIA, CFO - COMISS\u00c3O DE FINAN\u00c7AS E OR\u00c7AMENTO, CLJRF - COMISS\u00c3O DE LEGISLA\u00c7\u00c3O, JUSTI\u00c7A E REDA\u00c7\u00c3O FINAL", "texto_original": "http://sapl.marechalfloriano.es.leg.br/media/sapl/public/materialegislativa/2012/11656/pc_013-2012.pdf", "ementa": "RELATIVO AO PROJETO DE LEI N\u00b0 025/2012 QUE \"FIXA VENCIMENTOS-BASE DO QUADRO DO MAGIST\u00c9RIO DO MUNIC\u00cdPIO DE MARECHAL FLORIANO\"."}, {"id": "11657", "ano": "2012", "numero": "14", "tipo__sigla": "PAR", "tipo__descricao": "Parecer das Comiss\u00f5es", "autoria": "CFO - COMISS\u00c3O DE FINAN\u00c7AS E OR\u00c7AMENTO, CLJRF - COMISS\u00c3O DE LEGISLA\u00c7\u00c3O, JUSTI\u00c7A E REDA\u00c7\u00c3O FINAL", "texto_original": "http://sapl.marechalfloriano.es.leg.br/media/sapl/public/materialegislativa/2012/11657/pc_014-2012.pdf", "ementa": "RELATIVO AO PROJETO DE LEI N\u00b0 021/2012 QUE \"REESTRUTURA E ORGANIZA A ESTRUTURA ADMINISTRATIVA DO PODER LEGISLATIVO DO MUNIC\u00cdPIO DE MARECHAL FLORIANO\"."}, {"id": "11659", "ano": "2012", "numero": "15", "tipo__sigla": "PAR", "tipo__descricao": "Parecer das Comiss\u00f5es", "autoria": "CFO - COMISS\u00c3O DE FINAN\u00c7AS E OR\u00c7AMENTO, CLJRF - COMISS\u00c3O DE LEGISLA\u00c7\u00c3O, JUSTI\u00c7A E REDA\u00c7\u00c3O FINAL", "texto_original": "http://sapl.marechalfloriano.es.leg.br/media/sapl/public/materialegislativa/2012/11659/pc_015-2012.pdf", "ementa": "RELATIVO AO PROJETO DE LEI N\u00b0 024/2012 QUE \"DISCIPLINA AS NOMEA\u00c7\u00d5ES PARA CARGOS EM COMISS\u00c3O, NO \u00c2MBITO DOS \u00d3RG\u00c3OS DO PODER EXECUTIVO E LEGISLATIVO MUNICIPAL E D\u00c1 OUTRAS PROVID\u00caNCIAS\"."}, {"id": "11661", "ano": "2012", "numero": "16", "tipo__sigla": "PAR", "tipo__descricao": "Parecer das Comiss\u00f5es", "autoria": "CLJRF - COMISS\u00c3O DE LEGISLA\u00c7\u00c3O, JUSTI\u00c7A E REDA\u00c7\u00c3O FINAL", "texto_original": "http://sapl.marechalfloriano.es.leg.br/media/sapl/public/materialegislativa/2012/11661/pc_016-2012.pdf", "ementa": "RELATIVO AO PROJETO DE LEI N\u00b0 026/2012 QUE \"TORNA OBRIGAT\u00d3RIO O ENVIO DE LEIS SANCIONADAS OU PROMULGADAS \u00c0S FAM\u00cdLIAS DOS CIDAD\u00c3OS QUE FORAM HOMENAGEADOS PELO MUNIC\u00cdPIO DE MARECHAL FLORIANO-ES\"."}, {"id": "11663", "ano": "2012", "numero": "17", "tipo__sigla": "PAR", "tipo__descricao": "Parecer das Comiss\u00f5es", "autoria": "CESA - COMISS\u00c3O DE EDUCA\u00c7\u00c3O, SA\u00daDE E ASSIST\u00caNCIA, CFO - COMISS\u00c3O DE FINAN\u00c7AS E OR\u00c7AMENTO, CLJRF - COMISS\u00c3O DE LEGISLA\u00c7\u00c3O, JUSTI\u00c7A E REDA\u00c7\u00c3O FINAL", "texto_original": "http://sapl.marechalfloriano.es.leg.br/media/sapl/public/materialegislativa/2012/11663/pc_017-2012.pdf", "ementa": "RELATIVO AO PROJETO DE LEI N\u00b0 027/2012 QUE \"DISP\u00d5E SOBRE A CRIA\u00c7\u00c3O DO PROGRAMA DE ORIENTA\u00c7\u00c3O A SEXUALIDADE NAS ESCOLAS DA REDE MUNICIPAL DE EDUCA\u00c7\u00c3O DO MUNIC\u00cdPIO DE MARECHAL FLORIANO-ES\""}, {"id": "11665", "ano": "2012", "numero": "18", "tipo__sigla": "PAR", "tipo__descricao": "Parecer das Comiss\u00f5es", "autoria": "CLJRF - COMISS\u00c3O DE LEGISLA\u00c7\u00c3O, JUSTI\u00c7A E REDA\u00c7\u00c3O FINAL", "texto_original": "http://sapl.marechalfloriano.es.leg.br/media/sapl/public/materialegislativa/2012/11665/pc_018-2012.pdf", "ementa": "RELATIVO AO PROJETO DE LEI N\u00b0 028/2012 QUE \"DENOMINA DE ESTRADA JAIME CANAL\"."}, {"id": "11667", "ano": "2012", "numero": "19", "tipo__sigla": "PAR", "tipo__descricao": "Parecer das Comiss\u00f5es", "autoria": "CLJRF - COMISS\u00c3O DE LEGISLA\u00c7\u00c3O, JUSTI\u00c7A E REDA\u00c7\u00c3O FINAL", "texto_original": "http://sapl.marechalfloriano.es.leg.br/media/sapl/public/materialegislativa/2012/11667/pc_019-2012.pdf", "ementa": "RELATIVO AO PROJETO DE LEI N\u00b0 030/2012 QUE \"DENOMINA DE LADEIRA MARIO SCHUNK\""}, {"id": "11669", "ano": "2012", "numero": "20", "tipo__sigla": "PAR", "tipo__descricao": "Parecer das Comiss\u00f5es", "autoria": "CFO - COMISS\u00c3O DE FINAN\u00c7AS E OR\u00c7AMENTO, CLJRF - COMISS\u00c3O DE LEGISLA\u00c7\u00c3O, JUSTI\u00c7A E REDA\u00c7\u00c3O FINAL", "texto_original": "http://sapl.marechalfloriano.es.leg.br/media/sapl/public/materialegislativa/2012/11669/pc_020-2012.pdf", "ementa": "RELATIVO AO PROJETO DE LEI N\u00b0 029/2012 QUE \"OBRIGA OS MERCADOS, SUPERMERCADOS, IPERMERCADOS OU ESTABELECIMENTOS SIMILARES A ACOMODAR EM ESPA\u00c7O \u00daNICO, SEPARADO E ESPEC\u00cdFICO OS PRODUTOS RECOMENDADOS PARA PESSOAS DIAB\u00c9TICAS\"."}, {"id": "11670", "ano": "2012", "numero": "21", "tipo__sigla": "PAR", "tipo__descricao": "Parecer das Comiss\u00f5es", "autoria": "CFO - COMISS\u00c3O DE FINAN\u00c7AS E OR\u00c7AMENTO", "texto_original": "http://sapl.marechalfloriano.es.leg.br/media/sapl/public/materialegislativa/2012/11670/pc_021-2012.pdf", "ementa": "RELATIVO AO PROJETO DE LEI N\u00b0 032/2012 QUE \"DISP\u00d5E SOBRE AS DIRETRIZES PARA ELABORA\u00c7\u00c3O DA LEI OR\u00c7AMENT\u00c1RIA PARA O EXERC\u00cdCIO FINANCEIRO DE 2013 E D\u00c1 OUTRAS PROVID\u00caNCIAS\"."}, {"id": "11672", "ano": "2012", "numero": "22", "tipo__sigla": "PAR", "tipo__descricao": "Parecer das Comiss\u00f5es", "autoria": "CFO - COMISS\u00c3O DE FINAN\u00c7AS E OR\u00c7AMENTO", "texto_original": "http://sapl.marechalfloriano.es.leg.br/media/sapl/public/materialegislativa/2012/11672/pc_022-2012.pdf", "ementa": "RELATIVO AO PROJETO DE LEI N\u00b0 040/2012 QUE \"AUTORIZA ABERTURA DE CR\u00c9DITO ADICIONAL SUPLEMENTAR NO OR\u00c7AMENTO GERAL DO MUNIC\u00cdPIO DE MARECHAL FLORIANO-ES\""}, {"id": "11674", "ano": "2012", "numero": "23", "tipo__sigla": "PAR", "tipo__descricao": "Parecer das Comiss\u00f5es", "autoria": "CFO - COMISS\u00c3O DE FINAN\u00c7AS E OR\u00c7AMENTO", "texto_original": "http://sapl.marechalfloriano.es.leg.br/media/sapl/public/materialegislativa/2012/11674/pc_023-2012.pdf", "ementa": "RELATIVO AO PROJETO DE LEI N\u00b0 068/2012 QUE \"AUTORIZA O PODER EXECUTIVO MUNICIPAL A ABRIR CR\u00c9DITO ADICIONAL ESPECIAL NO VALOR DE 209.000,00\"."}, {"id": "11676", "ano": "2012", "numero": "24", "tipo__sigla": "PAR", "tipo__descricao": "Parecer das Comiss\u00f5es", "autoria": "CFO - COMISS\u00c3O DE FINAN\u00c7AS E OR\u00c7AMENTO", "texto_original": "http://sapl.marechalfloriano.es.leg.br/media/sapl/public/materialegislativa/2012/11676/pc_024-2012.pdf", "ementa": "RELATIVO AO PROJETO DE LEI N\u00b0 070/2012 QUE \"ESTIMA RECEITA E FIXA DESPESA DO MUNIC\u00cdPIO DE MARECHAL FLORIANO-ES PARA O EXERC\u00cdCIO FINANCEIRO DE 2013\"."}, {"id": "11677", "ano": "2012", "numero": "25", "tipo__sigla": "PAR", "tipo__descricao": "Parecer das Comiss\u00f5es", "autoria": "CLJRF - COMISS\u00c3O DE LEGISLA\u00c7\u00c3O, JUSTI\u00c7A E REDA\u00c7\u00c3O FINAL", "texto_original": "http://sapl.marechalfloriano.es.leg.br/media/sapl/public/materialegislativa/2012/11677/pc_025-2012.pdf", "ementa": "RELATIVO AO PROJETO DE LEI N\u00b0 078/2012 QUE \"ALTERA A LEI N\u00b0 1.104 DE 21 DE DEZEMBRO DE 2011\"."}, {"id": "1379", "ano": "2012", "numero": "1", "tipo__sigla": "PDL", "tipo__descricao": "Projeto de Decreto Legislativo", "autoria": "", "texto_original": "http://sapl.marechalfloriano.es.leg.br/media/./sapl/public/materialegislativa/2012/1379/1379_texto_integral.pdf", "ementa": "DISP\u00d5E SOBRE A CONCESS\u00c3O DE TITULO DE HONRA AO MERITO"}, {"id": "1966", "ano": "2012", "numero": "1", "tipo__sigla": "PLO", "tipo__descricao": "Projeto de Lei Ordin\u00e1ria", "autoria": "Cabral, Juarez Xavier", "texto_original": "http://sapl.marechalfloriano.es.leg.br/media/./sapl/public/materialegislativa/2012/1966/1966_texto_integral.pdf", "ementa": "AUTORIZA O PODER EXECUTIVO MUNICIPAL A INSTITUIR PROGRAMA DE CONSCIENTIZA\u00c7\u00c3O, VISTORIA E FISCALIZA\u00c7\u00c3O PARA ABERTURA DE BARRAGENS, TANQUES E LAGOAS, NO \u00c2MBITO DO MUNIC\u00cdPIO."}, {"id": "10982", "ano": "2012", "numero": "2", "tipo__sigla": "PLO", "tipo__descricao": "Projeto de Lei Ordin\u00e1ria", "autoria": "Cabral, Juarez Xavier", "texto_original": "http://sapl.marechalfloriano.es.leg.br/media/sapl/public/materialegislativa/2012/10982/projeto_de_lei_002-2012.pdf", "ementa": "\" AUTORIZA O PODER EXECUTIVO MUNICIPAL CONCEDER REAJUSTE AOS SERVIDORES MUNICIPAIS DO QUADRO PERMANENTE E D\u00c1 OUTRAS PROVID\u00caNCIAS.\""}, {"id": "1964", "ano": "2012", "numero": "4", "tipo__sigla": "PLO", "tipo__descricao": "Projeto de Lei Ordin\u00e1ria", "autoria": "Alo\u00edsio M\u00f3dolo de Almeida, Joaquim Stein", "texto_original": "http://sapl.marechalfloriano.es.leg.br/media/./sapl/public/materialegislativa/2012/1964/1964_texto_integral.pdf", "ementa": "ALTERA A LEI MUNICIPAL N\u00b0400, DE 08 DE OUTUBRO DE 2001."}, {"id": "1963", "ano": "2012", "numero": "5", "tipo__sigla": "PLO", "tipo__descricao": "Projeto de Lei Ordin\u00e1ria", "autoria": "Eliane Paes Lorenzoni", "texto_original": "http://sapl.marechalfloriano.es.leg.br/media/./sapl/public/materialegislativa/2012/1963/1963_texto_integral.pdf", "ementa": "CONCEDE REPASSE \u00c1 ENTIDADE DE ORGANIZA\u00c7\u00c3O DE AMPARO A IDOSOS - SOU FELIZ"}, {"id": "1962", "ano": "2012", "numero": "6", "tipo__sigla": "PLO", "tipo__descricao": "Projeto de Lei Ordin\u00e1ria", "autoria": "Eliane Paes Lorenzoni", "texto_original": "http://sapl.marechalfloriano.es.leg.br/media/./sapl/public/materialegislativa/2012/1962/1962_texto_integral.pdf", "ementa": "DISP\u00d5E SOBRE ANISTIA FISCAL DO IMPOSTO PREDIAL E TERRITORIAL URBANO IPTU E D\u00c1 OUTRAS PROVIDENCIAS."}, {"id": "1961", "ano": "2012", "numero": "7", "tipo__sigla": "PLO", "tipo__descricao": "Projeto de Lei Ordin\u00e1ria", "autoria": "MESA DIRETORA 2011/2012", "texto_original": "http://sapl.marechalfloriano.es.leg.br/media/./sapl/public/materialegislativa/2012/1961/1961_texto_integral.pdf", "ementa": "DISP\u00d5E SOBRE REAJUSTE PARA OS SERVIDORES DO PODER LEGISLATIVO MUNICIPAL DE MARECHAL FLORIANO."}, {"id": "1960", "ano": "2012", "numero": "8", "tipo__sigla": "PLO", "tipo__descricao": "Projeto de Lei Ordin\u00e1ria", "autoria": "MESA DIRETORA 2011/2012", "texto_original": "http://sapl.marechalfloriano.es.leg.br/media/./sapl/public/materialegislativa/2012/1960/1960_texto_integral.pdf", "ementa": "ALTERA A LEI MUNICIPAL N\u00b0692 DE 09 DE MAIO DE 2007, QUE \"INSTITUI O VALE FEIRA PARA SER UTILIZADO NA FEIRA LIVRE DO MUNIC\u00cdPIO\"."}, {"id": "1959", "ano": "2012", "numero": "9", "tipo__sigla": "PLO", "tipo__descricao": "Projeto de Lei Ordin\u00e1ria", "autoria": "Alcino Diniz, Joaquim Stein", "texto_original": "http://sapl.marechalfloriano.es.leg.br/media/./sapl/public/materialegislativa/2012/1959/1959_texto_integral.pdf", "ementa": "DENOMINA DE FRANCISCO MARQUES SOBRINHO O CAMPO DE BOCHA LOCALIZADO NA RUA GUSTAVO HERTEL."}, {"id": "1957", "ano": "2012", "numero": "10", "tipo__sigla": "PLO", "tipo__descricao": "Projeto de Lei Ordin\u00e1ria", "autoria": "MESA DIRETORA 2011/2012", "texto_original": "http://sapl.marechalfloriano.es.leg.br/media/./sapl/public/materialegislativa/2012/1957/1957_texto_integral.pdf", "ementa": "INSTITUI O \u00d3RG\u00c3O DE CONTROLE INTERNO NO PODER LEGISLATIVO DO MUNIC\u00cdPIO DE MARECHAL FLORIANO E D\u00c1 OUTRAS PROVIDENCIAS."}, {"id": "1956", "ano": "2012", "numero": "11", "tipo__sigla": "PLO", "tipo__descricao": "Projeto de Lei Ordin\u00e1ria", "autoria": "Eliane Paes Lorenzoni", "texto_original": "http://sapl.marechalfloriano.es.leg.br/media/./sapl/public/materialegislativa/2012/1956/1956_texto_integral.pdf", "ementa": "AUTORIZA O PODER EXECUTIVO MUNICIPAL A CONCEDER ABONO SALARIAL AOS AGENTES COMUNIT\u00c1RIOS DE SA\u00daDE DESTE MUNIC\u00cdPIO E D\u00c1 OUTRAS PROVIDENCIAS."}, {"id": "1954", "ano": "2012", "numero": "12", "tipo__sigla": "PLO", "tipo__descricao": "Projeto de Lei Ordin\u00e1ria", "autoria": "Eliane Paes Lorenzoni", "texto_original": "http://sapl.marechalfloriano.es.leg.br/media/./sapl/public/materialegislativa/2012/1954/1954_texto_integral.pdf", "ementa": "DISP\u00d5E SOBRE REAJUSTE SALARIAL PARA SERVIDORES DO PODER EXECUTIVO MUNICIPAL DE MARECHAL FLORIANO."}, {"id": "1955", "ano": "2012", "numero": "13", "tipo__sigla": "PLO", "tipo__descricao": "Projeto de Lei Ordin\u00e1ria", "autoria": "Eliane Paes Lorenzoni", "texto_original": "http://sapl.marechalfloriano.es.leg.br/media/./sapl/public/materialegislativa/2012/1955/1955_texto_integral.pdf", "ementa": "AUTORIZA O PODER EXECUTIVO MUNICIPAL A ABRIR CR\u00c9DITO ADICIONAL SUPLEMENTAR NO VALOR DE R$300.000,00 (TREZENTOS MIL REAIS)."}, {"id": "1952", "ano": "2012", "numero": "14", "tipo__sigla": "PLO", "tipo__descricao": "Projeto de Lei Ordin\u00e1ria", "autoria": "Alo\u00edsio M\u00f3dolo de Almeida", "texto_original": "http://sapl.marechalfloriano.es.leg.br/media/./sapl/public/materialegislativa/2012/1952/1952_texto_integral.pdf", "ementa": "IMP\u00d5E PENALIDADES AOS CONTRIBUINTES MUNICIPAL POR FORNECIMENTO DE BEBIDAS ALCO\u00d3LICAS A PESSOA QUE S\u00c3O P\u00daBLICAS E NOTORIAMENTE CONHECIDAS COMO ALCO\u00d3LICOS E D\u00c1 OUTRAS PROVIDENCIAS."}, {"id": "1950", "ano": "2012", "numero": "15", "tipo__sigla": "PLO", "tipo__descricao": "Projeto de Lei Ordin\u00e1ria", "autoria": "MESA DIRETORA 2011/2012", "texto_original": "http://sapl.marechalfloriano.es.leg.br/media/./sapl/public/materialegislativa/2012/1950/1950_texto_integral.pdf", "ementa": "FIXA O SUBSIDIO MENSAL DO PREFEITO MUNICIPAL."}, {"id": "1949", "ano": "2012", "numero": "16", "tipo__sigla": "PLO", "tipo__descricao": "Projeto de Lei Ordin\u00e1ria", "autoria": "MESA DIRETORA 2011/2012", "texto_original": "http://sapl.marechalfloriano.es.leg.br/media/./sapl/public/materialegislativa/2012/1949/1949_texto_integral.pdf", "ementa": "FIXA O SUBSIDIO MENSAL DOS SECRET\u00c1RIOS MUNICIPAIS."}, {"id": "1948", "ano": "2012", "numero": "17", "tipo__sigla": "PLO", "tipo__descricao": "Projeto de Lei Ordin\u00e1ria", "autoria": "MESA DIRETORA 2011/2012", "texto_original": "http://sapl.marechalfloriano.es.leg.br/media/./sapl/public/materialegislativa/2012/1948/1948_texto_integral.pdf", "ementa": "FIXA O SUBSIDIO MENSAL DOS VEREADORES."}, {"id": "1946", "ano": "2012", "numero": "18", "tipo__sigla": "PLO", "tipo__descricao": "Projeto de Lei Ordin\u00e1ria", "autoria": "Eliane Paes Lorenzoni", "texto_original": "http://sapl.marechalfloriano.es.leg.br/media/./sapl/public/materialegislativa/2012/1946/1946_texto_integral.pdf", "ementa": "AUTORIZA O PODER EXECUTIVO MUNICIPAL A ADQUIRIR IM\u00d3VEL."}, {"id": "1941", "ano": "2012", "numero": "19", "tipo__sigla": "PLO", "tipo__descricao": "Projeto de Lei Ordin\u00e1ria", "autoria": "MESA DIRETORA 2011/2012", "texto_original": "http://sapl.marechalfloriano.es.leg.br/media/./sapl/public/materialegislativa/2012/1941/1941_texto_integral.jpeg", "ementa": "AUTORIZA O PODER LEGISLATIVO MUNICIPAL A CONCEDER ABONO PECUNI\u00c1RIO AOS SERVIDORES."}, {"id": "1939", "ano": "2012", "numero": "20", "tipo__sigla": "PLO", "tipo__descricao": "Projeto de Lei Ordin\u00e1ria", "autoria": "Eliane Paes Lorenzoni", "texto_original": "http://sapl.marechalfloriano.es.leg.br/media/./sapl/public/materialegislativa/2012/1939/1939_texto_integral.pdf", "ementa": "CRIA CARGOS PARA ATENDER A SECRETARIA DE SA\u00daDE DO MUNIC\u00cdPIO DE MARECHAL FLORIANO-ES E D\u00c1 OUTRAS PROVIDENCIAS."}, {"id": "1940", "ano": "2012", "numero": "21", "tipo__sigla": "PLO", "tipo__descricao": "Projeto de Lei Ordin\u00e1ria", "autoria": "MESA DIRETORA 2011/2012", "texto_original": "http://sapl.marechalfloriano.es.leg.br/media/sapl/public/materialegislativa/2012/1940/projeto_de_lei_021-2012.pdf", "ementa": "REESTRUTURA E ORGANIZA A ESTRUTURA ADMINISTRATIVA DO PODER LEGISLATIVO DO MUNIC\u00cdPIO DE MARECHAL FLORIANO."}, {"id": "1937", "ano": "2012", "numero": "22", "tipo__sigla": "PLO", "tipo__descricao": "Projeto de Lei Ordin\u00e1ria", "autoria": "Eliane Paes Lorenzoni", "texto_original": "http://sapl.marechalfloriano.es.leg.br/media/./sapl/public/materialegislativa/2012/1937/1937_texto_integral.pdf", "ementa": "DENOMINA DE ARY RIBEIRO DA SILVA O PR\u00c9DIO DA POLICL\u00cdNICA DO MUNIC\u00cdPIO DE MARECHAL FLORIANO - ES."}, {"id": "1935", "ano": "2012", "numero": "23", "tipo__sigla": "PLO", "tipo__descricao": "Projeto de Lei Ordin\u00e1ria", "autoria": "Alo\u00edsio M\u00f3dolo de Almeida", "texto_original": "http://sapl.marechalfloriano.es.leg.br/media/./sapl/public/materialegislativa/2012/1935/1935_texto_integral.pdf", "ementa": "DENOMINA DE RUA RUTH MENDES COSTALONGA."}, {"id": "1934", "ano": "2012", "numero": "24", "tipo__sigla": "PLO", "tipo__descricao": "Projeto de Lei Ordin\u00e1ria", "autoria": "Juarez Xavier", "texto_original": "http://sapl.marechalfloriano.es.leg.br/media/sapl/public/materialegislativa/2012/1934/projeto_de_lei_024-2012.pdf", "ementa": "DISCIPLINA AS NOMEA\u00c7\u00d5ES PARA CARGOS EM COMISS\u00c3O, NO \u00c2MBITO DOS \u00d3RG\u00c3OS DO PODER EXECUTIVO E LEGISLATIVO MUNICIPAL E D\u00c1 OUTRAS PROVID\u00caNCIAS."}, {"id": "1932", "ano": "2012", "numero": "25", "tipo__sigla": "PLO", "tipo__descricao": "Projeto de Lei Ordin\u00e1ria", "autoria": "Eliane Paes Lorenzoni", "texto_original": "http://sapl.marechalfloriano.es.leg.br/media/./sapl/public/materialegislativa/2012/1932/1932_texto_integral.pdf", "ementa": "FIXA VENCIMENTOS-BASE DO QUADRO DO MAGIST\u00c9RIO DO MUNIC\u00cdPIO DE MARECHAL FLORIANO."}, {"id": "1930", "ano": "2012", "numero": "26", "tipo__sigla": "PLO", "tipo__descricao": "Projeto de Lei Ordin\u00e1ria", "autoria": "Paulo Lovatti Junior", "texto_original": "http://sapl.marechalfloriano.es.leg.br/media/./sapl/public/materialegislativa/2012/1930/1930_texto_integral.jpeg", "ementa": "TORNA OBRIGAT\u00d3RIO O ENVIO DE LEIS SANCIONADAS OU PROMULGADAS \u00c0S FAM\u00cdLIAS DOS CIDAD\u00c3OS QUE FORAM HOMENAGEADOS PELO MUNIC\u00cdPIO DE MARECHAL FLORIANO."}, {"id": "1928", "ano": "2012", "numero": "27", "tipo__sigla": "PLO", "tipo__descricao": "Projeto de Lei Ordin\u00e1ria", "autoria": "Paulo Lovatti Junior", "texto_original": "http://sapl.marechalfloriano.es.leg.br/media/./sapl/public/materialegislativa/2012/1928/1928_texto_integral.pdf", "ementa": "DISP\u00d5E SOBRE A CRIA\u00c7\u00c3O DO PROGRAMA DE ORIENTA\u00c7\u00c3O A SEXUALIDADE NAS ESCOLAS DA REDE MUNICIPAL DE EDUCA\u00c7\u00c3O DO MUNIC\u00cdPIO DE MARECHAL FLORIANO-ES."}, {"id": "1926", "ano": "2012", "numero": "28", "tipo__sigla": "PLO", "tipo__descricao": "Projeto de Lei Ordin\u00e1ria", "autoria": "Abel  Bungenstab", "texto_original": "http://sapl.marechalfloriano.es.leg.br/media/./sapl/public/materialegislativa/2012/1926/1926_texto_integral.pdf", "ementa": "DENOMINA DE ESTRADA JAIME CANAL."}, {"id": "1925", "ano": "2012", "numero": "29", "tipo__sigla": "PLO", "tipo__descricao": "Projeto de Lei Ordin\u00e1ria", "autoria": "Alo\u00edsio M\u00f3dolo de Almeida", "texto_original": "http://sapl.marechalfloriano.es.leg.br/media/./sapl/public/materialegislativa/2012/1925/1925_texto_integral.pdf", "ementa": "OBRIGA OS MERCADOS, SUPERMERCADOS, HIPERMERCADOS OU ESTABELECIMENTOS SIMILARES A ACOMODAR EM ESPA\u00c7O \u00daNICO, SEPARADO E ESPECIFICO OS PRODUTOS RECOMENDADOS PARA PESSOAS DIAB\u00c9TICAS."}, {"id": "1923", "ano": "2012", "numero": "30", "tipo__sigla": "PLO", "tipo__descricao": "Projeto de Lei Ordin\u00e1ria", "autoria": "Alo\u00edsio M\u00f3dolo de Almeida", "texto_original": "http://sapl.marechalfloriano.es.leg.br/media/./sapl/public/materialegislativa/2012/1923/1923_texto_integral.pdf", "ementa": "DENOMINA DE LADEIRA MARIO SCHUNCK."}, {"id": "1921", "ano": "2012", "numero": "31", "tipo__sigla": "PLO", "tipo__descricao": "Projeto de Lei Ordin\u00e1ria", "autoria": "Alo\u00edsio M\u00f3dolo de Almeida", "texto_original": "http://sapl.marechalfloriano.es.leg.br/media/./sapl/public/materialegislativa/2012/1921/1921_texto_integral.jpeg", "ementa": "INSTITUI A SEMANA MUNICIPAL DO TRABALHADOR RURAL NO MUNIC\u00cdPIO DE MARECHAL FLORIANO."}, {"id": "1924", "ano": "2012", "numero": "32", "tipo__sigla": "PLO", "tipo__descricao": "Projeto de Lei Ordin\u00e1ria", "autoria": "Eliane Paes Lorenzoni", "texto_original": "http://sapl.marechalfloriano.es.leg.br/media/sapl/public/materialegislativa/2012/1924/projeto_de_lei_032-2012.pdf", "ementa": "DISP\u00d5E SOBRE AS DIRETRIZES PARA ELABORA\u00c7\u00c3O DA LEI OR\u00c7AMENT\u00c1RIA PARA O EXERC\u00cdCIO FINANCEIRO DE 2013 E D\u00c1 OUTRAS PROVID\u00caNCIAS."}, {"id": "1911", "ano": "2012", "numero": "33", "tipo__sigla": "PLO", "tipo__descricao": "Projeto de Lei Ordin\u00e1ria", "autoria": "Eliane Paes Lorenzoni", "texto_original": "http://sapl.marechalfloriano.es.leg.br/media/./sapl/public/materialegislativa/2012/1911/1911_texto_integral.pdf", "ementa": "AUTORIZA O PODER EXECUTIVO MUNICIPAL A EFETUAR REPASSE DE VERBA \u00c1 PROPRIEDADE FORNECEDORA DE \u00c1GUA DO DISTRITO DE ARAGUAIA E D\u00c1 OUTRAS PROVIDENCIAS."}, {"id": "1910", "ano": "2012", "numero": "34", "tipo__sigla": "PLO", "tipo__descricao": "Projeto de Lei Ordin\u00e1ria", "autoria": "Alo\u00edsio M\u00f3dolo de Almeida", "texto_original": "http://sapl.marechalfloriano.es.leg.br/media/./sapl/public/materialegislativa/2012/1910/1910_texto_integral.jpeg", "ementa": "REVOGA A LEI MUNICIPAL N\u00b0.1.124 DE 30 DE MAR\u00c7O DE 2012 QUE DENOMINA DE RUA RUTH MENDES COSTALONGA."}, {"id": "1909", "ano": "2012", "numero": "35", "tipo__sigla": "PLO", "tipo__descricao": "Projeto de Lei Ordin\u00e1ria", "autoria": "Eliane Paes Lorenzoni", "texto_original": "http://sapl.marechalfloriano.es.leg.br/media/./sapl/public/materialegislativa/2012/1909/1909_texto_integral.pdf", "ementa": "AUTORIZA O PODER EXECUTIVO MUNICIPAL A REPASSAR RECURSOS FINANCEIROS A T\u00cdTULO DE SUBVEN\u00c7\u00c3O SOCIAL \u00c0 ASSOCIA\u00c7\u00c3O PESTALOZZI DE MARECHAL FLORIANO - ES."}, {"id": "1908", "ano": "2012", "numero": "36", "tipo__sigla": "PLO", "tipo__descricao": "Projeto de Lei Ordin\u00e1ria", "autoria": "Alo\u00edsio M\u00f3dolo de Almeida", "texto_original": "http://sapl.marechalfloriano.es.leg.br/media/./sapl/public/materialegislativa/2012/1908/1908_texto_integral.pdf", "ementa": "DISP\u00d5E SOBRE CAMPANHA DE ESCLARECIMENTO E COMBATE A PEDOFILIA NAS ESCOLAS P\u00daBLICAS E PARTICULARES DO MUNIC\u00cdPIO DE MARECHAL FLORIANO E DA OUTRAS PROVIDENCIAS."}, {"id": "1907", "ano": "2012", "numero": "37", "tipo__sigla": "PLO", "tipo__descricao": "Projeto de Lei Ordin\u00e1ria", "autoria": "S\u00e9rgio Stein", "texto_original": "http://sapl.marechalfloriano.es.leg.br/media/./sapl/public/materialegislativa/2012/1907/1907_texto_integral.pdf", "ementa": "DENOMINA DE RODOVIA ANTONIO MANOEL MARQUES."}, {"id": "1906", "ano": "2012", "numero": "38", "tipo__sigla": "PLO", "tipo__descricao": "Projeto de Lei Ordin\u00e1ria", "autoria": "S\u00e9rgio Stein", "texto_original": "http://sapl.marechalfloriano.es.leg.br/media/./sapl/public/materialegislativa/2012/1906/1906_texto_integral.pdf", "ementa": "DENOMINA DE RODOVIA HENRIQUE KROHLING SOBRINHO."}, {"id": "1905", "ano": "2012", "numero": "39", "tipo__sigla": "PLO", "tipo__descricao": "Projeto de Lei Ordin\u00e1ria", "autoria": "S\u00e9rgio Stein", "texto_original": "http://sapl.marechalfloriano.es.leg.br/media/./sapl/public/materialegislativa/2012/1905/1905_texto_integral.pdf", "ementa": "DENOMINA DE RODOVIA CARLOS GERMANO KR\u00dcGER."}, {"id": "1904", "ano": "2012", "numero": "40", "tipo__sigla": "PLO", "tipo__descricao": "Projeto de Lei Ordin\u00e1ria", "autoria": "Eliane Paes Lorenzoni", "texto_original": "http://sapl.marechalfloriano.es.leg.br/media/./sapl/public/materialegislativa/2012/1904/1904_texto_integral.pdf", "ementa": "AUTORIZA ABERTURA DE CR\u00c9DITO ADICIONAL SUPLEMENTAR NO OR\u00c7AMENTO GERAL DO MUNIC\u00cdPIO DE MARECHAL FLORIANO - ES."}, {"id": "1903", "ano": "2012", "numero": "41", "tipo__sigla": "PLO", "tipo__descricao": "Projeto de Lei Ordin\u00e1ria", "autoria": "Eliane Paes Lorenzoni", "texto_original": "http://sapl.marechalfloriano.es.leg.br/media/./sapl/public/materialegislativa/2012/1903/1903_texto_integral.pdf", "ementa": "DISP\u00d5E SOBRE A ALTERA\u00c7\u00c3O DA REFER\u00caNCIA DA CARREIRA/CLASSE DO CARGO DE BER\u00c7ARISTAS E D\u00c1 OUTRAS PROVID\u00caNCIAS."}, {"id": "1983", "ano": "2012", "numero": "42", "tipo__sigla": "PLO", "tipo__descricao": "Projeto de Lei Ordin\u00e1ria", "autoria": "Alo\u00edsio M\u00f3dolo de Almeida", "texto_original": "http://sapl.marechalfloriano.es.leg.br/media/./sapl/public/materialegislativa/2012/1983/1983_texto_integral.pdf", "ementa": "CRIA O TRIMESTRE ESCOLAR ANTIDROGAS, NAS DIRETRIZES ESCOLARES PARA A PREVEN\u00c7\u00c3O AO USO DE DROGAS E OBRIGA A TODAS AS INSTITUI\u00c7\u00d5ES DE ENSINO FUNDAMENTAL E M\u00c9DIO DE MARECHAL FLORIANO A ADERIR AO PROJETO  "}, {"id": "1982", "ano": "2012", "numero": "43", "tipo__sigla": "PLO", "tipo__descricao": "Projeto de Lei Ordin\u00e1ria", "autoria": "Cabral", "texto_original": "http://sapl.marechalfloriano.es.leg.br/media/./sapl/public/materialegislativa/2012/1982/1982_texto_integral.pdf", "ementa": "DENOMINA DE RUA FLORISBELA UHL VELTEN "}, {"id": "1981", "ano": "2012", "numero": "44", "tipo__sigla": "PLO", "tipo__descricao": "Projeto de Lei Ordin\u00e1ria", "autoria": "Abel  Bungenstab", "texto_original": "http://sapl.marechalfloriano.es.leg.br/media/./sapl/public/materialegislativa/2012/1981/1981_texto_integral.pdf", "ementa": "DENOMINA DE ESTRADA BENEDICTO MARQUES "}, {"id": "1980", "ano": "2012", "numero": "45", "tipo__sigla": "PLO", "tipo__descricao": "Projeto de Lei Ordin\u00e1ria", "autoria": "Alo\u00edsio M\u00f3dolo de Almeida", "texto_original": "http://sapl.marechalfloriano.es.leg.br/media/./sapl/public/materialegislativa/2012/1980/1980_texto_integral.pdf", "ementa": "DENOMINA DE CENTRO EDUCACIONAL ESPORTIVO DR. EVANDRO VIERA BITTENCOURT MACHADO"}, {"id": "1979", "ano": "2012", "numero": "46", "tipo__sigla": "PLO", "tipo__descricao": "Projeto de Lei Ordin\u00e1ria", "autoria": "Alo\u00edsio M\u00f3dolo de Almeida", "texto_original": "http://sapl.marechalfloriano.es.leg.br/media/./sapl/public/materialegislativa/2012/1979/1979_texto_integral.pdf", "ementa": "DENOMINA DE GIN\u00c1SIO MUNICIPAL DE ESPORTES CIC\u00cdLIA MARIA SIMON "}, {"id": "1978", "ano": "2012", "numero": "47", "tipo__sigla": "PLO", "tipo__descricao": "Projeto de Lei Ordin\u00e1ria", "autoria": "Abel  Bungenstab", "texto_original": "http://sapl.marechalfloriano.es.leg.br/media/./sapl/public/materialegislativa/2012/1978/1978_texto_integral.pdf", "ementa": "DENOMINA DE VILA ALTO RIO FUNDO "}, {"id": "1977", "ano": "2012", "numero": "48", "tipo__sigla": "PLO", "tipo__descricao": "Projeto de Lei Ordin\u00e1ria", "autoria": "Alo\u00edsio M\u00f3dolo de Almeida", "texto_original": "http://sapl.marechalfloriano.es.leg.br/media/./sapl/public/materialegislativa/2012/1977/1977_texto_integral.jpeg", "ementa": "AUTORIZA O PODER EXECUTIVO DISPOR SOBRE A REGULARIZA\u00c7\u00c3O DE TERRENOS URBANOS NO MUNIC\u00cdPIO DE MARECHAL FLORIANO "}, {"id": "1976", "ano": "2012", "numero": "49", "tipo__sigla": "PLO", "tipo__descricao": "Projeto de Lei Ordin\u00e1ria", "autoria": "Joaquim Stein", "texto_original": "http://sapl.marechalfloriano.es.leg.br/media/./sapl/public/materialegislativa/2012/1976/1976_texto_integral.pdf", "ementa": "INSTITUI O PROGRAMA DE ENSINO DA BOCHA, NO \u00c2MBITO DO MUNIC\u00cdPIO DE MARECHAL FLORIANO "}, {"id": "1975", "ano": "2012", "numero": "50", "tipo__sigla": "PLO", "tipo__descricao": "Projeto de Lei Ordin\u00e1ria", "autoria": "Abel  Bungenstab", "texto_original": "http://sapl.marechalfloriano.es.leg.br/media/./sapl/public/materialegislativa/2012/1975/1975_texto_integral.pdf", "ementa": "DENOMINA DE ESTRADA JOS\u00c9 HUBER"}, {"id": "1974", "ano": "2012", "numero": "51", "tipo__sigla": "PLO", "tipo__descricao": "Projeto de Lei Ordin\u00e1ria", "autoria": "Abel  Bungenstab", "texto_original": "http://sapl.marechalfloriano.es.leg.br/media/./sapl/public/materialegislativa/2012/1974/1974_texto_integral.pdf", "ementa": "REGULAMENTAR A DENOMINA\u00c7\u00c3O DE BAIRROS, LOGRADOUROS P\u00daBLICOS E BENS P\u00daBLICOS "}, {"id": "1973", "ano": "2012", "numero": "52", "tipo__sigla": "PLO", "tipo__descricao": "Projeto de Lei Ordin\u00e1ria", "autoria": "Alo\u00edsio M\u00f3dolo de Almeida", "texto_original": "http://sapl.marechalfloriano.es.leg.br/media/./sapl/public/materialegislativa/2012/1973/1973_texto_integral.pdf", "ementa": "AUTORIZA O PODER EXECUTIVO MUNICIPAL A CONTRATAR PROFISSIONAIS COM CERTIFICADO FITOSSANIT\u00c1RIA DE ORIGEM - CFO/CFOC, PARA ATENDER OS PRODUTORES DE C\u00cdTRICOS E BANANAS DO MUNIC\u00cdPIO DE MARECHAL FLORIANO-ES, E DA OUTRAS PROVID\u00caNCIAS "}, {"id": "1972", "ano": "2012", "numero": "53", "tipo__sigla": "PLO", "tipo__descricao": "Projeto de Lei Ordin\u00e1ria", "autoria": "Cabral", "texto_original": "http://sapl.marechalfloriano.es.leg.br/media/./sapl/public/materialegislativa/2012/1972/1972_texto_integral.pdf", "ementa": "AUTORIZA O PODER EXECUTIVO A INSTITUIR O PROGRAMA REM\u00c9DIO EM CASA E D\u00c1 OUTRAS PROVID\u00caNCIAS "}, {"id": "1971", "ano": "2012", "numero": "54", "tipo__sigla": "PLO", "tipo__descricao": "Projeto de Lei Ordin\u00e1ria", "autoria": "Cabral", "texto_original": "http://sapl.marechalfloriano.es.leg.br/media/./sapl/public/materialegislativa/2012/1971/1971_texto_integral.pdf", "ementa": "DISP\u00d5E SOBRE FIXA\u00c7\u00c3O DE QUADRO DE HOR\u00c1RIOS NAS DIRETORIAS E DEPARTAMENTOS DA PREFEITURA MUNICIPAL DE MARECHAL FLORIANO "}, {"id": "1970", "ano": "2012", "numero": "55", "tipo__sigla": "PLO", "tipo__descricao": "Projeto de Lei Ordin\u00e1ria", "autoria": "Cabral", "texto_original": "http://sapl.marechalfloriano.es.leg.br/media/", "ementa": "AUTORIZA A GRAVA\u00c7\u00c3O DE LOGOMARCA DE EMPRESAS P\u00daBLICAS E/OU PRIVADAS EM UNIFORMES DOADOS AOS ALUNOS DAS CRECHES E ESCOLAS MUNICIPAIS "}, {"id": "1969", "ano": "2012", "numero": "56", "tipo__sigla": "PLO", "tipo__descricao": "Projeto de Lei Ordin\u00e1ria", "autoria": "Eliane Paes Lorenzoni", "texto_original": "http://sapl.marechalfloriano.es.leg.br/media/./sapl/public/materialegislativa/2012/1969/1969_texto_integral.pdf", "ementa": "AUTORIZA O PODER EXECUTIVO MUNICIPAL A ABRIR CR\u00c9DITO ADICIONAL ESPECIAL NO VALOR DE R$ 435.000,00 (QUATROCENTOS E TRINTA E CINCO MIL REAIS)"}, {"id": "1968", "ano": "2012", "numero": "57", "tipo__sigla": "PLO", "tipo__descricao": "Projeto de Lei Ordin\u00e1ria", "autoria": "Eliane Paes Lorenzoni", "texto_original": "http://sapl.marechalfloriano.es.leg.br/media/./sapl/public/materialegislativa/2012/1968/1968_texto_integral.pdf", "ementa": "DISP\u00d5E SOBRE DESONERA\u00c7\u00c3O FISCAL RELATIVA AOS IMPOSTOS QUE MENCIONA, E D\u00c1 OUTRAS PROVID\u00caNCIAS "}, {"id": "1967", "ano": "2012", "numero": "58", "tipo__sigla": "PLO", "tipo__descricao": "Projeto de Lei Ordin\u00e1ria", "autoria": "Eliane Paes Lorenzoni", "texto_original": "http://sapl.marechalfloriano.es.leg.br/media/./sapl/public/materialegislativa/2012/1967/1967_texto_integral.pdf", "ementa": "DESTINA E DOA IM\u00d3VEIS PARA A EXECU\u00c7\u00c3O DO PROGRAMA MINHA CASA MINHA VIDA - PMCMV"}, {"id": "1965", "ano": "2012", "numero": "59", "tipo__sigla": "PLO", "tipo__descricao": "Projeto de Lei Ordin\u00e1ria", "autoria": "Eliane Paes Lorenzoni", "texto_original": "http://sapl.marechalfloriano.es.leg.br/media/./sapl/public/materialegislativa/2012/1965/1965_texto_integral.pdf", "ementa": "DECLARA COMO UTILIDADE P\u00daBLICA MUNICIPAL A ASSOCIA\u00c7\u00c3O MENSAGEIROS DA BOA NOVA E D\u00c1 OUTRAS PROVID\u00caNCIAS "}, {"id": "1958", "ano": "2012", "numero": "60", "tipo__sigla": "PLO", "tipo__descricao": "Projeto de Lei Ordin\u00e1ria", "autoria": "Eliane Paes Lorenzoni", "texto_original": "http://sapl.marechalfloriano.es.leg.br/media/./sapl/public/materialegislativa/2012/1958/1958_texto_integral.pdf", "ementa": "AUTORIZA O PODER EXECUTIVO MUNICIPAL A DESENVOLVER A\u00c7\u00d5ES PARA IMPLEMENTAR O PROGRAMA MINHA CASA MINHA VIDA - PMCMV, CRIADO PELA LEI N\u00b0 11.977, DE 07 DE JULHO DE 2009, NAS CONDI\u00c7\u00d5ES DEFINIDAS PELOS NORMATIVOS DO MINIST\u00c9RIO DAS CIDADES"}, {"id": "1953", "ano": "2012", "numero": "61", "tipo__sigla": "PLO", "tipo__descricao": "Projeto de Lei Ordin\u00e1ria", "autoria": "Eliane Paes Lorenzoni", "texto_original": "http://sapl.marechalfloriano.es.leg.br/media/./sapl/public/materialegislativa/2012/1953/1953_texto_integral.pdf", "ementa": "CRIA CARGOS PARA ATENDER A SECRETARIA MUNICIPAL DE SA\u00daDE DO MUNIC\u00cdPIO DE MARECHAL FLORIANO-ES E D\u00c1 OUTRAS PROVID\u00caNCIAS "}, {"id": "1951", "ano": "2012", "numero": "62", "tipo__sigla": "PLO", "tipo__descricao": "Projeto de Lei Ordin\u00e1ria", "autoria": "Eliane Paes Lorenzoni", "texto_original": "http://sapl.marechalfloriano.es.leg.br/media/./sapl/public/materialegislativa/2012/1951/1951_texto_integral.pdf", "ementa": "AUTORIZA O PODER EXECUTIVO MUNICIPAL A ABRIR CR\u00c9DITO ADICIONAL ESPECIAL NO VALOR DE R$ 101.500,00 (CENTO E UM MIL E QUINHENTOS REAIS)"}, {"id": "1947", "ano": "2012", "numero": "63", "tipo__sigla": "PLO", "tipo__descricao": "Projeto de Lei Ordin\u00e1ria", "autoria": "Eliane Paes Lorenzoni", "texto_original": "http://sapl.marechalfloriano.es.leg.br/media/./sapl/public/materialegislativa/2012/1947/1947_texto_integral.pdf", "ementa": "ALTERA A LEI MUNICIPAL N\u00b0904 DE 15 DE ABRIL DE 2009 QUE CRIA O FUNDO MUNICIPAL DE HABITA\u00c7\u00c3O DE INTERESSE SOCIAL - FMHIS"}, {"id": "1945", "ano": "2012", "numero": "64", "tipo__sigla": "PLO", "tipo__descricao": "Projeto de Lei Ordin\u00e1ria", "autoria": "Eliane Paes Lorenzoni", "texto_original": "http://sapl.marechalfloriano.es.leg.br/media/./sapl/public/materialegislativa/2012/1945/1945_texto_integral.pdf", "ementa": "AUTORIZA ABERTURA DE CR\u00c9DITO ADICIONAL SUPLEMENTAR NO OR\u00c7AMENTO GERAL DO MUNIC\u00cdPIO DE MARECHAL FLORIANO-ES "}, {"id": "1944", "ano": "2012", "numero": "65", "tipo__sigla": "PLO", "tipo__descricao": "Projeto de Lei Ordin\u00e1ria", "autoria": "Abel  Bungenstab", "texto_original": "http://sapl.marechalfloriano.es.leg.br/media/./sapl/public/materialegislativa/2012/1944/1944_texto_integral.pdf", "ementa": "DENOMINA DE ESTRADA PAULO RUPF"}, {"id": "1943", "ano": "2012", "numero": "66", "tipo__sigla": "PLO", "tipo__descricao": "Projeto de Lei Ordin\u00e1ria", "autoria": "Cabral", "texto_original": "http://sapl.marechalfloriano.es.leg.br/media/./sapl/public/materialegislativa/2012/1943/1943_texto_integral.pdf", "ementa": "DISP\u00d5E SOBRE A CRIA\u00c7\u00c3O DO SISCAN - SISTEMA MUNICIPAL DE REGISTRO DE C\u00c2NCER NO MUNIC\u00cdPIO DE MARECHAL FLORIANO "}, {"id": "1942", "ano": "2012", "numero": "67", "tipo__sigla": "PLO", "tipo__descricao": "Projeto de Lei Ordin\u00e1ria", "autoria": "Eliane Paes Lorenzoni", "texto_original": "http://sapl.marechalfloriano.es.leg.br/media/./sapl/public/materialegislativa/2012/1942/1942_texto_integral.pdf", "ementa": "CRIA O REGIMENTO INTERNO DO CEMIT\u00c9RIO RECANTO DA PAZ E D\u00c1 OUTRAS PROVID\u00caNCIAS "}, {"id": "1938", "ano": "2012", "numero": "68", "tipo__sigla": "PLO", "tipo__descricao": "Projeto de Lei Ordin\u00e1ria", "autoria": "Eliane Paes Lorenzoni", "texto_original": "http://sapl.marechalfloriano.es.leg.br/media/./sapl/public/materialegislativa/2012/1938/1938_texto_integral.pdf", "ementa": "AUTORIZA O PODER EXECUTIVO MUNICIPAL A ABRIR CR\u00c9DITO ADICIONAL ESPECIAL NO VALOR R$ 209.000,00 (DUZENTOS E NOVE MIL REAIS)"}, {"id": "1936", "ano": "2012", "numero": "69", "tipo__sigla": "PLO", "tipo__descricao": "Projeto de Lei Ordin\u00e1ria", "autoria": "Alo\u00edsio M\u00f3dolo de Almeida", "texto_original": "http://sapl.marechalfloriano.es.leg.br/media/./sapl/public/materialegislativa/2012/1936/1936_texto_integral.jpeg", "ementa": "ACRESCENTAR \u00c1REA DE PER\u00cdMETRO URBANO AO ARTIGO 5\u00b0 DA LEI N\u00b0 066 DE 08 DE ABRIL DE 1994"}, {"id": "1933", "ano": "2012", "numero": "70", "tipo__sigla": "PLO", "tipo__descricao": "Projeto de Lei Ordin\u00e1ria", "autoria": "Eliane Paes Lorenzoni", "texto_original": "http://sapl.marechalfloriano.es.leg.br/media/./sapl/public/materialegislativa/2012/1933/1933_texto_integral.pdf", "ementa": "ESTIMA RECEITA E FIXA DESPESA DO MUNIC\u00cdPIO DE MARECHAL FLORIANO - ES PARA O EXERC\u00cdCIO FINANCEIRO DE 2013"}, {"id": "1931", "ano": "2012", "numero": "71", "tipo__sigla": "PLO", "tipo__descricao": "Projeto de Lei Ordin\u00e1ria", "autoria": "Eliane Paes Lorenzoni", "texto_original": "http://sapl.marechalfloriano.es.leg.br/media/./sapl/public/materialegislativa/2012/1931/1931_texto_integral.pdf", "ementa": "AUTORIZA A ABERTURA DE CR\u00c9DITO ADICIONAL SUPLEMENTAR NO OR\u00c7AMENTO GERAL DO MUNIC\u00cdPIO DE MARECHAL FLORIANO-ES"}, {"id": "1929", "ano": "2012", "numero": "72", "tipo__sigla": "PLO", "tipo__descricao": "Projeto de Lei Ordin\u00e1ria", "autoria": "Alo\u00edsio M\u00f3dolo de Almeida", "texto_original": "http://sapl.marechalfloriano.es.leg.br/media/./sapl/public/materialegislativa/2012/1929/1929_texto_integral.pdf", "ementa": "INSTITUI NO MUNIC\u00cdPIO DE MARECHAL FLORIANO A TRANSPAR\u00caNCIA DOS ATOS DOS PODERES LEGISLATIVO E EXECUTIVO, E D\u00c1 OUTRAS PROVID\u00caNCIAS "}, {"id": "1927", "ano": "2012", "numero": "73", "tipo__sigla": "PLO", "tipo__descricao": "Projeto de Lei Ordin\u00e1ria", "autoria": "MESA DIRETORA 2011/2012", "texto_original": "http://sapl.marechalfloriano.es.leg.br/media/./sapl/public/materialegislativa/2012/1927/1927_texto_integral.pdf", "ementa": "ALTERA O ANEXO II E ANEXO III DA LEI MUNICIPAL N\u00ba 1125 DE 30 DE MAR\u00c7O DE 2012"}, {"id": "1922", "ano": "2012", "numero": "74", "tipo__sigla": "PLO", "tipo__descricao": "Projeto de Lei Ordin\u00e1ria", "autoria": "Eliane Paes Lorenzoni", "texto_original": "http://sapl.marechalfloriano.es.leg.br/media/./sapl/public/materialegislativa/2012/1922/1922_texto_integral.pdf", "ementa": "ALTERA O ART. 14, 15, 18 E 39 DA LEI N\u00ba 675, DE 30 DE ABRIL DE 2007, E D\u00c1 OUTRAS PROVID\u00caNCIAS "}, {"id": "1920", "ano": "2012", "numero": "75", "tipo__sigla": "PLO", "tipo__descricao": "Projeto de Lei Ordin\u00e1ria", "autoria": "Eliane Paes Lorenzoni", "texto_original": "http://sapl.marechalfloriano.es.leg.br/media/./sapl/public/materialegislativa/2012/1920/1920_texto_integral.pdf", "ementa": "AUTORIZA\u00c7\u00c3O PARA PAGAMENTO DE PREMIA\u00c7\u00c3O NO VALOR DE R$ 6.000,00 (SEIS MIL REAIS) AOS VENCEDORES DO IX CONCURSO DE QUALIDADE DO CAF\u00c9 DO MUNIC\u00cdPIO DE MARECHAL FLORIANO  "}, {"id": "1919", "ano": "2012", "numero": "76", "tipo__sigla": "PLO", "tipo__descricao": "Projeto de Lei Ordin\u00e1ria", "autoria": "Eliane Paes Lorenzoni", "texto_original": "http://sapl.marechalfloriano.es.leg.br/media/./sapl/public/materialegislativa/2012/1919/1919_texto_integral.pdf", "ementa": "FICAM CRIADOS PONTOS DE T\u00c1XI NO MUNIC\u00cdPIO DE MARECHAL FLORIANO "}, {"id": "1918", "ano": "2012", "numero": "77", "tipo__sigla": "PLO", "tipo__descricao": "Projeto de Lei Ordin\u00e1ria", "autoria": "Eliane Paes Lorenzoni", "texto_original": "http://sapl.marechalfloriano.es.leg.br/media/./sapl/public/materialegislativa/2012/1918/1918_texto_integral.pdf", "ementa": "DISP\u00d5E SOBRE A CONCESS\u00c3O DE ABONO SALARIAL AOS INTEGRANTES DO QUADRO DE MAGIST\u00c9RIO DA SECRETARIA MUNICIPAL DE EDUCA\u00c7\u00c3O, CULTURA E ESPORTES DESTE MUNIC\u00cdPIO E D\u00c1 OUTRAS PROVID\u00caNCIAS "}, {"id": "1917", "ano": "2012", "numero": "78", "tipo__sigla": "PLO", "tipo__descricao": "Projeto de Lei Ordin\u00e1ria", "autoria": "S\u00e9rgio Stein", "texto_original": "http://sapl.marechalfloriano.es.leg.br/media/./sapl/public/materialegislativa/2012/1917/1917_texto_integral.pdf", "ementa": "ALTERA A LEI MUNICIPAL N\u00ba.1104, DE 21 DE DEZEMBRO DE 2011"}, {"id": "1916", "ano": "2012", "numero": "79", "tipo__sigla": "PLO", "tipo__descricao": "Projeto de Lei Ordin\u00e1ria", "autoria": "Eliane Paes Lorenzoni", "texto_original": "http://sapl.marechalfloriano.es.leg.br/media/./sapl/public/materialegislativa/2012/1916/1916_texto_integral.pdf", "ementa": "ALTERA A LEI MUNICIPAL N\u00ba 960 DE 09.11.09 - \"PLANO PLURIANUAL DO MUNIC\u00cdPIO DE MARECHAL FLORIANO, ESTADO DO ESPIRITO SANTO PARA O PER\u00cdODO DE 2010 A 2013."}, {"id": "1915", "ano": "2012", "numero": "80", "tipo__sigla": "PLO", "tipo__descricao": "Projeto de Lei Ordin\u00e1ria", "autoria": "Juarez Xavier", "texto_original": "http://sapl.marechalfloriano.es.leg.br/media/./sapl/public/materialegislativa/2012/1915/1915_texto_integral.pdf", "ementa": "DENOMINA DE PRA\u00c7A DOS PODERES PEDRO BUENO "}, {"id": "1914", "ano": "2012", "numero": "81", "tipo__sigla": "PLO", "tipo__descricao": "Projeto de Lei Ordin\u00e1ria", "autoria": "Eliane Paes Lorenzoni", "texto_original": "http://sapl.marechalfloriano.es.leg.br/media/./sapl/public/materialegislativa/2012/1914/1914_texto_integral.pdf", "ementa": "ALTERAR DISPOSITIVOS DA LEI N\u00ba 1180, DE 10 DE DEZEMBRO DE 2012, E D\u00c1 OUTRAS PROVID\u00caNCIAS."}, {"id": "1913", "ano": "2012", "numero": "82", "tipo__sigla": "PLO", "tipo__descricao": "Projeto de Lei Ordin\u00e1ria", "autoria": "Cabral", "texto_original": "http://sapl.marechalfloriano.es.leg.br/media/", "ementa": "AUTORIZAR O PODER EXECUTIVO A DISPOR SOBRE A CRIA\u00c7\u00c3O DAS TAXAS PARA O LICENCIAMENTO AMBIENTAL DE EMPREENDIMENTO, ATIVIDADES E/OU SERVI\u00c7OS CONSIDERADOS EFETIVA OU POTENCIALMENTE POLUIDORES E/OU DEGRADADORES DO MEIO AMBIENTE NO MUNIC\u00cdPIO DE MARECHAL FLORIANO. "}, {"id": "1912", "ano": "2012", "numero": "83", "tipo__sigla": "PLO", "tipo__descricao": "Projeto de Lei Ordin\u00e1ria", "autoria": "Eliane Paes Lorenzoni", "texto_original": "http://sapl.marechalfloriano.es.leg.br/media/./sapl/public/materialegislativa/2012/1912/1912_texto_integral.pdf", "ementa": "AUTORIZAR O PODER EXECUTIVO MUNICIPAL \u00c0 ATUALIZAR AS FONTES DE RECURSOS DO OR\u00c7AMENTO MUNICIPAL DO EXERC\u00cdCIO DE 2013."}, {"id": "10451", "ano": "2012", "numero": "1", "tipo__sigla": "PRE", "tipo__descricao": "Projeto de Resolu\u00e7\u00e3o", "autoria": "MESA DIRETORA 2011/2012", "texto_original": "http://sapl.marechalfloriano.es.leg.br/media/sapl/public/materialegislativa/2012/10451/pr001-2012.pdf", "ementa": "AUTORIZA O PODER LEGISLATIVO A DEVOLVER RECURSOS FINANCEIROS AO PODER EXECUTIVO MUNICIPAL."}, {"id": "10452", "ano": "2012", "numero": "2", "tipo__sigla": "PRE", "tipo__descricao": "Projeto de Resolu\u00e7\u00e3o", "autoria": "MESA DIRETORA 2011/2012", "texto_original": "http://sapl.marechalfloriano.es.leg.br/media/sapl/public/materialegislativa/2012/10452/pr002-2012.pdf", "ementa": "AUTORIZA A DEVOLU\u00c7\u00c3O DE RECURSOS FINANCEIROS AO PODER EXECUTIVO MUNICIPAL."}, {"id": "10453", "ano": "2012", "numero": "3", "tipo__sigla": "PRE", "tipo__descricao": "Projeto de Resolu\u00e7\u00e3o", "autoria": "MESA DIRETORA 2011/2012", "texto_original": "http://sapl.marechalfloriano.es.leg.br/media/sapl/public/materialegislativa/2012/10453/pr003-2012.pdf", "ementa": "AUTORIZA O PODER LEGISLATIVO MUNICIPAL ANULAR DOTA\u00c7\u00c3O DO OR\u00c7AMENTO VIGENTE."}, {"id": "10454", "ano": "2012", "numero": "4", "tipo__sigla": "PRE", "tipo__descricao": "Projeto de Resolu\u00e7\u00e3o", "autoria": "MESA DIRETORA 2011/2012", "texto_original": "http://sapl.marechalfloriano.es.leg.br/media/sapl/public/materialegislativa/2012/10454/pr004-2012.pdf", "ementa": "AUTORIZA A DEVOLU\u00c7\u00c3O DE RECURSOS FINANCEIROS AO PODER EXECUTIVO MUNICIPAL."}, {"id": "10455", "ano": "2012", "numero": "5", "tipo__sigla": "PRE", "tipo__descricao": "Projeto de Resolu\u00e7\u00e3o", "autoria": "MESA DIRETORA 2011/2012", "texto_original": "http://sapl.marechalfloriano.es.leg.br/media/sapl/public/materialegislativa/2012/10455/pr005-2012.pdf", "ementa": "AUTORIZA A DEVOLU\u00c7\u00c3O DE RECURSOS FINANCEIROS AO PODER EXECUTIVO MUNICIPAL."}, {"id": "10456", "ano": "2012", "numero": "6", "tipo__sigla": "PRE", "tipo__descricao": "Projeto de Resolu\u00e7\u00e3o", "autoria": "MESA DIRETORA 2011/2012", "texto_original": "http://sapl.marechalfloriano.es.leg.br/media/sapl/public/materialegislativa/2012/10456/pr006-2012.pdf", "ementa": "\"DISP\u00d5E SOBRE A CONCESS\u00c3O DE ABONO PECUNI\u00c1RIO PARA OS SERVIDORES EFETIVOS E COMISSIONADOS DO PODER LEGISLATIVO MUNICIPAL."}, {"id": "10458", "ano": "2012", "numero": "7", "tipo__sigla": "PRE", "tipo__descricao": "Projeto de Resolu\u00e7\u00e3o", "autoria": "MESA DIRETORA 2011/2012", "texto_original": "http://sapl.marechalfloriano.es.leg.br/media/sapl/public/materialegislativa/2012/10458/pr007-2012.pdf", "ementa": "AUTORIZA O PODER LEGISLATIVO MUNICIPAL ANULAR DOTA\u00c7\u00c3O DO OR\u00c7AMENTO VIGENTE."}, {"id": "9369", "ano": "2012", "numero": "1", "tipo__sigla": "REQ", "tipo__descricao": "Requerimento", "autoria": "Alo\u00edsio M\u00f3dolo de Almeida", "texto_original": "http://sapl.marechalfloriano.es.leg.br/media/sapl/public/materialegislativa/2012/9369/001-2012.pdf", "ementa": "REQUER QUE O PODER EXECUTIVO MUNICIPAL ENCAMINHE A ESTA CASA DE LEIS UM PROJETO DE LEI AUTORIZANDO A REGULARIZA\u00c7\u00c3O DE LOTES COM MEDIDAS INFERIORES A 300M2, TENDO EM VISTA O GRANDE N\u00daMERO DE SOLICITA\u00c7\u00d5ES FEITAS PELOS PROPRIET\u00c1RIOS."}, {"id": "1902", "ano": "2012", "numero": "2", "tipo__sigla": "REQ", "tipo__descricao": "Requerimento", "autoria": "Alo\u00edsio M\u00f3dolo de Almeida", "texto_original": "http://sapl.marechalfloriano.es.leg.br/media/./sapl/public/materialegislativa/2012/1902/1902_texto_integral.jpeg", "ementa": "REQUER QUE O PODER EXECUTIVO MUNICIPAL ESTUDE A POSSIBILIDADE DE OFERECER UMA AJUDA DE CUSTOS NO VALOR DE R$ 100,00 AOS ESTUDANTES DE N\u00cdVEL M\u00c9DIO E SUPERIOR, QUE NECESSITAM USAR TRANSPORTE PRIVADO PARA ESTUDAR FORA DO MUNIC\u00cdPIO DE MARECHAL FLORIANO.\r\nFICA A CARGO DA SECRETARIA MUNICIPAL DE EDUCA\u00c7\u00c3O O CONTROLE PARA A CONCESS\u00c3O DA AJUDA DE CUSTO. "}, {"id": "1901", "ano": "2012", "numero": "3", "tipo__sigla": "REQ", "tipo__descricao": "Requerimento", "autoria": "Cabral", "texto_original": "http://sapl.marechalfloriano.es.leg.br/media/./sapl/public/materialegislativa/2012/1901/1901_texto_integral.jpeg", "ementa": "REQUER QUE O PODER EXECUTIVO MUNICIPAL PROVIDENCIE A CONSTRU\u00c7\u00c3O DE UMA REDE DE ESGOTO COM TUBOS DE PVC NO MORRO CONHECIDO COMO FRANCISCO PENHA, TENDO EM VISTA QUE OS MARADORES EST\u00c3O UTILIZANDO COMO REDE DE ESGOTO UMA ANTIGA REDE DE \u00c1GUA QUE SERVIA DE ESCAPE PARA A SOBRA DO RESERVAT\u00d3RIO DA CESAN. "}, {"id": "1900", "ano": "2012", "numero": "4", "tipo__sigla": "REQ", "tipo__descricao": "Requerimento", "autoria": "Cabral", "texto_original": "http://sapl.marechalfloriano.es.leg.br/media/./sapl/public/materialegislativa/2012/1900/1900_texto_integral.jpeg", "ementa": "REQUER QUE O PODER EXECUTIVO MUNICIPAL PROVIDENCIE ATRAV\u00c9S DO SETOR COMPETENTE UMA VISTORIA EM TODAS AS REPRESAS, LAGOAS E A\u00c7UDES DO MUNIC\u00cdPIO DE MARECHAL FLORIANO, OBSERVANDO SE AS MESMAS ENCONTRAM-SE EM BOAS SITUA\u00c7\u00d5ES DE SEGURAN\u00c7A.  "}, {"id": "1899", "ano": "2012", "numero": "5", "tipo__sigla": "REQ", "tipo__descricao": "Requerimento", "autoria": "Alcino Diniz", "texto_original": "http://sapl.marechalfloriano.es.leg.br/media/./sapl/public/materialegislativa/2012/1899/1899_texto_integral.pdf", "ementa": "REQUER UM PEDIDO PARA QUE, O PODER EXECUTIVO MUNICIPAL ENCAMINHE A ESTA CASA DE LEIS UM PROJETO DE LEI VISANDO PROPICIAR AUMENTO SALARIAL AOS SERVIDORES DO MUNIC\u00cdPIO. "}, {"id": "1898", "ano": "2012", "numero": "6", "tipo__sigla": "REQ", "tipo__descricao": "Requerimento", "autoria": "Juarez Xavier", "texto_original": "http://sapl.marechalfloriano.es.leg.br/media/./sapl/public/materialegislativa/2012/1898/1898_texto_integral.jpeg", "ementa": "REQUER DO PODER EXECUTIVO C\u00d3PIA DA FOLHA DE PAGAMENTO AOS MESES DE NOVEMBRO E DEZEMBRO DE 2011, BEM COMO INFORMAR O PERCENTUAL GASTO COM OS SERVIDORES EFETIVOS NOS REFERIDOS MESES CITADOS. "}, {"id": "1897", "ano": "2012", "numero": "7", "tipo__sigla": "REQ", "tipo__descricao": "Requerimento", "autoria": "Paulo Lovatti Junior", "texto_original": "http://sapl.marechalfloriano.es.leg.br/media/./sapl/public/materialegislativa/2012/1897/1897_texto_integral.jpeg", "ementa": "REQUER QUE O PODER EXECUTIVO CRIE UM PROGRAMA DE CONSCIENTIZA\u00c7\u00c3O SOBRE A DOEN\u00c7A QUE ACOMETE A PR\u00d3STATA, CONFORME DETERMINA A LEI MUNICIPAL N\u00ba 556/2005, QUE INSTITUIU A SEMANA DE ORIENTA\u00c7\u00c3O E PREVEN\u00c7\u00c3O SOBRE AS COMPLICA\u00c7\u00d5ES CAUSADAS PELA FALTA DE UM DIAGN\u00d3STICO PRECOCE DA DOEN\u00c7A. "}, {"id": "1896", "ano": "2012", "numero": "8", "tipo__sigla": "REQ", "tipo__descricao": "Requerimento", "autoria": "Juarez Xavier", "texto_original": "http://sapl.marechalfloriano.es.leg.br/media/./sapl/public/materialegislativa/2012/1896/1896_texto_integral.jpeg", "ementa": "REQUER C\u00d3PIA DE TODO O PROCEDIMENTO ADOTADO SEJA TOMADA DE PRE\u00c7OS OU OUTRA MODALIDADE DE LICITA\u00c7\u00c3O PARA A CONTRATA\u00c7\u00c3O DOS SERVI\u00c7OS QUE ORIGINOU A CONSTRU\u00c7\u00c3O DOS ABRIGOS DE \u00d4NIBUS NO MUNIC\u00cdPIO, CONSTANDO INCLUSIVE OS VALORES J\u00c1 PAGO."}, {"id": "1895", "ano": "2012", "numero": "9", "tipo__sigla": "REQ", "tipo__descricao": "Requerimento", "autoria": "Juarez Xavier", "texto_original": "http://sapl.marechalfloriano.es.leg.br/media/./sapl/public/materialegislativa/2012/1895/1895_texto_integral.jpeg", "ementa": "REQUER C\u00d3PIA DO RELAT\u00d3RIO REALIZADO PELA DEFESA CIVIL QUE ORIGINOU O DECRETO EMERGENCIAL ANO 2012, INFORMANDO AS OBRAS A SEREM REALIZADAS, QUEM AS EXECUTOU E O VALOR QUE J\u00c1 FOI PAGO.  "}, {"id": "1894", "ano": "2012", "numero": "10", "tipo__sigla": "REQ", "tipo__descricao": "Requerimento", "autoria": "Juarez Xavier", "texto_original": "http://sapl.marechalfloriano.es.leg.br/media/./sapl/public/materialegislativa/2012/1894/1894_texto_integral.jpeg", "ementa": "REQUER QUE O PODER EXECUTIVO INFORME QUAL \u00c9 A PREVIS\u00c3O PARA INICIO DO FUNCIONAMENTO NO NOVO CEMIT\u00c9RIO, CONSTRU\u00cdDO NA RUA GUSTAVO HERTEL. "}, {"id": "1893", "ano": "2012", "numero": "11", "tipo__sigla": "REQ", "tipo__descricao": "Requerimento", "autoria": "Alo\u00edsio M\u00f3dolo de Almeida", "texto_original": "http://sapl.marechalfloriano.es.leg.br/media/./sapl/public/materialegislativa/2012/1893/1893_texto_integral.jpeg", "ementa": "REQUER A INTERVEN\u00c7\u00c3O DO PODER EXECUTIVO MUNICIPAL, JUNTO AO COMANDO DA POL\u00cdCIA MILITAR DE MARECHAL FLORIANO, SOLICITANDO A PERMAN\u00caNCIA DE POLICIAS PR\u00d3XIMO A PRA\u00c7A JOS\u00c9 HENRIQQUE PEREIRA E BAR AM\u00c9RICA, DEVIDO A GRANDE CONCENTRA\u00c7\u00c3O DE JOVENS NOS FINAIS DE SEMANA DE \"6\u00ba FEIRA A DOMINGO\", EM ESPECIAL NO PER\u00cdODO NOTURNO. "}, {"id": "1890", "ano": "2012", "numero": "12", "tipo__sigla": "REQ", "tipo__descricao": "Requerimento", "autoria": "Abel  Bungenstab", "texto_original": "http://sapl.marechalfloriano.es.leg.br/media/./sapl/public/materialegislativa/2012/1890/1890_texto_integral.jpeg", "ementa": "REQUER QUE O PODER EXECUTIVO MUNICIPAL INTERVENHA JUNTO AO SETOR OU A EMPRESA COMPETENTE, OBJETIVANDO A RETIRADA DOS POSTES QUE FICARAM DENTRO DA RUA GUSTAVO HERTEL, AP\u00d3S A SUBSTITUI\u00c7\u00c3O DOS POSTES VELHOS, TENDO EM VISTA A EXPANS\u00c3O LATERAL DA VIA E O CAL\u00c7AD\u00c3O QUE FOI CONSTRU\u00cdDO.  "}, {"id": "1886", "ano": "2012", "numero": "13", "tipo__sigla": "REQ", "tipo__descricao": "Requerimento", "autoria": "Cabral", "texto_original": "http://sapl.marechalfloriano.es.leg.br/media/./sapl/public/materialegislativa/2012/1886/1886_texto_integral.jpeg", "ementa": "COPIA DE TODO O CONTRATO, ORDEM DE SERVI\u00c7O OU AUTORIZA\u00c7\u00c3O EFETUADA ENTRE A PREFEITURA MUNICIPAL E AS EMPRESAS RESPONS\u00c1VEIS PELA EXECU\u00c7\u00c3O DOS SERVI\u00c7OS DE TAPA BURACOS, REALIZADOS EM MARECHAL FLORIANO ENTRE OS MESES DE JANEIRO DE 2011 AT\u00c9 JANEIRO DE 2012, ENCAMINHADO EM ANEXO AS NOTAS FISCAIS PAGAS COM AS REFERIDAS MEDI\u00c7\u00d5ES AUTORIZADAS PELA SECRETARIA DE OBRAS. "}, {"id": "1885", "ano": "2012", "numero": "14", "tipo__sigla": "REQ", "tipo__descricao": "Requerimento", "autoria": "Cabral", "texto_original": "http://sapl.marechalfloriano.es.leg.br/media/./sapl/public/materialegislativa/2012/1885/1885_texto_integral.jpeg", "ementa": "REQUER QUE O PODER EXECUTIVO MUNICIPAL, EM CONJUNTO COM O SETOR DE TRIBUTA\u00c7\u00c3O, REALIZE UMA VISTORIA EM TODAS AS RUAS DO MUNIC\u00cdPIO, VISANDO REGULARIZAR A NUMERA\u00c7\u00c3O DOS IM\u00d3VEIS, UMA VEZ QUE OS PROPRIET\u00c1RIOS EST\u00c3O TENDO DIFICULDADE EM RECEBER SUAS CORRESPOND\u00caNCIAS ATRAV\u00c9S DOS CORREIOS, ESCELSA, CESAN E OUTROS."}, {"id": "1880", "ano": "2012", "numero": "15", "tipo__sigla": "REQ", "tipo__descricao": "Requerimento", "autoria": "Gabriela Stockl Ronchi", "texto_original": "http://sapl.marechalfloriano.es.leg.br/media/./sapl/public/materialegislativa/2012/1880/1880_texto_integral.jpeg", "ementa": "REQUER QUE O PODER EXECUTIVO E A SECRETARIA DE EDUCA\u00c7\u00c3O, REAJUSTE O SAL\u00c1RIO DOS PROFESSORES, BEM COMO A REVIS\u00c3O DE UM PLANO DE CARREIRA MAIS ATUALIZADO, PARA OS SERVIDORES DA EDUCA\u00c7\u00c3O MUNICIPAL. "}, {"id": "1879", "ano": "2012", "numero": "16", "tipo__sigla": "REQ", "tipo__descricao": "Requerimento", "autoria": "Alcino Diniz", "texto_original": "http://sapl.marechalfloriano.es.leg.br/media/./sapl/public/materialegislativa/2012/1879/1879_texto_integral.jpeg", "ementa": "REQUER ESTUDO SOBRE A POSSIBILIDADE DE SEPARAR A SECRETARIA DE ESPORTES DA SECRETARIA DE EDUCA\u00c7\u00c3O, VISANDO UM MELHOR PLANEJAMENTO, ELABORA\u00c7\u00c3O E EXECU\u00c7\u00c3O DAS ATIVIDADES ESPORTIVAS EM NOSSO MUNIC\u00cdPIO. "}, {"id": "1877", "ano": "2012", "numero": "17", "tipo__sigla": "REQ", "tipo__descricao": "Requerimento", "autoria": "Alcino Diniz", "texto_original": "http://sapl.marechalfloriano.es.leg.br/media/./sapl/public/materialegislativa/2012/1877/1877_texto_integral.jpeg", "ementa": "REQUER QUE O PODER EXECUTIVO MUNICIPAL, DENTRO DAS SUAS DISPONIBILIDADES FINANCEIRAS AN\u00c1LISE A POSSIBILIDADE DE ADQUIRIR UM CARRO FUMAC\u00ca OU CONTRATE UMA EMPRESA ESPECIALIZADA PARA A REALIZA\u00c7\u00c3O DESTE TIPO DE SERVI\u00c7O, OBJETIVANDO ATENDER PRINCIPALMENTE AS RUAS DA SEDE DO MUNIC\u00cdPIO. "}, {"id": "1873", "ano": "2012", "numero": "18", "tipo__sigla": "REQ", "tipo__descricao": "Requerimento", "autoria": "Alo\u00edsio M\u00f3dolo de Almeida", "texto_original": "http://sapl.marechalfloriano.es.leg.br/media/./sapl/public/materialegislativa/2012/1873/1873_texto_integral.jpeg", "ementa": "REQUER QUE O PODER EXECUTIVO MUNICIPAL ESTUDE A POSSIBILIDADE EM FORNECER AJUDA DE CUSTO PARA OS MOTORISTAS DE AMBUL\u00c2NCIA, VISANDO O CUSTEIO DA ALIMENTA\u00c7\u00c3O EM VIAGENS ONDE EXCEDAM O LIMITE DE SEUS HOR\u00c1RIOS DI\u00c1RIOS. "}, {"id": "1871", "ano": "2012", "numero": "19", "tipo__sigla": "REQ", "tipo__descricao": "Requerimento", "autoria": "Alo\u00edsio M\u00f3dolo de Almeida", "texto_original": "http://sapl.marechalfloriano.es.leg.br/media/./sapl/public/materialegislativa/2012/1871/1871_texto_integral.pdf", "ementa": "REALIZA\u00c7\u00c3O DE ESTUDOS FINANCEIROS VISANDO A POSSIBILIDADE DE AUMENTAR O REPASSE FINANCEIRO VISANDO A POSSIBILIDADE DE AUMENTAR O REPASSE MENSAL DESTINADO A ENTIDADE \"SOU FELIZ\", LOCALIZADA EM MARECHAL FLORIANO. "}, {"id": "1868", "ano": "2012", "numero": "20", "tipo__sigla": "REQ", "tipo__descricao": "Requerimento", "autoria": "Alo\u00edsio M\u00f3dolo de Almeida", "texto_original": "http://sapl.marechalfloriano.es.leg.br/media/./sapl/public/materialegislativa/2012/1868/1868_texto_integral.jpeg", "ementa": "REQUER A AUTORIZA\u00c7\u00c3O PARA A UTILIZA\u00c7\u00c3O DO ESPA\u00c7O DA C\u00c2MARA"}, {"id": "1863", "ano": "2012", "numero": "21", "tipo__sigla": "REQ", "tipo__descricao": "Requerimento", "autoria": "Paulo Lovatti Junior", "texto_original": "http://sapl.marechalfloriano.es.leg.br/media/./sapl/public/materialegislativa/2012/1863/1863_texto_integral.jpeg", "ementa": "QUE O PODER EXECUTIVO MUNICIPAL EM CONJUNTO COM A SECRETARIA MUNICIPAL DE SA\u00daDE PROVIDENCIE A CRIA\u00c7\u00c3O DE UM PROGRAMA DE SA\u00daDE DO IDOSO, VISANDO PROPORCIONAR UMA MELHOR QUALIDADE DE VIDA A ESTAS PESSOAS QUE TANTO TRABALHARAM PARA O CRESCIMENTO DE NOSSO MUNIC\u00cdPIO. "}, {"id": "1861", "ano": "2012", "numero": "22", "tipo__sigla": "REQ", "tipo__descricao": "Requerimento", "autoria": "Paulo Lovatti Junior", "texto_original": "http://sapl.marechalfloriano.es.leg.br/media/./sapl/public/materialegislativa/2012/1861/1861_texto_integral.jpeg", "ementa": "QUE O PODER EXECUTIVO MUNICIPAL EM CONJUNTO COM A SECRETARIA MUNICIPAL DE SA\u00daDE, VIABILIZE A CRIA\u00c7\u00c3O DE UM PROGRAMA DE SA\u00daDE MENTAL, PARA ATENDER AS NECESSIDADES DOS MUNIC\u00cdPIOS DE MARECHAL FLORIANO."}, {"id": "1859", "ano": "2012", "numero": "23", "tipo__sigla": "REQ", "tipo__descricao": "Requerimento", "autoria": "Abel  Bungenstab", "texto_original": "http://sapl.marechalfloriano.es.leg.br/media/./sapl/public/materialegislativa/2012/1859/1859_texto_integral.jpeg", "ementa": "IMPLANTA\u00c7\u00c3O DE MEDIDAS QUE VISAM O ESVAZIAMENTO DAS FOSSAS SITUADAS NO INTERIOR DO MUNIC\u00cdPIO DE MARECHAL FLORIANO. "}, {"id": "1857", "ano": "2012", "numero": "24", "tipo__sigla": "REQ", "tipo__descricao": "Requerimento", "autoria": "Juarez Xavier", "texto_original": "http://sapl.marechalfloriano.es.leg.br/media/./sapl/public/materialegislativa/2012/1857/1857_texto_integral.jpeg", "ementa": "REQUER QUE O PODER EXECUTIVO MUNICIPAL, ADOTE MEDIDAS PARA IMPLANTA\u00c7\u00c3O DO OR\u00c7AMENTO PARTICIPATIVO PARA EXERC\u00cdCIO DE 2013, VISANDO OBTER UMA DISCUSS\u00c3O MAIS AMPLA, ATENDENDO AS VERDADEIRAS NECESSIDADES DE TODAS AS COMUNIDADES. "}, {"id": "1853", "ano": "2012", "numero": "25", "tipo__sigla": "REQ", "tipo__descricao": "Requerimento", "autoria": "Cabral", "texto_original": "http://sapl.marechalfloriano.es.leg.br/media/./sapl/public/materialegislativa/2012/1853/1853_texto_integral.jpeg", "ementa": "REQUER QUE O PODER EXECUTIVO ENCAMINHE C\u00d3PIA DA FOLHA DE PAGAMENTO DOS SERVIDORES DO MAGIST\u00c9RIO, REFENTE AOS EXERC\u00cdCIOS DE 2011 E 2012. "}, {"id": "1850", "ano": "2012", "numero": "26", "tipo__sigla": "REQ", "tipo__descricao": "Requerimento", "autoria": "Abel  Bungenstab", "texto_original": "http://sapl.marechalfloriano.es.leg.br/media/./sapl/public/materialegislativa/2012/1850/1850_texto_integral.jpeg", "ementa": "REQUER DO PODER EXECUTIVO, JUNTAMENTE COM A SECRETARIA DE OBRAS E SERVI\u00c7OS URBANOS, PROVIDENCIAS PARA REALIZAR UMA VISTORIA URGENTE EM UM BUEIRO QUE ENTUPIU E CAUSOU UMA GRANDE ENXURRADA ENCHENDO V\u00c1RIAS RESID\u00caNCIAS DE LAMA E ENTULHO. "}, {"id": "1846", "ano": "2012", "numero": "27", "tipo__sigla": "REQ", "tipo__descricao": "Requerimento", "autoria": "Abel  Bungenstab", "texto_original": "http://sapl.marechalfloriano.es.leg.br/media/./sapl/public/materialegislativa/2012/1846/1846_texto_integral.jpeg", "ementa": "REQUER QUE O PODER EXECUTIVO, JUNTAMENTE COM A SECRETARIA DE OBRAS E SERVI\u00c7OS URBANOS, QUE REALIZE UMA VISTORIA SEGUIDA DE UMA AVALIA\u00c7\u00c3O T\u00c9CNICA E TOMADA DE PROVIDENCIAS EM UMA PONTE DE MADEIRA QUE ESTA CAINDO PR\u00d3XIMO \u00c0 COMUNIDADE CAT\u00d3LICA DE FREI GALV\u00c3O EM COSTA PEREIRA. "}, {"id": "1842", "ano": "2012", "numero": "28", "tipo__sigla": "REQ", "tipo__descricao": "Requerimento", "autoria": "Cabral", "texto_original": "http://sapl.marechalfloriano.es.leg.br/media/./sapl/public/materialegislativa/2012/1842/1842_texto_integral.jpeg", "ementa": "REQUER QUE O PODER EXECUTIVO MUNICIPAL CRIE UMA CARTILHA QUE ORIENTE TODOS OS ALUNOS DO MUNIC\u00cdPIO DE MARECHAL FLORIANO SOBRE O USO INDEVIDO DE DROGAS E \u00c1LCOOL, AL\u00c9M DE REALIZAR POL\u00cdTICAS P\u00daBLICAS NA \u00c1REA DE EDUCA\u00c7\u00c3O, SA\u00daDE E ASSIST\u00caNCIA SOCIAL, JUNTO AS FAM\u00cdLIAS QUE PASSAM POR PROBLEMAS RELACIONADOS AO \u00c1LCOOL E AS DROGAS. "}, {"id": "1839", "ano": "2012", "numero": "29", "tipo__sigla": "REQ", "tipo__descricao": "Requerimento", "autoria": "Cabral", "texto_original": "http://sapl.marechalfloriano.es.leg.br/media/./sapl/public/materialegislativa/2012/1839/1839_texto_integral.jpeg", "ementa": "REQUER QUE O PODER EXECUTIVO MUNICIPAL COLOQUE EM PR\u00c1TICA A LEI MUNICIPAL N\u00ba 1039/2011 QUE \"DISP\u00d5E SOBRE AJUDA DE CUSTO DE TRANSPORTE A ESTUDANTES QUE CURSAM O ENSINO SUPERIOR E 2\u00ba GRAU T\u00c9CNICO PROFISSIONALIZANTE FORA DO MUNIC\u00cdPIO DE MARECHAL FLORIANO-ES\""}, {"id": "1837", "ano": "2012", "numero": "30", "tipo__sigla": "REQ", "tipo__descricao": "Requerimento", "autoria": "Alcino Diniz", "texto_original": "http://sapl.marechalfloriano.es.leg.br/media/./sapl/public/materialegislativa/2012/1837/1837_texto_integral.jpeg", "ementa": "REQUER QUE O PODER EXECUTIVO MUNICIPAL ESTUDE A POSSIBILIDADE EM CONTINUAR A CONSTRU\u00c7\u00c3O DAS QUADRAS QUE FORAM INTERROMPIDAS EM VIRTUDE DO N\u00c3O CUMPRIMENTO DO CONTRATO REALIZADO ENTRE A ADMINISTRA\u00c7\u00c3O ANTERIOR E AS EMPRESAS RESPONS\u00c1VEIS. "}, {"id": "1834", "ano": "2012", "numero": "31", "tipo__sigla": "REQ", "tipo__descricao": "Requerimento", "autoria": "Alcino Diniz", "texto_original": "http://sapl.marechalfloriano.es.leg.br/media/./sapl/public/materialegislativa/2012/1834/1834_texto_integral.jpeg", "ementa": "REQUER QUE O PODER EXECUTIVO MUNICIPAL PROVIDENCIE A DEMARCA\u00c7\u00c3O DE DUAS OU TR\u00caS VAGAS PARA T\u00c1XI, NO ENTORNO DA PRA\u00c7A JOS\u00c9 HENRIQUE PEREIRA, TENDO EM VISTA QUE O LOCAL APRESENTA UMA DEMANDA MUITO GRANDE DE PESSOAS, EM VIRTUDE DE SER UM LOCAL COM MUITOS COM\u00c9RCIOS, EVITANDO ASSIM QUE OS TAXISTAS SOFRAM POSS\u00cdVEIS MULTAS. "}, {"id": "1831", "ano": "2012", "numero": "32", "tipo__sigla": "REQ", "tipo__descricao": "Requerimento", "autoria": "Alcino Diniz", "texto_original": "http://sapl.marechalfloriano.es.leg.br/media/./sapl/public/materialegislativa/2012/1831/1831_texto_integral.jpeg", "ementa": "REQUER QUE O PODER EXECUTIVO CRIE A \"SECRETARIA MUNICIPAL DE ESPORTE E LAZER\", VISANDO UM MELHOR PLANEJAMENTO, ELABORA\u00c7\u00c3O E EXECU\u00c7\u00c3O DAS ATIVIDADES ESPORTIVAS EM NOSSO MUNIC\u00cdPIO, TENDO EM VISTA QUE HOJE,ESTA SECRETARIA ENCONTRA-SE ASSOCIADA \u00c0 SECRETARIA DE EDUCA\u00c7\u00c3O E CULTURA, E PARA QUE O ESPORTE RECEBA UMA ATEN\u00c7\u00c3O MAIS DIRETA SERA NECESS\u00c1RIO QUE O PODER EXECUTIVO SEPARE A SECRETARIA DE ESPORTES DAS ACIMA MENCIONADAS. "}, {"id": "1827", "ano": "2012", "numero": "33", "tipo__sigla": "REQ", "tipo__descricao": "Requerimento", "autoria": "Paulo Lovatti Junior", "texto_original": "http://sapl.marechalfloriano.es.leg.br/media/./sapl/public/materialegislativa/2012/1827/1827_texto_integral.jpeg", "ementa": "REQUER QUE O PODER EXECUTIVO IMPLANTE O PROGRAMA DE PLANEJAMENTO FAMILIAR NO \u00c2MBITO MUNICIPAL. "}, {"id": "1823", "ano": "2012", "numero": "34", "tipo__sigla": "REQ", "tipo__descricao": "Requerimento", "autoria": "Alo\u00edsio M\u00f3dolo de Almeida", "texto_original": "http://sapl.marechalfloriano.es.leg.br/media/./sapl/public/materialegislativa/2012/1823/1823_texto_integral.pdf", "ementa": "EFETIVA\u00c7\u00c3O E ENQUADRAMENTO DE 12 AGENTES EM EQUIDADE COM OS OUTROS 17 AGENTES J\u00c1 EFETIVADOS.\r\nTRATAMENTO IGUALIT\u00c1RIO AS DEMAIS SERVIDORES MUNICIPAIS, COMO POR EXEMPLO, A ELIMINA\u00c7\u00c3O DA PROIBI\u00c7\u00c3O DE TAIS AGENTES TENHAM OS BENEF\u00cdCIOS A EMPR\u00c9STIMOS CONSIGNADOS, PAGAMENTO DE INSALUBRIDADE E DEMAIS DIREITOS COMUNS AOS DEMAIS SERVIDORES. "}, {"id": "1818", "ano": "2012", "numero": "35", "tipo__sigla": "REQ", "tipo__descricao": "Requerimento", "autoria": "Alo\u00edsio M\u00f3dolo de Almeida", "texto_original": "http://sapl.marechalfloriano.es.leg.br/media/./sapl/public/materialegislativa/2012/1818/1818_texto_integral.jpeg", "ementa": "REQUER QUE SEJAM VIABILIZADOS ESTUDOS POR PARTE DA PREFEITURA MUNICIPAL E DA SECRETARIA DE EDUCA\u00c7\u00c3O, NO SENTIDO DE ENCAMINHAR PROJETO DE LEI EQUIPARANDO OS CARGOS DE BER\u00c7ARISTAS COM O DE AUXILIAR DE CRECHE, IGUALANDO OS SAL\u00c1RIOS E A CARREIRA, UMA VEZ EM QUE OS BER\u00c7ARISTAS POSSUEM ENSINO M\u00c9DIO COMPLETO, SENDO ESTA A MESMA EXIG\u00caNCIA DO CARGO DE AUXILIAR DE CRECHE, PORTANDO OS BER\u00c7ARISTAS POSSUEM O MESMO GRAU DE ESCOLARIDADE E AS MESMAS ATRIBUI\u00c7\u00d5ES QUE OS AUXILIARES DE CRECHE. "}, {"id": "1815", "ano": "2012", "numero": "36", "tipo__sigla": "REQ", "tipo__descricao": "Requerimento", "autoria": "Gabriela Stockl Ronchi", "texto_original": "http://sapl.marechalfloriano.es.leg.br/media/./sapl/public/materialegislativa/2012/1815/1815_texto_integral.jpeg", "ementa": "RECUPERA\u00c7\u00c3O DAS ESTRADAS DE USO DAS LINHAS DE TRANSPORTE ESCOLAR DA COMUNIDADE DE ARAGUAIA. "}, {"id": "1813", "ano": "2012", "numero": "37", "tipo__sigla": "REQ", "tipo__descricao": "Requerimento", "autoria": "S\u00e9rgio Stein", "texto_original": "http://sapl.marechalfloriano.es.leg.br/media/./sapl/public/materialegislativa/2012/1813/1813_texto_integral.jpeg", "ementa": "QUE O PODER EXECUTIVO IMPLANTE O PROGRAMA CAMPE\u00d5ES DO FUTURO, NA COMUNIDADE BETINHO SIMON, SITUADA NO TREVO DE PARAJ\u00da."}, {"id": "1811", "ano": "2012", "numero": "38", "tipo__sigla": "REQ", "tipo__descricao": "Requerimento", "autoria": "Cabral", "texto_original": "http://sapl.marechalfloriano.es.leg.br/media/./sapl/public/materialegislativa/2012/1811/1811_texto_integral.jpeg", "ementa": "QUE O PODER EXECUTIVO REPASSE RECURSOS FINANCEIROS PARA A PESTALOZZI, A T\u00cdTULO DE SUBVEN\u00c7\u00c3O SOCIAL, DO MESMO MODO QUE \u00c9 REPASSADO PARA A ENTIDADE DE AMPARO A IDOSOS - SOU FELIZ, CONFORME LEI MUNICIPAL N\u00ba 1107, DE 09 DE FEVEREIRO DE 2012."}, {"id": "1809", "ano": "2012", "numero": "39", "tipo__sigla": "REQ", "tipo__descricao": "Requerimento", "autoria": "Cabral", "texto_original": "http://sapl.marechalfloriano.es.leg.br/media/./sapl/public/materialegislativa/2012/1809/1809_texto_integral.jpeg", "ementa": "COPIA DE TODOS OS BOLETINS DE ATENDIMENTOS DE URG\u00caNCIA (BAU) REALIZADOS NO PER\u00cdODO DE 01.01.2012 AT\u00c9 24.04.2012, NO POSTO DE SA\u00daDE DA SEDE DESTE MUNIC\u00cdPIO. "}, {"id": "1808", "ano": "2012", "numero": "40", "tipo__sigla": "REQ", "tipo__descricao": "Requerimento", "autoria": "Abel  Bungenstab", "texto_original": "http://sapl.marechalfloriano.es.leg.br/media/./sapl/public/materialegislativa/2012/1808/1808_texto_integral.jpeg", "ementa": "QUE O PODER EXECUTIVO ENVIE UMA EQUIPE DE SERVIDORES DA SECRETARIA DE OBRAS E SERVI\u00c7OS URBANOS PARA TOMAR AS PROVIDENCIAS CAB\u00cdVEIS SOBRE A SEGUINTE SITUA\u00c7\u00c3O: RETIRADA DE ARVORES CA\u00cdDAS NA ESTRADA, LIMPEZA GERAL E CASCALHAMENTO DA VIA P\u00daBLICA SITUADA PR\u00d3XIMO A PROPRIEDADE DO SR. SEBASTIAO ASSIS."}, {"id": "1806", "ano": "2012", "numero": "41", "tipo__sigla": "REQ", "tipo__descricao": "Requerimento", "autoria": "Juarez Xavier", "texto_original": "http://sapl.marechalfloriano.es.leg.br/media/./sapl/public/materialegislativa/2012/1806/1806_texto_integral.jpeg", "ementa": "REQUER QUE O PODER EXECUTIVO A C\u00d3PIA DOS CONTRATOS OU RECIBOS REFERENTE AO PAGAMENTO/RECEBIMENTO DAS PROPAGANDAS QUE FORAM INSERIDAS NO CAMPO DE BOCHA QUINTINO EDUARDO RUPF E NO GIN\u00c1SIO DE ESPORTE PAULO LORENZONI. "}, {"id": "1804", "ano": "2012", "numero": "42", "tipo__sigla": "REQ", "tipo__descricao": "Requerimento", "autoria": "Juarez Xavier", "texto_original": "http://sapl.marechalfloriano.es.leg.br/media/./sapl/public/materialegislativa/2012/1804/1804_texto_integral.jpeg", "ementa": "REQUER QUE O PODER EXECUTIVO A C\u00d3PIA DA FOLHA DE PAGAMENTO REFERENTE AOS MESES DE JANEIRO, FEVEREIRO, MAR\u00c7O E ABRIL DE 2012."}, {"id": "1802", "ano": "2012", "numero": "43", "tipo__sigla": "REQ", "tipo__descricao": "Requerimento", "autoria": "S\u00e9rgio Stein", "texto_original": "http://sapl.marechalfloriano.es.leg.br/media/./sapl/public/materialegislativa/2012/1802/1802_texto_integral.jpeg", "ementa": "REQUER QUE O PODER EXECUTIVO MUNICIPAL, ESTUDE A POSSIBILIDADE DE CRIAR EM SANTA MARIA, UM CENTRO ESPORTIVO, COM EST\u00c1DIO MUNICIPAL FUTEBOL SOCIETY COM GRAMA SINT\u00c9TICA, CAMPO DE BOCHA E ACADEMIA POPULAR. "}, {"id": "1800", "ano": "2012", "numero": "44", "tipo__sigla": "REQ", "tipo__descricao": "Requerimento", "autoria": "Cabral", "texto_original": "http://sapl.marechalfloriano.es.leg.br/media/./sapl/public/materialegislativa/2012/1800/1800_texto_integral.jpeg", "ementa": "REQUER QUE O PODER EXECUTIVO MUNICIPAL REPASSE RECURSOS FINANCEIROS PARA HOSPITAL FHASDOMAR, TENDO EM VISTA QUE O HOSPITAL DE DOMINGOS MARTINS ATENDE UMA GRANDE QUANTIDADE DE PACIENTES DE MARECHAL FLORIANO, ENCAMINHADOS PELOS M\u00c9DICOS DE NOSSO MUNIC\u00cdPIO. "}, {"id": "1798", "ano": "2012", "numero": "45", "tipo__sigla": "REQ", "tipo__descricao": "Requerimento", "autoria": "Cabral", "texto_original": "http://sapl.marechalfloriano.es.leg.br/media/./sapl/public/materialegislativa/2012/1798/1798_texto_integral.jpeg", "ementa": "CONFORME REUNI\u00c3O REALIZADA JUNTO AOS MORADORES DO BAIRRO SANTA RITA E MEDIANTE A DOCUMENTA\u00c7\u00c3O DA EMENDA N\u00ba530, APRESENTADA PELA DEPUTADA LUIZA TOLEDO E SOLICITADA PELO VEREADOR JO\u00c3O CABRAL R. CONCIGLIERI, NO VALOR DE R$ 30.000,00, OBJETIVANDO A IMPLANTA\u00c7\u00c3O DA ACADEMIA POPULAR NO BAIRRO SANTA RITA, REQUEIRO A VOSSA EXCEL\u00caNCIA QUE PROCEDA COM A CONSTRU\u00c7\u00c3O DA MESMA."}, {"id": "1795", "ano": "2012", "numero": "46", "tipo__sigla": "REQ", "tipo__descricao": "Requerimento", "autoria": "Alo\u00edsio M\u00f3dolo de Almeida", "texto_original": "http://sapl.marechalfloriano.es.leg.br/media/./sapl/public/materialegislativa/2012/1795/1795_texto_integral.jpeg", "ementa": "REQUER QUE O PODER EXECUTIVO MUNICIPAL PROVIDENCIE A IDENTIFICA\u00c7\u00c3O ATRAV\u00c9S DE PLACAS INDICATIVAS DAS DENOMINA\u00c7\u00d5ES DE RUAS, PRA\u00c7AS, TRAVESSIAS, PONTES E PR\u00c9DIOS P\u00daBLICOS CONFORME APROVADOS PELA C\u00c2MARA MUNICIPAL, EM TODO MUNIC\u00cdPIO.  "}, {"id": "1793", "ano": "2012", "numero": "47", "tipo__sigla": "REQ", "tipo__descricao": "Requerimento", "autoria": "Alo\u00edsio M\u00f3dolo de Almeida", "texto_original": "http://sapl.marechalfloriano.es.leg.br/media/./sapl/public/materialegislativa/2012/1793/1793_texto_integral.pdf", "ementa": "SOCIEDADE PESTALOZI DE MARECHAL FLORIANO "}, {"id": "1791", "ano": "2012", "numero": "48", "tipo__sigla": "REQ", "tipo__descricao": "Requerimento", "autoria": "Juarez Xavier", "texto_original": "http://sapl.marechalfloriano.es.leg.br/media/./sapl/public/materialegislativa/2012/1791/1791_texto_integral.jpeg", "ementa": "REQUER QUE O PODER EXECUTIVO MUNICIPAL PROVIDENCIE O ENCAMINHAMENTO DE UM PROJETO DE LEI REESTRUTURANDO O PLANO DE CARGOS E SAL\u00c1RIOS DA PREFEITURA MUNICIPAL. "}, {"id": "1790", "ano": "2012", "numero": "49", "tipo__sigla": "REQ", "tipo__descricao": "Requerimento", "autoria": "Juarez Xavier", "texto_original": "http://sapl.marechalfloriano.es.leg.br/media/./sapl/public/materialegislativa/2012/1790/1790_texto_integral.jpeg", "ementa": "REQUER QUE O PODER EXECUTIVO MUNICIPAL PROVIDENCIE A INSTALA\u00c7\u00c3O DE C\u00c2MERAS DE VIDEOMONITORAMENTO EM TODO O MUNIC\u00cdPIO E NAS RODOVIAS DE MAIOR MOVIMENTO.  "}, {"id": "1787", "ano": "2012", "numero": "50", "tipo__sigla": "REQ", "tipo__descricao": "Requerimento", "autoria": "Paulo Roberto Raasch", "texto_original": "http://sapl.marechalfloriano.es.leg.br/media/./sapl/public/materialegislativa/2012/1787/1787_texto_integral.jpeg", "ementa": "REQUER QUE A SECRETARIA MUNICIPAL DE EDUCA\u00c7\u00c3O INTERVENHA JUNTO A SEDU, SOLICITANDO A IMPLANTA\u00c7\u00c3O DO SUPLETIVO DE ENSINO M\u00c9DIO NO \u00c2MBITO DO MUNIC\u00cdPIO DE MARECHAL FLORIANO, UMA VEZ QUE TEMOS APROXIMADAMENTE 50 ALUNOS DESTE MUNIC\u00cdPIO QUE DESLOCAM-SE PARA ESTUDAR EM DOMINGOS MARTINS, TENDO DENTRE ESTES ALUNOS COM DIFICULDADE FINANCEIRA PARA CUSTEAR O TRANSPORTE AT\u00c9 O MUNIC\u00cdPIO VIZINHO. "}, {"id": "1784", "ano": "2012", "numero": "51", "tipo__sigla": "REQ", "tipo__descricao": "Requerimento", "autoria": "Gabriela Stockl Ronchi", "texto_original": "http://sapl.marechalfloriano.es.leg.br/media/./sapl/public/materialegislativa/2012/1784/1784_texto_integral.jpeg", "ementa": "REQUER QUE O PODER EXECUTIVO MUNICIPAL PROVIDENCIE A AQUISI\u00c7\u00c3O DE UMA \u00c1REA DE TERRA EM ARAGUAIA PARA CONSTRU\u00c7\u00c3O DE UMA UNIDADE DE SA\u00daDE DA FAM\u00cdLIA, CRECHE E ESCOLA, ADEQUADAS \u00c0 NOVA REALIDADE DA COMUNIDADE. "}, {"id": "1783", "ano": "2012", "numero": "52", "tipo__sigla": "REQ", "tipo__descricao": "Requerimento", "autoria": "Cabral", "texto_original": "http://sapl.marechalfloriano.es.leg.br/media/./sapl/public/materialegislativa/2012/1783/1783_texto_integral.jpeg", "ementa": "REQUER A INTERVEN\u00c7\u00c3O DO PODER EXECUTIVO NO SENTIDO DE CORRIGIR O PROBLEMA QUE A OBRA DA POLICL\u00cdNICA CAUSOU NAS MANILHAS PLUVIAIS, PROVOCANDO O ENTUPIMENTO DAS MESMAS, EM ESPECIAL O ENTUPIMENTO DAS MANILHAS PR\u00d3XIMAS A RESID\u00caNCIA DA SENHORA MARLENE MARTINS, M\u00c3E DO ZENALDINHO FISCAL DO PODER EXECUTIVO MUNICIPAL.\r\nREQUER AINDA A C\u00d3PIA DA DOCUMENTA\u00c7\u00c3O REFERENTE A AQUISI\u00c7\u00c3O DE GRAMA PARA SERVI\u00c7OS DE PAISAGISMO DO TRAJETO DO CAL\u00c7AD\u00c3O SITUADO A RUA GUSTAVO HERTEL, NO PER\u00cdODO 2011/2012. SOLICITO C\u00d3PIA DAS NOTAS FICAIS DESTA COMPRA, E CASO A AQUISI\u00c7\u00c3O FOI FEITA ATRAV\u00c9S DE PROCESSO LICITAT\u00d3RIO, ENCAMINHAR COPIA A PREFEITURA E O PRESTADOR COMO A COPIA DO CONTRATO REALIZADO ENTRE A PREFEITURA E O PRESTADOR DE SERVI\u00c7O RESPONS\u00c1VEL PELO PLANTIO DA GRAMA. "}, {"id": "1777", "ano": "2012", "numero": "53", "tipo__sigla": "REQ", "tipo__descricao": "Requerimento", "autoria": "Cabral", "texto_original": "http://sapl.marechalfloriano.es.leg.br/media/./sapl/public/materialegislativa/2012/1777/1777_texto_integral.jpeg", "ementa": "REQUER QUE A ASSOCIA\u00c7\u00c3O PESTALOZZI DE MARECHAL FLORIANO, ENCAMINHE A ESTA CASA DE LEIS O ESTATUTO DESTA ENTIDADE. "}, {"id": "1774", "ano": "2012", "numero": "54", "tipo__sigla": "REQ", "tipo__descricao": "Requerimento", "autoria": "Abel  Bungenstab", "texto_original": "http://sapl.marechalfloriano.es.leg.br/media/./sapl/public/materialegislativa/2012/1774/1774_texto_integral.jpeg", "ementa": "REQUER AO PODER EXECUTIVO MUNICIPAL, JUNTAMENTE COM A SECRETARIA MUNICIPAL DE OBRAS E SERVI\u00c7OS URBANOS REALIZEM COM URG\u00caNCIA UMA VISTORIA NA ESTRADA PRINCIPAL DE COSTA PEREIRA, PR\u00d3XIMO A PROPRIEDADE DO SENHOR ANSELMO \u00c0 CERCA DE 200 METROS DA PONTE DA IGREJA LUTERANA. "}, {"id": "1773", "ano": "2012", "numero": "55", "tipo__sigla": "REQ", "tipo__descricao": "Requerimento", "autoria": "Juarez Xavier", "texto_original": "http://sapl.marechalfloriano.es.leg.br/media/./sapl/public/materialegislativa/2012/1773/1773_texto_integral.jpeg", "ementa": "REQUER QUE O PODER EXECUTIVO MUNICIPAL, IMPLANTE A PARTI DO PR\u00d3XIMO ANO O OR\u00c7AMENTO PARTICIPATIVO ESTIMADO A REAL POSSIBILIDADE DE PARTICIPA\u00c7\u00c3O DA SOCIEDADE NA VIDA P\u00daBLICA, POR INTERM\u00c9DIO DO OR\u00c7AMENTO P\u00daBLICO COM O PROP\u00d3SITO DE PERMITIR A INTERFER\u00caNCIA DIRETA DA COMUNIDADE NA DEFINI\u00c7\u00c3O DE CERTAS A\u00c7\u00d5ES E OBRAS P\u00daBLICAS, PROMOVENDO CONSULTAS P\u00daBLICAS QUE PERMITEM A REPRESENTANTES DE BAIRROS, ASSOCIA\u00c7\u00d5ES DE MORADORES, LIDERAN\u00c7AS COMUNIT\u00c1RIAS E A QUALQUER CIDAD\u00c3O OPINAR SOBRE PRIORIDADES A SEREM IMPLEMENTADAS NO PR\u00d3XIMO ANO."}, {"id": "1772", "ano": "2012", "numero": "56", "tipo__sigla": "REQ", "tipo__descricao": "Requerimento", "autoria": "Paulo Lovatti Junior", "texto_original": "http://sapl.marechalfloriano.es.leg.br/media/./sapl/public/materialegislativa/2012/1772/1772_texto_integral.jpeg", "ementa": "QUE O PODER EXECUTIVO MUNICIPAL CRIE UM CENTRO DE TESTAGEM E ACONSELHAMENTO (CTA), O QUAL, OFERECE SERVI\u00c7OS DE SA\u00daDE QUE REALIZAM  A\u00c7\u00d5ES DE DIAGN\u00d3STICO E PREVEN\u00c7\u00c3O DE DOEN\u00c7AS TRANSMISS\u00cdVEIS. "}, {"id": "1771", "ano": "2012", "numero": "57", "tipo__sigla": "REQ", "tipo__descricao": "Requerimento", "autoria": "Gabriela Stockl Ronchi", "texto_original": "http://sapl.marechalfloriano.es.leg.br/media/./sapl/public/materialegislativa/2012/1771/1771_texto_integral.jpeg", "ementa": "REQUER QUE O PODER EXECUTIVO MUNICIPAL COLOQUE EM PR\u00c1TICA AS DIVERSAS LEIS MUNICIPAIS REFERENTE \u00c0 IMPLANTA\u00c7\u00c3O DE COLETA SELETIVA NO \u00c2MBITO DO MUNIC\u00cdPIO DE MARECHAL FLORIANO."}, {"id": "1769", "ano": "2012", "numero": "58", "tipo__sigla": "REQ", "tipo__descricao": "Requerimento", "autoria": "Gabriela Stockl Ronchi", "texto_original": "http://sapl.marechalfloriano.es.leg.br/media/./sapl/public/materialegislativa/2012/1769/1769_texto_integral.jpeg", "ementa": "DISTRIBUI\u00c7\u00c3O DE MUDAS DE ESP\u00c9CIES NATIVAS DA MATA ATL\u00c2NTICA PARA AGRICULTORES DO MUNIC\u00cdPIO PARA RECOMPOSI\u00c7\u00c3O DA MATA CILIAR E REFLORESTAMENTO DE APP'S."}, {"id": "1766", "ano": "2012", "numero": "59", "tipo__sigla": "REQ", "tipo__descricao": "Requerimento", "autoria": "Abel  Bungenstab", "texto_original": "http://sapl.marechalfloriano.es.leg.br/media/./sapl/public/materialegislativa/2012/1766/1766_texto_integral.jpeg", "ementa": "INSTALA\u00c7\u00c3O DE PLACAS DE IDENTIFICA\u00c7\u00c3O NA BR 262, CONTENDO AS INFORMA\u00c7\u00d5ES PARA ACESSO A ESTRADA PASTOR GERMANO KIEFER E VILA ALTO RIO FUNDO. "}, {"id": "1763", "ano": "2012", "numero": "60", "tipo__sigla": "REQ", "tipo__descricao": "Requerimento", "autoria": "Cabral", "texto_original": "http://sapl.marechalfloriano.es.leg.br/media/./sapl/public/materialegislativa/2012/1763/1763_texto_integral.jpeg", "ementa": "REQUER QUE O PODER EXECUTIVO MUNICIPAL ESTUDE A POSSIBILIDADE DE TRANSFORMAR A ANTIGA ESCOLINHA DESATIVADA NA COMUNIDADE DE ALTO MARECHAL, EM UM PONTO DE APOIO PARA ATENDIMENTO DOS M\u00c9DICOS DO PSF A AGENTES DE SA\u00daDE, BEM COMO SER UTILIZADA NAS CAMPANHAS DE VACINA\u00c7\u00c3O."}, {"id": "1761", "ano": "2012", "numero": "61", "tipo__sigla": "REQ", "tipo__descricao": "Requerimento", "autoria": "Abel  Bungenstab", "texto_original": "http://sapl.marechalfloriano.es.leg.br/media/./sapl/public/materialegislativa/2012/1761/1761_texto_integral.jpeg", "ementa": "DISPONIBILIZAR UM PSIC\u00d3LOGO E UM FISIOTERAPEUTA PARA ATENDER NA CASA DE AMPARO AOS IDOSOS \"SOU FELIZ\"."}, {"id": "1759", "ano": "2012", "numero": "62", "tipo__sigla": "REQ", "tipo__descricao": "Requerimento", "autoria": "Paulo Lovatti Junior", "texto_original": "http://sapl.marechalfloriano.es.leg.br/media/./sapl/public/materialegislativa/2012/1759/1759_texto_integral.jpeg", "ementa": "CRIA\u00c7\u00c3O DE UMA COOPERATIVA DE PRODUTORES RURAIS, DO MUNIC\u00cdPIO DE MARECHAL FLORIANO. "}, {"id": "1756", "ano": "2012", "numero": "63", "tipo__sigla": "REQ", "tipo__descricao": "Requerimento", "autoria": "Abel  Bungenstab", "texto_original": "http://sapl.marechalfloriano.es.leg.br/media/./sapl/public/materialegislativa/2012/1756/1756_texto_integral.jpeg", "ementa": "REQUER QUE O PODER EXECUTIVO MUNICIPAL PROVIDENCIE A INSTALA\u00c7\u00c3O DE PLACAS INFORMANDO SOBRE AS NOVAS INSTALA\u00c7\u00d5ES DA POLICL\u00cdNICA. "}, {"id": "1754", "ano": "2012", "numero": "64", "tipo__sigla": "REQ", "tipo__descricao": "Requerimento", "autoria": "Cabral", "texto_original": "http://sapl.marechalfloriano.es.leg.br/media/./sapl/public/materialegislativa/2012/1754/1754_texto_integral.jpeg", "ementa": "REQUER QUE O PODER EXECUTIVO ENCAMINHE COPIA DA FICHA FINANCEIRA DA SERVIDORA ELISABETI RESENDE DA SILVA GAMA, REFERENTE AO PER\u00cdODO DE 2006 \u00c0 2012."}, {"id": "1751", "ano": "2012", "numero": "65", "tipo__sigla": "REQ", "tipo__descricao": "Requerimento", "autoria": "S\u00e9rgio Stein", "texto_original": "http://sapl.marechalfloriano.es.leg.br/media/./sapl/public/materialegislativa/2012/1751/1751_texto_integral.jpeg", "ementa": "REQUER QUE O PODER EXECUTIVO EM CONJUNTO COM A SECRETARIA MUNICIPAL DE MEIO AMBIENTE, PROVIDENCIE UMA VISITA NA UNIVERSIDADE FEDERAL DE VI\u00c7OSA PARA ANALISARMOS E POSTERIORMENTE IMPLANTARMOS EM NOSSO MUNIC\u00cdPIO O NOVO SISTEMA DE CARBONIZA\u00c7\u00c3O DE LENHA PARA CARV\u00c3O, \"FORNO CONT\u00caINER\", OBJETIVANDO APOIAR AS CARVOARIAS EXISTENTES EM NOSSO MUNIC\u00cdPIO, FAZENDO COM QUE AS MESMAS SE ENQUADREM PERANTE AS NORMAS AMBIENTAIS NO SISTEMA PRATICO E PRODUTIVO."}, {"id": "1747", "ano": "2012", "numero": "66", "tipo__sigla": "REQ", "tipo__descricao": "Requerimento", "autoria": "Cabral", "texto_original": "http://sapl.marechalfloriano.es.leg.br/media/./sapl/public/materialegislativa/2012/1747/1747_texto_integral.jpeg", "ementa": "REQUER QUE O PODER EXECUTIVO MUNICIPAL ENCAMINHE C\u00d3PIA DA FOLHA DE PAGAMENTO REFERENTE AOS MESES DE JUNHO E JULHO DE 2012."}, {"id": "1744", "ano": "2012", "numero": "67", "tipo__sigla": "REQ", "tipo__descricao": "Requerimento", "autoria": "Abel  Bungenstab", "texto_original": "http://sapl.marechalfloriano.es.leg.br/media/./sapl/public/materialegislativa/2012/1744/1744_texto_integral.jpeg", "ementa": "REQUER QUE O PODER EXECUTIVO MUNICIPAL PROVIDENCIE UM NOVO LOCAL PARA A IMPLANTA\u00c7\u00c3O DO VIVEIRO DE MUDAS DA PREFEITURA, E PROVIDENCIE NOVAMENTE O PROGRAMA DE DISTRIBUI\u00c7\u00c3O GRATUITA DESSAS MUDAS PARA OS AGRICULTORES DE NOSSO MUNIC\u00cdPIO. "}, {"id": "1743", "ano": "2012", "numero": "68", "tipo__sigla": "REQ", "tipo__descricao": "Requerimento", "autoria": "CAMA - COMISS\u00c3O DE AGRICULTURA E MEIO AMBIENTE", "texto_original": "http://sapl.marechalfloriano.es.leg.br/media/./sapl/public/materialegislativa/2012/1743/1743_texto_integral.pdf", "ementa": "REQUER QUE O CONTRATO DE CONCESS\u00c3O DE USO SEAG N\u00ba 0033/2008, FIRMADO ENTRE A SECRETARIA DE ESTADO DA AGRICULTURA, ABASTECIMENTO, AQUICULTURA PESCA E A ASSOCIA\u00c7\u00c3O DE DESENVOLVIMENTO DE SANTA MARIA, PASSE A SER ADMINISTRADO PELA SECRETARIA MUNICIPAL DE AGRICULTURA DO MUNIC\u00cdPIO DE MARECHAL FLORIANO."}, {"id": "1742", "ano": "2012", "numero": "69", "tipo__sigla": "REQ", "tipo__descricao": "Requerimento", "autoria": "CAMA - COMISS\u00c3O DE AGRICULTURA E MEIO AMBIENTE", "texto_original": "http://sapl.marechalfloriano.es.leg.br/media/./sapl/public/materialegislativa/2012/1742/1742_texto_integral.jpeg", "ementa": "DISPONIBILIZAR UM COMPACTADOR DE SOLO PARA ATENDER AS NECESSIDADES DAS ESTRADAS VICINAIS DO MUNIC\u00cdPIO DE MARECHAL FLORIANO. "}, {"id": "1739", "ano": "2012", "numero": "70", "tipo__sigla": "REQ", "tipo__descricao": "Requerimento", "autoria": "Juarez Xavier", "texto_original": "http://sapl.marechalfloriano.es.leg.br/media/./sapl/public/materialegislativa/2012/1739/1739_texto_integral.jpeg", "ementa": "REQUER QUE O PODER EXECUTIVO MUNICIPAL RETORNE COM A UNIDADE M\u00d3VEL DE ODONTOLOGIA PARA O BAIRRO DE SANTA RITA, VISANDO ATENDER A TODOS DESTA COMUNIDADE, UMA VEZ QUE MUITAS FAM\u00cdLIAS N\u00c3O T\u00caM CONDI\u00c7\u00d5ES DE ARCA COM AS DESPESAS PARA O TRATAMENTO DENT\u00c1RIO. "}, {"id": "1737", "ano": "2012", "numero": "71", "tipo__sigla": "REQ", "tipo__descricao": "Requerimento", "autoria": "Cabral", "texto_original": "http://sapl.marechalfloriano.es.leg.br/media/./sapl/public/materialegislativa/2012/1737/1737_texto_integral.jpeg", "ementa": "REQUER QUE DENTRO DAS POSSIBILIDADES A EXCELENT\u00cdSSIMA SENHORA DEPUTADA LUIZA TOLEDO INTERVENHA JUNTO AO GOVERNO ESTADUAL, VISANDO IMPLANTAR NA REGI\u00c3O SERRANA A \"FAZENDA DA ESPERAN\u00c7A\", TENDO EM VISTA O GRANDE N\u00daMERO DE PESSOAS QUE NECESSITAM DE ACOMPANHAMENTO DI\u00c1RIO PARA RECUPERA\u00c7\u00c3O E TRATAMENTO RELATIVO AO USO DE DROGAS, OBJETIVANDO O RETORNO A SOCIEDADE, OFERECENDO PRINCIPALMENTE O APOIO QUE AS FAM\u00cdLIAS NECESSITAM.  "}, {"id": "1733", "ano": "2012", "numero": "72", "tipo__sigla": "REQ", "tipo__descricao": "Requerimento", "autoria": "Abel  Bungenstab, Alo\u00edsio M\u00f3dolo de Almeida, Cabral, Gabriela Stockl Ronchi, Joaquim Stein, Juarez Xavier, Paulo Lovatti Junior, Paulo Roberto Raasch, S\u00e9rgio Stein", "texto_original": "http://sapl.marechalfloriano.es.leg.br/media/./sapl/public/materialegislativa/2012/1733/1733_texto_integral.jpeg", "ementa": "CASCALHAMENTO NAS PRINCIPAIS ESTRADAS DE BOM JESUS E COSTA PEREIRA;\r\nCASCALHAMENTO E LIMPEZA PR\u00d3XIMA A COMUNIDADE LUTERANA DE COSTA PEREIRA;\r\nINTERVEN\u00c7\u00c3O EM UM BUEIRO NA ENTRADA QUE LIGA A REFERIDA COMUNIDADE E AS OUTRAS LOCALIDADES."}, {"id": "1729", "ano": "2012", "numero": "73", "tipo__sigla": "REQ", "tipo__descricao": "Requerimento", "autoria": "Cabral", "texto_original": "http://sapl.marechalfloriano.es.leg.br/media/./sapl/public/materialegislativa/2012/1729/1729_texto_integral.jpeg", "ementa": "INFORMA\u00c7\u00d5ES DE COMO ESTA O ANDAMENTO DO PROCESSO REFERENTE \u00c0 CONSTRU\u00c7\u00c3O DAS ACADEMIAS POPULARES DOS BAIRROS DE SANTA RITA E ARAGUAIA. "}, {"id": "1727", "ano": "2012", "numero": "74", "tipo__sigla": "REQ", "tipo__descricao": "Requerimento", "autoria": "Alo\u00edsio M\u00f3dolo de Almeida", "texto_original": "http://sapl.marechalfloriano.es.leg.br/media/./sapl/public/materialegislativa/2012/1727/1727_texto_integral.jpeg", "ementa": "REQUER QUE PODER EXECUTIVO MUNICIPAL PROVIDENCIE A FIXA\u00c7\u00c3O E REAJUSTE DO SAL\u00c1RIO DOS AGENTES DE SA\u00daDE NO MUNIC\u00cdPIO DE MARECHAL FLORIANO, DE ACORDO COM A PORTARIA N\u00ba 459, DE 15 DE MAR\u00c7O DE 2012, DO MINIST\u00c9RIO DA SA\u00daDE.\r\nREQUER AINDA, QUE SEJAM REALIZADOS ESTUDOS NO SENTIDO DE CONCEDER ABONO SALARIAL A ESTES PROFISSIONAIS."}, {"id": "1724", "ano": "2012", "numero": "75", "tipo__sigla": "REQ", "tipo__descricao": "Requerimento", "autoria": "Juarez Xavier", "texto_original": "http://sapl.marechalfloriano.es.leg.br/media/./sapl/public/materialegislativa/2012/1724/1724_texto_integral.jpeg", "ementa": "REQUER A INTERVEN\u00c7\u00c3O DO PODER EXECUTIVO MUNICIPAL E DO CIRETRAN DO MUNIC\u00cdPIO DE MARECHAL FLORIANO, NO SENTIDO DE PROVIDENCIAR A REGULARIZA\u00c7\u00c3O E IDENTIFICA\u00c7\u00c3O ATRAV\u00c9S DE PLACAS DE SINALIZA\u00c7\u00c3O, PERMITINDO O ESTACIONAMENTO SOMENTE AO LADO DA VIA, COLABORANDO ASSIM PARA O TR\u00c1FEGO NORMAL DE VE\u00cdCULOS EM UM TRECHO DE ESTRADA LOCALIZADO EM FRENTE AO ZOOL\u00d3GICO \"ZOO PARK DA MONTANHA - S\u00cdTIO DA VOV\u00d3\", EM BARRA DO RIO FUNDO - MARECHAL FLORIANO. "}, {"id": "1721", "ano": "2012", "numero": "77", "tipo__sigla": "REQ", "tipo__descricao": "Requerimento", "autoria": "Alo\u00edsio M\u00f3dolo de Almeida", "texto_original": "http://sapl.marechalfloriano.es.leg.br/media/./sapl/public/materialegislativa/2012/1721/1721_texto_integral.jpeg", "ementa": "REQUER QUE DENTRO DE SUAS POSSIBILIDADES O TRANSPORTE COLETIVO ER-TRANS PASSE A CIRCULAR PELO MENOS 03 VEZES POR SEMANA NA COMUNIDADE DA VILA SCHUNCK E ALTO MARECHAL, NAS PROXIMIDADES DA FAM\u00cdLIA RHEINEL."}, {"id": "1718", "ano": "2012", "numero": "78", "tipo__sigla": "REQ", "tipo__descricao": "Requerimento", "autoria": "Cabral", "texto_original": "http://sapl.marechalfloriano.es.leg.br/media/./sapl/public/materialegislativa/2012/1718/1718_texto_integral.jpeg", "ementa": "REQUER QUE O PODER EXECUTIVO MUNICIPAL ENCAMINHE C\u00d3PIA DA FOLHA DE PAGAMENTO AOS MESES DE AGOSTO E SETEMBRO DE 2012."}, {"id": "1716", "ano": "2012", "numero": "79", "tipo__sigla": "REQ", "tipo__descricao": "Requerimento", "autoria": "Cabral", "texto_original": "http://sapl.marechalfloriano.es.leg.br/media/./sapl/public/materialegislativa/2012/1716/1716_texto_integral.jpeg", "ementa": "REQUER QUE O PODER EXECUTIVO MUNICIPAL ENCAMINHE C\u00d3PIA DA FOLHA DE PAGAMENTO REFERENTE AO M\u00caS DE SETEMBRO DE 2012."}, {"id": "1713", "ano": "2012", "numero": "80", "tipo__sigla": "REQ", "tipo__descricao": "Requerimento", "autoria": "MESA DIRETORA 2011/2012", "texto_original": "http://sapl.marechalfloriano.es.leg.br/media/./sapl/public/materialegislativa/2012/1713/1713_texto_integral.jpeg", "ementa": "REQUEREMOS, OUVIDO O PLEN\u00c1RIO, AUTORIZA\u00c7\u00c3O DOS SENHORES PARLAMENTARES PARA REALIZAR A INSTALA\u00c7\u00c3O DOS TRABALHOS E SESS\u00c3O SOLENE DE POSSE DOS VEREADORES, PREFEITO E VICE-PREFEITO ELEITOS PARA O QUADRI\u00caNIO 2013-2016 \u00c0S 09:00 HORAS DO DIA 1\u00ba DE JANEIRO DE 2013. "}, {"id": "1708", "ano": "2012", "numero": "81", "tipo__sigla": "REQ", "tipo__descricao": "Requerimento", "autoria": "Alo\u00edsio M\u00f3dolo de Almeida", "texto_original": "http://sapl.marechalfloriano.es.leg.br/media/./sapl/public/materialegislativa/2012/1708/1708_texto_integral.pdf", "ementa": "REQUEIRO O CUMPRIMENTO DA LEI MUNICIPAL N\u00ba. 955 DE 15 DE OUTUBRO DE 2009, PRINCIPALMENTE O DISPOSTO NO ARTIGO 37, QUE DETERMINA A IDENTIFICA\u00c7\u00c3O DOS VE\u00cdCULOS DE PASSAGEIROS DO TRANSPORTE COLETIVO QUE PRESTAM SERVI\u00c7O NO MUNIC\u00cdPIO DE MARECHAL FLORIANO. "}, {"id": "1704", "ano": "2012", "numero": "82", "tipo__sigla": "REQ", "tipo__descricao": "Requerimento", "autoria": "Cabral", "texto_original": "http://sapl.marechalfloriano.es.leg.br/media/./sapl/public/materialegislativa/2012/1704/1704_texto_integral.jpeg", "ementa": "REQUER QUE O PODER EXECUTIVO MUNICIPAL, ENCAMINHE A COPIA DA FOLHA DE PAGAMENTO, REFERENTE AOS MESES DE AGOSTO, SETEMBRO E OUTUBRO DE 2012. "}, {"id": "1701", "ano": "2012", "numero": "83", "tipo__sigla": "REQ", "tipo__descricao": "Requerimento", "autoria": "Alo\u00edsio M\u00f3dolo de Almeida", "texto_original": "http://sapl.marechalfloriano.es.leg.br/media/./sapl/public/materialegislativa/2012/1701/1701_texto_integral.jpeg", "ementa": "REQUER QUE O PODER EXECUTIVO MUNICIPAL DENTRO DAS PRERROGATIVAS QUE LHE COMPETE, REALIZE ESTUDO SOBRE A POSSIBILIDADE DE PRORROGA O PRAZO DE CONTRATO COM A EMPRESA RESPONS\u00c1VEL PELO TRANSPORTE COLETIVO NO MUNIC\u00cdPIO DE MARECHAL FLORIANO, POR ENTENDER QUE A POPULA\u00c7\u00c3O FICAR\u00c1 PREJUDICADA COM A PARALISA\u00c7\u00c3O DESTE SERVI\u00c7O.\r\nOUTROSSIM, POR IMPOSI\u00c7\u00c3O LEGAL TAL CONCESS\u00c3O DEVER\u00c1 SER OBJETO DE PROCEDIMENTO LICITAT\u00d3RIO PR\u00d3PRIO E NOSSO REQUERIMENTO \u00c9 NO SENTIDO DE N\u00c3O DEIXAR A POPULA\u00c7\u00c3O DESABASTECIDA DE TRANSPORTE P\u00daBLICO COLETIVO AT\u00c9 A REALIZA\u00c7\u00c3O DA LICITA\u00c7\u00c3O."}, {"id": "1699", "ano": "2012", "numero": "84", "tipo__sigla": "REQ", "tipo__descricao": "Requerimento", "autoria": "Alo\u00edsio M\u00f3dolo de Almeida", "texto_original": "http://sapl.marechalfloriano.es.leg.br/media/./sapl/public/materialegislativa/2012/1699/1699_texto_integral.jpeg", "ementa": "REQUER QUE O PODER EXECUTIVO MUNICIPAL REALIZE IMPACTO FINANCEIRO VISANDO A CONCESS\u00c3O DE ABONO SALARIAL A TODOS OS SERVIDORES DA PREFEITURA MUNICIPAL"}, {"id": "1697", "ano": "2012", "numero": "85", "tipo__sigla": "REQ", "tipo__descricao": "Requerimento", "autoria": "Alo\u00edsio M\u00f3dolo de Almeida", "texto_original": "http://sapl.marechalfloriano.es.leg.br/media/", "ementa": "REQUER QUE O PODER EXECUTIVO MUNICIPAL REALIZE FISCALIZA\u00c7\u00c3O MUNICIPAL NAS AG\u00caNCIAS BANC\u00c1RIAS, OBJETIVANDO O CUMPRIMENTO DA LEI MUNICIPAL N\u00ba 669 DE 12 DE ABRIL DE 2007 \"OBRIGA AS AG\u00caNCIAS BANC\u00c1RIAS MUNICIPAIS A VIABILIZAREM A INSTALA\u00c7\u00c3O DE SANIT\u00c1RIOS EM SUAS DEPEND\u00caNCIAS PARA USO DO CLIENTE."}, {"id": "12473", "ano": "2012", "numero": "1", "tipo__sigla": "RS", "tipo__descricao": "Resolu\u00e7\u00e3o", "autoria": "Alo\u00edsio M\u00f3dolo de Almeida", "texto_original": "http://sapl.marechalfloriano.es.leg.br/media/sapl/public/materialegislativa/2012/12473/resolucao_001-2012.pdf", "ementa": "\"AUTORIZA O PODER LEGISLATIVO A DEVOLVER RECURSOS FINANCEIROS AO PODER EXECUTIVO MUNICIPAL\"."}, {"id": "12474", "ano": "2012", "numero": "2", "tipo__sigla": "RS", "tipo__descricao": "Resolu\u00e7\u00e3o", "autoria": "Alo\u00edsio M\u00f3dolo de Almeida", "texto_original": "http://sapl.marechalfloriano.es.leg.br/media/sapl/public/materialegislativa/2012/12474/resolucao_002-2012.pdf", "ementa": "\"INSTAURA E NOMEIA MEMBROS PARA COMPOR A COMISS\u00c3O ESPECIAL PROCESSANTE\"."}, {"id": "12475", "ano": "2012", "numero": "3", "tipo__sigla": "RS", "tipo__descricao": "Resolu\u00e7\u00e3o", "autoria": "Alo\u00edsio M\u00f3dolo de Almeida", "texto_original": "http://sapl.marechalfloriano.es.leg.br/media/sapl/public/materialegislativa/2012/12475/resolucao_003-2012.pdf", "ementa": "\"AUTORIZA A DEVOLU\u00c7\u00c3O DE RECURSOS FINANCEIROS AO PODER EXECUTIVO MUNICIPAL\"."}, {"id": "12476", "ano": "2012", "numero": "4", "tipo__sigla": "RS", "tipo__descricao": "Resolu\u00e7\u00e3o", "autoria": "Alo\u00edsio M\u00f3dolo de Almeida", "texto_original": "http://sapl.marechalfloriano.es.leg.br/media/sapl/public/materialegislativa/2012/12476/resolucao_004-2012.pdf", "ementa": "\"AUTORIZA O PODER LEGISLATIVO MUNICIPAL ANULAR DOTA\u00c7\u00c3O DO OR\u00c7AMENTO VIGENTE\"."}, {"id": "12477", "ano": "2012", "numero": "5", "tipo__sigla": "RS", "tipo__descricao": "Resolu\u00e7\u00e3o", "autoria": "Alo\u00edsio M\u00f3dolo de Almeida", "texto_original": "http://sapl.marechalfloriano.es.leg.br/media/sapl/public/materialegislativa/2012/12477/resolucao_005-2012.pdf", "ementa": "\"AUTORIZA A DEVOLU\u00c7\u00c3O DE RECURSOS FINANCEIROS AO PODER EXECUTIVO MUNICIPAL\"."}, {"id": "12478", "ano": "2012", "numero": "6", "tipo__sigla": "RS", "tipo__descricao": "Resolu\u00e7\u00e3o", "autoria": "Alo\u00edsio M\u00f3dolo de Almeida", "texto_original": "http://sapl.marechalfloriano.es.leg.br/media/sapl/public/materialegislativa/2012/12478/resolucao_006-2012.pdf", "ementa": "\"AUTORIZA A DEVOLU\u00c7\u00c3O DE RECURSOS FINANCEIROS AO PODER EXECUTIVO MUNICIPAL\"."}, {"id": "12479", "ano": "2012", "numero": "7", "tipo__sigla": "RS", "tipo__descricao": "Resolu\u00e7\u00e3o", "autoria": "Alo\u00edsio M\u00f3dolo de Almeida", "texto_original": "http://sapl.marechalfloriano.es.leg.br/media/sapl/public/materialegislativa/2012/12479/resolucao_007-2012.pdf", "ementa": "\"DISP\u00d5E SOBRE A CONCESS\u00c3O DE ABONO PECUNI\u00c1RIO PARA OS SERVIDORES EFETIVOS E COMISSIONADOS DO PODER LEGISLATIVO MUNICIPAL\"."}, {"id": "12480", "ano": "2012", "numero": "8", "tipo__sigla": "RS", "tipo__descricao": "Resolu\u00e7\u00e3o", "autoria": "Alo\u00edsio M\u00f3dolo de Almeida", "texto_original": "http://sapl.marechalfloriano.es.leg.br/media/sapl/public/materialegislativa/2012/12480/resolucao_008-2012.pdf", "ementa": "\"AUTORIZA O PODER LEGISLATIVO MUNICIPAL ANULAR DOTA\u00c7\u00c3O DO OR\u00c7AMENTO VIGENTE\"."}, {"id": "12617", "ano": "2012", "numero": "1", "tipo__sigla": "PEM", "tipo__descricao": "Proposta de Emenda Modificativa", "autoria": "CFO - COMISS\u00c3O DE FINAN\u00c7AS E OR\u00c7AMENTO", "texto_original": "http://sapl.marechalfloriano.es.leg.br/media/sapl/public/materialegislativa/2012/12617/em001-2012.pdf", "ementa": "\"EMENDA RELATIVA AO PROJETO DE LEI N\u00ba 020/2012.\""}, {"id": "12618", "ano": "2012", "numero": "2", "tipo__sigla": "PEM", "tipo__descricao": "Proposta de Emenda Modificativa", "autoria": "CFO - COMISS\u00c3O DE FINAN\u00c7AS E OR\u00c7AMENTO", "texto_original": "http://sapl.marechalfloriano.es.leg.br/media/sapl/public/materialegislativa/2012/12618/em002-2012.pdf", "ementa": "\"EMENDA RELATIVA AO PROJETO DE LEI N\u00ba032/2012.\""}, {"id": "12619", "ano": "2012", "numero": "3", "tipo__sigla": "PEM", "tipo__descricao": "Proposta de Emenda Modificativa", "autoria": "CFO - COMISS\u00c3O DE FINAN\u00c7AS E OR\u00c7AMENTO", "texto_original": "http://sapl.marechalfloriano.es.leg.br/media/sapl/public/materialegislativa/2012/12619/em003-2012.pdf", "ementa": "\"EMENDA RELATIVA AO PROJETO DE LEI N\u00ba 032/2012.\""}, {"id": "12620", "ano": "2012", "numero": "4", "tipo__sigla": "PEM", "tipo__descricao": "Proposta de Emenda Modificativa", "autoria": "CFO - COMISS\u00c3O DE FINAN\u00c7AS E OR\u00c7AMENTO", "texto_original": "http://sapl.marechalfloriano.es.leg.br/media/sapl/public/materialegislativa/2012/12620/em004-2012.pdf", "ementa": "\"EMENDA RELATIVA AO PROJETO DE LEI N\u00ba 070/2012.\""}, {"id": "12621", "ano": "2012", "numero": "1", "tipo__sigla": "PEA", "tipo__descricao": "Proposta de Emenda Aditiva", "autoria": "CFO - COMISS\u00c3O DE FINAN\u00c7AS E OR\u00c7AMENTO", "texto_original": "http://sapl.marechalfloriano.es.leg.br/media/sapl/public/materialegislativa/2012/12621/ea001-2012.pdf", "ementa": "\"EMENDA RELATIVA AO PROJETO DE LEI N\u00ba 025/2012.\""}, {"id": "3869", "ano": "2012", "numero": "1", "tipo__sigla": "MSG", "tipo__descricao": "Mensagem", "autoria": "", "texto_original": "http://sapl.marechalfloriano.es.leg.br/media/./sapl/public/materialegislativa/2012/3869/3869_texto_integral.jpeg", "ementa": "CONCEDE REPASSE \u00c1 ENTIDADE DE ORGANIZA\u00c7\u00c3O DE AMPARO A IDOSOS - SOU FELIZ."}, {"id": "3868", "ano": "2012", "numero": "2", "tipo__sigla": "MSG", "tipo__descricao": "Mensagem", "autoria": "", "texto_original": "http://sapl.marechalfloriano.es.leg.br/media/./sapl/public/materialegislativa/2012/3868/3868_texto_integral.jpeg", "ementa": "DISP\u00d5E SOBRE ANISTIA FISCAL DO IMPOSTO PREDIAL E TERRITORIAL URBANO IPTU E D\u00c1 OUTRAS PROVIDENCIAS."}, {"id": "3866", "ano": "2012", "numero": "3", "tipo__sigla": "MSG", "tipo__descricao": "Mensagem", "autoria": "", "texto_original": "http://sapl.marechalfloriano.es.leg.br/media/./sapl/public/materialegislativa/2012/3866/3866_texto_integral.jpeg", "ementa": "AUTORIZA O PODER EXECUTIVO MUNICIPAL A CONCEDER ABONO SALARIAL AOS AGENTES COMUNIT\u00c1RIOS DE SA\u00daDE DESTE MUNIC\u00cdPIO E D\u00c1 OUTRAS PROVIDENCIAS."}, {"id": "3865", "ano": "2012", "numero": "4", "tipo__sigla": "MSG", "tipo__descricao": "Mensagem", "autoria": "", "texto_original": "http://sapl.marechalfloriano.es.leg.br/media/./sapl/public/materialegislativa/2012/3865/3865_texto_integral.jpeg", "ementa": "DISP\u00d5E SOBRE REAJUSTE SALARIAL PARA OS SERVIDORES DO PODER EXECUTIVO MUNICIPAL DE MARECHAL FLORIANO."}, {"id": "3863", "ano": "2012", "numero": "5", "tipo__sigla": "MSG", "tipo__descricao": "Mensagem", "autoria": "", "texto_original": "http://sapl.marechalfloriano.es.leg.br/media/./sapl/public/materialegislativa/2012/3863/3863_texto_integral.jpeg", "ementa": "PROJETO DE LEI QUE DISP\u00d5E SOBRE A ABERTURA DE CR\u00c9DITO ADICIONAL SUPLEMENTAR AO OR\u00c7AMENTO GERAL DO MUNICIPAL VIGENTE NO VALOR DE R$ 300.000,00 (TREZENTOS MIL REAIS)."}, {"id": "3861", "ano": "2012", "numero": "6", "tipo__sigla": "MSG", "tipo__descricao": "Mensagem", "autoria": "", "texto_original": "http://sapl.marechalfloriano.es.leg.br/media/./sapl/public/materialegislativa/2012/3861/3861_texto_integral.jpeg", "ementa": "AUTORIZA O PODER EXECUTIVO MUNICIPAL A ADQUIRIR IM\u00d3VEL."}, {"id": "3860", "ano": "2012", "numero": "7", "tipo__sigla": "MSG", "tipo__descricao": "Mensagem", "autoria": "", "texto_original": "http://sapl.marechalfloriano.es.leg.br/media/./sapl/public/materialegislativa/2012/3860/3860_texto_integral.jpeg", "ementa": "CRIA CARGOS PARA ATENDER A SECRETARIA MUNICIPAL DE SA\u00daDE DO MUNIC\u00cdPIO DE MARECHAL FLORIANO-ES E D\u00c1 OUTRAS PROVID\u00caNCIAS."}, {"id": "3859", "ano": "2012", "numero": "8", "tipo__sigla": "MSG", "tipo__descricao": "Mensagem", "autoria": "", "texto_original": "http://sapl.marechalfloriano.es.leg.br/media/./sapl/public/materialegislativa/2012/3859/3859_texto_integral.jpeg", "ementa": "DENOMINA DE ARY RIBEIRO DA SILVA O PR\u00c9DIO DA POLICL\u00cdNICA DO MUNIC\u00cdPIO DE MARECHAL FLORIANO-ES."}, {"id": "3858", "ano": "2012", "numero": "9", "tipo__sigla": "MSG", "tipo__descricao": "Mensagem", "autoria": "", "texto_original": "http://sapl.marechalfloriano.es.leg.br/media/./sapl/public/materialegislativa/2012/3858/3858_texto_integral.jpeg", "ementa": "FIXA VENCIMENTOS-BASE DO QUADRO DO MAGIST\u00c9RIO DO MUNIC\u00cdPIO DE MARECHAL FLORIANO."}, {"id": "3856", "ano": "2012", "numero": "10", "tipo__sigla": "MSG", "tipo__descricao": "Mensagem", "autoria": "", "texto_original": "http://sapl.marechalfloriano.es.leg.br/media/./sapl/public/materialegislativa/2012/3856/3856_texto_integral.pdf", "ementa": "DISP\u00d5E SOBRE AS DIRETRIZES PARA ELABORA\u00c7\u00c3O DE LEI OR\u00c7AMENT\u00c1RIA PARA O EXERC\u00cdCIO FINANCEIRO DE 2013 E D\u00c1 OUTRAS PROVIDENCIAS - LDO."}, {"id": "3854", "ano": "2012", "numero": "11", "tipo__sigla": "MSG", "tipo__descricao": "Mensagem", "autoria": "", "texto_original": "http://sapl.marechalfloriano.es.leg.br/media/./sapl/public/materialegislativa/2012/3854/3854_texto_integral.jpeg", "ementa": "AUTORIZA O PODER EXECUTIVO MUNICIPAL A EFETUAR REPASSE DE VERBA A PROPRIEDADE FORNECEDORA DE \u00c1GUA NO DISTRITO DE ARAGUAIA E D\u00c1  OUTRAS PROVIDENCIAS."}, {"id": "3852", "ano": "2012", "numero": "12", "tipo__sigla": "MSG", "tipo__descricao": "Mensagem", "autoria": "", "texto_original": "http://sapl.marechalfloriano.es.leg.br/media/./sapl/public/materialegislativa/2012/3852/3852_texto_integral.jpeg", "ementa": "PROJETO DE LEI QUE \"AUTORIZA O PODER EXECUTIVO MUNICIPAL A REPASSAR RECURSOS FINANCEIROS A T\u00cdTULO DE SUBVEN\u00c7\u00c3O SOCIAL \u00c0 ASSOCIA\u00c7\u00c3O PESTALOZZI DE MARECHAL FLORIANO-ES\"."}, {"id": "3850", "ano": "2012", "numero": "13", "tipo__sigla": "MSG", "tipo__descricao": "Mensagem", "autoria": "", "texto_original": "http://sapl.marechalfloriano.es.leg.br/media/./sapl/public/materialegislativa/2012/3850/3850_texto_integral.jpeg", "ementa": "PROJETO DE LEI QUE DISP\u00d5E SOBRE A ABERTURA DE CR\u00c9DITO ADICIONAL SUPLEMENTARES AO OR\u00c7AMENTO GERAL DO MUNIC\u00cdPIO DE MARECHAL FLORINO, RELATIVO AO EXERC\u00cdCIO DE 2012."}, {"id": "3849", "ano": "2012", "numero": "14", "tipo__sigla": "MSG", "tipo__descricao": "Mensagem", "autoria": "", "texto_original": "http://sapl.marechalfloriano.es.leg.br/media/./sapl/public/materialegislativa/2012/3849/3849_texto_integral.jpeg", "ementa": "DISP\u00d5E SOBRE A ALTERA\u00c7\u00c3O DA REFER\u00caNCIA DA CARREIRA/CLASSE DO CARGO DE BER\u00c7ARISTAS E D\u00c1 OUTRAS PROVID\u00caNCIAS."}, {"id": "3848", "ano": "2012", "numero": "15", "tipo__sigla": "MSG", "tipo__descricao": "Mensagem", "autoria": "", "texto_original": "http://sapl.marechalfloriano.es.leg.br/media/./sapl/public/materialegislativa/2012/3848/3848_texto_integral.jpeg", "ementa": "PROJETO DE LEI QUE DISP\u00d5E SOBRE A ABERTURA DE CR\u00c9DITO ADICIONAL ESPECIAL AO OR\u00c7AMENTO MUNICIPAL VIGENTE NO VALOR DE R$435.000,00 (QUATROCENTOS E TRINTA E CINCO MIL REAIS)."}, {"id": "3847", "ano": "2012", "numero": "16", "tipo__sigla": "MSG", "tipo__descricao": "Mensagem", "autoria": "", "texto_original": "http://sapl.marechalfloriano.es.leg.br/media/./sapl/public/materialegislativa/2012/3847/3847_texto_integral.jpeg", "ementa": "AUTORIZA O PODER EXECUTIVO MUNICIPAL A DESENVOLVER A\u00c7\u00d5ES PARA IMPLEMENTAR O PROGRAMA MINHA CASA MINHA VIDA - PMCMV, CRIADO PELA LEI N\u00b011.977, DE 07 DE JULHO DE 2009, NAS CONDI\u00c7\u00d5ES DEFINIDAS PELO NORMATIVO DO MINIST\u00c9RIO DAS CIDADES."}, {"id": "3846", "ano": "2012", "numero": "17", "tipo__sigla": "MSG", "tipo__descricao": "Mensagem", "autoria": "", "texto_original": "http://sapl.marechalfloriano.es.leg.br/media/./sapl/public/materialegislativa/2012/3846/3846_texto_integral.jpeg", "ementa": "DISP\u00d5E SOBRE DESONERA\u00c7\u00c3O FISCAL RELATIVA AOS IMPOSTOS QUE MENCIONA, E D\u00c1  OUTRAS PROVID\u00caNCIAS."}, {"id": "3845", "ano": "2012", "numero": "18", "tipo__sigla": "MSG", "tipo__descricao": "Mensagem", "autoria": "", "texto_original": "http://sapl.marechalfloriano.es.leg.br/media/./sapl/public/materialegislativa/2012/3845/3845_texto_integral.jpeg", "ementa": "DESTINA E DOA IM\u00d3VEIS PARA A EXECU\u00c7\u00c3O DO PROGRAMA MINHA CASA MINHA VIDA - PMCMV."}, {"id": "3844", "ano": "2012", "numero": "19", "tipo__sigla": "MSG", "tipo__descricao": "Mensagem", "autoria": "", "texto_original": "http://sapl.marechalfloriano.es.leg.br/media/./sapl/public/materialegislativa/2012/3844/3844_texto_integral.jpeg", "ementa": "DECLARA COMO UTILIDADE P\u00daBLICA MUNICIPAL A ASSOCIA\u00c7\u00c3O MENSAGEIROS DA BOA NOVA E D\u00c1 OUTRAS PROVIDENCIAS."}, {"id": "3843", "ano": "2012", "numero": "20", "tipo__sigla": "MSG", "tipo__descricao": "Mensagem", "autoria": "", "texto_original": "http://sapl.marechalfloriano.es.leg.br/media/./sapl/public/materialegislativa/2012/3843/3843_texto_integral.jpeg", "ementa": "CRIA CARGOS PARA ATENDER A SECRETARIA MUNICIPAL DE SA\u00daDE DO MUNIC\u00cdPIO DE MARECHAL FLORIANO-ES E D\u00c1 OUTRAS PROVIDENCIAS."}, {"id": "3839", "ano": "2012", "numero": "22", "tipo__sigla": "MSG", "tipo__descricao": "Mensagem", "autoria": "", "texto_original": "http://sapl.marechalfloriano.es.leg.br/media/./sapl/public/materialegislativa/2012/3839/3839_texto_integral.jpeg", "ementa": "ALTERA A LEI MUNICIPAL N\u00b0904 DE 15 DE ABRIL DE 2009 QUE CRIA O FUNDO MUNICIPAL DE HABITA\u00c7\u00c3O DE INTERESSE SOCIAL - FMHIS."}, {"id": "3838", "ano": "2012", "numero": "23", "tipo__sigla": "MSG", "tipo__descricao": "Mensagem", "autoria": "", "texto_original": "http://sapl.marechalfloriano.es.leg.br/media/./sapl/public/materialegislativa/2012/3838/3838_texto_integral.jpeg", "ementa": "PROJETO DE LEI QUE DISP\u00d5E SOBRE A ABERTURA DE CR\u00c9DITO ADICIONAL SUPLEMENTAR AO OR\u00c7AMENTO GERAL DO MUNIC\u00cdPIO DE MARECHAL FLORINO, RELATIVO AO EXERC\u00cdCIO DE 2012."}, {"id": "3837", "ano": "2012", "numero": "24", "tipo__sigla": "MSG", "tipo__descricao": "Mensagem", "autoria": "", "texto_original": "http://sapl.marechalfloriano.es.leg.br/media/./sapl/public/materialegislativa/2012/3837/3837_texto_integral.jpeg", "ementa": "CRIA O REGIMENTO INTERNO DO CEMIT\u00c9RIO RECANTO DA PAZ E D\u00c1 OUTRAS PROVIDENCIAS."}, {"id": "3836", "ano": "2012", "numero": "25", "tipo__sigla": "MSG", "tipo__descricao": "Mensagem", "autoria": "", "texto_original": "http://sapl.marechalfloriano.es.leg.br/media/./sapl/public/materialegislativa/2012/3836/3836_texto_integral.jpeg", "ementa": "PROJETO DE LEI QUE DISP\u00d5E SOBRE A ABERTURA DE CR\u00c9DITO ADICIONAL ESPECIAL AO OR\u00c7AMENTO MUNICIPAL VIGENTE NO VALOR DE R$ 209.000,00 (DUZENTOS E NOVE MIL REAIS)."}, {"id": "3834", "ano": "2012", "numero": "26", "tipo__sigla": "MSG", "tipo__descricao": "Mensagem", "autoria": "", "texto_original": "http://sapl.marechalfloriano.es.leg.br/media/./sapl/public/materialegislativa/2012/3834/3834_texto_integral.jpeg", "ementa": "ESTIMA RECEITA E FIXA DESPESA DO MUNIC\u00cdPIO DE MARECHAL FLORIANO-ES PARA O EXERC\u00cdCIO FINANCEIRO DE 2013."}, {"id": "3832", "ano": "2012", "numero": "27", "tipo__sigla": "MSG", "tipo__descricao": "Mensagem", "autoria": "", "texto_original": "http://sapl.marechalfloriano.es.leg.br/media/./sapl/public/materialegislativa/2012/3832/3832_texto_integral.jpeg", "ementa": "PROJETO DE LEI QUE DISP\u00d5E SOBRE A ABERTURA DE CR\u00c9DITOS ADICIONAIS SUPLEMENTARES AO OR\u00c7AMENTO GERAL DO MUNIC\u00cdPIO DE MARECHAL FLORIANO, RELATIVO AO EXERC\u00cdCIO DE 2012."}, {"id": "3829", "ano": "2012", "numero": "28", "tipo__sigla": "MSG", "tipo__descricao": "Mensagem", "autoria": "", "texto_original": "http://sapl.marechalfloriano.es.leg.br/media/./sapl/public/materialegislativa/2012/3829/3829_texto_integral.jpeg", "ementa": "ALTERA O ART. 14,15,18 E 39 DA LEI N\u00b0675, DE 30 DE ABRIL DE 2007, E D\u00c1 OUTRAS PROVIDENCIAS."}, {"id": "3828", "ano": "2012", "numero": "29", "tipo__sigla": "MSG", "tipo__descricao": "Mensagem", "autoria": "", "texto_original": "http://sapl.marechalfloriano.es.leg.br/media/./sapl/public/materialegislativa/2012/3828/3828_texto_integral.jpeg", "ementa": "ENCAMINHAMOS O PRESENTE PROJETO DE LEI QUE \"AUTORIZA O PODER EXECUTIVO MUNICIPAL A FORNECER OS PRODUTOS RURAIS, VENCEDORES DO 9\u00b0 CONCURSO DE QUALIDADE DO CAF\u00c9 DO MUNIC\u00cdPIO DE MARECHAL FLORIANO, UMA PREMIA\u00c7\u00c3O EM DINHEIRO PARA OS 1\u00b0, 2\u00b0 E 3\u00b0 COLOCADOS, NO VALOR TOTAL  DE R$ 6.000,00 (SEIS MIL REAIS)\"."}, {"id": "3825", "ano": "2012", "numero": "30", "tipo__sigla": "MSG", "tipo__descricao": "Mensagem", "autoria": "", "texto_original": "http://sapl.marechalfloriano.es.leg.br/media/./sapl/public/materialegislativa/2012/3825/3825_texto_integral.jpeg", "ementa": "FICAM CRIADOS PONTOS DE T\u00c1XI NO MUNIC\u00cdPIO DE MARECHAL FLORIANO."}, {"id": "3823", "ano": "2012", "numero": "31", "tipo__sigla": "MSG", "tipo__descricao": "Mensagem", "autoria": "", "texto_original": "http://sapl.marechalfloriano.es.leg.br/media/./sapl/public/materialegislativa/2012/3823/3823_texto_integral.jpeg", "ementa": "DISP\u00d5E SOBRE A CONCESS\u00c3O DE ABONO SALARIAL AOS INTEGRANTES DO QUADRO DE MAGIST\u00c9RIO DA SECRETARIA MUNICIPAL DE EDUCA\u00c7\u00c3O, CULTURA E ESPORTES DESTE MUNIC\u00cdPIO E D\u00c1 OUTRAS PROVIDENCIAS."}, {"id": "3821", "ano": "2012", "numero": "32", "tipo__sigla": "MSG", "tipo__descricao": "Mensagem", "autoria": "", "texto_original": "http://sapl.marechalfloriano.es.leg.br/media/./sapl/public/materialegislativa/2012/3821/3821_texto_integral.jpeg", "ementa": "PROJETO DE LEI COM PROPOSTA DE ADEQUA\u00c7\u00c3O NO PPA 2010 A 2013."}, {"id": "3819", "ano": "2012", "numero": "33", "tipo__sigla": "MSG", "tipo__descricao": "Mensagem", "autoria": "", "texto_original": "http://sapl.marechalfloriano.es.leg.br/media/./sapl/public/materialegislativa/2012/3819/3819_texto_integral.jpeg", "ementa": "ALTERA DISPOSITIVOS DA LEI N\u00b0 1180, DE 10 DE DEZEMBRO DE 2012, E D\u00c1 OUTRAS PROVIDENCIAS. "}, {"id": "3817", "ano": "2012", "numero": "34", "tipo__sigla": "MSG", "tipo__descricao": "Mensagem", "autoria": "", "texto_original": "http://sapl.marechalfloriano.es.leg.br/media/./sapl/public/materialegislativa/2012/3817/3817_texto_integral.jpeg", "ementa": "AUTORIZA O PODER EXECUTIVO MUNICIPAL \u00c0 ATUALIZAR AS FONTES DE RECURSOS DO OR\u00c7AMENTO MUNICIPAL DO EXERC\u00cdCIO DE 2013."}]}