{"headers": {"id": "ID", "ano": "Ano", "numero": "N\u00famero", "tipo__sigla": "Tipo de Mat\u00e9ria Legislativa/Sigla", "tipo__descricao": "Tipo de Mat\u00e9ria Legislativa/Descri\u00e7\u00e3o", "autoria": "Autorias", "texto_original": "Texto Original", "ementa": "Ementa"}, "results": [{"id": "13714", "ano": "2014", "numero": "1", "tipo__sigla": "DL", "tipo__descricao": "Decreto Legislativo", "autoria": "Cabral", "texto_original": "http://sapl.marechalfloriano.es.leg.br/media/sapl/public/materialegislativa/2014/13714/001-2014.pdf", "ementa": "\u00b4\u00b4 DECRETA PONTO FACULTATIVO \u00b4\u00b4."}, {"id": "13715", "ano": "2014", "numero": "2", "tipo__sigla": "DL", "tipo__descricao": "Decreto Legislativo", "autoria": "Cabral", "texto_original": "http://sapl.marechalfloriano.es.leg.br/media/sapl/public/materialegislativa/2014/13715/002-2014.pdf", "ementa": "\u00b4\u00b4 DECRETA PONTO FACULTATIVO \u00b4\u00b4."}, {"id": "13716", "ano": "2014", "numero": "3", "tipo__sigla": "DL", "tipo__descricao": "Decreto Legislativo", "autoria": "Cabral", "texto_original": "http://sapl.marechalfloriano.es.leg.br/media/sapl/public/materialegislativa/2014/13716/003-2014.pdf", "ementa": "\u00b4\u00b4 ESTABELECE HOR\u00c1RIO DE EXPEDIENTE NOS DIAS DE JOGOS DO BRASIL NA COPA DO MUNDO \u00b4\u00b4."}, {"id": "13717", "ano": "2014", "numero": "4", "tipo__sigla": "DL", "tipo__descricao": "Decreto Legislativo", "autoria": "Cabral", "texto_original": "http://sapl.marechalfloriano.es.leg.br/media/sapl/public/materialegislativa/2014/13717/004-2014.pdf", "ementa": "\u00b4\u00b4 ESTABELECE HOR\u00c1RIO DE EXPEDIENTE NOS DIAS DE JOGOS NA COPA DO MUNDO\u00b4\u00b4."}, {"id": "13718", "ano": "2014", "numero": "5", "tipo__sigla": "DL", "tipo__descricao": "Decreto Legislativo", "autoria": "Cabral", "texto_original": "http://sapl.marechalfloriano.es.leg.br/media/sapl/public/materialegislativa/2014/13718/005-2014.pdf", "ementa": "\u00b4\u00b4 ESTABELECE HOR\u00c1RIO DE EXPEDIENTE NOS DIAS DE JOGOS DO BRASIL NA COPA DO MUNDO\u00b4\u00b4."}, {"id": "13719", "ano": "2014", "numero": "6", "tipo__sigla": "DL", "tipo__descricao": "Decreto Legislativo", "autoria": "Cabral", "texto_original": "http://sapl.marechalfloriano.es.leg.br/media/sapl/public/materialegislativa/2014/13719/006-2014.pdf", "ementa": "\u00b4\u00b4 ESTABELECE HOR\u00c1RIO DE EXPEDIENTE PARA O DIA 22 DE JULHO DE 2014 \u00b4\u00b4."}, {"id": "13720", "ano": "2014", "numero": "7", "tipo__sigla": "DL", "tipo__descricao": "Decreto Legislativo", "autoria": "Cabral", "texto_original": "http://sapl.marechalfloriano.es.leg.br/media/sapl/public/materialegislativa/2014/13720/007-2014.pdf", "ementa": "\u00b4\u00b4 DISP\u00d5E SOBRE A APROVA\u00c7\u00c3O DAS CONTAS DA PREFEITURA MUNICIPAL DE MARECHAL FLORIANO - ES, REFERENTE AO EXERC\u00cdCIO DE 2010\u00b4\u00b4."}, {"id": "13721", "ano": "2014", "numero": "8", "tipo__sigla": "DL", "tipo__descricao": "Decreto Legislativo", "autoria": "Cabral", "texto_original": "http://sapl.marechalfloriano.es.leg.br/media/sapl/public/materialegislativa/2014/13721/008-2014.pdf", "ementa": "\u00b4\u00b4 DECRETA PONTO FACULTATIVO\u00b4\u00b4."}, {"id": "423", "ano": "2014", "numero": "1", "tipo__sigla": "IND", "tipo__descricao": "Indica\u00e7\u00e3o", "autoria": "Coquinho", "texto_original": "http://sapl.marechalfloriano.es.leg.br/media/./sapl/public/materialegislativa/2014/423/423_texto_integral.pdf", "ementa": "FAZER UM CONV\u00caNIO COM O CENTRO M\u00c9DICO DE MARECHAL FLORIANO PARA A REALIZA\u00c7\u00c3O DE RAIO-X E DISPONIBILIZAR ATENDIMENTO ORTOP\u00c9DICO NA  POLICL\u00cdNICA, VISANDO O ENGESSAMENTO DE LES\u00d5ES E TRAUMAS, QUANDO NECESS\u00c1RIO.    "}, {"id": "424", "ano": "2014", "numero": "2", "tipo__sigla": "IND", "tipo__descricao": "Indica\u00e7\u00e3o", "autoria": "Dod\u00f4 Krohling", "texto_original": "http://sapl.marechalfloriano.es.leg.br/media/./sapl/public/materialegislativa/2014/424/424_texto_integral.pdf", "ementa": "MELHORIAS EM TODAS AS ESTRADAS VICINAIS DO MUNIC\u00cdPIO DE MARECHAL FLORIANO, EM ESPECIAL AS ESTRADAS QUE S\u00c3O UTILIZADAS PARA O TRANSPORTE DE ALUNOS NO INTERIOR, TENDO EM VISTA O IN\u00cdCIO DO ANO LETIVO."}, {"id": "425", "ano": "2014", "numero": "3", "tipo__sigla": "IND", "tipo__descricao": "Indica\u00e7\u00e3o", "autoria": "Dod\u00f4 Krohling", "texto_original": "http://sapl.marechalfloriano.es.leg.br/media/./sapl/public/materialegislativa/2014/425/425_texto_integral.pdf", "ementa": "REPAROS E MELHORIAS EM TODAS AS ESCOLAS E CRECHES MUNICIPAIS. "}, {"id": "426", "ano": "2014", "numero": "4", "tipo__sigla": "IND", "tipo__descricao": "Indica\u00e7\u00e3o", "autoria": "DAVI", "texto_original": "http://sapl.marechalfloriano.es.leg.br/media/./sapl/public/materialegislativa/2014/426/426_texto_integral.pdf", "ementa": "REPAROS NO CAL\u00c7AMENTO DA AVENIDA WALDEMAR M\u00caES, LOCALIZADA EM FRENTE AO ANTIGO DPM, AS MARGENS DO RIO JUCU."}, {"id": "427", "ano": "2014", "numero": "5", "tipo__sigla": "IND", "tipo__descricao": "Indica\u00e7\u00e3o", "autoria": "DAVI", "texto_original": "http://sapl.marechalfloriano.es.leg.br/media/./sapl/public/materialegislativa/2014/427/427_texto_integral.pdf", "ementa": "PINTURA DE TODOS OS MEIO-FIOS DAS RUAS DA SEDE DE NOSSO MUNIC\u00cdPIO.\r\nPINTURA DOS POSTES DE ILUMINA\u00c7\u00c3O PUBLICA, BEM COMO A FISCALIZA\u00c7\u00c3O DAS FIA\u00c7\u00d5ES INSTALADAS SOB OS POSTES. "}, {"id": "428", "ano": "2014", "numero": "6", "tipo__sigla": "IND", "tipo__descricao": "Indica\u00e7\u00e3o", "autoria": "Coquinho", "texto_original": "http://sapl.marechalfloriano.es.leg.br/media/./sapl/public/materialegislativa/2014/428/428_texto_integral.pdf", "ementa": "CONTRATA\u00c7\u00c3O DE SERVIDORES NAS FUN\u00c7\u00d5ES DE ANALISTAS AMBIENTAL E FISCAL, PARA ATENDER A SECRETARIA MUNICIPAL DE MEIO AMBIENTE, NA DEMANDA DOS SERVI\u00c7OS DE LICENCIAMENTO AMBIENTAL DENTRO DO AMBITO MUNICIPAL."}, {"id": "429", "ano": "2014", "numero": "7", "tipo__sigla": "IND", "tipo__descricao": "Indica\u00e7\u00e3o", "autoria": "Juarez Xavier", "texto_original": "http://sapl.marechalfloriano.es.leg.br/media/./sapl/public/materialegislativa/2014/429/429_texto_integral.pdf", "ementa": "PATROLAGEM DA RUA ZULMIRA TRAV\u00c1GLIA HULLE, PARALELA \u00c1 RUA CEC\u00cdLIA PITANGA PINTO QUE TEM INICIO PR\u00d3XIMO \u00c0 RESIDENCIA DO SENHOR JAIME BOENO, PASSANDO POR DIVERSOS MORADORES. "}, {"id": "430", "ano": "2014", "numero": "8", "tipo__sigla": "IND", "tipo__descricao": "Indica\u00e7\u00e3o", "autoria": "Cezinha Ronchi", "texto_original": "http://sapl.marechalfloriano.es.leg.br/media/./sapl/public/materialegislativa/2014/430/430_texto_integral.pdf", "ementa": "MELHORIAS NAS ESTRADAS QUE D\u00c3O ACESSO A COMUNIDADE \"AUR\u00c9LIO PUPPIM\" EM MARECHAL FLORIANO, CONSTRUINDO BUEIROS, CAIXAS SECAS E SERVI\u00c7OS DE PATROLAMENTO."}, {"id": "431", "ano": "2014", "numero": "9", "tipo__sigla": "IND", "tipo__descricao": "Indica\u00e7\u00e3o", "autoria": "DAVI", "texto_original": "http://sapl.marechalfloriano.es.leg.br/media/./sapl/public/materialegislativa/2014/431/431_texto_integral.pdf", "ementa": "RO\u00c7AGEM DAS MARGENS DA ESTRADA QUE LIGA SO\u00cdDO DE BAIXO, SENTIDO RAPADURA. "}, {"id": "432", "ano": "2014", "numero": "10", "tipo__sigla": "IND", "tipo__descricao": "Indica\u00e7\u00e3o", "autoria": "Cabral", "texto_original": "http://sapl.marechalfloriano.es.leg.br/media/./sapl/public/materialegislativa/2014/432/432_texto_integral.pdf", "ementa": "INSTALA\u00c7\u00c3O DE QUEBRA-MOLAS E NIVELAMENTO ACIMA DO RIO, DA AVENIDA WALDEMAR M\u00caES, BEM COMO, REPAROS AO LONGO DE TODA A CAL\u00c7ADA. "}, {"id": "433", "ano": "2014", "numero": "11", "tipo__sigla": "IND", "tipo__descricao": "Indica\u00e7\u00e3o", "autoria": "Juarez Xavier", "texto_original": "http://sapl.marechalfloriano.es.leg.br/media/./sapl/public/materialegislativa/2014/433/433_texto_integral.pdf", "ementa": "REPAROS AO LONGO DE TODA A CAL\u00c7ADA DA AVENIDA WALDEMAR M\u00caES."}, {"id": "434", "ano": "2014", "numero": "12", "tipo__sigla": "IND", "tipo__descricao": "Indica\u00e7\u00e3o", "autoria": "Cabral", "texto_original": "http://sapl.marechalfloriano.es.leg.br/media/", "ementa": "CONTRATA\u00c7\u00c3O OU DISPONIBILIZA\u00c7\u00c3O DE UM NUTRICIONISTA DO QUADRO DE FUNCION\u00c1RIOS DA PREFEITURA MUNICIPAL, PARA ATUAR JUNTO A VIGIL\u00c2NCIA SANIT\u00c1RIA. "}, {"id": "435", "ano": "2014", "numero": "13", "tipo__sigla": "IND", "tipo__descricao": "Indica\u00e7\u00e3o", "autoria": "Cabral, Cezinha Ronchi", "texto_original": "http://sapl.marechalfloriano.es.leg.br/media/./sapl/public/materialegislativa/2014/435/435_texto_integral.pdf", "ementa": "PAVIMENTA\u00c7\u00c3O E ILUMINA\u00c7\u00c3O P\u00daBLICA DA RUA EDUARDO HOFFMAN, LOCALIZADA NO BAIRRO SANTA RITA, BEM COMO, DAS RUAS NILSON STEIN E ZULMIRA TRAV\u00c1GLIA HULLE, LOCALIZADA NA SEDE DO MUNIC\u00cdPIO."}, {"id": "436", "ano": "2014", "numero": "14", "tipo__sigla": "IND", "tipo__descricao": "Indica\u00e7\u00e3o", "autoria": "Cabral", "texto_original": "http://sapl.marechalfloriano.es.leg.br/media/./sapl/public/materialegislativa/2014/436/436_texto_integral.pdf", "ementa": "ILUMINA\u00c7\u00c3O PUBLICA DO BAIRRO NOSSA SENHORA DA PENHA, LOCALIZADA AP\u00d3S A \u00c1REA DE LAZER DO SENHOR JO\u00c3O STEIN."}, {"id": "437", "ano": "2014", "numero": "15", "tipo__sigla": "IND", "tipo__descricao": "Indica\u00e7\u00e3o", "autoria": "D\u00f3rio Braun (Suplente)", "texto_original": "http://sapl.marechalfloriano.es.leg.br/media/./sapl/public/materialegislativa/2014/437/437_texto_integral.pdf", "ementa": "CONSTRU\u00c7\u00c3O DE UM CAL\u00c7AD\u00c3O NO DISTRITO DE ARAGUAIA PARA CAMINHADAS."}, {"id": "438", "ano": "2014", "numero": "16", "tipo__sigla": "IND", "tipo__descricao": "Indica\u00e7\u00e3o", "autoria": "Dod\u00f4 Krohling", "texto_original": "http://sapl.marechalfloriano.es.leg.br/media/./sapl/public/materialegislativa/2014/438/438_texto_integral.pdf", "ementa": "REPAROS NA PAVIMENTA\u00c7\u00c3O ASF\u00c1LTICA NO PERCURSO QUE LIGA A RODOVIA FRANCISCO STOCKL \u00c0 COMUNIDADE DE MIGUEL SOUSA, BEM COMO, CONSTRU\u00c7\u00c3O DE 02 (DOIS) BUEIROS E AMPLIA\u00c7\u00c3O DE UM BUEIRO EM FRENTE AO BAR DO ZEZ\u00c3O."}, {"id": "439", "ano": "2014", "numero": "17", "tipo__sigla": "IND", "tipo__descricao": "Indica\u00e7\u00e3o", "autoria": "Coquinho", "texto_original": "http://sapl.marechalfloriano.es.leg.br/media/./sapl/public/materialegislativa/2014/439/439_texto_integral.pdf", "ementa": "INDICA LIMPEZA E RO\u00c7AGEM DA ESTRADA BENEDICTO MARQUES.\r\nPATROLAMENTO E CASCALHAMENTO AT\u00c9 O CLUBE DO SENHOR ESPERIDI\u00c3O BRITO, LOCALIZADO EM COSTA PEREIRA."}, {"id": "440", "ano": "2014", "numero": "18", "tipo__sigla": "IND", "tipo__descricao": "Indica\u00e7\u00e3o", "autoria": "DAVI", "texto_original": "http://sapl.marechalfloriano.es.leg.br/media/./sapl/public/materialegislativa/2014/440/440_texto_integral.pdf", "ementa": "INSTALA\u00c7\u00c3O DE UM QUEBRA MOLA PR\u00d3XIMO \u00c0 PEDREIRA DO SENHOR CLEMENTE LOCALIZADA NA RODOVIA JO\u00c3O BATISTA KLEIN, EM SO\u00cdDO DE BAIXO."}, {"id": "441", "ano": "2014", "numero": "19", "tipo__sigla": "IND", "tipo__descricao": "Indica\u00e7\u00e3o", "autoria": "Coquinho", "texto_original": "http://sapl.marechalfloriano.es.leg.br/media/./sapl/public/materialegislativa/2014/441/441_texto_integral.pdf", "ementa": "PATROLAMENTO E CASCALHAMENTO NA REGI\u00c3O VICTOR HUGO, PASSANDO PELAS PROPRIEDADES DOS SENHORES SERGIO COSTA, ANTONIO CARLOS E   DORGAL. "}, {"id": "442", "ano": "2014", "numero": "20", "tipo__sigla": "IND", "tipo__descricao": "Indica\u00e7\u00e3o", "autoria": "Coquinho", "texto_original": "http://sapl.marechalfloriano.es.leg.br/media/./sapl/public/materialegislativa/2014/442/442_texto_integral.pdf", "ementa": "INDICA CONSTRU\u00c7\u00c3O DE DOIS QUEBRA MOLAS EM FRENTE A SA\u00cdDA DA ESCOLA MAURO JOS\u00c9 CHRISTO."}, {"id": "443", "ano": "2014", "numero": "21", "tipo__sigla": "IND", "tipo__descricao": "Indica\u00e7\u00e3o", "autoria": "Cabral", "texto_original": "http://sapl.marechalfloriano.es.leg.br/media/./sapl/public/materialegislativa/2014/443/443_texto_integral.pdf", "ementa": "REALIZA\u00c7\u00c3O DOS SERVI\u00c7OS TAPA BURACO EM TODAS AS RUAS E ESTRADAS DA SEDE DO MUNIC\u00cdPIO E INTERIOR DO MUNIC\u00cdPIO DE MARECHAL FLORIANO. "}, {"id": "444", "ano": "2014", "numero": "22", "tipo__sigla": "IND", "tipo__descricao": "Indica\u00e7\u00e3o", "autoria": "Cabral", "texto_original": "http://sapl.marechalfloriano.es.leg.br/media/./sapl/public/materialegislativa/2014/444/444_texto_integral.pdf", "ementa": "REFORMA E AMPLIA\u00c7\u00c3O DA CRECHE LEONOR MIGUEL FEU ROSA, LOCALIZADA NO BAIRRO SANTA RITA. "}, {"id": "445", "ano": "2014", "numero": "23", "tipo__sigla": "IND", "tipo__descricao": "Indica\u00e7\u00e3o", "autoria": "Juarez Xavier", "texto_original": "http://sapl.marechalfloriano.es.leg.br/media/./sapl/public/materialegislativa/2014/445/445_texto_integral.pdf", "ementa": "ILUMINA\u00c7\u00c3O P\u00daBLICA PARA A COMUNIDADE DE RIO FUNDO. "}, {"id": "446", "ano": "2014", "numero": "24", "tipo__sigla": "IND", "tipo__descricao": "Indica\u00e7\u00e3o", "autoria": "Coquinho", "texto_original": "http://sapl.marechalfloriano.es.leg.br/media/./sapl/public/materialegislativa/2014/446/446_texto_integral.pdf", "ementa": "REALIZA\u00c7\u00c3O DE SERVI\u00c7O DE LEVANTAMENTO DA RUA GERMANO GERHARDT, BEM COMO, POSTERIORMENTE A PAVIMENTA\u00c7\u00c3O E INSTALA\u00c7\u00c3O DE TAMPA DE BUEIRO. "}, {"id": "447", "ano": "2014", "numero": "25", "tipo__sigla": "IND", "tipo__descricao": "Indica\u00e7\u00e3o", "autoria": "Alcino Diniz", "texto_original": "http://sapl.marechalfloriano.es.leg.br/media/./sapl/public/materialegislativa/2014/447/447_texto_integral.pdf", "ementa": "PATROLAMENTO, CASCALHAMENTO E RO\u00c7AGEM PARA SO\u00cdDO DE BAIXO."}, {"id": "448", "ano": "2014", "numero": "26", "tipo__sigla": "IND", "tipo__descricao": "Indica\u00e7\u00e3o", "autoria": "D\u00f3rio Braun (Suplente)", "texto_original": "http://sapl.marechalfloriano.es.leg.br/media/./sapl/public/materialegislativa/2014/448/448_texto_integral.pdf", "ementa": "INDICA AO PODER EXECUTIVO MUNICIPAL, A INTERVEN\u00c7\u00c3O JUNTO A EMPRESA DE TRANSPORTES COLETIVOS CORDIAL, PARA QUE ITINER\u00c1RIO DE MARECHAL FLORIANO \u00c0 DOMINGOS MARTINS SEJA REALIZADO PELA AVENIDA ARTHUR HAESE.  "}, {"id": "449", "ano": "2014", "numero": "27", "tipo__sigla": "IND", "tipo__descricao": "Indica\u00e7\u00e3o", "autoria": "D\u00f3rio Braun (Suplente)", "texto_original": "http://sapl.marechalfloriano.es.leg.br/media/./sapl/public/materialegislativa/2014/449/449_texto_integral.pdf", "ementa": "INDICA A REALIZA\u00c7\u00c3O DOS SERVI\u00c7OS DE TAPA BURACOS NO DISTRITO DE SANTA MARIA."}, {"id": "450", "ano": "2014", "numero": "28", "tipo__sigla": "IND", "tipo__descricao": "Indica\u00e7\u00e3o", "autoria": "Coquinho", "texto_original": "http://sapl.marechalfloriano.es.leg.br/media/./sapl/public/materialegislativa/2014/450/450_texto_integral.pdf", "ementa": "DISPONIBILIZAR UNIFORMES, BON\u00c9S, BOTAS, LUVAS, \u00d3CULOS DE PROTE\u00c7\u00c3O E OUTROS EQUIPAMENTOS NECESS\u00c1RIOS, PARA GARANTIR A SEGURAN\u00c7A DOS SERVIDORES LOTADOS NA SECRETARIA DE OBRAS.   "}, {"id": "451", "ano": "2014", "numero": "29", "tipo__sigla": "IND", "tipo__descricao": "Indica\u00e7\u00e3o", "autoria": "Coquinho", "texto_original": "http://sapl.marechalfloriano.es.leg.br/media/./sapl/public/materialegislativa/2014/451/451_texto_integral.pdf", "ementa": "REPAROS NA ESTRUTURA MET\u00c1LICA DA PASSARELA QUE INTERLIGA A RUA DELIMAR SCHUNCK COM A RUA MATHILDE AD\u00c9LIA ENTRINGER STUM. \r\nRO\u00c7AGEM, CASCALHAMENTO E LIMPEZA NA ESTRADA DE RIO FUNDO. "}, {"id": "452", "ano": "2014", "numero": "30", "tipo__sigla": "IND", "tipo__descricao": "Indica\u00e7\u00e3o", "autoria": "Cabral", "texto_original": "http://sapl.marechalfloriano.es.leg.br/media/./sapl/public/materialegislativa/2014/452/452_texto_integral.pdf", "ementa": "REQUER PROVID\u00caNCIAS QUANTO A INSTALA\u00c7\u00c3O DE CALHAS E MANILHAS PARA A CAPITA\u00c7\u00c3O DAS \u00c1GUAS DA CHUVA, NO LOCAL CONHECIDO COMO MORRO DO FRANCISCO PENHA. "}, {"id": "453", "ano": "2014", "numero": "31", "tipo__sigla": "IND", "tipo__descricao": "Indica\u00e7\u00e3o", "autoria": "Cabral", "texto_original": "http://sapl.marechalfloriano.es.leg.br/media/", "ementa": "INSTALA\u00c7\u00c3O DE ILUMINA\u00c7\u00c3O PUBLICA EM TODO O PERCURSO DA RUA JOSE DENADAI  E REABERTURA DA RUA FLORISBELA UHL VENTE, NESTE MESMO BAIRRO.   "}, {"id": "454", "ano": "2014", "numero": "32", "tipo__sigla": "IND", "tipo__descricao": "Indica\u00e7\u00e3o", "autoria": "D\u00f3rio Braun (Suplente)", "texto_original": "http://sapl.marechalfloriano.es.leg.br/media/./sapl/public/materialegislativa/2014/454/454_texto_integral.pdf", "ementa": "REQUER CUMPRIMENTO DA LEI MUNICIPAL N\u00ba 1.016, DE 02 DE MAR\u00c7O DE 2011, QUE DISP\u00d5E SOBRE A COMPET\u00caNCIA DO PODER  EXECUTIVO MUNICIPAL EMITIR A CARTEIRA DO ESTUDANTE PARA OS ALUNOS DE MARECHAL FLORIANO."}, {"id": "455", "ano": "2014", "numero": "33", "tipo__sigla": "IND", "tipo__descricao": "Indica\u00e7\u00e3o", "autoria": "DAVI", "texto_original": "http://sapl.marechalfloriano.es.leg.br/media/./sapl/public/materialegislativa/2014/455/455_texto_integral.pdf", "ementa": "LIMPEZA E RO\u00c7AGEM DO C\u00d3RREGO BATATAL E DO  C\u00d3RREGO DA GLOBOAVES. "}, {"id": "456", "ano": "2014", "numero": "34", "tipo__sigla": "IND", "tipo__descricao": "Indica\u00e7\u00e3o", "autoria": "Cabral", "texto_original": "http://sapl.marechalfloriano.es.leg.br/media/./sapl/public/materialegislativa/2014/456/456_texto_integral.pdf", "ementa": "AMPLIA\u00c7\u00c3O DA PONTE QUE LIGA A COMUNIDADE DE ALTO NOVA ALMEIDA, BEM COMO A INSTALA\u00c7\u00c3O DE UM CORRIM\u00c3O PARA GARANTIR  MAIS SEGURAN\u00c7A A TODOS. "}, {"id": "457", "ano": "2014", "numero": "35", "tipo__sigla": "IND", "tipo__descricao": "Indica\u00e7\u00e3o", "autoria": "D\u00f3rio Braun (Suplente)", "texto_original": "http://sapl.marechalfloriano.es.leg.br/media/./sapl/public/materialegislativa/2014/457/457_texto_integral.pdf", "ementa": "INDICA QUE A SECRETARIA MUNICIPAL DE EDUCA\u00c7\u00c3O E ESPORTE, JUNTAMENTE COM A SECRETARIA MUNICIPAL DE MEIO AMBIENTE APLIQUE NAS ESCOLAS MUNICIPAIS E PARTICULARES NO\u00c7\u00d5ES RELACIONADAS A IMPORT\u00c2NCIA DA PRESERVA\u00c7\u00c3O DO MEIO AMBIENTE PARA O MUNIC\u00cdPIO DE MARECHAL FLORIANO.\r\n "}, {"id": "458", "ano": "2014", "numero": "36", "tipo__sigla": "IND", "tipo__descricao": "Indica\u00e7\u00e3o", "autoria": "Cabral", "texto_original": "http://sapl.marechalfloriano.es.leg.br/media/./sapl/public/materialegislativa/2014/458/458_texto_integral.pdf", "ementa": "MANILHAMENTO PARA A RUA ALVINO WASSEM, REFAZENDO O PERCURSO ENTRE A RESID\u00caNCIA DO SENHOR MIZINHO. "}, {"id": "459", "ano": "2014", "numero": "37", "tipo__sigla": "IND", "tipo__descricao": "Indica\u00e7\u00e3o", "autoria": "Dod\u00f4 Krohling", "texto_original": "http://sapl.marechalfloriano.es.leg.br/media/./sapl/public/materialegislativa/2014/459/459_texto_integral.pdf", "ementa": "RECAPEAMENTO DA SUBIDA DE ACESSO A IGREJA DE AUXILIADORA EM SO\u00cdDO DE BAIXO, BEM COMO A INSTALA\u00c7\u00c3O DE POSTES DE ILUMINA\u00c7\u00c3O P\u00daBLICA. "}, {"id": "460", "ano": "2014", "numero": "38", "tipo__sigla": "IND", "tipo__descricao": "Indica\u00e7\u00e3o", "autoria": "Coquinho", "texto_original": "http://sapl.marechalfloriano.es.leg.br/media/", "ementa": "INSTALA\u00c7\u00c3O DE CORRIM\u00c3O NA ESCADARIA P\u00daBLICA LOCALIZADA PR\u00d3XIMO A PADARIA MARECHAL FLORIANO, EM ANEXO  A LINHA F\u00c9RREA.  "}, {"id": "461", "ano": "2014", "numero": "39", "tipo__sigla": "IND", "tipo__descricao": "Indica\u00e7\u00e3o", "autoria": "Alcino Diniz", "texto_original": "http://sapl.marechalfloriano.es.leg.br/media/./sapl/public/materialegislativa/2014/461/461_texto_integral.pdf", "ementa": "QUE O PODER EXECUTIVO MUNICIPAL PROCEDA COM T\u00c9RMINO DOS SERVI\u00c7OS DE LIMPEZA E RECUPERA\u00c7\u00c3O DAS ESTRADAS DE SO\u00cdDO DE BAIXO, PREJUDICADAS PELA CHUVA."}, {"id": "462", "ano": "2014", "numero": "40", "tipo__sigla": "IND", "tipo__descricao": "Indica\u00e7\u00e3o", "autoria": "Coquinho", "texto_original": "http://sapl.marechalfloriano.es.leg.br/media/./sapl/public/materialegislativa/2014/462/462_texto_integral.pdf", "ementa": "INDICA A INSTALA\u00c7\u00c3O DE QUEBRA MOLAS EM LOCAL ESTRAT\u00c9GICO EM FRENTE AO SUPERMERCADO DORINHO. "}, {"id": "463", "ano": "2014", "numero": "41", "tipo__sigla": "IND", "tipo__descricao": "Indica\u00e7\u00e3o", "autoria": "Cabral", "texto_original": "http://sapl.marechalfloriano.es.leg.br/media/", "ementa": "INDICA A INSTALA\u00c7\u00c3O DE ILUMINA\u00c7\u00c3O PUBLICA EM COSTA PEREIRA, PR\u00d3XIMO AS DEPEND\u00caNCIAS DO COMERCIO DO SENHOR DAD\u00c1 VARGAS. "}, {"id": "464", "ano": "2014", "numero": "42", "tipo__sigla": "IND", "tipo__descricao": "Indica\u00e7\u00e3o", "autoria": "Renato Werneck", "texto_original": "http://sapl.marechalfloriano.es.leg.br/media/./sapl/public/materialegislativa/2014/464/464_texto_integral.pdf", "ementa": "INDICA PAVIMENTA\u00c7\u00c3O ASF\u00c1LTICA PARA TODAS AS RUAS DO BAIRRO SANTA RITA."}, {"id": "465", "ano": "2014", "numero": "43", "tipo__sigla": "IND", "tipo__descricao": "Indica\u00e7\u00e3o", "autoria": "DAVI", "texto_original": "http://sapl.marechalfloriano.es.leg.br/media/./sapl/public/materialegislativa/2014/465/465_texto_integral.pdf", "ementa": "INSTALA\u00c7\u00c3O DE PLACAS INDICANDO OS PONTOS TUR\u00cdSTICOS DE NOSSA CIDADE,  PLACAS INDICANDO O NOME E A LOCALIZA\u00c7\u00c3O DAS POUSADAS, E DEMAIS OUTRAS PLACAS DANDO VISIBILIDADES AOS DIVERSOS SEGMENTOS TUR\u00cdSTICOS E CULTURAIS DE NOSSO MUNIC\u00cdPIO. "}, {"id": "466", "ano": "2014", "numero": "44", "tipo__sigla": "IND", "tipo__descricao": "Indica\u00e7\u00e3o", "autoria": "Coquinho", "texto_original": "http://sapl.marechalfloriano.es.leg.br/media/./sapl/public/materialegislativa/2014/466/466_texto_integral.pdf", "ementa": "CONSIDERANDO QUE NO DIA 8 DE JUNHO, ACONTECER\u00c1 UMA FESTIVIDADE NO DISTRITO DE VICTOR HUGO, PORTANTO FAZ-SE NECESS\u00c1RIO QUE ALGUMAS MELHORIAS SEJAM EXECUTADAS, COMO INSTALA\u00c7\u00c3O DE APROXIMADAMENTE 4 TAMPAS DE BUEIROS, PINTURA DOS MEIOS FIOS E LIMPEZA E RO\u00c7AGEM DO GRAMADO NO TREVO NA BR 262 PR\u00d3XIMO A IGREJA CAT\u00d3LICA.   "}, {"id": "467", "ano": "2014", "numero": "45", "tipo__sigla": "IND", "tipo__descricao": "Indica\u00e7\u00e3o", "autoria": "Dod\u00f4 Krohling", "texto_original": "http://sapl.marechalfloriano.es.leg.br/media/./sapl/public/materialegislativa/2014/467/467_texto_integral.pdf", "ementa": "INSTALA\u00c7\u00c3O DE ILUMINA\u00c7\u00c3O P\u00daBLICA PARA A COMUNIDADE DE RIO FUNDO.\r\nINSTALA\u00c7\u00c3O DE TR\u00caS QUEBRA MOLAS NA COMUNIDADE DE MIGUEL SOUSA."}, {"id": "468", "ano": "2014", "numero": "46", "tipo__sigla": "IND", "tipo__descricao": "Indica\u00e7\u00e3o", "autoria": "Coquinho", "texto_original": "http://sapl.marechalfloriano.es.leg.br/media/./sapl/public/materialegislativa/2014/468/468_texto_integral.pdf", "ementa": "REALIZA\u00c7\u00c3O DE SERVI\u00c7OS PARA CAPTA\u00c7\u00c3O DAS \u00c1GUAS PLUVIAIS, ATRAV\u00c9S DA INSTALA\u00c7\u00c3O DE CALHAS E CONSTRU\u00c7\u00c3O DE BUEIROS NA JOSEP DENADAI."}, {"id": "469", "ano": "2014", "numero": "47", "tipo__sigla": "IND", "tipo__descricao": "Indica\u00e7\u00e3o", "autoria": "Coquinho", "texto_original": "http://sapl.marechalfloriano.es.leg.br/media/./sapl/public/materialegislativa/2014/469/469_texto_integral.pdf", "ementa": "MANUTEN\u00c7\u00c3O DA LIMPEZA DOS BUEIROS DA RUA ALVINO WASSEM, BEM COMO, A MANUTEN\u00c7\u00c3O DA LIMPEZA DA MESMA, REPAROS DOS BURACOS E MELHORIA NA ILUMINA\u00c7\u00c3O."}, {"id": "470", "ano": "2014", "numero": "48", "tipo__sigla": "IND", "tipo__descricao": "Indica\u00e7\u00e3o", "autoria": "Cabral", "texto_original": "http://sapl.marechalfloriano.es.leg.br/media/./sapl/public/materialegislativa/2014/470/470_texto_integral.pdf", "ementa": "INSTALA\u00c7\u00c3O DE UM QUEBRA MOLA EM FRENTE AO COM\u00c9RCIO/BAR DA TEREZA, ANEXO AO CAMPO DO APOLLO XIII."}, {"id": "471", "ano": "2014", "numero": "49", "tipo__sigla": "IND", "tipo__descricao": "Indica\u00e7\u00e3o", "autoria": "Cabral", "texto_original": "http://sapl.marechalfloriano.es.leg.br/media/./sapl/public/materialegislativa/2014/471/471_texto_integral.pdf", "ementa": "AMPLIA\u00c7\u00c3O DE ILUMINA\u00c7\u00c3O P\u00daBLICA ABRANGENDO O PERCURSO ENTRE A ESCOLA ELISI\u00c1RIO FERREIRA FILHO, NO FINAL DA RUA THIERES VELOSO."}, {"id": "472", "ano": "2014", "numero": "50", "tipo__sigla": "IND", "tipo__descricao": "Indica\u00e7\u00e3o", "autoria": "D\u00f3rio Braun (Suplente)", "texto_original": "http://sapl.marechalfloriano.es.leg.br/media/./sapl/public/materialegislativa/2014/472/472_texto_integral.pdf", "ementa": "INSTALA\u00c7\u00c3O DE UM CENTRO DE CONVIV\u00caNCIA VISANDO OFERECER MAIS ATIVIDADES PARA OS IDOSOS."}, {"id": "473", "ano": "2014", "numero": "51", "tipo__sigla": "IND", "tipo__descricao": "Indica\u00e7\u00e3o", "autoria": "D\u00f3rio Braun (Suplente)", "texto_original": "http://sapl.marechalfloriano.es.leg.br/media/./sapl/public/materialegislativa/2014/473/473_texto_integral.pdf", "ementa": "PATROLAMENTO E CASCALHAMENTO NO PERCURSO ENTRE A COMUNIDADE DE RIO FUNDO E COMUNIDADE SANTO ANTONIO EM ARAGUAIA."}, {"id": "474", "ano": "2014", "numero": "52", "tipo__sigla": "IND", "tipo__descricao": "Indica\u00e7\u00e3o", "autoria": "DAVI", "texto_original": "http://sapl.marechalfloriano.es.leg.br/media/./sapl/public/materialegislativa/2014/474/474_texto_integral.pdf", "ementa": "REQUER QUE O PODER EXECUTIVO E PODER LEGISLATIVO ADOTEM COMO MEDIDAS DE PRESERVA\u00c7\u00c3O DO MEIO AMBIENTE, A SUBSTITUI\u00c7\u00c3O DO PAPEL CONVENCIONAL DE EXPEDIENTE DE USO DI\u00c1RIO, POR PAPEL RECICLADO."}, {"id": "475", "ano": "2014", "numero": "53", "tipo__sigla": "IND", "tipo__descricao": "Indica\u00e7\u00e3o", "autoria": "DAVI", "texto_original": "http://sapl.marechalfloriano.es.leg.br/media/./sapl/public/materialegislativa/2014/475/475_texto_integral.pdf", "ementa": "QUE O PODER EXECUTIVO MUNICIPAL ATRAV\u00c9S DA SECRETARIA MUNICIPAL DE ASSIST\u00caNCIA SOCIAL E DIREITOS HUMANOS PROVIDENCIE A VISITA CONSTANTE DE UM ASSISTENTE SOCIAL NAS ESCOLAS MUNICIPAIS PARA ATENDIMENTO ACOMPANHAMENTO DOS ESTUDANTES E DAS FAM\u00cdLIAS. "}, {"id": "476", "ano": "2014", "numero": "54", "tipo__sigla": "IND", "tipo__descricao": "Indica\u00e7\u00e3o", "autoria": "D\u00f3rio Braun (Suplente)", "texto_original": "http://sapl.marechalfloriano.es.leg.br/media/./sapl/public/materialegislativa/2014/476/476_texto_integral.pdf", "ementa": "ILUMINA\u00c7\u00c3O EM TODO O TREVO DO POSTO DO CAF\u00c9 AT\u00c9 O COM\u00c9RCIO DO SENHOR GEN\u00c9SIO STEIN. "}, {"id": "477", "ano": "2014", "numero": "55", "tipo__sigla": "IND", "tipo__descricao": "Indica\u00e7\u00e3o", "autoria": "Coquinho", "texto_original": "http://sapl.marechalfloriano.es.leg.br/media/./sapl/public/materialegislativa/2014/477/477_texto_integral.pdf", "ementa": "INSTALA\u00c7\u00c3O DE POSTES E ILUMINA\u00c7\u00c3O P\u00daBLICA VISANDO ATENDER AS NECESSIDADES DOS MORADORES DA COMUNIDADE VALE DA MONTANHA, ANEXO A BR 262."}, {"id": "478", "ano": "2014", "numero": "56", "tipo__sigla": "IND", "tipo__descricao": "Indica\u00e7\u00e3o", "autoria": "Coquinho", "texto_original": "http://sapl.marechalfloriano.es.leg.br/media/./sapl/public/materialegislativa/2014/478/478_texto_integral.pdf", "ementa": "PAVIMENTA\u00c7\u00c3O E MELHORIAS NAS INSTALA\u00c7\u00d5ES DE SANEAMENTO B\u00c1SICO, CONSTRU\u00c7\u00c3O DE BUEIROS E ILUMINA\u00c7\u00c3O P\u00daBLICA PARA A RUA ALCEMIR KIEFER."}, {"id": "479", "ano": "2014", "numero": "57", "tipo__sigla": "IND", "tipo__descricao": "Indica\u00e7\u00e3o", "autoria": "Cabral", "texto_original": "http://sapl.marechalfloriano.es.leg.br/media/./sapl/public/materialegislativa/2014/479/479_texto_integral.pdf", "ementa": "REABERTURA DA ESTRADA PRINCIPAL QUE OFERECE ACESSO A COMUNIDADE DE VILA SCHUNCK."}, {"id": "480", "ano": "2014", "numero": "58", "tipo__sigla": "IND", "tipo__descricao": "Indica\u00e7\u00e3o", "autoria": "Coquinho", "texto_original": "http://sapl.marechalfloriano.es.leg.br/media/./sapl/public/materialegislativa/2014/480/480_texto_integral.pdf", "ementa": "SERVI\u00c7O DE PINTURA DOS POSTES, BEM COMO, PINTURA E REPAROS DOS MEIO-FIOS, LOCALIZADOS NA SEDE DO MUNIC\u00cdPIO. "}, {"id": "481", "ano": "2014", "numero": "59", "tipo__sigla": "IND", "tipo__descricao": "Indica\u00e7\u00e3o", "autoria": "Alcino Diniz", "texto_original": "http://sapl.marechalfloriano.es.leg.br/media/./sapl/public/materialegislativa/2014/481/481_texto_integral.rar", "ementa": "DISPONIBILIZA\u00c7\u00c3O DE MAIS M\u00c9DICOS PARA ATENDIMENTO A POPULA\u00c7\u00c3O NA POLICL\u00cdNICA ARY RIBEIRO DA SILVA. "}, {"id": "482", "ano": "2014", "numero": "60", "tipo__sigla": "IND", "tipo__descricao": "Indica\u00e7\u00e3o", "autoria": "Dod\u00f4 Krohling", "texto_original": "http://sapl.marechalfloriano.es.leg.br/media/./sapl/public/materialegislativa/2014/482/482_texto_integral.pdf", "ementa": "CAL\u00c7AMENTO E INSTALA\u00c7\u00c3O DE APROXIMADAMENTE 03 POSTES DE ILUMINA\u00c7\u00c3O P\u00daBLICA PARA UMA RUA LOCALIZADA PR\u00d3XIMO AS ESCOLA BETINHO SIMON."}, {"id": "483", "ano": "2014", "numero": "61", "tipo__sigla": "IND", "tipo__descricao": "Indica\u00e7\u00e3o", "autoria": "DAVI", "texto_original": "http://sapl.marechalfloriano.es.leg.br/media/./sapl/public/materialegislativa/2014/483/483_texto_integral.pdf", "ementa": "DISPONIBILIZA\u00c7\u00c3O DE MAIS LIXEIRAS E LAT\u00d5ES DE LIXO A SEREM DISTRIBU\u00cdDOS NA SEDE E INTERIOR DO NOSSO MUNIC\u00cdPIO. "}, {"id": "484", "ano": "2014", "numero": "62", "tipo__sigla": "IND", "tipo__descricao": "Indica\u00e7\u00e3o", "autoria": "DAVI", "texto_original": "http://sapl.marechalfloriano.es.leg.br/media/./sapl/public/materialegislativa/2014/484/484_texto_integral.pdf", "ementa": "DEMARCA\u00c7\u00c3O DOS QUEBRA MOLAS, PINTURA DAS FAIXAS DE PEDESTRES DO MUNIC\u00cdPIO, BEM COMO A RECUPERA\u00c7\u00c3O DE ALGUMAS TAMPAS DE BUEIROS DA SEDE."}, {"id": "485", "ano": "2014", "numero": "63", "tipo__sigla": "IND", "tipo__descricao": "Indica\u00e7\u00e3o", "autoria": "D\u00f3rio Braun (Suplente)", "texto_original": "http://sapl.marechalfloriano.es.leg.br/media/./sapl/public/materialegislativa/2014/485/485_texto_integral.pdf", "ementa": "INDICA A REABERTURA DO C\u00d3RREGO NO PERCURSO ENTRE A CAFEEIRA STOCKL E O DISTRITO DE ARAGUAIA."}, {"id": "486", "ano": "2014", "numero": "64", "tipo__sigla": "IND", "tipo__descricao": "Indica\u00e7\u00e3o", "autoria": "Coquinho", "texto_original": "http://sapl.marechalfloriano.es.leg.br/media/./sapl/public/materialegislativa/2014/486/486_texto_integral.pdf", "ementa": "LIMPEZA DE UMA VALA QUE FAZ A CAPTA\u00c7\u00c3O DAS \u00c1GUAS DAS CHUVAS NO MORRO DA MACEFEL, INICIANDO PR\u00d3XIMO AO EDIF\u00cdCIO DO SENHOR LINTZ MONTEIRO."}, {"id": "487", "ano": "2014", "numero": "65", "tipo__sigla": "IND", "tipo__descricao": "Indica\u00e7\u00e3o", "autoria": "Alcino Diniz", "texto_original": "http://sapl.marechalfloriano.es.leg.br/media/./sapl/public/materialegislativa/2014/487/487_texto_integral.pdf", "ementa": "RO\u00c7AGEM DA VEGETA\u00c7\u00c3O QUE VEM SE EXPANDINDO NO GRAMADO/BARRANCO LOCALIZADO NA RUA GUSTAVO HERTEL, COME\u00c7ANDO NO IN\u00cdCIO DO CAL\u00c7AD\u00c3O E T\u00c9RMINO NO BAIRRO SANTA RITA. "}, {"id": "488", "ano": "2014", "numero": "66", "tipo__sigla": "IND", "tipo__descricao": "Indica\u00e7\u00e3o", "autoria": "Alcino Diniz", "texto_original": "http://sapl.marechalfloriano.es.leg.br/media/./sapl/public/materialegislativa/2014/488/488_texto_integral.pdf", "ementa": "SOLICITO A INTERVEN\u00c7\u00c3O DO PREFEITO MUNICIPAL NO SENTIDO DE PROVIDENCIAR O PATROLAMENTO E CASCALHAMENTO DE TODAS AS ESTRADAS DA COMUNIDADE DE SO\u00cdDO DE BAIXO. "}, {"id": "489", "ano": "2014", "numero": "67", "tipo__sigla": "IND", "tipo__descricao": "Indica\u00e7\u00e3o", "autoria": "Renato Werneck", "texto_original": "http://sapl.marechalfloriano.es.leg.br/media/./sapl/public/materialegislativa/2014/489/489_texto_integral.pdf", "ementa": "INDICO QUE O MUNIC\u00cdPIO DE MARECHAL FLORIANO PROVIDENCIE A INSTITUI\u00c7\u00c3O DO PROGRAMA SA\u00daDE NA ESCOLA - PSE."}, {"id": "490", "ano": "2014", "numero": "68", "tipo__sigla": "IND", "tipo__descricao": "Indica\u00e7\u00e3o", "autoria": "DAVI", "texto_original": "http://sapl.marechalfloriano.es.leg.br/media/./sapl/public/materialegislativa/2014/490/490_texto_integral.pdf", "ementa": "INDICO AO SENHOR PREFEITO MUNICIPAL A NECESSIDADE DE PROVIDENCIAR A CONSTRU\u00c7\u00c3O DE MAIS PONTO DE \u00d4NIBUS NO INTERIOR DO NOSSO MUNIC\u00cdPIO.   "}, {"id": "491", "ano": "2014", "numero": "69", "tipo__sigla": "IND", "tipo__descricao": "Indica\u00e7\u00e3o", "autoria": "D\u00f3rio Braun (Suplente)", "texto_original": "http://sapl.marechalfloriano.es.leg.br/media/./sapl/public/materialegislativa/2014/491/491_texto_integral.pdf", "ementa": "INDICO AO PREFEITO MUNICIPAL A NECESSIDADE URGENTE DE CONSTRU\u00c7\u00c3O DE UMA CAPELA MORTU\u00c1RIA NO DISTRITO DE ARAGUAIA BEM COMO A REALIZA\u00c7\u00c3O DE DIVERSAS MELHORIAS NAS ESTRUTURAS DO CEMIT\u00c9RIO. "}, {"id": "492", "ano": "2014", "numero": "70", "tipo__sigla": "IND", "tipo__descricao": "Indica\u00e7\u00e3o", "autoria": "Cabral", "texto_original": "http://sapl.marechalfloriano.es.leg.br/media/./sapl/public/materialegislativa/2014/492/492_texto_integral.pdf", "ementa": "INDICA: CONSTRU\u00c7\u00c3O DE BANHEIROS P\u00daBLICOS NAS INTERMEDIA\u00c7\u00d5ES DA UNIDADE DE SA\u00daDE DO BAIRRO SANTA RITA."}, {"id": "493", "ano": "2014", "numero": "71", "tipo__sigla": "IND", "tipo__descricao": "Indica\u00e7\u00e3o", "autoria": "Cabral", "texto_original": "http://sapl.marechalfloriano.es.leg.br/media/./sapl/public/materialegislativa/2014/493/493_texto_integral.pdf", "ementa": "INDICA QUE O PREFEITO MUNICIPAL, ATRAV\u00c9S DA SECRETARIA DE OBRAS E SERVI\u00c7OS URBANOS PROVIDENCIE A DISPONIBILIZA\u00c7\u00c3O DE MAIS AREIA PARA OS CAMPOS LOCALIZADOS NA VILA DAS ORQU\u00cdDEAS, PR\u00d3XIMO A PRA\u00c7A SAUD\u00c1VEL WAGNER RIBET.   "}, {"id": "494", "ano": "2014", "numero": "72", "tipo__sigla": "IND", "tipo__descricao": "Indica\u00e7\u00e3o", "autoria": "DAVI", "texto_original": "http://sapl.marechalfloriano.es.leg.br/media/./sapl/public/materialegislativa/2014/494/494_texto_integral.pdf", "ementa": "INDICA: SUBSTITUI\u00c7\u00c3O DAS TAMPAS DE BUEIROS QUE ENCONTRAM-SE DANIFICADAS NA SEDE DO MUNIC\u00cdPIO. "}, {"id": "495", "ano": "2014", "numero": "73", "tipo__sigla": "IND", "tipo__descricao": "Indica\u00e7\u00e3o", "autoria": "Cabral", "texto_original": "http://sapl.marechalfloriano.es.leg.br/media/./sapl/public/materialegislativa/2014/495/495_texto_integral.pdf", "ementa": "INDICA: A SUBSTITUI\u00c7\u00c3O DAS LUMIN\u00c1RIAS DA ILUMINA\u00c7\u00c3O P\u00daBLICA DAS RUAS THIERES VELOSO, EDUARDO HOFFMAN E TEOBALDO KIEFER."}, {"id": "496", "ano": "2014", "numero": "74", "tipo__sigla": "IND", "tipo__descricao": "Indica\u00e7\u00e3o", "autoria": "Coquinho", "texto_original": "http://sapl.marechalfloriano.es.leg.br/media/./sapl/public/materialegislativa/2014/496/496_texto_integral.pdf", "ementa": "INDICA: RO\u00c7AGEM DA VEGETA\u00c7\u00c3O LOCALIZADA NO BAIRRO DA COMUNIDADE GUSTAVO HERTEL, PARALELO AO CAL\u00c7AD\u00c3O EDUARDO ERNESTO KIEFFER. "}, {"id": "497", "ano": "2014", "numero": "75", "tipo__sigla": "IND", "tipo__descricao": "Indica\u00e7\u00e3o", "autoria": "DAVI", "texto_original": "http://sapl.marechalfloriano.es.leg.br/media/./sapl/public/materialegislativa/2014/497/497_texto_integral.pdf", "ementa": "INDICA: PAVIMENTA\u00c7\u00c3O ASF\u00c1LTICA PARA A RUA PROJETADA QUE SE INICIA PARALELAMENTE A RUA APOL\u00d4NIA STEIN KIEFER, ONDE ENCONTRAM-SE INSTALADAS DIVERSAS RESID\u00caNCIAS.\r\n "}, {"id": "498", "ano": "2014", "numero": "76", "tipo__sigla": "IND", "tipo__descricao": "Indica\u00e7\u00e3o", "autoria": "Coquinho", "texto_original": "http://sapl.marechalfloriano.es.leg.br/media/./sapl/public/materialegislativa/2014/498/498_texto_integral.pdf", "ementa": "LIMPEZA DE UMA VALA QUE FAZ CAPTA\u00c7\u00c3O DAS \u00c1GUAS PLUVIAIS NO MORRO DA MACEFEL, COM IN\u00cdCIO PR\u00d3XIMO AO EDIF\u00cdCIO DO SENHOR LINTZ MONTEIRO."}, {"id": "499", "ano": "2014", "numero": "77", "tipo__sigla": "IND", "tipo__descricao": "Indica\u00e7\u00e3o", "autoria": "Dod\u00f4 Krohling", "texto_original": "http://sapl.marechalfloriano.es.leg.br/media/./sapl/public/materialegislativa/2014/499/499_texto_integral.pdf", "ementa": "CONSTRU\u00c7\u00c3O DE UM GIN\u00c1SIO DE ESPORTES NA COMUNIDADE DE ALTO NOVA ALMEIDA. "}, {"id": "500", "ano": "2014", "numero": "78", "tipo__sigla": "IND", "tipo__descricao": "Indica\u00e7\u00e3o", "autoria": "Cabral", "texto_original": "http://sapl.marechalfloriano.es.leg.br/media/./sapl/public/materialegislativa/2014/500/500_texto_integral.pdf", "ementa": "COLOCAR ASFALTO EM CIMA DOS PARALELEP\u00cdPEDOS J\u00c1 EXISTENTES NA RUA IVAHY MENDES, LOCALIZADA NA SEDE DO MUNIC\u00cdPIO."}, {"id": "501", "ano": "2014", "numero": "79", "tipo__sigla": "IND", "tipo__descricao": "Indica\u00e7\u00e3o", "autoria": "Dod\u00f4 Krohling", "texto_original": "http://sapl.marechalfloriano.es.leg.br/media/./sapl/public/materialegislativa/2014/501/501_texto_integral.pdf", "ementa": "INDICA: RECAPEAMENTO DA PAVIMENTA\u00c7\u00c3O ASF\u00c1LTICA PARA A RUA DELIMAR SCHUNCK."}, {"id": "502", "ano": "2014", "numero": "80", "tipo__sigla": "IND", "tipo__descricao": "Indica\u00e7\u00e3o", "autoria": "Cabral", "texto_original": "http://sapl.marechalfloriano.es.leg.br/media/./sapl/public/materialegislativa/2014/502/502_texto_integral.pdf", "ementa": "INDICA: QUE A SECRETARIA MUNICIPAL DE OBRAS PROVID\u00caNCIE VISTORIA EM TODOS OS BUEIROS DA RUA THIERES VELOSO."}, {"id": "503", "ano": "2014", "numero": "81", "tipo__sigla": "IND", "tipo__descricao": "Indica\u00e7\u00e3o", "autoria": "DAVI", "texto_original": "http://sapl.marechalfloriano.es.leg.br/media/./sapl/public/materialegislativa/2014/503/503_texto_integral.pdf", "ementa": "CONSTRU\u00c7\u00c3O DE COBERTURA PARA A QUADRA DE ESPORTES DA ESCOLA MUNICIPAL MAURO JOS\u00c9 CHRISTO. "}, {"id": "504", "ano": "2014", "numero": "82", "tipo__sigla": "IND", "tipo__descricao": "Indica\u00e7\u00e3o", "autoria": "DAVI", "texto_original": "http://sapl.marechalfloriano.es.leg.br/media/./sapl/public/materialegislativa/2014/504/504_texto_integral.pdf", "ementa": "REPAROS E MANUTEN\u00c7\u00c3O NO CAL\u00c7AMENTO DA PRA\u00c7A SIRENA MACHADO MARTINS, LOCALIZADA EM FRENTE AO EDIF\u00cdCIO MARECHAL CENTER."}, {"id": "505", "ano": "2014", "numero": "83", "tipo__sigla": "IND", "tipo__descricao": "Indica\u00e7\u00e3o", "autoria": "Coquinho", "texto_original": "http://sapl.marechalfloriano.es.leg.br/media/./sapl/public/materialegislativa/2014/505/505_texto_integral.pdf", "ementa": "INDICA: CONSTRU\u00c7\u00c3O NOVA PONTE DE CIMENTO SOB O RIO JUCU SUL, NA COMUNIDADE DE BOA ESPERAN\u00c7A."}, {"id": "506", "ano": "2014", "numero": "84", "tipo__sigla": "IND", "tipo__descricao": "Indica\u00e7\u00e3o", "autoria": "Coquinho", "texto_original": "http://sapl.marechalfloriano.es.leg.br/media/./sapl/public/materialegislativa/2014/506/506_texto_integral.pdf", "ementa": "SOLICITO QUE A PREFEITURA MUNICIPAL PROVID\u00caNCIE A CONTRATA\u00c7\u00c3O DOS SERVI\u00c7OS DE UM \"CAMINH\u00c3O TORPEDO\", POIS CERTAMENTE A UTILIZA\u00c7\u00c3O DESTE MAQUIN\u00c1RIO RESOLVER\u00c1 OS PROBLEMAS RELACIONADO A ENTUPIMENTO DE BUEIROS NA RUA THIERES VELOSO."}, {"id": "507", "ano": "2014", "numero": "85", "tipo__sigla": "IND", "tipo__descricao": "Indica\u00e7\u00e3o", "autoria": "Cabral", "texto_original": "http://sapl.marechalfloriano.es.leg.br/media/./sapl/public/materialegislativa/2014/507/507_texto_integral.pdf", "ementa": "INDICA SUBSTITUI\u00c7\u00c3O DA CAPTA\u00c7\u00c3O DA REDE DE ESGOTO EM UM MORRO MUITO INGRIME, NAS PROXIMIDADES DA RESID\u00caNCIA DO SENHOR CABRAL, FUNCION\u00c1RIO DO POSTO VENTURINI SUBSTITUINDO A TUBULA\u00c7\u00c3O DE 100MM PARA 150MM."}, {"id": "508", "ano": "2014", "numero": "86", "tipo__sigla": "IND", "tipo__descricao": "Indica\u00e7\u00e3o", "autoria": "Renato Werneck", "texto_original": "http://sapl.marechalfloriano.es.leg.br/media/./sapl/public/materialegislativa/2014/508/508_texto_integral.pdf", "ementa": "INDICA LIMPEZA DAS MARGENS DO RIO JUCU INICIANDO NAS PROXIMIDADES DO RESTAURANTE PONTO FRIO, AT\u00c9 O FINAL DA RUA DELIMAR SCHUNCK."}, {"id": "509", "ano": "2014", "numero": "87", "tipo__sigla": "IND", "tipo__descricao": "Indica\u00e7\u00e3o", "autoria": "DAVI", "texto_original": "http://sapl.marechalfloriano.es.leg.br/media/./sapl/public/materialegislativa/2014/509/509_texto_integral.pdf", "ementa": "INSTALA\u00c7\u00c3O DE ILUMINA\u00c7\u00c3O P\u00daBLICA PARA A ESTRADA JAIME CANAL, AP\u00d3S A EMPRESA GLOBOAVES, AT\u00c9 \u00c0S PROXIMIDADES DA PROPRIEDADE DO SENHOR FLOMIRO ENDLICH."}, {"id": "510", "ano": "2014", "numero": "88", "tipo__sigla": "IND", "tipo__descricao": "Indica\u00e7\u00e3o", "autoria": "Juarez Xavier", "texto_original": "http://sapl.marechalfloriano.es.leg.br/media/./sapl/public/materialegislativa/2014/510/510_texto_integral.pdf", "ementa": "INDICA MANUTEN\u00c7\u00c3O E PATROLAMENTO DAS ESTRADAS DE COSTA PEREIRA, NAS PROXIMIDADES DA FAM\u00cdLIA RAASCH E T\u00c9RMINO  NA PROPRIEDADE DO SENHOR ANT\u00d4NIO PAIVA."}, {"id": "511", "ano": "2014", "numero": "89", "tipo__sigla": "IND", "tipo__descricao": "Indica\u00e7\u00e3o", "autoria": "Juarez Xavier", "texto_original": "http://sapl.marechalfloriano.es.leg.br/media/./sapl/public/materialegislativa/2014/511/511_texto_integral.pdf", "ementa": "VISANDO PROPORCIONAR APOIO AO PRODUTOR RURAL DA COMUNIDADE DE BOM JESUS, SOLICITO QUE SEJA PROVIDENCIADA A MANUTEN\u00c7\u00c3O DAS ESTRADAS DA COMUNIDADE. "}, {"id": "512", "ano": "2014", "numero": "90", "tipo__sigla": "IND", "tipo__descricao": "Indica\u00e7\u00e3o", "autoria": "D\u00f3rio Braun (Suplente)", "texto_original": "http://sapl.marechalfloriano.es.leg.br/media/./sapl/public/materialegislativa/2014/512/512_texto_integral.pdf", "ementa": "INDICA REABERTURA DO C\u00d3RREGO LOCALIZADO ENTRE A CAFEEIRA STOCKL EM SANTA MARIA AT\u00c9 O DISTRITO DE ARAGUAIA."}, {"id": "513", "ano": "2014", "numero": "91", "tipo__sigla": "IND", "tipo__descricao": "Indica\u00e7\u00e3o", "autoria": "D\u00f3rio Braun (Suplente)", "texto_original": "http://sapl.marechalfloriano.es.leg.br/media/./sapl/public/materialegislativa/2014/513/513_texto_integral.pdf", "ementa": "SOLICITO AO PREFEITO MUNICIPAL A SUBSTITUI\u00c7\u00c3O DA CADEIRA ODONTOL\u00d3GICA DA UNIDADE DE SA\u00daDE DE ARAGUAIA, ONDE A MESMA ENCONTRA-SE DANIFICADA A MAIS DE SEIS MESES."}, {"id": "514", "ano": "2014", "numero": "92", "tipo__sigla": "IND", "tipo__descricao": "Indica\u00e7\u00e3o", "autoria": "Juarez Xavier", "texto_original": "http://sapl.marechalfloriano.es.leg.br/media/./sapl/public/materialegislativa/2014/514/514_texto_integral.pdf", "ementa": "INDICA MANUTEN\u00c7\u00c3O E INSTALA\u00c7\u00c3O DE MAIS POSTES DE ILUMINA\u00c7\u00c3O P\u00daBLICA PARA A COMUNIDADE DE BOM JESUS."}, {"id": "515", "ano": "2014", "numero": "93", "tipo__sigla": "IND", "tipo__descricao": "Indica\u00e7\u00e3o", "autoria": "DAVI", "texto_original": "http://sapl.marechalfloriano.es.leg.br/media/./sapl/public/materialegislativa/2014/515/515_texto_integral.pdf", "ementa": "INDICA CONSTRU\u00c7\u00c3O DE UMA CASINHA PARA CAPTA\u00c7\u00c3O DE LIXO EM LOCAL ESTRAT\u00c9GICO LOGO AP\u00d3S A EMPRESA GLOBOAVES.  "}, {"id": "516", "ano": "2014", "numero": "94", "tipo__sigla": "IND", "tipo__descricao": "Indica\u00e7\u00e3o", "autoria": "Renato Werneck", "texto_original": "http://sapl.marechalfloriano.es.leg.br/media/./sapl/public/materialegislativa/2014/516/516_texto_integral.pdf", "ementa": "REQUER A INTERVEN\u00c7\u00c3O DO PREFEITO MUNICIPAL, NO SENTIDO DE PROMOVER MELHORIAS NO CAL\u00c7AMENTO DA RUA BELARMINO PINTO. "}, {"id": "517", "ano": "2014", "numero": "95", "tipo__sigla": "IND", "tipo__descricao": "Indica\u00e7\u00e3o", "autoria": "D\u00f3rio Braun (Suplente)", "texto_original": "http://sapl.marechalfloriano.es.leg.br/media/./sapl/public/materialegislativa/2014/517/517_texto_integral.pdf", "ementa": "INDICA QUE O PODER EXECUTIVO MUNICIPAL PROVID\u00caNCIE O CAL\u00c7AMENTO DE UM P\u00c1TIO EM FRENTE AOS COM\u00c9RCIOS SHOPCAR, MASTER MOTOS E JMK AUTO EL\u00c9TRICA. "}, {"id": "518", "ano": "2014", "numero": "96", "tipo__sigla": "IND", "tipo__descricao": "Indica\u00e7\u00e3o", "autoria": "Coquinho", "texto_original": "http://sapl.marechalfloriano.es.leg.br/media/./sapl/public/materialegislativa/2014/518/518_texto_integral.pdf", "ementa": "CONSTRU\u00c7\u00c3O DE UM \"PIER\" COM BANCOS DE PRA\u00c7A E PAISAGISMOS PARA A RUA NO\u00c9 LUIGI MODOLO. "}, {"id": "519", "ano": "2014", "numero": "97", "tipo__sigla": "IND", "tipo__descricao": "Indica\u00e7\u00e3o", "autoria": "Dod\u00f4 Krohling", "texto_original": "http://sapl.marechalfloriano.es.leg.br/media/./sapl/public/materialegislativa/2014/519/519_texto_integral.pdf", "ementa": "CONSTRU\u00c7\u00c3O DE UMA ESCOLA, UMA VEZ QUE A MESMA QUASE N\u00c3O SUPORTA A DEMANDA DE ALUNOS,CONSTRU\u00c7\u00c3O DE UM GIN\u00c1SIO DE ESPORTES E REFORMA E AMPLIA\u00c7\u00c3O DO POSTO DE SA\u00daDE DE SO\u00cdDO DE BAIXO.  "}, {"id": "520", "ano": "2014", "numero": "98", "tipo__sigla": "IND", "tipo__descricao": "Indica\u00e7\u00e3o", "autoria": "Cabral", "texto_original": "http://sapl.marechalfloriano.es.leg.br/media/./sapl/public/materialegislativa/2014/520/520_texto_integral.pdf", "ementa": "INSTALA\u00c7\u00c3O DE 03 (TR\u00caS) QUEBRA-MOLAS EM ALTO NOVA ALMEIDA, NAS IMEDIA\u00c7\u00d5ES DA IGREJA CAT\u00d3LICA E EM FRENTE AO COM\u00c9RCIO DO SR. PAULO MESCHER."}, {"id": "521", "ano": "2014", "numero": "99", "tipo__sigla": "IND", "tipo__descricao": "Indica\u00e7\u00e3o", "autoria": "Cabral", "texto_original": "http://sapl.marechalfloriano.es.leg.br/media/./sapl/public/materialegislativa/2014/521/521_texto_integral.pdf", "ementa": "LIMPEZA DOS C\u00d3RREGOS DESSA MUNICIPALIDADE EM CAR\u00c1TER  DE URG\u00caNCIA TENDO EM VISTA, A APROXIMA\u00c7\u00c3O DO PER\u00cdODO DE CHUVAS TORRENCIAIS QUE ATINGEM A NOSSA REGI\u00c3O TODOS OS ANOS."}, {"id": "522", "ano": "2014", "numero": "101", "tipo__sigla": "IND", "tipo__descricao": "Indica\u00e7\u00e3o", "autoria": "Dod\u00f4 Krohling", "texto_original": "http://sapl.marechalfloriano.es.leg.br/media/./sapl/public/materialegislativa/2014/522/522_texto_integral.pdf", "ementa": "INSTALA\u00c7\u00c3O DE PLACAS SOLICITANDO A REDU\u00c7\u00c3O DA VELOCIDADE A E NAS IMEDIA\u00c7\u00d5ES DO \"S\u00cdTIO BAIXA VERDE\", DE PROPRIEDADE DA SRA. ANGELA MARIA BUSATO KROHLING, LOCALIZADO EM SANTA MARIA. "}, {"id": "523", "ano": "2014", "numero": "102", "tipo__sigla": "IND", "tipo__descricao": "Indica\u00e7\u00e3o", "autoria": "Cezinha Ronchi, Coquinho, Dod\u00f4 Krohling", "texto_original": "http://sapl.marechalfloriano.es.leg.br/media/./sapl/public/materialegislativa/2014/523/523_texto_integral.pdf", "ementa": "INSTALA\u00c7\u00c3O DE 03 (TR\u00caS) POSTES DE ILUMINA\u00c7\u00c3O P\u00daBLICA E PAVIMENTA\u00c7\u00c3O EM TORNO DO GIN\u00c1SIO ROBERTO HENRIQUE ALBERTO KRUGER, EM ALTO SANTA MARIA. "}, {"id": "524", "ano": "2014", "numero": "103", "tipo__sigla": "IND", "tipo__descricao": "Indica\u00e7\u00e3o", "autoria": "Alcino Diniz, Juarez Xavier", "texto_original": "http://sapl.marechalfloriano.es.leg.br/media/./sapl/public/materialegislativa/2014/524/524_texto_integral.pdf", "ementa": "INDICA CONCESS\u00c3O DO ABONO SALARIAL AOS PROFESSORES MUNICIPAIS DE MARECHAL FLORIANO EM RELA\u00c7\u00c3O AO SALDO REMANESCENTE DOS RECURSOS DO FUNDEB."}, {"id": "525", "ano": "2014", "numero": "104", "tipo__sigla": "IND", "tipo__descricao": "Indica\u00e7\u00e3o", "autoria": "Alcino Diniz", "texto_original": "http://sapl.marechalfloriano.es.leg.br/media/./sapl/public/materialegislativa/2014/525/525_texto_integral.pdf", "ementa": "INDICAMOS AO PREFEITO MUNICIPAL QUE PROCEDA COM A CONSTRU\u00c7\u00c3O CORRETA DA CAL\u00c7ADA DA RUA CLARA ENDLICH DEVIDO A CONSTRU\u00c7\u00c3O DE UM PR\u00c9DIO PR\u00d3XIMO A SECRETARIA MUNICIPAL DE EDUCA\u00c7\u00c3O, COLOCANDO A MESMA NO N\u00cdVEL CORRETO JUNTO \u00c0S RUAS, PROPORCIONANDO AOS PEDESTRES UMA MELHOR LOCOMO\u00c7\u00c3O NO LOCAL."}, {"id": "526", "ano": "2014", "numero": "105", "tipo__sigla": "IND", "tipo__descricao": "Indica\u00e7\u00e3o", "autoria": "D\u00f3rio Braun (Suplente)", "texto_original": "http://sapl.marechalfloriano.es.leg.br/media/./sapl/public/materialegislativa/2014/526/526_texto_integral.pdf", "ementa": "AP\u00d3S RECENTE VISITA A RUA OSCAR ARA\u00daJO E CONVERSAR COM OS MORADORES        DA MESMA, PERCEBE-SE A NECESSIDADE URGENTE DE PROMOVER MELHORIAS COMO, IMPLANTA\u00c7\u00c3O DE UMA NOVA REDE PARA CAPITA\u00c7\u00c3O DAS \u00c1GUAS DAS CHUVAS, PAVIMENTA\u00c7\u00c3O ASF\u00c1LTICA ADEQUADA E SUBSTITUI\u00c7\u00c3O DOS MEIO FIOS QUE ENCONTRAM-SE DANIFICADOS."}, {"id": "527", "ano": "2014", "numero": "106", "tipo__sigla": "IND", "tipo__descricao": "Indica\u00e7\u00e3o", "autoria": "Coquinho", "texto_original": "http://sapl.marechalfloriano.es.leg.br/media/./sapl/public/materialegislativa/2014/527/527_texto_integral.pdf", "ementa": "INDICA AO PREFEITO MUNICIPAL A CRIA\u00c7\u00c3O DO \"PROGRAMA BOLSA UNIVERSIT\u00c1RIA\" NO MUNIC\u00cdPIO DE MARECHAL FLORIANO, DESTINADO A CUSTEAR DE FORMA INTEGRAL O PROPORCIONAR AS DESPESAS ACAD\u00caMICAS PARA ALUNOS CUJO A AMBITO FAMILIAR SEJA CONSIDERADO DE BAIXA RENDA. "}, {"id": "528", "ano": "2014", "numero": "107", "tipo__sigla": "IND", "tipo__descricao": "Indica\u00e7\u00e3o", "autoria": "Coquinho", "texto_original": "http://sapl.marechalfloriano.es.leg.br/media/./sapl/public/materialegislativa/2014/528/528_texto_integral.pdf", "ementa": "CONSIDERANDO AS DIVERSAS RECLAMA\u00c7\u00d5ES DOS MORADORES RESIDENTES NAS PROXIMIDADES DO C\u00d3RREGO BATATAL E DO C\u00d3RREGO QUE SE INICIA PR\u00d3XIMO A EMPRESA GLOBOAVES, INDICAMOS O SEGUINTE, LIMPEZA E RO\u00c7AGEM URGENTE DOS C\u00d3RREGOS MENCIONADOS, APROFUNDAMENTO DO LEITO DOS C\u00d3RREGOS, ENTRE OUTROS. "}, {"id": "529", "ano": "2014", "numero": "108", "tipo__sigla": "IND", "tipo__descricao": "Indica\u00e7\u00e3o", "autoria": "DAVI", "texto_original": "http://sapl.marechalfloriano.es.leg.br/media/./sapl/public/materialegislativa/2014/529/529_texto_integral.pdf", "ementa": "INDICO AO PREFEITO MUNICIPAL, QUE ATRAV\u00c9S DE PARCERIA COM OS SETORES PRIVADOS, PROCEDAM COM A DISTRIBUI\u00c7\u00c3O DE CESTAS B\u00c1SICAS PARA AS FAM\u00cdLIAS CUJO A RENDA FAMILIAR SEJA CONSIDERADA BAIXA, PROPORCIONANDO A TODOS OS CIDAD\u00c3OS UM FINAL DE ANO MAIS TRANQUILO E FELIZ."}, {"id": "530", "ano": "2014", "numero": "109", "tipo__sigla": "IND", "tipo__descricao": "Indica\u00e7\u00e3o", "autoria": "Renato Werneck", "texto_original": "http://sapl.marechalfloriano.es.leg.br/media/./sapl/public/materialegislativa/2014/530/530_texto_integral.pdf", "ementa": "CONSIDERANDO O ATENDIMENTO PRESTADO PELO HOSPITAL FHASDOMAR \u00c0 POPULA\u00c7\u00c3O DE MARECHAL FLORIANO, INDICO AO PREFEITO MUNICIPAL QUE DENTRO DAS POSSIBILIDADES FINANCEIRAS REPASSE RECURSOS FINANCEIROS AO HOSPITAL DE DOMINGOS MARTINS, QUE TANTO NECESSITA DO APOIO DO PODER P\u00daBLICO. "}, {"id": "531", "ano": "2014", "numero": "110", "tipo__sigla": "IND", "tipo__descricao": "Indica\u00e7\u00e3o", "autoria": "D\u00f3rio Braun (Suplente)", "texto_original": "http://sapl.marechalfloriano.es.leg.br/media/./sapl/public/materialegislativa/2014/531/531_texto_integral.pdf", "ementa": "LIMPEZA E CAL\u00c7AMENTO DAS RUAS DA BAIXADA DE SANTA MARIA."}, {"id": "532", "ano": "2014", "numero": "111", "tipo__sigla": "IND", "tipo__descricao": "Indica\u00e7\u00e3o", "autoria": "D\u00f3rio Braun (Suplente)", "texto_original": "http://sapl.marechalfloriano.es.leg.br/media/./sapl/public/materialegislativa/2014/532/532_texto_integral.pdf", "ementa": "ABERTURA DE UMA RUA AO LADO DA RESID\u00caNCIA DO SR. ISAIAS MOGNOL, POPULARMENTE CONHECIDA COMO \"XUXU\", EM SANTA MARIA."}, {"id": "533", "ano": "2014", "numero": "112", "tipo__sigla": "IND", "tipo__descricao": "Indica\u00e7\u00e3o", "autoria": "D\u00f3rio Braun (Suplente)", "texto_original": "http://sapl.marechalfloriano.es.leg.br/media/./sapl/public/materialegislativa/2014/533/533_texto_integral.pdf", "ementa": "VIABILIZAR A CONSTRU\u00c7\u00c3O DE UMA ELEVAT\u00d3RIA NO DISTRITO DE ARAGUAIA PARA ABASTECER AS RESID\u00caNCIAS LOCALIZADAS EM LOCAIS MAIS \u00cdNGREMES ONDE H\u00c1 CONSTANTE FALTA DE \u00c1GUA.  "}, {"id": "8712", "ano": "2014", "numero": "113", "tipo__sigla": "IND", "tipo__descricao": "Indica\u00e7\u00e3o", "autoria": "Cezinha Ronchi, Dod\u00f4 Krohling", "texto_original": "http://sapl.marechalfloriano.es.leg.br/media/sapl/public/materialegislativa/2014/8712/ind_113-2014.pdf", "ementa": "INDICA: INTERVEN\u00c7\u00c3O DO PODER EXECUTIVO MUNICIPAL, ATRAV\u00c9S DO CRAS, VISANDO AVALIAR A ATUAL SITUA\u00c7\u00c3O DE UMA FAM\u00cdLIA QUE RESIDE EM SITUA\u00c7\u00d5ES PREC\u00c1RIAS EM UM LOCAL LOCALIZADO AO LADO DO P\u00c1TIO DA PREFEITURA MUNICIPAL, NA BR 262."}, {"id": "534", "ano": "2014", "numero": "114", "tipo__sigla": "IND", "tipo__descricao": "Indica\u00e7\u00e3o", "autoria": "Alcino Diniz", "texto_original": "http://sapl.marechalfloriano.es.leg.br/media/./sapl/public/materialegislativa/2014/534/534_texto_integral.pdf", "ementa": "MEDIANTE TODA A DIFICULDADE QUE OS SERVIDORES PASSAM EM SEU DIA A DIA, VENHO REQUERER PROVID\u00caNCIAS PARA BENEFICI\u00c1-LOS ATRAV\u00c9S DO REAJUSTE NO TICKET ALIMENTA\u00c7\u00c3O EM 50%."}, {"id": "535", "ano": "2014", "numero": "115", "tipo__sigla": "IND", "tipo__descricao": "Indica\u00e7\u00e3o", "autoria": "DAVI", "texto_original": "http://sapl.marechalfloriano.es.leg.br/media/./sapl/public/materialegislativa/2014/535/535_texto_integral.pdf", "ementa": "INDICA A ABERTURA DE UM CENTRO DE REFER\u00caNCIA DE ASSIST\u00caNCIA SOCIAL (CRAS)ITINERANTE NAS COMUNIDADES LOCAIS, PARA ATUAR DE FORMA MAIS EFICAZ NO INTERIOR DE NOSSO MUNIC\u00cdPIO, OFERECENDO UMA PROTE\u00c7\u00c3O SOCIAL B\u00c1SICA DE MAIS QUALIDADE.  "}, {"id": "536", "ano": "2014", "numero": "116", "tipo__sigla": "IND", "tipo__descricao": "Indica\u00e7\u00e3o", "autoria": "Juarez Xavier", "texto_original": "http://sapl.marechalfloriano.es.leg.br/media/./sapl/public/materialegislativa/2014/536/536_texto_integral.pdf", "ementa": "CONSIDERANDO A NECESSIDADE DE MANTER OS LOGRADOUROS E PRA\u00c7AS EM CONDI\u00c7\u00d5ES ADEQUADAS PARA A SUA UTILIZA\u00c7\u00c3O INDICO A LIMPEZA E RO\u00c7AGEM DA GRAMA NOS CANTEIROS LOCALIZADOS AO LADO DA ACIASMAF, EM FRENTE AO F\u00d3RUM E CAMPOS DE AREIA . "}, {"id": "537", "ano": "2014", "numero": "117", "tipo__sigla": "IND", "tipo__descricao": "Indica\u00e7\u00e3o", "autoria": "Juarez Xavier", "texto_original": "http://sapl.marechalfloriano.es.leg.br/media/", "ementa": "INDICA A CRIA\u00c7\u00c3O DO PROGRAMA LEVE-LEITE, QUE TEM COMO OBJETIVO DIMINUIR OS EFEITOS DA POBREZA SOBRE A SA\u00daDE E DESENVOLVIMENTO DA CRIAN\u00c7A."}, {"id": "538", "ano": "2014", "numero": "118", "tipo__sigla": "IND", "tipo__descricao": "Indica\u00e7\u00e3o", "autoria": "Juarez Xavier", "texto_original": "http://sapl.marechalfloriano.es.leg.br/media/./sapl/public/materialegislativa/2014/538/538_texto_integral.pdf", "ementa": "INDICO AO PREFEITO MUNICIPAL QUE ATRAV\u00c9S DA SECRETARIA MUNICIPAL DE EDUCA\u00c7\u00c3O, PROVIDENCIE A CRIA\u00c7\u00c3O DO \"PROGRAMA BOLSA ESCOLAR\", VISANDO DISTRIBUIR PARA AS FAM\u00cdLIAS DE BAIXA RENDA OS MATERIAIS ESCOLARES NECESS\u00c1RIOS PARA O IN\u00cdCIO DO ANO LETIVO DE 2015.  "}, {"id": "539", "ano": "2014", "numero": "119", "tipo__sigla": "IND", "tipo__descricao": "Indica\u00e7\u00e3o", "autoria": "Cabral", "texto_original": "http://sapl.marechalfloriano.es.leg.br/media/./sapl/public/materialegislativa/2014/539/539_texto_integral.pdf", "ementa": "INDICA CONSTRU\u00c7\u00c3O DE UMA NOVA PRA\u00c7A DE LAZER, INSTALA\u00c7\u00c3O DE BEBEDOUROS E CONSTRU\u00c7\u00c3O DE BANHEIROS P\u00daBLICOS NO BAIRRO REIVINDICAM ESTAS BENFEITORIAS, COM O INTUITO DE PROPORCIONAR-LHES MELHORE CONDI\u00c7\u00d5ES DE CONFORTO E LAZER.  "}, {"id": "540", "ano": "2014", "numero": "120", "tipo__sigla": "IND", "tipo__descricao": "Indica\u00e7\u00e3o", "autoria": "Renato Werneck", "texto_original": "http://sapl.marechalfloriano.es.leg.br/media/./sapl/public/materialegislativa/2014/540/540_texto_integral.pdf", "ementa": "INDICO A CRIA\u00c7\u00c3O DE MAIS VAGAS DE ESTACIONAMENTO PRIVATIVO A IDOSOS NAS RUAS DE NOSSO MUNIC\u00cdPIO. "}, {"id": "541", "ano": "2014", "numero": "121", "tipo__sigla": "IND", "tipo__descricao": "Indica\u00e7\u00e3o", "autoria": "Cezinha Ronchi, Coquinho, Dod\u00f4 Krohling", "texto_original": "http://sapl.marechalfloriano.es.leg.br/media/./sapl/public/materialegislativa/2014/541/541_texto_integral.pdf", "ementa": "INDICA AQUISI\u00c7\u00c3O DE DUAS CASAS CENTEN\u00c1RIAS NO MUNIC\u00cdPIO SENDO UMA A CASA DO AGENTE DA ESTA\u00c7\u00c3O FERROVI\u00c1RIA NA SEDE, PARA A INSTALA\u00c7\u00c3O DE UM CENTRO DE MEMORIA DA CIDADE DE MARECHAL FLORIANO E OUTRA EM SANTA MARIA PARA A CONSTRU\u00c7\u00c3O DA CASA DO IMIGRANTE ALEM\u00c3O."}, {"id": "542", "ano": "2014", "numero": "122", "tipo__sigla": "IND", "tipo__descricao": "Indica\u00e7\u00e3o", "autoria": "Cabral", "texto_original": "http://sapl.marechalfloriano.es.leg.br/media/./sapl/public/materialegislativa/2014/542/542_texto_integral.pdf", "ementa": "CONSIDERANDO A NECESSIDADE DE GARANTIR MAIS SEGURAN\u00c7A AOS ALUNOS DO CENTRO EDUCACIONAL INTEGRA\u00c7\u00c3O VENHO INDICAR A INSTALA\u00c7\u00c3O DE UM QUEBRA-MOLAS OU REDUTOR DE VELOCIDADES, EM FRENTE AO PORT\u00c3O DE ACESSO A ESCOLA. "}, {"id": "543", "ano": "2014", "numero": "123", "tipo__sigla": "IND", "tipo__descricao": "Indica\u00e7\u00e3o", "autoria": "D\u00f3rio Braun (Suplente), Coquinho", "texto_original": "http://sapl.marechalfloriano.es.leg.br/media/./sapl/public/materialegislativa/2014/543/543_texto_integral.pdf", "ementa": "ABERTURA DE UMA RUA NO TERRENO QUE A PREFEITURA ADQUIRIU EM ARAGUAIA, COM IN\u00cdCIO NA ENTRADA DA RESID\u00caNCIA DO SR. JAIME MIRANDA E T\u00c9RMINO NA ENTRADA DA RESID\u00caNCIA DO SR. ROG\u00c9RIO GUIDI."}, {"id": "544", "ano": "2014", "numero": "124", "tipo__sigla": "IND", "tipo__descricao": "Indica\u00e7\u00e3o", "autoria": "", "texto_original": "http://sapl.marechalfloriano.es.leg.br/media/./sapl/public/materialegislativa/2014/544/544_texto_integral.pdf", "ementa": "SOLICITO A VIGIL\u00c2NCIA SANIT\u00c1RIA MUNICIPAL, QUANTO AO COMBATE DE ROEDORES QUE VEM IMPORTUNANDO O COMERCIO LOCAL, POIS SEU SURGIMENTO TEM AUMENTADO MUITO NOS \u00daLTIMOS DIAS, AO PONTO DE SEREM VISTOS PELAS RUAS DURANTE TODO O DIA. "}, {"id": "545", "ano": "2014", "numero": "125", "tipo__sigla": "IND", "tipo__descricao": "Indica\u00e7\u00e3o", "autoria": "Renato Werneck", "texto_original": "http://sapl.marechalfloriano.es.leg.br/media/./sapl/public/materialegislativa/2014/545/545_texto_integral.pdf", "ementa": "VISANDO OFERECER UMA MELHOR ATEN\u00c7\u00c3O PARA AS COMUNIDADES DE ARAGUAIA, SANTA MARIA E VICTOR HUGO, INDICO A CESS\u00c3O DE USO DA \"VAM\" DA SECRETARIA DE AGRICULTURA PARA LOCOMOVER OS PACIENTES DESTAS COMUNIDADES AT\u00c9 A SEDE DO MUNIC\u00cdPIO, PARA ENT\u00c3O EMBARCAREM NO VE\u00cdCULO COM DESTINO A GRANDE VITORIA. "}, {"id": "546", "ano": "2014", "numero": "126", "tipo__sigla": "IND", "tipo__descricao": "Indica\u00e7\u00e3o", "autoria": "Juarez Xavier", "texto_original": "http://sapl.marechalfloriano.es.leg.br/media/./sapl/public/materialegislativa/2014/546/546_texto_integral.pdf", "ementa": "INDICA REMO\u00c7\u00c3O DE UM VE\u00cdCULO ABANDONADO EM FRENTE A RESID\u00caNCIA DO SENHOR ILDO LOSE, PR\u00d3XIMO AO HOTEL BEIRA RIO.  "}, {"id": "547", "ano": "2014", "numero": "127", "tipo__sigla": "IND", "tipo__descricao": "Indica\u00e7\u00e3o", "autoria": "Cabral", "texto_original": "http://sapl.marechalfloriano.es.leg.br/media/./sapl/public/materialegislativa/2014/547/547_texto_integral.pdf", "ementa": "QUE SEJA FEITO UM ESTUDO FINANCEIRO VISANDO A CONCESS\u00c3O DE VALE TRANSPORTE PARA OS PROFESSORES DE NOSSO MUNIC\u00cdPIO."}, {"id": "548", "ano": "2014", "numero": "128", "tipo__sigla": "IND", "tipo__descricao": "Indica\u00e7\u00e3o", "autoria": "Juarez Xavier", "texto_original": "http://sapl.marechalfloriano.es.leg.br/media/./sapl/public/materialegislativa/2014/548/548_texto_integral.pdf", "ementa": "LIMPEZA DOS BUEIROS DA ESTRADA QUE D\u00c1 ACESSO A COMUNIDADE DO SR. MIGUEL DE SOUSA EM SANTA MARIA. "}, {"id": "549", "ano": "2014", "numero": "129", "tipo__sigla": "IND", "tipo__descricao": "Indica\u00e7\u00e3o", "autoria": "Renato Werneck", "texto_original": "http://sapl.marechalfloriano.es.leg.br/media/", "ementa": "LEVANDO EM CONSIDERA\u00c7\u00c3O A NECESSIDADE DE CRIAR BENEF\u00cdCIOS QUE AUXILIEM AS FAM\u00cdLIAS DE BAIXA RENDA DO MUNIC\u00cdPIO DE MARECHAL FLORIANO, VENHO INDICAR A CONCESS\u00c3O GRATUITA DE UNIFORME ESCOLAR PARA AS CRIAN\u00c7AS DA REDE P\u00daBLICA DE ENSINO."}, {"id": "550", "ano": "2014", "numero": "130", "tipo__sigla": "IND", "tipo__descricao": "Indica\u00e7\u00e3o", "autoria": "DAVI", "texto_original": "http://sapl.marechalfloriano.es.leg.br/media/./sapl/public/materialegislativa/2014/550/550_texto_integral.pdf", "ementa": "CONSIDERANDO A NECESSIDADE DE PROPORCIONAR MAIOR COMODIDADE AOS IDOSOS E PORTADORES DE NECESSIDADES ESPECIAIS DO MUNIC\u00cdPIO DE MARECHAL FLORIANO, VENHO INDICAR QUE A SECRETARIA MUNICIPAL DE SA\u00daDE PASSE A EXECUTAR A VACINA\u00c7\u00c3O DOS MESMOS EM SEU PR\u00d3PRIO DOMIC\u00cdLIO."}, {"id": "756", "ano": "2014", "numero": "138", "tipo__sigla": "IND", "tipo__descricao": "Indica\u00e7\u00e3o", "autoria": "", "texto_original": "http://sapl.marechalfloriano.es.leg.br/media/./sapl/public/materialegislativa/2014/756/756_texto_integral.pdf", "ementa": "CONSIDERANDO A REGULAMENTA\u00c7\u00c3O DO EXERC\u00cdCIO DA ATIVIDADE DE CONDU\u00c7\u00c3O DE VE\u00cdCULOS DE EMERG\u00caNCIA (MOTORISTAS DE AMBUL\u00c2NCIA),QUE TRAMITA NO SENADO FEDERAL, VENHO REQUERER QUE O PREFEITO MUNICIPAL TOME AS MEDIDAS CAB\u00cdVEIS PARA REGULAMENTAR A CATEGORIA A QUE SE REFERE A N\u00cdVEL MUNICIPAL.  "}, {"id": "551", "ano": "2014", "numero": "1", "tipo__sigla": "MOC", "tipo__descricao": "Mo\u00e7\u00e3o", "autoria": "Cabral, Renato Werneck", "texto_original": "http://sapl.marechalfloriano.es.leg.br/media/./sapl/public/materialegislativa/2014/551/551_texto_integral.rar", "ementa": "MO\u00c7\u00c3O DE PESAR PELO FALECIMENTO DO SR. ANT\u00d4NIO MARTINS DE NADAI.\r\n"}, {"id": "552", "ano": "2014", "numero": "2", "tipo__sigla": "MOC", "tipo__descricao": "Mo\u00e7\u00e3o", "autoria": "D\u00f3rio Braun (Suplente)", "texto_original": "http://sapl.marechalfloriano.es.leg.br/media/./sapl/public/materialegislativa/2014/552/552_texto_integral.rar", "ementa": "MO\u00c7\u00c3O DE PESAR PELO FALECIMENTO DO JOVEM ALEX EM\u00cdLIO UHL.\r\n"}, {"id": "553", "ano": "2014", "numero": "3", "tipo__sigla": "MOC", "tipo__descricao": "Mo\u00e7\u00e3o", "autoria": "CECT - COMISS\u00c3O DE ESPORTE, CULTURA E TURISMO", "texto_original": "http://sapl.marechalfloriano.es.leg.br/media/./sapl/public/materialegislativa/2014/553/553_texto_integral.rar", "ementa": "MO\u00c7\u00c3O: APLAUSOS E RECONHECIMENTO, TENDO COMO DISTIN\u00c7\u00c3O OS SENHORES JARBAS ROCHA, THIAGO DE SOUSA CASTRO E ALCINO OLEG\u00c1RIO NETO."}, {"id": "554", "ano": "2014", "numero": "4", "tipo__sigla": "MOC", "tipo__descricao": "Mo\u00e7\u00e3o", "autoria": "Cabral", "texto_original": "http://sapl.marechalfloriano.es.leg.br/media/./sapl/public/materialegislativa/2014/554/554_texto_integral.rar", "ementa": "MO\u00c7\u00c3O: APLAUSOS E RECONHECIMENTO, TENDO COMO DISTIN\u00c7\u00c3O O SENHOR GERALDO RODRIGUES PE\u00c7ANHA."}, {"id": "555", "ano": "2014", "numero": "5", "tipo__sigla": "MOC", "tipo__descricao": "Mo\u00e7\u00e3o", "autoria": "Cabral", "texto_original": "http://sapl.marechalfloriano.es.leg.br/media/./sapl/public/materialegislativa/2014/555/555_texto_integral.rar", "ementa": "MO\u00c7\u00c3O DE PESAR PELO FALECIMENTO DO SENHOR JOS\u00c9 MARCIANO PIRES."}, {"id": "556", "ano": "2014", "numero": "6", "tipo__sigla": "MOC", "tipo__descricao": "Mo\u00e7\u00e3o", "autoria": "MESA DIRETORA 2013/2014", "texto_original": "http://sapl.marechalfloriano.es.leg.br/media/./sapl/public/materialegislativa/2014/556/556_texto_integral.rar", "ementa": "MO\u00c7\u00c3O DE PESAR PELO FALECIMENTO DO SENHOR DIOCL\u00c9ZIO TOSTA DAS NEVES."}, {"id": "557", "ano": "2014", "numero": "7", "tipo__sigla": "MOC", "tipo__descricao": "Mo\u00e7\u00e3o", "autoria": "Cabral", "texto_original": "http://sapl.marechalfloriano.es.leg.br/media/./sapl/public/materialegislativa/2014/557/557_texto_integral.rar", "ementa": "MO\u00c7\u00c3O DE PESAR PELO FALECIMENTO DA SENHORA VENINA MANJESK KLIPPEL."}, {"id": "558", "ano": "2014", "numero": "8", "tipo__sigla": "MOC", "tipo__descricao": "Mo\u00e7\u00e3o", "autoria": "Coquinho", "texto_original": "http://sapl.marechalfloriano.es.leg.br/media/./sapl/public/materialegislativa/2014/558/558_texto_integral.rar", "ementa": "MO\u00c7\u00c3O:APLAUSOS E RECONHECIMENTO, TENDO COMO DISTIN\u00c7\u00c3O TODOS OS PROFISSIONAIS DA SA\u00daDE DO HOSPITAL E MATERNIDADE ARTHUR GERHARDT."}, {"id": "559", "ano": "2014", "numero": "9", "tipo__sigla": "MOC", "tipo__descricao": "Mo\u00e7\u00e3o", "autoria": "Dod\u00f4 Krohling, Juarez Xavier", "texto_original": "http://sapl.marechalfloriano.es.leg.br/media/./sapl/public/materialegislativa/2014/559/559_texto_integral.rar", "ementa": "MO\u00c7\u00c3O: APLAUSOS E RECONHECIMENTO, TENDO COMO DISTIN\u00c7\u00c3O A SENHORA DJANIRA EDILENE CHRIST STEIN."}, {"id": "560", "ano": "2014", "numero": "10", "tipo__sigla": "MOC", "tipo__descricao": "Mo\u00e7\u00e3o", "autoria": "Juarez Xavier", "texto_original": "http://sapl.marechalfloriano.es.leg.br/media/./sapl/public/materialegislativa/2014/560/560_texto_integral.rar", "ementa": "MO\u00c7\u00c3O: APLAUSOS E RECONHECIMENTO, TENDO COMO DISTIN\u00c7\u00c3O A SENHORA DR\u00aa. M\u00d4NICA SILVA MARTINS."}, {"id": "561", "ano": "2014", "numero": "11", "tipo__sigla": "MOC", "tipo__descricao": "Mo\u00e7\u00e3o", "autoria": "Renato Werneck", "texto_original": "http://sapl.marechalfloriano.es.leg.br/media/./sapl/public/materialegislativa/2014/561/561_texto_integral.pdf", "ementa": "MO\u00c7\u00c3O: APLAUSOS E RECONHECIMENTO, TENDO COMO DISTIN\u00c7\u00c3O A SENHORA NILZA VELTEN. "}, {"id": "562", "ano": "2014", "numero": "12", "tipo__sigla": "MOC", "tipo__descricao": "Mo\u00e7\u00e3o", "autoria": "Cabral", "texto_original": "http://sapl.marechalfloriano.es.leg.br/media/./sapl/public/materialegislativa/2014/562/562_texto_integral.rar", "ementa": "MO\u00c7\u00c3O DE PESAR PELO FALECIMENTO DA SENHORA CATHARINA KIEFFER VELTEN."}, {"id": "563", "ano": "2014", "numero": "13", "tipo__sigla": "MOC", "tipo__descricao": "Mo\u00e7\u00e3o", "autoria": "Cezinha Ronchi", "texto_original": "http://sapl.marechalfloriano.es.leg.br/media/./sapl/public/materialegislativa/2014/563/563_texto_integral.pdf", "ementa": "MO\u00c7\u00c3O: APLAUSOS E RECONHECIMENTO, TENDO COMO DISTIN\u00c7\u00c3O O SENHOR F\u00c1BIO JACOB TESCH."}, {"id": "564", "ano": "2014", "numero": "14", "tipo__sigla": "MOC", "tipo__descricao": "Mo\u00e7\u00e3o", "autoria": "CECT - COMISS\u00c3O DE ESPORTE, CULTURA E TURISMO", "texto_original": "http://sapl.marechalfloriano.es.leg.br/media/./sapl/public/materialegislativa/2014/564/564_texto_integral.rar", "ementa": "MO\u00c7\u00c3O: APLAUSOS E RECONHECIMENTO, TENDO COMO DISTIN\u00c7\u00c3O TODA A EQUIPE DO \"MONTANHAS OFF ROAD\"."}, {"id": "565", "ano": "2014", "numero": "15", "tipo__sigla": "MOC", "tipo__descricao": "Mo\u00e7\u00e3o", "autoria": "Dod\u00f4 Krohling", "texto_original": "http://sapl.marechalfloriano.es.leg.br/media/./sapl/public/materialegislativa/2014/565/565_texto_integral.rar", "ementa": "MO\u00c7\u00c3O: APLAUSOS E RECONHECIMENTO, TENDO COMO DISTIN\u00c7\u00c3O O SENHOR MAJOR MARCELO CORREA MUNIZ E EDINEI BALBINO DE SOUSA."}, {"id": "8717", "ano": "2014", "numero": "16", "tipo__sigla": "MOC", "tipo__descricao": "Mo\u00e7\u00e3o", "autoria": "Dod\u00f4 Krohling", "texto_original": "http://sapl.marechalfloriano.es.leg.br/media/", "ementa": "Voto de Aplausos e Congratula\u00e7\u00f5es ao Senhor Lidiney Gobbi, Prefeito desta Municipalidade."}, {"id": "566", "ano": "2014", "numero": "17", "tipo__sigla": "MOC", "tipo__descricao": "Mo\u00e7\u00e3o", "autoria": "FRENTE PARLAMENTAR DE SEGURAN\u00c7A P\u00daBLICA", "texto_original": "http://sapl.marechalfloriano.es.leg.br/media/./sapl/public/materialegislativa/2014/566/566_texto_integral.rar", "ementa": "MO\u00c7\u00c3O: APLAUSOS E RECONHECIMENTO, TENDO COMO DISTIN\u00c7\u00c3O OS SENHORES MAJOR MARCELO CORREA MUNIZ E CAPIT\u00c3O EDINEI BALBINO DE SOUSA."}, {"id": "8718", "ano": "2014", "numero": "18", "tipo__sigla": "MOC", "tipo__descricao": "Mo\u00e7\u00e3o", "autoria": "CECT - COMISS\u00c3O DE ESPORTE, CULTURA E TURISMO", "texto_original": "http://sapl.marechalfloriano.es.leg.br/media/", "ementa": "Voto de Aplausos e Reconhecimento a Ilustrissima Senhora Eliz\u00e2ngela Machado Doro."}, {"id": "567", "ano": "2014", "numero": "19", "tipo__sigla": "MOC", "tipo__descricao": "Mo\u00e7\u00e3o", "autoria": "MESA DIRETORA 2013/2014", "texto_original": "http://sapl.marechalfloriano.es.leg.br/media/./sapl/public/materialegislativa/2014/567/567_texto_integral.rar", "ementa": "MO\u00c7\u00c3O: APLAUSOS E RECONHECIMENTO, TENDO COMO DISTIN\u00c7\u00c3O O SENHOR JANDIR GRATIERI."}, {"id": "568", "ano": "2014", "numero": "20", "tipo__sigla": "MOC", "tipo__descricao": "Mo\u00e7\u00e3o", "autoria": "FRENTE PARLAMENTAR DE SEGURAN\u00c7A P\u00daBLICA", "texto_original": "http://sapl.marechalfloriano.es.leg.br/media/./sapl/public/materialegislativa/2014/568/568_texto_integral.rar", "ementa": "MO\u00c7\u00c3O: APLAUSOS E RECONHECIMENTO, TENDO COMO DISTIN\u00c7\u00c3O O SENHOR ANDR\u00c9 DE ALBUQUERQUE GARCIA."}, {"id": "569", "ano": "2014", "numero": "21", "tipo__sigla": "MOC", "tipo__descricao": "Mo\u00e7\u00e3o", "autoria": "Cabral, Coquinho", "texto_original": "http://sapl.marechalfloriano.es.leg.br/media/./sapl/public/materialegislativa/2014/569/569_texto_integral.rar", "ementa": "MO\u00c7\u00c3O: APLAUSOS E RECONHECIMENTO, TENDO COMO DISTIN\u00c7\u00c3O O SENHOR JURANDIR CAMPOS DO COUTO JUNIOR."}, {"id": "570", "ano": "2014", "numero": "22", "tipo__sigla": "MOC", "tipo__descricao": "Mo\u00e7\u00e3o", "autoria": "Dod\u00f4 Krohling", "texto_original": "http://sapl.marechalfloriano.es.leg.br/media/./sapl/public/materialegislativa/2014/570/570_texto_integral.rar", "ementa": "MO\u00c7\u00c3O: APLAUSOS E RECONHECIMENTO, TENDO COMO DISTIN\u00c7\u00c3O O SENHOR LUIS FERNANDO REGIANE."}, {"id": "571", "ano": "2014", "numero": "23", "tipo__sigla": "MOC", "tipo__descricao": "Mo\u00e7\u00e3o", "autoria": "Cabral, Dod\u00f4 Krohling", "texto_original": "http://sapl.marechalfloriano.es.leg.br/media/./sapl/public/materialegislativa/2014/571/571_texto_integral.rar", "ementa": "MO\u00c7\u00c3O: APLAUSOS E RECONHECIMENTO, TENDO COMO DISTIN\u00c7\u00c3O O SENHOR ANT\u00d4NIO LIDINEY GOBBI, SENHORA MARIA APARECIDA TRARBACH, SENHOR LUIS MAGNO FARIAS E O SENHOR UBALDINO SARAIVA."}, {"id": "572", "ano": "2014", "numero": "24", "tipo__sigla": "MOC", "tipo__descricao": "Mo\u00e7\u00e3o", "autoria": "Renato Werneck", "texto_original": "http://sapl.marechalfloriano.es.leg.br/media/./sapl/public/materialegislativa/2014/572/572_texto_integral.pdf", "ementa": "MO\u00c7\u00c3O: APLAUSOS E RECONHECIMENTO, TENDO COMO DISTIN\u00c7\u00c3O O SENHOR GILSINHO LOPES."}, {"id": "573", "ano": "2014", "numero": "25", "tipo__sigla": "MOC", "tipo__descricao": "Mo\u00e7\u00e3o", "autoria": "Renato Werneck", "texto_original": "http://sapl.marechalfloriano.es.leg.br/media/./sapl/public/materialegislativa/2014/573/573_texto_integral.rar", "ementa": "MO\u00c7\u00c3O: APLAUSOS E RECONHECIMENTO, TENDO COMO DISTIN\u00c7\u00c3O O SENHOR DENISON GERALDO RODRIGUES."}, {"id": "574", "ano": "2014", "numero": "26", "tipo__sigla": "MOC", "tipo__descricao": "Mo\u00e7\u00e3o", "autoria": "Cabral, Dod\u00f4 Krohling", "texto_original": "http://sapl.marechalfloriano.es.leg.br/media/./sapl/public/materialegislativa/2014/574/574_texto_integral.rar", "ementa": "MO\u00c7\u00c3O: APLAUSOS E RECONHECIMENTO, TENDO COMO DISTIN\u00c7\u00c3O OS SENHORES ONOFRE DE OLIVEIRA RODRIGUES E JUVENAL MOURA FREIRE."}, {"id": "575", "ano": "2014", "numero": "27", "tipo__sigla": "MOC", "tipo__descricao": "Mo\u00e7\u00e3o", "autoria": "Cabral", "texto_original": "http://sapl.marechalfloriano.es.leg.br/media/./sapl/public/materialegislativa/2014/575/575_texto_integral.rar", "ementa": "MO\u00c7\u00c3O: APLAUSOS E RECONHECIMENTO, TENDO COMO DISTIN\u00c7\u00c3O OS SENHORES ANGELO ULIANA ADEMILSON GRECCO."}, {"id": "576", "ano": "2014", "numero": "28", "tipo__sigla": "MOC", "tipo__descricao": "Mo\u00e7\u00e3o", "autoria": "PLEN\u00c1RIO 2013/2014", "texto_original": "http://sapl.marechalfloriano.es.leg.br/media/./sapl/public/materialegislativa/2014/576/576_texto_integral.rar", "ementa": "MO\u00c7\u00c3O DE PESAR PELO FALECIMENTO DO SENHOR FABR\u00cdCIO PACHECO DINIZ."}, {"id": "577", "ano": "2014", "numero": "29", "tipo__sigla": "MOC", "tipo__descricao": "Mo\u00e7\u00e3o", "autoria": "Coquinho", "texto_original": "http://sapl.marechalfloriano.es.leg.br/media/./sapl/public/materialegislativa/2014/577/577_texto_integral.rar", "ementa": "MO\u00c7\u00c3O: APLAUSOS E RECONHECIMENTO, TENDO COMO DISTIN\u00c7\u00c3O TODA A EQUIPE MEDICA DO HOSPITAL E MATERNIDADE ARTHUR GERHARDT."}, {"id": "578", "ano": "2014", "numero": "30", "tipo__sigla": "MOC", "tipo__descricao": "Mo\u00e7\u00e3o", "autoria": "Dod\u00f4 Krohling", "texto_original": "http://sapl.marechalfloriano.es.leg.br/media/./sapl/public/materialegislativa/2014/578/578_texto_integral.rar", "ementa": "MO\u00c7\u00c3O: APLAUSOS E RECONHECIMENTO, TENDO COMO DISTIN\u00c7\u00c3O A SENHORA SOLIN\u00c9IA LITTIG."}, {"id": "579", "ano": "2014", "numero": "31", "tipo__sigla": "MOC", "tipo__descricao": "Mo\u00e7\u00e3o", "autoria": "PLEN\u00c1RIO 2013/2014", "texto_original": "http://sapl.marechalfloriano.es.leg.br/media/./sapl/public/materialegislativa/2014/579/579_texto_integral.rar", "ementa": "MO\u00c7\u00c3O DE PESAR PELO FALECIMENTO DO SENHOR AUGUSTO CASAGRANDE."}, {"id": "580", "ano": "2014", "numero": "32", "tipo__sigla": "MOC", "tipo__descricao": "Mo\u00e7\u00e3o", "autoria": "CECT - COMISS\u00c3O DE ESPORTE, CULTURA E TURISMO", "texto_original": "http://sapl.marechalfloriano.es.leg.br/media/./sapl/public/materialegislativa/2014/580/580_texto_integral.rar", "ementa": "MO\u00c7\u00c3O: APLAUSOS E RECONHECIMENTO, TENDO COMO DISTIN\u00c7\u00c3O OS SENHORES MAUR\u00cdCIO SILVA, CILMAR FRANCESCHETTO E AGOSTINHO LAZZARO. "}, {"id": "581", "ano": "2014", "numero": "33", "tipo__sigla": "MOC", "tipo__descricao": "Mo\u00e7\u00e3o", "autoria": "Dod\u00f4 Krohling", "texto_original": "http://sapl.marechalfloriano.es.leg.br/media/./sapl/public/materialegislativa/2014/581/581_texto_integral.rar", "ementa": "MO\u00c7\u00c3O: APLAUSOS E RECONHECIMENTO, TENDO COMO DISTIN\u00c7\u00c3O OS SENHORES ATELCIO HUBER E JO\u00c3O CABRAL RODRIGUES CONCIGLIERI."}, {"id": "582", "ano": "2014", "numero": "34", "tipo__sigla": "MOC", "tipo__descricao": "Mo\u00e7\u00e3o", "autoria": "Renato Werneck", "texto_original": "http://sapl.marechalfloriano.es.leg.br/media/", "ementa": "MO\u00c7\u00c3O: APLAUSOS E RECONHECIMENTO, TENDO COMO DISTIN\u00c7\u00c3O OS SENHORES MAJOR MARCELO CORREA MUNIZ, CAPIT\u00c3O EDINEI BALBINO DE SOUSA E CAPIT\u00c3O ANTONIO ALMEIDA EXTENSIVOS A DEMAIS MILITARES ENVOLVIDOS NO PROERD.  "}, {"id": "583", "ano": "2014", "numero": "35", "tipo__sigla": "MOC", "tipo__descricao": "Mo\u00e7\u00e3o", "autoria": "PLEN\u00c1RIO 2013/2014", "texto_original": "http://sapl.marechalfloriano.es.leg.br/media/./sapl/public/materialegislativa/2014/583/583_texto_integral.rar", "ementa": "MO\u00c7\u00c3O DE PESAR PELO FALECIMENTO DO SENHOR SILVIO CORRADI SIQUEIRA."}, {"id": "584", "ano": "2014", "numero": "36", "tipo__sigla": "MOC", "tipo__descricao": "Mo\u00e7\u00e3o", "autoria": "Renato Werneck", "texto_original": "http://sapl.marechalfloriano.es.leg.br/media/./sapl/public/materialegislativa/2014/584/584_texto_integral.rar", "ementa": "MO\u00c7\u00c3O: APLAUSOS E RECONHECIMENTO, TENDO COMO DISTIN\u00c7\u00c3O O SENHOR KLEBERSON BUBACK.  "}, {"id": "585", "ano": "2014", "numero": "37", "tipo__sigla": "MOC", "tipo__descricao": "Mo\u00e7\u00e3o", "autoria": "Dod\u00f4 Krohling", "texto_original": "http://sapl.marechalfloriano.es.leg.br/media/./sapl/public/materialegislativa/2014/585/585_texto_integral.rar", "ementa": "MO\u00c7\u00c3O: APLAUSOS E RECONHECIMENTO, TENDO COMO DISTIN\u00c7\u00c3O A SENHORA EUN\u00cdCIA APARECIDA KROHLING PEREIRA. "}, {"id": "586", "ano": "2014", "numero": "38", "tipo__sigla": "MOC", "tipo__descricao": "Mo\u00e7\u00e3o", "autoria": "Dod\u00f4 Krohling", "texto_original": "http://sapl.marechalfloriano.es.leg.br/media/./sapl/public/materialegislativa/2014/586/586_texto_integral.rar", "ementa": "MO\u00c7\u00c3O: APLAUSOS E RECONHECIMENTO, TENDO COMO DISTIN\u00c7\u00c3O O SENHOR ANT\u00d4NIO LIDINEY GOBBI E A SENHORA ADENILDE STEIN SILVA. "}, {"id": "587", "ano": "2014", "numero": "39", "tipo__sigla": "MOC", "tipo__descricao": "Mo\u00e7\u00e3o", "autoria": "Dod\u00f4 Krohling", "texto_original": "http://sapl.marechalfloriano.es.leg.br/media/./sapl/public/materialegislativa/2014/587/587_texto_integral.rar", "ementa": "MO\u00c7\u00c3O: APLAUSOS E RECONHECIMENTO, TENDO COMO DISTIN\u00c7\u00c3O TODOS OS AVICULTORES DO NOSSO MUNIC\u00cdPIO."}, {"id": "588", "ano": "2014", "numero": "40", "tipo__sigla": "MOC", "tipo__descricao": "Mo\u00e7\u00e3o", "autoria": "Cabral, Dod\u00f4 Krohling", "texto_original": "http://sapl.marechalfloriano.es.leg.br/media/./sapl/public/materialegislativa/2014/588/588_texto_integral.rar", "ementa": "MO\u00c7\u00c3O DE PESAR PELO FALECIMENTO DA SENHORA OGENIA DEL PUPPO GOMES."}, {"id": "589", "ano": "2014", "numero": "41", "tipo__sigla": "MOC", "tipo__descricao": "Mo\u00e7\u00e3o", "autoria": "MESA DIRETORA 2013/2014", "texto_original": "http://sapl.marechalfloriano.es.leg.br/media/./sapl/public/materialegislativa/2014/589/589_texto_integral.rar", "ementa": "MO\u00c7\u00c3O: APLAUSOS E RECONHECIMENTO, TENDO COMO DISTIN\u00c7\u00c3O A SOCIPROMA - SOCIEDADE PR\u00d3-MELHORAMENTO DE ARAGUAIA."}, {"id": "590", "ano": "2014", "numero": "42", "tipo__sigla": "MOC", "tipo__descricao": "Mo\u00e7\u00e3o", "autoria": "Coquinho", "texto_original": "http://sapl.marechalfloriano.es.leg.br/media/./sapl/public/materialegislativa/2014/590/590_texto_integral.rar", "ementa": "MO\u00c7\u00c3O DE PESAR PELO FALECIMENTO DO SENHOR C\u00c9LIO HOFFMANN. "}, {"id": "591", "ano": "2014", "numero": "43", "tipo__sigla": "MOC", "tipo__descricao": "Mo\u00e7\u00e3o", "autoria": "Alcino Diniz, Juarez Xavier", "texto_original": "http://sapl.marechalfloriano.es.leg.br/media/./sapl/public/materialegislativa/2014/591/591_texto_integral.rar", "ementa": "MO\u00c7\u00c3O: APLAUSOS E RECONHECIMENTO, TENDO COMO DISTIN\u00c7\u00c3O AS SENHORAS IVANILDA OLIVEIRA BUENO E NAT\u00c1LIA TONOLI DOURO."}, {"id": "592", "ano": "2014", "numero": "44", "tipo__sigla": "MOC", "tipo__descricao": "Mo\u00e7\u00e3o", "autoria": "Dod\u00f4 Krohling", "texto_original": "http://sapl.marechalfloriano.es.leg.br/media/./sapl/public/materialegislativa/2014/592/592_texto_integral.rar", "ementa": "MO\u00c7\u00c3O: APLAUSOS E RECONHECIMENTO, TENDO COMO DISTIN\u00c7\u00c3O OS SENHORES JARBAS ROCHA E DJALMA LOCATELI.  "}, {"id": "593", "ano": "2014", "numero": "45", "tipo__sigla": "MOC", "tipo__descricao": "Mo\u00e7\u00e3o", "autoria": "Dod\u00f4 Krohling", "texto_original": "http://sapl.marechalfloriano.es.leg.br/media/./sapl/public/materialegislativa/2014/593/593_texto_integral.rar", "ementa": "MO\u00c7\u00c3O: APLAUSOS E RECONHECIMENTO, TENDO COMO DISTIN\u00c7\u00c3O A SENHORA REGINA BRUNORO  KROHLING, O SENHOR WERNER BRUSCKE."}, {"id": "594", "ano": "2014", "numero": "46", "tipo__sigla": "MOC", "tipo__descricao": "Mo\u00e7\u00e3o", "autoria": "CECT - COMISS\u00c3O DE ESPORTE, CULTURA E TURISMO", "texto_original": "http://sapl.marechalfloriano.es.leg.br/media/./sapl/public/materialegislativa/2014/594/594_texto_integral.rar", "ementa": "MO\u00c7\u00c3O: APLAUSOS E RECONHECIMENTO, TENDO COMO DISTIN\u00c7\u00c3O O SENHOR EDERVAN FUSSATO."}, {"id": "595", "ano": "2014", "numero": "47", "tipo__sigla": "MOC", "tipo__descricao": "Mo\u00e7\u00e3o", "autoria": "Dod\u00f4 Krohling", "texto_original": "http://sapl.marechalfloriano.es.leg.br/media/./sapl/public/materialegislativa/2014/595/595_texto_integral.rar", "ementa": "MO\u00c7\u00c3O DE PESAR PELO FALECIMENTO DA SENHORA EDITE CUNHA DA COSTA."}, {"id": "596", "ano": "2014", "numero": "48", "tipo__sigla": "MOC", "tipo__descricao": "Mo\u00e7\u00e3o", "autoria": "PLEN\u00c1RIO 2013/2014", "texto_original": "http://sapl.marechalfloriano.es.leg.br/media/./sapl/public/materialegislativa/2014/596/596_texto_integral.rar", "ementa": "MO\u00c7\u00c3O DE PESAR PELO FALECIMENTO DA SENHORA MARIA DAS CHAGAS KLEIN."}, {"id": "597", "ano": "2014", "numero": "49", "tipo__sigla": "MOC", "tipo__descricao": "Mo\u00e7\u00e3o", "autoria": "Coquinho", "texto_original": "http://sapl.marechalfloriano.es.leg.br/media/./sapl/public/materialegislativa/2014/597/597_texto_integral.pdf", "ementa": "MO\u00c7\u00c3O DE PESAR PELO FALECIMENTO DO SENHOR ARGEU COSMO."}, {"id": "598", "ano": "2014", "numero": "50", "tipo__sigla": "MOC", "tipo__descricao": "Mo\u00e7\u00e3o", "autoria": "Dod\u00f4 Krohling", "texto_original": "http://sapl.marechalfloriano.es.leg.br/media/./sapl/public/materialegislativa/2014/598/598_texto_integral.rar", "ementa": "MO\u00c7\u00c3O DE PESAR PELO FALECIMENTO DO SENHOR PAULO KROHLING."}, {"id": "599", "ano": "2014", "numero": "51", "tipo__sigla": "MOC", "tipo__descricao": "Mo\u00e7\u00e3o", "autoria": "PLEN\u00c1RIO 2013/2014", "texto_original": "http://sapl.marechalfloriano.es.leg.br/media/./sapl/public/materialegislativa/2014/599/599_texto_integral.rar", "ementa": "MO\u00c7\u00c3O DE PESAR PELO FALECIMENTO DO SENHOR PAULO ROBERTO RAASCH."}, {"id": "600", "ano": "2014", "numero": "52", "tipo__sigla": "MOC", "tipo__descricao": "Mo\u00e7\u00e3o", "autoria": "Renato Werneck", "texto_original": "http://sapl.marechalfloriano.es.leg.br/media/./sapl/public/materialegislativa/2014/600/600_texto_integral.rar", "ementa": "MO\u00c7\u00c3O: APLAUSOS E RECONHECIMENTO, TENDO COMO DISTIN\u00c7\u00c3O AS PROFESSORAS CRISTIANE MACHADO DA SILVA, RUTH APARECIDA PIMENTEL GARCIA E A DIRETORA SILVANA REGINA FERREIRA, EXTENSIVOS AOS ALUNOS DO 5\u00b0 ANO II E 5\u00b0 ANO V DA ESCOLA MUNICIPAL DE ENSINO FUNDAMENTAL \"ELISI\u00c1RIO FERREIRA FILHO\" "}, {"id": "601", "ano": "2014", "numero": "53", "tipo__sigla": "MOC", "tipo__descricao": "Mo\u00e7\u00e3o", "autoria": "Coquinho", "texto_original": "http://sapl.marechalfloriano.es.leg.br/media/./sapl/public/materialegislativa/2014/601/601_texto_integral.rar", "ementa": "MO\u00c7\u00c3O DE PESAR PELO FALECIMENTO DO SENHOR EURIDES KLIPPEL. "}, {"id": "602", "ano": "2014", "numero": "54", "tipo__sigla": "MOC", "tipo__descricao": "Mo\u00e7\u00e3o", "autoria": "Dod\u00f4 Krohling", "texto_original": "http://sapl.marechalfloriano.es.leg.br/media/./sapl/public/materialegislativa/2014/602/602_texto_integral.rar", "ementa": "MO\u00c7\u00c3O: APLAUSOS E RECONHECIMENTO, TENDO COMO DISTIN\u00c7\u00c3O A SENHORA ADENILDE STEIN SILVA."}, {"id": "603", "ano": "2014", "numero": "55", "tipo__sigla": "MOC", "tipo__descricao": "Mo\u00e7\u00e3o", "autoria": "Dod\u00f4 Krohling", "texto_original": "http://sapl.marechalfloriano.es.leg.br/media/./sapl/public/materialegislativa/2014/603/603_texto_integral.rar", "ementa": "MO\u00c7\u00c3O: APLAUSOS E RECONHECIMENTO, TENDO COMO DISTIN\u00c7\u00c3O AS SENHORAS EUN\u00cdCIA APARECIDA KROHLING PEREIRA E ELIS\u00c2NGELA MACHADO DORO. "}, {"id": "604", "ano": "2014", "numero": "56", "tipo__sigla": "MOC", "tipo__descricao": "Mo\u00e7\u00e3o", "autoria": "Dod\u00f4 Krohling", "texto_original": "http://sapl.marechalfloriano.es.leg.br/media/./sapl/public/materialegislativa/2014/604/604_texto_integral.rar", "ementa": "MO\u00c7\u00c3O: APLAUSOS E RECONHECIMENTO, TENDO COMO DISTIN\u00c7\u00c3O OS SENHORES F\u00c1BIO JACOB TESCH E EDIMAR MARQUES."}, {"id": "605", "ano": "2014", "numero": "57", "tipo__sigla": "MOC", "tipo__descricao": "Mo\u00e7\u00e3o", "autoria": "Renato Werneck", "texto_original": "http://sapl.marechalfloriano.es.leg.br/media/./sapl/public/materialegislativa/2014/605/605_texto_integral.rar", "ementa": "MO\u00c7\u00c3O: APLAUSOS E RECONHECIMENTO, TENDO COMO DISTIN\u00c7\u00c3O O SENHOR  CAPIT\u00c3O EDINEI BALBINO DE SOUSA, BEM COMO SUA COMPETENTE EQUIPE DE POLICIAIS. "}, {"id": "606", "ano": "2014", "numero": "58", "tipo__sigla": "MOC", "tipo__descricao": "Mo\u00e7\u00e3o", "autoria": "Coquinho", "texto_original": "http://sapl.marechalfloriano.es.leg.br/media/./sapl/public/materialegislativa/2014/606/606_texto_integral.pdf", "ementa": "MO\u00c7\u00c3O: APLAUSOS E RECONHECIMENTO, TENDO COMO DISTIN\u00c7\u00c3O OS SENHORES JOS\u00c9 FELIX DUARTE NETO E ERQUIAS OLIVEIRA DA SILVA. "}, {"id": "607", "ano": "2014", "numero": "59", "tipo__sigla": "MOC", "tipo__descricao": "Mo\u00e7\u00e3o", "autoria": "Alcino Diniz", "texto_original": "http://sapl.marechalfloriano.es.leg.br/media/./sapl/public/materialegislativa/2014/607/607_texto_integral.rar", "ementa": "MO\u00c7\u00c3O: APLAUSOS E RECONHECIMENTO, TENDO COMO DISTIN\u00c7\u00c3O O SENHOR JO\u00c3O CARLOS LORENZONE."}, {"id": "8719", "ano": "2014", "numero": "60", "tipo__sigla": "MOC", "tipo__descricao": "Mo\u00e7\u00e3o", "autoria": "Cabral", "texto_original": "http://sapl.marechalfloriano.es.leg.br/media/sapl/public/materialegislativa/2014/8719/mocao_060-2014.pdf", "ementa": "Voto de Aplausos e Reconhecimento, eleitos em 05 de outubro do corrente ano, em virtude de suas conquistas aos pleitos, respectivamente, de Governador Paulo Hartung, Senadora Rose de Freitas, Deputado Federal Lelo Coimbra e Deputada Estadual Luzia Toledo."}, {"id": "608", "ano": "2014", "numero": "61", "tipo__sigla": "MOC", "tipo__descricao": "Mo\u00e7\u00e3o", "autoria": "D\u00f3rio Braun (Suplente)", "texto_original": "http://sapl.marechalfloriano.es.leg.br/media/./sapl/public/materialegislativa/2014/608/608_texto_integral.rar", "ementa": "MO\u00c7\u00c3O: APLAUSOS E RECONHECIMENTO, TENDO COMO DISTIN\u00c7\u00c3O A EQUIPE DE V\u00d4LEI DA ESCOLA ESTADUAL DE ENSINO FUNDAMENTAL E M\u00c9DIO VICT\u00d3RIO BRAVIM. "}, {"id": "609", "ano": "2014", "numero": "62", "tipo__sigla": "MOC", "tipo__descricao": "Mo\u00e7\u00e3o", "autoria": "Coquinho, Juarez Xavier", "texto_original": "http://sapl.marechalfloriano.es.leg.br/media/./sapl/public/materialegislativa/2014/609/609_texto_integral.rar", "ementa": "MO\u00c7\u00c3O: APLAUSOS E RECONHECIMENTO, TENDO COMO DISTIN\u00c7\u00c3O AS SENHORAS ANA MEIRELLES E SILMARA BRUNA ZAMBON."}, {"id": "610", "ano": "2014", "numero": "63", "tipo__sigla": "MOC", "tipo__descricao": "Mo\u00e7\u00e3o", "autoria": "Coquinho", "texto_original": "http://sapl.marechalfloriano.es.leg.br/media/./sapl/public/materialegislativa/2014/610/610_texto_integral.rar", "ementa": "MO\u00c7\u00c3O DE PESAR PELO FALECIMENTO DO SENHOR GALDINO JOS\u00c9 RODRIGUES."}, {"id": "611", "ano": "2014", "numero": "64", "tipo__sigla": "MOC", "tipo__descricao": "Mo\u00e7\u00e3o", "autoria": "Cabral", "texto_original": "http://sapl.marechalfloriano.es.leg.br/media/./sapl/public/materialegislativa/2014/611/611_texto_integral.rar", "ementa": "MO\u00c7\u00c3O DE PESAR PELO FALECIMENTO DA SENHORA ANAD\u00cdLIA KLEIN DAS CHAGAS. "}, {"id": "612", "ano": "2014", "numero": "65", "tipo__sigla": "MOC", "tipo__descricao": "Mo\u00e7\u00e3o", "autoria": "Alcino Diniz", "texto_original": "http://sapl.marechalfloriano.es.leg.br/media/./sapl/public/materialegislativa/2014/612/612_texto_integral.rar", "ementa": "MO\u00c7\u00c3O DE PESAR PELO FALECIMENTO DA SENHORA ANAD\u00cdLIA KLEIN DAS CHAGAS."}, {"id": "613", "ano": "2014", "numero": "66", "tipo__sigla": "MOC", "tipo__descricao": "Mo\u00e7\u00e3o", "autoria": "D\u00f3rio Braun (Suplente)", "texto_original": "http://sapl.marechalfloriano.es.leg.br/media/./sapl/public/materialegislativa/2014/613/613_texto_integral.pdf", "ementa": "MO\u00c7\u00c3O DE PESAR PELO FALECIMENTO DA SENHORA IZAURA GARBELLOTO BUZATO. "}, {"id": "614", "ano": "2014", "numero": "67", "tipo__sigla": "MOC", "tipo__descricao": "Mo\u00e7\u00e3o", "autoria": "Alcino Diniz", "texto_original": "http://sapl.marechalfloriano.es.leg.br/media/./sapl/public/materialegislativa/2014/614/614_texto_integral.rar", "ementa": "MO\u00c7\u00c3O: APLAUSOS E RECONHECIMENTO, TENDO COMO DISTIN\u00c7\u00c3O O SENHOR NESTOR WILLE."}, {"id": "615", "ano": "2014", "numero": "68", "tipo__sigla": "MOC", "tipo__descricao": "Mo\u00e7\u00e3o", "autoria": "D\u00f3rio Braun (Suplente)", "texto_original": "http://sapl.marechalfloriano.es.leg.br/media/./sapl/public/materialegislativa/2014/615/615_texto_integral.rar", "ementa": "MO\u00c7\u00c3O: APLAUSOS E RECONHECIMENTO, TENDO COMO DISTIN\u00c7\u00c3O OS SENHORES MAJOR WELIGTHON NALESSO DENADAI E CAPIT\u00c3O EDINEI BALBINO DE SOUSA. "}, {"id": "616", "ano": "2014", "numero": "69", "tipo__sigla": "MOC", "tipo__descricao": "Mo\u00e7\u00e3o", "autoria": "Renato Werneck", "texto_original": "http://sapl.marechalfloriano.es.leg.br/media/./sapl/public/materialegislativa/2014/616/616_texto_integral.rar", "ementa": "MO\u00c7\u00c3O: APLAUSOS E RECONHECIMENTO, TENDO COMO DISTIN\u00c7\u00c3O O SENHOR J\u00daLIO HUBER."}, {"id": "617", "ano": "2014", "numero": "70", "tipo__sigla": "MOC", "tipo__descricao": "Mo\u00e7\u00e3o", "autoria": "Cabral", "texto_original": "http://sapl.marechalfloriano.es.leg.br/media/./sapl/public/materialegislativa/2014/617/617_texto_integral.rar", "ementa": "MO\u00c7\u00c3O: APLAUSOS E RECONHECIMENTO, TENDO COMO DISTIN\u00c7\u00c3O O SENHOR ELIAS KIEFER."}, {"id": "618", "ano": "2014", "numero": "71", "tipo__sigla": "MOC", "tipo__descricao": "Mo\u00e7\u00e3o", "autoria": "D\u00f3rio Braun (Suplente)", "texto_original": "http://sapl.marechalfloriano.es.leg.br/media/./sapl/public/materialegislativa/2014/618/618_texto_integral.rar", "ementa": "MO\u00c7\u00c3O: APLAUSOS E RECONHECIMENTO, TENDO COMO DISTIN\u00c7\u00c3O O SENHOR PADRE JOSEMAR RUBENS STEIN."}, {"id": "619", "ano": "2014", "numero": "72", "tipo__sigla": "MOC", "tipo__descricao": "Mo\u00e7\u00e3o", "autoria": "Cezinha Ronchi", "texto_original": "http://sapl.marechalfloriano.es.leg.br/media/./sapl/public/materialegislativa/2014/619/619_texto_integral.rar", "ementa": "MO\u00c7\u00c3O: APLAUSOS E RECONHECIMENTO, TENDO COMO DISTIN\u00c7\u00c3O OS SENHORES DOM LUIZ MANCILHA VILELA, PADRE JOSEMAR RUBENS STEIN, LA\u00c9RCIO LUDWIG E LEANDRO PREST."}, {"id": "11900", "ano": "2014", "numero": "1", "tipo__sigla": "PAR", "tipo__descricao": "Parecer das Comiss\u00f5es", "autoria": "CFO - COMISS\u00c3O DE FINAN\u00c7AS E OR\u00c7AMENTO, CLJRF - COMISS\u00c3O DE LEGISLA\u00c7\u00c3O, JUSTI\u00c7A E REDA\u00c7\u00c3O FINAL", "texto_original": "http://sapl.marechalfloriano.es.leg.br/media/sapl/public/materialegislativa/2014/11900/pc_001-2014.pdf", "ementa": "RELATIVO AO PROJETO DE LEI N\u00b0 002/2014 QUE \"INSTITUI A NOTA FISCAL DE SERVI\u00c7OS ELETR\u00d4NICA NFS-E E DECLARA\u00c7\u00c3O ELETR\u00d4NICA MENSAL DO IMPOSTO SOBRE SERVI\u00c7OS DE QUALQUER NATUREZA PARA AS INSTITUI\u00c7\u00d5ES FINANCEIRAS INTEGRANTES DO SISTEMA FINANCEIRO NACIONAL, NOS TERMOS DA LEI 4.495/64, A SER REALIZADA POR MEIO DO SOFTWARE DE DECLRA\u00c7\u00c3O MENSAL DE SERVI\u00c7OS BANC\u00c1RIOS E D\u00c1 OUTRAS PROVID\u00caNCIAS\"."}, {"id": "11901", "ano": "2014", "numero": "2", "tipo__sigla": "PAR", "tipo__descricao": "Parecer das Comiss\u00f5es", "autoria": "CLJRF - COMISS\u00c3O DE LEGISLA\u00c7\u00c3O, JUSTI\u00c7A E REDA\u00c7\u00c3O FINAL", "texto_original": "http://sapl.marechalfloriano.es.leg.br/media/sapl/public/materialegislativa/2014/11901/pc_002-2014.pdf", "ementa": "RELATIVO AO PROJETO DE LEI N\u00b0 001/2014 QUE \"ALTERA A VINCULA\u00c7\u00c3O DE CARGOS PREVISTOS DO ANEXO VI DO PLANO DE CARREIRA E VENCIMENTOS DOS PROFISSIONAIS DO MAGIST\u00c9RIO P\u00daBLICO DO MUNIC\u00cdPIO DE MARECHAL FLORIANO\"."}, {"id": "11902", "ano": "2014", "numero": "3", "tipo__sigla": "PAR", "tipo__descricao": "Parecer das Comiss\u00f5es", "autoria": "CFO - COMISS\u00c3O DE FINAN\u00c7AS E OR\u00c7AMENTO", "texto_original": "http://sapl.marechalfloriano.es.leg.br/media/sapl/public/materialegislativa/2014/11902/pc_003-2014.pdf", "ementa": "RELATIVO AO PROJETO DE LEI N\u00b0 001/2014 QUE \"ALTERA A VINCULA\u00c7\u00c3O DE CARGOS PREVISTO NO ANEXO VI DO PLANO DE CARREIRA E VENCIMENTOS DOS PROFISSIONAIS DO MAGIST\u00c9RIO P\u00daBLICO DO MUNIC\u00cdPIO DE MARECHAL FLORIANO\"."}, {"id": "11903", "ano": "2014", "numero": "4", "tipo__sigla": "PAR", "tipo__descricao": "Parecer das Comiss\u00f5es", "autoria": "CESA - COMISS\u00c3O DE EDUCA\u00c7\u00c3O, SA\u00daDE E ASSIST\u00caNCIA", "texto_original": "http://sapl.marechalfloriano.es.leg.br/media/sapl/public/materialegislativa/2014/11903/pc_004-2014.pdf", "ementa": "RELATIVO AO PROJETO DE LEI N\u00b0 001/2014 QUE \"ALTERA A VINCULA\u00c7\u00c3O DE CARGOS PREVISTO NO ANEXO VI DO PLANO DE CARREIRA E VENCIMENTOS DOS PROFISSIONAIS DO MAGIST\u00c9RIO P\u00daBLICO DO MUNIC\u00cdPIO DE MARECHAL FLORIANO\"."}, {"id": "11904", "ano": "2014", "numero": "5", "tipo__sigla": "PAR", "tipo__descricao": "Parecer das Comiss\u00f5es", "autoria": "CLJRF - COMISS\u00c3O DE LEGISLA\u00c7\u00c3O, JUSTI\u00c7A E REDA\u00c7\u00c3O FINAL", "texto_original": "http://sapl.marechalfloriano.es.leg.br/media/sapl/public/materialegislativa/2014/11904/pc_005-2014.pdf", "ementa": "RELATIVO AO PROJETO DE LEI N\u00b0 223/2013 QUE \"DISP\u00d5E SOBRE A APRESENTA\u00c7\u00c3O DE M\u00daSICOS E BANDAS LOCAIS NOS EVENTOS APOIADOS E/OU REALIZADOS PELA PREFEITURA MUNICIPAL DE MARECHAL FLORIANO E D\u00c1 OUTRAS PROVID\u00caNCIAS\"."}, {"id": "11905", "ano": "2014", "numero": "6", "tipo__sigla": "PAR", "tipo__descricao": "Parecer das Comiss\u00f5es", "autoria": "CFO - COMISS\u00c3O DE FINAN\u00c7AS E OR\u00c7AMENTO, CLJRF - COMISS\u00c3O DE LEGISLA\u00c7\u00c3O, JUSTI\u00c7A E REDA\u00c7\u00c3O FINAL", "texto_original": "http://sapl.marechalfloriano.es.leg.br/media/sapl/public/materialegislativa/2014/11905/pc_006-2014.pdf", "ementa": "RELATIVO AO PROJETO DE LEI N\u00b0 004/2014 QUE \"FIXA \u00c1REA DE EXPANS\u00c3O URBANA COM VISTAS \u00c1 URBANIZA\u00c7\u00c3O\"."}, {"id": "11906", "ano": "2014", "numero": "7", "tipo__sigla": "PAR", "tipo__descricao": "Parecer das Comiss\u00f5es", "autoria": "CFO - COMISS\u00c3O DE FINAN\u00c7AS E OR\u00c7AMENTO, CLJRF - COMISS\u00c3O DE LEGISLA\u00c7\u00c3O, JUSTI\u00c7A E REDA\u00c7\u00c3O FINAL", "texto_original": "http://sapl.marechalfloriano.es.leg.br/media/sapl/public/materialegislativa/2014/11906/pc_007-2014.pdf", "ementa": "RELATIVO AO PROJETO DE LEI N\u00b0 005/2014 QUE \"ALTERA A LEI MUNICIPAL N\u00b0 1052, DE 28 DE JUNHO DE 2011, QUE DISP\u00d5E SOBRE O PROGRAMA DE EST\u00c1GIO PARA ESTUDANTES, NO \u00c2MBITO DO PODER LEGISLATIVO MUNICIPAL\"."}, {"id": "11907", "ano": "2014", "numero": "8", "tipo__sigla": "PAR", "tipo__descricao": "Parecer das Comiss\u00f5es", "autoria": "CESA - COMISS\u00c3O DE EDUCA\u00c7\u00c3O, SA\u00daDE E ASSIST\u00caNCIA, CFO - COMISS\u00c3O DE FINAN\u00c7AS E OR\u00c7AMENTO, CLJRF - COMISS\u00c3O DE LEGISLA\u00c7\u00c3O, JUSTI\u00c7A E REDA\u00c7\u00c3O FINAL", "texto_original": "http://sapl.marechalfloriano.es.leg.br/media/sapl/public/materialegislativa/2014/11907/pc_008-2014.pdf", "ementa": "RELATIVO AO PROJETO DE LEI N\u00b0 006/2014 QUE \"INSTITUI A POL\u00cdTICA MUNICIPAL DE CONSCIENTIZA\u00c7\u00c3O E ORIENTA\u00c7\u00c3O SOBRE DOEN\u00c7AS AUTO-IMUNES NO MUNIC\u00cdPIO DE MARECHAL FLORIANO\"."}, {"id": "11908", "ano": "2014", "numero": "9", "tipo__sigla": "PAR", "tipo__descricao": "Parecer das Comiss\u00f5es", "autoria": "CLJRF - COMISS\u00c3O DE LEGISLA\u00c7\u00c3O, JUSTI\u00c7A E REDA\u00c7\u00c3O FINAL", "texto_original": "http://sapl.marechalfloriano.es.leg.br/media/sapl/public/materialegislativa/2014/11908/pc_009-2014.pdf", "ementa": "RELATIVO AO PROJETO DE LEI N\u00b0 008/2014 QUE \"DENOMINA DE CAMPO BOM DE BOLA AURELIANO MATHIAS LITTIG, EM SO\u00cdDO DE BAIXO\"."}, {"id": "11909", "ano": "2014", "numero": "10", "tipo__sigla": "PAR", "tipo__descricao": "Parecer das Comiss\u00f5es", "autoria": "CLJRF - COMISS\u00c3O DE LEGISLA\u00c7\u00c3O, JUSTI\u00c7A E REDA\u00c7\u00c3O FINAL", "texto_original": "http://sapl.marechalfloriano.es.leg.br/media/sapl/public/materialegislativa/2014/11909/pc_010-2014.pdf", "ementa": "RELATIVO AO PROJETO DE LEI N\u00b0 007/2014 QUE \"DENOMINA DE EST\u00c1DIO MUNICIPAL VALE DA ESPERAN\u00c7A, EM SO\u00cdDO DE BAIXO\"."}, {"id": "11910", "ano": "2014", "numero": "11", "tipo__sigla": "PAR", "tipo__descricao": "Parecer das Comiss\u00f5es", "autoria": "CLJRF - COMISS\u00c3O DE LEGISLA\u00c7\u00c3O, JUSTI\u00c7A E REDA\u00c7\u00c3O FINAL", "texto_original": "http://sapl.marechalfloriano.es.leg.br/media/sapl/public/materialegislativa/2014/11910/pc_011-2014.pdf", "ementa": "RELATIVO AO PROJETO DE LEI N\u00b0 010/2014 QUE \"DENOMINA DE BOENO MENENDEZ A PISTA DE SKATE LOCALIZADA NA SEDE DESTE MUNIC\u00cdPIO\"."}, {"id": "11911", "ano": "2014", "numero": "12", "tipo__sigla": "PAR", "tipo__descricao": "Parecer das Comiss\u00f5es", "autoria": "CFO - COMISS\u00c3O DE FINAN\u00c7AS E OR\u00c7AMENTO, CLJRF - COMISS\u00c3O DE LEGISLA\u00c7\u00c3O, JUSTI\u00c7A E REDA\u00c7\u00c3O FINAL", "texto_original": "http://sapl.marechalfloriano.es.leg.br/media/sapl/public/materialegislativa/2014/11911/pc_012-2014.pdf", "ementa": "RELATIVO AO PROJETO DE LEI N\u00b0 009/2014 QUE \"DISP\u00d5E SOBRE A FIXA\u00c7\u00c3O DE PLACAS ORIENTADORAS COM NOME DOS M\u00c9DICOS, SEUS HOR\u00c1RIOS DE ATENDIMENTO DE SA\u00daDE DO MUNIC\u00cdPIO E D\u00c1 OUTRAS PROVID\u00caNCIAS\"."}, {"id": "11912", "ano": "2014", "numero": "13", "tipo__sigla": "PAR", "tipo__descricao": "Parecer das Comiss\u00f5es", "autoria": "CLJRF - COMISS\u00c3O DE LEGISLA\u00c7\u00c3O, JUSTI\u00c7A E REDA\u00c7\u00c3O FINAL", "texto_original": "http://sapl.marechalfloriano.es.leg.br/media/sapl/public/materialegislativa/2014/11912/pc_013-2014.pdf", "ementa": "RELATIVO AO PROJETO DE LEI N\u00b0 016/2014 QUE \"DISP\u00d5E SOBRE A ALTERA\u00c7\u00c3O DA LEI MUNICIPAL N\u00b0 1133, DE 10 DE MAIO DE 2012, QUE DENOMINA DE LADEIRA MUNICIPAL MARIO SCHUNK"}, {"id": "11913", "ano": "2014", "numero": "14", "tipo__sigla": "PAR", "tipo__descricao": "Parecer das Comiss\u00f5es", "autoria": "CFO - COMISS\u00c3O DE FINAN\u00c7AS E OR\u00c7AMENTO, CLJRF - COMISS\u00c3O DE LEGISLA\u00c7\u00c3O, JUSTI\u00c7A E REDA\u00c7\u00c3O FINAL", "texto_original": "http://sapl.marechalfloriano.es.leg.br/media/sapl/public/materialegislativa/2014/11913/pc_014-2014.pdf", "ementa": "RELATIVO AO PROJETO DE LEI N\u00b0 015/2014 QUE \"DISP\u00d5E SOBRE A PROIBI\u00c7\u00c3O DE ESTACIONAMENTO QUE MENCIONA E D\u00c1 OUTRAS PROVID\u00caNCIAS\"."}, {"id": "11914", "ano": "2014", "numero": "15", "tipo__sigla": "PAR", "tipo__descricao": "Parecer das Comiss\u00f5es", "autoria": "CFO - COMISS\u00c3O DE FINAN\u00c7AS E OR\u00c7AMENTO, CLJRF - COMISS\u00c3O DE LEGISLA\u00c7\u00c3O, JUSTI\u00c7A E REDA\u00c7\u00c3O FINAL", "texto_original": "http://sapl.marechalfloriano.es.leg.br/media/sapl/public/materialegislativa/2014/11914/pc_015-2014.pdf", "ementa": "RELATIVO AO PROJETO DE LEI N\u00b0 014/2014 QUE \"DISP\u00d5E SOBRE A IMPLANTA\u00c7\u00c3O DO PROGRAMA CONHECENDO NOSSAS ESTRADAS\"."}, {"id": "11915", "ano": "2014", "numero": "16", "tipo__sigla": "PAR", "tipo__descricao": "Parecer das Comiss\u00f5es", "autoria": "CFO - COMISS\u00c3O DE FINAN\u00c7AS E OR\u00c7AMENTO, CLJRF - COMISS\u00c3O DE LEGISLA\u00c7\u00c3O, JUSTI\u00c7A E REDA\u00c7\u00c3O FINAL", "texto_original": "http://sapl.marechalfloriano.es.leg.br/media/sapl/public/materialegislativa/2014/11915/pc_016-2014.pdf", "ementa": "RELATIVO AO PROJETO DE LEI N\u00b0 020/2014 QUE \"INSTITUI A CRIA\u00c7\u00c3O DA ROTA TUR\u00cdSTICA PRESIDENTE NILO PE\u00c7ANHA\" NO MUNIC\u00cdPIO DE MARECHAL FLORIANO E D\u00c1 OUTRAS PROVID\u00caNCIAS\"."}, {"id": "11916", "ano": "2014", "numero": "17", "tipo__sigla": "PAR", "tipo__descricao": "Parecer das Comiss\u00f5es", "autoria": "CLJRF - COMISS\u00c3O DE LEGISLA\u00c7\u00c3O, JUSTI\u00c7A E REDA\u00c7\u00c3O FINAL", "texto_original": "http://sapl.marechalfloriano.es.leg.br/media/sapl/public/materialegislativa/2014/11916/pc_017-2014.pdf", "ementa": "RELATIVO AO PROJETO DE LEI N\u00b0 022/2014 QUE \"DENOMINA DE LADEIRA GOVERNADOR MUNICIPAL JO\u00c3O LORENZONI, NO DISTRITO DE ARAGUAIA\"."}, {"id": "11917", "ano": "2014", "numero": "18", "tipo__sigla": "PAR", "tipo__descricao": "Parecer das Comiss\u00f5es", "autoria": "CLJRF - COMISS\u00c3O DE LEGISLA\u00c7\u00c3O, JUSTI\u00c7A E REDA\u00c7\u00c3O FINAL", "texto_original": "http://sapl.marechalfloriano.es.leg.br/media/sapl/public/materialegislativa/2014/11917/pc_018-2014.pdf", "ementa": "RELATIVO AO PROJETO DE LEI N\u00b0 022/2014 QUE \"DENOMINA DE LADEIRA GOVERNADOR MUNICIPAL JO\u00c3O LORENZONI, NO DISTRITO DE ARAGUAIA\"."}, {"id": "11918", "ano": "2014", "numero": "19", "tipo__sigla": "PAR", "tipo__descricao": "Parecer das Comiss\u00f5es", "autoria": "CLJRF - COMISS\u00c3O DE LEGISLA\u00c7\u00c3O, JUSTI\u00c7A E REDA\u00c7\u00c3O FINAL", "texto_original": "http://sapl.marechalfloriano.es.leg.br/media/sapl/public/materialegislativa/2014/11918/pc_019-2014.pdf", "ementa": "RELATIVO AO PROJETO DE LEI N\u00b0 022/2014 QUE \"DENOMINA DE LADEIRA GOVERNADOR MUNICIPAL JO\u00c3O LORENZONI, NO DISTRITO DE ARAGUAIA\"."}, {"id": "11919", "ano": "2014", "numero": "20", "tipo__sigla": "PAR", "tipo__descricao": "Parecer das Comiss\u00f5es", "autoria": "CFO - COMISS\u00c3O DE FINAN\u00c7AS E OR\u00c7AMENTO, CLJRF - COMISS\u00c3O DE LEGISLA\u00c7\u00c3O, JUSTI\u00c7A E REDA\u00c7\u00c3O FINAL", "texto_original": "http://sapl.marechalfloriano.es.leg.br/media/sapl/public/materialegislativa/2014/11919/pc_020-2014.pdf", "ementa": "RELATIVO AO PROJETO DE LEI N\u00b0 026/2014 QUE \"INSTITUI O PROJETO CABELOS DE PRATA E D\u00c1 OUTRAS PROVID\u00caNCIAS\"."}, {"id": "11920", "ano": "2014", "numero": "21", "tipo__sigla": "PAR", "tipo__descricao": "Parecer das Comiss\u00f5es", "autoria": "CFO - COMISS\u00c3O DE FINAN\u00c7AS E OR\u00c7AMENTO, CLJRF - COMISS\u00c3O DE LEGISLA\u00c7\u00c3O, JUSTI\u00c7A E REDA\u00c7\u00c3O FINAL", "texto_original": "http://sapl.marechalfloriano.es.leg.br/media/sapl/public/materialegislativa/2014/11920/pc_021-2014.pdf", "ementa": "RELATIVO AO PROJETO DE LEI N\u00b0 012/2014 QUE \"DISP\u00d5E SOBRE A CRIA\u00c7\u00c3O DO PROGRAMA C\u00c2MARA CIDAD\u00c3\"."}, {"id": "11921", "ano": "2014", "numero": "22", "tipo__sigla": "PAR", "tipo__descricao": "Parecer das Comiss\u00f5es", "autoria": "CESA - COMISS\u00c3O DE EDUCA\u00c7\u00c3O, SA\u00daDE E ASSIST\u00caNCIA, CFO - COMISS\u00c3O DE FINAN\u00c7AS E OR\u00c7AMENTO, CLJRF - COMISS\u00c3O DE LEGISLA\u00c7\u00c3O, JUSTI\u00c7A E REDA\u00c7\u00c3O FINAL", "texto_original": "http://sapl.marechalfloriano.es.leg.br/media/sapl/public/materialegislativa/2014/11921/pc_022-2014.pdf", "ementa": "RELATIVO AO PROJETO DE LEI N\u00b0 011/2014 QUE \"INSTITUI O SISTEMA \u00daNICO DE ASSIST\u00caNCIA SOCIAL DO MUNIC\u00cdPIO- SUAS - MARECHAL FLORIANO, E D\u00c1 OUTRAS PROVID\u00caNCIAS\"."}, {"id": "11922", "ano": "2014", "numero": "23", "tipo__sigla": "PAR", "tipo__descricao": "Parecer das Comiss\u00f5es", "autoria": "CFO - COMISS\u00c3O DE FINAN\u00c7AS E OR\u00c7AMENTO, CLJRF - COMISS\u00c3O DE LEGISLA\u00c7\u00c3O, JUSTI\u00c7A E REDA\u00c7\u00c3O FINAL", "texto_original": "http://sapl.marechalfloriano.es.leg.br/media/sapl/public/materialegislativa/2014/11922/pc_023-2014.pdf", "ementa": "RELATIVO AO PROJETO DE LEI N\u00b0 013/2014 QUE \"CRIA O ESPA\u00c7O CULTURAL NAS DEPEND\u00caNCIAS DA SEDE DA C\u00c2MARA MUNICIPAL DE MARECHAL FLORIANO\"."}, {"id": "11923", "ano": "2014", "numero": "24", "tipo__sigla": "PAR", "tipo__descricao": "Parecer das Comiss\u00f5es", "autoria": "CFO - COMISS\u00c3O DE FINAN\u00c7AS E OR\u00c7AMENTO, CLJRF - COMISS\u00c3O DE LEGISLA\u00c7\u00c3O, JUSTI\u00c7A E REDA\u00c7\u00c3O FINAL", "texto_original": "http://sapl.marechalfloriano.es.leg.br/media/sapl/public/materialegislativa/2014/11923/pc_024-2014.pdf", "ementa": "RELATIVO AO PROJETO DE LEI N\u00b0 031/2014 QUE \"AUTORIZA O PODER EXECUTIVO MUNICIPAL A PRORROGAR CONTRATA\u00c7\u00c3O TEMPOR\u00c1RIA DE PESSOAS, PARA ATENDER AS NECESSIDADES DA SEMUS\"."}, {"id": "11924", "ano": "2014", "numero": "25", "tipo__sigla": "PAR", "tipo__descricao": "Parecer das Comiss\u00f5es", "autoria": "CESA - COMISS\u00c3O DE EDUCA\u00c7\u00c3O, SA\u00daDE E ASSIST\u00caNCIA, CLJRF - COMISS\u00c3O DE LEGISLA\u00c7\u00c3O, JUSTI\u00c7A E REDA\u00c7\u00c3O FINAL", "texto_original": "http://sapl.marechalfloriano.es.leg.br/media/sapl/public/materialegislativa/2014/11924/pc_025-2014.pdf", "ementa": "RELATIVO AO PROJETO DE LEI N\u00b0 019/2014 QUE \"DISP\u00d5E SOBRE A CRIA\u00c7\u00c3O DO PROGRAMA VEREADOR FLORIANENSE JOVEM NO MUNIC\u00cdPIO DE MARECHAL FLORIANO E D\u00c1 OUTRAS PROVID\u00caNCIAS\"."}, {"id": "11925", "ano": "2014", "numero": "26", "tipo__sigla": "PAR", "tipo__descricao": "Parecer das Comiss\u00f5es", "autoria": "CFO - COMISS\u00c3O DE FINAN\u00c7AS E OR\u00c7AMENTO, CLJRF - COMISS\u00c3O DE LEGISLA\u00c7\u00c3O, JUSTI\u00c7A E REDA\u00c7\u00c3O FINAL", "texto_original": "http://sapl.marechalfloriano.es.leg.br/media/sapl/public/materialegislativa/2014/11925/pc_026-2014.pdf", "ementa": "RELATIVO AO PROJETO DE LEI N\u00b0 025/2014 QUE \"INSTITUI A INSTALA\u00c7\u00c3O DE ASSENTOS E SENHAS PARA O P\u00daBLICO NOS CORRESPONDENTES BANC\u00c1RIOS, E D\u00c1 OUTRAS PROVID\u00caNCIAS\"."}, {"id": "11926", "ano": "2014", "numero": "27", "tipo__sigla": "PAR", "tipo__descricao": "Parecer das Comiss\u00f5es", "autoria": "CFO - COMISS\u00c3O DE FINAN\u00c7AS E OR\u00c7AMENTO, CLJRF - COMISS\u00c3O DE LEGISLA\u00c7\u00c3O, JUSTI\u00c7A E REDA\u00c7\u00c3O FINAL", "texto_original": "http://sapl.marechalfloriano.es.leg.br/media/sapl/public/materialegislativa/2014/11926/pc_027-2014.pdf", "ementa": "RELATIVO AO PROJETO DE LEI N\u00b0 025/2014 QUE \"INSTITUI A INSTALA\u00c7\u00c3O DE ASSENTOS E SENHAS PARA O P\u00daBLICO NOS CORRESPONDENTES BANC\u00c1RIOS, E D\u00c1 OUTRAS PROVID\u00caNCIAS\"."}, {"id": "11927", "ano": "2014", "numero": "28", "tipo__sigla": "PAR", "tipo__descricao": "Parecer das Comiss\u00f5es", "autoria": "CLJRF - COMISS\u00c3O DE LEGISLA\u00c7\u00c3O, JUSTI\u00c7A E REDA\u00c7\u00c3O FINAL", "texto_original": "http://sapl.marechalfloriano.es.leg.br/media/sapl/public/materialegislativa/2014/11927/pc_028-2014.pdf", "ementa": "RELATIVO AO PROJETO DE LEI N\u00b0 032/2014 QUE \"DISP\u00d5E SOBRE O ENCAMINHAMENTO DE LEIS SANCIONADAS OU PROMULGADAS A CESAN, ESCELSA, AOS CORREIOS E SECRETARIAS MUNICIPAIS, QUANDO TRATAREM DE ASSUNTOS DE COMPET\u00caNCIA DOS MESMOS\"."}, {"id": "11928", "ano": "2014", "numero": "29", "tipo__sigla": "PAR", "tipo__descricao": "Parecer das Comiss\u00f5es", "autoria": "CESA - COMISS\u00c3O DE EDUCA\u00c7\u00c3O, SA\u00daDE E ASSIST\u00caNCIA, CFO - COMISS\u00c3O DE FINAN\u00c7AS E OR\u00c7AMENTO, CLJRF - COMISS\u00c3O DE LEGISLA\u00c7\u00c3O, JUSTI\u00c7A E REDA\u00c7\u00c3O FINAL", "texto_original": "http://sapl.marechalfloriano.es.leg.br/media/sapl/public/materialegislativa/2014/11928/pc_029-2014.pdf", "ementa": "RELATIVO AO PROJETO DE LEI N\u00b0 033/2014 QUE \"DISP\u00d5E SOBRE A POL\u00cdTICA MUNICIPAL DE CONSCIENTIZA\u00c7\u00c3O E ORIENTA\u00c7\u00c3O SOBRE O LUPUS ERITEMATOSO SIST\u00caMICO (LES), E D\u00c1 OUTRAS PROVID\u00caNCIAS\"."}, {"id": "11929", "ano": "2014", "numero": "30", "tipo__sigla": "PAR", "tipo__descricao": "Parecer das Comiss\u00f5es", "autoria": "CESA - COMISS\u00c3O DE EDUCA\u00c7\u00c3O, SA\u00daDE E ASSIST\u00caNCIA, CFO - COMISS\u00c3O DE FINAN\u00c7AS E OR\u00c7AMENTO, CLJRF - COMISS\u00c3O DE LEGISLA\u00c7\u00c3O, JUSTI\u00c7A E REDA\u00c7\u00c3O FINAL", "texto_original": "http://sapl.marechalfloriano.es.leg.br/media/sapl/public/materialegislativa/2014/11929/pc_030-2014.pdf", "ementa": "RELATIVO AO PROJETO DE LEI N\u00b0 034/2014 QUE \"DISP\u00d5E SOBRE A POL\u00cdTICA MUNICIPAL DE CONSCIENTIZA\u00c7\u00c3O E PREVEN\u00c7\u00c3O DO PAPILOMA V\u00cdRUS HUMANO (HPV), E D\u00c1 OUTRAS PROVID\u00caNCIAS\"."}, {"id": "11930", "ano": "2014", "numero": "31", "tipo__sigla": "PAR", "tipo__descricao": "Parecer das Comiss\u00f5es", "autoria": "CFO - COMISS\u00c3O DE FINAN\u00c7AS E OR\u00c7AMENTO, CLJRF - COMISS\u00c3O DE LEGISLA\u00c7\u00c3O, JUSTI\u00c7A E REDA\u00c7\u00c3O FINAL", "texto_original": "http://sapl.marechalfloriano.es.leg.br/media/sapl/public/materialegislativa/2014/11930/pc_031-2014.pdf", "ementa": "RELATIVO AO PROJETO DE LEI N\u00b0 035/2014 QUE \"DISP\u00d5E SOBRE A PERMISS\u00c3O DE EXPLORA\u00c7\u00c3O PUBLICIT\u00c1RIA NAS PLACAS INDICATIVAS DE NOMES DE RUAS E LOGRADOUROS P\u00daBLICOS E D\u00c1 OUTRAS DISPOSI\u00c7\u00d5ES\"."}, {"id": "11931", "ano": "2014", "numero": "32", "tipo__sigla": "PAR", "tipo__descricao": "Parecer das Comiss\u00f5es", "autoria": "CFO - COMISS\u00c3O DE FINAN\u00c7AS E OR\u00c7AMENTO, CLJRF - COMISS\u00c3O DE LEGISLA\u00c7\u00c3O, JUSTI\u00c7A E REDA\u00c7\u00c3O FINAL", "texto_original": "http://sapl.marechalfloriano.es.leg.br/media/sapl/public/materialegislativa/2014/11931/pc_032-2014.pdf", "ementa": "RELATIVO AO PROJETO DE LEI N\u00b0 036/2014 QUE \"INSTITUI A TRANSI\u00c7\u00c3O DEMOCR\u00c1TICA DE GOVERNO NO MUNIC\u00cdPIO DE MARECHAL FLORIANO, DISPONDO SOBRE A FORMA\u00c7\u00c3O DA EQUIPE DE TRANSI\u00c7\u00c3O, DEFINE O SEU FUNCIONAMENTO E D\u00c1 OUTRAS PROVID\u00caNCIAS\"."}, {"id": "11932", "ano": "2014", "numero": "33", "tipo__sigla": "PAR", "tipo__descricao": "Parecer das Comiss\u00f5es", "autoria": "CLJRF - COMISS\u00c3O DE LEGISLA\u00c7\u00c3O, JUSTI\u00c7A E REDA\u00c7\u00c3O FINAL", "texto_original": "http://sapl.marechalfloriano.es.leg.br/media/sapl/public/materialegislativa/2014/11932/pc_033-2014.pdf", "ementa": "RELATIVO AO PROJETO DE LEI N\u00b0 037/2014 QUE \"DENOMINA DE RUA REINALDINO MARQUES, NO DISTRITO DE SANTA MARIA\"."}, {"id": "11933", "ano": "2014", "numero": "34", "tipo__sigla": "PAR", "tipo__descricao": "Parecer das Comiss\u00f5es", "autoria": "CLJRF - COMISS\u00c3O DE LEGISLA\u00c7\u00c3O, JUSTI\u00c7A E REDA\u00c7\u00c3O FINAL", "texto_original": "http://sapl.marechalfloriano.es.leg.br/media/sapl/public/materialegislativa/2014/11933/pc_034-2014.pdf", "ementa": "RELATIVO AO PROJETO DE LEI N\u00b0 038/2014 QUE \"DENOMINA DE RUA CLAUDIO FERREIRA DE OLIVEIRA, NO DISTRITO DE SANTA MARIA\"."}, {"id": "11934", "ano": "2014", "numero": "35", "tipo__sigla": "PAR", "tipo__descricao": "Parecer das Comiss\u00f5es", "autoria": "CFO - COMISS\u00c3O DE FINAN\u00c7AS E OR\u00c7AMENTO, CLJRF - COMISS\u00c3O DE LEGISLA\u00c7\u00c3O, JUSTI\u00c7A E REDA\u00c7\u00c3O FINAL", "texto_original": "http://sapl.marechalfloriano.es.leg.br/media/sapl/public/materialegislativa/2014/11934/pc_035-2014.pdf", "ementa": "RELATIVO AO PROJETO DE LEI N\u00b0 039/2014 QUE \"DISP\u00d5E SOBRE A CRIA\u00c7\u00c3O DO \"PROGRAMA AGENTE DA IGREJA\", E D\u00c1 OUTRAS PROVID\u00caNCIAS\"."}, {"id": "11935", "ano": "2014", "numero": "36", "tipo__sigla": "PAR", "tipo__descricao": "Parecer das Comiss\u00f5es", "autoria": "CFO - COMISS\u00c3O DE FINAN\u00c7AS E OR\u00c7AMENTO, CLJRF - COMISS\u00c3O DE LEGISLA\u00c7\u00c3O, JUSTI\u00c7A E REDA\u00c7\u00c3O FINAL", "texto_original": "http://sapl.marechalfloriano.es.leg.br/media/sapl/public/materialegislativa/2014/11935/pc_036-2014.pdf", "ementa": "RELATIVO AO PROJETO DE LEI N\u00b0 040/2014 QUE \"INSTITUI O PLANO MUNICIPAL DE COMBATE \u00c0 PEDOFILIA, E D\u00c1 OUTRAS PROVID\u00caNCIAS\"."}, {"id": "11936", "ano": "2014", "numero": "37", "tipo__sigla": "PAR", "tipo__descricao": "Parecer das Comiss\u00f5es", "autoria": "CFO - COMISS\u00c3O DE FINAN\u00c7AS E OR\u00c7AMENTO, CFO - COMISS\u00c3O DE FINAN\u00c7AS E OR\u00c7AMENTO, COSU - COMISS\u00c3O DE OBRAS E SERVI\u00c7OS URBANOS", "texto_original": "http://sapl.marechalfloriano.es.leg.br/media/sapl/public/materialegislativa/2014/11936/pc_037-2014.pdf", "ementa": "RELATIVO AO PROJETO DE LEI N\u00b0 041/2014 QUE \"AUTORIZA O MUNIC\u00cdPIO DE MARECHAL FLORIANO/ES A PROMOVER A DESAFETA\u00c7\u00c3O DE \u00c1REA P\u00daBLICA DO LOTEAMENTO \"CONDOM\u00cdNIO REGI\u00c3O SERRANA\" PARA OBRAS DA ESTA\u00c7\u00c3O DE TRATAMENTO DE ESGOTO - ETE, DO SISTEMA DE ESGOTAMENTO SANIT\u00c1RIO DO MUNIC\u00cdPIO E O MEMBRAMENTO E DESMEMBRAMENTO DE \u00c1REAS E D\u00c1 OUTRAS PROVID\u00caNCIAS\"."}, {"id": "11937", "ano": "2014", "numero": "38", "tipo__sigla": "PAR", "tipo__descricao": "Parecer das Comiss\u00f5es", "autoria": "CLJRF - COMISS\u00c3O DE LEGISLA\u00c7\u00c3O, JUSTI\u00c7A E REDA\u00c7\u00c3O FINAL", "texto_original": "http://sapl.marechalfloriano.es.leg.br/media/sapl/public/materialegislativa/2014/11937/pc_038-2014.pdf", "ementa": "RELATIVO AO PROJETO DE LEI N\u00b0 042/2014 QUE \"ALTERA A LEI MUNICIPAL N\u00b0 1.372/2013 QUE ADOTA O DI\u00c1RIO OFICIAL DOS MUNIC\u00cdPIOS DO ESTADO DO ESP\u00cdRITO SANTO, INSTITU\u00cdDO E ADMINISTRADO PELA AMUNES, COMO VE\u00cdCULO OFICIAL DE PUBLICA\u00c7\u00c3O DOS ATOS NORMATIVOS E ADMINISTRATIVOS DO MUNIC\u00cdPIO DE MARECHAL FLORIANO-ES\"."}, {"id": "11938", "ano": "2014", "numero": "39", "tipo__sigla": "PAR", "tipo__descricao": "Parecer das Comiss\u00f5es", "autoria": "CLJRF - COMISS\u00c3O DE LEGISLA\u00c7\u00c3O, JUSTI\u00c7A E REDA\u00c7\u00c3O FINAL", "texto_original": "http://sapl.marechalfloriano.es.leg.br/media/sapl/public/materialegislativa/2014/11938/pc_039-2014.pdf", "ementa": "RELATIVO AO PROJETO DE LEI N\u00b0 046/2014 QUE \"INSTITUI O DIA MUNICIPAL DO INSTRUTOR E EXAMINADOR DE TR\u00c2NSITO NO \u00c2MBITO DO MUNC\u00cdPIO DE MARECHAL FLORIANO\"."}, {"id": "11939", "ano": "2014", "numero": "40", "tipo__sigla": "PAR", "tipo__descricao": "Parecer das Comiss\u00f5es", "autoria": "CLJRF - COMISS\u00c3O DE LEGISLA\u00c7\u00c3O, JUSTI\u00c7A E REDA\u00c7\u00c3O FINAL", "texto_original": "http://sapl.marechalfloriano.es.leg.br/media/sapl/public/materialegislativa/2014/11939/pc_040-2014.pdf", "ementa": "RELATIVO AO PROJETO DE LEI N\u00b0 047/2014 QUE \"DENOMINA DE RUA JO\u00c3O PEREIRA, NA SEDE DO MUNIC\u00cdPIO DE MARECHAL FLORIANO\"."}, {"id": "11940", "ano": "2014", "numero": "41", "tipo__sigla": "PAR", "tipo__descricao": "Parecer das Comiss\u00f5es", "autoria": "CLJRF - COMISS\u00c3O DE LEGISLA\u00c7\u00c3O, JUSTI\u00c7A E REDA\u00c7\u00c3O FINAL", "texto_original": "http://sapl.marechalfloriano.es.leg.br/media/sapl/public/materialegislativa/2014/11940/pc_041-2014.pdf", "ementa": "RELATIVO AO PROJETO DE LEI N\u00b0 048/2014 QUE \"DENOMINA DE RUA EDUARDO HAESE, NA SEDE DO MUNIC\u00cdPIO DE MARECHAL FLORIANO\"."}, {"id": "11941", "ano": "2014", "numero": "42", "tipo__sigla": "PAR", "tipo__descricao": "Parecer das Comiss\u00f5es", "autoria": "CLJRF - COMISS\u00c3O DE LEGISLA\u00c7\u00c3O, JUSTI\u00c7A E REDA\u00c7\u00c3O FINAL", "texto_original": "http://sapl.marechalfloriano.es.leg.br/media/sapl/public/materialegislativa/2014/11941/pc_042-2014.pdf", "ementa": "RELATIVO AO PROJETO DE LEI N\u00b0 049/2014 QUE \"DENOMINA DE RUA DO CANTO, NA SEDE DO MUNIC\u00cdPIO DE MARECHAL FLORIANO\"."}, {"id": "11942", "ano": "2014", "numero": "43", "tipo__sigla": "PAR", "tipo__descricao": "Parecer das Comiss\u00f5es", "autoria": "CLJRF - COMISS\u00c3O DE LEGISLA\u00c7\u00c3O, JUSTI\u00c7A E REDA\u00c7\u00c3O FINAL", "texto_original": "http://sapl.marechalfloriano.es.leg.br/media/sapl/public/materialegislativa/2014/11942/pc_043-2014.pdf", "ementa": "RELATIVO AO PROJETO DE LEI N\u00b0 050/2014 QUE \"ALTERA ART. 1\u00b0, DA LEI MUNICIPAL N\u00b0 598, DE 12 DE ABRIL DE 2006, QUE DENOMINA DE JACOMO BORGO, A ESCOLA MUNICIPAL DE 1\u00b0 GRAU DE ENSINO FUNDAMENTAL, LOCALIZADA NO DISTRITO DE ARAGUAIA\"."}, {"id": "11944", "ano": "2014", "numero": "44", "tipo__sigla": "PAR", "tipo__descricao": "Parecer das Comiss\u00f5es", "autoria": "CESA - COMISS\u00c3O DE EDUCA\u00c7\u00c3O, SA\u00daDE E ASSIST\u00caNCIA, CLJRF - COMISS\u00c3O DE LEGISLA\u00c7\u00c3O, JUSTI\u00c7A E REDA\u00c7\u00c3O FINAL", "texto_original": "http://sapl.marechalfloriano.es.leg.br/media/sapl/public/materialegislativa/2014/11944/pc_044-2014.pdf", "ementa": "RELATIVO AO PROJETO DE LEI N\u00b0 051/2014 QUE \"AUTORIZA O PODER EXECUTIVO MUNICIPAL A INSTITUIR O CONCURSO \"AS SETE MARAVILHAS DE MARECHAL FLORIANO\", E D\u00c1 OUTRAS PROVID\u00caNCIAS\"."}, {"id": "11945", "ano": "2014", "numero": "45", "tipo__sigla": "PAR", "tipo__descricao": "Parecer das Comiss\u00f5es", "autoria": "CFO - COMISS\u00c3O DE FINAN\u00c7AS E OR\u00c7AMENTO", "texto_original": "http://sapl.marechalfloriano.es.leg.br/media/sapl/public/materialegislativa/2014/11945/pc_045-2014.pdf", "ementa": "RELATIVO AO PROJETO DE LEI N\u00b0 052/2014 QUE \"AUTORIZA A ABERTURA DE CR\u00c9DITO ADICIONAL ESPECIAL AO OR\u00c7AMENTO VIGENTE DO MUNIC\u00cdPIO DE MARECHAL FLORIANO-ES\"."}, {"id": "11946", "ano": "2014", "numero": "46", "tipo__sigla": "PAR", "tipo__descricao": "Parecer das Comiss\u00f5es", "autoria": "CLJRF - COMISS\u00c3O DE LEGISLA\u00c7\u00c3O, JUSTI\u00c7A E REDA\u00c7\u00c3O FINAL", "texto_original": "http://sapl.marechalfloriano.es.leg.br/media/sapl/public/materialegislativa/2014/11946/pc_046-2014.pdf", "ementa": "RELATIVO AO PROJETO DE LEI N\u00b0 053/2014 QUE \"DENOMINA DE RUA EDMUNDO RUPF, NO MUNIC\u00cdPIO DE MARECHAL FLORIANO\"."}, {"id": "11947", "ano": "2014", "numero": "47", "tipo__sigla": "PAR", "tipo__descricao": "Parecer das Comiss\u00f5es", "autoria": "CLJRF - COMISS\u00c3O DE LEGISLA\u00c7\u00c3O, JUSTI\u00c7A E REDA\u00c7\u00c3O FINAL", "texto_original": "http://sapl.marechalfloriano.es.leg.br/media/sapl/public/materialegislativa/2014/11947/pc_047-2014.pdf", "ementa": "RELATIVO AO PROJETO DE LEI N\u00b0 054/2014 QUE \"DENOMINA DE RUA ELIZABETH KLIPPEL RUPF NO MUNIC\u00cdPIO DE MARECHAL FLORIANO\"."}, {"id": "11948", "ano": "2014", "numero": "48", "tipo__sigla": "PAR", "tipo__descricao": "Parecer das Comiss\u00f5es", "autoria": "CLJRF - COMISS\u00c3O DE LEGISLA\u00c7\u00c3O, JUSTI\u00c7A E REDA\u00c7\u00c3O FINAL", "texto_original": "http://sapl.marechalfloriano.es.leg.br/media/sapl/public/materialegislativa/2014/11948/pc_048-2014.pdf", "ementa": "RELATIVO AO PROJETO DE LEI N\u00b0 056/2014 QUE \"DENOMINA DE RUA RAMIRO FLORINDO FARIA, NO DISTRITO DE SANTA MARIA\""}, {"id": "11949", "ano": "2014", "numero": "49", "tipo__sigla": "PAR", "tipo__descricao": "Parecer das Comiss\u00f5es", "autoria": "CLJRF - COMISS\u00c3O DE LEGISLA\u00c7\u00c3O, JUSTI\u00c7A E REDA\u00c7\u00c3O FINAL", "texto_original": "http://sapl.marechalfloriano.es.leg.br/media/sapl/public/materialegislativa/2014/11949/pc_049-2014.pdf", "ementa": "RELATIVO AO PROJETO DE LEI N\u00b0 057/2014 QUE \"DENOMINA DE RUA OLIMPIA BRAVIM ZAMBON, NO DISTRITO DE SANTA MARIA\"."}, {"id": "11950", "ano": "2014", "numero": "50", "tipo__sigla": "PAR", "tipo__descricao": "Parecer das Comiss\u00f5es", "autoria": "CFO - COMISS\u00c3O DE FINAN\u00c7AS E OR\u00c7AMENTO, CLJRF - COMISS\u00c3O DE LEGISLA\u00c7\u00c3O, JUSTI\u00c7A E REDA\u00c7\u00c3O FINAL", "texto_original": "http://sapl.marechalfloriano.es.leg.br/media/sapl/public/materialegislativa/2014/11950/pc_050-2014.pdf", "ementa": "RELATIVO AO PROJETO DE LEI N\u00b0 060/2014 QUE \"ALTERA O VALOR DO AUX\u00cdLIO ALIMENTA\u00c7\u00c3O DOS SERVIDORES DO PODER LEGISLATIVO MUNICIPAL\"."}, {"id": "11951", "ano": "2014", "numero": "51", "tipo__sigla": "PAR", "tipo__descricao": "Parecer das Comiss\u00f5es", "autoria": "CFO - COMISS\u00c3O DE FINAN\u00c7AS E OR\u00c7AMENTO, CLJRF - COMISS\u00c3O DE LEGISLA\u00c7\u00c3O, JUSTI\u00c7A E REDA\u00c7\u00c3O FINAL", "texto_original": "http://sapl.marechalfloriano.es.leg.br/media/sapl/public/materialegislativa/2014/11951/pc_051-2014.pdf", "ementa": "RELATIVO AO PROJETO DE LEI N\u00b0 062/2014 QUE \"ALTERA A LEI MUNICIPAL N\u00b0 1114 DE 05 DE MAR\u00c7O DE 2012\"."}, {"id": "11952", "ano": "2014", "numero": "52", "tipo__sigla": "PAR", "tipo__descricao": "Parecer das Comiss\u00f5es", "autoria": "CESA - COMISS\u00c3O DE EDUCA\u00c7\u00c3O, SA\u00daDE E ASSIST\u00caNCIA, CFO - COMISS\u00c3O DE FINAN\u00c7AS E OR\u00c7AMENTO, CLJRF - COMISS\u00c3O DE LEGISLA\u00c7\u00c3O, JUSTI\u00c7A E REDA\u00c7\u00c3O FINAL", "texto_original": "http://sapl.marechalfloriano.es.leg.br/media/sapl/public/materialegislativa/2014/11952/pc_052-2014.pdf", "ementa": "RELATIVO AO PROJETO DE LEI N\u00b0 058/2014 QUE \"AUTORIZA FIRMAR CONV\u00caNIO COM A \"ALCIES\" ASSOCIA\u00c7\u00c3O DE L\u00cdNGUA E CULTURA ITALIANA DO ESTADO DO ESP\u00cdRITO SANTO, \"ACAES\" ASSOCIA\u00c7\u00c3O DE CULTURA ALEM\u00c3 DO ESTADO DO ESP\u00cdRITO SANTO, E \"ACRC\" ASSOCIA\u00c7\u00c3O CULTURAL E RECREATIVA CAMPINHO, E D\u00c1 OUTRAS PROVID\u00caNCIAS\"."}, {"id": "11953", "ano": "2014", "numero": "53", "tipo__sigla": "PAR", "tipo__descricao": "Parecer das Comiss\u00f5es", "autoria": "CFO - COMISS\u00c3O DE FINAN\u00c7AS E OR\u00c7AMENTO", "texto_original": "http://sapl.marechalfloriano.es.leg.br/media/sapl/public/materialegislativa/2014/11953/pc_053-2014.pdf", "ementa": "RELATIVO AO PROJETO DE LEI N\u00b0 061/2014 QUE \"DISP\u00d5E SOBRE REAJUSTE PARA OS SERVIDORES DO PODER LEGISLATIVO MUNICIPAL\"."}, {"id": "11954", "ano": "2014", "numero": "54", "tipo__sigla": "PAR", "tipo__descricao": "Parecer das Comiss\u00f5es", "autoria": "CESA - COMISS\u00c3O DE EDUCA\u00c7\u00c3O, SA\u00daDE E ASSIST\u00caNCIA, CFO - COMISS\u00c3O DE FINAN\u00c7AS E OR\u00c7AMENTO, CLJRF - COMISS\u00c3O DE LEGISLA\u00c7\u00c3O, JUSTI\u00c7A E REDA\u00c7\u00c3O FINAL", "texto_original": "http://sapl.marechalfloriano.es.leg.br/media/sapl/public/materialegislativa/2014/11954/pc_054-2014.pdf", "ementa": "RELATIVO AO PROJETO DE LEI N\u00b0 063/2014 QUE \"INSTITUI A POL\u00cdTICA MUNICIPAL DE CONSCIENTIZA\u00c7\u00c3O, ORIENTA\u00c7\u00c3O E PREVEN\u00c7\u00c3O A GRAVIDEZ PRECOCE E D\u00c1 OUTRAS PROVID\u00caNCIAS\"."}, {"id": "11955", "ano": "2014", "numero": "55", "tipo__sigla": "PAR", "tipo__descricao": "Parecer das Comiss\u00f5es", "autoria": "CLJRF - COMISS\u00c3O DE LEGISLA\u00c7\u00c3O, JUSTI\u00c7A E REDA\u00c7\u00c3O FINAL", "texto_original": "http://sapl.marechalfloriano.es.leg.br/media/sapl/public/materialegislativa/2014/11955/pc_055-2014.pdf", "ementa": "RELATIVO AO PROJETO DE LEI N\u00b0 064/2014 QUE \"INSTITUI A SEMANA MUNICIPAL DE DOA\u00c7\u00c3O DO LEITE HUMANO\" E D\u00c1 OUTRAS PROVID\u00caNCIAS\"."}, {"id": "11956", "ano": "2014", "numero": "56", "tipo__sigla": "PAR", "tipo__descricao": "Parecer das Comiss\u00f5es", "autoria": "CESA - COMISS\u00c3O DE EDUCA\u00c7\u00c3O, SA\u00daDE E ASSIST\u00caNCIA, CFO - COMISS\u00c3O DE FINAN\u00c7AS E OR\u00c7AMENTO, CLJRF - COMISS\u00c3O DE LEGISLA\u00c7\u00c3O, JUSTI\u00c7A E REDA\u00c7\u00c3O FINAL", "texto_original": "http://sapl.marechalfloriano.es.leg.br/media/sapl/public/materialegislativa/2014/11956/pc_056-2014.pdf", "ementa": "RELATIVO AO PROJETO DE LEI N\u00b0 065/2014 QUE \"DISP\u00d5E SOBRE O PESO A SER TRANSPORTADO PELO ESTUDANTE EM MOCHILA OU SIMILARES, NO MUNIC\u00cdPIO DE MARECHAL FLORIANO\"."}, {"id": "11957", "ano": "2014", "numero": "57", "tipo__sigla": "PAR", "tipo__descricao": "Parecer das Comiss\u00f5es", "autoria": "CFO - COMISS\u00c3O DE FINAN\u00c7AS E OR\u00c7AMENTO, CLJRF - COMISS\u00c3O DE LEGISLA\u00c7\u00c3O, JUSTI\u00c7A E REDA\u00c7\u00c3O FINAL", "texto_original": "http://sapl.marechalfloriano.es.leg.br/media/sapl/public/materialegislativa/2014/11957/pc_057-2014.pdf", "ementa": "RELATIVO AO PROJETO DE LEI N\u00b0 066/2014 QUE \"INSTITUI A CAMPANHA QUE DISP\u00d5E SOBRE A IMPORT\u00c2NCIA E INCENTIVO A JOVENS ENTRE 16 E 17 ANOS A EXERCEREM O DIREITO DE VOTAR\"."}, {"id": "11958", "ano": "2014", "numero": "58", "tipo__sigla": "PAR", "tipo__descricao": "Parecer das Comiss\u00f5es", "autoria": "CESA - COMISS\u00c3O DE EDUCA\u00c7\u00c3O, SA\u00daDE E ASSIST\u00caNCIA, CFO - COMISS\u00c3O DE FINAN\u00c7AS E OR\u00c7AMENTO, CLJRF - COMISS\u00c3O DE LEGISLA\u00c7\u00c3O, JUSTI\u00c7A E REDA\u00c7\u00c3O FINAL", "texto_original": "http://sapl.marechalfloriano.es.leg.br/media/sapl/public/materialegislativa/2014/11958/pc_058-2014.pdf", "ementa": "RELATIVO AO PROJETO DE LEI N\u00b0 067/2014 QUE \"INSTITUI A POL\u00cdTICA DE INCENTIVO A LEITURA NA REDE MUNICIPAL DE ENSINO DE MARECHAL FLORIANO\"."}, {"id": "11959", "ano": "2014", "numero": "59", "tipo__sigla": "PAR", "tipo__descricao": "Parecer das Comiss\u00f5es", "autoria": "CFO - COMISS\u00c3O DE FINAN\u00c7AS E OR\u00c7AMENTO, CLJRF - COMISS\u00c3O DE LEGISLA\u00c7\u00c3O, JUSTI\u00c7A E REDA\u00c7\u00c3O FINAL", "texto_original": "http://sapl.marechalfloriano.es.leg.br/media/sapl/public/materialegislativa/2014/11959/pc_059-2014.pdf", "ementa": "RELATIVO AO PROJETO DE LEI N\u00b0 068/2014 QUE \"DISP\u00d5E SOBRE A CRIA\u00c7\u00c3O DE VAGAS DE ESTACIONAMENTO EXCLUSIVO PARA VE\u00cdCULOS DE TRANSPORTE ESCOLAR EM FRENTE AS CRECHES E ESCOLAS DE ENSINO FUNDAMENTAL E M\u00c9DIO E D\u00c1 OUTRAS PROVID\u00caNCIAS\"."}, {"id": "11960", "ano": "2014", "numero": "60", "tipo__sigla": "PAR", "tipo__descricao": "Parecer das Comiss\u00f5es", "autoria": "CESA - COMISS\u00c3O DE EDUCA\u00c7\u00c3O, SA\u00daDE E ASSIST\u00caNCIA, CFO - COMISS\u00c3O DE FINAN\u00c7AS E OR\u00c7AMENTO, CLJRF - COMISS\u00c3O DE LEGISLA\u00c7\u00c3O, JUSTI\u00c7A E REDA\u00c7\u00c3O FINAL", "texto_original": "http://sapl.marechalfloriano.es.leg.br/media/sapl/public/materialegislativa/2014/11960/pc_060-2014.pdf", "ementa": "RELATIVO AO PROJETO DE LEI N\u00b0 069/2014 QUE \"CRIA O PROGRAMA \"EMPRESA AMIGA DA EDUCA\u00c7\u00c3O\" NO \u00c2MBITO DO MUNIC\u00cdPIO DE MARECHAL FLORIANO\"."}, {"id": "11961", "ano": "2014", "numero": "61", "tipo__sigla": "PAR", "tipo__descricao": "Parecer das Comiss\u00f5es", "autoria": "CLJRF - COMISS\u00c3O DE LEGISLA\u00c7\u00c3O, JUSTI\u00c7A E REDA\u00c7\u00c3O FINAL", "texto_original": "http://sapl.marechalfloriano.es.leg.br/media/sapl/public/materialegislativa/2014/11961/pc_061-2014.pdf", "ementa": "RELATIVO AO PROJETO DE LEI N\u00b0 070/2014 QUE \"INSTITUI O DIA DO FEIRANTE NO MUNIC\u00cdPIO E D\u00c1 OUTRAS PROVID\u00caNCIAS\"."}, {"id": "11962", "ano": "2014", "numero": "62", "tipo__sigla": "PAR", "tipo__descricao": "Parecer das Comiss\u00f5es", "autoria": "CESA - COMISS\u00c3O DE EDUCA\u00c7\u00c3O, SA\u00daDE E ASSIST\u00caNCIA, CFO - COMISS\u00c3O DE FINAN\u00c7AS E OR\u00c7AMENTO, CLJRF - COMISS\u00c3O DE LEGISLA\u00c7\u00c3O, JUSTI\u00c7A E REDA\u00c7\u00c3O FINAL", "texto_original": "http://sapl.marechalfloriano.es.leg.br/media/sapl/public/materialegislativa/2014/11962/pc_062-2014.pdf", "ementa": "RELATIVO AO PROJETO DE LEI N\u00b0 071/2014 QUE \"AUTORIZA A INSTITUI\u00c7\u00c3O DAS OLIMP\u00cdADAS MUNICIPAIS DE REDA\u00c7\u00c3O, VOLTADOS AOS ALUNOS DA REDE P\u00daBLICA E PARTICULAR DE ENSINO DO MUNIC\u00cdPIO DE MARECHAL FLORIANO, E D\u00c1 OUTRAS PROVID\u00caNCIAS\"."}, {"id": "11963", "ano": "2014", "numero": "63", "tipo__sigla": "PAR", "tipo__descricao": "Parecer das Comiss\u00f5es", "autoria": "CFO - COMISS\u00c3O DE FINAN\u00c7AS E OR\u00c7AMENTO, CLJRF - COMISS\u00c3O DE LEGISLA\u00c7\u00c3O, JUSTI\u00c7A E REDA\u00c7\u00c3O FINAL, COSU - COMISS\u00c3O DE OBRAS E SERVI\u00c7OS URBANOS", "texto_original": "http://sapl.marechalfloriano.es.leg.br/media/sapl/public/materialegislativa/2014/11963/pc_063-2014.pdf", "ementa": "RELATIVO AO PROJETO DE LEI N\u00b0 072/2014 QUE \"DISP\u00d5E SOBRE A AVALIA\u00c7\u00c3O PERI\u00d3DICA DAS ESTRUTURAS F\u00cdSICAS DAS ESCOLAS DA REDE P\u00daBLICA MUNICIPAL DE ENSINO DE MARECHAL FLORIANO E D\u00c1 OUTRAS PROVID\u00caNCIAS\"."}, {"id": "11964", "ano": "2014", "numero": "64", "tipo__sigla": "PAR", "tipo__descricao": "Parecer das Comiss\u00f5es", "autoria": "CLJRF - COMISS\u00c3O DE LEGISLA\u00c7\u00c3O, JUSTI\u00c7A E REDA\u00c7\u00c3O FINAL", "texto_original": "http://sapl.marechalfloriano.es.leg.br/media/sapl/public/materialegislativa/2014/11964/pc_064-2014.pdf", "ementa": "RELATIVO AO PROJETO DE LEI N\u00b0 073/2014 QUE \"ALTERA ART. 1\u00b0, DA LEI MUNICIPAL N\u00b0 1.158, DE 29 DE JUNHO DE 2012, QUE DENOMINA DE ESTRADA JOS\u00c9 HUBER\"."}, {"id": "11965", "ano": "2014", "numero": "65", "tipo__sigla": "PAR", "tipo__descricao": "Parecer das Comiss\u00f5es", "autoria": "CLJRF - COMISS\u00c3O DE LEGISLA\u00c7\u00c3O, JUSTI\u00c7A E REDA\u00c7\u00c3O FINAL", "texto_original": "http://sapl.marechalfloriano.es.leg.br/media/sapl/public/materialegislativa/2014/11965/pc_065-2014.pdf", "ementa": "PARECER CONTR\u00c1RIO AO VETO TOTAL RELATIVO AO AUT\u00d3GRAFO 019/2014, RELATIVO AO PROJETO DE LEI 026/2014 QUE \"INSTITUI O PROJETO CABELOS DE PRATA E D\u00c1 OUTRAS PROVID\u00caNCIAS\""}, {"id": "11966", "ano": "2014", "numero": "66", "tipo__sigla": "PAR", "tipo__descricao": "Parecer das Comiss\u00f5es", "autoria": "CFO - COMISS\u00c3O DE FINAN\u00c7AS E OR\u00c7AMENTO", "texto_original": "http://sapl.marechalfloriano.es.leg.br/media/sapl/public/materialegislativa/2014/11966/pc_066-2014.pdf", "ementa": "RELATIVO AO PROJETO DE LEI N\u00b0 055/2013 QUE \"DISP\u00d5E SOBRE AS DIRETRIZES PARA ELABORA\u00c7\u00c3O DA LEI OR\u00c7AMENT\u00c1RIA PARA O EXERC\u00cdCIO FINANCEIRO DE 2015 E D\u00c1 OUTRAS PROVID\u00caNCIAS\"."}, {"id": "11967", "ano": "2014", "numero": "67", "tipo__sigla": "PAR", "tipo__descricao": "Parecer das Comiss\u00f5es", "autoria": "CLJRF - COMISS\u00c3O DE LEGISLA\u00c7\u00c3O, JUSTI\u00c7A E REDA\u00c7\u00c3O FINAL", "texto_original": "http://sapl.marechalfloriano.es.leg.br/media/sapl/public/materialegislativa/2014/11967/pc_067-2014.pdf", "ementa": "RELATIVO AO PROJETO DE LEI N\u00b0 078/2014 QUE \"INSTITUI O DIA MUNICIPAL DO SHOW NA PRA\u00c7A E D\u00c1 OUTRAS PROVID\u00caNCIAS\"."}, {"id": "11968", "ano": "2014", "numero": "68", "tipo__sigla": "PAR", "tipo__descricao": "Parecer das Comiss\u00f5es", "autoria": "CFO - COMISS\u00c3O DE FINAN\u00c7AS E OR\u00c7AMENTO, CLJRF - COMISS\u00c3O DE LEGISLA\u00c7\u00c3O, JUSTI\u00c7A E REDA\u00c7\u00c3O FINAL, COSU - COMISS\u00c3O DE OBRAS E SERVI\u00c7OS URBANOS", "texto_original": "http://sapl.marechalfloriano.es.leg.br/media/sapl/public/materialegislativa/2014/11968/pc_068-2014.pdf", "ementa": "RELATIVO AO PROJETO DE LEI N\u00b0 079/2014 QUE \"INSTITUI O PROGRAMA DE ADO\u00c7\u00c3O E CONSTRU\u00c7\u00c3O DE ABRIGOS DE \u00d4NIBUS NO MUNIC\u00cdPIO DE MARECHAL FLORIANO E D\u00c1 OUTRAS PROVID\u00caNCIAS\"."}, {"id": "11969", "ano": "2014", "numero": "69", "tipo__sigla": "PAR", "tipo__descricao": "Parecer das Comiss\u00f5es", "autoria": "CFO - COMISS\u00c3O DE FINAN\u00c7AS E OR\u00c7AMENTO, CLJRF - COMISS\u00c3O DE LEGISLA\u00c7\u00c3O, JUSTI\u00c7A E REDA\u00c7\u00c3O FINAL", "texto_original": "http://sapl.marechalfloriano.es.leg.br/media/sapl/public/materialegislativa/2014/11969/pc_069-2014.pdf", "ementa": "RELATIVO AO PROJETO DE LEI N\u00b0 080/2014 QUE \"DISP\u00d5E SOBRE A CRIA\u00c7\u00c3O DO INFORME PUBLICIT\u00c1RIO DO LEGISLATIVO MUNICIPAL DE MARECHAL FLORIANO E D\u00c1 OUTRAS PROVID\u00caNCIAS\"."}, {"id": "11970", "ano": "2014", "numero": "70", "tipo__sigla": "PAR", "tipo__descricao": "Parecer das Comiss\u00f5es", "autoria": "CFO - COMISS\u00c3O DE FINAN\u00c7AS E OR\u00c7AMENTO, CLJRF - COMISS\u00c3O DE LEGISLA\u00c7\u00c3O, JUSTI\u00c7A E REDA\u00c7\u00c3O FINAL, COSU - COMISS\u00c3O DE OBRAS E SERVI\u00c7OS URBANOS", "texto_original": "http://sapl.marechalfloriano.es.leg.br/media/sapl/public/materialegislativa/2014/11970/pc_070-2014.pdf", "ementa": "RELATIVO AO PROJETO DE LEI N\u00b0 081/2014 QUE \"INSTITUI O \"PROGRAMA CAL\u00c7ADA LIMPA\" NO \u00c2MBITO DO MUNIC\u00cdPIO DE MARECHAL FLORIANO E D\u00c1 OUTRAS PROVID\u00caNCIAS\"."}, {"id": "11971", "ano": "2014", "numero": "71", "tipo__sigla": "PAR", "tipo__descricao": "Parecer das Comiss\u00f5es", "autoria": "CLJRF - COMISS\u00c3O DE LEGISLA\u00c7\u00c3O, JUSTI\u00c7A E REDA\u00c7\u00c3O FINAL", "texto_original": "http://sapl.marechalfloriano.es.leg.br/media/sapl/public/materialegislativa/2014/11971/pc_071-2014.pdf", "ementa": "RELATIVO AO PROJETO DE LEI N\u00b0 075/2014 QUE \"DECLARA COMO UTILIDADE P\u00daBLICA MUNICIPAL A ASSOCIA\u00c7\u00c3O DOS AGRICULTORES DO RIO DAS PEDRAS E REGI\u00c3O\"."}, {"id": "11973", "ano": "2014", "numero": "72", "tipo__sigla": "PAR", "tipo__descricao": "Parecer das Comiss\u00f5es", "autoria": "CLJRF - COMISS\u00c3O DE LEGISLA\u00c7\u00c3O, JUSTI\u00c7A E REDA\u00c7\u00c3O FINAL", "texto_original": "http://sapl.marechalfloriano.es.leg.br/media/sapl/public/materialegislativa/2014/11973/pc_072-2014.pdf", "ementa": "RELATIVO AO PROJETO DE LEI N\u00b0 077/2014 QUE \"INSERE NO CALEND\u00c1RIO OFICIAL DE EVENTOS DO MUNIC\u00cdPIO DE MARECHAL FLORIANO, O FESTIVAL DO FRANGO E A FESTA DE NOSSA SR\u00aa AUXILIADORA DA COMUNIDADE DE SO\u00cdDO DE BAIXO\"."}, {"id": "11974", "ano": "2014", "numero": "73", "tipo__sigla": "PAR", "tipo__descricao": "Parecer das Comiss\u00f5es", "autoria": "CLJRF - COMISS\u00c3O DE LEGISLA\u00c7\u00c3O, JUSTI\u00c7A E REDA\u00c7\u00c3O FINAL", "texto_original": "http://sapl.marechalfloriano.es.leg.br/media/sapl/public/materialegislativa/2014/11974/pc_073-2014.pdf", "ementa": "RELATIVO AO PROJETO DE LEI N\u00b0 074/2014 QUE \"ALTERA A LEI MUNICIPAL N\u00b0 1.199/ 2013 QUE DISP\u00d5E SOBRE A CRIA\u00c7\u00c3O DAS TAXAS PARA O LICENCIAMENTO AMBIENTAL MUNICIPAL\"."}, {"id": "11975", "ano": "2014", "numero": "74", "tipo__sigla": "PAR", "tipo__descricao": "Parecer das Comiss\u00f5es", "autoria": "CFO - COMISS\u00c3O DE FINAN\u00c7AS E OR\u00c7AMENTO", "texto_original": "http://sapl.marechalfloriano.es.leg.br/media/sapl/public/materialegislativa/2014/11975/pc_074-2014.pdf", "ementa": "RELATIVO AO PROJETO DE LEI N\u00b0 074/2013 QUE \"ALTERA A LEI MUNICIPAL N\u00b0 1.199/2013 QUE DISP\u00d5E SOBRE A CRIA\u00c7\u00c3O DAS TAXAS PARA O LICENCIAMENTO AMBIENTAL MUNICIPAL\"."}, {"id": "11976", "ano": "2014", "numero": "75", "tipo__sigla": "PAR", "tipo__descricao": "Parecer das Comiss\u00f5es", "autoria": "CESA - COMISS\u00c3O DE EDUCA\u00c7\u00c3O, SA\u00daDE E ASSIST\u00caNCIA, CFO - COMISS\u00c3O DE FINAN\u00c7AS E OR\u00c7AMENTO, CLJRF - COMISS\u00c3O DE LEGISLA\u00c7\u00c3O, JUSTI\u00c7A E REDA\u00c7\u00c3O FINAL", "texto_original": "http://sapl.marechalfloriano.es.leg.br/media/sapl/public/materialegislativa/2014/11976/pc_075-2014.pdf", "ementa": "RELATIVO AO PROJETO DE LEI N\u00b0 085/2014 QUE \"DISP\u00d5E SOBRE A OBRIGATORIEDADE DO DONO OU CONDUTOR DE ANIMAIS CARREGAREM SACOS PL\u00c1STICOS PARA O RECOLHIMENTO DE DEJETOS DEIXADOS PELOS RESPECTIVOS ANIMAIS EM VIAS P\u00daBLICAS\""}, {"id": "11977", "ano": "2014", "numero": "76", "tipo__sigla": "PAR", "tipo__descricao": "Parecer das Comiss\u00f5es", "autoria": "CESA - COMISS\u00c3O DE EDUCA\u00c7\u00c3O, SA\u00daDE E ASSIST\u00caNCIA, CFO - COMISS\u00c3O DE FINAN\u00c7AS E OR\u00c7AMENTO, CLJRF - COMISS\u00c3O DE LEGISLA\u00c7\u00c3O, JUSTI\u00c7A E REDA\u00c7\u00c3O FINAL", "texto_original": "http://sapl.marechalfloriano.es.leg.br/media/sapl/public/materialegislativa/2014/11977/pc_076-2014.pdf", "ementa": "RELATIVO AO PROJETO DE LEI N\u00b0 087/2014 QUE \"INSTITUI O PROGRAMA DE ENSINO DO JOGO DE MORA NO \u00c2MBITO DO MUNIC\u00cdPIO DE MARECHAL FLORIANO\"."}, {"id": "11978", "ano": "2014", "numero": "77", "tipo__sigla": "PAR", "tipo__descricao": "Parecer das Comiss\u00f5es", "autoria": "CLJRF - COMISS\u00c3O DE LEGISLA\u00c7\u00c3O, JUSTI\u00c7A E REDA\u00c7\u00c3O FINAL", "texto_original": "http://sapl.marechalfloriano.es.leg.br/media/sapl/public/materialegislativa/2014/11978/pc_077-2014.pdf", "ementa": "RELATIVO AO PROJETO DE LEI N\u00b0 088/2014 QUE \"INCLUI NO CALEND\u00c1RIO DE EVENTOS DO MUNIC\u00cdPIO, O ENCONTRO DA CULTURA ITALIANA DE ARAGUAIA E O BOM PRINC\u00cdPIO DO ANO NOVO\"."}, {"id": "11979", "ano": "2014", "numero": "78", "tipo__sigla": "PAR", "tipo__descricao": "Parecer das Comiss\u00f5es", "autoria": "CESA - COMISS\u00c3O DE EDUCA\u00c7\u00c3O, SA\u00daDE E ASSIST\u00caNCIA, CFO - COMISS\u00c3O DE FINAN\u00c7AS E OR\u00c7AMENTO, CLJRF - COMISS\u00c3O DE LEGISLA\u00c7\u00c3O, JUSTI\u00c7A E REDA\u00c7\u00c3O FINAL", "texto_original": "http://sapl.marechalfloriano.es.leg.br/media/sapl/public/materialegislativa/2014/11979/pc_078-2014.pdf", "ementa": "RELATIVO AO PROJETO DE LEI N\u00b0 089/2014 QUE \"INSTITUI NA REDE MUNICIPAL DE EDUCA\u00c7\u00c3O O PROGRAMA \"JOVEM AGRICULTOR\", NAS ESCOLAS RURAIS MUNICIPAIS DA CIDADE DE MARECHAL FLORIANO E D\u00c1 OUTRAS PROVID\u00caNCIAS\"."}, {"id": "11980", "ano": "2014", "numero": "79", "tipo__sigla": "PAR", "tipo__descricao": "Parecer das Comiss\u00f5es", "autoria": "CESA - COMISS\u00c3O DE EDUCA\u00c7\u00c3O, SA\u00daDE E ASSIST\u00caNCIA, CFO - COMISS\u00c3O DE FINAN\u00c7AS E OR\u00c7AMENTO, CLJRF - COMISS\u00c3O DE LEGISLA\u00c7\u00c3O, JUSTI\u00c7A E REDA\u00c7\u00c3O FINAL", "texto_original": "http://sapl.marechalfloriano.es.leg.br/media/sapl/public/materialegislativa/2014/11980/pc_079-2014.pdf", "ementa": "RELATIVO AO PROJETO DE LEI N\u00b0 089/2014 QUE \"INSTITUI NA REDE MUNICIPAL DE EDUCA\u00c7\u00c3O O PROGRAMA \"JOVEM AGRICULTOR\", NAS ESCOLAS RURAIS MUNICIPAIS DA CIDADE DE MARECHAL FLORIANO E D\u00c1 OUTRAS PROVID\u00caNCIAS\"."}, {"id": "11981", "ano": "2014", "numero": "80", "tipo__sigla": "PAR", "tipo__descricao": "Parecer das Comiss\u00f5es", "autoria": "CLJRF - COMISS\u00c3O DE LEGISLA\u00c7\u00c3O, JUSTI\u00c7A E REDA\u00c7\u00c3O FINAL", "texto_original": "http://sapl.marechalfloriano.es.leg.br/media/sapl/public/materialegislativa/2014/11981/pc_080-2014.pdf", "ementa": "RELATIVO AO PROJETO DE LEI N\u00b0 091/2014 QUE \"INSTITUI A SEMANA MUNICIPAL DE EVANGELIZA\u00c7\u00c3O GLOBAL NO MUNIC\u00cdPIO DE MARECHAL FLORIANO, NA \u00daLTIMA SEMANA DO M\u00caS DE MAIO DE CADA ANO E D\u00c1 OUTRAS PROVID\u00caNCIAS\"."}, {"id": "11982", "ano": "2014", "numero": "81", "tipo__sigla": "PAR", "tipo__descricao": "Parecer das Comiss\u00f5es", "autoria": "CLJRF - COMISS\u00c3O DE LEGISLA\u00c7\u00c3O, JUSTI\u00c7A E REDA\u00c7\u00c3O FINAL", "texto_original": "http://sapl.marechalfloriano.es.leg.br/media/sapl/public/materialegislativa/2014/11982/pc_081-2014.pdf", "ementa": "RELATIVO AO PROJETO DE LEI N\u00b0 092/2014 QUE \"DENOMINA DE GIN\u00c1SIO MUNICIPAL ROBERTO HENRIQUE ALBERTO KRUGER, EM ALTO SANTA MARIA\"."}, {"id": "11983", "ano": "2014", "numero": "82", "tipo__sigla": "PAR", "tipo__descricao": "Parecer das Comiss\u00f5es", "autoria": "CLJRF - COMISS\u00c3O DE LEGISLA\u00c7\u00c3O, JUSTI\u00c7A E REDA\u00c7\u00c3O FINAL", "texto_original": "http://sapl.marechalfloriano.es.leg.br/media/sapl/public/materialegislativa/2014/11983/pc_082-2014.pdf", "ementa": "RELATIVO AO PROJETO DE LEI N\u00b0 093/2014 QUE \"DENOMINA DE PRA\u00c7A SAUD\u00c1VEL RICARDO KNIDEL, EM SANTA MARIA\""}, {"id": "11984", "ano": "2014", "numero": "83", "tipo__sigla": "PAR", "tipo__descricao": "Parecer das Comiss\u00f5es", "autoria": "CESA - COMISS\u00c3O DE EDUCA\u00c7\u00c3O, SA\u00daDE E ASSIST\u00caNCIA, CFO - COMISS\u00c3O DE FINAN\u00c7AS E OR\u00c7AMENTO, CLJRF - COMISS\u00c3O DE LEGISLA\u00c7\u00c3O, JUSTI\u00c7A E REDA\u00c7\u00c3O FINAL", "texto_original": "http://sapl.marechalfloriano.es.leg.br/media/sapl/public/materialegislativa/2014/11984/pc_083-2014.pdf", "ementa": "RELATIVO AO PROJETO DE LEI N\u00b0 094/2014 QUE \"DISP\u00d5E SOBRE A CRIA\u00c7\u00c3O DO ESPA\u00c7O DE PESQUISA BIBLIOGR\u00c1FICA NAS DEPEND\u00caNCIAS DA C\u00c2MARA MUNICIPAL DE MARECHAL FLORIANO\"."}, {"id": "11985", "ano": "2014", "numero": "84", "tipo__sigla": "PAR", "tipo__descricao": "Parecer das Comiss\u00f5es", "autoria": "CLJRF - COMISS\u00c3O DE LEGISLA\u00c7\u00c3O, JUSTI\u00c7A E REDA\u00c7\u00c3O FINAL", "texto_original": "http://sapl.marechalfloriano.es.leg.br/media/sapl/public/materialegislativa/2014/11985/pc_084-2014.pdf", "ementa": "RELATIVO AO PROJETO DE LEI N\u00b0 095/2013 QUE \"INSTITUI A SEMANA MUNICIPAL SOBRE DOEN\u00c7A DE ALZHEIMER E D\u00c1 OUTRAS PROVID\u00caNCIAS\"."}, {"id": "11986", "ano": "2014", "numero": "85", "tipo__sigla": "PAR", "tipo__descricao": "Parecer das Comiss\u00f5es", "autoria": "CLJRF - COMISS\u00c3O DE LEGISLA\u00c7\u00c3O, JUSTI\u00c7A E REDA\u00c7\u00c3O FINAL", "texto_original": "http://sapl.marechalfloriano.es.leg.br/media/sapl/public/materialegislativa/2014/11986/pc_085-2014.pdf", "ementa": "RELATIVO AO PROJETO DE LEI N\u00b0096/2013, DE AUTORIA DO CEZAR TADEU RONCHI JUNIOR QUE \"DENOMINA DE RUA REGGIANI, NO DISTRITO DE ARAGUAIA\"."}, {"id": "11987", "ano": "2014", "numero": "86", "tipo__sigla": "PAR", "tipo__descricao": "Parecer das Comiss\u00f5es", "autoria": "CLJRF - COMISS\u00c3O DE LEGISLA\u00c7\u00c3O, JUSTI\u00c7A E REDA\u00c7\u00c3O FINAL", "texto_original": "http://sapl.marechalfloriano.es.leg.br/media/sapl/public/materialegislativa/2014/11987/pc_086-2014.pdf", "ementa": "RELATIVO AO PROJETO DE LEI N\u00b0 097/2013, DE AUTORIA DE CEZAR TADEU RONCHI JUNIOR QUE \"DENOMINA DE LADEIRA DUZOLINA GAVA BORGO, NO DISTRITO DE ARAGUAIA\"."}, {"id": "11988", "ano": "2014", "numero": "87", "tipo__sigla": "PAR", "tipo__descricao": "Parecer das Comiss\u00f5es", "autoria": "CLJRF - COMISS\u00c3O DE LEGISLA\u00c7\u00c3O, JUSTI\u00c7A E REDA\u00c7\u00c3O FINAL", "texto_original": "http://sapl.marechalfloriano.es.leg.br/media/sapl/public/materialegislativa/2014/11988/pc_087-2014.pdf", "ementa": "RELATIVO AO PROJETO DE LEI N\u00b0 098/2014, DE AUTORIA DE CEZAR TADEU RONCHI JUNIOR QUE \"DENOMINA VEREADOR E PRESIDENTE DA C\u00c2MARA JOS\u00c9 BORGO, NO DISTRITO DE ARAGUAIA\"."}, {"id": "11989", "ano": "2014", "numero": "88", "tipo__sigla": "PAR", "tipo__descricao": "Parecer das Comiss\u00f5es", "autoria": "CLJRF - COMISS\u00c3O DE LEGISLA\u00c7\u00c3O, JUSTI\u00c7A E REDA\u00c7\u00c3O FINAL", "texto_original": "http://sapl.marechalfloriano.es.leg.br/media/sapl/public/materialegislativa/2014/11989/pc_088-2014.pdf", "ementa": "RELATIVO AO PROJETO DE LEI N\u00b0 099/2013, DE AUTORIA DA MESA DIRETORA QUE \"REVOGA LEI MUNICIPAL N\u00b0 1.242 DE 09 DE MAIO DE 2013\"."}, {"id": "11990", "ano": "2014", "numero": "89", "tipo__sigla": "PAR", "tipo__descricao": "Parecer das Comiss\u00f5es", "autoria": "CLJRF - COMISS\u00c3O DE LEGISLA\u00c7\u00c3O, JUSTI\u00c7A E REDA\u00c7\u00c3O FINAL", "texto_original": "http://sapl.marechalfloriano.es.leg.br/media/sapl/public/materialegislativa/2014/11990/pc_089-2014.pdf", "ementa": "RELATIVO AO PROJETO DE LEI N\u00b0 083/2014, DE AUTORIA DO PODER EXECUTIVO QUE \"CRIA GRATIFICA\u00c7\u00c3O PARA OS MEMBROS DA COMISS\u00c3O DE PROCESSO ADMINISTRATIVO DISCIPLINAR E D\u00c1 OUTRAS PROVID\u00caNCIAS\"."}, {"id": "11991", "ano": "2014", "numero": "90", "tipo__sigla": "PAR", "tipo__descricao": "Parecer das Comiss\u00f5es", "autoria": "CFO - COMISS\u00c3O DE FINAN\u00c7AS E OR\u00c7AMENTO", "texto_original": "http://sapl.marechalfloriano.es.leg.br/media/sapl/public/materialegislativa/2014/11991/pc_090-2014.pdf", "ementa": "RELATIVO AO PROJETO DE LEI N\u00b0 083/2014, DE AUTORIA DO PODER EXECUTIVO QUE \"CRIA GRATIFICA\u00c7\u00c3O PARA OS MEMBROS DA COMISS\u00c3O DE PROCESSO ADMINISTRATIVO DISCIPLINAR E D\u00c1 OUTRAS PROVID\u00caNCIAS\"."}, {"id": "11992", "ano": "2014", "numero": "91", "tipo__sigla": "PAR", "tipo__descricao": "Parecer das Comiss\u00f5es", "autoria": "CLJRF - COMISS\u00c3O DE LEGISLA\u00c7\u00c3O, JUSTI\u00c7A E REDA\u00c7\u00c3O FINAL", "texto_original": "http://sapl.marechalfloriano.es.leg.br/media/sapl/public/materialegislativa/2014/11992/pc_091-2014.pdf", "ementa": "RELATIVO AO PROJETO DE LEI N\u00b0 084/2013, DE AUTORIA DO PODER EXECUTIVO MUNICIPAL QUE \"ALTERA O ART. 197, DA LEI MUNICIPAL N\u00b0 003, DE 04 DE JANEIRO DE 1993 E D\u00c1 OUTRAS PROVID\u00caNCIAS\"."}, {"id": "11993", "ano": "2014", "numero": "92", "tipo__sigla": "PAR", "tipo__descricao": "Parecer das Comiss\u00f5es", "autoria": "CFO - COMISS\u00c3O DE FINAN\u00c7AS E OR\u00c7AMENTO", "texto_original": "http://sapl.marechalfloriano.es.leg.br/media/sapl/public/materialegislativa/2014/11993/pc_092-2014.pdf", "ementa": "RELATIVO AO PROJETO DE LEI N\u00b0 084/2013, DE AUTORIA DO PODER EXECUTIVO MUNICIPAL QUE \"ALTERA O ART. 197, DA LEI MUNICIPAL N\u00b0 003, DE 04 DE JANEIRO DE 1993 E D\u00c1 OUTRAS PROVID\u00caNCIAS\"."}, {"id": "11994", "ano": "2014", "numero": "93", "tipo__sigla": "PAR", "tipo__descricao": "Parecer das Comiss\u00f5es", "autoria": "CFO - COMISS\u00c3O DE FINAN\u00c7AS E OR\u00c7AMENTO, CLJRF - COMISS\u00c3O DE LEGISLA\u00c7\u00c3O, JUSTI\u00c7A E REDA\u00c7\u00c3O FINAL", "texto_original": "http://sapl.marechalfloriano.es.leg.br/media/sapl/public/materialegislativa/2014/11994/pc_093-2014.pdf", "ementa": "RELATIVO AO PROJETO DE LEI N\u00b0 100/2014, DE AUTORIA DO VEREADOR CEZAR TADEU RONCHI JUNIOR QUE \"DISP\u00d5E SOBRE A PUBLICA\u00c7\u00c3O DO LIVRO HIST\u00d3RICO E POL\u00cdTICO DO MUNIC\u00cdPIO DE MARECHAL FLORIANO E D\u00c1 OUTRAS PROVID\u00caNCIAS\"."}, {"id": "11995", "ano": "2014", "numero": "94", "tipo__sigla": "PAR", "tipo__descricao": "Parecer das Comiss\u00f5es", "autoria": "CFO - COMISS\u00c3O DE FINAN\u00c7AS E OR\u00c7AMENTO, CLJRF - COMISS\u00c3O DE LEGISLA\u00c7\u00c3O, JUSTI\u00c7A E REDA\u00c7\u00c3O FINAL", "texto_original": "http://sapl.marechalfloriano.es.leg.br/media/sapl/public/materialegislativa/2014/11995/pc_094-2014.pdf", "ementa": "RELATIVO AO PROJETO DE LEI N\u00b0 101/2014 QUE \"DISP\u00d5E SOBRE A CRIA\u00c7\u00c3O DA CARTILHA DE \u00cdNDICE DE LEIS MUNICIPAIS\"."}, {"id": "11996", "ano": "2014", "numero": "95", "tipo__sigla": "PAR", "tipo__descricao": "Parecer das Comiss\u00f5es", "autoria": "CLJRF - COMISS\u00c3O DE LEGISLA\u00c7\u00c3O, JUSTI\u00c7A E REDA\u00c7\u00c3O FINAL", "texto_original": "http://sapl.marechalfloriano.es.leg.br/media/sapl/public/materialegislativa/2014/11996/pc_095-2014.pdf", "ementa": "RELATIVO AO PROJETO DE LEI N\u00b0 105/2014, DE AUTORIA DO VEREADOR ALCINO OLEG\u00c1RIO DINIZ NETO QUE \"DENOMINA DE LADEIRA AUXILIADORA MAXIMILIANO KLEIN, EM SO\u00cdDO DE BAIXO\"."}, {"id": "11997", "ano": "2014", "numero": "96", "tipo__sigla": "PAR", "tipo__descricao": "Parecer das Comiss\u00f5es", "autoria": "CLJRF - COMISS\u00c3O DE LEGISLA\u00c7\u00c3O, JUSTI\u00c7A E REDA\u00c7\u00c3O FINAL", "texto_original": "http://sapl.marechalfloriano.es.leg.br/media/sapl/public/materialegislativa/2014/11997/pc_096-2014.pdf", "ementa": "RELATIVO AO PROJETO DE LEI N\u00b0 107/2014, DE AUTORIA DO VEREADOR D\u00d3RIO ALFREDO BRAUN QUE \"INSTITUI A SEMANA MUNICIPAL DO ARTES\u00c3O NO MUNIC\u00cdPIO DE MARECHAL FLORIANO\"."}, {"id": "11998", "ano": "2014", "numero": "97", "tipo__sigla": "PAR", "tipo__descricao": "Parecer das Comiss\u00f5es", "autoria": "CESA - COMISS\u00c3O DE EDUCA\u00c7\u00c3O, SA\u00daDE E ASSIST\u00caNCIA, CFO - COMISS\u00c3O DE FINAN\u00c7AS E OR\u00c7AMENTO, CLJRF - COMISS\u00c3O DE LEGISLA\u00c7\u00c3O, JUSTI\u00c7A E REDA\u00c7\u00c3O FINAL", "texto_original": "http://sapl.marechalfloriano.es.leg.br/media/sapl/public/materialegislativa/2014/11998/pc_097-2014.pdf", "ementa": "RELATIVO AO PROJETO DE LEI N\u00b0 109/2014, DE AUTORIA DO PODER EXECUTIVO MUNICIPAL QUE \"ALTERA A LEI MUNICIPAL N\u00b0 1.164 DE 04 DE JULHO DE 2012\"."}, {"id": "11999", "ano": "2014", "numero": "98", "tipo__sigla": "PAR", "tipo__descricao": "Parecer das Comiss\u00f5es", "autoria": "CFO - COMISS\u00c3O DE FINAN\u00c7AS E OR\u00c7AMENTO, CLJRF - COMISS\u00c3O DE LEGISLA\u00c7\u00c3O, JUSTI\u00c7A E REDA\u00c7\u00c3O FINAL", "texto_original": "http://sapl.marechalfloriano.es.leg.br/media/sapl/public/materialegislativa/2014/11999/pc_098-2014.pdf", "ementa": "RELATIVO AO PROJETO DE LEI N\u00b0 102/2014, DE AUTORIA DO VEREADOR CEZAR TADEU RONCHI JUNIOR QUE \"DISP\u00d5E SOBRE A CRIA\u00c7\u00c3O DO BANCO DE DADOS DO LEGISLATIVO MUNICIPAL\"."}, {"id": "12000", "ano": "2014", "numero": "99", "tipo__sigla": "PAR", "tipo__descricao": "Parecer das Comiss\u00f5es", "autoria": "CFO - COMISS\u00c3O DE FINAN\u00c7AS E OR\u00c7AMENTO, CLJRF - COMISS\u00c3O DE LEGISLA\u00c7\u00c3O, JUSTI\u00c7A E REDA\u00c7\u00c3O FINAL", "texto_original": "http://sapl.marechalfloriano.es.leg.br/media/sapl/public/materialegislativa/2014/12000/pc_099-2014.pdf", "ementa": "RELATIVO AO PROJETO DE LEI N\u00b0 111/2014, DO VEREADOR CEZAR TARDEU RONCHI JUNIOR, QUE \"DETERMINA QUE OS ESTABELECIMENTOS COMERCIAIS MANTENHAM EM LOCAL VIS\u00cdVEL PLACAS VISANDO EVITAR O BARULHO EXCESSIVO\"."}, {"id": "12001", "ano": "2014", "numero": "100", "tipo__sigla": "PAR", "tipo__descricao": "Parecer das Comiss\u00f5es", "autoria": "CAMA - COMISS\u00c3O DE AGRICULTURA E MEIO AMBIENTE, CFO - COMISS\u00c3O DE FINAN\u00c7AS E OR\u00c7AMENTO, CLJRF - COMISS\u00c3O DE LEGISLA\u00c7\u00c3O, JUSTI\u00c7A E REDA\u00c7\u00c3O FINAL, COSU - COMISS\u00c3O DE OBRAS E SERVI\u00c7OS URBANOS", "texto_original": "http://sapl.marechalfloriano.es.leg.br/media/sapl/public/materialegislativa/2014/12001/pc_100-2014.pdf", "ementa": "RELATIVO AO PROJETO DE LEI N\u00b0 082/2014, DE AUTORIA DO VEREADOR JO\u00c3O CABRAL RODRIGUES CONCIGLIERI QUE \"INSTITUI O PROGRAMA MUNICIPAL DE COLETA, RECICLAGEM DE \u00d3LEOS E GORDURAS USADAS DE ORIGEM VEGETAL E ANIMAL, NO \u00c2MBITO DO MUNIC\u00cdPIO DE MARECHAL FLORIANO\"."}, {"id": "12002", "ano": "2014", "numero": "101", "tipo__sigla": "PAR", "tipo__descricao": "Parecer das Comiss\u00f5es", "autoria": "CLJRF - COMISS\u00c3O DE LEGISLA\u00c7\u00c3O, JUSTI\u00c7A E REDA\u00c7\u00c3O FINAL", "texto_original": "http://sapl.marechalfloriano.es.leg.br/media/sapl/public/materialegislativa/2014/12002/pc_101-2014.pdf", "ementa": "RELATIVO AO PROJETO DE LEI N\u00b0 113/2014, DE AUTORIA DO VEREADOR D\u00d3RIO ALFREDO BRAUN QUE \"INSTITUI A SEMANA MUNICIPAL DE CONSCIENTIZA\u00c7\u00c3O, ORIENTA\u00c7\u00c3O E PREVEN\u00c7\u00c3O DA DIABETES E DA HIPERTENS\u00c3O NO MUNIC\u00cdPIO DE MARECHAL FLORIANO E D\u00c1 OUTRAS PROVID\u00caNCIAS\"."}, {"id": "12021", "ano": "2014", "numero": "102", "tipo__sigla": "PAR", "tipo__descricao": "Parecer das Comiss\u00f5es", "autoria": "CLJRF - COMISS\u00c3O DE LEGISLA\u00c7\u00c3O, JUSTI\u00c7A E REDA\u00c7\u00c3O FINAL", "texto_original": "http://sapl.marechalfloriano.es.leg.br/media/sapl/public/materialegislativa/2014/12021/pc_102-2014.pdf", "ementa": "RELATIVO AO PROJETO DE LEI N\u00b0 114/2014, DE AUTORIA DO VEREADOR ABR\u00c3O LEVI KIFFER QUE \"DENOMINA DE RUA NELSON UHL, NO BAIRRO SANTA RITA\"."}, {"id": "12004", "ano": "2014", "numero": "103", "tipo__sigla": "PAR", "tipo__descricao": "Parecer das Comiss\u00f5es", "autoria": "CLJRF - COMISS\u00c3O DE LEGISLA\u00c7\u00c3O, JUSTI\u00c7A E REDA\u00c7\u00c3O FINAL", "texto_original": "http://sapl.marechalfloriano.es.leg.br/media/sapl/public/materialegislativa/2014/12004/pc_103-2014.pdf", "ementa": "RELATIVO AO PROJETO DE LEI N\u00b0 115/2014, DE AUTORIA DO VEREADOR CEZAR TADEU RONCHI JUNIOR QUE \"INSTITUI A PACA COMO S\u00cdMBOLO MUNICIPAL, ANIMAL SILVESTRE DO MUNIC\u00cdPIO DE MARECHAL FLORIANO\"."}, {"id": "12005", "ano": "2014", "numero": "104", "tipo__sigla": "PAR", "tipo__descricao": "Parecer das Comiss\u00f5es", "autoria": "CLJRF - COMISS\u00c3O DE LEGISLA\u00c7\u00c3O, JUSTI\u00c7A E REDA\u00c7\u00c3O FINAL", "texto_original": "http://sapl.marechalfloriano.es.leg.br/media/sapl/public/materialegislativa/2014/12005/pc_104-2014.pdf", "ementa": "RELATIVO AO PROJETO DE LEI N\u00b0 091/2014, DE AUTORIA DO VEREADOR ALCINO OLEG\u00c1RIO DINIZ NETO QUE \"INSTITUI A SEMANA MUNICIPAL DE EVANGELIZA\u00c7\u00c3O GLOBAL NO MUNIC\u00cdPIO DE MARECHAL FLORIANO, NA \u00daLTIMA SEMANA DO M\u00caS DE MAIO DE CADA ANO E D\u00c1 OUTRAS PROVID\u00caNCIAS\"."}, {"id": "12006", "ano": "2014", "numero": "105", "tipo__sigla": "PAR", "tipo__descricao": "Parecer das Comiss\u00f5es", "autoria": "CLJRF - COMISS\u00c3O DE LEGISLA\u00c7\u00c3O, JUSTI\u00c7A E REDA\u00c7\u00c3O FINAL", "texto_original": "http://sapl.marechalfloriano.es.leg.br/media/sapl/public/materialegislativa/2014/12006/pc_105-2014.pdf", "ementa": "RELATIVO AO PROJETO DE LEI N\u00b0 087/2014, DE AUTORIA DO VEREADOR CEZAR TADEU RONCHI JUNIOR QUE \"INCLUI NO CALEND\u00c1RIO DE EVENTOS DO MUNIC\u00cdPIO, O ENCONTRO DA CULTURA ITALIANA DE ARAGUAIA E O BOM PRINC\u00cdPIO\"."}, {"id": "12007", "ano": "2014", "numero": "106", "tipo__sigla": "PAR", "tipo__descricao": "Parecer das Comiss\u00f5es", "autoria": "CFO - COMISS\u00c3O DE FINAN\u00c7AS E OR\u00c7AMENTO, CLJRF - COMISS\u00c3O DE LEGISLA\u00c7\u00c3O, JUSTI\u00c7A E REDA\u00c7\u00c3O FINAL", "texto_original": "http://sapl.marechalfloriano.es.leg.br/media/sapl/public/materialegislativa/2014/12007/pc_106-2014.pdf", "ementa": "RELATIVO AO PROJETO DE LEI N\u00b0 108/2014, DE AUTORIA DO VEREADOR ABR\u00c3O LEVI KIEFER QUE \"DISP\u00d5E SOBRE SONS URBANOS, FIXA N\u00cdVEIS E HOR\u00c1RIOS EM QUE SER\u00c1 PERMITIDA SUA EMISS\u00c3O, CRIA A LICEN\u00c7A PARA UTILIZA\u00c7\u00c3O SONORA E D\u00c1 OUTRAS PROVID\u00caNCIAS\"."}, {"id": "12008", "ano": "2014", "numero": "107", "tipo__sigla": "PAR", "tipo__descricao": "Parecer das Comiss\u00f5es", "autoria": "CLJRF - COMISS\u00c3O DE LEGISLA\u00c7\u00c3O, JUSTI\u00c7A E REDA\u00c7\u00c3O FINAL", "texto_original": "http://sapl.marechalfloriano.es.leg.br/media/sapl/public/materialegislativa/2014/12008/pc_107-2014.pdf", "ementa": "RELATIVO AO PROJETO DE LEI N\u00b0 119/2014, DE AUTORIA DO VEREADOR JO\u00c3O CABRAL RODRIGUES CONCIGLIERI QUE \"ALTERA LEI MUNICIPAL N\u00b0 035, DE 19 DE AGOSTO DE 1993, QUE DISP\u00d5E SOBRE EXTENS\u00c3O DA RUA \"DELIMAR SCHUNK\"."}, {"id": "12009", "ano": "2014", "numero": "108", "tipo__sigla": "PAR", "tipo__descricao": "Parecer das Comiss\u00f5es", "autoria": "CLJRF - COMISS\u00c3O DE LEGISLA\u00c7\u00c3O, JUSTI\u00c7A E REDA\u00c7\u00c3O FINAL", "texto_original": "http://sapl.marechalfloriano.es.leg.br/media/sapl/public/materialegislativa/2014/12009/pc_108-2014.pdf", "ementa": "RELATIVO AO PROJETO DE LEI N\u00b0 120/2014, DE AUTORIA DO VEREADOR JO\u00c3O CABRAL RODRIGUES CONCIGLIERI QUE \"DENOMINA DE RUA IDA PINTO SCHNEIDER, NO BAIRRO JARBINHAS - MARECHAL FLORIANO\"."}, {"id": "12010", "ano": "2014", "numero": "109", "tipo__sigla": "PAR", "tipo__descricao": "Parecer das Comiss\u00f5es", "autoria": "CLJRF - COMISS\u00c3O DE LEGISLA\u00c7\u00c3O, JUSTI\u00c7A E REDA\u00c7\u00c3O FINAL", "texto_original": "http://sapl.marechalfloriano.es.leg.br/media/sapl/public/materialegislativa/2014/12010/pc_109-2014.pdf", "ementa": "RELATIVO AO PROJETO DE LEI N\u00b0 121/2014, DE AUTORIA DO VEREADOR CEZAR TADEU RONCHI JUNIOR QUE \"INSTITUI A MATA ATL\u00c2NTICA COMO S\u00cdMBOLO DO MUNIC\u00cdPIO DE MARECHAL FLORIANO E D\u00c1 OUTRAS PROVID\u00caNCIAS\"."}, {"id": "12011", "ano": "2014", "numero": "110", "tipo__sigla": "PAR", "tipo__descricao": "Parecer das Comiss\u00f5es", "autoria": "CLJRF - COMISS\u00c3O DE LEGISLA\u00c7\u00c3O, JUSTI\u00c7A E REDA\u00c7\u00c3O FINAL", "texto_original": "http://sapl.marechalfloriano.es.leg.br/media/sapl/public/materialegislativa/2014/12011/pc_110-2014.pdf", "ementa": "RELATIVO AO PROJETO DE LEI N\u00b0 122/2014, DE AUTORIA DO VEREADOR CEZAR TADEU RONCHI JUNIOR QUE \"INSTITUI O FRANGO COMO S\u00cdMBOLO DO MUNIC\u00cdPIO DE MARECHAL FLORIANO E D\u00c1 OUTRAS PROVID\u00caNCIAS\"."}, {"id": "12012", "ano": "2014", "numero": "111", "tipo__sigla": "PAR", "tipo__descricao": "Parecer das Comiss\u00f5es", "autoria": "CLJRF - COMISS\u00c3O DE LEGISLA\u00c7\u00c3O, JUSTI\u00c7A E REDA\u00c7\u00c3O FINAL", "texto_original": "http://sapl.marechalfloriano.es.leg.br/media/sapl/public/materialegislativa/2014/12012/pc_111-2014.pdf", "ementa": "RELATIVO AO PROJETO DE LEI N\u00b0 123/2014, DE AUTORIA DO VEREADOR CEZAR TADEU RONCHI JUNIOR QUE \"INSTITUI O CENTRO CULTURAL E COMUNIT\u00c1RIO EZEQUIEL RONCHI E A CASA DO NONO DO DISTRITO DE ARAGUAIA, COMO S\u00cdMBOLOS DO MUNIC\u00cdPIO DE MARECHAL FLORIANO E D\u00c1 OUTRAS PROVID\u00caNCIAS\"."}, {"id": "12022", "ano": "2014", "numero": "112", "tipo__sigla": "PAR", "tipo__descricao": "Parecer das Comiss\u00f5es", "autoria": "CLJRF - COMISS\u00c3O DE LEGISLA\u00c7\u00c3O, JUSTI\u00c7A E REDA\u00c7\u00c3O FINAL", "texto_original": "http://sapl.marechalfloriano.es.leg.br/media/sapl/public/materialegislativa/2014/12022/pc_112-2014.pdf", "ementa": "RELATIVO AO PROJETO DE LEI N\u00b0 124/2014, DE AUTORIA DO VEREADOR JOS\u00c9 RODOLFO KROHLING QUE \"DENOMINA DE RUA NOSSA SENHORA DA PENHA, NA COMUNIDADE BETINHO SIMON - MARECHAL FLORIANO\"."}, {"id": "12013", "ano": "2014", "numero": "113", "tipo__sigla": "PAR", "tipo__descricao": "Parecer das Comiss\u00f5es", "autoria": "CFO - COMISS\u00c3O DE FINAN\u00c7AS E OR\u00c7AMENTO, CLJRF - COMISS\u00c3O DE LEGISLA\u00c7\u00c3O, JUSTI\u00c7A E REDA\u00c7\u00c3O FINAL", "texto_original": "http://sapl.marechalfloriano.es.leg.br/media/sapl/public/materialegislativa/2014/12013/pc_113-2014.pdf", "ementa": "RELATIVO AO PROJETO DE LEI N\u00b0 125/2014, DE AUTORIA DO PODER EXECUTIVO MUNICIPAL QUE \"DISP\u00d5E SOBRE A IMPLANTA\u00c7\u00c3O DO PISO SALARIAL DO AGENTE COMUNIT\u00c1RIO DE SA\u00daDE E AGENTE DE COMBATE A ENDEMIAS E D\u00c1 OUTRAS PROVID\u00caNCIAS\"."}, {"id": "12014", "ano": "2014", "numero": "114", "tipo__sigla": "PAR", "tipo__descricao": "Parecer das Comiss\u00f5es", "autoria": "CLJRF - COMISS\u00c3O DE LEGISLA\u00c7\u00c3O, JUSTI\u00c7A E REDA\u00c7\u00c3O FINAL", "texto_original": "http://sapl.marechalfloriano.es.leg.br/media/sapl/public/materialegislativa/2014/12014/pc_114-2014.pdf", "ementa": "RELATIVO AO PROJETO DE LEI N\u00b0 127/2014, DE AUTORIA DO VEREADOR CEZAR TADEU RONCHI JUNIOR QUE \"ALTERA ART. 1\u00b0, DA LEI MUNICIPAL N\u00b0 713, DE 27 DE AGOSTO DE 2007, QUE \"DENOMINA DE ESTRADA BERNARDO LEONOR EFFGEM E D\u00c1 OUTRAS PROVID\u00caNCIAS\"."}, {"id": "12015", "ano": "2014", "numero": "115", "tipo__sigla": "PAR", "tipo__descricao": "Parecer das Comiss\u00f5es", "autoria": "CLJRF - COMISS\u00c3O DE LEGISLA\u00c7\u00c3O, JUSTI\u00c7A E REDA\u00c7\u00c3O FINAL", "texto_original": "http://sapl.marechalfloriano.es.leg.br/media/sapl/public/materialegislativa/2014/12015/pc_115-2014.pdf", "ementa": "RELATIVO AO PROJETO DE LEI N\u00b0 128/2014, DE AUTORIA DO VEREADOR ALCINO OLEG\u00c1RIO DINIZ NETO QUE \"INSTITUI NO MUNIC\u00cdPIO DE MARECHAL FLORIANO O DIA MUNICIPAL DO AGENTE COMUNIT\u00c1RIO DE SA\u00daDE E D\u00c1 OUTRAS PROVID\u00caNCIAS\"."}, {"id": "12016", "ano": "2014", "numero": "116", "tipo__sigla": "PAR", "tipo__descricao": "Parecer das Comiss\u00f5es", "autoria": "CLJRF - COMISS\u00c3O DE LEGISLA\u00c7\u00c3O, JUSTI\u00c7A E REDA\u00c7\u00c3O FINAL", "texto_original": "http://sapl.marechalfloriano.es.leg.br/media/sapl/public/materialegislativa/2014/12016/pc_116-2014.pdf", "ementa": "RELATIVO AO PROJETO DE LEI N\u00b0 129/2014, DE AUTORIA DO VEREADOR CEZAR TADEU RONCHI JUNIOR QUE \"INSTITUI COMO S\u00cdMBOLOS MUNICIPAIS HIST\u00d3RICOS AS ESTA\u00c7\u00d5ES FERROVI\u00c1RIAS DO DISTRITO DE ARAGUAIA E DA SEDE DO MUNIC\u00cdPIO DE MARECHAL FLORIANO\"."}, {"id": "12017", "ano": "2014", "numero": "117", "tipo__sigla": "PAR", "tipo__descricao": "Parecer das Comiss\u00f5es", "autoria": "CFO - COMISS\u00c3O DE FINAN\u00c7AS E OR\u00c7AMENTO, CLJRF - COMISS\u00c3O DE LEGISLA\u00c7\u00c3O, JUSTI\u00c7A E REDA\u00c7\u00c3O FINAL", "texto_original": "http://sapl.marechalfloriano.es.leg.br/media/sapl/public/materialegislativa/2014/12017/pc_117-2014.pdf", "ementa": "RELATIVO AO PROJETO DE LEI N\u00b0 131/2014 DE AUTORIA DO PODER EXECUTIVO MUNICIPAL QUE \"ALTERA A LEI MUNICIPAL N\u00b0 1.426, DE 14 DE ABRIL DE 2014\"."}, {"id": "12018", "ano": "2014", "numero": "118", "tipo__sigla": "PAR", "tipo__descricao": "Parecer das Comiss\u00f5es", "autoria": "CESA - COMISS\u00c3O DE EDUCA\u00c7\u00c3O, SA\u00daDE E ASSIST\u00caNCIA, CFO - COMISS\u00c3O DE FINAN\u00c7AS E OR\u00c7AMENTO, CLJRF - COMISS\u00c3O DE LEGISLA\u00c7\u00c3O, JUSTI\u00c7A E REDA\u00c7\u00c3O FINAL", "texto_original": "http://sapl.marechalfloriano.es.leg.br/media/sapl/public/materialegislativa/2014/12018/pc_118-2014.pdf", "ementa": "RELATIVO AO PROJETO DE LEI N\u00b0 132/2014 DE AUTORIA DO VEREADOR CEZAR TADEU RONCHI JUNIOR QUE \"DISP\u00d5E SOBRE PENALIDADES A TODA E QUALQUER PR\u00c1TICA DE VIOL\u00caNCIA CONTRA ANIMAIS DOM\u00c9STICOS E D\u00c1 OUTRAS PROVID\u00caNCIAS\"."}, {"id": "12019", "ano": "2014", "numero": "119", "tipo__sigla": "PAR", "tipo__descricao": "Parecer das Comiss\u00f5es", "autoria": "CESA - COMISS\u00c3O DE EDUCA\u00c7\u00c3O, SA\u00daDE E ASSIST\u00caNCIA, CFO - COMISS\u00c3O DE FINAN\u00c7AS E OR\u00c7AMENTO, CLJRF - COMISS\u00c3O DE LEGISLA\u00c7\u00c3O, JUSTI\u00c7A E REDA\u00c7\u00c3O FINAL", "texto_original": "http://sapl.marechalfloriano.es.leg.br/media/sapl/public/materialegislativa/2014/12019/pc_119-2014.pdf", "ementa": "RELATIVO AO PROJETO DE LEI N\u00b0 133/2014 DE AUTORIA DO VEREADOR CEZAR TADEU RONCHI JUNIOR QUE \"CRIA O FUNDO MUNICIPAL DE PROTE\u00c7\u00c3O E BEM-ESTAR ANIMAL E D\u00c1 OUTRAS PROVID\u00caNCIAS\"."}, {"id": "12020", "ano": "2014", "numero": "120", "tipo__sigla": "PAR", "tipo__descricao": "Parecer das Comiss\u00f5es", "autoria": "CFO - COMISS\u00c3O DE FINAN\u00c7AS E OR\u00c7AMENTO, CLJRF - COMISS\u00c3O DE LEGISLA\u00c7\u00c3O, JUSTI\u00c7A E REDA\u00c7\u00c3O FINAL", "texto_original": "http://sapl.marechalfloriano.es.leg.br/media/sapl/public/materialegislativa/2014/12020/pc_120-2014.pdf", "ementa": "RELATIVO AO PROJETO DE LEI N\u00b0 134/2014 DE AUTORIA DO VEREADOR CEZAR TADEU RONCHI JUNIOR QUE \"ALTERA LEI MUNICIPAL N\u00b0 1.352, DE 11 DE OUTUBRO DE 2013\"."}, {"id": "12023", "ano": "2014", "numero": "121", "tipo__sigla": "PAR", "tipo__descricao": "Parecer das Comiss\u00f5es", "autoria": "CFO - COMISS\u00c3O DE FINAN\u00c7AS E OR\u00c7AMENTO, CLJRF - COMISS\u00c3O DE LEGISLA\u00c7\u00c3O, JUSTI\u00c7A E REDA\u00c7\u00c3O FINAL", "texto_original": "http://sapl.marechalfloriano.es.leg.br/media/sapl/public/materialegislativa/2014/12023/pc_121-2014.pdf", "ementa": "RELATIVO AO PROJETO DE LEI N\u00b0 135/2014 DE AUTORIA DO VEREADOR JO\u00c3O CABRAL RODRIGUES CONCIGLIERI QUE \"DISCIPLINA O FUNCIONAMENTO DE FEIRAS E EVENTOS COMERCIAIS, DE CAR\u00c1TER ITINERANTE E TEMPOR\u00c1RIO NO MUNIC\u00cdPIO E D\u00c1 OUTRAS PROVID\u00caNCIAS\"."}, {"id": "12024", "ano": "2014", "numero": "122", "tipo__sigla": "PAR", "tipo__descricao": "Parecer das Comiss\u00f5es", "autoria": "CFO - COMISS\u00c3O DE FINAN\u00c7AS E OR\u00c7AMENTO, CLJRF - COMISS\u00c3O DE LEGISLA\u00c7\u00c3O, JUSTI\u00c7A E REDA\u00c7\u00c3O FINAL", "texto_original": "http://sapl.marechalfloriano.es.leg.br/media/sapl/public/materialegislativa/2014/12024/pc_122-2014.pdf", "ementa": "RELATIVO AO PROJETO DE LEI N\u00b0 136/2014 DE AUTORIA DO VEREADOR ALCINO OLEG\u00c1RIO DINIZ NETO QUE \"CRIA O PROGRAMA PR\u00d3-JARDIM - PROGRAMA DE CUIDADOS COM VIVEIROS, PARQUES, PRA\u00c7AS, JARDINS E DEMAIS LOGRADOUROS P\u00daBLICOS REALIZADOS POR ADOLESCENTES RESIDENTES NO MUNIC\u00cdPIO DE MARECHAL FLORIANO E D\u00c1 OUTRAS PROVID\u00caNCIAS\"."}, {"id": "12025", "ano": "2014", "numero": "123", "tipo__sigla": "PAR", "tipo__descricao": "Parecer das Comiss\u00f5es", "autoria": "CFO - COMISS\u00c3O DE FINAN\u00c7AS E OR\u00c7AMENTO, CLJRF - COMISS\u00c3O DE LEGISLA\u00c7\u00c3O, JUSTI\u00c7A E REDA\u00c7\u00c3O FINAL", "texto_original": "http://sapl.marechalfloriano.es.leg.br/media/sapl/public/materialegislativa/2014/12025/pc_123-2014.pdf", "ementa": "RELATIVO AO PROJETO DE LEI N\u00b0 126/2014, DE AUTORIA DO PODER EXECUTIVO MUNICIPAL QUE \"DISP\u00d5E SOBRE A CONTRATA\u00c7\u00c3O POR TEMPO DETERMINADO PARA ATENDER A NECESSIDADE TEMPOR\u00c1RIA DE EXCEPCIONAL INTERESSE P\u00daBLICO, NOS TERMOS DO INCISO IX DO ART. 37 DA CONSTITUI\u00c7\u00c3O FEDERAL E D\u00c1 OUTRAS PROVID\u00caNCIAS\"."}, {"id": "12026", "ano": "2014", "numero": "124", "tipo__sigla": "PAR", "tipo__descricao": "Parecer das Comiss\u00f5es", "autoria": "CFO - COMISS\u00c3O DE FINAN\u00c7AS E OR\u00c7AMENTO", "texto_original": "http://sapl.marechalfloriano.es.leg.br/media/sapl/public/materialegislativa/2014/12026/pc_124-2014.pdf", "ementa": "RELATIVO AS CONTAS DO MUNIC\u00cdPIO DE MARECHAL FLORIANO REFERENTE AO EXERC\u00cdCIO DE 2010 - PREFEITA ELIANE PAES LORENZONI, BASEADO NO PROCESSO TC- 1949/2011."}, {"id": "12027", "ano": "2014", "numero": "125", "tipo__sigla": "PAR", "tipo__descricao": "Parecer das Comiss\u00f5es", "autoria": "CESA - COMISS\u00c3O DE EDUCA\u00c7\u00c3O, SA\u00daDE E ASSIST\u00caNCIA, CFO - COMISS\u00c3O DE FINAN\u00c7AS E OR\u00c7AMENTO, CLJRF - COMISS\u00c3O DE LEGISLA\u00c7\u00c3O, JUSTI\u00c7A E REDA\u00c7\u00c3O FINAL", "texto_original": "http://sapl.marechalfloriano.es.leg.br/media/sapl/public/materialegislativa/2014/12027/pc_125-2014.pdf", "ementa": "RELATIVO AO PROJETO DE LEI N\u00b0 138/2014 DE AUTORIA DO PODER EXECUTIVO QUE \"DISP\u00d5E SOBRE A DESTINA\u00c7\u00c3O PARA AS \u00c1REAS DE DUCA\u00c7\u00c3O E SA\u00daDE DE PARCELA DE PARTICIPA\u00c7\u00c3O NO RESULTADO OU NA COMPENSA\u00c7\u00c3O FINANCEIRA PELA EXPLORA\u00c7\u00c3O DE PETR\u00d3LEO E G\u00c1S NATURAL, COM FINALIDADE DE CUMPRIMENTO DE META PREVISTA NO INCISO VI DO CAPUT DO ARTIGO 214 E NO ARTIGO 196 DA CONSTITUI\u00c7\u00c3O FEDERAL, LEI N\u00b0 7.790 E LEI N\u00b0 12.858."}, {"id": "12028", "ano": "2014", "numero": "126", "tipo__sigla": "PAR", "tipo__descricao": "Parecer das Comiss\u00f5es", "autoria": "CFO - COMISS\u00c3O DE FINAN\u00c7AS E OR\u00c7AMENTO, CLJRF - COMISS\u00c3O DE LEGISLA\u00c7\u00c3O, JUSTI\u00c7A E REDA\u00c7\u00c3O FINAL", "texto_original": "http://sapl.marechalfloriano.es.leg.br/media/sapl/public/materialegislativa/2014/12028/pc_126-2014.pdf", "ementa": "RELATIVO AO PROJETO DE LEI N\u00b0 141/2014 DE AUTORIA DO VEREADOR ALCINO OLEG\u00c1RIO DINIZ NETO QUE \"ESTABELECE QUE SEJA AFIXADO INFORMATIVO NOS \u00d3RG\u00c3OS P\u00daBLICOS, COM O INTUITO DE INFORMAR A POPULA\u00c7\u00c3O SOBRE OS SEUS DIREITOS E INIBIR O MAU ATENDIMENTO DE SERVIDORES P\u00daBLICOS\"."}, {"id": "12029", "ano": "2014", "numero": "127", "tipo__sigla": "PAR", "tipo__descricao": "Parecer das Comiss\u00f5es", "autoria": "CLJRF - COMISS\u00c3O DE LEGISLA\u00c7\u00c3O, JUSTI\u00c7A E REDA\u00c7\u00c3O FINAL", "texto_original": "http://sapl.marechalfloriano.es.leg.br/media/sapl/public/materialegislativa/2014/12029/pc_127-2014.pdf", "ementa": "RELATIVO AO PROJETO DE LEI N\u00b0 142/2014 DE AUTORIA DO VEREADOR ALCINO OLEG\u00c1RIO DINIZ NETO QUE \"INSTITUI O DIA MUNICIPAL DE PREVEN\u00c7\u00c3O E CONSCIENTIZA\u00c7\u00c3O DA \"S\u00cdNDROME ALCO\u00d3LICA FETAL - SAF\" A SER COMEMORADO ANUALMENTE NO DIA 09 DE SETEMBRO."}, {"id": "12030", "ano": "2014", "numero": "128", "tipo__sigla": "PAR", "tipo__descricao": "Parecer das Comiss\u00f5es", "autoria": "CFO - COMISS\u00c3O DE FINAN\u00c7AS E OR\u00c7AMENTO, CLJRF - COMISS\u00c3O DE LEGISLA\u00c7\u00c3O, JUSTI\u00c7A E REDA\u00c7\u00c3O FINAL", "texto_original": "http://sapl.marechalfloriano.es.leg.br/media/sapl/public/materialegislativa/2014/12030/pc_128-2014.pdf", "ementa": "RELATIVO AO PROJETO DE LEI N\u00b0 143/2014 DE AUTORIA DO VEREADOR CEZAR TADEU RONCHI JUNIOR QUE \"DISP\u00d5E SOBRE A CRIA\u00c7\u00c3O DA CARTILHA O \"LEGISLATIVO FLORIANENSE\" E D\u00c1 OUTRAS PROVID\u00caNCIAS\"."}, {"id": "12031", "ano": "2014", "numero": "129", "tipo__sigla": "PAR", "tipo__descricao": "Parecer das Comiss\u00f5es", "autoria": "CESA - COMISS\u00c3O DE EDUCA\u00c7\u00c3O, SA\u00daDE E ASSIST\u00caNCIA, CFO - COMISS\u00c3O DE FINAN\u00c7AS E OR\u00c7AMENTO, CLJRF - COMISS\u00c3O DE LEGISLA\u00c7\u00c3O, JUSTI\u00c7A E REDA\u00c7\u00c3O FINAL", "texto_original": "http://sapl.marechalfloriano.es.leg.br/media/sapl/public/materialegislativa/2014/12031/pc_129-2014.pdf", "ementa": "RELATIVO AO PROJETO DE LEI N\u00b0 144/2014 DE AUTORIA DO VEREADOR CEZAR TADEU RONCHI JUNIOR QUE \"AUTORIZA A CESS\u00c3O DO USO DO IM\u00d3VEL DE PROPRIEDADE DO MUNIC\u00cdPIO DE MARECHAL FLORIANO A INSTITUI\u00c7\u00d5ES DE ENSINO QUE ESPEC\u00cdFICA E D\u00c1 OUTRAS PROVID\u00caNCIAS\"."}, {"id": "12032", "ano": "2014", "numero": "130", "tipo__sigla": "PAR", "tipo__descricao": "Parecer das Comiss\u00f5es", "autoria": "CLJRF - COMISS\u00c3O DE LEGISLA\u00c7\u00c3O, JUSTI\u00c7A E REDA\u00c7\u00c3O FINAL", "texto_original": "http://sapl.marechalfloriano.es.leg.br/media/sapl/public/materialegislativa/2014/12032/pc_130-2014.pdf", "ementa": "RELATIVO AO PROJETO DE LEI N\u00b0 145/2014 DE AUTORIA DOS VEREADORES CEZAR TADEU RONCHI E JO\u00c3O CABRAL RODRIGUES CONCIGLIERI QUE \"DENOMINA DE VEREADOR AMADOR ENDLICH O CENTRO DE VIV\u00caNCIA DO IDOSO, EM MARECHAL FLORIANO-ES\"."}, {"id": "12033", "ano": "2014", "numero": "131", "tipo__sigla": "PAR", "tipo__descricao": "Parecer das Comiss\u00f5es", "autoria": "CESA - COMISS\u00c3O DE EDUCA\u00c7\u00c3O, SA\u00daDE E ASSIST\u00caNCIA, CFO - COMISS\u00c3O DE FINAN\u00c7AS E OR\u00c7AMENTO, CLJRF - COMISS\u00c3O DE LEGISLA\u00c7\u00c3O, JUSTI\u00c7A E REDA\u00c7\u00c3O FINAL", "texto_original": "http://sapl.marechalfloriano.es.leg.br/media/sapl/public/materialegislativa/2014/12033/pc_131-2014.pdf", "ementa": "RELATIVO AO PROJETO DE LEI N\u00b0 146/2014 DE AUTORIA DO PODER EXECUTIVO QUE \"AUTORIZA A ABERTURA DE CR\u00c9DITO ADICIONAL SUPLEMENTAR E D\u00c1 OUTRAS PROVID\u00caNCIAS\"."}, {"id": "12034", "ano": "2014", "numero": "132", "tipo__sigla": "PAR", "tipo__descricao": "Parecer das Comiss\u00f5es", "autoria": "CLJRF - COMISS\u00c3O DE LEGISLA\u00c7\u00c3O, JUSTI\u00c7A E REDA\u00c7\u00c3O FINAL", "texto_original": "http://sapl.marechalfloriano.es.leg.br/media/sapl/public/materialegislativa/2014/12034/pc_132-2014.pdf", "ementa": "RELATIVO AO PROJETO DE LEI N\u00b0 130/2014, DE AUTORIA DO VEREADOR CEZAR TADEU RONCHI JUNIOR QUE INSTITUI, NO \u00c2MBITO DO MUNIC\u00cdPIO DE MARECHAL FLORIANO, O \"DIA MUNICIPAL DE PRESERVA\u00c7\u00c3O DA MATA ATL\u00c2NTICA\" E D\u00c1 OUTRAS PROVID\u00caNCIAS\"."}, {"id": "12035", "ano": "2014", "numero": "133", "tipo__sigla": "PAR", "tipo__descricao": "Parecer das Comiss\u00f5es", "autoria": "CFO - COMISS\u00c3O DE FINAN\u00c7AS E OR\u00c7AMENTO, CLJRF - COMISS\u00c3O DE LEGISLA\u00c7\u00c3O, JUSTI\u00c7A E REDA\u00c7\u00c3O FINAL, COSU - COMISS\u00c3O DE OBRAS E SERVI\u00c7OS URBANOS", "texto_original": "http://sapl.marechalfloriano.es.leg.br/media/sapl/public/materialegislativa/2014/12035/pc_133-2014.pdf", "ementa": "RELATIVO AO PROJETO DE LEI N\u00b0 147/2014 DE AUTORIA DO PODER EXECUTIVO QUE \"AUTORIZA A ABERTURA DE CR\u00c9DITO ADICIONAL SUPLEMENTAR AO OR\u00c7AMENTO VIGENTE DO MUNIC\u00cdPIO DE MARECHAL FLORIANO\"."}, {"id": "12036", "ano": "2014", "numero": "134", "tipo__sigla": "PAR", "tipo__descricao": "Parecer das Comiss\u00f5es", "autoria": "CESA - COMISS\u00c3O DE EDUCA\u00c7\u00c3O, SA\u00daDE E ASSIST\u00caNCIA, CFO - COMISS\u00c3O DE FINAN\u00c7AS E OR\u00c7AMENTO, CLJRF - COMISS\u00c3O DE LEGISLA\u00c7\u00c3O, JUSTI\u00c7A E REDA\u00c7\u00c3O FINAL", "texto_original": "http://sapl.marechalfloriano.es.leg.br/media/sapl/public/materialegislativa/2014/12036/pc_134-2014.pdf", "ementa": "RELATIVO AO PROJETO DE LEI N\u00b0 148/2014 DE AUTORIA DO PODER EXECUTIVO QUE \"AUTORIZA A ABERTURA DE CR\u00c9DITO ADICIONAL SUPLEMENTAR AO OR\u00c7AMENTO VIGENTE DO MUNIC\u00cdPIO DE MARECHAL FLORIANO\"."}, {"id": "12037", "ano": "2014", "numero": "135", "tipo__sigla": "PAR", "tipo__descricao": "Parecer das Comiss\u00f5es", "autoria": "CLJRF - COMISS\u00c3O DE LEGISLA\u00c7\u00c3O, JUSTI\u00c7A E REDA\u00c7\u00c3O FINAL", "texto_original": "http://sapl.marechalfloriano.es.leg.br/media/sapl/public/materialegislativa/2014/12037/pc_135-2014.pdf", "ementa": "RELATIVO AO PROJETO DE LEI N\u00b0 152/2014, DE AUTORIA DO VEREADOR CEZAR TADEU RONCHI JUNIOR QUE \"INSTITUI NO MUNIC\u00cdPIO DE MARECHAL FLORIANO A \"SEMANA MUNICIPAL DO BRINCAR, E D\u00c1 OUTRAS PROVID\u00caNCIAS\"."}, {"id": "12038", "ano": "2014", "numero": "136", "tipo__sigla": "PAR", "tipo__descricao": "Parecer das Comiss\u00f5es", "autoria": "CLJRF - COMISS\u00c3O DE LEGISLA\u00c7\u00c3O, JUSTI\u00c7A E REDA\u00c7\u00c3O FINAL", "texto_original": "http://sapl.marechalfloriano.es.leg.br/media/sapl/public/materialegislativa/2014/12038/pc_136-2014.pdf", "ementa": "RELATIVO AO PROJETO DE LEI N\u00b0 154/2014, DE AUTORIA DOS VEREADORES CEZAR TADEU RONCHI JUNIOR E JO\u00c3O CABRAL RODRIGUES CONCIGLIERI QUE \"DENOMINA DE ESTRADA MUNICIPAL VEREADOR PAULO ROBERTO RAASCH\"."}, {"id": "12039", "ano": "2014", "numero": "137", "tipo__sigla": "PAR", "tipo__descricao": "Parecer das Comiss\u00f5es", "autoria": "CFO - COMISS\u00c3O DE FINAN\u00c7AS E OR\u00c7AMENTO, CLJRF - COMISS\u00c3O DE LEGISLA\u00c7\u00c3O, JUSTI\u00c7A E REDA\u00c7\u00c3O FINAL, COSU - COMISS\u00c3O DE OBRAS E SERVI\u00c7OS URBANOS", "texto_original": "http://sapl.marechalfloriano.es.leg.br/media/sapl/public/materialegislativa/2014/12039/pc_137-2014.pdf", "ementa": "RELATIVO AO PROJETO DE LEI N\u00b0 137/2014 DE AUTORIA DO PODER EXECUTIVO QUE \"ALTERA A LEI COMPLEMENTAR MUNICIPAL N\u00b0 488, DE 23 DE DEZEMBRO DE 2003\"."}, {"id": "12040", "ano": "2014", "numero": "138", "tipo__sigla": "PAR", "tipo__descricao": "Parecer das Comiss\u00f5es", "autoria": "CFO - COMISS\u00c3O DE FINAN\u00c7AS E OR\u00c7AMENTO, CLJRF - COMISS\u00c3O DE LEGISLA\u00c7\u00c3O, JUSTI\u00c7A E REDA\u00c7\u00c3O FINAL", "texto_original": "http://sapl.marechalfloriano.es.leg.br/media/sapl/public/materialegislativa/2014/12040/pc_138-2014.pdf", "ementa": "RELATIVO AO PROJETO DE LEI N\u00b0 153/2012, DE AUTORIA DO VEREADOR CEZAR TADEU RONCHI JUNIOR QUE \"INSTITUI A OUVIDORIA DA C\u00c2MARA MUNICIPAL DE MARECHAL FLORIANO\"."}, {"id": "12041", "ano": "2014", "numero": "139", "tipo__sigla": "PAR", "tipo__descricao": "Parecer das Comiss\u00f5es", "autoria": "CESA - COMISS\u00c3O DE EDUCA\u00c7\u00c3O, SA\u00daDE E ASSIST\u00caNCIA, CFO - COMISS\u00c3O DE FINAN\u00c7AS E OR\u00c7AMENTO, CLJRF - COMISS\u00c3O DE LEGISLA\u00c7\u00c3O, JUSTI\u00c7A E REDA\u00c7\u00c3O FINAL", "texto_original": "http://sapl.marechalfloriano.es.leg.br/media/sapl/public/materialegislativa/2014/12041/pc_139-2014.pdf", "ementa": "RELATIVO AO PROJETO DE LEI N\u00b0 157/2014, DE AUTORIA DO VEREADOR ALCINO OLEG\u00c1RIO DINIZ NETO QUE \"INSTITUI NA REDE MUNICIPAL DE MARECHAL FLORIANO O PROGRAMA DE VALORIZA\u00c7\u00c3O DO PROFISSIONAL NA EDUCA\u00c7\u00c3O \"PROFESSOR DO ANO\" E FIXA OUTRAS PROVID\u00caNCIAS."}, {"id": "12042", "ano": "2014", "numero": "140", "tipo__sigla": "PAR", "tipo__descricao": "Parecer das Comiss\u00f5es", "autoria": "CLJRF - COMISS\u00c3O DE LEGISLA\u00c7\u00c3O, JUSTI\u00c7A E REDA\u00c7\u00c3O FINAL", "texto_original": "http://sapl.marechalfloriano.es.leg.br/media/sapl/public/materialegislativa/2014/12042/pc_140-2014.pdf", "ementa": "RELATIVO AO PROJETO DE LEI N\u00b0 160/2014 DE AUTORIA DO VEREADOR CEZAR TADEU RONCHI JUNIOR QUE \"INSTITUI A SEMANA DE CONSCIENTIZA\u00c7\u00c3O, PREVEN\u00c7\u00c3O E COMBATE \u00c0 VERMINOSE NO MUNIC\u00cdPIO DE MARECHAL FLORIANO E D\u00c1 OUTRAS PROVID\u00caNCIAS\"."}, {"id": "12043", "ano": "2014", "numero": "141", "tipo__sigla": "PAR", "tipo__descricao": "Parecer das Comiss\u00f5es", "autoria": "CLJRF - COMISS\u00c3O DE LEGISLA\u00c7\u00c3O, JUSTI\u00c7A E REDA\u00c7\u00c3O FINAL", "texto_original": "http://sapl.marechalfloriano.es.leg.br/media/sapl/public/materialegislativa/2014/12043/pc_141-2014.pdf", "ementa": "RELATIVO AO PROJETO DE LEI N\u00b0 161/2014 DE AUTORIA DO VEREADOR JOS\u00c9 RODOLFO KROHLING QUE \"DENOMINA DE GIN\u00c1SIO MUNICIPAL AGUINALDO GOBBI, EM MARECHAL FLORIANO-ES\"."}, {"id": "12044", "ano": "2014", "numero": "142", "tipo__sigla": "PAR", "tipo__descricao": "Parecer das Comiss\u00f5es", "autoria": "CFO - COMISS\u00c3O DE FINAN\u00c7AS E OR\u00c7AMENTO", "texto_original": "http://sapl.marechalfloriano.es.leg.br/media/sapl/public/materialegislativa/2014/12044/pc_142-2014.pdf", "ementa": "RELATIVO AO PROJETO DE LEI N\u00b0 150/2014 DE AUTORIA DO PODER EXECUTIVO QUE \"ESTIMATIVA RECEITAS E FIXA\u00c7\u00c3O DAS DESPESAS NO OR\u00c7AMENTO FISCAL DO MUNIC\u00cdPIO DE MARECHAL FLORIANO PARA O EXERCIC\u00cdO DE 2015\"."}, {"id": "12045", "ano": "2014", "numero": "143", "tipo__sigla": "PAR", "tipo__descricao": "Parecer das Comiss\u00f5es", "autoria": "CFO - COMISS\u00c3O DE FINAN\u00c7AS E OR\u00c7AMENTO", "texto_original": "http://sapl.marechalfloriano.es.leg.br/media/sapl/public/materialegislativa/2014/12045/pc_143-2014.pdf", "ementa": "RELATIVO AO PROJETO DE LEI N\u00b0 151/2014 DE AUTORIA DO PODER EXECUTIVO QUE \"DISP\u00d5E SOBRE ALTERA\u00c7\u00c3O DE ANEXOS DE METAS FISCAIS DA LEI DE DIRETRIZES OR\u00c7AMENT\u00c1RIA PARA O EXERCIC\u00cdO FINANCEIRO DE 2015\""}, {"id": "12046", "ano": "2014", "numero": "144", "tipo__sigla": "PAR", "tipo__descricao": "Parecer das Comiss\u00f5es", "autoria": "CESA - COMISS\u00c3O DE EDUCA\u00c7\u00c3O, SA\u00daDE E ASSIST\u00caNCIA, CFO - COMISS\u00c3O DE FINAN\u00c7AS E OR\u00c7AMENTO, CLJRF - COMISS\u00c3O DE LEGISLA\u00c7\u00c3O, JUSTI\u00c7A E REDA\u00c7\u00c3O FINAL", "texto_original": "http://sapl.marechalfloriano.es.leg.br/media/sapl/public/materialegislativa/2014/12046/pc_144-2014.pdf", "ementa": "RELATIVO AO PROJETO DE LEI N\u00b0 166/2014 DE AUTORIA DO VEREADOR CEZAR TADEU RONCHI JUNIOR QUE \"INSTITUI A POL\u00cdTICA MUNICIPAL DE CONSCIENTIZA\u00c7\u00c3O E EST\u00cdMULO A INGEST\u00c3O DE ALIMENTOS ORG\u00c2NICOS E SEUS BENEF\u00cdCIOS\"."}, {"id": "12047", "ano": "2014", "numero": "145", "tipo__sigla": "PAR", "tipo__descricao": "Parecer das Comiss\u00f5es", "autoria": "CESA - COMISS\u00c3O DE EDUCA\u00c7\u00c3O, SA\u00daDE E ASSIST\u00caNCIA, CFO - COMISS\u00c3O DE FINAN\u00c7AS E OR\u00c7AMENTO, CLJRF - COMISS\u00c3O DE LEGISLA\u00c7\u00c3O, JUSTI\u00c7A E REDA\u00c7\u00c3O FINAL", "texto_original": "http://sapl.marechalfloriano.es.leg.br/media/sapl/public/materialegislativa/2014/12047/pc_145-2014.pdf", "ementa": "RELATIVO AO PROJETO DE LEI N\u00b0 167/2014 DE AUTORIA DO VEREADOR CEZAR TADEU RONCHI JUNIOR QUE \"DISP\u00d5E SOBRE A POL\u00cdTICA MUNICIPAL DE CONSCIENTIZA\u00c7\u00c3O, ORIENTA\u00c7\u00c3O E PREVEN\u00c7\u00c3O DO ALCOOLISMO E D\u00c1 OUTRAS PROVID\u00caNCIAS\"."}, {"id": "12048", "ano": "2014", "numero": "146", "tipo__sigla": "PAR", "tipo__descricao": "Parecer das Comiss\u00f5es", "autoria": "CESA - COMISS\u00c3O DE EDUCA\u00c7\u00c3O, SA\u00daDE E ASSIST\u00caNCIA, CFO - COMISS\u00c3O DE FINAN\u00c7AS E OR\u00c7AMENTO, CLJRF - COMISS\u00c3O DE LEGISLA\u00c7\u00c3O, JUSTI\u00c7A E REDA\u00c7\u00c3O FINAL", "texto_original": "http://sapl.marechalfloriano.es.leg.br/media/sapl/public/materialegislativa/2014/12048/pc_146-2014.pdf", "ementa": "RELATIVO AO PROJETO DE LEI N\u00b0 168/2014 DE AUTORIA DO VEREADOR ALCINO OLEG\u00c1RIO DINIZ NETO QUE \"CRIA O PROJETO \"TEATRO NA ESCOLA\" NA REDE P\u00daBLICA DE ENSINO DO MUNIC\u00cdPIO DE MARECHAL FLORIANO\"."}, {"id": "12049", "ano": "2014", "numero": "147", "tipo__sigla": "PAR", "tipo__descricao": "Parecer das Comiss\u00f5es", "autoria": "CESA - COMISS\u00c3O DE EDUCA\u00c7\u00c3O, SA\u00daDE E ASSIST\u00caNCIA, CFO - COMISS\u00c3O DE FINAN\u00c7AS E OR\u00c7AMENTO, CLJRF - COMISS\u00c3O DE LEGISLA\u00c7\u00c3O, JUSTI\u00c7A E REDA\u00c7\u00c3O FINAL", "texto_original": "http://sapl.marechalfloriano.es.leg.br/media/sapl/public/materialegislativa/2014/12049/pc_147-2014.pdf", "ementa": "RELATIVO AO PROJETO DE LEI N\u00b0 170/2014 DE AUTORIA DO VEREADOR RENATO LUIZ VELOSO VERNECK QUE \"ESTABELECE A \u00c1REA ESCOLAR DE SEGURAN\u00c7A COMO ESPA\u00c7O DE PRIORIDADE ESPECIAL DO PODER P\u00daBLICO MUNICIPAL\"."}, {"id": "12050", "ano": "2014", "numero": "148", "tipo__sigla": "PAR", "tipo__descricao": "Parecer das Comiss\u00f5es", "autoria": "CLJRF - COMISS\u00c3O DE LEGISLA\u00c7\u00c3O, JUSTI\u00c7A E REDA\u00c7\u00c3O FINAL", "texto_original": "http://sapl.marechalfloriano.es.leg.br/media/sapl/public/materialegislativa/2014/12050/pc_148-2014.pdf", "ementa": "RELATIVO AO PROJETO DE LEI N\u00b0 171/2014 DE AUTORIA DO VERADOR JO\u00c3O CABRAL RODRIGUES CONCIGLIERI QUE \"DENOMINA DE DIRETOR S\u00cdLVIO ROG\u00c9RIO LEMCKE, O ESPA\u00c7O CIDAD\u00c3O DA C\u00c2MARA MUNICIPAL DE MARECHAL FLORIANO-ES\"."}, {"id": "12051", "ano": "2014", "numero": "149", "tipo__sigla": "PAR", "tipo__descricao": "Parecer das Comiss\u00f5es", "autoria": "CESA - COMISS\u00c3O DE EDUCA\u00c7\u00c3O, SA\u00daDE E ASSIST\u00caNCIA, CFO - COMISS\u00c3O DE FINAN\u00c7AS E OR\u00c7AMENTO, CLJRF - COMISS\u00c3O DE LEGISLA\u00c7\u00c3O, JUSTI\u00c7A E REDA\u00c7\u00c3O FINAL", "texto_original": "http://sapl.marechalfloriano.es.leg.br/media/sapl/public/materialegislativa/2014/12051/pc_149-2014.pdf", "ementa": "RELATIVO AO PROJETO DE LEI N\u00b0 172/2014 DE AUTORIA DO VEREADOR CEZAR TADEU RONCHI JUNIOR QUE \"DISP\u00d5E SOBRE A CRIA\u00c7\u00c3O DO PROGRAMA PRIMEIROS IMIGRANTES DE MARECHAL FLORIANO E D\u00c1 OUTRAS PROVID\u00caNCIAS\"."}, {"id": "12052", "ano": "2014", "numero": "150", "tipo__sigla": "PAR", "tipo__descricao": "Parecer das Comiss\u00f5es", "autoria": "CLJRF - COMISS\u00c3O DE LEGISLA\u00c7\u00c3O, JUSTI\u00c7A E REDA\u00c7\u00c3O FINAL", "texto_original": "http://sapl.marechalfloriano.es.leg.br/media/sapl/public/materialegislativa/2014/12052/pc_150-2014.pdf", "ementa": "RELATIVO AO PROJETO DE LEI N\u00b0 173/2014 DE AUTORIA DO VEREADOR CEZAR TADEU RONCHI JUNIOR QUE \"DENOMINA DE VEREADOR PAULO ROBERTO RAASCH, O ESPA\u00c7O CULTURAL DA C\u00c2MARA MUNICIPAL\"."}, {"id": "12053", "ano": "2014", "numero": "151", "tipo__sigla": "PAR", "tipo__descricao": "Parecer das Comiss\u00f5es", "autoria": "CESA - COMISS\u00c3O DE EDUCA\u00c7\u00c3O, SA\u00daDE E ASSIST\u00caNCIA, CFO - COMISS\u00c3O DE FINAN\u00c7AS E OR\u00c7AMENTO, CLJRF - COMISS\u00c3O DE LEGISLA\u00c7\u00c3O, JUSTI\u00c7A E REDA\u00c7\u00c3O FINAL", "texto_original": "http://sapl.marechalfloriano.es.leg.br/media/sapl/public/materialegislativa/2014/12053/pc_151-2014.pdf", "ementa": "RELATIVO AO PROJETO DE LEI N\u00b0 174/2014 DE AUTORIA DO VEREADOR CEZAR TADEU RONCHI JUNIOR QUE \"INSTITUI O PROGRAMA ESCOLA LEGISLATIVA CIDAD\u00c3, REGULAMENTA A CESS\u00c3O PARA FINS EDUCACIONAIS E D\u00c1 OUTRAS PROVID\u00caNCIAS\"."}, {"id": "12054", "ano": "2014", "numero": "152", "tipo__sigla": "PAR", "tipo__descricao": "Parecer das Comiss\u00f5es", "autoria": "CLJRF - COMISS\u00c3O DE LEGISLA\u00c7\u00c3O, JUSTI\u00c7A E REDA\u00c7\u00c3O FINAL", "texto_original": "http://sapl.marechalfloriano.es.leg.br/media/sapl/public/materialegislativa/2014/12054/pc_152-2014.pdf", "ementa": "RELATIVO AO PROJETO DE LEI N\u00b0 176/2014 DE AUTORIA DO VEREADOR JO\u00c3O CABRAL RODRIGUES CONCIGLIERI QUE \"DENOMINA DE CASA DO MEL EDMUNDO LITTIG, EM BOA ESPEREAN\u00c7A - MARECHAL FLORIANO\"."}, {"id": "12055", "ano": "2014", "numero": "153", "tipo__sigla": "PAR", "tipo__descricao": "Parecer das Comiss\u00f5es", "autoria": "CLJRF - COMISS\u00c3O DE LEGISLA\u00c7\u00c3O, JUSTI\u00c7A E REDA\u00c7\u00c3O FINAL", "texto_original": "http://sapl.marechalfloriano.es.leg.br/media/sapl/public/materialegislativa/2014/12055/pc_153-2014.pdf", "ementa": "RELATIVO AO PROJETO DE LEI N\u00b0 177/2014 DE AUTORIA DO VEREADOR JUAREZ JOS\u00c9 XAVIER QUE \"DENOMINA DE RUA FRANCISCO ENTRINGER, EM MARECHAL FLORIANO\"."}, {"id": "12056", "ano": "2014", "numero": "154", "tipo__sigla": "PAR", "tipo__descricao": "Parecer das Comiss\u00f5es", "autoria": "CESA - COMISS\u00c3O DE EDUCA\u00c7\u00c3O, SA\u00daDE E ASSIST\u00caNCIA, CFO - COMISS\u00c3O DE FINAN\u00c7AS E OR\u00c7AMENTO, CLJRF - COMISS\u00c3O DE LEGISLA\u00c7\u00c3O, JUSTI\u00c7A E REDA\u00c7\u00c3O FINAL", "texto_original": "http://sapl.marechalfloriano.es.leg.br/media/sapl/public/materialegislativa/2014/12056/pc_154-2014.pdf", "ementa": "RELATIVO AO PROJETO DE LEI N\u00b0 178/2014 DE AUTORIA DO VEREADOR CEZAR TADEU RONCHI JUNIOR QUE \"CRIA O \"PROGRAMA USO RACIONAL DA \u00c1GUA\" NO MUNIC\u00cdPIO DE MARECHAL FLORIANO E D\u00c1 OUTRAS PROVID\u00caNCIAS\"."}, {"id": "12057", "ano": "2014", "numero": "155", "tipo__sigla": "PAR", "tipo__descricao": "Parecer das Comiss\u00f5es", "autoria": "CESA - COMISS\u00c3O DE EDUCA\u00c7\u00c3O, SA\u00daDE E ASSIST\u00caNCIA, CFO - COMISS\u00c3O DE FINAN\u00c7AS E OR\u00c7AMENTO, CLJRF - COMISS\u00c3O DE LEGISLA\u00c7\u00c3O, JUSTI\u00c7A E REDA\u00c7\u00c3O FINAL", "texto_original": "http://sapl.marechalfloriano.es.leg.br/media/sapl/public/materialegislativa/2014/12057/pc_155-2014.pdf", "ementa": "RELATIVO AO PROJETO DE LEI N\u00b0 179/2014 DE AUTORIA DO PODER EXECUTIVO MUNICIPAL QUE \"AUTORIZA O MUNIC\u00cdPIO DE MARECHAL FLORIANO A ADQUIRIR \u00c1REA PARA AMPLIA\u00c7\u00c3O DA CRECHE FLOMIRO ENDLICH CANAL NETO\"."}, {"id": "12058", "ano": "2014", "numero": "156", "tipo__sigla": "PAR", "tipo__descricao": "Parecer das Comiss\u00f5es", "autoria": "CFO - COMISS\u00c3O DE FINAN\u00c7AS E OR\u00c7AMENTO, CLJRF - COMISS\u00c3O DE LEGISLA\u00c7\u00c3O, JUSTI\u00c7A E REDA\u00c7\u00c3O FINAL", "texto_original": "http://sapl.marechalfloriano.es.leg.br/media/sapl/public/materialegislativa/2014/12058/pc_156-2014.pdf", "ementa": "RELATIVO AO PROJETO DE LEI N\u00b0 181/2014 DE AUTORIA DA MESA DIRETORA QUE \"AUTORIZA O PODER LEGISLATIVO MUNICIPAL A CONCEDER ABONO PECUNI\u00c1RIO AOS SERVIDORES\"."}, {"id": "12059", "ano": "2014", "numero": "157", "tipo__sigla": "PAR", "tipo__descricao": "Parecer das Comiss\u00f5es", "autoria": "CLJRF - COMISS\u00c3O DE LEGISLA\u00c7\u00c3O, JUSTI\u00c7A E REDA\u00c7\u00c3O FINAL", "texto_original": "http://sapl.marechalfloriano.es.leg.br/media/sapl/public/materialegislativa/2014/12059/pc_157-2014.pdf", "ementa": "RELATIVO AO PROJETO DE LEI N\u00b0 183/2014, DE AUTORIA DO VEREADOR CEZAR TADEU RONCHI JUNIOR QUE \"DENOMINA DE ESTRADA MUNICIPAL JOSE AURELIANO SIMON, EM VICTOR HUGO - MARECHAL FLORIANO\"."}, {"id": "12060", "ano": "2014", "numero": "158", "tipo__sigla": "PAR", "tipo__descricao": "Parecer das Comiss\u00f5es", "autoria": "CECT - COMISS\u00c3O DE ESPORTE, CULTURA E TURISMO, CFO - COMISS\u00c3O DE FINAN\u00c7AS E OR\u00c7AMENTO, CLJRF - COMISS\u00c3O DE LEGISLA\u00c7\u00c3O, JUSTI\u00c7A E REDA\u00c7\u00c3O FINAL", "texto_original": "http://sapl.marechalfloriano.es.leg.br/media/sapl/public/materialegislativa/2014/12060/pc_158-2014.pdf", "ementa": "RELATIVO AO PROJETO DE LEI N\u00b0 184/2014 DE AUTORIA DO VEREADOR ABR\u00c3O LEVI KIEFER QUE \"DISP\u00d5E SOBRE A EXPOSI\u00c7\u00c3O DE CARROS ANTIGOS, NO MUNIC\u00cdPIO DE MARECHAL FLORIANO E D\u00c1 OUTRAS PROVID\u00caNCIAS\"."}, {"id": "12061", "ano": "2014", "numero": "159", "tipo__sigla": "PAR", "tipo__descricao": "Parecer das Comiss\u00f5es", "autoria": "CFO - COMISS\u00c3O DE FINAN\u00c7AS E OR\u00c7AMENTO, CLJRF - COMISS\u00c3O DE LEGISLA\u00c7\u00c3O, JUSTI\u00c7A E REDA\u00c7\u00c3O FINAL", "texto_original": "http://sapl.marechalfloriano.es.leg.br/media/sapl/public/materialegislativa/2014/12061/pc_159-2014.pdf", "ementa": "RELATIVO AO PROJETO DE LEI N\u00b0 156/2014, DE AUTORIA DO VEREADOR JO\u00c3O CABRAL RODRIGUES CONCIGLIERI QUE \"DISP\u00d5E SOBRE A OBRIGATORIEDADE DE CONTRATA\u00c7\u00c3O DE ADOLESCENTES E JOVENS ATENDIDOS EM MEDIDAS S\u00d3CIO-EDUCATIVAS, PELAS EMPRESAS CONTRATADAS PELOS \u00d3RG\u00c3OS DA ADMINISTRA\u00c7\u00c3O P\u00daBLICA MUNICIPAL DIRETA E INDIRETA E D\u00c1 OUTRAS PROVID\u00caNCIAS\"."}, {"id": "12062", "ano": "2014", "numero": "160", "tipo__sigla": "PAR", "tipo__descricao": "Parecer das Comiss\u00f5es", "autoria": "CESA - COMISS\u00c3O DE EDUCA\u00c7\u00c3O, SA\u00daDE E ASSIST\u00caNCIA, CFO - COMISS\u00c3O DE FINAN\u00c7AS E OR\u00c7AMENTO, CLJRF - COMISS\u00c3O DE LEGISLA\u00c7\u00c3O, JUSTI\u00c7A E REDA\u00c7\u00c3O FINAL", "texto_original": "http://sapl.marechalfloriano.es.leg.br/media/sapl/public/materialegislativa/2014/12062/pc_160-2014.pdf", "ementa": "RELATIVO AO PROJETO DE LEI N\u00b0 169/2014 DE AUTORIA DO VEERADOR JUAREZ JOS\u00c9 XAVIER QUE \"DISCIPLINA A UTILIZA\u00c7\u00c3O DE FOGOS DE ARTIF\u00cdCIOS EM LOCAIS P\u00daBLICOS E SUA VENDA A MENORES NO MUNIC\u00cdPIO DE MARECHAL FLORIANO, E D\u00c1 OUTRAS PROVID\u00caNCIAS\"."}, {"id": "12063", "ano": "2014", "numero": "161", "tipo__sigla": "PAR", "tipo__descricao": "Parecer das Comiss\u00f5es", "autoria": "CAMA - COMISS\u00c3O DE AGRICULTURA E MEIO AMBIENTE, CFO - COMISS\u00c3O DE FINAN\u00c7AS E OR\u00c7AMENTO, CLJRF - COMISS\u00c3O DE LEGISLA\u00c7\u00c3O, JUSTI\u00c7A E REDA\u00c7\u00c3O FINAL", "texto_original": "http://sapl.marechalfloriano.es.leg.br/media/sapl/public/materialegislativa/2014/12063/pc_161-2014.pdf", "ementa": "RELATIVO AO PROJETO DE LEI N\u00b0 180/2014 DE AUTORIA DO VEREADOR CEZAR TADEU RONCHI JUNIOR QUE \"PROIBE A UTILIZA\u00c7\u00c3O DOS RECURSOS H\u00cdDRICOS PARA A VARRI\u00c7\u00c3O HIDR\u00c1ULICA EM PASSEIOS, CAL\u00c7ADAS E SARJETAS NAS COMUNIDADES ONDE O SISTEMA DE TRATAMENTO DE \u00c1GUA\"."}, {"id": "12064", "ano": "2014", "numero": "162", "tipo__sigla": "PAR", "tipo__descricao": "Parecer das Comiss\u00f5es", "autoria": "CESA - COMISS\u00c3O DE EDUCA\u00c7\u00c3O, SA\u00daDE E ASSIST\u00caNCIA, CFO - COMISS\u00c3O DE FINAN\u00c7AS E OR\u00c7AMENTO, CLJRF - COMISS\u00c3O DE LEGISLA\u00c7\u00c3O, JUSTI\u00c7A E REDA\u00c7\u00c3O FINAL", "texto_original": "http://sapl.marechalfloriano.es.leg.br/media/sapl/public/materialegislativa/2014/12064/pc_162-2014.pdf", "ementa": "RELATIVO AO PROJETO DE LEI N\u00b0 186/2014 DE AUTORIA DO PODER EXECUTIVO MUNICIPAL QUE \"ISENTA O PAGAMENTO DE IPTU E TAXAS PARA PESSOAS IDOSAS\"."}, {"id": "12066", "ano": "2014", "numero": "163", "tipo__sigla": "PAR", "tipo__descricao": "Parecer das Comiss\u00f5es", "autoria": "CFO - COMISS\u00c3O DE FINAN\u00c7AS E OR\u00c7AMENTO, CLJRF - COMISS\u00c3O DE LEGISLA\u00c7\u00c3O, JUSTI\u00c7A E REDA\u00c7\u00c3O FINAL", "texto_original": "http://sapl.marechalfloriano.es.leg.br/media/sapl/public/materialegislativa/2014/12066/pc_163-2014.pdf", "ementa": "RELATIVO AO PROJETO DE LEI N\u00b0 185/2014 DE AUTORIA DO PODER EXECUTIVO MUNICIPAL QUE \"INSTITUI E REGULAMENTA A AQUISI\u00c7\u00c3O DE PASSAGENS PARA ANDARILHOS E MORADORES DE RUA\"."}, {"id": "12067", "ano": "2014", "numero": "164", "tipo__sigla": "PAR", "tipo__descricao": "Parecer das Comiss\u00f5es", "autoria": "CESA - COMISS\u00c3O DE EDUCA\u00c7\u00c3O, SA\u00daDE E ASSIST\u00caNCIA, CFO - COMISS\u00c3O DE FINAN\u00c7AS E OR\u00c7AMENTO, CLJRF - COMISS\u00c3O DE LEGISLA\u00c7\u00c3O, JUSTI\u00c7A E REDA\u00c7\u00c3O FINAL", "texto_original": "http://sapl.marechalfloriano.es.leg.br/media/sapl/public/materialegislativa/2014/12067/pc_164-2014.pdf", "ementa": "RELATIVO AO PROJETO DE LEI N\u00b0 187/2014 DE AUTORIA DO PODER EXECUTIVO MUNICIPAL QUE \"AUTORIZA O PODER EXECUTIVO MUNICIPAL A CELEBRAR CONV\u00caNIOS COM OS CONSELHOS DE ESCOLA PARA REPASSE DOS RECURSOS FINANCEIROS DO PMDDE - PROGRAMA MUNICIPAL DINHEIRO DIRETO NA ESCOLA\"."}, {"id": "12068", "ano": "2014", "numero": "165", "tipo__sigla": "PAR", "tipo__descricao": "Parecer das Comiss\u00f5es", "autoria": "CESA - COMISS\u00c3O DE EDUCA\u00c7\u00c3O, SA\u00daDE E ASSIST\u00caNCIA, CFO - COMISS\u00c3O DE FINAN\u00c7AS E OR\u00c7AMENTO, CLJRF - COMISS\u00c3O DE LEGISLA\u00c7\u00c3O, JUSTI\u00c7A E REDA\u00c7\u00c3O FINAL", "texto_original": "http://sapl.marechalfloriano.es.leg.br/media/sapl/public/materialegislativa/2014/12068/pc_165-2014.pdf", "ementa": "RELATIVO AO PROJETO DE LEI N\u00b0 182/2014 DE AUTORIA DO VEREADOR ABR\u00c3O LEVI KIEFER QUE \"DISP\u00d5E SOBRE MEDIDAS PERMANENTES DE PREVEN\u00c7\u00c3O CONTRA DENGUE, E D\u00c1 OUTRAS PROVID\u00caNCIAS\"."}, {"id": "12069", "ano": "2014", "numero": "166", "tipo__sigla": "PAR", "tipo__descricao": "Parecer das Comiss\u00f5es", "autoria": "CESA - COMISS\u00c3O DE EDUCA\u00c7\u00c3O, SA\u00daDE E ASSIST\u00caNCIA, CFO - COMISS\u00c3O DE FINAN\u00c7AS E OR\u00c7AMENTO, CLJRF - COMISS\u00c3O DE LEGISLA\u00c7\u00c3O, JUSTI\u00c7A E REDA\u00c7\u00c3O FINAL", "texto_original": "http://sapl.marechalfloriano.es.leg.br/media/sapl/public/materialegislativa/2014/12069/pc_166-2014.pdf", "ementa": "RELATIVO AO PROJETO DE LEI N\u00b0 188/2014 DE AUTORIA DO VEREADOR JO\u00c3O CABRAL RODRIGUES CONCIGLIERI QUE \"INSTITUI PLANO MUNICIPAL DE VACINA\u00c7\u00c3O CONTRA A GRIPE PARA DOADORES DE SANGUE E DISP\u00d5E SOBRE A ADMINISTRA\u00c7\u00c3O DA VACINA NA CIDADE DE MARECHAL FLORIANO, E D\u00c1 OUTRAS PROVID\u00caNCIAS\"."}, {"id": "12071", "ano": "2014", "numero": "167", "tipo__sigla": "PAR", "tipo__descricao": "Parecer das Comiss\u00f5es", "autoria": "CESA - COMISS\u00c3O DE EDUCA\u00c7\u00c3O, SA\u00daDE E ASSIST\u00caNCIA, CFO - COMISS\u00c3O DE FINAN\u00c7AS E OR\u00c7AMENTO, CLJRF - COMISS\u00c3O DE LEGISLA\u00c7\u00c3O, JUSTI\u00c7A E REDA\u00c7\u00c3O FINAL", "texto_original": "http://sapl.marechalfloriano.es.leg.br/media/sapl/public/materialegislativa/2014/12071/pc_167-2014.pdf", "ementa": "RELATIVO AO PROJETO DE LEI N\u00b0 189/2014 DE AUTORIA DO VEREADOR JO\u00c3O CABRAL RODRIGUES CONCIGLIERI QUE \"DISP\u00d5E SOBRE O ATENDIMENTO \u00c1S FAM\u00cdLIAS DE CRIAN\u00c7AS COM DOEN\u00c7AS OU DEFICI\u00caNCIAS\"."}, {"id": "12072", "ano": "2014", "numero": "168", "tipo__sigla": "PAR", "tipo__descricao": "Parecer das Comiss\u00f5es", "autoria": "CFO - COMISS\u00c3O DE FINAN\u00c7AS E OR\u00c7AMENTO, CLJRF - COMISS\u00c3O DE LEGISLA\u00c7\u00c3O, JUSTI\u00c7A E REDA\u00c7\u00c3O FINAL", "texto_original": "http://sapl.marechalfloriano.es.leg.br/media/sapl/public/materialegislativa/2014/12072/pc_168-2014.pdf", "ementa": "RELATIVO AO PROJETO DE LEI N\u00b0 190/2014 DE AUTORIA DO VEREADOR JO\u00c3O CABRAL RODRIGUES CONCIGLIERI QUE \"DISP\u00d5E SOBRE IMPLANTA\u00c7\u00c3O DE COLETA DE LIXO ELETR\u00d4NICO DE PEQUENO PORTE EM TODAS AS ESCOLAS P\u00daBLICAS E PARTICULARES DESTE MUNIC\u00cdPIO, E D\u00c1 OUTRAS PROVID\u00caNCIAS\"."}, {"id": "12075", "ano": "2014", "numero": "169", "tipo__sigla": "PAR", "tipo__descricao": "Parecer das Comiss\u00f5es", "autoria": "CLJRF - COMISS\u00c3O DE LEGISLA\u00c7\u00c3O, JUSTI\u00c7A E REDA\u00c7\u00c3O FINAL", "texto_original": "http://sapl.marechalfloriano.es.leg.br/media/sapl/public/materialegislativa/2014/12075/pc_169-2014.pdf", "ementa": "RELATIVO AO PROJETO DE LEI N\u00b0 191/2014 DE AUTORIA DO VEREADOR CEZAR TADEU RONCHI JUNIOR QUE \"DENOMINA DE CASA LEGISLATIVA PRESIDENTE MUNICIPAL PHILIPP ENDLICH, AS DEPEND\u00caNCIAS DO PODER LEGISLATIVO DO MUNIC\u00cdPIO DE MARECHAL FLORIANO-ES\"."}, {"id": "12076", "ano": "2014", "numero": "170", "tipo__sigla": "PAR", "tipo__descricao": "Parecer das Comiss\u00f5es", "autoria": "CLJRF - COMISS\u00c3O DE LEGISLA\u00c7\u00c3O, JUSTI\u00c7A E REDA\u00c7\u00c3O FINAL", "texto_original": "http://sapl.marechalfloriano.es.leg.br/media/sapl/public/materialegislativa/2014/12076/pc_170-2014.pdf", "ementa": "RELATIVO AO PROJETO DE LEI N\u00b0 192/2014 DE AUTORIA DO VEERADOR CEZAR TADEU RONCHI JUNIOR QUE \"DENOMINA DE IRENE AUGUSTA RONCHI FERREIRA, AS FUTURAS INSTALA\u00c7\u00d5ES DA UNIDADE DE SA\u00daDE DO DISTRITO DE ARAGUAIA, NESTE MUNIC\u00cdPIO\"."}, {"id": "12077", "ano": "2014", "numero": "171", "tipo__sigla": "PAR", "tipo__descricao": "Parecer das Comiss\u00f5es", "autoria": "CLJRF - COMISS\u00c3O DE LEGISLA\u00c7\u00c3O, JUSTI\u00c7A E REDA\u00c7\u00c3O FINAL", "texto_original": "http://sapl.marechalfloriano.es.leg.br/media/sapl/public/materialegislativa/2014/12077/pc_171-2014.pdf", "ementa": "RELATIVO AO PROJETO DE LEI N\u00b0 193/2014 DE AUTORIA DO VERADOR CEZAR TADEU RONCHI JUNIOR QUE \"ALTERA A LEI MUNICIPAL N\u00b0 686, DE 25 DE ABRIL DE 2007, QUE DENOMINA DE JOS\u00c9 CALVI A RUA PROJETADA EM ARAGUAIA\"."}, {"id": "1378", "ano": "2014", "numero": "1", "tipo__sigla": "PDL", "tipo__descricao": "Projeto de Decreto Legislativo", "autoria": "", "texto_original": "http://sapl.marechalfloriano.es.leg.br/media/./sapl/public/materialegislativa/2014/1378/1378_texto_integral.pdf", "ementa": "DISP\u00d5E SOBRE A APROVA\u00c7\u00c3O DAS CONSTAS DA PREFEITURA MUNICIPAL DE MARECHAL FLORIANO-ES, REFERENTE AO EXERCICIO DE 2010"}, {"id": "8472", "ano": "2014", "numero": "2", "tipo__sigla": "PLO", "tipo__descricao": "Projeto de Lei Ordin\u00e1ria", "autoria": "Ant\u00f4nio Lidiney Gobbi", "texto_original": "http://sapl.marechalfloriano.es.leg.br/media/sapl/public/materialegislativa/2014/8472/02-2014.pdf", "ementa": "INSTITUI A NOTA FISCAL DE SERVI\u00c7OS ELET\u00d4NICA NFS-E E DECLARA\u00c7\u00c3O ELETR\u00d4NICA MENSAL DO IMPOSTO SOBRE SERVI\u00c7OS DE QUALQUER NATUREZA PARA AS INSTITUI\u00c7\u00d5ES FINANCEIRAS INTEGRANTES DO SISTEMA FINANCEIRO NACIONAL, NOS TERMOS DA LEI 4.595/64, A SER REALIZADA POR MEIO DO SOFTWARE DE DECLARA\u00c7\u00c3O MENSAL DE SERVI\u00c7OS BANC\u00c1RIOS E D\u00c1 OUTRAS PROVID\u00caNCIAS."}, {"id": "851", "ano": "2014", "numero": "4", "tipo__sigla": "PLO", "tipo__descricao": "Projeto de Lei Ordin\u00e1ria", "autoria": "Ant\u00f4nio Lidiney Gobbi", "texto_original": "http://sapl.marechalfloriano.es.leg.br/media/./sapl/public/materialegislativa/2014/851/851_texto_integral.pdf", "ementa": "FIXA \u00c1REA DE EXPANS\u00c3O URBANA COM VISTAS A URBANIZA\u00c7\u00c3O."}, {"id": "852", "ano": "2014", "numero": "5", "tipo__sigla": "PLO", "tipo__descricao": "Projeto de Lei Ordin\u00e1ria", "autoria": "MESA DIRETORA 2013/2014", "texto_original": "http://sapl.marechalfloriano.es.leg.br/media/./sapl/public/materialegislativa/2014/852/852_texto_integral.pdf", "ementa": "ALTERA A LEI MUNICIPAL N\u00b0 1.052, DE 28 DE JUNHO DE 2011, QUE DISP\u00d5E SOBRE O PROGRAMA DE EST\u00c1GIO PARA ESTUDANTES, NO \u00c2MBITO DO PODER LEGISLATIVO MUNICIPAL. "}, {"id": "853", "ano": "2014", "numero": "6", "tipo__sigla": "PLO", "tipo__descricao": "Projeto de Lei Ordin\u00e1ria", "autoria": "Cezinha Ronchi", "texto_original": "http://sapl.marechalfloriano.es.leg.br/media/./sapl/public/materialegislativa/2014/853/853_texto_integral.pdf", "ementa": "INSTITUI A POL\u00cdTICA MUNICIPAL DE CONSCIENTIZA\u00c7\u00c3O E ORIENTA\u00c7\u00c3O SOBRE DOEN\u00c7AS AUTO-IMUNES NO MUNIC\u00cdPIO DE MARECHAL FLORIANO.\r\n "}, {"id": "854", "ano": "2014", "numero": "7", "tipo__sigla": "PLO", "tipo__descricao": "Projeto de Lei Ordin\u00e1ria", "autoria": "Alcino Diniz", "texto_original": "http://sapl.marechalfloriano.es.leg.br/media/./sapl/public/materialegislativa/2014/854/854_texto_integral.pdf", "ementa": "DENOMINA DE EST\u00c1DIO MUNICIPAL VALE DA ESPERAN\u00c7A, EM SO\u00cdDO DE BAIXO.  "}, {"id": "855", "ano": "2014", "numero": "8", "tipo__sigla": "PLO", "tipo__descricao": "Projeto de Lei Ordin\u00e1ria", "autoria": "Alcino Diniz", "texto_original": "http://sapl.marechalfloriano.es.leg.br/media/./sapl/public/materialegislativa/2014/855/855_texto_integral.pdf", "ementa": "DENOMINA DE CAMPO BOM DE BOLA AURELIANO MATHIAS LITTIG, EM  SO\u00cdDO DE BAIXO."}, {"id": "856", "ano": "2014", "numero": "9", "tipo__sigla": "PLO", "tipo__descricao": "Projeto de Lei Ordin\u00e1ria", "autoria": "Alcino Diniz", "texto_original": "http://sapl.marechalfloriano.es.leg.br/media/./sapl/public/materialegislativa/2014/856/856_texto_integral.pdf", "ementa": "DISP\u00d5E SOBRE A FIXA\u00c7\u00c3O DE PLACAS ORIENTADORAS COM NOME DOS M\u00c9DICOS, SEUS HOR\u00c1RIOS DE ATENDIMENTO E ESPECIALIDADES, NAS RECEP\u00c7\u00d5ES DE TODAS AS UNIDADES DE SA\u00daDE DO MUNIC\u00cdPIO E D\u00c1 OUTRAS PROVID\u00caNCIAS.   "}, {"id": "857", "ano": "2014", "numero": "10", "tipo__sigla": "PLO", "tipo__descricao": "Projeto de Lei Ordin\u00e1ria", "autoria": "Cezinha Ronchi", "texto_original": "http://sapl.marechalfloriano.es.leg.br/media/./sapl/public/materialegislativa/2014/857/857_texto_integral.pdf", "ementa": "DENOMINA DE BOENO MEN\u00c9NDEZ A PISTA DE SKATE LOCALIZADA NA SEDE DESTE MUNIC\u00cdPIO. "}, {"id": "858", "ano": "2014", "numero": "11", "tipo__sigla": "PLO", "tipo__descricao": "Projeto de Lei Ordin\u00e1ria", "autoria": "Ant\u00f4nio Lidiney Gobbi", "texto_original": "http://sapl.marechalfloriano.es.leg.br/media/./sapl/public/materialegislativa/2014/858/858_texto_integral.pdf", "ementa": "INSTITUI O SISTEMA \u00daNICO DE ASSIST\u00caNCIA SOCIAL DO MUNIC\u00cdPIO - SUAS - MARECHAL FLORIANO, E D\u00c1 OUTRAS PROVID\u00caNCIAS."}, {"id": "859", "ano": "2014", "numero": "12", "tipo__sigla": "PLO", "tipo__descricao": "Projeto de Lei Ordin\u00e1ria", "autoria": "Cezinha Ronchi", "texto_original": "http://sapl.marechalfloriano.es.leg.br/media/./sapl/public/materialegislativa/2014/859/859_texto_integral.pdf", "ementa": "DISP\u00d5E SOBRE A CRIA\u00c7\u00c3O DO PROGRAMA C\u00c2MARA CIDAD\u00c3. "}, {"id": "860", "ano": "2014", "numero": "13", "tipo__sigla": "PLO", "tipo__descricao": "Projeto de Lei Ordin\u00e1ria", "autoria": "Cezinha Ronchi", "texto_original": "http://sapl.marechalfloriano.es.leg.br/media/./sapl/public/materialegislativa/2014/860/860_texto_integral.pdf", "ementa": "CRIA O ESPA\u00c7O CULTURAL NAS DEPEND\u00caNCIAS DA SEDE DA C\u00c2MARA MUNICIPAL DE MARECHAL FLORIANO. "}, {"id": "861", "ano": "2014", "numero": "14", "tipo__sigla": "PLO", "tipo__descricao": "Projeto de Lei Ordin\u00e1ria", "autoria": "Cezinha Ronchi", "texto_original": "http://sapl.marechalfloriano.es.leg.br/media/./sapl/public/materialegislativa/2014/861/861_texto_integral.pdf", "ementa": "DISP\u00d5E SOBRE A IMPLANTA\u00c7\u00c3O DO PROGRAMA CONHECENDO NOSSAS ESTRADAS."}, {"id": "862", "ano": "2014", "numero": "15", "tipo__sigla": "PLO", "tipo__descricao": "Projeto de Lei Ordin\u00e1ria", "autoria": "Coquinho", "texto_original": "http://sapl.marechalfloriano.es.leg.br/media/./sapl/public/materialegislativa/2014/862/862_texto_integral.pdf", "ementa": "DISP\u00d5E SOBRE A PROIBI\u00c7\u00c3O DE ESTACIONAMENTO QUE MENCIONA E D\u00c1 OUTRAS PROVID\u00caNCIAS. "}, {"id": "863", "ano": "2014", "numero": "16", "tipo__sigla": "PLO", "tipo__descricao": "Projeto de Lei Ordin\u00e1ria", "autoria": "Coquinho", "texto_original": "http://sapl.marechalfloriano.es.leg.br/media/./sapl/public/materialegislativa/2014/863/863_texto_integral.pdf", "ementa": "DISP\u00d5E SOBRE A ALTERA\u00c7\u00c3O DA LEI MUNICIPAL N\u00b0 1.133, DE 10 DE MAIO DE 2012, QUE DENOMINA DE LADEIRA MUNICIPAL MARIO SCHUNCK. "}, {"id": "864", "ano": "2014", "numero": "17", "tipo__sigla": "PLO", "tipo__descricao": "Projeto de Lei Ordin\u00e1ria", "autoria": "Renato Werneck", "texto_original": "http://sapl.marechalfloriano.es.leg.br/media/./sapl/public/materialegislativa/2014/864/864_texto_integral.pdf", "ementa": "INSTITUI A OBRIGATORIEDADE DE INSPE\u00c7\u00c3O ANUAL POR PARTE DO CORPO DE BOMBEIROS, NAS REPARTI\u00c7\u00d5ES P\u00daBLICAS DESTE MUNIC\u00cdPIO."}, {"id": "865", "ano": "2014", "numero": "18", "tipo__sigla": "PLO", "tipo__descricao": "Projeto de Lei Ordin\u00e1ria", "autoria": "Ant\u00f4nio Lidiney Gobbi", "texto_original": "http://sapl.marechalfloriano.es.leg.br/media/./sapl/public/materialegislativa/2014/865/865_texto_integral.pdf", "ementa": "AUTORIZA A ABERTURA DE CR\u00c9DITOS ADICIONAIS ESPECIAIS AO OR\u00c7AMENTO VIGENTE DO MUNIC\u00cdPIO DE MARECHAL FLORIANO - ES."}, {"id": "866", "ano": "2014", "numero": "19", "tipo__sigla": "PLO", "tipo__descricao": "Projeto de Lei Ordin\u00e1ria", "autoria": "Cezinha Ronchi", "texto_original": "http://sapl.marechalfloriano.es.leg.br/media/./sapl/public/materialegislativa/2014/866/866_texto_integral.pdf", "ementa": "DISP\u00d5E SOBRE A CRIA\u00c7\u00c3O DO PROGRAMA VEREADOR FLORIANENSE JOVEM NO MUNIC\u00cdPIO DE MARECHAL FLORIANO E D\u00c1 OUTRAS PROVID\u00caNCIAS. "}, {"id": "867", "ano": "2014", "numero": "20", "tipo__sigla": "PLO", "tipo__descricao": "Projeto de Lei Ordin\u00e1ria", "autoria": "Cezinha Ronchi", "texto_original": "http://sapl.marechalfloriano.es.leg.br/media/./sapl/public/materialegislativa/2014/867/867_texto_integral.pdf", "ementa": "INSTITUI A CRIA\u00c7\u00c3O DA ROTA TUR\u00cdSTICA PRESIDENTE NILO PE\u00c7ANHA NO MUNIC\u00cdPIO DE MARECHAL FLORIANO E D\u00c1 OUTRAS PROVIDENCIAS.  "}, {"id": "868", "ano": "2014", "numero": "21", "tipo__sigla": "PLO", "tipo__descricao": "Projeto de Lei Ordin\u00e1ria", "autoria": "Cezinha Ronchi", "texto_original": "http://sapl.marechalfloriano.es.leg.br/media/./sapl/public/materialegislativa/2014/868/868_texto_integral.pdf", "ementa": "CRIA O MEMORIAL POL\u00cdTICO CIDAD\u00c3O ARAGUAIENSE, NO DISTRITO DE ARAGUAIA E D\u00c1 OUTRAS PROVIDENCIAS. "}, {"id": "869", "ano": "2014", "numero": "22", "tipo__sigla": "PLO", "tipo__descricao": "Projeto de Lei Ordin\u00e1ria", "autoria": "CECT - COMISS\u00c3O DE ESPORTE, CULTURA E TURISMO", "texto_original": "http://sapl.marechalfloriano.es.leg.br/media/./sapl/public/materialegislativa/2014/869/869_texto_integral.pdf", "ementa": "DENOMINA DE LADEIRA GOVERNADOR MUNICIPAL JO\u00c3O LORENZONI, NO DISTRITO DE ARAGUAIA."}, {"id": "870", "ano": "2014", "numero": "23", "tipo__sigla": "PLO", "tipo__descricao": "Projeto de Lei Ordin\u00e1ria", "autoria": "Dod\u00f4 Krohling", "texto_original": "http://sapl.marechalfloriano.es.leg.br/media/./sapl/public/materialegislativa/2014/870/870_texto_integral.pdf", "ementa": "DENOMINA DE RUA PROFESSOR HENRIQUE KNIDEL, NO DISTRITO DE SANTA MARIA."}, {"id": "871", "ano": "2014", "numero": "24", "tipo__sigla": "PLO", "tipo__descricao": "Projeto de Lei Ordin\u00e1ria", "autoria": "Renato Werneck", "texto_original": "http://sapl.marechalfloriano.es.leg.br/media/./sapl/public/materialegislativa/2014/871/871_texto_integral.pdf", "ementa": "DENOMINA DE TRAVESSA F\u00c1BIO WERNECK, NA SEDE DO MUNIC\u00cdPIO DE MARECHAL FLORIANO."}, {"id": "872", "ano": "2014", "numero": "25", "tipo__sigla": "PLO", "tipo__descricao": "Projeto de Lei Ordin\u00e1ria", "autoria": "Alcino Diniz", "texto_original": "http://sapl.marechalfloriano.es.leg.br/media/./sapl/public/materialegislativa/2014/872/872_texto_integral.pdf", "ementa": "INSTITUI A INSTALA\u00c7\u00c3O DE ASSENTOS E SENHAS PARA O P\u00daBLICO NOS CORRESPONDENTES BANC\u00c1RIOS E D\u00c1 OUTRAS PROVIDENCIAS.  "}, {"id": "873", "ano": "2014", "numero": "26", "tipo__sigla": "PLO", "tipo__descricao": "Projeto de Lei Ordin\u00e1ria", "autoria": "Alcino Diniz", "texto_original": "http://sapl.marechalfloriano.es.leg.br/media/./sapl/public/materialegislativa/2014/873/873_texto_integral.pdf", "ementa": "INSTITUI O PROJETO CABELOS DE PRATA E DA OUTRAS PROVIDENCIAS."}, {"id": "874", "ano": "2014", "numero": "27", "tipo__sigla": "PLO", "tipo__descricao": "Projeto de Lei Ordin\u00e1ria", "autoria": "Ant\u00f4nio Lidiney Gobbi", "texto_original": "http://sapl.marechalfloriano.es.leg.br/media/./sapl/public/materialegislativa/2014/874/874_texto_integral.pdf", "ementa": "DEFINE COMPLEMENTA\u00c7\u00c3O DA REMUNERA\u00c7\u00c3O DE SERVIDORES P\u00daBLICAS MUNICIPAIS E D\u00c1 OUTRAS PROVIDENCIAS."}, {"id": "875", "ano": "2014", "numero": "28", "tipo__sigla": "PLO", "tipo__descricao": "Projeto de Lei Ordin\u00e1ria", "autoria": "Ant\u00f4nio Lidiney Gobbi", "texto_original": "http://sapl.marechalfloriano.es.leg.br/media/./sapl/public/materialegislativa/2014/875/875_texto_integral.pdf", "ementa": "CRIA O CONSELHO MUNICIPAL DOS DIREITOS DA MULHER DO MUNIC\u00cdPIO DE MARECHAL FLORIANO - CMDM E DA 0OUTRAS PROVID\u00caNCIAS. "}, {"id": "876", "ano": "2014", "numero": "29", "tipo__sigla": "PLO", "tipo__descricao": "Projeto de Lei Ordin\u00e1ria", "autoria": "Ant\u00f4nio Lidiney Gobbi", "texto_original": "http://sapl.marechalfloriano.es.leg.br/media/./sapl/public/materialegislativa/2014/876/876_texto_integral.pdf", "ementa": "DETERMINA A ADO\u00c7\u00c3O DE MEDIDAS IMPEDITIVAS DO ACESSO DE MAM\u00cdFEROS SILVESTRES AOS FIOS DE ALTA TENS\u00c3O DOS POSTES DE TRANSMISS\u00c3O DE ENERGIA EL\u00c9TRICA, POR PARTE DAS CONCESSIONARIAS.   "}, {"id": "877", "ano": "2014", "numero": "30", "tipo__sigla": "PLO", "tipo__descricao": "Projeto de Lei Ordin\u00e1ria", "autoria": "Ant\u00f4nio Lidiney Gobbi", "texto_original": "http://sapl.marechalfloriano.es.leg.br/media/./sapl/public/materialegislativa/2014/877/877_texto_integral.pdf", "ementa": "DISP\u00d5E SOBRE A OBRIGATORIEDADE DA PR\u00c9VIA INSPE\u00c7\u00c3O INDUSTRIAL E SANIT\u00c1RIA DOS PRODUTOS DE ORIGEM ANIMAL NO \u00c2MBITO DO MUNIC\u00cdPIO DE MARECHAL FLORIANO E D\u00c1 OUTRAS PROVID\u00caNCIAS.  "}, {"id": "878", "ano": "2014", "numero": "31", "tipo__sigla": "PLO", "tipo__descricao": "Projeto de Lei Ordin\u00e1ria", "autoria": "Ant\u00f4nio Lidiney Gobbi", "texto_original": "http://sapl.marechalfloriano.es.leg.br/media/./sapl/public/materialegislativa/2014/878/878_texto_integral.pdf", "ementa": "AUTORIZA O PODER EXECUTIVO MUNICIPAL A PROPAGAR CONTRATA\u00c7\u00c3O TEMPOR\u00c1RIA DE PESSOAL, PARA ATENDER AS NECESSIDADES DA SEMUS. "}, {"id": "879", "ano": "2014", "numero": "32", "tipo__sigla": "PLO", "tipo__descricao": "Projeto de Lei Ordin\u00e1ria", "autoria": "Cezinha Ronchi", "texto_original": "http://sapl.marechalfloriano.es.leg.br/media/./sapl/public/materialegislativa/2014/879/879_texto_integral.pdf", "ementa": "DISP\u00d5E SOBRE O ENCAMINHAMENTO DE LEIS SANCIONADAS OU PROMULGADAS A CESAN, ESCELSA, AOS CORREIOS E SECRETARIAS MUNICIPAIS, QUANDO TRATAREM DE ASSUNTOS INERENTES E DE COMPET\u00caNCIA DOS MESMOS."}, {"id": "880", "ano": "2014", "numero": "33", "tipo__sigla": "PLO", "tipo__descricao": "Projeto de Lei Ordin\u00e1ria", "autoria": "Cezinha Ronchi", "texto_original": "http://sapl.marechalfloriano.es.leg.br/media/./sapl/public/materialegislativa/2014/880/880_texto_integral.pdf", "ementa": "DISP\u00d5E SOBRE A POL\u00cdTICA MUNICIPAL DE CONSCIENTIZA\u00c7\u00c3O E ORIENTA\u00c7\u00c3O SOBRE O LUPUS ERITEMATOSO SIST\u00caMICO (LES), E D\u00c1 OUTRAS PROVIDENCIAS."}, {"id": "881", "ano": "2014", "numero": "34", "tipo__sigla": "PLO", "tipo__descricao": "Projeto de Lei Ordin\u00e1ria", "autoria": "Cezinha Ronchi", "texto_original": "http://sapl.marechalfloriano.es.leg.br/media/./sapl/public/materialegislativa/2014/881/881_texto_integral.pdf", "ementa": "DISP\u00d5E SOBRE A POL\u00cdTICA MUNICIPAL DE CONSCIENTIZA\u00c7\u00c3O, ORIENTA\u00c7\u00c3O E PREVEN\u00c7\u00c3O DO PAPILOMA V\u00cdRUS HUMANO (HPV), E DA OUTRAS PROVID\u00caNCIAS."}, {"id": "882", "ano": "2014", "numero": "35", "tipo__sigla": "PLO", "tipo__descricao": "Projeto de Lei Ordin\u00e1ria", "autoria": "Alcino Diniz", "texto_original": "http://sapl.marechalfloriano.es.leg.br/media/./sapl/public/materialegislativa/2014/882/882_texto_integral.pdf", "ementa": "DISP\u00d5E SOBRE A PERMISS\u00c3O DE EXPLORA\u00c7\u00c3O PUBLICIT\u00c1RIA NAS PLACAS INDICATIVAS DE NOMES DE RUAS E LOGRADOUROS P\u00daBLICOS E D\u00c1 OUTRAS DISPOSI\u00c7\u00d5ES.  "}, {"id": "883", "ano": "2014", "numero": "36", "tipo__sigla": "PLO", "tipo__descricao": "Projeto de Lei Ordin\u00e1ria", "autoria": "Alcino Diniz", "texto_original": "http://sapl.marechalfloriano.es.leg.br/media/./sapl/public/materialegislativa/2014/883/883_texto_integral.pdf", "ementa": "INSTITUI A TRANSI\u00c7\u00c3O DEMOCR\u00c1TICA DE GOVERNO NO MUNIC\u00cdPIO DE MARECHAL FLORIANO, DISPONDO SOBRE A FORMA\u00c7\u00c3O DA EQUIPE DE TRANSI\u00c7\u00c3O, DEFINE O SEU FUNCIONAMENTO E D\u00c1 OUTRAS PROVID\u00caNCIAS.  "}, {"id": "884", "ano": "2014", "numero": "37", "tipo__sigla": "PLO", "tipo__descricao": "Projeto de Lei Ordin\u00e1ria", "autoria": "Dod\u00f4 Krohling", "texto_original": "http://sapl.marechalfloriano.es.leg.br/media/./sapl/public/materialegislativa/2014/884/884_texto_integral.pdf", "ementa": "DENOMINA DE RUA REINALDINO MARQUES, NO DISTRITO DE SANTA MARIA."}, {"id": "885", "ano": "2014", "numero": "38", "tipo__sigla": "PLO", "tipo__descricao": "Projeto de Lei Ordin\u00e1ria", "autoria": "Dod\u00f4 Krohling", "texto_original": "http://sapl.marechalfloriano.es.leg.br/media/./sapl/public/materialegislativa/2014/885/885_texto_integral.pdf", "ementa": "DENOMINA DE RUA CLAUDIO FERREIRA DE OLIVEIRA NO DISTRITO DE SANTA MARIA."}, {"id": "886", "ano": "2014", "numero": "39", "tipo__sigla": "PLO", "tipo__descricao": "Projeto de Lei Ordin\u00e1ria", "autoria": "Cabral", "texto_original": "http://sapl.marechalfloriano.es.leg.br/media/./sapl/public/materialegislativa/2014/886/886_texto_integral.pdf", "ementa": "DISP\u00d5E SOBRE A CRIA\u00c7\u00c3O DO PROGRAMA AGENTE DE IGREJA E DA OUTRAS PROVID\u00caNCIAS. "}, {"id": "887", "ano": "2014", "numero": "40", "tipo__sigla": "PLO", "tipo__descricao": "Projeto de Lei Ordin\u00e1ria", "autoria": "Alcino Diniz", "texto_original": "http://sapl.marechalfloriano.es.leg.br/media/./sapl/public/materialegislativa/2014/887/887_texto_integral.pdf", "ementa": "INSTITUI O PLANO MUNICIPAL DE COMBATE A PEDOFILIA, E DA OUTRAS PROVIDENCIAS."}, {"id": "888", "ano": "2014", "numero": "41", "tipo__sigla": "PLO", "tipo__descricao": "Projeto de Lei Ordin\u00e1ria", "autoria": "Ant\u00f4nio Lidiney Gobbi", "texto_original": "http://sapl.marechalfloriano.es.leg.br/media/./sapl/public/materialegislativa/2014/888/888_texto_integral.pdf", "ementa": "AUTORIZA O MUNIC\u00cdPIO DE MARECHAL FLORIANO/ES A PROMOVER A DESAFETA\u00c7\u00c3O DE \u00c1REA P\u00daBLICA DO LOTEAMENTO CONDOM\u00cdNIO REGI\u00c3O SERRANA PARA OBRAS DA ESTA\u00c7\u00c3O DE TRATAMENTO DE ESGOTO - ETE, DO SISTEMA DE ESGOTAMENTO SANIT\u00c1RIO DO MUNIC\u00cdPIO E O REMEMBRAMENTO E DESMEMBRAMENTO DE \u00c1REAS E DA OUTRAS PROVID\u00caNCIAS."}, {"id": "889", "ano": "2014", "numero": "42", "tipo__sigla": "PLO", "tipo__descricao": "Projeto de Lei Ordin\u00e1ria", "autoria": "Ant\u00f4nio Lidiney Gobbi", "texto_original": "http://sapl.marechalfloriano.es.leg.br/media/./sapl/public/materialegislativa/2014/889/889_texto_integral.pdf", "ementa": "ALTERA A LEI MUNICIPAL N\u00b0 1.372/2013 QUE ADOTA O DI\u00c1RIO OFICIAL DOS MUNIC\u00cdPIOS DO ESTADO DO ESP\u00cdRITO SANTO, INSTITU\u00cdDO E ADMINISTRADO PELA AMUNES, COMO VEICULO OFICIAL DE PUBLICA\u00c7\u00c3O DOS ATOS NORMATIVOS E ADMINISTRATIVO DO MUNIC\u00cdPIO DE MARECHAL FLORIANO - ES.  "}, {"id": "890", "ano": "2014", "numero": "44", "tipo__sigla": "PLO", "tipo__descricao": "Projeto de Lei Ordin\u00e1ria", "autoria": "Ant\u00f4nio Lidiney Gobbi", "texto_original": "http://sapl.marechalfloriano.es.leg.br/media/./sapl/public/materialegislativa/2014/890/890_texto_integral.pdf", "ementa": "AUTORIZA O PODER EXECUTIVO MUNICIPAL A INDENIZAR O PROPRIET\u00c1RIO DE \u00c1REA FORNECEDORA DE \u00c1GUA DO DISTRITO E D\u00c1 OUTRAS PROVIDENCIAS."}, {"id": "891", "ano": "2014", "numero": "46", "tipo__sigla": "PLO", "tipo__descricao": "Projeto de Lei Ordin\u00e1ria", "autoria": "Cezinha Ronchi", "texto_original": "http://sapl.marechalfloriano.es.leg.br/media/./sapl/public/materialegislativa/2014/891/891_texto_integral.pdf", "ementa": "INSTITUI O DIA MUNICIPAL DO INSTRUTOR E EXAMINADOR DE TRANSITO NO \u00c2MBITO DO MUNIC\u00cdPIO DE MARECHAL FLORIANO. "}, {"id": "892", "ano": "2014", "numero": "47", "tipo__sigla": "PLO", "tipo__descricao": "Projeto de Lei Ordin\u00e1ria", "autoria": "Cabral", "texto_original": "http://sapl.marechalfloriano.es.leg.br/media/./sapl/public/materialegislativa/2014/892/892_texto_integral.pdf", "ementa": "DENOMINA DE RUA JO\u00c3O PEREIRA, NA SEDE DO MUNIC\u00cdPIO DE MARECHAL FLORIANO."}, {"id": "893", "ano": "2014", "numero": "48", "tipo__sigla": "PLO", "tipo__descricao": "Projeto de Lei Ordin\u00e1ria", "autoria": "Cabral", "texto_original": "http://sapl.marechalfloriano.es.leg.br/media/./sapl/public/materialegislativa/2014/893/893_texto_integral.pdf", "ementa": "DENOMINA DE RUA EDUARDO HAESE, NA SEDE DO MUNIC\u00cdPIO DE MARECHAL FLORIANO. "}, {"id": "894", "ano": "2014", "numero": "49", "tipo__sigla": "PLO", "tipo__descricao": "Projeto de Lei Ordin\u00e1ria", "autoria": "Cabral", "texto_original": "http://sapl.marechalfloriano.es.leg.br/media/./sapl/public/materialegislativa/2014/894/894_texto_integral.pdf", "ementa": "DENOMINA DE RUA DO CANTO, NA SEDE DO MUNIC\u00cdPIO DE MARECHAL FLORIANO."}, {"id": "895", "ano": "2014", "numero": "50", "tipo__sigla": "PLO", "tipo__descricao": "Projeto de Lei Ordin\u00e1ria", "autoria": "Cezinha Ronchi", "texto_original": "http://sapl.marechalfloriano.es.leg.br/media/./sapl/public/materialegislativa/2014/895/895_texto_integral.pdf", "ementa": "ALTERA ART. 1\u00b0, DA LEI MUNICIPAL N\u00b0 598, DE 12 DE ABRIL DE 2006, QUE DENOMINA DE JACOMO BORGO, A ESCOLA MUNICIPAL DE 1\u00b0 GRAU DE ENSINO FUNDAMENTAL, LOCALIZADA NO DISTRITO DE ARAGUAIA."}, {"id": "896", "ano": "2014", "numero": "51", "tipo__sigla": "PLO", "tipo__descricao": "Projeto de Lei Ordin\u00e1ria", "autoria": "Cezinha Ronchi", "texto_original": "http://sapl.marechalfloriano.es.leg.br/media/./sapl/public/materialegislativa/2014/896/896_texto_integral.pdf", "ementa": "AUTORIZA O PODER EXECUTIVO MUNICIPAL A INSTITUIR O CONCURSO AS SETE MARAVILHAS DE MARECHAL FLORIANO, E DA OUTRAS PROVID\u00caNCIAS."}, {"id": "897", "ano": "2014", "numero": "52", "tipo__sigla": "PLO", "tipo__descricao": "Projeto de Lei Ordin\u00e1ria", "autoria": "Ant\u00f4nio Lidiney Gobbi", "texto_original": "http://sapl.marechalfloriano.es.leg.br/media/./sapl/public/materialegislativa/2014/897/897_texto_integral.pdf", "ementa": "AUTORIZA A ABERTURA DE CR\u00c9DITO ADICIONAL ESPECIAL AO OR\u00c7AMENTO VIGENTE DO MUNIC\u00cdPIO DE MARECHAL FLORIANO - ES."}, {"id": "898", "ano": "2014", "numero": "53", "tipo__sigla": "PLO", "tipo__descricao": "Projeto de Lei Ordin\u00e1ria", "autoria": "Coquinho", "texto_original": "http://sapl.marechalfloriano.es.leg.br/media/./sapl/public/materialegislativa/2014/898/898_texto_integral.pdf", "ementa": "DENOMINA DE RUA EDMUNDO RUPF, NO MUNIC\u00cdPIO DE MARECHAL FLORIANO."}, {"id": "899", "ano": "2014", "numero": "54", "tipo__sigla": "PLO", "tipo__descricao": "Projeto de Lei Ordin\u00e1ria", "autoria": "Coquinho", "texto_original": "http://sapl.marechalfloriano.es.leg.br/media/./sapl/public/materialegislativa/2014/899/899_texto_integral.pdf", "ementa": "DENOMINA DE RUA ELIZABETHA KLIPPEL RUPF NO MUNIC\u00cdPIO DE MARECHAL FLORIANO."}, {"id": "900", "ano": "2014", "numero": "55", "tipo__sigla": "PLO", "tipo__descricao": "Projeto de Lei Ordin\u00e1ria", "autoria": "Ant\u00f4nio Lidiney Gobbi", "texto_original": "http://sapl.marechalfloriano.es.leg.br/media/./sapl/public/materialegislativa/2014/900/900_texto_integral.pdf", "ementa": "DISP\u00d5E SOBRE AS DIRETRIZES PARA ELABORA\u00c7\u00c3O DA LEI OR\u00c7AMENTARIA PARA O EXERC\u00cdCIO FINANCEIRO DE 2015 E DA OUTRAS PROVIDENCIAS."}, {"id": "901", "ano": "2014", "numero": "56", "tipo__sigla": "PLO", "tipo__descricao": "Projeto de Lei Ordin\u00e1ria", "autoria": "Dod\u00f4 Krohling", "texto_original": "http://sapl.marechalfloriano.es.leg.br/media/./sapl/public/materialegislativa/2014/901/901_texto_integral.pdf", "ementa": "DENOMINA DE RUA RAMIRO FLORINDO FARIA, NO DISTRITO DE SANTA MARIA. "}, {"id": "902", "ano": "2014", "numero": "57", "tipo__sigla": "PLO", "tipo__descricao": "Projeto de Lei Ordin\u00e1ria", "autoria": "Dod\u00f4 Krohling", "texto_original": "http://sapl.marechalfloriano.es.leg.br/media/./sapl/public/materialegislativa/2014/902/902_texto_integral.pdf", "ementa": "DENOMINA DE RUA OLIMPIA BRAVIM ZAMBON, NO DISTRITO DE SANTA MARIA."}, {"id": "903", "ano": "2014", "numero": "58", "tipo__sigla": "PLO", "tipo__descricao": "Projeto de Lei Ordin\u00e1ria", "autoria": "Cezinha Ronchi", "texto_original": "http://sapl.marechalfloriano.es.leg.br/media/./sapl/public/materialegislativa/2014/903/903_texto_integral.pdf", "ementa": "AUTORIZA FIRMAR CONV\u00caNIO COM A \"ALCIES\" ASSOCIA\u00c7\u00c3O DE L\u00cdNGUA E CULTURA ITALIANA DO ESTADO DO ESP\u00cdRITO SANTO, \"ACAES\" ASSOCIA\u00c7\u00c3O DE CULTURA ALEM\u00c3 DO ESTADO DO ESP\u00cdRITO SANTO, E \"ACRC\" ASSOCIA\u00c7\u00c3O CULTURAL E RECREATIVA CAMPINHO, E DA OUTRAS PROVIDENCIAS. "}, {"id": "904", "ano": "2014", "numero": "60", "tipo__sigla": "PLO", "tipo__descricao": "Projeto de Lei Ordin\u00e1ria", "autoria": "MESA DIRETORA 2013/2014", "texto_original": "http://sapl.marechalfloriano.es.leg.br/media/./sapl/public/materialegislativa/2014/904/904_texto_integral.pdf", "ementa": "ALTERA O VALOR DO AUXILIO ALIMENTA\u00c7\u00c3O DOS SERVIDORES DO PODER LEGISLATIVO MUNICIPAL."}, {"id": "905", "ano": "2014", "numero": "61", "tipo__sigla": "PLO", "tipo__descricao": "Projeto de Lei Ordin\u00e1ria", "autoria": "MESA DIRETORA 2013/2014", "texto_original": "http://sapl.marechalfloriano.es.leg.br/media/./sapl/public/materialegislativa/2014/905/905_texto_integral.pdf", "ementa": "DISP\u00d5E SOBRE REAJUSTE PARA OS SERVIDORES DO PODER LEGISLATIVO MUNICIPAL. "}, {"id": "906", "ano": "2014", "numero": "62", "tipo__sigla": "PLO", "tipo__descricao": "Projeto de Lei Ordin\u00e1ria", "autoria": "MESA DIRETORA 2013/2014", "texto_original": "http://sapl.marechalfloriano.es.leg.br/media/./sapl/public/materialegislativa/2014/906/906_texto_integral.pdf", "ementa": "ALTERA A LEI MUNICIPAL N\u00b0 1114 DE 05 DE MAR\u00c7O DE 2012."}, {"id": "907", "ano": "2014", "numero": "63", "tipo__sigla": "PLO", "tipo__descricao": "Projeto de Lei Ordin\u00e1ria", "autoria": "Cezinha Ronchi", "texto_original": "http://sapl.marechalfloriano.es.leg.br/media/./sapl/public/materialegislativa/2014/907/907_texto_integral.pdf", "ementa": "INSTITUI A POL\u00cdTICA MUNICIPAL DE CONSCIENTIZA\u00c7\u00c3O, ORIENTA\u00c7\u00c3O E PREVEN\u00c7\u00c3O \u00c0 GRAVIDES PRECOCE E DA OUTRAS PROVIDENCIAS."}, {"id": "908", "ano": "2014", "numero": "64", "tipo__sigla": "PLO", "tipo__descricao": "Projeto de Lei Ordin\u00e1ria", "autoria": "D\u00f3rio Braun (Suplente)", "texto_original": "http://sapl.marechalfloriano.es.leg.br/media/./sapl/public/materialegislativa/2014/908/908_texto_integral.pdf", "ementa": "INSTITUI A SEMANA MUNICIPAL DE DOA\u00c7\u00c3O DO LEITE HUMANO E DA OUTRAS PROVIDENCIAS."}, {"id": "909", "ano": "2014", "numero": "65", "tipo__sigla": "PLO", "tipo__descricao": "Projeto de Lei Ordin\u00e1ria", "autoria": "Cezinha Ronchi", "texto_original": "http://sapl.marechalfloriano.es.leg.br/media/./sapl/public/materialegislativa/2014/909/909_texto_integral.pdf", "ementa": "DISP\u00d5E SOBRE O PESO A SER TRANSPORTADO PELO ESTUDANTE EM MOCHILA OU SIMILARES, NO \u00c2MBITO DO MUNIC\u00cdPIO DE MARECHAL FLORIANO.  "}, {"id": "910", "ano": "2014", "numero": "66", "tipo__sigla": "PLO", "tipo__descricao": "Projeto de Lei Ordin\u00e1ria", "autoria": "Cezinha Ronchi", "texto_original": "http://sapl.marechalfloriano.es.leg.br/media/./sapl/public/materialegislativa/2014/910/910_texto_integral.pdf", "ementa": "INSTITUI A CAMPANHA QUE DISP\u00d5E SOBRE A IMPORT\u00c2NCIA E INCENTIVO A JOVENS ENTRE 16 E 17 ANOS A EXERCEREM SEU DIREITO DE VOTAR."}, {"id": "911", "ano": "2014", "numero": "67", "tipo__sigla": "PLO", "tipo__descricao": "Projeto de Lei Ordin\u00e1ria", "autoria": "Cezinha Ronchi", "texto_original": "http://sapl.marechalfloriano.es.leg.br/media/./sapl/public/materialegislativa/2014/911/911_texto_integral.pdf", "ementa": "INSTITUI A POL\u00cdTICA MUNICIPAL DE INCENTIVO A LEITURA NA REDE MUNICIPAL DE ENSINO DE MARECHAL FLORIANO."}, {"id": "912", "ano": "2014", "numero": "68", "tipo__sigla": "PLO", "tipo__descricao": "Projeto de Lei Ordin\u00e1ria", "autoria": "Renato Werneck", "texto_original": "http://sapl.marechalfloriano.es.leg.br/media/", "ementa": "DISP\u00d5E SOBRE A CRIA\u00c7\u00c3O DE VAGAS DE ESTACIONAMENTO EXCLUSIVO PARA VE\u00cdCULOS DE TRANSPORTE ESCOLAR EM FRENTE \u00c1S CRECHES E ESCOLAS DE ENSINO FUNDAMENTAL E M\u00c9DIO, E D\u00c1 OUTRAS PROVID\u00caNCIAS."}, {"id": "913", "ano": "2014", "numero": "69", "tipo__sigla": "PLO", "tipo__descricao": "Projeto de Lei Ordin\u00e1ria", "autoria": "DAVI", "texto_original": "http://sapl.marechalfloriano.es.leg.br/media/./sapl/public/materialegislativa/2014/913/913_texto_integral.pdf", "ementa": "CRIA O PROGRAMA EMPRESA AMIGA DA EDUCA\u00c7\u00c3O NO \u00c2MBITO DO MUNIC\u00cdPIO DE MARECHAL FLORIANO. "}, {"id": "914", "ano": "2014", "numero": "70", "tipo__sigla": "PLO", "tipo__descricao": "Projeto de Lei Ordin\u00e1ria", "autoria": "Coquinho", "texto_original": "http://sapl.marechalfloriano.es.leg.br/media/./sapl/public/materialegislativa/2014/914/914_texto_integral.pdf", "ementa": "INSTITUI O DIA DO FEIRANTE NO MUNIC\u00cdPIO E D\u00c1 OUTRAS PROVID\u00caNCIAS."}, {"id": "915", "ano": "2014", "numero": "71", "tipo__sigla": "PLO", "tipo__descricao": "Projeto de Lei Ordin\u00e1ria", "autoria": "Renato Werneck", "texto_original": "http://sapl.marechalfloriano.es.leg.br/media/./sapl/public/materialegislativa/2014/915/915_texto_integral.pdf", "ementa": "AUTORIZA A INSTITUI\u00c7\u00c3O DAS OLIMP\u00cdADAS MUNICIPAIS DE REDA\u00c7\u00c3O, VOLTADAS AOS ALUNOS DA REDE PUBLICA E PARTICULAR DE ENSINO DO MUNIC\u00cdPIO DE MARECHAL FLORIANO, E DA OUTRAS PROVID\u00caNCIAS. "}, {"id": "916", "ano": "2014", "numero": "72", "tipo__sigla": "PLO", "tipo__descricao": "Projeto de Lei Ordin\u00e1ria", "autoria": "Alcino Diniz", "texto_original": "http://sapl.marechalfloriano.es.leg.br/media/./sapl/public/materialegislativa/2014/916/916_texto_integral.pdf", "ementa": "DISP\u00d5E SOBRE A AVALIA\u00c7\u00c3O PERI\u00d3DICA DAS ESTRUTURAS F\u00cdSICAS DAS ESCOLAS DA REDE P\u00daBLICA MUNICIPAL DE ENSINO DE MARECHAL FLORIANO E D\u00c1 OUTRAS PROVID\u00caNCIAS."}, {"id": "917", "ano": "2014", "numero": "73", "tipo__sigla": "PLO", "tipo__descricao": "Projeto de Lei Ordin\u00e1ria", "autoria": "Cezinha Ronchi", "texto_original": "http://sapl.marechalfloriano.es.leg.br/media/./sapl/public/materialegislativa/2014/917/917_texto_integral.pdf", "ementa": "ALTERA ART. 1\u00b0, DA LEI MUNICIPAL LEI MUNICIPAL N\u00b0 1.158, DE 29 DE JUNHO DE 2012, QUE DENOMINA DE ESTRADA JOS\u00c9 HUBER."}, {"id": "918", "ano": "2014", "numero": "74", "tipo__sigla": "PLO", "tipo__descricao": "Projeto de Lei Ordin\u00e1ria", "autoria": "Ant\u00f4nio Lidiney Gobbi", "texto_original": "http://sapl.marechalfloriano.es.leg.br/media/./sapl/public/materialegislativa/2014/918/918_texto_integral.pdf", "ementa": "ALTERA A LEI MUNICIPAL N\u00b0 1.119/2013 QUE DISP\u00d5E SOBRE A CRIA\u00c7\u00c3O DAS TAXAS PARA O LICENCIAMENTO AMBIENTAL MUNICIPAL."}, {"id": "919", "ano": "2014", "numero": "75", "tipo__sigla": "PLO", "tipo__descricao": "Projeto de Lei Ordin\u00e1ria", "autoria": "Cezinha Ronchi", "texto_original": "http://sapl.marechalfloriano.es.leg.br/media/sapl/public/materialegislativa/2014/919/pdfsam_merge1.pdf", "ementa": "DECLARA COMO UTILIDADE P\u00daBLICA MUNICIPAL A ASSOCIA\u00c7\u00c3O DOS AGRICULTORES DO RIO DAS PEDRAS E REGI\u00c3O - AGRORRIO."}, {"id": "921", "ano": "2014", "numero": "77", "tipo__sigla": "PLO", "tipo__descricao": "Projeto de Lei Ordin\u00e1ria", "autoria": "Alcino Diniz", "texto_original": "http://sapl.marechalfloriano.es.leg.br/media/./sapl/public/materialegislativa/2014/921/921_texto_integral.pdf", "ementa": "INSERE NO CALEND\u00c1RIO OFICIAL DE EVENTOS DO MUNIC\u00cdPIO DE MARECHAL FLORIANO, O FESTIVAL DO FRANGO E A FESTA DE NOSSA SR\u00aa  AUXILIADORA DA COMUNIDADE DE SO\u00cdDO DE BAIXO. "}, {"id": "922", "ano": "2014", "numero": "78", "tipo__sigla": "PLO", "tipo__descricao": "Projeto de Lei Ordin\u00e1ria", "autoria": "Alcino Diniz", "texto_original": "http://sapl.marechalfloriano.es.leg.br/media/./sapl/public/materialegislativa/2014/922/922_texto_integral.pdf", "ementa": "INSTITUI O DIA MUNICIPAL DO SHOW NA PRA\u00c7A E D\u00c1 OUTRAS PROVID\u00caNCIA."}, {"id": "923", "ano": "2014", "numero": "79", "tipo__sigla": "PLO", "tipo__descricao": "Projeto de Lei Ordin\u00e1ria", "autoria": "Cezinha Ronchi", "texto_original": "http://sapl.marechalfloriano.es.leg.br/media/./sapl/public/materialegislativa/2014/923/923_texto_integral.pdf", "ementa": "INSTITUI O PROGRAMA DE ADO\u00c7\u00c3O E CONSTRU\u00c7\u00c3O DE ABRIGOS DE \u00d4NIBUS NO MUNIC\u00cdPIO DE MARECHAL FLORIANO, E D\u00c1 OUTRAS PROVID\u00caNCIAS."}, {"id": "924", "ano": "2014", "numero": "80", "tipo__sigla": "PLO", "tipo__descricao": "Projeto de Lei Ordin\u00e1ria", "autoria": "Cezinha Ronchi", "texto_original": "http://sapl.marechalfloriano.es.leg.br/media/./sapl/public/materialegislativa/2014/924/924_texto_integral.pdf", "ementa": "DISP\u00d5E SOBRE A CRIA\u00c7\u00c3O DO INFORME PUBLICIT\u00c1RIO DO LEGISLATIVO MUNICIPAL DE MARECHAL FLORIANO E D\u00c1 OUTRAS PROVID\u00caNCIAS."}, {"id": "925", "ano": "2014", "numero": "81", "tipo__sigla": "PLO", "tipo__descricao": "Projeto de Lei Ordin\u00e1ria", "autoria": "Cabral", "texto_original": "http://sapl.marechalfloriano.es.leg.br/media/./sapl/public/materialegislativa/2014/925/925_texto_integral.pdf", "ementa": "INSTITUI O PROGRAMA CAL\u00c7ADA LIMPA NO \u00c2MBITO DO MUNIC\u00cdPIO DE MARECHAL FLORIANO E, DA OUTRAS PROVID\u00caNCIAS.  "}, {"id": "926", "ano": "2014", "numero": "82", "tipo__sigla": "PLO", "tipo__descricao": "Projeto de Lei Ordin\u00e1ria", "autoria": "Cabral", "texto_original": "http://sapl.marechalfloriano.es.leg.br/media/./sapl/public/materialegislativa/2014/926/926_texto_integral.pdf", "ementa": "INSTITUI O PROGRAMA MUNICIPAL DE COLETA, RECICLAGEM DE \u00d3LEOS E GORDURA USADAS DE ORIGEM VEGETAL  E ANIMAL, NO MUNIC\u00cdPIO DE MARECHAL FLORIANO."}, {"id": "927", "ano": "2014", "numero": "83", "tipo__sigla": "PLO", "tipo__descricao": "Projeto de Lei Ordin\u00e1ria", "autoria": "Ant\u00f4nio Lidiney Gobbi", "texto_original": "http://sapl.marechalfloriano.es.leg.br/media/./sapl/public/materialegislativa/2014/927/927_texto_integral.pdf", "ementa": "CRIA GRATIFICA\u00c7\u00c3O PARA OS MEMBROS DA COMISS\u00c3O DE PROCESSO ADMINISTRATIVO DISCIPLINAR E D\u00c1 OUTRAS PROVIDENCIAS."}, {"id": "928", "ano": "2014", "numero": "84", "tipo__sigla": "PLO", "tipo__descricao": "Projeto de Lei Ordin\u00e1ria", "autoria": "Ant\u00f4nio Lidiney Gobbi", "texto_original": "http://sapl.marechalfloriano.es.leg.br/media/./sapl/public/materialegislativa/2014/928/928_texto_integral.pdf", "ementa": "ALTERA O ART. 197, DA LEI MUNICIPAL N\u00b0.003, DE 04 DE JANEIRO DE 1993 E D\u00c1 OUTRAS PROVIDENCIAS."}, {"id": "929", "ano": "2014", "numero": "85", "tipo__sigla": "PLO", "tipo__descricao": "Projeto de Lei Ordin\u00e1ria", "autoria": "D\u00f3rio Braun (Suplente)", "texto_original": "http://sapl.marechalfloriano.es.leg.br/media/./sapl/public/materialegislativa/2014/929/929_texto_integral.pdf", "ementa": "DISP\u00d5E SOBRE A OBRIGATORIEDADE DO DONO OU CONDUTOR DE ANIMAIS CARREGAREM SACOS PL\u00c1STICOS PARA O RECOLHIMENTO DE DEJETOS DEIXADOS PELOS RESPECTIVOS ANIMAIS EM VIAS P\u00daBLICAS."}, {"id": "931", "ano": "2014", "numero": "87", "tipo__sigla": "PLO", "tipo__descricao": "Projeto de Lei Ordin\u00e1ria", "autoria": "Cezinha Ronchi", "texto_original": "http://sapl.marechalfloriano.es.leg.br/media/./sapl/public/materialegislativa/2014/931/931_texto_integral.pdf", "ementa": "INCLUI NO CALEND\u00c1RIO DE EVENTOS DO MUNIC\u00cdPIO, O ENCONTRO DA CULTURA ITALIANA DE ARAGUAIA E O BOM PRINCIPIO DO ANO NOVO."}, {"id": "932", "ano": "2014", "numero": "88", "tipo__sigla": "PLO", "tipo__descricao": "Projeto de Lei Ordin\u00e1ria", "autoria": "Cezinha Ronchi", "texto_original": "http://sapl.marechalfloriano.es.leg.br/media/./sapl/public/materialegislativa/2014/932/932_texto_integral.pdf", "ementa": "INSTITUI O PROGRAMA DE ENSINO DO JOGO DE MORA NO \u00c2MBITO DO MUNIC\u00cdPIO DE MARECHAL FLORIANO."}, {"id": "933", "ano": "2014", "numero": "89", "tipo__sigla": "PLO", "tipo__descricao": "Projeto de Lei Ordin\u00e1ria", "autoria": "Alcino Diniz", "texto_original": "http://sapl.marechalfloriano.es.leg.br/media/./sapl/public/materialegislativa/2014/933/933_texto_integral.pdf", "ementa": "INSTITUI NA REDE MUNICIPAL DE EDUCA\u00c7\u00c3O O PROGRAMA JOVEM AGRICULTOR, NAS ESCOLAS RURAIS MUNICIPAIS DA CIDADE DE MARECHAL FLORIANO E D\u00c1 OUTRAS PROVID\u00caNCIAS."}, {"id": "934", "ano": "2014", "numero": "90", "tipo__sigla": "PLO", "tipo__descricao": "Projeto de Lei Ordin\u00e1ria", "autoria": "Alcino Diniz", "texto_original": "http://sapl.marechalfloriano.es.leg.br/media/./sapl/public/materialegislativa/2014/934/934_texto_integral.pdf", "ementa": "DISP\u00d5E QUE AFIXE NAS SALAS DE AULA O N\u00daMERO DO TELEFONE DO DISQUE DEN\u00daNCIA E DE OUTRAS PROVID\u00caNCIAS, CONTRA QUALQUER TIPO DE VIOL\u00caNCIA, ABUSO E ASS\u00c9DIO SEXUAL COMETIDO CONTRA MENORES."}, {"id": "935", "ano": "2014", "numero": "91", "tipo__sigla": "PLO", "tipo__descricao": "Projeto de Lei Ordin\u00e1ria", "autoria": "Alcino Diniz", "texto_original": "http://sapl.marechalfloriano.es.leg.br/media/./sapl/public/materialegislativa/2014/935/935_texto_integral.pdf", "ementa": "INSTITUI A SEMANA MUNICIPAL DE EVANGELIZA\u00c7\u00c3O GLOBAL NO MUNIC\u00cdPIO DE MARECHAL FLORIANO NA ULTIMA SEMANA DO M\u00caS DE MAIO DE CADA ANO E D\u00c1 OUTRAS PROVID\u00caNCIAS."}, {"id": "936", "ano": "2014", "numero": "92", "tipo__sigla": "PLO", "tipo__descricao": "Projeto de Lei Ordin\u00e1ria", "autoria": "Cezinha Ronchi, Dod\u00f4 Krohling", "texto_original": "http://sapl.marechalfloriano.es.leg.br/media/./sapl/public/materialegislativa/2014/936/936_texto_integral.pdf", "ementa": "DENOMINA DE GIN\u00c1SIO MUNICIPAL ROBERTO HENRIQUE ALBERTO KRUGER, EM ALTO SANTA MARIA."}, {"id": "937", "ano": "2014", "numero": "93", "tipo__sigla": "PLO", "tipo__descricao": "Projeto de Lei Ordin\u00e1ria", "autoria": "Cezinha Ronchi", "texto_original": "http://sapl.marechalfloriano.es.leg.br/media/./sapl/public/materialegislativa/2014/937/937_texto_integral.pdf", "ementa": "DENOMINA DE PRA\u00c7A SAUD\u00c1VEL RICARDO JOS\u00c9 KNIDEL, EM SANTA MARIA.\r\n "}, {"id": "938", "ano": "2014", "numero": "94", "tipo__sigla": "PLO", "tipo__descricao": "Projeto de Lei Ordin\u00e1ria", "autoria": "Cezinha Ronchi", "texto_original": "http://sapl.marechalfloriano.es.leg.br/media/./sapl/public/materialegislativa/2014/938/938_texto_integral.pdf", "ementa": "DISP\u00d5E SOBRE A CRIA\u00c7\u00c3O DO ESPA\u00c7O DE PESQUISA BIBLIOGR\u00c1FICA NAS DEPEND\u00caNCIAS DA C\u00c2MARA MUNICIPAL DE MARECHAL FLORIANO. "}, {"id": "939", "ano": "2014", "numero": "95", "tipo__sigla": "PLO", "tipo__descricao": "Projeto de Lei Ordin\u00e1ria", "autoria": "Alcino Diniz", "texto_original": "http://sapl.marechalfloriano.es.leg.br/media/./sapl/public/materialegislativa/2014/939/939_texto_integral.pdf", "ementa": "INSTITUI A SEMANA MUNICIPAL EDUCATIVA SOBRE A DOEN\u00c7A DE ALZHEIMER E DA OUTRAS PROVID\u00caNCIAS. "}, {"id": "940", "ano": "2014", "numero": "96", "tipo__sigla": "PLO", "tipo__descricao": "Projeto de Lei Ordin\u00e1ria", "autoria": "Cezinha Ronchi", "texto_original": "http://sapl.marechalfloriano.es.leg.br/media/./sapl/public/materialegislativa/2014/940/940_texto_integral.pdf", "ementa": "DENOMINA DE RUA REGGIANI, NO DISTRITO DE ARAGUAIA."}, {"id": "941", "ano": "2014", "numero": "97", "tipo__sigla": "PLO", "tipo__descricao": "Projeto de Lei Ordin\u00e1ria", "autoria": "Cezinha Ronchi", "texto_original": "http://sapl.marechalfloriano.es.leg.br/media/./sapl/public/materialegislativa/2014/941/941_texto_integral.pdf", "ementa": "DENOMINA DE LADEIRA DUZULINA GAVA BORGO, NO DISTRITO DE ARAGUAIA."}, {"id": "942", "ano": "2014", "numero": "98", "tipo__sigla": "PLO", "tipo__descricao": "Projeto de Lei Ordin\u00e1ria", "autoria": "Cezinha Ronchi", "texto_original": "http://sapl.marechalfloriano.es.leg.br/media/./sapl/public/materialegislativa/2014/942/942_texto_integral.pdf", "ementa": "DENOMINA DE RUA VEREADOR E PRESIDENTE DA C\u00c2MARA JOS\u00c9 BORGO, NO DISTRITO DE ARAGUAIA."}, {"id": "943", "ano": "2014", "numero": "99", "tipo__sigla": "PLO", "tipo__descricao": "Projeto de Lei Ordin\u00e1ria", "autoria": "MESA DIRETORA 2013/2014", "texto_original": "http://sapl.marechalfloriano.es.leg.br/media/./sapl/public/materialegislativa/2014/943/943_texto_integral.pdf", "ementa": "REVOGA LEI MUNICIPAL N\u00b0 1.242 DE 09 DE MAIO DE 2013."}, {"id": "944", "ano": "2014", "numero": "100", "tipo__sigla": "PLO", "tipo__descricao": "Projeto de Lei Ordin\u00e1ria", "autoria": "Cezinha Ronchi", "texto_original": "http://sapl.marechalfloriano.es.leg.br/media/./sapl/public/materialegislativa/2014/944/944_texto_integral.pdf", "ementa": "DISP\u00d5E SOBRE A PUBLICA\u00c7\u00c3O DO LIVRO HIST\u00d3RICO E POL\u00cdTICO DO MUNIC\u00cdPIO DE MARECHAL FLORIANO E D\u00c1 OUTRAS PROVID\u00caNCIAS. "}, {"id": "945", "ano": "2014", "numero": "101", "tipo__sigla": "PLO", "tipo__descricao": "Projeto de Lei Ordin\u00e1ria", "autoria": "Cezinha Ronchi", "texto_original": "http://sapl.marechalfloriano.es.leg.br/media/./sapl/public/materialegislativa/2014/945/945_texto_integral.pdf", "ementa": "DISP\u00d5E SOBRE A CRIA\u00c7\u00c3O DA CARTILHA DE \u00cdNDICE DE LEIS MUNICIPAIS DO LEGISLATIVO MUNICIPAL DE MARECHAL FLORIANO E D\u00c1 OUTRAS  PROVID\u00caNCIAS."}, {"id": "946", "ano": "2014", "numero": "102", "tipo__sigla": "PLO", "tipo__descricao": "Projeto de Lei Ordin\u00e1ria", "autoria": "Cezinha Ronchi", "texto_original": "http://sapl.marechalfloriano.es.leg.br/media/./sapl/public/materialegislativa/2014/946/946_texto_integral.pdf", "ementa": "DISP\u00d5E SOBRE A CRIA\u00c7\u00c3O DO BANCO DE DADOS DO LEGISLATIVO MUNICIPAL DE MARECHAL FLORIANO E D\u00c1 OUTRAS PROVID\u00caNCIAS."}, {"id": "947", "ano": "2014", "numero": "105", "tipo__sigla": "PLO", "tipo__descricao": "Projeto de Lei Ordin\u00e1ria", "autoria": "Alcino Diniz", "texto_original": "http://sapl.marechalfloriano.es.leg.br/media/./sapl/public/materialegislativa/2014/947/947_texto_integral.pdf", "ementa": "DENOMINA DE LADEIRA AUXILIADORA MAXIMILIANO KLEIN, EM SO\u00cdDO DE BAIXO."}, {"id": "948", "ano": "2014", "numero": "107", "tipo__sigla": "PLO", "tipo__descricao": "Projeto de Lei Ordin\u00e1ria", "autoria": "D\u00f3rio Braun (Suplente)", "texto_original": "http://sapl.marechalfloriano.es.leg.br/media/./sapl/public/materialegislativa/2014/948/948_texto_integral.pdf", "ementa": "INSTITUI A SEMANA MUNICIPAL DE ARTES\u00c3O NO MUNIC\u00cdPIO DE MARECHAL FLORIANO."}, {"id": "949", "ano": "2014", "numero": "108", "tipo__sigla": "PLO", "tipo__descricao": "Projeto de Lei Ordin\u00e1ria", "autoria": "Coquinho", "texto_original": "http://sapl.marechalfloriano.es.leg.br/media/./sapl/public/materialegislativa/2014/949/949_texto_integral.pdf", "ementa": "DISP\u00d5E SOBRE SONS URBANOS, FIXA N\u00cdVEIS E HOR\u00c1RIO EM QUE SER\u00c1 PERMITIDA SUA EMISS\u00c3O CRIA A LICEN\u00c7A PARA A UTILIZA\u00c7\u00c3O SONORA E D\u00c1 OUTRAS PROVID\u00caNCIAS."}, {"id": "950", "ano": "2014", "numero": "109", "tipo__sigla": "PLO", "tipo__descricao": "Projeto de Lei Ordin\u00e1ria", "autoria": "Ant\u00f4nio Lidiney Gobbi", "texto_original": "http://sapl.marechalfloriano.es.leg.br/media/./sapl/public/materialegislativa/2014/950/950_texto_integral.pdf", "ementa": "ALTERA A LEI MUNICIPAL N\u00b0 1.164, DE 04 DE JULHO DE 2012."}, {"id": "951", "ano": "2014", "numero": "110", "tipo__sigla": "PLO", "tipo__descricao": "Projeto de Lei Ordin\u00e1ria", "autoria": "Ant\u00f4nio Lidiney Gobbi", "texto_original": "http://sapl.marechalfloriano.es.leg.br/media/./sapl/public/materialegislativa/2014/951/951_texto_integral.pdf", "ementa": "DISP\u00d5E SOBRE A PREMIA\u00c7\u00c3O DE ADOLESCENTES PARTICIPANTES DO CONCURSO DE DESENHOS E FRASES SOBRE A VIOL\u00caNCIA E ABUSO SEXUAL CONTRA CRIAN\u00c7AS E ADOLESCENTES.  "}, {"id": "952", "ano": "2014", "numero": "111", "tipo__sigla": "PLO", "tipo__descricao": "Projeto de Lei Ordin\u00e1ria", "autoria": "Cezinha Ronchi", "texto_original": "http://sapl.marechalfloriano.es.leg.br/media/./sapl/public/materialegislativa/2014/952/952_texto_integral.pdf", "ementa": "DETERMINA QUE ESTABELECIMENTOS COMERCIAIS MENCIONADOS MANTENHAM EM LOCAL VIS\u00cdVEL, PLACAS VISANDO EVITAR BARULHO EM EXCESSO FORA DO HOR\u00c1RIO PERMITIDO, DEVIDO AS RESID\u00caNCIAS AO REDOR, BEM COMO, DA INSTALA\u00c7\u00c3O DE PLACAS EM ESTABELECIMENTOS QUE  PROMOVAM SHOWS E SIMILARES, COM INFORMA\u00c7\u00d5ES INERENTES A SUA LOTA\u00c7\u00c3O M\u00c1XIMA DE PESSOAS. "}, {"id": "8471", "ano": "2014", "numero": "112", "tipo__sigla": "PLO", "tipo__descricao": "Projeto de Lei Ordin\u00e1ria", "autoria": "Cezinha Ronchi", "texto_original": "http://sapl.marechalfloriano.es.leg.br/media/", "ementa": "\"PROIBE EM VIAS E REPARTI\u00c7\u00d5ES P\u00daBLICAS, M\u00daSICAS QUE FAZEM APOLOGIA A SEXO, DROGAS, USO DE ARMAS E QUE FAZEM ENFRENTAMENTO \u00c0S INSTITUI\u00c7\u00d5ES DE SEGURAN\u00c7A\"."}, {"id": "953", "ano": "2014", "numero": "113", "tipo__sigla": "PLO", "tipo__descricao": "Projeto de Lei Ordin\u00e1ria", "autoria": "D\u00f3rio Braun (Suplente)", "texto_original": "http://sapl.marechalfloriano.es.leg.br/media/./sapl/public/materialegislativa/2014/953/953_texto_integral.pdf", "ementa": "INSTITUI A SEMANA MUNICIPAL DE CONSCIENTIZA\u00c7\u00c3O, ORIENTA\u00c7\u00c3O E PREVEN\u00c7\u00c3O DA DIABETES E DA HIPERTENS\u00c3O NO MUNIC\u00cdPIO DE MARECHAL FLORIANO E D\u00c1 OUTRA PROVID\u00caNCIAS.  "}, {"id": "954", "ano": "2014", "numero": "114", "tipo__sigla": "PLO", "tipo__descricao": "Projeto de Lei Ordin\u00e1ria", "autoria": "Coquinho", "texto_original": "http://sapl.marechalfloriano.es.leg.br/media/./sapl/public/materialegislativa/2014/954/954_texto_integral.pdf", "ementa": "DENOMINA DE RUA NELSON UHL, NO BAIRRO SANTA RITA - MARECHAL FLORIANO.\r\n"}, {"id": "955", "ano": "2014", "numero": "115", "tipo__sigla": "PLO", "tipo__descricao": "Projeto de Lei Ordin\u00e1ria", "autoria": "Cezinha Ronchi", "texto_original": "http://sapl.marechalfloriano.es.leg.br/media/./sapl/public/materialegislativa/2014/955/955_texto_integral.pdf", "ementa": "INSTITUI A PACA COMO S\u00cdMBOLO MUNICIPAL  ANIMAL SILVESTRE DO MUNIC\u00cdPIO DE MARECHAL FLORIANO E D\u00c1 OUTRAS PROVID\u00caNCIAS. "}, {"id": "956", "ano": "2014", "numero": "116", "tipo__sigla": "PLO", "tipo__descricao": "Projeto de Lei Ordin\u00e1ria", "autoria": "Ant\u00f4nio Lidiney Gobbi", "texto_original": "http://sapl.marechalfloriano.es.leg.br/media/./sapl/public/materialegislativa/2014/956/956_texto_integral.pdf", "ementa": "DISP\u00d5E SOBRE ABERTURA DE CR\u00c9DITOS ADICIONAIS SUPLEMENTARES E D\u00c1  OUTRAS PROVID\u00caNCIAS."}, {"id": "957", "ano": "2014", "numero": "117", "tipo__sigla": "PLO", "tipo__descricao": "Projeto de Lei Ordin\u00e1ria", "autoria": "Ant\u00f4nio Lidiney Gobbi", "texto_original": "http://sapl.marechalfloriano.es.leg.br/media/./sapl/public/materialegislativa/2014/957/957_texto_integral.pdf", "ementa": "AUTORIZA O PODER EXECUTIVO A ADQUIRIR, IM\u00d3VEL URBANO SITUADO EM MARECHAL FLORIANO/SEDE, NESTE MUNIC\u00cdPIO."}, {"id": "958", "ano": "2014", "numero": "118", "tipo__sigla": "PLO", "tipo__descricao": "Projeto de Lei Ordin\u00e1ria", "autoria": "Ant\u00f4nio Lidiney Gobbi", "texto_original": "http://sapl.marechalfloriano.es.leg.br/media/./sapl/public/materialegislativa/2014/958/958_texto_integral.pdf", "ementa": "AUTORIZA O PODER EXECUTIVO MUNICIPAL A CONTRIBUIR FINANCEIRAMENTE COM A 7\u00aa EXPOSI\u00c7\u00c3O DE ORQU\u00cdDEAS DE MARECHAL FLORIANO E D\u00c1  OUTRAS PROVID\u00caNCIAS. "}, {"id": "959", "ano": "2014", "numero": "119", "tipo__sigla": "PLO", "tipo__descricao": "Projeto de Lei Ordin\u00e1ria", "autoria": "Jo\u00e3o Carlos Lorenzoni", "texto_original": "http://sapl.marechalfloriano.es.leg.br/media/./sapl/public/materialegislativa/2014/959/959_texto_integral.pdf", "ementa": "ALTERA A LEI MUNICIPAL N\u00b0 035, DE 19 DE AGOSTO  DE 1993, QUE DISP\u00d5E SOBRE EXTENS\u00c3O DA RUA DELIMAR SCHUNCK."}, {"id": "960", "ano": "2014", "numero": "120", "tipo__sigla": "PLO", "tipo__descricao": "Projeto de Lei Ordin\u00e1ria", "autoria": "Cabral", "texto_original": "http://sapl.marechalfloriano.es.leg.br/media/", "ementa": "DENOMINA DE RUA IDA PINTO SCHNEIDER, NO BAIRRO JARBINHAS - MARECHAL FLORIANO."}, {"id": "961", "ano": "2014", "numero": "121", "tipo__sigla": "PLO", "tipo__descricao": "Projeto de Lei Ordin\u00e1ria", "autoria": "Cezinha Ronchi", "texto_original": "http://sapl.marechalfloriano.es.leg.br/media/./sapl/public/materialegislativa/2014/961/961_texto_integral.pdf", "ementa": "INSTITUI A MATA ATL\u00c2NTICA COMO S\u00cdMBOLO DO MUNIC\u00cdPIO DE MARECHAL FLORIANO E D\u00c1 OUTRAS PROVID\u00caNCIAS.  "}, {"id": "962", "ano": "2014", "numero": "122", "tipo__sigla": "PLO", "tipo__descricao": "Projeto de Lei Ordin\u00e1ria", "autoria": "Cezinha Ronchi", "texto_original": "http://sapl.marechalfloriano.es.leg.br/media/./sapl/public/materialegislativa/2014/962/962_texto_integral.pdf", "ementa": "INSTITUI O FRANGO COMO S\u00cdMBOLO DO MUNIC\u00cdPIO DE MARECHAL FLORIANO E D\u00c1 OUTRAS PROVID\u00caNCIAS."}, {"id": "963", "ano": "2014", "numero": "123", "tipo__sigla": "PLO", "tipo__descricao": "Projeto de Lei Ordin\u00e1ria", "autoria": "Cezinha Ronchi", "texto_original": "http://sapl.marechalfloriano.es.leg.br/media/./sapl/public/materialegislativa/2014/963/963_texto_integral.pdf", "ementa": "INSTITUI O CENTRO CULTURAL E COMUNIT\u00c1RIO EZEQUIEL RONCHI E A CASA DO DONO DO DISTRITO DE ARAGUAIA,COMO S\u00cdMBOLOS CULTURAIS DO MUNIC\u00cdPIO DE MARECHAL FLORIANO E D\u00c1 OUTRAS PROVID\u00caNCIAS. "}, {"id": "964", "ano": "2014", "numero": "124", "tipo__sigla": "PLO", "tipo__descricao": "Projeto de Lei Ordin\u00e1ria", "autoria": "Dod\u00f4 Krohling", "texto_original": "http://sapl.marechalfloriano.es.leg.br/media/./sapl/public/materialegislativa/2014/964/964_texto_integral.pdf", "ementa": "DENOMINA DE RUA NOSSA SENHORA DA PENHA, NA COMUNIDADE BETINHO SIMON - MARECHAL FLORIANO."}, {"id": "965", "ano": "2014", "numero": "125", "tipo__sigla": "PLO", "tipo__descricao": "Projeto de Lei Ordin\u00e1ria", "autoria": "Ant\u00f4nio Lidiney Gobbi", "texto_original": "http://sapl.marechalfloriano.es.leg.br/media/./sapl/public/materialegislativa/2014/965/965_texto_integral.pdf", "ementa": "DISP\u00d5E SOBRE A IMPLANTA\u00c7\u00c3O DO PISO SALARIAL DO AGENTE COMUNIT\u00c1RIO  DE SA\u00daDE E AGENTE DE COMBATE A ENDEMIAS E D\u00c1 OUTRAS PROVID\u00caNCIAS."}, {"id": "966", "ano": "2014", "numero": "126", "tipo__sigla": "PLO", "tipo__descricao": "Projeto de Lei Ordin\u00e1ria", "autoria": "Ant\u00f4nio Lidiney Gobbi", "texto_original": "http://sapl.marechalfloriano.es.leg.br/media/./sapl/public/materialegislativa/2014/966/966_texto_integral.pdf", "ementa": "DISP\u00d5E SOBRE A CONTRATA\u00c7\u00c3O POR TEMPO DETERMINADO PARA ATENDER A NECESSIDADE TEMPOR\u00c1RIA DE EXCEPCIONAL INTERESSE P\u00daBLICO NOS TERMOS DO INCISO IX DO ART. 37 DA CONSTITUI\u00c7\u00c3O FEDERAL, E DA OUTRAS PROVID\u00caNCIAS.  "}, {"id": "967", "ano": "2014", "numero": "127", "tipo__sigla": "PLO", "tipo__descricao": "Projeto de Lei Ordin\u00e1ria", "autoria": "Cezinha Ronchi", "texto_original": "http://sapl.marechalfloriano.es.leg.br/media/./sapl/public/materialegislativa/2014/967/967_texto_integral.pdf", "ementa": "ALTERA ART. 1\u00b0, DA LEI MUNICIPAL N\u00b0 713, DE 27 DE AGOSTO DE 2007, QUE DENOMINA DE ESTRADA BERNARDO LEONOR EFFGEM E DA OUTRAS PROVID\u00caNCIAS."}, {"id": "968", "ano": "2014", "numero": "128", "tipo__sigla": "PLO", "tipo__descricao": "Projeto de Lei Ordin\u00e1ria", "autoria": "Alcino Diniz", "texto_original": "http://sapl.marechalfloriano.es.leg.br/media/./sapl/public/materialegislativa/2014/968/968_texto_integral.pdf", "ementa": "INSTITUI NO MUNIC\u00cdPIO DE MARECHAL FLORIANO O DIA MUNICIPAL DO AGENTE COMUNIT\u00c1RIO DE SA\u00daDE E D\u00c1 OUTRAS PROVID\u00caNCIAS."}, {"id": "969", "ano": "2014", "numero": "129", "tipo__sigla": "PLO", "tipo__descricao": "Projeto de Lei Ordin\u00e1ria", "autoria": "Cezinha Ronchi", "texto_original": "http://sapl.marechalfloriano.es.leg.br/media/./sapl/public/materialegislativa/2014/969/969_texto_integral.pdf", "ementa": "INSTITUI COMO S\u00cdMBOLOS MUNICIPAIS HIST\u00d3RICOS AS ESTA\u00c7\u00d5ES FERROVI\u00c1RIAS DO DISTRITO DE ARAGUAIA E DA SEDE DO MUNIC\u00cdPIO DE MARECHAL FLORIANO. "}, {"id": "970", "ano": "2014", "numero": "130", "tipo__sigla": "PLO", "tipo__descricao": "Projeto de Lei Ordin\u00e1ria", "autoria": "Cezinha Ronchi", "texto_original": "http://sapl.marechalfloriano.es.leg.br/media/./sapl/public/materialegislativa/2014/970/970_texto_integral.pdf", "ementa": "INSTITUI, NO \u00c2MBITO DO MUNIC\u00cdPIO DE MARECHAL FLORIANO, O DIA MUNICIPAL DE PRESERVA\u00c7\u00c3O DA MATA ATL\u00c2NTICA, E DA OUTRAS PROVID\u00caNCIAS."}, {"id": "971", "ano": "2014", "numero": "131", "tipo__sigla": "PLO", "tipo__descricao": "Projeto de Lei Ordin\u00e1ria", "autoria": "Ant\u00f4nio Lidiney Gobbi", "texto_original": "http://sapl.marechalfloriano.es.leg.br/media/./sapl/public/materialegislativa/2014/971/971_texto_integral.pdf", "ementa": "ALTERA A LEI MUNICIPAL N\u00b0 1.426, DE 14 DE ABRIL DE 2014."}, {"id": "972", "ano": "2014", "numero": "132", "tipo__sigla": "PLO", "tipo__descricao": "Projeto de Lei Ordin\u00e1ria", "autoria": "Cezinha Ronchi", "texto_original": "http://sapl.marechalfloriano.es.leg.br/media/./sapl/public/materialegislativa/2014/972/972_texto_integral.pdf", "ementa": "DISP\u00d5E SOBRE PENALIDADES A TODA E QUALQUER PRATICA DE VIOL\u00caNCIA CONTRA ANIMAIS DOM\u00c9STICOS E DA OUTRAS PROVID\u00caNCIAS. "}, {"id": "8470", "ano": "2014", "numero": "133", "tipo__sigla": "PLO", "tipo__descricao": "Projeto de Lei Ordin\u00e1ria", "autoria": "Cezinha Ronchi", "texto_original": "http://sapl.marechalfloriano.es.leg.br/media/sapl/public/materialegislativa/2014/8470/133-2014.pdf", "ementa": "CRIA O FUNDO MUNICIPAL DE PROTE\u00c7\u00c3O E BEM-ESTAR DO ANIMAL DOM\u00c9STICOS E D\u00c1 OUTRAS PROVID\u00caNCIAS."}, {"id": "973", "ano": "2014", "numero": "134", "tipo__sigla": "PLO", "tipo__descricao": "Projeto de Lei Ordin\u00e1ria", "autoria": "Cezinha Ronchi, D\u00f3rio Braun (Suplente)", "texto_original": "http://sapl.marechalfloriano.es.leg.br/media/./sapl/public/materialegislativa/2014/973/973_texto_integral.pdf", "ementa": "ALTERA A LEI MUNICIPAL N\u00b0 1.352, DE 11 DE OUTUBRO DE 2013."}, {"id": "974", "ano": "2014", "numero": "135", "tipo__sigla": "PLO", "tipo__descricao": "Projeto de Lei Ordin\u00e1ria", "autoria": "Cabral", "texto_original": "http://sapl.marechalfloriano.es.leg.br/media/./sapl/public/materialegislativa/2014/974/974_texto_integral.pdf", "ementa": "DISCIPLINA O FUNCIONAMENTO DE FERIAS E EVENTOS COMERCIAIS, DE CAR\u00c1TER ITINERANTE E TEMPOR\u00c1RIO NO MUNIC\u00cdPIO E D\u00c1 OUTRAS PROVID\u00caNCIAS.   "}, {"id": "975", "ano": "2014", "numero": "136", "tipo__sigla": "PLO", "tipo__descricao": "Projeto de Lei Ordin\u00e1ria", "autoria": "Alcino Diniz", "texto_original": "http://sapl.marechalfloriano.es.leg.br/media/./sapl/public/materialegislativa/2014/975/975_texto_integral.pdf", "ementa": "CRIA O PROGRAMA PR\u00d3-JARDIM - PROGRAMA DE CUIDADOS COM VIVEIROS, PARQUES, PRA\u00c7AS E JARDINS E DEMAIS LOGRADOUROS P\u00daBLICOS REALIZADO POR ADOLESCENTES RESIDENTES NO MUNIC\u00cdPIO DE MARECHAL FLORIANO E D\u00c1 OUTRAS PROVIDENCIAS. "}, {"id": "976", "ano": "2014", "numero": "137", "tipo__sigla": "PLO", "tipo__descricao": "Projeto de Lei Ordin\u00e1ria", "autoria": "Ant\u00f4nio Lidiney Gobbi", "texto_original": "http://sapl.marechalfloriano.es.leg.br/media/./sapl/public/materialegislativa/2014/976/976_texto_integral.pdf", "ementa": "ALTERA A LEI COMPLEMENTAR MUNICIPAL N\u00b0488, DE 23 DE DEZEMBRO DE 2003."}, {"id": "977", "ano": "2014", "numero": "138", "tipo__sigla": "PLO", "tipo__descricao": "Projeto de Lei Ordin\u00e1ria", "autoria": "Ant\u00f4nio Lidiney Gobbi", "texto_original": "http://sapl.marechalfloriano.es.leg.br/media/./sapl/public/materialegislativa/2014/977/977_texto_integral.pdf", "ementa": "DISP\u00d5E SOBRE A DESTINA\u00c7\u00c3O PARA AS \u00c1REAS DE EDUCA\u00c7\u00c3O E SA\u00daDE DE PARCELA DA PARTICIPA\u00c7\u00c3O NO RESULTADO OU DA COMPENSA\u00c7\u00c3O FINANCEIRA PELA EXPLORA\u00c7\u00c3O DE PETR\u00d3LEO E G\u00c1S NATURAL, COM A FINALIDADE DE CUMPRIMENTO DA META PREVISTA NO INCISO VI DO CAPUT DO ART. 214 E NO ART. 196 DA CONSTITUI\u00c7\u00c3O FEDERAL; LEI N\u00b0 7.990, DE 28 DE DEZEMBRO DE 1989 E LEI N\u00b0 12.858 DE SETEMBRO DE 2013.   "}, {"id": "978", "ano": "2014", "numero": "139", "tipo__sigla": "PLO", "tipo__descricao": "Projeto de Lei Ordin\u00e1ria", "autoria": "Ant\u00f4nio Lidiney Gobbi", "texto_original": "http://sapl.marechalfloriano.es.leg.br/media/./sapl/public/materialegislativa/2014/978/978_texto_integral.pdf", "ementa": "AUTORIZA O PODER EXECUTIVO MUNICIPAL A REALIZAR CONTRATA\u00c7\u00c3O TEMPOR\u00c1RIA DE NUTRICIONISTA E FARMACEUTICO PARA ATENDER NECESSIDADE DA SECRETARIA MUNICIPAL DE SA\u00daDE.  "}, {"id": "979", "ano": "2014", "numero": "140", "tipo__sigla": "PLO", "tipo__descricao": "Projeto de Lei Ordin\u00e1ria", "autoria": "Ant\u00f4nio Lidiney Gobbi", "texto_original": "http://sapl.marechalfloriano.es.leg.br/media/./sapl/public/materialegislativa/2014/979/979_texto_integral.pdf", "ementa": "AUTORIZA O PODER EXECUTIVO MUNICIPAL A REALIZAR CONTRATA\u00c7\u00c3O TEMPOR\u00c1RIA DE PESSOAL PARA ATENDER A SECRETARIA MUNICIPAL DE ASSIST\u00caNCIA SOCIAL E DIREITOS HUMANOS.  "}, {"id": "980", "ano": "2014", "numero": "141", "tipo__sigla": "PLO", "tipo__descricao": "Projeto de Lei Ordin\u00e1ria", "autoria": "Alcino Diniz", "texto_original": "http://sapl.marechalfloriano.es.leg.br/media/./sapl/public/materialegislativa/2014/980/980_texto_integral.pdf", "ementa": "ESTABELECE QUE SEJA AFIXADO INFORMATIVO NOS \u00d3RG\u00c3OS P\u00daBLICOS, COM INTUITO DE INFORMAR A POPULA\u00c7\u00c3O SOBRE OS SEUS DIREITOS E INIBIR O MAU ATENDIMENTO DE SERVIDORES P\u00daBLICOS.  "}, {"id": "981", "ano": "2014", "numero": "142", "tipo__sigla": "PLO", "tipo__descricao": "Projeto de Lei Ordin\u00e1ria", "autoria": "Alcino Diniz", "texto_original": "http://sapl.marechalfloriano.es.leg.br/media/./sapl/public/materialegislativa/2014/981/981_texto_integral.pdf", "ementa": "INSTITUI O DIA MUNICIPAL DE PREVEN\u00c7\u00c3O E CONSCIENTIZA\u00c7\u00c3O DA S\u00cdNDROME ALCO\u00d3LICA FETAL - SAF A SER COMEMORADO ANUALMENTE NO DIA 9 DE  SETEMBRO.   "}, {"id": "982", "ano": "2014", "numero": "143", "tipo__sigla": "PLO", "tipo__descricao": "Projeto de Lei Ordin\u00e1ria", "autoria": "Cezinha Ronchi", "texto_original": "http://sapl.marechalfloriano.es.leg.br/media/./sapl/public/materialegislativa/2014/982/982_texto_integral.pdf", "ementa": "DISP\u00d5E SOBRE A CRIA\u00c7\u00c3O DA CARTILHA O LEGISLATIVO FLORIANENSE E DA OUTRAS PROVIDENCIAS."}, {"id": "983", "ano": "2014", "numero": "144", "tipo__sigla": "PLO", "tipo__descricao": "Projeto de Lei Ordin\u00e1ria", "autoria": "Cezinha Ronchi", "texto_original": "http://sapl.marechalfloriano.es.leg.br/media/./sapl/public/materialegislativa/2014/983/983_texto_integral.pdf", "ementa": "AUTORIZA A CESS\u00c3O DO USO DO IM\u00d3VEL DE PROPRIEDADE DO MUNIC\u00cdPIO DE MARECHAL FLORIANO A INSTITUI\u00c7\u00d5ES DE ENSINO QUE ESPEC\u00cdFICA E DA OUTRA PROVIDENCIAS."}, {"id": "984", "ano": "2014", "numero": "145", "tipo__sigla": "PLO", "tipo__descricao": "Projeto de Lei Ordin\u00e1ria", "autoria": "Cezinha Ronchi", "texto_original": "http://sapl.marechalfloriano.es.leg.br/media/./sapl/public/materialegislativa/2014/984/984_texto_integral.pdf", "ementa": "DENOMINA DE VEREADOR AMADOR ENDLICH O CENTRO DE VIV\u00caNCIA DO IDOSO, EM MARECHAL FLORIANO-ES. "}, {"id": "985", "ano": "2014", "numero": "146", "tipo__sigla": "PLO", "tipo__descricao": "Projeto de Lei Ordin\u00e1ria", "autoria": "Ant\u00f4nio Lidiney Gobbi", "texto_original": "http://sapl.marechalfloriano.es.leg.br/media/./sapl/public/materialegislativa/2014/985/985_texto_integral.pdf", "ementa": "AUTORIZA ABERTURA DE CR\u00c9DITO ADICIONAL SUPLEMENTAR E D\u00c1 OUTRAS PROVID\u00caNCIAS."}, {"id": "986", "ano": "2014", "numero": "147", "tipo__sigla": "PLO", "tipo__descricao": "Projeto de Lei Ordin\u00e1ria", "autoria": "Ant\u00f4nio Lidiney Gobbi", "texto_original": "http://sapl.marechalfloriano.es.leg.br/media/./sapl/public/materialegislativa/2014/986/986_texto_integral.pdf", "ementa": "AUTORIZA A ABERTURA DE CR\u00c9DITO ADICIONAL SUPLEMENTAR AO OR\u00c7AMENTO VIGENTE DO MUNIC\u00cdPIO DE MARECHAL FLORIANO - ES."}, {"id": "987", "ano": "2014", "numero": "148", "tipo__sigla": "PLO", "tipo__descricao": "Projeto de Lei Ordin\u00e1ria", "autoria": "Ant\u00f4nio Lidiney Gobbi", "texto_original": "http://sapl.marechalfloriano.es.leg.br/media/./sapl/public/materialegislativa/2014/987/987_texto_integral.pdf", "ementa": "AUTORIZA A ABERTURA DE CR\u00c9DITO ADICIONAL SUPLEMENTAR AO OR\u00c7AMENTO VIGENTE DO MUNIC\u00cdPIO DE MARECHAL FLORIANO -ES."}, {"id": "988", "ano": "2014", "numero": "149", "tipo__sigla": "PLO", "tipo__descricao": "Projeto de Lei Ordin\u00e1ria", "autoria": "Ant\u00f4nio Lidiney Gobbi", "texto_original": "http://sapl.marechalfloriano.es.leg.br/media/./sapl/public/materialegislativa/2014/988/988_texto_integral.pdf", "ementa": "DISP\u00d5E SOBRE A AUTORIZA\u00c7\u00c3O DE APOIO \u00c0 ACIASMAF NA CAMPANHA DE NATAL."}, {"id": "989", "ano": "2014", "numero": "150", "tipo__sigla": "PLO", "tipo__descricao": "Projeto de Lei Ordin\u00e1ria", "autoria": "Ant\u00f4nio Lidiney Gobbi", "texto_original": "http://sapl.marechalfloriano.es.leg.br/media/./sapl/public/materialegislativa/2014/989/989_texto_integral.pdf", "ementa": "ESTIMA AS RECEITAS E FIXA AS DESPESAS DO OR\u00c7AMENTO FISCAL DO MUNIC\u00cdPIO DE MARECHAL FLORIANO PARA O EXERC\u00cdCIO DE 2015."}, {"id": "990", "ano": "2014", "numero": "151", "tipo__sigla": "PLO", "tipo__descricao": "Projeto de Lei Ordin\u00e1ria", "autoria": "Ant\u00f4nio Lidiney Gobbi", "texto_original": "http://sapl.marechalfloriano.es.leg.br/media/sapl/public/materialegislativa/2014/990/151-2014.pdf", "ementa": "DISP\u00d5E SOBRE ALTERA\u00c7\u00c3O DE ANEXO DE METAS FISCAIS DA LEI DE DIRETRIZES OR\u00c7AMENTARIA PARA O EXERC\u00cdCIO FINANCEIRO DE 2015."}, {"id": "991", "ano": "2014", "numero": "152", "tipo__sigla": "PLO", "tipo__descricao": "Projeto de Lei Ordin\u00e1ria", "autoria": "Cezinha Ronchi", "texto_original": "http://sapl.marechalfloriano.es.leg.br/media/./sapl/public/materialegislativa/2014/991/991_texto_integral.pdf", "ementa": "INSTITUI NO MUNIC\u00cdPIO DE MARECHAL FLORIANO A SEMANA MUNICIPAL DA CRIAN\u00c7A, E DA OUTRAS PROVIDENCIAS."}, {"id": "8447", "ano": "2014", "numero": "153", "tipo__sigla": "PLO", "tipo__descricao": "Projeto de Lei Ordin\u00e1ria", "autoria": "Cezinha Ronchi", "texto_original": "http://sapl.marechalfloriano.es.leg.br/media/sapl/public/materialegislativa/2014/8447/153-2014.pdf", "ementa": "\"INSTITUI A OUVIDORIA DA C\u00c2MARA MUNICIPAL DE MARECHAL FLORIANO\"."}, {"id": "992", "ano": "2014", "numero": "154", "tipo__sigla": "PLO", "tipo__descricao": "Projeto de Lei Ordin\u00e1ria", "autoria": "Cabral, Cezinha Ronchi", "texto_original": "http://sapl.marechalfloriano.es.leg.br/media/./sapl/public/materialegislativa/2014/992/992_texto_integral.pdf", "ementa": "DENOMINA DE ESTRADA MUNICIPAL VEREADOR PAULO ROBERTO RAASCH."}, {"id": "993", "ano": "2014", "numero": "156", "tipo__sigla": "PLO", "tipo__descricao": "Projeto de Lei Ordin\u00e1ria", "autoria": "Cabral", "texto_original": "http://sapl.marechalfloriano.es.leg.br/media/./sapl/public/materialegislativa/2014/993/993_texto_integral.pdf", "ementa": "DISP\u00d5E SOBRE A OBRIGATORIEDADE DE CONTRATA\u00c7\u00c3O DE ADOLESCENTES E JOVENS, ATENDIDOS EM MEDIDAS S\u00d3CIO-EDUCATIVAS PELAS EMPRESAS CONTRATAS PELOS \u00d3RG\u00c3OS DA ADMINISTRA\u00c7\u00c3O PUBLICA MUNICIPAL DIRETA E INDIRETA E D\u00c1 OUTRAS PROVID\u00caNCIAS."}, {"id": "994", "ano": "2014", "numero": "157", "tipo__sigla": "PLO", "tipo__descricao": "Projeto de Lei Ordin\u00e1ria", "autoria": "Alcino Diniz", "texto_original": "http://sapl.marechalfloriano.es.leg.br/media/./sapl/public/materialegislativa/2014/994/994_texto_integral.pdf", "ementa": "INSTITUI NA REDE MUNICIPAL DE MARECHAL FLORIANO O PROGRAMA DE VALORIZA\u00c7\u00c3O DO PROFISSIONAL NA EDUCA\u00c7\u00c3O PROFESSOR DO ANO E FIXA OUTRAS PROVIDENCIAS. "}, {"id": "995", "ano": "2014", "numero": "158", "tipo__sigla": "PLO", "tipo__descricao": "Projeto de Lei Ordin\u00e1ria", "autoria": "Cezinha Ronchi", "texto_original": "http://sapl.marechalfloriano.es.leg.br/media/./sapl/public/materialegislativa/2014/995/995_texto_integral.pdf", "ementa": "INSTITUI A COMENDA LUCIN\u00c9IA GUIMAR\u00c3ES, ESTABELECE NORMAS PARA A SUA CONCESS\u00c3O E DA OUTRAS PROVID\u00caNCIAS.  "}, {"id": "996", "ano": "2014", "numero": "159", "tipo__sigla": "PLO", "tipo__descricao": "Projeto de Lei Ordin\u00e1ria", "autoria": "Cezinha Ronchi", "texto_original": "http://sapl.marechalfloriano.es.leg.br/media/./sapl/public/materialegislativa/2014/996/996_texto_integral.pdf", "ementa": "INSTITUI A COMENDA PRESIDENTE DA REP\u00daBLICA NILO PE\u00c7ANHA, ESTABELECE NORMAS PARA A SUA CONCESS\u00c3O E DA OUTRAS PROVIDENCIAS.  "}, {"id": "997", "ano": "2014", "numero": "160", "tipo__sigla": "PLO", "tipo__descricao": "Projeto de Lei Ordin\u00e1ria", "autoria": "Cezinha Ronchi", "texto_original": "http://sapl.marechalfloriano.es.leg.br/media/", "ementa": "INSTITUI A SEMANA DE CONSCIENTIZA\u00c7\u00c3O, PREVEN\u00c7\u00c3O  E COMBATE \u00c0 VERMINOSE NO MUNIC\u00cdPIO DE MARECHAL FLORIANO E D\u00c1 OUTRAS PROVID\u00caNCIAS."}, {"id": "998", "ano": "2014", "numero": "161", "tipo__sigla": "PLO", "tipo__descricao": "Projeto de Lei Ordin\u00e1ria", "autoria": "Cezinha Ronchi, Dod\u00f4 Krohling", "texto_original": "http://sapl.marechalfloriano.es.leg.br/media/./sapl/public/materialegislativa/2014/998/998_texto_integral.pdf", "ementa": "DENOMINA DE GIN\u00c1SIO MUNICIPAL AGUINALDO GOBBI, EM MARECHAL FLORIANO-ES. "}, {"id": "999", "ano": "2014", "numero": "162", "tipo__sigla": "PLO", "tipo__descricao": "Projeto de Lei Ordin\u00e1ria", "autoria": "Cabral, Cezinha Ronchi, Dod\u00f4 Krohling", "texto_original": "http://sapl.marechalfloriano.es.leg.br/media/./sapl/public/materialegislativa/2014/999/999_texto_integral.pdf", "ementa": "DISP\u00d5E SOBRE A CONCESS\u00c3O DE COMENDAS E T\u00cdTULOS DE CIDAD\u00c3O FLORIANENSE E HORA AO M\u00c9RITO.  "}, {"id": "1000", "ano": "2014", "numero": "163", "tipo__sigla": "PLO", "tipo__descricao": "Projeto de Lei Ordin\u00e1ria", "autoria": "Ant\u00f4nio Lidiney Gobbi", "texto_original": "http://sapl.marechalfloriano.es.leg.br/media/./sapl/public/materialegislativa/2014/1000/1000_texto_integral.pdf", "ementa": "DEFINE NORMAS PARA A ORGANIZA\u00c7\u00c3O DA ESTRAT\u00c9GIA SA\u00daDE DA FAM\u00cdLIA NO MUNIC\u00cdPIO DE MARECHAL FLORIANO/ES.  "}, {"id": "1001", "ano": "2014", "numero": "164", "tipo__sigla": "PLO", "tipo__descricao": "Projeto de Lei Ordin\u00e1ria", "autoria": "Ant\u00f4nio Lidiney Gobbi", "texto_original": "http://sapl.marechalfloriano.es.leg.br/media/./sapl/public/materialegislativa/2014/1001/1001_texto_integral.pdf", "ementa": "CRIA O ATENDIMENTO M\u00c9DICO ESPECIALIZADO E D\u00c1 NOVAS PROVID\u00caNCIAS."}, {"id": "1002", "ano": "2014", "numero": "165", "tipo__sigla": "PLO", "tipo__descricao": "Projeto de Lei Ordin\u00e1ria", "autoria": "Ant\u00f4nio Lidiney Gobbi", "texto_original": "http://sapl.marechalfloriano.es.leg.br/media/./sapl/public/materialegislativa/2014/1002/1002_texto_integral.pdf", "ementa": "AUTORIZA\u00c7\u00c3O PARA PATROC\u00cdNIO DA 21\u00aa FESTA DO CAF\u00c9 E 11\u00b0CONCURSO DE QUALIDADE DO CAF\u00c9 DO MUNIC\u00cdPIO DE MARECHAL FLORIANO/ES. "}, {"id": "1003", "ano": "2014", "numero": "166", "tipo__sigla": "PLO", "tipo__descricao": "Projeto de Lei Ordin\u00e1ria", "autoria": "Cezinha Ronchi", "texto_original": "http://sapl.marechalfloriano.es.leg.br/media/./sapl/public/materialegislativa/2014/1003/1003_texto_integral.pdf", "ementa": "INSTITUI A POL\u00cdTICA MUNICIPAL DE CONSCIENTIZA\u00c7\u00c3O E ESTIMULO \u00c0 INGEST\u00c3O DE ALIMENTOS ORG\u00c2NICOS E SEUS BENEF\u00cdCIOS.   "}, {"id": "1004", "ano": "2014", "numero": "167", "tipo__sigla": "PLO", "tipo__descricao": "Projeto de Lei Ordin\u00e1ria", "autoria": "Cezinha Ronchi", "texto_original": "http://sapl.marechalfloriano.es.leg.br/media/./sapl/public/materialegislativa/2014/1004/1004_texto_integral.pdf", "ementa": "INSTITUI A POL\u00cdTICA MUNICIPAL DE CONSCIENTIZA\u00c7\u00c3O, ORIENTA\u00c7\u00c3O E PREVEN\u00c7\u00c3O DO ALCOOLISMO, E DA OUTRAS PROVIDENCIAS. "}, {"id": "1005", "ano": "2014", "numero": "168", "tipo__sigla": "PLO", "tipo__descricao": "Projeto de Lei Ordin\u00e1ria", "autoria": "Alcino Diniz", "texto_original": "http://sapl.marechalfloriano.es.leg.br/media/./sapl/public/materialegislativa/2014/1005/1005_texto_integral.pdf", "ementa": "CRIA O PROJETO TEATRO NA ESCOLA NA REDE PUBLICA DE ENSINO DO MUNIC\u00cdPIO DE MARECHAL FLORIANO. "}, {"id": "1006", "ano": "2014", "numero": "169", "tipo__sigla": "PLO", "tipo__descricao": "Projeto de Lei Ordin\u00e1ria", "autoria": "Juarez Xavier", "texto_original": "http://sapl.marechalfloriano.es.leg.br/media/./sapl/public/materialegislativa/2014/1006/1006_texto_integral.pdf", "ementa": "DISCIPLINA A UTILIZA\u00c7\u00c3O DE FOGOS DE ARTIF\u00cdCIOS EM LOCAIS P\u00daBLICOS E SUA  VENDA A MENORES NO MUNIC\u00cdPIO DE MARECHAL FLORIANO, E DA OUTRAS PROVIDENCIAS."}, {"id": "1007", "ano": "2014", "numero": "170", "tipo__sigla": "PLO", "tipo__descricao": "Projeto de Lei Ordin\u00e1ria", "autoria": "Renato Werneck", "texto_original": "http://sapl.marechalfloriano.es.leg.br/media/./sapl/public/materialegislativa/2014/1007/1007_texto_integral.pdf", "ementa": "ESTABELECE A \u00c1REA ESCOLAR DE SEGURAN\u00c7A COMO ESPA\u00c7O DE PRIORIDADE ESPECIAL DO PODER P\u00daBLICO MUNICIPAL."}, {"id": "1008", "ano": "2014", "numero": "171", "tipo__sigla": "PLO", "tipo__descricao": "Projeto de Lei Ordin\u00e1ria", "autoria": "Cabral", "texto_original": "http://sapl.marechalfloriano.es.leg.br/media/./sapl/public/materialegislativa/2014/1008/1008_texto_integral.pdf", "ementa": "DENOMINA DE DIRETOR S\u00cdLVIO ROG\u00c9RIO LEMCKE, O ESPA\u00c7O CIDAD\u00c3O DA C\u00c2MARA MUNICIPAL DE MARECHAL FLORIANO-ES. "}, {"id": "1009", "ano": "2014", "numero": "172", "tipo__sigla": "PLO", "tipo__descricao": "Projeto de Lei Ordin\u00e1ria", "autoria": "Cezinha Ronchi", "texto_original": "http://sapl.marechalfloriano.es.leg.br/media/./sapl/public/materialegislativa/2014/1009/1009_texto_integral.pdf", "ementa": "DISP\u00d5E SOBRE A CRIA\u00c7\u00c3O DO PROGRAMA PRIMEIROS IMIGRANTES DE MARECHAL FLORIANO E D\u00c1 OUTRAS PROVIDENCIAS."}, {"id": "1010", "ano": "2014", "numero": "173", "tipo__sigla": "PLO", "tipo__descricao": "Projeto de Lei Ordin\u00e1ria", "autoria": "Cezinha Ronchi", "texto_original": "http://sapl.marechalfloriano.es.leg.br/media/./sapl/public/materialegislativa/2014/1010/1010_texto_integral.pdf", "ementa": "DENOMINA DE VEREADOR PAULO ROBERTO RAASCH, O ESPA\u00c7O CULTURAL DA C\u00c2MARA MUNICIPAL"}, {"id": "1011", "ano": "2014", "numero": "174", "tipo__sigla": "PLO", "tipo__descricao": "Projeto de Lei Ordin\u00e1ria", "autoria": "Cezinha Ronchi", "texto_original": "http://sapl.marechalfloriano.es.leg.br/media/./sapl/public/materialegislativa/2014/1011/1011_texto_integral.pdf", "ementa": "INSTITUI O PROGRAMA ESCOLA LEGISLATIVA CIDAD\u00c3 REGULAMENTA A CESS\u00c3O PARA FINS EDUCACIONAIS E D\u00c1 OUTRAS DISPOSI\u00c7\u00d5ES."}, {"id": "1013", "ano": "2014", "numero": "176", "tipo__sigla": "PLO", "tipo__descricao": "Projeto de Lei Ordin\u00e1ria", "autoria": "Cabral", "texto_original": "http://sapl.marechalfloriano.es.leg.br/media/./sapl/public/materialegislativa/2014/1013/1013_texto_integral.pdf", "ementa": "DENOMINA DE CASA DO MEL EDMUNDO LITTIG, EM BOA ESPERAN\u00c7A-MARECHAL FLORIANO."}, {"id": "1014", "ano": "2014", "numero": "177", "tipo__sigla": "PLO", "tipo__descricao": "Projeto de Lei Ordin\u00e1ria", "autoria": "Juarez Xavier", "texto_original": "http://sapl.marechalfloriano.es.leg.br/media/./sapl/public/materialegislativa/2014/1014/1014_texto_integral.pdf", "ementa": "DENOMINA DE RUA FRANCISCO ENTRINGER, EM MARECHAL FLORIANO."}, {"id": "1015", "ano": "2014", "numero": "178", "tipo__sigla": "PLO", "tipo__descricao": "Projeto de Lei Ordin\u00e1ria", "autoria": "Cezinha Ronchi", "texto_original": "http://sapl.marechalfloriano.es.leg.br/media/./sapl/public/materialegislativa/2014/1015/1015_texto_integral.pdf", "ementa": "CRIA O PROGRAMA USO RACIONAL DA \u00c1GUA NO MUNIC\u00cdPIO DE MARECHAL FLORIANO E D\u00c1 OUTRAS PROVIDENCIAS. "}, {"id": "1016", "ano": "2014", "numero": "179", "tipo__sigla": "PLO", "tipo__descricao": "Projeto de Lei Ordin\u00e1ria", "autoria": "Ant\u00f4nio Lidiney Gobbi", "texto_original": "http://sapl.marechalfloriano.es.leg.br/media/./sapl/public/materialegislativa/2014/1016/1016_texto_integral.pdf", "ementa": "AUTORIZA O MUNIC\u00cdPIO DE MARECHAL FLORIANO A ADQUIRIR \u00c1REA PARA AMPLIA\u00c7\u00c3O DA CRECHE FLOMIRO   ENDLICH CANAL NETO."}, {"id": "1017", "ano": "2014", "numero": "180", "tipo__sigla": "PLO", "tipo__descricao": "Projeto de Lei Ordin\u00e1ria", "autoria": "Cezinha Ronchi", "texto_original": "http://sapl.marechalfloriano.es.leg.br/media/./sapl/public/materialegislativa/2014/1017/1017_texto_integral.pdf", "ementa": "PRO\u00cdBE A UTILIZA\u00c7\u00c3O DOS RECURSOS H\u00cdDRICOS PARA A VARRI\u00c7\u00c3O HIDR\u00c1ULICA EM PASSEIOS, CAL\u00c7ADAS E SARJETAS NAS COMUNIDADES ONDE TEM O SISTEMA DE TRATAMENTO DE \u00c1GUA. "}, {"id": "1018", "ano": "2014", "numero": "181", "tipo__sigla": "PLO", "tipo__descricao": "Projeto de Lei Ordin\u00e1ria", "autoria": "MESA DIRETORA 2013/2014", "texto_original": "http://sapl.marechalfloriano.es.leg.br/media/./sapl/public/materialegislativa/2014/1018/1018_texto_integral.pdf", "ementa": "AUTORIZA O PODER LEGISLATIVO MUNICIPAL A CONCEDER ABONO PECUNI\u00c1RIO AOS SERVIDORES."}, {"id": "1019", "ano": "2014", "numero": "182", "tipo__sigla": "PLO", "tipo__descricao": "Projeto de Lei Ordin\u00e1ria", "autoria": "Coquinho", "texto_original": "http://sapl.marechalfloriano.es.leg.br/media/./sapl/public/materialegislativa/2014/1019/1019_texto_integral.pdf", "ementa": "DISP\u00d5E SOBRE MEDIDAS PERMANENTES DE PREVEN\u00c7\u00c3O CONTRA DENGUE, E DA OUTRAS PROVIDENCIAS. "}, {"id": "1020", "ano": "2014", "numero": "183", "tipo__sigla": "PLO", "tipo__descricao": "Projeto de Lei Ordin\u00e1ria", "autoria": "Cezinha Ronchi", "texto_original": "http://sapl.marechalfloriano.es.leg.br/media/./sapl/public/materialegislativa/2014/1020/1020_texto_integral.pdf", "ementa": "DENOMINA DE ESTRADA MUNICIPAL JOS\u00c9 AURELIANO SIMON, EM VICTOR HUGO, MARECHAL FLORIANO."}, {"id": "1021", "ano": "2014", "numero": "184", "tipo__sigla": "PLO", "tipo__descricao": "Projeto de Lei Ordin\u00e1ria", "autoria": "Coquinho", "texto_original": "http://sapl.marechalfloriano.es.leg.br/media/./sapl/public/materialegislativa/2014/1021/1021_texto_integral.pdf", "ementa": "DISP\u00d5E SOBRE A EXPOSI\u00c7\u00c3O DE CARROS ANTIGOS, NO MUNIC\u00cdPIO DE MARECHAL FLORIANO E DA OUTRAS PROVIDENCIAS.  "}, {"id": "1022", "ano": "2014", "numero": "185", "tipo__sigla": "PLO", "tipo__descricao": "Projeto de Lei Ordin\u00e1ria", "autoria": "Ant\u00f4nio Lidiney Gobbi", "texto_original": "http://sapl.marechalfloriano.es.leg.br/media/./sapl/public/materialegislativa/2014/1022/1022_texto_integral.pdf", "ementa": "INSTITUI E REGULAMENTA A AQUISI\u00c7\u00c3O DE PASSAGENS PARA ANDARILHOS E MORADORES DE RUA."}, {"id": "1023", "ano": "2014", "numero": "186", "tipo__sigla": "PLO", "tipo__descricao": "Projeto de Lei Ordin\u00e1ria", "autoria": "Ant\u00f4nio Lidiney Gobbi", "texto_original": "http://sapl.marechalfloriano.es.leg.br/media/./sapl/public/materialegislativa/2014/1023/1023_texto_integral.pdf", "ementa": "ISENTA O PAGAMENTO DE IPTU E TAXAS PARA PESSOAS IDOSAS."}, {"id": "1024", "ano": "2014", "numero": "187", "tipo__sigla": "PLO", "tipo__descricao": "Projeto de Lei Ordin\u00e1ria", "autoria": "Ant\u00f4nio Lidiney Gobbi", "texto_original": "http://sapl.marechalfloriano.es.leg.br/media/./sapl/public/materialegislativa/2014/1024/1024_texto_integral.pdf", "ementa": "AUTORIZA O PODER EXECUTIVO MUNICIPAL A CELEBRAR CONV\u00caNIOS COM OS CONSELHOS DE ESCOLA PARA REPASSE DOS RECURSOS FINANCEIROS DO PMDDE - PROGRAMA MUNICIPAL DINHEIRO DIRETO NA ESCOLA. "}, {"id": "4", "ano": "2014", "numero": "188", "tipo__sigla": "PLO", "tipo__descricao": "Projeto de Lei Ordin\u00e1ria", "autoria": "Cabral", "texto_original": "http://sapl.marechalfloriano.es.leg.br/media/./sapl/public/materialegislativa/2014/4/4_texto_integral.pdf", "ementa": "&#8220;INSTITUI PLANO MUNICIPAL DE VACINA\u00c7\u00c3O CONTRA A GRIPE PARA DOADORES DE SANGUE E DISP\u00d5E SOBRE A ADMINISTRA\u00c7\u00c3O DA VACINA NA CIDADE DE MARECHAL FLORIANO, E D\u00c1 OUTRAS PROVID\u00caNCIAS."}, {"id": "1025", "ano": "2014", "numero": "189", "tipo__sigla": "PLO", "tipo__descricao": "Projeto de Lei Ordin\u00e1ria", "autoria": "Cabral", "texto_original": "http://sapl.marechalfloriano.es.leg.br/media/./sapl/public/materialegislativa/2014/1025/1025_texto_integral.pdf", "ementa": "DISP\u00d5E SOBRE O ATENDIMENTO \u00c0S FAM\u00cdLIAS DE CRIAN\u00c7AS COM DOEN\u00c7AS OU DEFICI\u00caNCIA CRONICAS E DA OUTRA PROVID\u00caNCIAS.  "}, {"id": "1026", "ano": "2014", "numero": "190", "tipo__sigla": "PLO", "tipo__descricao": "Projeto de Lei Ordin\u00e1ria", "autoria": "Cabral", "texto_original": "http://sapl.marechalfloriano.es.leg.br/media/./sapl/public/materialegislativa/2014/1026/1026_texto_integral.pdf", "ementa": "DISP\u00d5E SOBRE IMPLANTA\u00c7\u00c3O DE COLETA DE LIXO ELETR\u00d4NICO DE PEQUENO PORTE EM TODAS AS ESCOLAS PUBLICAS E PARTICULARES DESTE MUNIC\u00cdPIO, E D\u00c1 OUTRAS PROVIDENCIAS."}, {"id": "1027", "ano": "2014", "numero": "191", "tipo__sigla": "PLO", "tipo__descricao": "Projeto de Lei Ordin\u00e1ria", "autoria": "Cezinha Ronchi", "texto_original": "http://sapl.marechalfloriano.es.leg.br/media/./sapl/public/materialegislativa/2014/1027/1027_texto_integral.pdf", "ementa": "DENOMINA DE CASA LEGISLATIVA PRESIDENTE MUNICIPAL PHILIPP ENDLICH, AS DEPEND\u00caNCIAS DO PODER LEGISLATIVO DO MUNIC\u00cdPIO DE MARECHAL FLORIANO-ES. "}, {"id": "1028", "ano": "2014", "numero": "192", "tipo__sigla": "PLO", "tipo__descricao": "Projeto de Lei Ordin\u00e1ria", "autoria": "Cezinha Ronchi", "texto_original": "http://sapl.marechalfloriano.es.leg.br/media/./sapl/public/materialegislativa/2014/1028/1028_texto_integral.pdf", "ementa": "DENOMINA  DE IRENE AUGUSTA RONCHI FERREIRA, AS FUTURAS INSTALA\u00c7\u00d5ES DA UNIDADE B\u00c1SICA DE SA\u00daDE DO DISTRITO DE ARAGUAIA, NESTE MUNIC\u00cdPIO.\r\n  "}, {"id": "1029", "ano": "2014", "numero": "193", "tipo__sigla": "PLO", "tipo__descricao": "Projeto de Lei Ordin\u00e1ria", "autoria": "Cezinha Ronchi", "texto_original": "http://sapl.marechalfloriano.es.leg.br/media/./sapl/public/materialegislativa/2014/1029/1029_texto_integral.pdf", "ementa": "ALTERA A LEI MUNICIPAL N\u00b0 686, DE 25 DE ABRIL DE 2007, QUE DENOMINA DE JOS\u00c9 CALVI A RUA PROJETADA EM ARAGUAIA."}, {"id": "1030", "ano": "2014", "numero": "194", "tipo__sigla": "PLO", "tipo__descricao": "Projeto de Lei Ordin\u00e1ria", "autoria": "Cezinha Ronchi", "texto_original": "http://sapl.marechalfloriano.es.leg.br/media/./sapl/public/materialegislativa/2014/1030/1030_texto_integral.pdf", "ementa": "DENOMINA DE DEPUTADO ESTADUAL ARGEU REGINALDO LORENZONI, O MEMORIAL POL\u00cdTICO CIDAD\u00c3O ARAGUAIENSE, NO DISTRITO DE ARAGUAIA, NESTE MUNIC\u00cdPIO. "}, {"id": "1477", "ano": "2014", "numero": "1", "tipo__sigla": "PRE", "tipo__descricao": "Projeto de Resolu\u00e7\u00e3o", "autoria": "", "texto_original": "http://sapl.marechalfloriano.es.leg.br/media/./sapl/public/materialegislativa/2014/1477/1477_texto_integral.pdf", "ementa": "AUTORIZA A DEVOLU\u00c7\u00c3O DE RECURSOS FINANCEIROS AO PODER EXECUTIVO MUNICIPAL."}, {"id": "1476", "ano": "2014", "numero": "2", "tipo__sigla": "PRE", "tipo__descricao": "Projeto de Resolu\u00e7\u00e3o", "autoria": "", "texto_original": "http://sapl.marechalfloriano.es.leg.br/media/./sapl/public/materialegislativa/2014/1476/1476_texto_integral.pdf", "ementa": "AUTORIZA A DEVOLU\u00c7\u00c3O DE RECURSOS FINANCEIROS AO PODER EXECUTIVO MUNICIPAL."}, {"id": "1474", "ano": "2014", "numero": "3", "tipo__sigla": "PRE", "tipo__descricao": "Projeto de Resolu\u00e7\u00e3o", "autoria": "", "texto_original": "http://sapl.marechalfloriano.es.leg.br/media/./sapl/public/materialegislativa/2014/1474/1474_texto_integral.pdf", "ementa": "AUTORIZA O PODER LEGISLATIVO MUNICIPAL ANULAR DOTA\u00c7\u00c3O DO OR\u00c7AMENTO VIGENTE."}, {"id": "1473", "ano": "2014", "numero": "4", "tipo__sigla": "PRE", "tipo__descricao": "Projeto de Resolu\u00e7\u00e3o", "autoria": "", "texto_original": "http://sapl.marechalfloriano.es.leg.br/media/./sapl/public/materialegislativa/2014/1473/1473_texto_integral.pdf", "ementa": "AUTORIZA A DEVOLU\u00c7\u00c3O DE RECURSOS FINANCEIROS AO PODER EXECUTIVO MUNICIPAL."}, {"id": "1472", "ano": "2014", "numero": "5", "tipo__sigla": "PRE", "tipo__descricao": "Projeto de Resolu\u00e7\u00e3o", "autoria": "", "texto_original": "http://sapl.marechalfloriano.es.leg.br/media/./sapl/public/materialegislativa/2014/1472/1472_texto_integral.pdf", "ementa": "REGULAMENTA O USO DO ESPA\u00c7O CULTURAL VEREADOR PAULO ROBERTO RAASH, SITUADO NA C\u00c2MARA MUNICIPAL."}, {"id": "1471", "ano": "2014", "numero": "6", "tipo__sigla": "PRE", "tipo__descricao": "Projeto de Resolu\u00e7\u00e3o", "autoria": "", "texto_original": "http://sapl.marechalfloriano.es.leg.br/media/./sapl/public/materialegislativa/2014/1471/1471_texto_integral.pdf", "ementa": "AUTORIZA O PODER LEGISLATIVO MUNICIPAL ANULAR DOTA\u00c7\u00c3O DO OR\u00c7AMENTO VIGENTE."}, {"id": "620", "ano": "2014", "numero": "1", "tipo__sigla": "REQ", "tipo__descricao": "Requerimento", "autoria": "D\u00f3rio Braun (Suplente)", "texto_original": "http://sapl.marechalfloriano.es.leg.br/media/./sapl/public/materialegislativa/2014/620/620_texto_integral.pdf", "ementa": "VERIFICAR A LEGALIDADE E POSSIBILIDADE DE PINTAR AS FAIXAS DE PEDESTRES, USANDO JUNTO AO BRANCO A COR VERMELHA, POIS FICAR\u00c3O MAIS VIS\u00cdVEIS. "}, {"id": "621", "ano": "2014", "numero": "2", "tipo__sigla": "REQ", "tipo__descricao": "Requerimento", "autoria": "D\u00f3rio Braun (Suplente)", "texto_original": "http://sapl.marechalfloriano.es.leg.br/media/./sapl/public/materialegislativa/2014/621/621_texto_integral.pdf", "ementa": "REALIZA\u00c7\u00c3O DE MELHOR TRIAGEM PARA OS ACOMPANHANTES DOS USU\u00c1RIOS DO TRANSPORTE DA SA\u00daDE, DESTINADO AOS PACIENTES COM EXAMES NA GRANDE VIT\u00d3RIA. "}, {"id": "622", "ano": "2014", "numero": "3", "tipo__sigla": "REQ", "tipo__descricao": "Requerimento", "autoria": "Cabral", "texto_original": "http://sapl.marechalfloriano.es.leg.br/media/./sapl/public/materialegislativa/2014/622/622_texto_integral.pdf", "ementa": "DISPONIBILIZAR PELO MENOS 02 (DOIS) FISCAIS PARA VERIFICAR O CUMPRIMENTO DO C\u00d3DIGO DE POSTURA  E DE OBRAS DO MUNIC\u00cdPIO, UMA VEZ QUE H\u00c1 MUITOS AMBULANTES NO MUNIC\u00cdPIO SEM ALVAR\u00c1. "}, {"id": "623", "ano": "2014", "numero": "4", "tipo__sigla": "REQ", "tipo__descricao": "Requerimento", "autoria": "Renato Werneck", "texto_original": "http://sapl.marechalfloriano.es.leg.br/media/", "ementa": "O CUMPRIMENTO DA LEI MUNICIPAL N\u00ba 1.039, DE 27 DE MAIO DE 2011 QUE DISP\u00d5E SOBRE AJUDA DE CUSTO DE TRANSPORTE A ESTUDANTES QUE CURSAM O ENSINO SUPERIOR E SEGUNDO GRAU T\u00c9CNICO PROFISSIONALIZANTE FORA DO MUNIC\u00cdPIO DE MARECHAL FLORIANO -ES.   "}, {"id": "624", "ano": "2014", "numero": "5", "tipo__sigla": "REQ", "tipo__descricao": "Requerimento", "autoria": "Juarez Xavier", "texto_original": "http://sapl.marechalfloriano.es.leg.br/media/./sapl/public/materialegislativa/2014/624/624_texto_integral.pdf", "ementa": "REQUER AGILIDADE NA FORMATA\u00c7\u00c3O DO PROJETO PARA QUE POSSAMOS ALOCAR OS RECURSOS NECESS\u00c1RIOS E POSTERIOR EXECU\u00c7\u00c3O DOS SERVI\u00c7OS, ATENDENDO ASSIM A COMUNIDADE DE BOM JESUS E DAS CRIAN\u00c7AS DA ESCOLA MUNICIPAL, QUE N\u00c3O DISP\u00d5E DE OUTRAS \u00c1REAS ADEQUADAS PARA A PRATICA EXPORTIVA "}, {"id": "625", "ano": "2014", "numero": "6", "tipo__sigla": "REQ", "tipo__descricao": "Requerimento", "autoria": "Coquinho", "texto_original": "http://sapl.marechalfloriano.es.leg.br/media/./sapl/public/materialegislativa/2014/625/625_texto_integral.pdf", "ementa": "REQUER QUE SEJA CONCEDIDO  ABONO SALARIAL AOS AGENTES COMUNIT\u00c1RIOS DE SA\u00daDE, RELATIVO AO SALDO REMANESCENTE DO FUNDO DE INCENTIVO AO PROGRAMA DE AGENTES COMUNIT\u00c1RIOS DE SA\u00daDE DE NOSSO MUNIC\u00cdPIO, NO VALOR DE R$27.550,00, VISANDO VALORIZAR O IMPORTANTE TRABALHO DE TODA A CATEGORIA. "}, {"id": "626", "ano": "2014", "numero": "7", "tipo__sigla": "REQ", "tipo__descricao": "Requerimento", "autoria": "Coquinho", "texto_original": "http://sapl.marechalfloriano.es.leg.br/media/./sapl/public/materialegislativa/2014/626/626_texto_integral.pdf", "ementa": "REQUER RELA\u00c7\u00c3O DOS BENEFICIADOS PELO PROGRAMA BOLSA FAM\u00cdLIA NO MUNIC\u00cdPIO DE MARECHAL FLORIANO, CONSTANDO OS DEVIDOS NOMES, N\u00ba DO BENEF\u00cdCIO, ENDERE\u00c7OS COMPLETOS, TELEFONE DE CONTATO, NUMERO BENEFICIADOS NA FAM\u00cdLIA E DEMAIS INFORMA\u00c7\u00d5ES PERTINENTES A INSCRI\u00c7\u00c3O NO PROGRAMA. "}, {"id": "627", "ano": "2014", "numero": "8", "tipo__sigla": "REQ", "tipo__descricao": "Requerimento", "autoria": "Cabral, Renato Werneck", "texto_original": "http://sapl.marechalfloriano.es.leg.br/media/./sapl/public/materialegislativa/2014/627/627_texto_integral.pdf", "ementa": "REQUER REDU\u00c7\u00c3O DO PERCENTUAL DOS IMPOSTOS COBRADOS SOBRE OS SERVI\u00c7OS PRESTADOS PELOS TAXISTAS DO MUNIC\u00cdPIO DE MARECHAL FLORIANO, CONFORME VALORES EM ANEXO."}, {"id": "628", "ano": "2014", "numero": "9", "tipo__sigla": "REQ", "tipo__descricao": "Requerimento", "autoria": "Alcino Diniz", "texto_original": "http://sapl.marechalfloriano.es.leg.br/media/./sapl/public/materialegislativa/2014/628/628_texto_integral.pdf", "ementa": "REQUER O CUMPRIMENTO DA LEI MUNICIPAL N\u00ba 934, DE 09 DE JULHO DE 2009, QUE DISP\u00d5E A REALIZA\u00c7\u00c3O DE EXAME DE VISTA NA REDE MUNICIPAL DE ENSINO, BEM COMO A CONCESS\u00c3O DE \u00d3CULOS DE GRAU PARA OS ALUNOS."}, {"id": "629", "ano": "2014", "numero": "11", "tipo__sigla": "REQ", "tipo__descricao": "Requerimento", "autoria": "Juarez Xavier", "texto_original": "http://sapl.marechalfloriano.es.leg.br/media/./sapl/public/materialegislativa/2014/629/629_texto_integral.pdf", "ementa": "REQUER DA SECRETARIA MUNICIPAL DE SA\u00daDE A ESCALA RELATIVA AO PLAT\u00c3O M\u00c9DICO DA POLICL\u00cdNICA ARY RIBEIRO DA SILVA, RELATIVO AO PER\u00cdODO DE AGOSTO DE 2013 A JANEIRO DE 2014. "}, {"id": "630", "ano": "2014", "numero": "12", "tipo__sigla": "REQ", "tipo__descricao": "Requerimento", "autoria": "Juarez Xavier", "texto_original": "http://sapl.marechalfloriano.es.leg.br/media/./sapl/public/materialegislativa/2014/630/630_texto_integral.pdf", "ementa": "CONSTRU\u00c7\u00c3O  DE BANHEIROS E INSTALA\u00c7\u00c3O DE BEBEDOUROS PARA ATENDER OS ADEPTOS E FREQUENTADORES DA PISTA DO SKATE."}, {"id": "631", "ano": "2014", "numero": "13", "tipo__sigla": "REQ", "tipo__descricao": "Requerimento", "autoria": "Cezinha Ronchi", "texto_original": "http://sapl.marechalfloriano.es.leg.br/media/./sapl/public/materialegislativa/2014/631/631_texto_integral.pdf", "ementa": "QUE SEJA REALIZADA LIMPEZA URGENTE (RO\u00c7AGEM DA ESTRADA) EM ALTO MARECHAL E QUE O CAMINH\u00c3O DE LIXO PASSE REGULARMENTE NO MORRO DOS RHEIN."}, {"id": "632", "ano": "2014", "numero": "14", "tipo__sigla": "REQ", "tipo__descricao": "Requerimento", "autoria": "Juarez Xavier", "texto_original": "http://sapl.marechalfloriano.es.leg.br/media/./sapl/public/materialegislativa/2014/632/632_texto_integral.pdf", "ementa": "REQUER A VOSSA EXCEL\u00caNCIA AVALIE A LEGALIDADE E CASO SEJA POSS\u00cdVEL INTERVENHA JUNTO AO MUNIC\u00cdPIO NO SENTIDO DE CUMPRIR A LEGISLA\u00c7\u00c3O FIXADA NO ART. 7\u00b0 DA CONSTITUI\u00c7\u00c3O FEDERAL DIZ \"NENHUM TRABALHADOR BRASILEIRO PODE RECEBER MENOS QUE O SALARIO MINIMO. "}, {"id": "633", "ano": "2014", "numero": "15", "tipo__sigla": "REQ", "tipo__descricao": "Requerimento", "autoria": "Renato Werneck", "texto_original": "http://sapl.marechalfloriano.es.leg.br/media/./sapl/public/materialegislativa/2014/633/633_texto_integral.pdf", "ementa": "CONSIDERANDO AS IN\u00daMERAS RECLAMA\u00c7\u00d5ES RELACIONADAS \u00c1 FALTA MEDICA\u00c7\u00c3O DISPONIBILIZADA GRATUITAMENTE EM NOSSO MUNIC\u00cdPIO, VENHO REQUERER DA SECRETARIA MUNICIPAL DE SA\u00daDE RELAT\u00d3RIO MENSAL REFERENTE A TODOS OS MEDICAMENTOS QUE EST\u00c3O EM FALTA NA FARM\u00c1CIA B\u00c1SICA DE SA\u00daDE.   "}, {"id": "634", "ano": "2014", "numero": "16", "tipo__sigla": "REQ", "tipo__descricao": "Requerimento", "autoria": "D\u00f3rio Braun (Suplente)", "texto_original": "http://sapl.marechalfloriano.es.leg.br/media/./sapl/public/materialegislativa/2014/634/634_texto_integral.pdf", "ementa": "REQUER O CUMPRIMENTO DA LEI MUNICIPAL N\u00b0 1.039/11 QUE CONCEDE AJUDA DE CUSTO DE TRANSPORTE AOS ESTUDANTES."}, {"id": "635", "ano": "2014", "numero": "17", "tipo__sigla": "REQ", "tipo__descricao": "Requerimento", "autoria": "D\u00f3rio Braun (Suplente)", "texto_original": "http://sapl.marechalfloriano.es.leg.br/media/./sapl/public/materialegislativa/2014/635/635_texto_integral.pdf", "ementa": "REQUER DO PODER EXECUTIVO MUNICIPAL O FORNECIMENTO DE ALIMENTA\u00c7\u00c3O PARA OS PROFISSIONAIS DA POLICL\u00cdNICA ARY RIBEIRO DA SILVA, EM ESPECIAL PARA AQUELES SERVIDORES QUE ENCONTRAM-SE EM REGIME DE PLAT\u00c3O."}, {"id": "636", "ano": "2014", "numero": "18", "tipo__sigla": "REQ", "tipo__descricao": "Requerimento", "autoria": "D\u00f3rio Braun (Suplente)", "texto_original": "http://sapl.marechalfloriano.es.leg.br/media/./sapl/public/materialegislativa/2014/636/636_texto_integral.pdf", "ementa": "REQUER QUE O PODER EXECUTIVO MUNICIPAL PROVIDENCIE OS SERVI\u00c7OS DE FISIOTERAPIA NAS RESID\u00caNCIAS DOS PR\u00d3PRIOS PACIENTES QUE S\u00c3O IDENTIFICADOS COMO ACAMADOS E QUE N\u00c3O PODEM E N\u00c3O CONSEGUEM SE LOCOMOVER AO SETOR DA PREFEITURA MUNICIPAL, ONDE S\u00c3O REALIZADOS OS PROCEDIMENTOS FISIOTER\u00c1PICOS."}, {"id": "637", "ano": "2014", "numero": "19", "tipo__sigla": "REQ", "tipo__descricao": "Requerimento", "autoria": "Coquinho", "texto_original": "http://sapl.marechalfloriano.es.leg.br/media/./sapl/public/materialegislativa/2014/637/637_texto_integral.pdf", "ementa": "CONSIDERANDO QUE RECENTEMENTE UM CAMINH\u00c3O QUASE PROVOCA UMA TRAG\u00c9DIA EM UM PONTO DE \u00d4NIBUS EM ALTO SANTA MARIA, ONDE O MESMO FICOU COMPLETAMENTE DESTRU\u00cdDO.REQUEIRO QUE A CONSTRU\u00c7\u00c3O DESTE NOVO ABRIGO PARA PASSAGEIROS SEJA FEITO UM POUCO MAIS A FRENTE DO ANTIGO LOCAL, LOGO AP\u00d3S A CURVA, EM UMA LINHA RETA, PROPORCIONANDO MAIS SEGURAN\u00c7A \u00c0S PESSOAS QUE ALI AGUARDAM O TRANSPORTE COLETIVO. "}, {"id": "638", "ano": "2014", "numero": "20", "tipo__sigla": "REQ", "tipo__descricao": "Requerimento", "autoria": "Alcino Diniz", "texto_original": "http://sapl.marechalfloriano.es.leg.br/media/./sapl/public/materialegislativa/2014/638/638_texto_integral.pdf", "ementa": "EM CUMPRIMENTO A LEI FEDERAL, VENHO REQUERER O FORNECIMENTO SEMESTRAL DE KIT DE HIGIENE PESSOAL NA REDE MUNICIPAL DE ENSINO CONTENDO ESCOVA DE DENTE, FIO DENTAL SABONETES E CREME DENTAL, INCENTIVANDO A CRIAN\u00c7A A ADOTAR H\u00c1BITOS MAIS SAUD\u00c1VEIS.  "}, {"id": "639", "ano": "2014", "numero": "21", "tipo__sigla": "REQ", "tipo__descricao": "Requerimento", "autoria": "Alcino Diniz", "texto_original": "http://sapl.marechalfloriano.es.leg.br/media/./sapl/public/materialegislativa/2014/639/639_texto_integral.pdf", "ementa": "REQUEIRO QUE O PODER EXECUTIVO MUNICIPAL, REGULARMENTE ATRAV\u00c9S DE DECRETO OU PROJETO DE LEI, A EXIG\u00caNCIA DE SISTEMA DE SENHAS E ASSENTOS AOS USU\u00c1RIOS DOS LOCAIS DESTINADOS AO PAGAMENTO DE FATURAS, CONTAS DE ENERGIA CORREIOS, LOT\u00c9RICAS E OUTROS SIMILARES QUE PROPORCIONEM O ATENDIMENTO AO PUBLICO EM GERAL.  "}, {"id": "640", "ano": "2014", "numero": "22", "tipo__sigla": "REQ", "tipo__descricao": "Requerimento", "autoria": "Alcino Diniz", "texto_original": "http://sapl.marechalfloriano.es.leg.br/media/./sapl/public/materialegislativa/2014/640/640_texto_integral.pdf", "ementa": "REQUEIRO SABER QUAIS AS PROVID\u00caNCIAS EST\u00c3O SENDO ADOTADAS QUANTO AO T\u00c9RMINO DA OBRA DA QUADRA POLIESPORTIVA  DA COMUNIDADE DE CABOCLA, EM SO\u00cdDO DE BAIXO.   "}, {"id": "641", "ano": "2014", "numero": "23", "tipo__sigla": "REQ", "tipo__descricao": "Requerimento", "autoria": "Juarez Xavier", "texto_original": "http://sapl.marechalfloriano.es.leg.br/media/sapl/public/materialegislativa/2014/641/023-2014.pdf", "ementa": "REQUEIRO A INSTALA\u00c7\u00c3O DE ILUMINA\u00c7\u00c3O P\u00daBLICA E CONTINUA\u00c7\u00c3O DA PAVIMENTA\u00c7\u00c3O ASF\u00c1LTICA DA RUA JAIME CANAL, AP\u00d3S A EMPRESA GLOBOAVES, COM IN\u00cdCIO NA RESID\u00caNCIA DO SENHOR DANILO CANAL CANAL E T\u00c9RMINO NAS PROXIMIDADES DA PROPRIEDADE DO SENHOR ANTONIO BROSSEGUINI."}, {"id": "643", "ano": "2014", "numero": "25", "tipo__sigla": "REQ", "tipo__descricao": "Requerimento", "autoria": "Alcino Diniz", "texto_original": "http://sapl.marechalfloriano.es.leg.br/media/./sapl/public/materialegislativa/2014/643/643_texto_integral.pdf", "ementa": "INSTALA\u00c7\u00c3O DE 4 LUMIN\u00c1RIAS EM SO\u00cdDO DE BAIXO, SENDO DUAS EM FRENTE AO TRAYLER DA GRUTA, E DUAS PR\u00d3XIMO A LANCHONETE KILL, SENTIDO A RAPADURA, UMA VEZ QUE \u00c9 GRANDE A CONCENTRA\u00c7\u00c3O DE PESSOAS NO LOCAL. "}, {"id": "644", "ano": "2014", "numero": "26", "tipo__sigla": "REQ", "tipo__descricao": "Requerimento", "autoria": "Alcino Diniz", "texto_original": "http://sapl.marechalfloriano.es.leg.br/media/./sapl/public/materialegislativa/2014/644/644_texto_integral.pdf", "ementa": "REQUER INFORMA\u00c7\u00d5ES SOBRE COMO EST\u00c1 O ANDAMENTO DOS PEDIDOS APROVADOS NO EXERC\u00cdCIO DE 2013 NAS SESS\u00d5ES, EM ESPECIAL OS REQUERIMENTOS RELATIVOS \u00c0 INSTALA\u00c7\u00c3O DE PLACAS CONTENDO INFORMA\u00c7\u00d5ES COM NOMES DE M\u00c9DICOS, EXAMES E HOR\u00c1RIOS DE ATENDIMENTO NA POLICL\u00cdNICA; AGENDAMENTO DE CONSULTAS E EXAMES LABORATORIAIS POR TELEFONE PARA IDOSO OU PACIENTES COM NECESSIDADE ESPECIAIS, ETC...    "}, {"id": "645", "ano": "2014", "numero": "27", "tipo__sigla": "REQ", "tipo__descricao": "Requerimento", "autoria": "Juarez Xavier", "texto_original": "http://sapl.marechalfloriano.es.leg.br/media/./sapl/public/materialegislativa/2014/645/645_texto_integral.pdf", "ementa": "REQUER DO PODER EXECUTIVO C\u00d3PIA COMPLETA RELATIVA A PRESTA\u00c7\u00c3O DE CONTAS DA EMPRESA CONTRATADA ESPECIALIZADA NA PRESTA\u00c7\u00c3O  DE SERVI\u00c7OS DE LIMPEZA E RO\u00c7AGEM DE ESTRADAS."}, {"id": "646", "ano": "2014", "numero": "28", "tipo__sigla": "REQ", "tipo__descricao": "Requerimento", "autoria": "Juarez Xavier", "texto_original": "http://sapl.marechalfloriano.es.leg.br/media/./sapl/public/materialegislativa/2014/646/646_texto_integral.pdf", "ementa": "REAJUSTE FINANCEIRO PARA O QUADRO DE FUNCION\u00c1RIOS EFETIVOS DO PODER EXECUTIVO, EVITANDO ASSIM A COMPLEMENTA\u00c7\u00c3O SALARIAL INFERIOR AO SALARIO MINIMO, AL\u00c9M DA DETERMINA\u00c7\u00c3O DA DATA BASE PARA REAJUSTE ANUAL DOS MESMOS."}, {"id": "647", "ano": "2014", "numero": "29", "tipo__sigla": "REQ", "tipo__descricao": "Requerimento", "autoria": "Dod\u00f4 Krohling", "texto_original": "http://sapl.marechalfloriano.es.leg.br/media/./sapl/public/materialegislativa/2014/647/647_texto_integral.pdf", "ementa": "REQUER DO PODER EXECUTIVO MUNICIPAL QUE SEJAM COLOCADAS EM PR\u00c1TICA NO MUNIC\u00cdPIO DE MARECHAL FLORIANO, AS PENALIDADES IMPOSTAS NA LEI FEDERAL N\u00b0 12.846/2013, NOMEADA COMO LEI ANTICORRUP\u00c7\u00c3O. "}, {"id": "648", "ano": "2014", "numero": "30", "tipo__sigla": "REQ", "tipo__descricao": "Requerimento", "autoria": "Cabral", "texto_original": "http://sapl.marechalfloriano.es.leg.br/media/./sapl/public/materialegislativa/2014/648/648_texto_integral.pdf", "ementa": "REQUER PROVID\u00caNCIAS POR PARTE DO PODER EXECUTIVO MUNICIPAL, RELATIVO AO DESMEMBRAMENTO DOS LOTES LOCALIZADOS NO CONJUNTO HABITACIONAL S\u00c9RGIO SEBASTI\u00c3O STEIN, NO BAIRRO SANTA RITA, VISANDO CONCEDER GRATUITAMENTE A ESCRITURA P\u00daBLICA DE POSSE DO IM\u00d3VEL."}, {"id": "649", "ano": "2014", "numero": "31", "tipo__sigla": "REQ", "tipo__descricao": "Requerimento", "autoria": "Renato Werneck", "texto_original": "http://sapl.marechalfloriano.es.leg.br/media/./sapl/public/materialegislativa/2014/649/649_texto_integral.pdf", "ementa": "REQUER DO PODER EXECUTIVO MUNICIPAL, RELA\u00c7\u00c3O COMPLETA DOS SERVIDORES EFETIVOS DO PODER EXECUTIVO MUNICIPAL QUE ENCONTRAM-SE EM DESVIO DE FUN\u00c7\u00c3O, CONSTANDO NOME COMPLETO, FUN\u00c7\u00c3O ORIGINAL PARA QUAL FOI EFETIVADO, MATRICULA, QUAL FUN\u00c7\u00c3O EST\u00c1 EXERCENDO ATUALMENTE, E SETOR ONDE EXERCE SUAS ATIVIDADES NO MOMENTO. "}, {"id": "650", "ano": "2014", "numero": "32", "tipo__sigla": "REQ", "tipo__descricao": "Requerimento", "autoria": "Cezinha Ronchi", "texto_original": "http://sapl.marechalfloriano.es.leg.br/media/./sapl/public/materialegislativa/2014/650/650_texto_integral.pdf", "ementa": "REQUER DO PODER DO PODER EXECUTIVO MUNICIPAL MANTENHA ABERTO OS PORT\u00d5ES DA PRA\u00c7A SAUD\u00c1VEL DA SEDE E DO DISTRITO DE ARAGUAIA DE FORMA PRATICAMENTE INTEGRAL, ABRINDO \u00c0S 7:00 HORAS  DA MANH\u00c3 E ENCERRANDO \u00c0S 22:O0 HORAS."}, {"id": "651", "ano": "2014", "numero": "33", "tipo__sigla": "REQ", "tipo__descricao": "Requerimento", "autoria": "D\u00f3rio Braun (Suplente)", "texto_original": "http://sapl.marechalfloriano.es.leg.br/media/./sapl/public/materialegislativa/2014/651/651_texto_integral.pdf", "ementa": "REQUER DO PODER EXECUTIVO MUNICIPAL, C\u00d3PIA DE TODO O PROCESSO QUE ORIGINOU A CONCESS\u00c3O DAS REFERIDAS CASAS, BEM COMO C\u00d3PIA DE TODOS OS DOCUMENTOS RELATIVOS \u00c0S A\u00c7\u00d5ES QUE O PODER EXECUTIVO J\u00c1 ADOTOU AP\u00d3S A CONCESS\u00c3O DA MESMA, BEM COMO RELA\u00c7\u00c3O DE PEND\u00caNCIA QUE A INDA DEVER\u00c3O SER TOMADAS PARA A CONSTRU\u00c7\u00c3O DAS 32 CASAS."}, {"id": "652", "ano": "2014", "numero": "34", "tipo__sigla": "REQ", "tipo__descricao": "Requerimento", "autoria": "Coquinho", "texto_original": "http://sapl.marechalfloriano.es.leg.br/media/./sapl/public/materialegislativa/2014/652/652_texto_integral.pdf", "ementa": "REQUER POR ESCRITO, QUAIS MEDIDAS J\u00c1 FORAM ADOTADAS PARA O ATENDIMENTO A ESTA SOLICITA\u00c7\u00c3O, QUE CERTAMENTE BENEFICIAR\u00c1 TODA COLETIVIDADE, EM ESPECIAL OS MUN\u00cdCIPES QUE RESIDEM NOS DISTRITOS DE ARAGUAIA E SANTA MARIA.  "}, {"id": "653", "ano": "2014", "numero": "35", "tipo__sigla": "REQ", "tipo__descricao": "Requerimento", "autoria": "CECT - COMISS\u00c3O DE ESPORTE, CULTURA E TURISMO", "texto_original": "http://sapl.marechalfloriano.es.leg.br/media/sapl/public/materialegislativa/2014/653/035-2014.pdf", "ementa": "REQUER DO PODER EXECUTIVO MUNICIPAL RELA\u00c7\u00c3O COMPLETA DE TODOS OS CONTRATOS DE LOCA\u00c7\u00c3O REALIZADOS JUNTO A PREFEITURA MUNICIPAL QUE ENCONTRAM-SE EM VIG\u00caNCIA NO EXERC\u00cdCIO DE 2014."}, {"id": "654", "ano": "2014", "numero": "36", "tipo__sigla": "REQ", "tipo__descricao": "Requerimento", "autoria": "Alcino Diniz", "texto_original": "http://sapl.marechalfloriano.es.leg.br/media/./sapl/public/materialegislativa/2014/654/654_texto_integral.pdf", "ementa": "REQUER QUE O PODER EXECUTIVO MUNICIPAL, QUE PROVIDENCIE A CAR\u00c1TER DE URG\u00caNCIA A AQUISI\u00c7\u00c3O DOS DIVERSOS REM\u00c9DIOS QUE EST\u00c3O EM FALTA NA FARM\u00c1CIA B\u00c1SICA DE SA\u00daDE.   "}, {"id": "655", "ano": "2014", "numero": "37", "tipo__sigla": "REQ", "tipo__descricao": "Requerimento", "autoria": "D\u00f3rio Braun (Suplente)", "texto_original": "http://sapl.marechalfloriano.es.leg.br/media/./sapl/public/materialegislativa/2014/655/655_texto_integral.pdf", "ementa": "REQUER QUE O PODER EXECUTIVO MUNICIPAL, JUNTO COM A SECRETARIA MUNICIPAL DE AGRICULTURA PROVIDENCIE DE FORMA FIXA E PERMANENTE UM LOCAL PARA RECEBIMENTO DESTAS EMBALAGENS DE AGROT\u00d3XICOS E SIMILARES."}, {"id": "656", "ano": "2014", "numero": "38", "tipo__sigla": "REQ", "tipo__descricao": "Requerimento", "autoria": "D\u00f3rio Braun (Suplente)", "texto_original": "http://sapl.marechalfloriano.es.leg.br/media/./sapl/public/materialegislativa/2014/656/656_texto_integral.pdf", "ementa": "INTERVEN\u00c7\u00c3O JUNTO POL\u00cdCIA MILITAR DE MARECHAL FLORIANO, NO SENTIDO DE DISPONIBILIZAR UMA VIATURA PARA PERMANECER NAS PROXIMIDADES DO TREVO DE PARAJU, VISANDO PROPORCIONAR MAIS SEGURAN\u00c7A A TODOS QUE UTILIZAM O COM\u00c9RCIO LOCAL."}, {"id": "657", "ano": "2014", "numero": "39", "tipo__sigla": "REQ", "tipo__descricao": "Requerimento", "autoria": "Juarez Xavier", "texto_original": "http://sapl.marechalfloriano.es.leg.br/media/./sapl/public/materialegislativa/2014/657/657_texto_integral.pdf", "ementa": "REQUER DO PODER EXECUTIVO E SECRETARIA MUNICIPAL DE TURISMO, PRESTA\u00c7\u00c3O DE CONTAS COMPLETA, COM C\u00d3PIA XEROGR\u00c1FICA DE TODOS OS GASTOS REALIZADOS COM O CARNAVAL DE 2014.  "}, {"id": "658", "ano": "2014", "numero": "40", "tipo__sigla": "REQ", "tipo__descricao": "Requerimento", "autoria": "Alcino Diniz", "texto_original": "http://sapl.marechalfloriano.es.leg.br/media/./sapl/public/materialegislativa/2014/658/658_texto_integral.pdf", "ementa": "REQUER DO PODER EXECUTIVO INTERVEN\u00c7\u00c3O JUNTO A POL\u00cdCIA MILITAR NO SENTIDO  DE PROPORCIONAR MAIS SEGURAN\u00c7A A COMUNIDADE DE SO\u00cdDO DE BAIXO, SENDO ESTA INTERVEN\u00c7\u00c3O REALIZADA ATRAV\u00c9S DE RONDAS NOTURNAS, NO MINIMO DUAS VEZES POR SEMANA, EM DIAS ALTERNADOS."}, {"id": "659", "ano": "2014", "numero": "41", "tipo__sigla": "REQ", "tipo__descricao": "Requerimento", "autoria": "Alcino Diniz", "texto_original": "http://sapl.marechalfloriano.es.leg.br/media/./sapl/public/materialegislativa/2014/659/659_texto_integral.rar", "ementa": "REQUER C\u00d3PIA DE TODO O PROCESSO QUE ORIGINOU A CONCESS\u00c3O DO RECURSO PARA A CONSTRU\u00c7\u00c3O DO MURO NA RUA JULIETA MARIA FISCHER, BEM COMO C\u00d3PIA DE TODOS OS DOCUMENTOS RELATIVOS \u00c1S A\u00c7\u00d5ES QUE A ATUAL ADMINISTRA\u00c7\u00c3O J\u00c1 ADOTOU PARA A REALIZA\u00c7\u00c3O DESTE SERVI\u00c7O OU QUAIS A INDA S\u00c3O AS PENDENCIAS PARA O IN\u00cdCIO DESTAS OBRAS. "}, {"id": "660", "ano": "2014", "numero": "42", "tipo__sigla": "REQ", "tipo__descricao": "Requerimento", "autoria": "Coquinho", "texto_original": "http://sapl.marechalfloriano.es.leg.br/media/./sapl/public/materialegislativa/2014/660/660_texto_integral.pdf", "ementa": "REQUER A VOSSA EXCEL\u00caNCIA, PREFEITO MUNICIPAL QUE PROCEDA COM A CONSTRU\u00c7\u00c3O DE UMA GUARITA NA COMUNIDADE DE BETINHO SIMON, NO TREVO DE PARAJU, BEM COMO A INTERVEN\u00c7\u00c3O DA POLICIA MILITAR DE MARECHAL FLORIANO, NO SENTIDO DE DISPONIBILIZAR UMA VIATURA PARA PERMANECER NAS PROXIMIDADES DO TREVO DE PARAJU, VISANDO PROPORCIONAR MAIS SEGURAN\u00c7A A TODOS QUE UTILIZAM O COM\u00c9RCIO LOCAL."}, {"id": "661", "ano": "2014", "numero": "43", "tipo__sigla": "REQ", "tipo__descricao": "Requerimento", "autoria": "Renato Werneck", "texto_original": "http://sapl.marechalfloriano.es.leg.br/media/./sapl/public/materialegislativa/2014/661/661_texto_integral.pdf", "ementa": "REQUER AO PREFEITO MUNICIPAL E AO SECRETARIO MUNICIPAL DE SA\u00daDE, A CONTRATA\u00c7\u00c3O DE PROFISSIONAIS DA \u00c1REA DE SEGURAN\u00c7A PARA PRESTAR SERVI\u00c7OS POLICL\u00cdNICA ARY RIBEIRO, GARANTIDO ASSIM QUE OS PROFISSIONAIS TRABALHEM COM MAIS TRANQUILIDADE.   "}, {"id": "662", "ano": "2014", "numero": "44", "tipo__sigla": "REQ", "tipo__descricao": "Requerimento", "autoria": "Renato Werneck", "texto_original": "http://sapl.marechalfloriano.es.leg.br/media/./sapl/public/materialegislativa/2014/662/662_texto_integral.pdf", "ementa": "REQUER POR ESCRITO INFORMA\u00c7\u00d5ES SOBRE QUIS S\u00c3O OS MOTIVOS RELACIONADOS A FALTA DE MEDICA\u00c7\u00c3O B\u00c1SICA, QUAIS AINDA S\u00c3O AS PENDENCIAS PARA A AQUISI\u00c7\u00c3O DOS MESMOS, BEM COMO QUAIS S\u00c3O AS MEDIDAS QUE EST\u00c3O SENDO ADOTADAS AT\u00c9 O MOMENTO, PARA SANAR TAL PROBLEMA. "}, {"id": "664", "ano": "2014", "numero": "46", "tipo__sigla": "REQ", "tipo__descricao": "Requerimento", "autoria": "Renato Werneck", "texto_original": "http://sapl.marechalfloriano.es.leg.br/media/./sapl/public/materialegislativa/2014/664/664_texto_integral.pdf", "ementa": "REQUER QUE O PODER EXECUTIVO PROVID\u00caNCIE PARA AS ESCOLAS MUNICIPAIS, A DOA\u00c7\u00c3O DOS KITS B\u00c1SICOS PARA  QUE EM CASO DE ALGUM ACIDENTE ESCOLAR, O PROFISSIONAL QUE PARTICIPOU DO TREINAMENTO DE PRIMEIROS SOCORROS POSSA REALIZAR IMEDIATAMENTE O PRIMEIRO ATENDIMENTO, AT\u00c9 QUE O MESMO SEJA ENCAMINHADO A POLICL\u00cdNICA. "}, {"id": "665", "ano": "2014", "numero": "47", "tipo__sigla": "REQ", "tipo__descricao": "Requerimento", "autoria": "Alcino Diniz, Coquinho, Juarez Xavier, Renato Werneck", "texto_original": "http://sapl.marechalfloriano.es.leg.br/media/sapl/public/materialegislativa/2014/665/047-2014.pdf", "ementa": "A GRATIFICA\u00c7\u00c3O POR TEMPO DE SERVI\u00c7O DOS SERVIDORES P\u00daBLICOS MUNICIPAIS SEJA CONCEDIDA DE FORMA AUTOM\u00c1TICA AOS SERVIDORES QUE TENHA ALCAN\u00c7ADO CONFORME PREV\u00ca ARTIGO 145, \u00a7 4\u00b0 DA LEI 003 DE 04 DE JANEIRO DE 1993."}, {"id": "666", "ano": "2014", "numero": "48", "tipo__sigla": "REQ", "tipo__descricao": "Requerimento", "autoria": "D\u00f3rio Braun (Suplente)", "texto_original": "http://sapl.marechalfloriano.es.leg.br/media/./sapl/public/materialegislativa/2014/666/666_texto_integral.pdf", "ementa": "REQUER DO PODER EXECUTIVO MUNICIPAL, PROVIDENCIAS QUANTO A DISPONIBILIZA\u00c7\u00c3O OU CONTRATA\u00c7\u00c3O DE SERVIDORES BRA\u00c7AIS PARA EXECUTAREM DE FORMA PERMANENTE A LIMPEZA  E MANUTEN\u00c7\u00c3O DO PERCURSO QUE EST\u00c3O SENDO EXECUTADOS PARA O SERVI\u00c7O DE PAISAGISMO NOS DISTRITOS DE ARAGUAIA E SANTA MARIA. "}, {"id": "667", "ano": "2014", "numero": "49", "tipo__sigla": "REQ", "tipo__descricao": "Requerimento", "autoria": "DAVI", "texto_original": "http://sapl.marechalfloriano.es.leg.br/media/./sapl/public/materialegislativa/2014/667/667_texto_integral.pdf", "ementa": "REQUER DO PODER EXECUTIVO MUNICIPAL, PRESTA\u00c7\u00c3O DE CONTAS DETALHADAS REFERENTES AOS VOLUNT\u00c1RIOS QUE PRESTAM SERVI\u00c7OS NA PREFEITURA MUNICIPAL."}, {"id": "668", "ano": "2014", "numero": "50", "tipo__sigla": "REQ", "tipo__descricao": "Requerimento", "autoria": "Renato Werneck", "texto_original": "http://sapl.marechalfloriano.es.leg.br/media/./sapl/public/materialegislativa/2014/668/668_texto_integral.pdf", "ementa": "QUE SEJA INSTALADO UM POSTO UM POSTO POLICIAL EM FRENTE A UNIDADE DE SA\u00daDE SANTA RITA, LOCALIZADA NA RUA GUSTAVO HERTEL, NO HOR\u00c1RIO DE 18:OO \u00c1S 00:00 HORAS, DE SEGUNDA A S\u00c1BADO. "}, {"id": "669", "ano": "2014", "numero": "51", "tipo__sigla": "REQ", "tipo__descricao": "Requerimento", "autoria": "Alcino Diniz", "texto_original": "http://sapl.marechalfloriano.es.leg.br/media/./sapl/public/materialegislativa/2014/669/669_texto_integral.rar", "ementa": "REQUER QUE SEJA ENCAMINHADA A PRESTA\u00c7\u00c3O DE CONTA DETALHADA REFERENTE A OS VALORES QUE S\u00c3O RETIDOS DOS ARTES\u00d5ES. "}, {"id": "670", "ano": "2014", "numero": "52", "tipo__sigla": "REQ", "tipo__descricao": "Requerimento", "autoria": "Renato Werneck", "texto_original": "http://sapl.marechalfloriano.es.leg.br/media/./sapl/public/materialegislativa/2014/670/670_texto_integral.pdf", "ementa": "REQUER, RELA\u00c7\u00c3O MENSAL DE TODOS OS PEDIDOS DE COMPRAS DE MATERIAIS QUE S\u00c3O SOLICITADOS PARA SEREM UTILIZADOS NA POLICL\u00cdNICA, C\u00d3PIA DE NOTA FISCAL DE TODOS OS PRODUTOS QUE FORAM ADQUIRIDOS  NESTE ANO AT\u00c9 A PRESENTE DATA."}, {"id": "671", "ano": "2014", "numero": "53", "tipo__sigla": "REQ", "tipo__descricao": "Requerimento", "autoria": "Renato Werneck", "texto_original": "http://sapl.marechalfloriano.es.leg.br/media/./sapl/public/materialegislativa/2014/671/671_texto_integral.pdf", "ementa": "REQUER IGUALDADE NAS OBRIGA\u00c7\u00d5ES EM RELA\u00c7\u00c3O AO CUMPRIMENTO DA CARGA HOR\u00c1RIA DOS SERVIDORES DO PODER EXECUTIVO, SENDO DISPONIBILIZADOS PARA TODOS OS SETORES E SECRETARIA MUNICIPAIS O REL\u00d3GIO DE PONTO BIOM\u00c9TRICO, INCLUSIVE PARA O SETOR ADMINISTRATIVO DA PREFEITURA MUNICIPAL, PROMOVENDO A IGUALDADE NO TRATAMENTO ENTRE OS SERVIDORES P\u00daBLICOS. "}, {"id": "672", "ano": "2014", "numero": "54", "tipo__sigla": "REQ", "tipo__descricao": "Requerimento", "autoria": "D\u00f3rio Braun (Suplente)", "texto_original": "http://sapl.marechalfloriano.es.leg.br/media/./sapl/public/materialegislativa/2014/672/672_texto_integral.pdf", "ementa": "REQUER QUE SEJAM ADOTADAS MEDIDAS DI\u00c1RIAS NO SENTIDO DE FISCALIZAR O MAU USO DOS VE\u00cdCULOS DA SECRETARIA MUNICIPAL DE OBRAS, PROMOVENDO UMA AVERIGUA\u00c7\u00c3O PERMANENTE NOS N\u00cdVEIS DE \u00d3LEO, PNEUS, ROLAMENTOS E DEMAIS OUTRAS ANALISES IMPORTANTES QUE POSSAM AUMENTAR A VIDA \u00daTIL DESTES VE\u00cdCULOS."}, {"id": "673", "ano": "2014", "numero": "55", "tipo__sigla": "REQ", "tipo__descricao": "Requerimento", "autoria": "Alcino Diniz", "texto_original": "http://sapl.marechalfloriano.es.leg.br/media/./sapl/public/materialegislativa/2014/673/673_texto_integral.pdf", "ementa": "REQUEIRO QUE SEJA REALIZADO A RO\u00c7AGEM, PATROLAMENTO E CASCALHAMENTO DA ESTRADA PRINCIPAL DE SO\u00cdDO DE BAIXO."}, {"id": "674", "ano": "2014", "numero": "56", "tipo__sigla": "REQ", "tipo__descricao": "Requerimento", "autoria": "Cabral", "texto_original": "http://sapl.marechalfloriano.es.leg.br/media/./sapl/public/materialegislativa/2014/674/674_texto_integral.pdf", "ementa": "REQUER DO PODER EXECUTIVO A REVIS\u00c3O DOS DIVERSOS PEDIDOS DE INSTALA\u00c7\u00c3O DE QUEBRA MOLAS EM NOSSO MUNIC\u00cdPIO, POIS EM MUITOS DOS LOCAIS SOLICITADOS OS MESMOS AINDA N\u00c3O FORAM INSTALADOS."}, {"id": "675", "ano": "2014", "numero": "57", "tipo__sigla": "REQ", "tipo__descricao": "Requerimento", "autoria": "Alcino Diniz", "texto_original": "http://sapl.marechalfloriano.es.leg.br/media/./sapl/public/materialegislativa/2014/675/675_texto_integral.pdf", "ementa": "REQUEIRO QUE SEJAM REALIZADAS AS DEVIDAS MANUTEN\u00c7\u00d5ES E REPAROS NOS EQUIPAMENTOS NA UNIDADE DE SA\u00daDE DE SO\u00cdDO DE BAIXO, PRINCIPALMENTE NO ESTERILIZADOR, NA CADEIRA DE USO DO CONSULT\u00d3RIO DO DENTISTA E NA CONSTRU\u00c7\u00c3O DE UMA RAMPA DE ACESSO AO POSTO DE SA\u00daDE. "}, {"id": "676", "ano": "2014", "numero": "58", "tipo__sigla": "REQ", "tipo__descricao": "Requerimento", "autoria": "Juarez Xavier", "texto_original": "http://sapl.marechalfloriano.es.leg.br/media/./sapl/public/materialegislativa/2014/676/676_texto_integral.pdf", "ementa": "REQUER QUE A PREFEITURA MUNICIPAL DOTE AS MEDIDAS NECESS\u00c1RIAS EM RELA\u00c7\u00c3O A CONTRATA\u00c7\u00c3O DOS SERVI\u00c7OS T\u00c9CNICOS NECESS\u00c1RIOS PARA QUE REALMENTE SEJAM EXPEDIDAS JUNTO A SECRETARIA MUNICIPAL DE MEIO AMBIENTE AS DEVIDAS LICEN\u00c7AS PARA OS MUN\u00cdCIPES QUE NECESSITAM DO SERVI\u00c7O. "}, {"id": "677", "ano": "2014", "numero": "59", "tipo__sigla": "REQ", "tipo__descricao": "Requerimento", "autoria": "CECT - COMISS\u00c3O DE ESPORTE, CULTURA E TURISMO", "texto_original": "http://sapl.marechalfloriano.es.leg.br/media/./sapl/public/materialegislativa/2014/677/677_texto_integral.rar", "ementa": "REQUER A VOSSA EXCEL\u00caNCIA QUE ADOTEM AS MEDIDAS NECESS\u00c1RIAS PARA A IMPLANTA\u00c7\u00c3O DO PLANO MUNICIPAL DO TURISMO, ONDE CERTAMENTE AUMENTAR\u00c1 DE FORMA SIGNIFICATIVA A ECONOMIA MUNICIPAL, AL\u00c9M DE GERAR UMA GRANDE QUANTIDADE DE EMPREGO E RENDA PARA AS FAM\u00cdLIAS DE MARECHAL FLORIANO. "}, {"id": "678", "ano": "2014", "numero": "60", "tipo__sigla": "REQ", "tipo__descricao": "Requerimento", "autoria": "Alcino Diniz", "texto_original": "http://sapl.marechalfloriano.es.leg.br/media/./sapl/public/materialegislativa/2014/678/678_texto_integral.pdf", "ementa": "MEDIANTE OS PEDIDOS DOS MORADORES DE MARECHAL FLORIANO, PARA ESCRITURAR OS LOTES COM MEDIDAS INFERIOR A 300M\u00b2, REQUEIRO DE VOSSA EXCEL\u00caNCIA O ENCAMINHAMENTO A ESTA CASA DE LEIS, DE UM PROJETO AUTORIZANDO OS CART\u00d3RIOS A EMITIREM A ESCRITURA P\u00daBLICA DE POSSE DESTE REFERIDOS IMOVEIS.   "}, {"id": "679", "ano": "2014", "numero": "61", "tipo__sigla": "REQ", "tipo__descricao": "Requerimento", "autoria": "D\u00f3rio Braun (Suplente)", "texto_original": "http://sapl.marechalfloriano.es.leg.br/media/sapl/public/materialegislativa/2014/679/061-2014.pdf", "ementa": "REQUER PROVID\u00caNCIAS POR PARTE DO PODER EXECUTIVO MUNICIPAL, NO SENTIDO DE PROMOVER CAMPANHAS MUNICIPAIS VISANDO A CONSCIENTIZA\u00c7\u00c3O E IMPORT\u00c2NCIA DA DOA\u00c7\u00c3O DE SANGUE PARA SALVAR VIDAS."}, {"id": "680", "ano": "2014", "numero": "62", "tipo__sigla": "REQ", "tipo__descricao": "Requerimento", "autoria": "Alcino Diniz", "texto_original": "http://sapl.marechalfloriano.es.leg.br/media/./sapl/public/materialegislativa/2014/680/680_texto_integral.rar", "ementa": "DEVIDO AO SOM EMITIDO PELOS APARELHOS SONOROS NOS EVENTOS RELACIONADOS A ATRA\u00c7\u00d5ES MUSICAIS, REQUEIRO QUE NOS PR\u00d3XIMOS EVENTOS RELACIONADOS AO MESMO, SEJAM ANALISADOS E LEVADO EM CONSIDERA\u00c7\u00c3O OS \u00cdNDICES PERMITIDOS POR LEI, EVITANDO QUE NOSSOS MUN\u00cdCIPES FIQUEM PREJUDICADOS COM OS EVENTOS, E POSSAM FICAR TRANQUILOS NO SOSSEGO  DE SUAS RESIDENCIAS.      "}, {"id": "681", "ano": "2014", "numero": "63", "tipo__sigla": "REQ", "tipo__descricao": "Requerimento", "autoria": "Coquinho", "texto_original": "http://sapl.marechalfloriano.es.leg.br/media/./sapl/public/materialegislativa/2014/681/681_texto_integral.pdf", "ementa": "REQUER INTERVEN\u00c7\u00c3O DO PODER EXECUTIVO MUNICIPAL NO SENTIDO  DE EXIGIR MAIS CRIT\u00c9RIOS DE SEGURAN\u00c7A PARA OS PROPRIET\u00c1RIOS DE CASAS DE ENTRETENIMENTO NOTURNO E OUTROS AMBIENTES SIMILARES QUE OFERECEM SHOWS, DENTRE ELES C\u00c2MERAS DE MONITORAMENTO.   "}, {"id": "682", "ano": "2014", "numero": "64", "tipo__sigla": "REQ", "tipo__descricao": "Requerimento", "autoria": "Alcino Diniz", "texto_original": "http://sapl.marechalfloriano.es.leg.br/media/./sapl/public/materialegislativa/2014/682/682_texto_integral.pdf", "ementa": "REQUER IGUALDADE EM RELA\u00c7\u00c3O AO REGISTRO DO PONTO BIOM\u00c9TRICO, SENDO EXIGIDOS A CARGA HOR\u00c1RIA CORRETA, ENTRE M\u00c9DICOS, ENFERMEIROS E DEMAIS OUTROS SERVIDORES DE POLICL\u00cdNICA ARY RIBEIRO DA SILVA, EXIGINDO TRATAMENTO IMPARCIAL EM TODAS AS CATEGORIAS, FAZENDO COM QUE TODOS CUMPRAM A SUA DEVIDA CARGA HOR\u00c1RIA QUE SUA FUN\u00c7\u00c3O COMPETE. "}, {"id": "683", "ano": "2014", "numero": "65", "tipo__sigla": "REQ", "tipo__descricao": "Requerimento", "autoria": "Juarez Xavier", "texto_original": "http://sapl.marechalfloriano.es.leg.br/media/./sapl/public/materialegislativa/2014/683/683_texto_integral.pdf", "ementa": "REQUER AO PODER EXECUTIVO A INSTITUI\u00c7\u00c3O DE UMA AUDI\u00caNCIA P\u00daBLICA, PARA ANALISAR JUNTO A POPULA\u00c7\u00c3O AS VANTAGENS E DESVANTAGENS QUE POR VENTURA OCORREM EM VIRTUDE DA APROVA\u00c7\u00c3O DO PROJETO DE LEI N\u00b0 045/2014.  "}, {"id": "684", "ano": "2014", "numero": "66", "tipo__sigla": "REQ", "tipo__descricao": "Requerimento", "autoria": "Cabral", "texto_original": "http://sapl.marechalfloriano.es.leg.br/media/./sapl/public/materialegislativa/2014/684/684_texto_integral.rar", "ementa": "CONSIDERANDO A FALTA DE OP\u00c7\u00d5ES DE LAZER PARA OS MORADORES DO BAIRRO SANTA RITA REQUEIRO O SEGUINTE, QUE SEJAM ADOTADAS MEDIDAS PARA CONSTRU\u00c7\u00c3O DE UMA PRA\u00c7A NESTE LOCAL AO LADO DA UNIDADE DE SA\u00daDE, APROVEITANDO O ESPA\u00c7O DE CAMPINHO DE AREIA, O ESPA\u00c7O EM ANEXO A PADARIA VISANDO IMPLANTA\u00c7\u00c3O DE UM PARQUINHO COM BRINQUEDOS, PARA SEREM UTILIZADOS PELAS CRIAN\u00c7AS DA COMUNIDADE, AL\u00c9M DAS CRIAN\u00c7AS DA CRECHE MIGUEL FEU ROSA."}, {"id": "685", "ano": "2014", "numero": "67", "tipo__sigla": "REQ", "tipo__descricao": "Requerimento", "autoria": "Juarez Xavier", "texto_original": "http://sapl.marechalfloriano.es.leg.br/media/sapl/public/materialegislativa/2014/685/067-2014.pdf", "ementa": "REAJUSTE FINANCEIRO PARA O QUADRO DE FUNCION\u00c1RIOS EFETIVOS DO PODER EXECUTIVO MUNICIPAL, OU CASO N\u00c3O SEJA POSS\u00cdVEL QUE O PODER EXECUTIVO MUNICIPAL CONCEDA O REAJUSTE NO TICKET ALIMENTA\u00c7\u00c3O, UMA VEZ QUE ESTE BENEFICIO N\u00c3O AUMENTAR\u00c1 NOS PERCENTUAIS RELACIONADOS AO LIMITE DA FOLHA DE PAGAMENTO, NEM ACARRETARA NO AUMENTO DE IMPOSTOS TRABALHISTAS, SENDO ESTA UMA ALTERNATIVA PARA AJUDAR OS SERVIDORES MUNICIPAIS."}, {"id": "686", "ano": "2014", "numero": "68", "tipo__sigla": "REQ", "tipo__descricao": "Requerimento", "autoria": "D\u00f3rio Braun (Suplente)", "texto_original": "http://sapl.marechalfloriano.es.leg.br/media/./sapl/public/materialegislativa/2014/686/686_texto_integral.pdf", "ementa": "QUE O PODER EXECUTIVO MUNICIPAL DISPONIBILIZE A CONCESS\u00c3O DO KIT DE HIGIENE BUCAL AOS ALUNOS DAS ESCOLAS P\u00daBLICAS MUNICIPAIS. "}, {"id": "687", "ano": "2014", "numero": "69", "tipo__sigla": "REQ", "tipo__descricao": "Requerimento", "autoria": "D\u00f3rio Braun (Suplente)", "texto_original": "http://sapl.marechalfloriano.es.leg.br/media/./sapl/public/materialegislativa/2014/687/687_texto_integral.pdf", "ementa": "QUE O PODER EXECUTIVO MUNICIPAL DISPONIBILIZE A CONCESS\u00c3O DE CARTILHAS CONTENDO INFORMA\u00c7\u00c3O SOBRE A IMPORT\u00c2NCIA DA PRESERVA\u00c7\u00c3O, REUTILIZA\u00c7\u00c3O E USO RACIONAL DE \u00c1GUA, AOS ALUNOS DA REDE MUNICIPAL DE ENSINO. "}, {"id": "688", "ano": "2014", "numero": "70", "tipo__sigla": "REQ", "tipo__descricao": "Requerimento", "autoria": "Cezinha Ronchi", "texto_original": "http://sapl.marechalfloriano.es.leg.br/media/./sapl/public/materialegislativa/2014/688/688_texto_integral.pdf", "ementa": "VENHO PROPOR A ESTA EGR\u00c9GIA CASA DE LEIS A INSTALA\u00c7\u00c3O DE UMA AUDI\u00caNCIA P\u00daBLICA EM CONJUNTO COM A SECRETARIA MUNICIPAL DE A\u00c7\u00c3O SOCIAL E DIREITOS HUMANOS, PARA PROMOVERMOS A\u00c7\u00d5ES QUE ELIMINEM DE VEZ OS MAUS-TRATOS DOM\u00c9STICOS, EXPLORA\u00c7\u00c3O INFANTIL E OUTROS TEMAS QUE GARANTAM O BEM ESTAR DAS CRIAN\u00c7AS E JOVENS.    "}, {"id": "689", "ano": "2014", "numero": "71", "tipo__sigla": "REQ", "tipo__descricao": "Requerimento", "autoria": "Renato Werneck", "texto_original": "http://sapl.marechalfloriano.es.leg.br/media/./sapl/public/materialegislativa/2014/689/689_texto_integral.pdf", "ementa": "REQUEIRO DO PODER EXECUTIVO MUNICIPAL INFORMA\u00c7\u00d5ES POR ESCRITO REFERENTE AO MOTIVO PELO QUAL O LABORAT\u00d3RIO DA POLICL\u00cdNICA ARY RIBEIRO  DA SILVA, PASSOU A FUNCIONAR SOMENTE AT\u00c9 AS 16:00 HORAS, UMA VEZ QUE O MESMO SEMPRE PRESTOU SEUS SERVI\u00c7OS NORMALMENTE AT\u00c9 AS 17:00 HORAS.  "}, {"id": "690", "ano": "2014", "numero": "72", "tipo__sigla": "REQ", "tipo__descricao": "Requerimento", "autoria": "Renato Werneck", "texto_original": "http://sapl.marechalfloriano.es.leg.br/media/./sapl/public/materialegislativa/2014/690/690_texto_integral.pdf", "ementa": "REQUER INFORMA\u00c7\u00d5ES POR ESCRITO INFORMANDO QUAIS S\u00c3O OS MOTIVOS QUE LEVARAM A SECRETARIA MUNICIPAL DE SA\u00daDE A LEVAR ESTES EXAMES PARA OUTRO LABORAT\u00d3RIO, UMA VEZ QUE H\u00c1 EQUIPAMENTOS E PROFISSIONAIS CONTRATADOS PARA EXECUTAREM ESTE SERVI\u00c7O.  "}, {"id": "691", "ano": "2014", "numero": "73", "tipo__sigla": "REQ", "tipo__descricao": "Requerimento", "autoria": "Cabral", "texto_original": "http://sapl.marechalfloriano.es.leg.br/media/./sapl/public/materialegislativa/2014/691/691_texto_integral.pdf", "ementa": "CONSIDERANDO QUE A MAIS DE UM M\u00caS QUE O MUNIC\u00cdPIO  RECEBEU A DOA\u00c7\u00c3O DE UM CAMINH\u00c3O COLETOR DE LIXO, VENHO REQUERER POR ESCRITO INFORMA\u00c7\u00d5ES SOBRE QUAL O MOTIVO OU PENDENCIAS PARA QUE AT\u00c9 O MOMENTO ESTE EQUIPAMENTO N\u00c3O FOI COLOCADO PARA  OPERAR NOS SERVI\u00c7OS DE COLETA DE LIXO DE NOSSA CIDADE. "}, {"id": "692", "ano": "2014", "numero": "74", "tipo__sigla": "REQ", "tipo__descricao": "Requerimento", "autoria": "Coquinho", "texto_original": "http://sapl.marechalfloriano.es.leg.br/media/./sapl/public/materialegislativa/2014/692/692_texto_integral.pdf", "ementa": "REAJUSTE NO TICKET ALIMENTA\u00c7\u00c3O DOS SERVIDORES DA PREFEITURA MUNICIPAL, CONCEDENDO UMA AJUDA IGUALIT\u00c1RIA A TODOS OS SERVIDORES, DE FORMA IMPARCIAL, PASSANDO DE R$ 100,00 (CEM REAIS) PARA NO M\u00cdNIMO R$ 200,00 (DUZENTOS REAIS), SENDO ESTA UMA SA\u00cdDA PALIATIVA  PARA AJUDAR OS SERVIDORES UMA VEZ QUE ESTE N\u00c3O ACARRETAR\u00c1 NOS LIMITES DA FOLHA, NEM PROPORCIONAR\u00c1 UM AUMENTO DE IMPOSTOS TRABALHISTAS.  "}, {"id": "693", "ano": "2014", "numero": "75", "tipo__sigla": "REQ", "tipo__descricao": "Requerimento", "autoria": "Coquinho", "texto_original": "http://sapl.marechalfloriano.es.leg.br/media/./sapl/public/materialegislativa/2014/693/693_texto_integral.pdf", "ementa": "PORTANTO, ACATANDO O PEDIDO DOS MORADORES E COMERCIANTES DE MARECHAL FLORINO, VENHO SUGERIR A VOSSA EXCEL\u00caNCIA PARA QUE AS IMPORTANTES RONDAS REALIZADAS TAMB\u00c9M ATRAV\u00c9S DE CAMINHADAS NAS RUAS, VISANDO AS PRA\u00c7AS COL\u00c9GIOS E COM\u00c9RCIOS DA SEDE, PROMOVENDO UM CONTATO MAIS DIRETO COMA POPULA\u00c7\u00c3O, GARANTINDO MAIS SEGURAN\u00c7A A TODAS  "}, {"id": "694", "ano": "2014", "numero": "76", "tipo__sigla": "REQ", "tipo__descricao": "Requerimento", "autoria": "Alcino Diniz", "texto_original": "http://sapl.marechalfloriano.es.leg.br/media/./sapl/public/materialegislativa/2014/694/694_texto_integral.pdf", "ementa": "CONSIDERANDO A IMPORT\u00c2NCIA QUE A \u00c1GUA TEM PARA A SA\u00daDE DAS PESSOAS, VENHO REQUERER QUE O PODER EXECUTIVO MUNICIPAL PASSE A VISTORIAR SEMESTRALMENTE AS \u00c1GUAS QUE S\u00c3O DISPONIBILIZADAS NAS ESCOLAS MUNICIPAIS, CRECHES, UNIDADES DE SA\u00daDE E DEMAIS SETORES P\u00daBLICOS ONDE RECEBEM UMA GRANDE QUANTIDADE DE PESSOAS. "}, {"id": "695", "ano": "2014", "numero": "77", "tipo__sigla": "REQ", "tipo__descricao": "Requerimento", "autoria": "Juarez Xavier", "texto_original": "http://sapl.marechalfloriano.es.leg.br/media/./sapl/public/materialegislativa/2014/695/695_texto_integral.pdf", "ementa": "REMANEJAMENTO DE UM SERVIDOR PARA A VILA DE BOM JESUS, PARA ATEND\u00ca-LA NO QUI DIZ RESPEITO A LIMPEZA, RO\u00c7AGEM, TAPA-BURACOS E OUTROS SERVI\u00c7OS CORRELATOS."}, {"id": "696", "ano": "2014", "numero": "78", "tipo__sigla": "REQ", "tipo__descricao": "Requerimento", "autoria": "Juarez Xavier", "texto_original": "http://sapl.marechalfloriano.es.leg.br/media/./sapl/public/materialegislativa/2014/696/696_texto_integral.pdf", "ementa": "REQUER DA SECRETARIA MUNICIPAL DE OBRAS E SERVI\u00c7OS URBANOS A REALIZA\u00c7\u00c3O DE MANUTEN\u00c7\u00c3O DAS ESTRADAS DE TODA A COMUNIDADE DE BOM JESUS E ADJAC\u00caNCIAS. "}, {"id": "697", "ano": "2014", "numero": "79", "tipo__sigla": "REQ", "tipo__descricao": "Requerimento", "autoria": "Juarez Xavier", "texto_original": "http://sapl.marechalfloriano.es.leg.br/media/./sapl/public/materialegislativa/2014/697/697_texto_integral.pdf", "ementa": "REQUER O ENVIO DE C\u00d3PIA XEROGR\u00c1FICA DE TODA DOCUMENTA\u00c7\u00c3O  REFERENTE AOS SERVI\u00c7OS PRESTADOS PELOS SENHORES ADELMO RUBENS STEIN E JOS\u00c9 SCHNEIDER \u00c0 PREFEITURA MUNICIPAL, NO PER\u00cdODO DE 2004 A 2006. "}, {"id": "698", "ano": "2014", "numero": "80", "tipo__sigla": "REQ", "tipo__descricao": "Requerimento", "autoria": "D\u00f3rio Braun (Suplente)", "texto_original": "http://sapl.marechalfloriano.es.leg.br/media/./sapl/public/materialegislativa/2014/698/698_texto_integral.pdf", "ementa": "MEDIANTE A NECESSIDADE DE REALIZAR MELHORIAS PARA O DISTRITO DE ARAGUAIA, VENHO REQUERER AS SEGUINTES PROVID\u00caNCIAS, INSTALA\u00c7\u00c3O DE APROXIMADAMENTE 5 NOVAS TAMPAS DE BUEIROS, TENDO EM VISTA QUE MUITOS EST\u00c3O SEM TAMPAS E ALGUMAS DANIFICADAS, ENTRE OUTRAS MELHORIAS."}, {"id": "699", "ano": "2014", "numero": "81", "tipo__sigla": "REQ", "tipo__descricao": "Requerimento", "autoria": "Cabral", "texto_original": "http://sapl.marechalfloriano.es.leg.br/media/./sapl/public/materialegislativa/2014/699/699_texto_integral.pdf", "ementa": "REQUER  DO PODER EXECUTIVO MUNICIPAL RELA\u00c7\u00c3O COMPLETA DAS FAM\u00cdLIAS QUE S\u00c3O BENEFICIADAS COM O ALUGUEL SOCIAL, CONTENDO NOME COMPLETO DOS INTEGRANTES DA FAM\u00cdLIA BENEFICIADA, EM QUAL CIDADE A FAM\u00cdLIA RESIDIA ANTES DE CHEGAR EM MARECHAL FLORIANO, NOME DO PROPRIET\u00c1RIO DO IM\u00d3VEL ALUGADO, ENDERE\u00c7O DO  IM\u00d3VEL E VALOR DO ALUGUEL."}, {"id": "700", "ano": "2014", "numero": "82", "tipo__sigla": "REQ", "tipo__descricao": "Requerimento", "autoria": "Cabral", "texto_original": "http://sapl.marechalfloriano.es.leg.br/media/./sapl/public/materialegislativa/2014/700/700_texto_integral.rar", "ementa": "REQUER O SEGUINTE, NORMALIZA\u00c7\u00c3O DOS ATOS RELACIONADOS AO BOM ANDAMENTO E EXECU\u00c7\u00c3O DOS TRABALHOS DA BANDA JUNIOR, SENDO FORNECIDO NORMALMENTE A ALIMENTA\u00c7\u00c3O E TRANSPORTE AL\u00c9M DE OUTROS BENEF\u00cdCIOS QUE POSSA MELHORAR O DESEMPENHO DA MESMA.   "}, {"id": "701", "ano": "2014", "numero": "83", "tipo__sigla": "REQ", "tipo__descricao": "Requerimento", "autoria": "Juarez Xavier", "texto_original": "http://sapl.marechalfloriano.es.leg.br/media/./sapl/public/materialegislativa/2014/701/701_texto_integral.rar", "ementa": "CONSIDERANDO A CRIA\u00c7\u00c3O DO CONDOM\u00cdNIO DOS NOBRES, LOCALIZADO NO ANTIGO CENTRO RECREATIVO ARTHUR HAESE, E TENDO EM VISTA O CRESCIMENTO DO N\u00daMERO DE MORADORES QUE ALI J\u00c1 EST\u00c3O RESIDINDO, VENHO REQUERER QUE SEJAM PROVIDENCIADAS A IMPLANTA\u00c7\u00c3O DE DRENAGEM, PAVIMENTA\u00c7\u00c3O E INSTALA\u00c7\u00c3O DE ILUMINA\u00c7\u00c3O P\u00daBLICA.  "}, {"id": "702", "ano": "2014", "numero": "84", "tipo__sigla": "REQ", "tipo__descricao": "Requerimento", "autoria": "Juarez Xavier", "texto_original": "http://sapl.marechalfloriano.es.leg.br/media/./sapl/public/materialegislativa/2014/702/702_texto_integral.pdf", "ementa": "REQUEIRO DO PODER EXECUTIVO MUNICIPAL RELA\u00c7\u00c3O COMPLETA DOS SERVIDORES LOTADOS NA SECRETARIA MUNICIPAL DE EDUCA\u00c7\u00c3O, CONTENDO SEUS RESPECTIVOS TURNOS, REMUNERA\u00c7\u00c3O E LOCAIS DE TRABALHO. "}, {"id": "703", "ano": "2014", "numero": "85", "tipo__sigla": "REQ", "tipo__descricao": "Requerimento", "autoria": "Juarez Xavier", "texto_original": "http://sapl.marechalfloriano.es.leg.br/media/./sapl/public/materialegislativa/2014/703/703_texto_integral.rar", "ementa": "TENDO EM VISTA QUE A CAIXA D'\u00c1GUA QUE ARMAZENA A \u00c1GUA PARA A ESCOLA MUNICIPAL MORRO BAIXO, LOCALIZADA NA COMUNIDADE DE BOM JESUS E DE AMIANTO  , UMA VEZ QUE A MESMA \u00c9 CONSIDERADA PREJUDICIAL A SA\u00daDE. REQUER O SEGUINTE SUBSTITUI\u00c7\u00c3O DA CAIXA D'\u00c1GUA DE AMIANTO DE 500 LITROS, POR OUTRA CAIXA DE 1.000 LITROS DE FIBRA, INSTALA\u00c7\u00c3O DESTA CAIXA EM UM LOCAL MAIS APROPRIADO VISANDO PROPORCIONAR MAIOR FACILIDADE NA LIMPEZA E ENTRE OUTROS "}, {"id": "704", "ano": "2014", "numero": "86", "tipo__sigla": "REQ", "tipo__descricao": "Requerimento", "autoria": "DAVI", "texto_original": "http://sapl.marechalfloriano.es.leg.br/media/sapl/public/materialegislativa/2014/704/086-2014.pdf", "ementa": "REQUER DO PODER LEGISLATIVO A INSTALA\u00c7\u00c3O DE EQUIPAMENTO CRONOL\u00d3GICO PARA A FISCALIZAR A TEMPO DE 10 MINUTOS DE EXPEDIENTE DO DIA ESTIPULADO PELO REGIMENTO INTERNO DESTA CASA DE LEIS."}, {"id": "705", "ano": "2014", "numero": "87", "tipo__sigla": "REQ", "tipo__descricao": "Requerimento", "autoria": "D\u00f3rio Braun (Suplente)", "texto_original": "http://sapl.marechalfloriano.es.leg.br/media/sapl/public/materialegislativa/2014/705/087-2014.pdf", "ementa": "CONSIDERANDO A CONSTRU\u00c7\u00c3O DOS CAMPOS BOM DE BOLA DO DISTRITO DE ARAGUAIA E SO\u00cdDO DE BAIXO, VENHO REQUERER QUE SEJAM REALIZADOS OS SERVI\u00c7OS ATRAV\u00c9S DE MURO DE CONTEN\u00c7\u00c3O NAS LATERAIS OU PLANTIO DE GRAMA EVITANDO QUE AS CHUVAS PROVOQUEM A EROS\u00c3O DO BARRANCO A ESTRUTURA DO CAMPO."}, {"id": "706", "ano": "2014", "numero": "88", "tipo__sigla": "REQ", "tipo__descricao": "Requerimento", "autoria": "Alcino Diniz, D\u00f3rio Braun (Suplente)", "texto_original": "http://sapl.marechalfloriano.es.leg.br/media/./sapl/public/materialegislativa/2014/706/706_texto_integral.pdf", "ementa": "CONSIDERANDO A CRIA\u00c7\u00c3O DO SERVI\u00c7O VOLUNTARIADO CIVIL NO MUNIC\u00cdPIO DE MARECHAL FLORIANO  E CONSIDERANDO A SANS\u00c3O DA LEI MUNICIPAL N\u00b0 1.220, DE 01 DE ABRIL DE  2013, ONDE INSTITUI A PRESTA\u00c7\u00c3O DE CONTAS DESTE SERVI\u00c7O, CONSIDERANDO QUE AT\u00c9 O PRESENTE MOMENTO NENHUMA SATISFA\u00c7\u00c3O FOI DADA A ESTA CASA DE LEIS, VENHO REQUERER O QUE SEGUE, C\u00d3PIA DO ATO DE NOMEA\u00c7\u00c3O DE TODOS OS VOLUNT\u00c1RIOS, RELAT\u00d3RIOS DE  SERVI\u00c7OS EXECUTADOS, COMPROVANTES DE DESPESAS RESSARCIDAS ENTRE OUTROS.    "}, {"id": "707", "ano": "2014", "numero": "89", "tipo__sigla": "REQ", "tipo__descricao": "Requerimento", "autoria": "Renato Werneck", "texto_original": "http://sapl.marechalfloriano.es.leg.br/media/./sapl/public/materialegislativa/2014/707/707_texto_integral.pdf", "ementa": "REQUER C\u00d3PIA DE CONTRATOS REFERENTE A PASSAGENS A\u00c9REAS ADQUIRIDAS PELA PREFEITURA, TERMO DE REFER\u00caNCIA ADIANTAMENTOS E RELA\u00c7\u00c3O DE DI\u00c1RIAS A CADA PASSAGEM A\u00c9REA ADQUIRIDA PELO PODER EXECUTIVO MUNICIPAL  DURANTE O PER\u00cdODO DE JANEIRO DE 2013 A JUNHO DE 2014."}, {"id": "708", "ano": "2014", "numero": "90", "tipo__sigla": "REQ", "tipo__descricao": "Requerimento", "autoria": "Renato Werneck", "texto_original": "http://sapl.marechalfloriano.es.leg.br/media/./sapl/public/materialegislativa/2014/708/708_texto_integral.pdf", "ementa": "REQUER C\u00d3PIA DE PRESTA\u00c7\u00c3O DE CONTA DETALHADA RELACIONADA \u00c1 CONCESS\u00c3O DE PASSAGENS A\u00c9REAS, DI\u00c1RIAS, ADIANTAMENTO E DEMAIS BENEF\u00cdCIOS RELACIONADOS A VIAGENS PAGAS PELO PODER EXECUTIVO MUNICIPAL E OFERECIDAS AO AO SECRET\u00c1RIO MUNICIPAL DE SA\u00daDE, SENHOR PEDRO MIGUEL, DESDE A SUA ADMISS\u00c3O AT\u00c9 JUNHO DE 2014. "}, {"id": "709", "ano": "2014", "numero": "91", "tipo__sigla": "REQ", "tipo__descricao": "Requerimento", "autoria": "Renato Werneck", "texto_original": "http://sapl.marechalfloriano.es.leg.br/media/./sapl/public/materialegislativa/2014/709/709_texto_integral.rar", "ementa": "PORTANTO, MEDIANTE OBRIGATORIEDADE DO SERVIDOR REGISTRAR O SEU PONTO PARA GARANTIR A TOTALIDADE DE SEU SALARIO NO FINAL DO M\u00caS, VENHO REQUERER OS REGISTROS DE PONTO DE TRABALHO DO SERVIDOR RODRIGO JOS\u00c9 MAZZONI CIDADE, PARA QUE POSSAMOS ANALISAR A REMUNERA\u00c7\u00c3O DESTE SERVIDOR, SE EST\u00c1 COMPAT\u00cdVEL AOS DIAS DE TRABALHO.  "}, {"id": "710", "ano": "2014", "numero": "92", "tipo__sigla": "REQ", "tipo__descricao": "Requerimento", "autoria": "Juarez Xavier", "texto_original": "http://sapl.marechalfloriano.es.leg.br/media/./sapl/public/materialegislativa/2014/710/710_texto_integral.pdf", "ementa": "REQUER REALIZA\u00c7\u00c3O DE SERVI\u00c7OS DE PATROLAMENTO CASCALHAMENTO LIMPEZA E RO\u00c7AGEM, CONSTRU\u00c7\u00c3O DE BUEIROS NA ESTRADA QUE OFERECE ACESSO A COMUNIDADE DE VILA SCHUNCK INICIANDO NA BR."}, {"id": "711", "ano": "2014", "numero": "93", "tipo__sigla": "REQ", "tipo__descricao": "Requerimento", "autoria": "Cabral", "texto_original": "http://sapl.marechalfloriano.es.leg.br/media/./sapl/public/materialegislativa/2014/711/711_texto_integral.pdf", "ementa": "REQUER QUE O PODE EXECUTIVO MUNICIPAL ADOTE MEDIDAS DE FISCALIZA\u00c7\u00c3O SOBRE A PERMAN\u00caNCIA DE AMBULANTES EM NOSSA CIDADE.  "}, {"id": "712", "ano": "2014", "numero": "94", "tipo__sigla": "REQ", "tipo__descricao": "Requerimento", "autoria": "Alcino Diniz", "texto_original": "http://sapl.marechalfloriano.es.leg.br/media/./sapl/public/materialegislativa/2014/712/712_texto_integral.rar", "ementa": "REQUER O SEGUINTE, CAL\u00c7AMENTO DA SUBIDA QUE OFERECE ACESSO AO POSTO DE SA\u00daDE  DE SO\u00cdDO DE BAIXO, REPAROS NAS INSTALA\u00c7\u00d5ES ODONTOL\u00d3GICAS, CONSERTO DO ESTERILIZADOR, DIVERSAS OUTRAS MELHORIAS PARA A UNIDADE DE SA\u00daDE E O PATROLAMENTO E CASCALHAMENTO DA ESTRADA QUE LIGA A COMUNIDADE CABOCLA A COMUNIDADE DE BOA ESPERAN\u00c7A. "}, {"id": "713", "ano": "2014", "numero": "95", "tipo__sigla": "REQ", "tipo__descricao": "Requerimento", "autoria": "Coquinho", "texto_original": "http://sapl.marechalfloriano.es.leg.br/media/./sapl/public/materialegislativa/2014/713/713_texto_integral.pdf", "ementa": "CONSIDERANDO QUE A INSTALA\u00c7\u00c3O DE EMPRESAS DE GRANDE PORTE SEMPRE ALAVANCA A ECONOMIA DO MUNIC\u00cdPIO, GERANDO EMPREGO E RENDAS PARA MUITAS FAM\u00cdLIAS VENHO REQUERER A INTERVEN\u00c7\u00c3O DO PREFEITO MUNICIPAL, JUNTO A EDP ESCELSA, VISANDO A MUDAN\u00c7A DE REDE EL\u00c9TRICA NESTE LOCAL PARA ENERGIA TRIF\u00c1SICA, ONDE SE FAR\u00c1 NECESS\u00c1RIO PARA OPERAR AS INSTALA\u00c7\u00d5ES E MAQUIN\u00c1RIOS DA EMPRESA ARGALIT  EM NOSSO MUNIC\u00cdPIO, PRECISAMENTE NAS PROXIMIDADES DA PROPRIEDADE DA FAM\u00cdLIA LITTIG EM BOA ESPERAN\u00c7A. "}, {"id": "714", "ano": "2014", "numero": "96", "tipo__sigla": "REQ", "tipo__descricao": "Requerimento", "autoria": "Juarez Xavier", "texto_original": "http://sapl.marechalfloriano.es.leg.br/media/./sapl/public/materialegislativa/2014/714/714_texto_integral.pdf", "ementa": "REQUER DO PODER EXECUTIVO MUNICIPAL A PRESTA\u00c7\u00c3O DE CONTAS DETALHADA DO 1\u00b0 FESTIVAL DE SAMBA E CHORO REALIZADO NO MUNIC\u00cdPIO DE MARECHAL FLORIANO, INFORMANDO VALORES REFERENTES \u00c1 CONTRATA\u00c7\u00c3O DE BANDAS, EQUIPAMENTOS ALIMENTA\u00c7\u00c3O, PESSOAL E DEMAIS GASTOS. "}, {"id": "715", "ano": "2014", "numero": "97", "tipo__sigla": "REQ", "tipo__descricao": "Requerimento", "autoria": "Juarez Xavier", "texto_original": "http://sapl.marechalfloriano.es.leg.br/media/./sapl/public/materialegislativa/2014/715/715_texto_integral.pdf", "ementa": "REQUER DO PODER EXECUTIVO MUNICIPAL A REMARCA\u00c7\u00c3O DA SINALIZA\u00c7\u00c3O HORIZONTAL DAS RUAS DO MUNIC\u00cdPIO DE MARECHAL FLORIANO, EM ESPECIAL AS FAIXAS DE PEDESTRES."}, {"id": "716", "ano": "2014", "numero": "98", "tipo__sigla": "REQ", "tipo__descricao": "Requerimento", "autoria": "DAVI", "texto_original": "http://sapl.marechalfloriano.es.leg.br/media/sapl/public/materialegislativa/2014/716/098-2014.pdf", "ementa": "CORTE DE ALGUMAS ARVORES QUE ENCONTRAM-SE EM SITUA\u00c7\u00c3O DE RISCO, CORRENDO O RISCO DE CAIR SOBRE AS FIA\u00c7\u00d5ES EL\u00c9TRICAS, SOBRE AS PESSOAS OU SOBRE OS AUTOM\u00d3VEIS QUE ENCONTRAM-SE  ESTACIONADOS EM PARALELO AO CAL\u00c7AD\u00c3O DA RUA GUSTAVO HERTEL."}, {"id": "717", "ano": "2014", "numero": "99", "tipo__sigla": "REQ", "tipo__descricao": "Requerimento", "autoria": "Juarez Xavier", "texto_original": "http://sapl.marechalfloriano.es.leg.br/media/./sapl/public/materialegislativa/2014/717/717_texto_integral.pdf", "ementa": "REQUER A REALIZA\u00c7\u00c3O DE MANUTEN\u00c7\u00c3O E REPAROS NO ALAMBRADO LATERAL, REPAROS NAS PLACAS DE GRAMA SINT\u00c9TICA QUE EM MUITOS LOCAIS EST\u00c3O SOLTANDO DO PISO, MELHORIAS NA ILUMINA\u00c7\u00c3O E DEMAIS OUTROS SERVI\u00c7OS QUE GARANTAM A SEGURAN\u00c7A DOS USU\u00c1RIOS DO CAMPO BOM DE BOLA JOS\u00c9 HENRIQUE PEREIRA. "}, {"id": "718", "ano": "2014", "numero": "100", "tipo__sigla": "REQ", "tipo__descricao": "Requerimento", "autoria": "Juarez Xavier", "texto_original": "http://sapl.marechalfloriano.es.leg.br/media/./sapl/public/materialegislativa/2014/718/718_texto_integral.rar", "ementa": "REQUER QUE O PREFEITO MUNICIPAL REALMENTE COLOQUE A DISPOSI\u00c7\u00c3O TODO O MAQUIN\u00c1RIO NECESS\u00c1RIO PARA REALIZAR TODOS OS SERVI\u00c7OS NECESS\u00c1RIOS, ATENDENDO A REGI\u00c3O DE BOM JESUS POR COMPLETO. "}, {"id": "719", "ano": "2014", "numero": "101", "tipo__sigla": "REQ", "tipo__descricao": "Requerimento", "autoria": "Juarez Xavier", "texto_original": "http://sapl.marechalfloriano.es.leg.br/media/./sapl/public/materialegislativa/2014/719/719_texto_integral.rar", "ementa": "REQUER DO PODER EXECUTIVO MUNICIPAL A PRESTA\u00c7\u00c3O DE CONTAS DETALHADA REFERENTE A TODOS OS GASTOS REALIZADOS NA XV ITALEMANHA."}, {"id": "720", "ano": "2014", "numero": "102", "tipo__sigla": "REQ", "tipo__descricao": "Requerimento", "autoria": "Cabral", "texto_original": "http://sapl.marechalfloriano.es.leg.br/media/./sapl/public/materialegislativa/2014/720/720_texto_integral.pdf", "ementa": "CONSIDERANDO QUE A COMUNIDADE DE BOM JESUS A INDA N\u00c3O FOI CONTEMPLADA COM EQUIPAMENTOS QUE OFERE\u00c7AM O ACESSO A INTERNET, VENHO REQUERER QUE SEJA DISPONIBILIZADO O SINAL DE INTERNET PARA TODA A COMUNIDADE, ABRANGENDO ESPECIALMENTE A REGI\u00c3O ONDE ENCONTRA-SE A ESCOLA MORRO BAIXO E POSTO DE SA\u00daDE."}, {"id": "721", "ano": "2014", "numero": "103", "tipo__sigla": "REQ", "tipo__descricao": "Requerimento", "autoria": "Cabral", "texto_original": "http://sapl.marechalfloriano.es.leg.br/media/./sapl/public/materialegislativa/2014/721/721_texto_integral.pdf", "ementa": "REQUEIRO QUE O PODER EXECUTIVO MUNICIPAL PROVIDENCIE AS MEDIDAS NECESS\u00c1RIAS PARA A CONSTRU\u00c7\u00c3O DO CENTRO DE CONVIV\u00caNCIA PARA OS INTEGRANTES DO GRUPO 3\u00aa IDADE, TENDO EM VISTA A CONTEMPLA\u00c7\u00c3O DA EMENDA PARLAMENTAR DISPONIBILIZADA PELO DEPUTADO FEDERAL JORGE SILVA, NO VALOR DE 400.000,00. "}, {"id": "722", "ano": "2014", "numero": "104", "tipo__sigla": "REQ", "tipo__descricao": "Requerimento", "autoria": "D\u00f3rio Braun (Suplente)", "texto_original": "http://sapl.marechalfloriano.es.leg.br/media/", "ementa": "REQUER DO PODER EXECUTIVO MUNICIPAL, ENCAMINHE A ESTA CASA DE LEIS UM PROJETO DE LEI CONCEDENDO O BENEFICIO DA ISEN\u00c7\u00c3O DE IMPOSTOS OU TAXAS MUNICIPAIS, A TODOS OS PROPRIET\u00c1RIOS DE IM\u00d3VEIS QUE DOARAM E QUE FUTURAMENTE DOAR\u00c3O ALGUM TIPO DE IM\u00d3VEL PARA O MUNIC\u00cdPIO.    "}, {"id": "723", "ano": "2014", "numero": "105", "tipo__sigla": "REQ", "tipo__descricao": "Requerimento", "autoria": "Renato Werneck", "texto_original": "http://sapl.marechalfloriano.es.leg.br/media/./sapl/public/materialegislativa/2014/723/723_texto_integral.rar", "ementa": "VENHO SOLICITAR A INTERVEN\u00c7\u00c3O DO MINIST\u00c9RIO P\u00daBLICO A FIM DE GARANTIR QUE OS ATENDIMENTOS B\u00c1SICOS A POPULA\u00c7\u00c3O SEJAM REALIZADOS DE FORMA INTEGRAL, ASSIM COMO PREV\u00ca AS DIVERSAS LEGISLA\u00c7\u00d5ES, DENTRE ELAS A LEI N\u00b0 8.080/90, EM SEU ART. 7\u00b0 (QUE DISP\u00d5E SOBRE OS PRINC\u00cdPIOS E DIRETRIZES DO SUS)."}, {"id": "724", "ano": "2014", "numero": "106", "tipo__sigla": "REQ", "tipo__descricao": "Requerimento", "autoria": "Coquinho", "texto_original": "http://sapl.marechalfloriano.es.leg.br/media/./sapl/public/materialegislativa/2014/724/724_texto_integral.pdf", "ementa": "REQUEIRO QUE O PODER EXECUTIVO MUNICIPAL PROVIDENCIE A REALIZA\u00c7\u00c3O DE UM LEIL\u00c3O COM VE\u00cdCULOS, MAQUIN\u00c1RIOS E SUCATAS QUE EST\u00c3O SEM SERVENTIA PARA O PODER EXECUTIVO MUNICIPAL. "}, {"id": "725", "ano": "2014", "numero": "107", "tipo__sigla": "REQ", "tipo__descricao": "Requerimento", "autoria": "Alcino Diniz", "texto_original": "http://sapl.marechalfloriano.es.leg.br/media/./sapl/public/materialegislativa/2014/725/725_texto_integral.rar", "ementa": "REQUER AO SENHOR PREFEITO QUE EXECUTE O PROJETO CRIADO PARA A CONSTRU\u00c7\u00c3O DA RUA DE LAZER, LOCALIZADA NA RUA HELENA SANTA CLARA. REQUEIRO A INDA QUE CASO VOSSA EXCEL\u00caNCIA N\u00c3O REALIZE A CONSTRU\u00c7\u00c3O DESTA RUA DE LAZER, SOLICITAMOS QUE M\u00cdNIMO SEJAM REALIZADOS A INSTALA\u00c7\u00c3O DE POSTES COM ILUMINA\u00c7\u00c3O P\u00daBLICA NO LOCAL. "}, {"id": "726", "ano": "2014", "numero": "108", "tipo__sigla": "REQ", "tipo__descricao": "Requerimento", "autoria": "Alcino Diniz", "texto_original": "http://sapl.marechalfloriano.es.leg.br/media/", "ementa": "REQUER PAVIMENTA\u00c7\u00c3O ASF\u00c1LTICA DA ESTRADA DE COSTA PEREIRA, DA ESTRADA QUE LIGA A SEDE DO MUNIC\u00cdPIO A COMUNIDADE DE BOM JESUS, AS ESTRADAS DE RIO FUNDO,BOA ESPERAN\u00c7A E SO\u00cdDO DE BAIXO. REQUER AINDA A CONSTRU\u00c7\u00c3O DAS PRA\u00c7AS P\u00daBLICAS PARA O INTERIOR DE NOSSO MUNIC\u00cdPIO.  "}, {"id": "727", "ano": "2014", "numero": "109", "tipo__sigla": "REQ", "tipo__descricao": "Requerimento", "autoria": "Cabral", "texto_original": "http://sapl.marechalfloriano.es.leg.br/media/./sapl/public/materialegislativa/2014/727/727_texto_integral.rar", "ementa": "REQUER AS SEGUINTES MELHORIAS NAS CRECHES, AMPLIA\u00c7\u00c3O DA CRECHE MIGUEL FEU ROSA, NO BAIRRO SANTA RITA, MELHORIAS EM TODA A INFRAESTRUTURA DA CRECHE FLOMIRO ENDLICH CANAL NETO."}, {"id": "728", "ano": "2014", "numero": "110", "tipo__sigla": "REQ", "tipo__descricao": "Requerimento", "autoria": "Cabral", "texto_original": "http://sapl.marechalfloriano.es.leg.br/media/./sapl/public/materialegislativa/2014/728/728_texto_integral.pdf", "ementa": "REQUEIRO DO PODER EXECUTIVO MUNICIPAL PROVID\u00caNCIAS COM URG\u00caNCIA NA LIMPEZA DOS C\u00d3RREGOS BATATAL E O QUE SE INICIA PR\u00d3XIMO A EMPRESA GLOBOAVES."}, {"id": "729", "ano": "2014", "numero": "111", "tipo__sigla": "REQ", "tipo__descricao": "Requerimento", "autoria": "Cabral", "texto_original": "http://sapl.marechalfloriano.es.leg.br/media/", "ementa": "REQUER PROVIDENCIAS URGENTES QUANTO A INSTALA\u00c7\u00c3O DE PROTE\u00c7\u00c3O NA ESCADARIA LOCALIZADA EM ANEXO A LINHA F\u00c9RREA, PR\u00d3XIMO A PADARIA DA ANINHA, EVITANDO QUE MAIS PESSOAS VENHA A SE ACIDENTAR. REQUEIRO A INDA QUE SEJAM REALIZADAS BENFEITORIAS EM TODAS AS CAL\u00c7ADAS DO MUNIC\u00cdPIO DE MARECHAL FLORIANO. "}, {"id": "730", "ano": "2014", "numero": "112", "tipo__sigla": "REQ", "tipo__descricao": "Requerimento", "autoria": "D\u00f3rio Braun (Suplente)", "texto_original": "http://sapl.marechalfloriano.es.leg.br/media/./sapl/public/materialegislativa/2014/730/730_texto_integral.pdf", "ementa": "CONSIDERANDO A ESCASSEZ DE VAGAS DE ESTACIONAMENTO NA SEDE DO MUNIC\u00cdPIO DE MARECHAL FLORIANO, VENHO REQUERER PROVIDENCIAS QUANTO A CRIA\u00c7\u00c3O DE MAIS VAGAS PARA VE\u00cdCULOS E PARA MOTOCICLETAS, AL\u00c9M DE INSTALA\u00c7\u00c3O DE BICICLET\u00c1RIOS EM DIVERSOS PONTOS DO MUNIC\u00cdPIO. "}, {"id": "731", "ano": "2014", "numero": "113", "tipo__sigla": "REQ", "tipo__descricao": "Requerimento", "autoria": "Juarez Xavier", "texto_original": "http://sapl.marechalfloriano.es.leg.br/media/./sapl/public/materialegislativa/2014/731/731_texto_integral.pdf", "ementa": "INSTALA\u00c7\u00c3O DE POSTEAMENTO COM LUMIN\u00c1RIAS PARA O ENTORNO DA IGREJA CAT\u00d3LICA DE BOM JESUS, ABRANGENDO A ESCOLA MUNICIPAL MORRO BAIXO E O POSTO DE SA\u00daDE QUE SE ENCONTRAM EM TOTAL ESCURID\u00c3O.  "}, {"id": "732", "ano": "2014", "numero": "114", "tipo__sigla": "REQ", "tipo__descricao": "Requerimento", "autoria": "Juarez Xavier", "texto_original": "http://sapl.marechalfloriano.es.leg.br/media/./sapl/public/materialegislativa/2014/732/732_texto_integral.pdf", "ementa": "C\u00d3PIA DE TODA A DOCUMENTA\u00c7\u00c3O DE CONV\u00caNIOS E CONTRATOS FIRMADOS PELA SECRETARIA MUNICIPAL DE TURISMO E CULTURA SEJA ESTE CRIADO ATRAV\u00c9S DE LICITA\u00c7\u00c3O OU POR DISPENSA , CONTENDO C\u00d3PIA DE CONTRATO FIRMADO ENTRE O VENCEDOR, BEM COMO C\u00d3PIA DAS DEMAIS PROPOSTAS DAS EMPRESAS PARTICIPANTES DE CADA CERTAME, REFERENTE TODAS AS PRESTA\u00c7\u00d5ES DE SERVI\u00c7OS RELATIVOS AO EXERC\u00cdCIO DE 2013."}, {"id": "733", "ano": "2014", "numero": "115", "tipo__sigla": "REQ", "tipo__descricao": "Requerimento", "autoria": "Juarez Xavier", "texto_original": "http://sapl.marechalfloriano.es.leg.br/media/./sapl/public/materialegislativa/2014/733/733_texto_integral.pdf", "ementa": "REQUER C\u00d3PIA DE TODOS OS CONTRATOS REALIZADOS PELA SECRETARIA MUNICIPAL DE EDUCA\u00c7\u00c3O E ESPORTE CUJO OBJETIVO VENHA SER DIRECIONADO A CUSTEAR DESPESAS REFERENTES \u00c1S COMPETI\u00c7\u00d5ES DE QUALQUER MODALIDADE ESPORTIVA CRIADAS PELO DEPARTAMENTO MUNICIPAL DE ESPORTE."}, {"id": "734", "ano": "2014", "numero": "116", "tipo__sigla": "REQ", "tipo__descricao": "Requerimento", "autoria": "Renato Werneck", "texto_original": "http://sapl.marechalfloriano.es.leg.br/media/./sapl/public/materialegislativa/2014/734/734_texto_integral.rar", "ementa": "PERCEBENDO-SE QUE MUITOS SERVIDORES EFETIVOS NECESSITAM DE COMPLEMENTA\u00c7\u00c3O SALARIAL PARA ATINGIR A QUANTIA DE UM SALARIO MINIMO, E QUE N\u00c3O H\u00c1 PREVIS\u00c3O POR PARTE DO PODER EXECUTIVO PARA INSTITUIR A DATA BASE PARA REAJUSTE ANUAL E PERCEBENDO QUE O BENEF\u00cdCIO DA PROGRESS\u00c3O DETERMINADO POR LEI ET\u00c1 SENDO NEGADO, VENHO IMPLORAR A INTERVEN\u00c7\u00c3O DO MINIST\u00c9RIO P\u00daBLICO JUNTO AO PODER EXECUTIVO MUNICIPAL PARA GARANTIR OS BENEF\u00cdCIOS CONSTITUCIONAIS DO SERVIDOR. "}, {"id": "735", "ano": "2014", "numero": "117", "tipo__sigla": "REQ", "tipo__descricao": "Requerimento", "autoria": "DAVI", "texto_original": "http://sapl.marechalfloriano.es.leg.br/media/./sapl/public/materialegislativa/2014/735/735_texto_integral.rar", "ementa": "REQUER DO PODER EXECUTIVO C\u00d3PIA DE TODOS OS DOCUMENTOS RELATIVOS A PRESTA\u00c7\u00c3O DE CONTAS DA SECRETARIA MUNICIPAL DE ASSIST\u00caNCIA SOCIAL E DIREITOS HUMANOS.  "}, {"id": "736", "ano": "2014", "numero": "118", "tipo__sigla": "REQ", "tipo__descricao": "Requerimento", "autoria": "D\u00f3rio Braun (Suplente)", "texto_original": "http://sapl.marechalfloriano.es.leg.br/media/./sapl/public/materialegislativa/2014/736/736_texto_integral.pdf", "ementa": "REQUER A INSTITUI\u00c7\u00c3O DA LEI MUNICIPAL N\u00b0 933, DE 09 DE JULHO DE 2009, QUE DISP\u00d5E SOBRE A IMPLANTA\u00c7\u00c3O DO PROGRAMA DE PLANEJAMENTO FAMILIAR."}, {"id": "737", "ano": "2014", "numero": "119", "tipo__sigla": "REQ", "tipo__descricao": "Requerimento", "autoria": "Alcino Diniz", "texto_original": "http://sapl.marechalfloriano.es.leg.br/media/./sapl/public/materialegislativa/2014/737/737_texto_integral.pdf", "ementa": "REQUER QUE O PODER EXECUTIVO MUNICIPAL INSTITUA NO MUNIC\u00cdPIO DE MARECHAL FLORIANO O PROGRAMA IPTU VERDE.\r\nREQUER A INDA A MANUTEN\u00c7\u00c3O DAS ESTRADAS DE SO\u00cdDO DE BAIXO, PROVIDENCIANDO O PATROLAMENTO E CASCALHAMENTO DA MESMA."}, {"id": "738", "ano": "2014", "numero": "120", "tipo__sigla": "REQ", "tipo__descricao": "Requerimento", "autoria": "Renato Werneck", "texto_original": "http://sapl.marechalfloriano.es.leg.br/media/./sapl/public/materialegislativa/2014/738/738_texto_integral.rar", "ementa": "REQUEIRO TODAS AS INFORMA\u00c7\u00d5ES REFERENTES A REALIZA\u00c7\u00c3O DOS SERVI\u00c7OS PRESTADOS PELA EMPRESA NS SANTOS."}, {"id": "739", "ano": "2014", "numero": "121", "tipo__sigla": "REQ", "tipo__descricao": "Requerimento", "autoria": "Renato Werneck", "texto_original": "http://sapl.marechalfloriano.es.leg.br/media/./sapl/public/materialegislativa/2014/739/739_texto_integral.pdf", "ementa": "REQUER RELA\u00c7\u00c3O DESCRITIVA DE TODOS OS ATENDIMENTOS PEDI\u00c1TRICOS REALIZADOS NA POLICL\u00cdNICA ARY RIBEIRO DA SILVA, ENTRE OS MESES DE ABRIL, JUNHO E JULHO DE 2014. "}, {"id": "740", "ano": "2014", "numero": "122", "tipo__sigla": "REQ", "tipo__descricao": "Requerimento", "autoria": "Juarez Xavier", "texto_original": "http://sapl.marechalfloriano.es.leg.br/media/./sapl/public/materialegislativa/2014/740/740_texto_integral.pdf", "ementa": "REQUER ENVIO DE UM PROJETO DE LEI AUTORIZANDO OS CART\u00d3RIOS MUNICIPAIS A EMITIREM A ESCRITURA P\u00daBLICA DE POSSE PARA OS PROPRIET\u00c1RIOS DE LOTES COM MEDIDA INFERIOR A 300M\u00b2. "}, {"id": "741", "ano": "2014", "numero": "123", "tipo__sigla": "REQ", "tipo__descricao": "Requerimento", "autoria": "Juarez Xavier", "texto_original": "http://sapl.marechalfloriano.es.leg.br/media/./sapl/public/materialegislativa/2014/741/741_texto_integral.pdf", "ementa": "VISANDO PROPORCIONAR UM AUMENTO NA GERA\u00c7\u00c3O DE EMPREGO E RENDA PARA AS FAM\u00cdLIAS VENHO REQUERER QUE O PREFEITO MUNICIPAL COLOQUE EM VIGOR A LEI MUNICIPAL N\u00b0 827, DE 23 DE JUNHO DE 2008. "}, {"id": "742", "ano": "2014", "numero": "124", "tipo__sigla": "REQ", "tipo__descricao": "Requerimento", "autoria": "Juarez Xavier", "texto_original": "http://sapl.marechalfloriano.es.leg.br/media/./sapl/public/materialegislativa/2014/742/742_texto_integral.pdf", "ementa": "REQUEIRO QUE DENTRO DAS POSSIBILIDADES O PREFEITO MUNICIPAL ESTABELE\u00c7A QUE O SENHOR SILVIO RAACH PASSE A EXERCER SUAS ATRIBUI\u00c7\u00d5ES PREFERENCIALMENTE NA SEDE DO MUNIC\u00cdPIO E NAS COMUNIDADES DE BOM JESUS, COSTA PEREIRA. "}, {"id": "743", "ano": "2014", "numero": "125", "tipo__sigla": "REQ", "tipo__descricao": "Requerimento", "autoria": "Alcino Diniz", "texto_original": "http://sapl.marechalfloriano.es.leg.br/media/./sapl/public/materialegislativa/2014/743/743_texto_integral.pdf", "ementa": "VENHO REQUERER QUE O PODER EXECUTIVO PASSE A REALIZAR NO PR\u00d3PRIO MUNIC\u00cdPIO OS EXAMES DE MAMOGRAFIA. DESTA FEITA, SUGIRO QUE O PODER EXECUTIVO MUNICIPAL PROCEDA COM A FORMALIZA\u00c7\u00c3O DE CONV\u00caNIO JUNTO AO CENTRO MEDICO DE MARECHAL FLORIANO. "}, {"id": "744", "ano": "2014", "numero": "126", "tipo__sigla": "REQ", "tipo__descricao": "Requerimento", "autoria": "Alcino Diniz", "texto_original": "http://sapl.marechalfloriano.es.leg.br/media/./sapl/public/materialegislativa/2014/744/744_texto_integral.pdf", "ementa": "ATENDENDO AOS PEDIDOS DOS INTEGRANTES DESTE GRUPO, REQUEIRO AO PREFEITO MUNICIPAL O RETORNO DA SERVIDORA \"VERA LUCIA\" PARA A COORDENA\u00c7\u00c3O DO GRUPO DA 3\u00aa IDADE DE NOSSO MUNIC\u00cdPIO."}, {"id": "745", "ano": "2014", "numero": "127", "tipo__sigla": "REQ", "tipo__descricao": "Requerimento", "autoria": "D\u00f3rio Braun (Suplente)", "texto_original": "http://sapl.marechalfloriano.es.leg.br/media/./sapl/public/materialegislativa/2014/745/745_texto_integral.pdf", "ementa": "REQUER A RELOCA\u00c7\u00c3O DA REDE DE TRATAMENTO DE ESGOTO DO DISTRITO DE ARAGUAIA, ANEXO AO CAMPO BOM DE BOLA."}, {"id": "746", "ano": "2014", "numero": "128", "tipo__sigla": "REQ", "tipo__descricao": "Requerimento", "autoria": "Cabral", "texto_original": "http://sapl.marechalfloriano.es.leg.br/media/./sapl/public/materialegislativa/2014/746/746_texto_integral.pdf", "ementa": "REQUER A PAVIMENTA\u00c7\u00c3O ASF\u00c1LTICA DAS RUAS DO LOTEAMENTO VILA NOVA, ANEXO  A BR 262, CONHECIDO POPULARMENTE COMO LOTEAMENTO DO JER\u00d4NIMO."}, {"id": "747", "ano": "2014", "numero": "129", "tipo__sigla": "REQ", "tipo__descricao": "Requerimento", "autoria": "DAVI", "texto_original": "http://sapl.marechalfloriano.es.leg.br/media/./sapl/public/materialegislativa/2014/747/747_texto_integral.pdf", "ementa": "REQUER O FORNECIMENTO DO BENEFICIO DO VALE FEIRA PARA OS SERVIDORES DA PREFEITURA MUNICIPAL DE MARECHAL FLORIANO INSTITU\u00cdDO PELA LEI MUNICIPAL N\u00b0 695, DE 12 DE JUNHO DE 2007. "}, {"id": "748", "ano": "2014", "numero": "130", "tipo__sigla": "REQ", "tipo__descricao": "Requerimento", "autoria": "DAVI", "texto_original": "http://sapl.marechalfloriano.es.leg.br/media/./sapl/public/materialegislativa/2014/748/748_texto_integral.pdf", "ementa": "REQUER A EXTENS\u00c3O DA PAVIMENTA\u00c7\u00c3O ASF\u00c1LTICA DA ESTRADA QUE INTERLIGA A QUINTA DOS LAGOS AT\u00c9 AS PROXIMIDADES DO COM\u00c9RCIO DO SENHOR DAD\u00c1, EM COSTA PEREIRA.  "}, {"id": "749", "ano": "2014", "numero": "131", "tipo__sigla": "REQ", "tipo__descricao": "Requerimento", "autoria": "Renato Werneck", "texto_original": "http://sapl.marechalfloriano.es.leg.br/media/./sapl/public/materialegislativa/2014/749/749_texto_integral.pdf", "ementa": "CONSIDERANDO QUE A QUANTIDADE DE UNIDADES MOVEIS DE EMERG\u00caNCIA NO MUNIC\u00cdPIO \u00c9 INSUFICIENTE PARA ATENDER TODA A DEMANDA NECESS\u00c1RIA, SOLICITO QUE O EXCELENT\u00cdSSIMO SENHOR SECRETARIO ESTADUAL ANALISE A POSSIBILIDADE DE ESTAR DISPONIBILIZANDO CERCA DE DUAS DESTAS UNIDADES M\u00d3VEIS QUE N\u00c3O MAIS SER\u00c3O UTILIZADAS PELO ESTADO NA GRANDE VITORIA, PODENDO A MESMA AINDA SER UTILIZADO PELO NOSSO MUNIC\u00cdPIO E SUPRIR \u00c0S NECESSIDADES DO MESMO. "}, {"id": "750", "ano": "2014", "numero": "132", "tipo__sigla": "REQ", "tipo__descricao": "Requerimento", "autoria": "Juarez Xavier", "texto_original": "http://sapl.marechalfloriano.es.leg.br/media/./sapl/public/materialegislativa/2014/750/750_texto_integral.pdf", "ementa": "REQUER QUE O SERVI\u00c7O DE INTERNET DISPONIBILIZADO PARA OS ALUNOS E PROFESSORES DA ESCOLA MORRO BAIXO, SEJA TAMB\u00c9M DISPONIBILIZADO PARA MORADORES DA COMUNIDADE BOM JESUS, NO HOR\u00c1RIO DE EXPEDIENTE, DESDE QUE N\u00c3O ATRAPALHEM AS ATIVIDADES EDUCACIONAIS.  "}, {"id": "751", "ano": "2014", "numero": "133", "tipo__sigla": "REQ", "tipo__descricao": "Requerimento", "autoria": "Juarez Xavier", "texto_original": "http://sapl.marechalfloriano.es.leg.br/media/./sapl/public/materialegislativa/2014/751/751_texto_integral.rar", "ementa": "REQUER INFORMA\u00c7\u00d5ES ACERCA DO ANDAMENTO DAS ETAPAS DO CRONOGRAMA FIXADAS NO CONVENIO, ONDE TEMOS CONHECIMENTO QUE PARTE SER\u00c1 EXECUTADO PELO MUNIC\u00cdPIO E O RESTANTE PELO GOVERNO DO ESTADO.  "}, {"id": "752", "ano": "2014", "numero": "134", "tipo__sigla": "REQ", "tipo__descricao": "Requerimento", "autoria": "Renato Werneck", "texto_original": "http://sapl.marechalfloriano.es.leg.br/media/./sapl/public/materialegislativa/2014/752/752_texto_integral.pdf", "ementa": "REQUER DO PODER EXECUTIVO MUNICIPAL A C\u00d3PIA DE TODOS OS EMPENHOS, NOTAS FISCAIS, C\u00d3PIA DE CHEQUES REFERENTE A CONTRATA\u00c7\u00c3O DE TODAS AS EMPRESAS QUE FORNECERAM E FORNECEM OS SERVI\u00c7OS DE EXAMES LABORATORIAIS NO PER\u00cdODO DE JANEIRO A JULHO DE 2014"}, {"id": "753", "ano": "2014", "numero": "135", "tipo__sigla": "REQ", "tipo__descricao": "Requerimento", "autoria": "Juarez Xavier", "texto_original": "http://sapl.marechalfloriano.es.leg.br/media/./sapl/public/materialegislativa/2014/753/753_texto_integral.rar", "ementa": "SOMOS SABEDORES QUE O C\u00d3DIGO TRIBUT\u00c1RIO DO MUNIC\u00cdPIO DE MARECHAL FLORIANO SOMENTE PREV\u00ca O PARCELAMENTO EM 12 MESES. SENDO ASSIM SUGERIMOS O ENCAMINHAMENTO A ESTA CASA DE LEIS UM PROJETO ALTERANDO O C\u00d3DIGO TRIBUT\u00c1RIO ESTIPULANDO AS SEGUINTES FAIXAS DE VALORES: DIVIDA EM AT\u00c9 R$ 2.000,00 PARCELADOS EM 12 MESES, DIVIDA EM AT\u00c9 R$5.000,00 PARCELADOS EM 24 MESES E ACIMA DE R$ 5.000,00 REALIZAR PARCELAMENTO SUCESSIVAMENTE.  "}, {"id": "754", "ano": "2014", "numero": "136", "tipo__sigla": "REQ", "tipo__descricao": "Requerimento", "autoria": "Coquinho", "texto_original": "http://sapl.marechalfloriano.es.leg.br/media/./sapl/public/materialegislativa/2014/754/754_texto_integral.pdf", "ementa": "REQUER A INSTALA\u00c7\u00c3O DE PLACAS PARA DIVULGA\u00c7\u00c3O DOS ATRATIVOS TUR\u00cdSTICOS DO MUNIC\u00cdPIO DE MARECHAL FLORIANO A SER INSTALADO NO PERCURSO DA RODOVIA BR 262 EM AMBOS OS SENTIDOS, INFORMAMOS ESPECIALMENTE A LOCALIZA\u00c7\u00c3O DO \"ZOO PARK\", ZOOL\u00d3GICO LOCALIZADO EM BARRA DE RIO FUNDO.  "}, {"id": "755", "ano": "2014", "numero": "137", "tipo__sigla": "REQ", "tipo__descricao": "Requerimento", "autoria": "Cabral", "texto_original": "http://sapl.marechalfloriano.es.leg.br/media/./sapl/public/materialegislativa/2014/755/755_texto_integral.rar", "ementa": "REQUER A AUTORIZA\u00c7\u00c3O DO PLEN\u00c1RIO DESTA CASA DE LEIS PARA QUE POSSAMOS PROMOVER UMA AUDI\u00caNCIA P\u00daBLICA JUNTAMENTE COM A ACIASMAF, VISANDO ESCLARECER FATOS RELACIONADOS A UTILIZA\u00c7\u00c3O LEGAL EXPLORA\u00c7\u00c3O E REGULAMENTA\u00c7\u00c3O DO SEGMENTO DOS AMBULANTES, BEM COMO SOBRE AS RESPONSABILIDADES E DEVERES QUE QUEM OCUPA O ESPA\u00c7O P\u00daBLICO.  "}, {"id": "8444", "ano": "2014", "numero": "138", "tipo__sigla": "REQ", "tipo__descricao": "Requerimento", "autoria": "Renato Werneck", "texto_original": "http://sapl.marechalfloriano.es.leg.br/media/", "ementa": "CONSIDERANDO A REGULAMENTA\u00c7\u00c3O DO EXERC\u00cdCIO DA ATIVIDADE DE CONDU\u00c7\u00c3O DE VE\u00cdCULOS DE EMERG\u00caNCIA (MOTORISTAS DE AMBUL\u00c2NCIA), QUE TRAMITA NO SENADO FEDERAL, VENHO REQUERER QUE O PREFEITO MUNICIPAL TOME AS MEDIDAS CAB\u00cdVEIS PARA REGULAMENTAR A CATEGORIA A QUE SE REFERE A N\u00cdVEL MUNICIPAL."}, {"id": "757", "ano": "2014", "numero": "139", "tipo__sigla": "REQ", "tipo__descricao": "Requerimento", "autoria": "Renato Werneck", "texto_original": "http://sapl.marechalfloriano.es.leg.br/media/./sapl/public/materialegislativa/2014/757/757_texto_integral.pdf", "ementa": "CONTRATA\u00c7\u00c3O DE M\u00c9DICO CARDIOLOGISTA PARA ATENDER NA POLICL\u00cdNICA ARY RIBEIRO DA SILVA. "}, {"id": "758", "ano": "2014", "numero": "140", "tipo__sigla": "REQ", "tipo__descricao": "Requerimento", "autoria": "D\u00f3rio Braun (Suplente)", "texto_original": "http://sapl.marechalfloriano.es.leg.br/media/./sapl/public/materialegislativa/2014/758/758_texto_integral.pdf", "ementa": "INTERVEN\u00c7\u00c3O DO PODER EXECUTIVO MUNICIPAL, NO SENTIDO DE IMPLANTAR NO MUNIC\u00cdPIO, O USO DE UNIFORMES DOS TAXISTAS, PARA PADRONIZA\u00c7\u00c3O DO MESMO. "}, {"id": "8443", "ano": "2014", "numero": "141", "tipo__sigla": "REQ", "tipo__descricao": "Requerimento", "autoria": "PLEN\u00c1RIO 2013/2014", "texto_original": "http://sapl.marechalfloriano.es.leg.br/media/", "ementa": "INTERVEN\u00c7\u00c3O DO PODER EXECUTIVO MUNICIPAL, NO SENTIDO DE VIABILIZAR PROVID\u00caNCIAS NO QUE SE REFERE AO AC\u00daMULO DE AREIA NA CURVA EXISTENTE NA ENTRADA DO DEP\u00d3SITO DA EMPRESA FIBRIA, LOCALIZADO EM ARAGUAIA, EXIGINDO QUE A MESMA SEJA RESPONS\u00c1VEL PELA REMO\u00c7\u00c3O CONT\u00cdNUA DESSA AREIA, HAJA VISTA, QUE ESTA AREIA QUE TANTO PROPORCIONA ACIDENTES NO LOCAL \u00c9 PROVENIENTE DA ENTRADA E SA\u00cdDA DOS CAMINH\u00d5ES QUE DESCARREGAM ALI OS EUCALIPTOS."}, {"id": "760", "ano": "2014", "numero": "142", "tipo__sigla": "REQ", "tipo__descricao": "Requerimento", "autoria": "Cezinha Ronchi, D\u00f3rio Braun (Suplente)", "texto_original": "http://sapl.marechalfloriano.es.leg.br/media/./sapl/public/materialegislativa/2014/760/760_texto_integral.pdf", "ementa": "REQUER QUE SEJAM INSERIDAS NA PLACA DE INAUGURA\u00c7\u00c3O DO CAMPO BOM DE BOLA DE ARAGUAIA OS NOMES DOS HERDEIROS DO SR. JOS\u00c9 BRAVIM SEGUNDO E DE CARLOS ALBERTO PREST E FILHOS. \r\n  "}, {"id": "761", "ano": "2014", "numero": "143", "tipo__sigla": "REQ", "tipo__descricao": "Requerimento", "autoria": "Cabral", "texto_original": "http://sapl.marechalfloriano.es.leg.br/media/./sapl/public/materialegislativa/2014/761/761_texto_integral.pdf", "ementa": "REQUER  DO PODER EXECUTIVO MUNICIPAL C\u00d3PIA DE TODO O PROCESSO DE LIBERA\u00c7\u00c3O ONDE O PREFEITO MUNICIPAL AUTORIZOU A REALIZA\u00c7\u00c3O DA FEIRA DO BRAZ, REALIZADO NO MUNIC\u00cdPIO ENTRE OS DIAS 29, 30 E 31 DE AGOSTO."}, {"id": "762", "ano": "2014", "numero": "144", "tipo__sigla": "REQ", "tipo__descricao": "Requerimento", "autoria": "Alcino Diniz", "texto_original": "http://sapl.marechalfloriano.es.leg.br/media/./sapl/public/materialegislativa/2014/762/762_texto_integral.pdf", "ementa": "CONSIDERANDO AS DIVERSAS A\u00c7\u00d5ES QUE O PREFEITO MUNICIPAL INSERIU EM SEU PLANO DE GOVERNO, VENHO REQUERER O CUMPRIMENTO DO MESMO, VISANDO A DISTRIBUI\u00c7\u00c3O DE LIXEIRAS P\u00daBLICAS PARA A SEDE DO MUNIC\u00cdPIO E DEMAIS COMUNIDADES, EM ESPECIAL, AS COMUNIDADES DE SO\u00cdDO DE BAIXO E BOA ESPERAN\u00c7A."}, {"id": "763", "ano": "2014", "numero": "145", "tipo__sigla": "REQ", "tipo__descricao": "Requerimento", "autoria": "Alcino Diniz", "texto_original": "http://sapl.marechalfloriano.es.leg.br/media/./sapl/public/materialegislativa/2014/763/763_texto_integral.pdf", "ementa": "REQUER QUE O PODER EXECUTIVO MUNICIPAL PROVIDENCIE A SITUA\u00c7\u00c3O DOS AMBULANTES, PROIBINDO OS ABULANTES DE SE INSTALAREM EM FRENTE AS LOJAS DISPONIBILIZANDO PARA OS MESMOS UM ESPA\u00c7O MAIS ADEQUADO PARA QUE ESTES VENDAM SUAS MERCADORIAS. "}, {"id": "764", "ano": "2014", "numero": "146", "tipo__sigla": "REQ", "tipo__descricao": "Requerimento", "autoria": "Coquinho", "texto_original": "http://sapl.marechalfloriano.es.leg.br/media/./sapl/public/materialegislativa/2014/764/764_texto_integral.rar", "ementa": "REQUER DO PREFEITO MUNICIPAL, A REALIZA\u00c7\u00c3O DE PAVIMENTA\u00c7\u00c3O ASF\u00c1LTICA PARA ACESSO A UM POLO COMERCIAL LOCALIZADO NAS PROXIMIDADES DO KM 53,5 DA BR 262, ONDE ENCONTRAM-SE INSTALADAS AS EMPRESAS \"DU BRIQUETES\", \"SERRARIA LUTZKE\", \"STEINGE\",E PREMAR. EMPRESAS ESTAS QUE GERAM EMPREGO E RENDA PARA DIVERSAS FAM\u00cdLIAS DO MUNIC\u00cdPIO DE MARECHAL FLORIANO."}, {"id": "8442", "ano": "2014", "numero": "147", "tipo__sigla": "REQ", "tipo__descricao": "Requerimento", "autoria": "Coquinho", "texto_original": "http://sapl.marechalfloriano.es.leg.br/media/", "ementa": "REQUER A CONSTRU\u00c7\u00c3O DE CASINHAS PARA CAPTA\u00c7\u00c3O DE LIXO EM DIVERSOS PONTOS DAS COMUNIDADE DE VICTOR HUGO, BOM JESUS, BOA ESPERAN\u00c7A, SOIDO DE BAIXO, COMUNIDADE BETINHO SIMON, RIO FUNDO, PR\u00d3XIMO AO POSTO DE SA\u00daDE, BARRA DE RIO FUNDO, PR\u00d3XIMO AO ZOOL\u00d3GICO."}, {"id": "765", "ano": "2014", "numero": "148", "tipo__sigla": "REQ", "tipo__descricao": "Requerimento", "autoria": "Renato Werneck", "texto_original": "http://sapl.marechalfloriano.es.leg.br/media/./sapl/public/materialegislativa/2014/765/765_texto_integral.pdf", "ementa": "REQUER A INSTALA\u00c7\u00c3O DE PLACA DE PROIBIDO ESTACIONAR EM UM LADO DA RUA HEL\u00c9CIO DE PAULA LOCALIZADO AO LADO DA CASA DO PARAFUSO, PR\u00d3XIMO AO CORREIO. "}, {"id": "766", "ano": "2014", "numero": "149", "tipo__sigla": "REQ", "tipo__descricao": "Requerimento", "autoria": "Juarez Xavier", "texto_original": "http://sapl.marechalfloriano.es.leg.br/media/", "ementa": "COM OBJETIVO DE APOIAR OS COMERCIANTES DO MUNIC\u00cdPIO, REQUEIRO DO PREFEITO MUNICIPAL A REALIZA\u00c7\u00c3O DE UM ESTUDO PARA ALTERA\u00c7\u00c3O E CUMPRIMENTO DO C\u00d3DIGO DE POSTURA, REGULARIZANDO E CREDENCIANDO OS AMBULANTES DO MUNIC\u00cdPIO, BEM COMO A CRIA\u00c7\u00c3O DE A\u00c7\u00d5ES JUNTO ACIASMAF, VISANDO PROMOVER METAS QUE AQUE\u00c7AM AS VENDAS DO MUNIC\u00cdPIO."}, {"id": "767", "ano": "2014", "numero": "150", "tipo__sigla": "REQ", "tipo__descricao": "Requerimento", "autoria": "Alcino Diniz", "texto_original": "http://sapl.marechalfloriano.es.leg.br/media/./sapl/public/materialegislativa/2014/767/767_texto_integral.pdf", "ementa": "CONSIDERANDO AS POUCAS OP\u00c7\u00d5ES DE LAZER DISPONIBILIZADAS PARA A COMUNIDADE DE SO\u00cdDO DE BAIXO, VENHO REQUERER DA PARTE DA PREFEITURA MUNICIPAL DE MARECHAL FLORIANO A REGULARIZA\u00c7\u00c3O DAS PENDENCIAS JUNTO AO GOVERNO DO ESTADO, OBJETIVANDO A RETOMADA DAS OBRAS DE CONSTRU\u00c7\u00c3O DO CAMPO BOM DE BOLA DA COMUNIDADE."}, {"id": "768", "ano": "2014", "numero": "151", "tipo__sigla": "REQ", "tipo__descricao": "Requerimento", "autoria": "Juarez Xavier", "texto_original": "http://sapl.marechalfloriano.es.leg.br/media/sapl/public/materialegislativa/2014/768/151-2014.pdf", "ementa": "REQUER DO PODER EXECUTIVO A RELA\u00c7\u00c3O COMPLETA DOS SERVIDORES CEDIDOS A OUTROS MUNIC\u00cdPIOS, ENTIDADES OU ESTADO DEFINIDO QUAL \u00c9 O REGIME DE CESS\u00c3O, VALOR DA REMUNERA\u00c7\u00c3O, QUAL A FUN\u00c7\u00c3O/CARGO E QUEM \u00c9 O RESPONS\u00c1VEL PELO SEU PAGAMENTO."}, {"id": "769", "ano": "2014", "numero": "152", "tipo__sigla": "REQ", "tipo__descricao": "Requerimento", "autoria": "Juarez Xavier", "texto_original": "http://sapl.marechalfloriano.es.leg.br/media/sapl/public/materialegislativa/2014/769/152-2014.pdf", "ementa": "REQUER QUE O PODER EXECUTIVO, ATRAV\u00c9S DA SECRETARIA MUNICIPAL DE EDUCA\u00c7\u00c3O E ESPORTE PROVID\u00caNCIE A REGULARIZA\u00c7\u00c3O DA QUADRA DE BOM JESUS NAS PEND\u00caNCIAS E DIFICULDADES NA LIBERA\u00c7\u00c3O, PROCEDENDO COM A ADEQUA\u00c7\u00c3O DO PROJETO."}, {"id": "770", "ano": "2014", "numero": "153", "tipo__sigla": "REQ", "tipo__descricao": "Requerimento", "autoria": "Cabral", "texto_original": "http://sapl.marechalfloriano.es.leg.br/media/./sapl/public/materialegislativa/2014/770/770_texto_integral.pdf", "ementa": "TENDO EM VISTA O CRESCIMENTO NA QUANTIDADE DE AMBULANTES PELAS RUAS DE NOSSA CIDADE, VENHO REQUERER QUE O PREFEITO MUNICIPAL PROVID\u00caNCIE O REMANEJAMENTO DE MAIS TR\u00caS SERVIDORES PARA ATUAR COMO FISCAIS PELOS LOGADOUROS DE NOSSA CIDADE, VISANDO IMPOR A\u00c7\u00d5ES QUE VENDEM O COM\u00c9RCIO AMBULANTE IRREGULAR EM NOSSA CIDADE."}, {"id": "771", "ano": "2014", "numero": "154", "tipo__sigla": "REQ", "tipo__descricao": "Requerimento", "autoria": "D\u00f3rio Braun (Suplente)", "texto_original": "http://sapl.marechalfloriano.es.leg.br/media/./sapl/public/materialegislativa/2014/771/771_texto_integral.pdf", "ementa": "VISANDO PROPOR A\u00c7\u00d5ES QUE GARANTAM O BOM RENDIMENTO ESCOLAR, REQUEIRO QUE DENTRO DAS POSSIBILIDADES O PODER EXECUTIVO, ATRAV\u00c9S DA SECRETARIA DE EDUCA\u00c7\u00c3O, PROVID\u00caNCIE PARA O PR\u00d3XIMO ANO A REALIZA\u00c7\u00c3O DE EXAMES LABORATORIAIS, EXAMES DE AUDI\u00c7\u00c3O E EXAME DE VISTA NA REDE MUNICIPAL DE ENSINO, ANTES DE INICIAR O ANO LETIVO."}, {"id": "772", "ano": "2014", "numero": "155", "tipo__sigla": "REQ", "tipo__descricao": "Requerimento", "autoria": "D\u00f3rio Braun (Suplente)", "texto_original": "http://sapl.marechalfloriano.es.leg.br/media/./sapl/public/materialegislativa/2014/772/772_texto_integral.pdf", "ementa": "REQUER FORMALIZA\u00c7\u00c3O DE CONV\u00caNIOS COM OS LABORAT\u00d3RIOS DO MUNIC\u00cdPIO DE MARECHAL PARA QUE OS EXAMES CL\u00cdNICOS SEJAM REALIZADOS EM NOSSA PR\u00d3PRIA CIDADE GARANTINDO MAIS RAPIDEZ NOS RESULTADOS , BEM COMO DIMINUIR OS CUSTOS GASTOS COM TRANSPORTE E MANEJO DAS REMESSAS DE EXAMES. "}, {"id": "773", "ano": "2014", "numero": "156", "tipo__sigla": "REQ", "tipo__descricao": "Requerimento", "autoria": "D\u00f3rio Braun (Suplente)", "texto_original": "http://sapl.marechalfloriano.es.leg.br/media/./sapl/public/materialegislativa/2014/773/773_texto_integral.pdf", "ementa": "REQUEIRO QUE DENTRO DAS POSSIBILIDADES SEJA FORMALIZADO UM CONV\u00caNIO JUNTO AO CONSULT\u00d3RIO M\u00c9DICO DR. BRUNO ZANELLA E PL\u00cdNIO ZANELLA INSTALADO NESTA CIDADE, FAZENDO COM QUE OS EXAMES DE MAMOGRAFIA ULTRASSONOGRAFIA E RAIO X SEJAM REALIZADOS REALIZADOS NO PR\u00d3PRIO MUNIC\u00cdPIO.   "}, {"id": "774", "ano": "2014", "numero": "157", "tipo__sigla": "REQ", "tipo__descricao": "Requerimento", "autoria": "Cabral, Renato Werneck", "texto_original": "http://sapl.marechalfloriano.es.leg.br/media/./sapl/public/materialegislativa/2014/774/774_texto_integral.pdf", "ementa": "REQUER A DISPONIBILIZA\u00c7\u00c3O DE RECURSOS FINANCEIROS AO HOSPITAL FHASDOMAR, VISANDO CUSTEAR AS DESPESAS PROVINDAS DO ATENDIMENTO A MUN\u00cdCIPES DO MUNIC\u00cdPIO DE MARECHAL FLORIANO. "}, {"id": "775", "ano": "2014", "numero": "158", "tipo__sigla": "REQ", "tipo__descricao": "Requerimento", "autoria": "Alcino Diniz", "texto_original": "http://sapl.marechalfloriano.es.leg.br/media/./sapl/public/materialegislativa/2014/775/775_texto_integral.rar", "ementa": "REQUER PAVIMENTA\u00c7\u00c3O ASF\u00c1LTICA PARA AS ESTRADAS DE COSTA PEREIRA, BOM JESUS, RIO FUNDO E SO\u00cdDO DE BAIXO, CONSTRU\u00c7\u00c3O DAS PRA\u00c7AS P\u00daBLICAS PARA O INTERIOR DE NOSSO MUNIC\u00cdPIO, DISTRIBUI\u00c7\u00c3O DE LIXEIRAS PARA A SEDE DO MUNIC\u00cdPIO E DEMAIS COMUNIDADES, ENTRE OUTROS REQUERIMENTOS."}, {"id": "776", "ano": "2014", "numero": "159", "tipo__sigla": "REQ", "tipo__descricao": "Requerimento", "autoria": "CECT - COMISS\u00c3O DE ESPORTE, CULTURA E TURISMO", "texto_original": "http://sapl.marechalfloriano.es.leg.br/media/./sapl/public/materialegislativa/2014/776/776_texto_integral.pdf", "ementa": "REQUER INFORMA\u00c7\u00d5ES ACERCA DO PER\u00cdODO QUE O DEPUTADO FLORIANENSE ARGEU REGINALDO LORENZONE FOI PRESIDENTE DESTA CASA DE LEGISLATIVA. "}, {"id": "777", "ano": "2014", "numero": "160", "tipo__sigla": "REQ", "tipo__descricao": "Requerimento", "autoria": "Alcino Diniz", "texto_original": "http://sapl.marechalfloriano.es.leg.br/media/./sapl/public/materialegislativa/2014/777/777_texto_integral.rar", "ementa": "REQUEREMOS PROVID\u00caNCIAS URGENTES EM RELA\u00c7\u00c3O A SA\u00daDE BUCAL DOS ALUNOS DE TODA REDE MUNICIPAL DE EDUCA\u00c7\u00c3O, VISANDO FORNECER ATENDIMENTO ODONTOL\u00d3GICO NAS ESCOLAS MUNICIPAIS BEM COMO A REALIZA\u00c7\u00c3O DE UM TRABALHO DE PREVEN\u00c7\u00c3O E CONSCIENTIZA\u00c7\u00c3O JUNTO A FAMILIARES DE NOSSAS CRIAN\u00c7AS. "}, {"id": "778", "ano": "2014", "numero": "161", "tipo__sigla": "REQ", "tipo__descricao": "Requerimento", "autoria": "Alcino Diniz", "texto_original": "http://sapl.marechalfloriano.es.leg.br/media/./sapl/public/materialegislativa/2014/778/778_texto_integral.rar", "ementa": "SOLICITO A PRESTA\u00c7\u00c3O DE CONTAS REFERENTES AO RECURSO REPASSADOS PELO FUNDEB, INFORMANDO TODOS OS GASTOS REALIZADOS, SALDO REMANESCENTES, ETC."}, {"id": "779", "ano": "2014", "numero": "162", "tipo__sigla": "REQ", "tipo__descricao": "Requerimento", "autoria": "Coquinho", "texto_original": "http://sapl.marechalfloriano.es.leg.br/media/./sapl/public/materialegislativa/2014/779/779_texto_integral.pdf", "ementa": "REQUEIRO QUE TODOS OS VE\u00cdCULOS DA PREFEITURA MUNICIPAL AP\u00d3S O ENCERRAMENTO DO EXPEDIENTE SEJAM GUARDADOS EM GARAGEM DA PR\u00d3PRIA PREFEITURA."}, {"id": "780", "ano": "2014", "numero": "163", "tipo__sigla": "REQ", "tipo__descricao": "Requerimento", "autoria": "Juarez Xavier", "texto_original": "http://sapl.marechalfloriano.es.leg.br/media/./sapl/public/materialegislativa/2014/780/780_texto_integral.pdf", "ementa": "REQUER C\u00d3PIA DOS EMPENHOS E CONTRATOS RELACIONADOS AO PAGAMENTO DAS EMPRESAS RESPONS\u00c1VEIS PELA MANUTEN\u00c7\u00c3O DOS EQUIPAMENTOS ODONTOL\u00d3GICOS, AL\u00c9M DE RELAT\u00d3RIOS DAS ULTIMAS MANUTEN\u00c7\u00d5ES REALIZADAS.   "}, {"id": "781", "ano": "2014", "numero": "164", "tipo__sigla": "REQ", "tipo__descricao": "Requerimento", "autoria": "Cabral", "texto_original": "http://sapl.marechalfloriano.es.leg.br/media/./sapl/public/materialegislativa/2014/781/781_texto_integral.pdf", "ementa": "REQUEIRO QUE SEJAM PROVIDENCIADOS A DEMOLI\u00c7\u00c3O DO CAMPO DE AREI DO BAIRRO SANTA RITA, SUBSTITUINDO O CAMPO POR UMA \u00c1REA DE LAZER MAIS BONITA E MAIS AMPLA PARA A POPULA\u00c7\u00c3O. "}, {"id": "782", "ano": "2014", "numero": "165", "tipo__sigla": "REQ", "tipo__descricao": "Requerimento", "autoria": "Cabral", "texto_original": "http://sapl.marechalfloriano.es.leg.br/media/./sapl/public/materialegislativa/2014/782/782_texto_integral.pdf", "ementa": "REQUER DO PREFEITO MUNICIPAL A CONSTRU\u00c7\u00c3O DE UM VIRADOURO/MANOBRADOR NAS INTERMEDIA\u00c7\u00d5ES DO BAIRRO NOSSA SENHORA DA PENHA, TENDO EM VISTA QUE OS CAMINH\u00d5ES DO LIXO E MATERIAIS DE CONSTRU\u00c7\u00c3O T\u00caM MUITA DIFICULDADE DE CHEGAR AT\u00c9 O LOCAL."}, {"id": "783", "ano": "2014", "numero": "166", "tipo__sigla": "REQ", "tipo__descricao": "Requerimento", "autoria": "Renato Werneck", "texto_original": "http://sapl.marechalfloriano.es.leg.br/media/./sapl/public/materialegislativa/2014/783/783_texto_integral.pdf", "ementa": "QUE O PODER EXECUTIVO MUNICIPAL, JUNTAMENTE \u00c0 SECRETARIA MUNICIPAL DE OBRAS E SERVI\u00c7OS URBANOS, PROVIDENCIE A AQUISI\u00c7\u00c3O DE IPI'S BEM COMO SUA CONCESS\u00c3O AOS GARIS."}, {"id": "784", "ano": "2014", "numero": "167", "tipo__sigla": "REQ", "tipo__descricao": "Requerimento", "autoria": "Renato Werneck", "texto_original": "http://sapl.marechalfloriano.es.leg.br/media/./sapl/public/materialegislativa/2014/784/784_texto_integral.pdf", "ementa": "REQUER DO PODER EXECUTIVO AQUISI\u00c7\u00c3O DE UM KIT PARA REALIZA\u00c7\u00d5ES DE PARTO  PARA EQUIPAR A UNIDADE DE SA\u00daDE M\u00d3VEL DE NOSSO MUNIC\u00cdPIO. "}, {"id": "785", "ano": "2014", "numero": "168", "tipo__sigla": "REQ", "tipo__descricao": "Requerimento", "autoria": "Juarez Xavier", "texto_original": "http://sapl.marechalfloriano.es.leg.br/media/", "ementa": "REQUEIRO QUE A COMUNIDADE DE BOM JESUS RECEBA OS BENEF\u00cdCIOS DA LEI MUNICIPAL N\u00b0522 DE 14 DE ABRIL DE 2005, PARA QUE OS PROBLEMAS ENCONTRADOS NAS ESTRADAS DAS COMUNIDADE SEJAM SANADOS E QUE OS CAMINH\u00d5ES E CARRETAS PASSEM A TRAFEGAR NORMALMENTE. "}, {"id": "786", "ano": "2014", "numero": "169", "tipo__sigla": "REQ", "tipo__descricao": "Requerimento", "autoria": "D\u00f3rio Braun (Suplente)", "texto_original": "http://sapl.marechalfloriano.es.leg.br/media/./sapl/public/materialegislativa/2014/786/786_texto_integral.pdf", "ementa": "REQUEIRO \"CRIA\u00c7\u00c3O DA CASA DO ARTES\u00c3O\" SENDO DISPONIBILIZADO UM LOCAL ESTRAT\u00c9GICO PARA EXPOSI\u00c7\u00c3O DI\u00c1RIA DOS MATERIAIS CRIADOS PELOS ARTES\u00d5ES DE NOSSO MUNIC\u00cdPIO. "}, {"id": "787", "ano": "2014", "numero": "170", "tipo__sigla": "REQ", "tipo__descricao": "Requerimento", "autoria": "Alcino Diniz", "texto_original": "http://sapl.marechalfloriano.es.leg.br/media/./sapl/public/materialegislativa/2014/787/787_texto_integral.pdf", "ementa": "REQUEIRO DO PREFEITO MUNICIPAL O ENCAMINHAMENTO A ESTA CASA DE LEIS, DE UM PROJETO AUTORIZANDO OS CART\u00d3RIOS A EMITIREM A ESCRITURA P\u00daBLICA DE POSSE PARA LOTES COM MEDIDAS INFERIORES A 300M\u00b2."}, {"id": "788", "ano": "2014", "numero": "171", "tipo__sigla": "REQ", "tipo__descricao": "Requerimento", "autoria": "Coquinho", "texto_original": "http://sapl.marechalfloriano.es.leg.br/media/./sapl/public/materialegislativa/2014/788/788_texto_integral.rar", "ementa": "REQUER DO PREFEITO MUNICIPAL O ENCAMINHAMENTO DE UM PROJETO DE LEI, VISANDO INCLUIR NO ESTATUTO DOS SERVIDORES P\u00daBLICOS DE MARECHAL FLORIANO, O SEGUINTE ARTIGO E ASSEGURADO AO SERVIDOR P\u00daBLICO, O DIREITO PARA DESEMPENHO DE MANDATO EM ASSOCIA\u00c7\u00c3O DE CLASSE OU SINDICATO, REPRESENTATIVOS DA CATEGORIA DE SERVIDORES P\u00daBLICOS DO MUNIC\u00cdPIO DE MARECHAL FLORIANO, COM TODOS OS DIREITOS E VANTAGENS INERENTES AO CARGO E OS PAR\u00c1GRAFOS 1\u00b0, 2\u00b0, 3\u00b0, 4\u00b0 E 5\u00b0.   "}, {"id": "789", "ano": "2014", "numero": "172", "tipo__sigla": "REQ", "tipo__descricao": "Requerimento", "autoria": "Juarez Xavier", "texto_original": "http://sapl.marechalfloriano.es.leg.br/media/./sapl/public/materialegislativa/2014/789/789_texto_integral.pdf", "ementa": "REQUER DO PODER EXECUTIVO QUE DENTRO DE SUAS PRERROGATIVAS SOLICITE AO DETRAN-ES, A POSSIBILIDADE DE DEMARCAR VAGAS DE ESTACIONAMENTO NA PRA\u00c7A SANTA RITA, PRA\u00c7A JOS\u00c9 HENRIQUE PEREIRA, AVENIDA PRESIDENTE KENEDY PR\u00d3XIMO A IGREJA CAT\u00d3LICA MAIS HOUVER NECESSIDADE, PARA ATENDIMENTO EXCLUSIVO AOS DEFICIENTES E IDOSOS.  "}, {"id": "790", "ano": "2014", "numero": "173", "tipo__sigla": "REQ", "tipo__descricao": "Requerimento", "autoria": "CFO - COMISS\u00c3O DE FINAN\u00c7AS E OR\u00c7AMENTO", "texto_original": "http://sapl.marechalfloriano.es.leg.br/media/./sapl/public/materialegislativa/2014/790/790_texto_integral.pdf", "ementa": "REQUER DO PODER EXECUTIVO MUNICIPAL INFORMA\u00c7\u00d5ES QUANTO AO VALOR GASTO EM ILUMINA\u00c7\u00c3O P\u00daBLICA DE 2005 AT\u00c9 2014, BEM COMO A QUANTIDADE DE TODOS OS TIPOS DE MANILHAS ADQUIRIDAS NO MESMO   PER\u00cdODO."}, {"id": "791", "ano": "2014", "numero": "174", "tipo__sigla": "REQ", "tipo__descricao": "Requerimento", "autoria": "D\u00f3rio Braun (Suplente)", "texto_original": "http://sapl.marechalfloriano.es.leg.br/media/./sapl/public/materialegislativa/2014/791/791_texto_integral.pdf", "ementa": "REQUER QUE O PODER EXECUTIVO MUNICIPAL PROCEDA COM A REVIS\u00c3O DO IPTU (IMPOSTO PREDIAL E TERRITORIAL URBANO) TENDO EM VISTA AS DIVERSAS RECLAMA\u00c7\u00d5ES RECEBIDAS DOS MUN\u00cdCIPES, QUANTO AOS VALORES COBRADOS ENTRE RESID\u00caNCIAS DE MENOR PORTE E OUTRAS RESID\u00caNCIAS MAIORES. "}, {"id": "792", "ano": "2014", "numero": "175", "tipo__sigla": "REQ", "tipo__descricao": "Requerimento", "autoria": "Juarez Xavier", "texto_original": "http://sapl.marechalfloriano.es.leg.br/media/./sapl/public/materialegislativa/2014/792/792_texto_integral.pdf", "ementa": "SOLICITO AO PODER EXECUTIVO A GENTILEZA DE VERIFICAR JUNTO A PRESTADORA DE SERVI\u00c7O DE TELEFONIA M\u00d3VEL E/OU SECRETARIA DE AGRICULTURA DO GOVERNO DO ESTADO QUE FOI A RESPONS\u00c1VEL POR EXECUTAR O PROJETO, POSSIBILIDADE DE RESOLVER OS PROBLEMAS QUE EST\u00c3O OCORRENDO QUANTO A FALTA DE SINAL NA CONEX\u00c3O DA REDE VIVO, PROPORCIONANDO UM SERVI\u00c7O MAIS EFICAZ A COMUNIDADE DE ARAGUAIA QUE TANTO NECESSITA DESTES SERVI\u00c7OS EM PLENO FUNCIONAMENTO.  "}, {"id": "793", "ano": "2014", "numero": "176", "tipo__sigla": "REQ", "tipo__descricao": "Requerimento", "autoria": "Juarez Xavier", "texto_original": "http://sapl.marechalfloriano.es.leg.br/media/./sapl/public/materialegislativa/2014/793/793_texto_integral.pdf", "ementa": "REQUER A INSTALA\u00c7\u00c3O DE ILUMINA\u00c7\u00c3O P\u00daBLICA PARA A RUA EDUARDO HAESE LOCALIZADO NO ANTIGO CENTRO RECREATIVO ARTHUR HAESE E INSTALA\u00c7\u00c3O DE ILUMINA\u00c7\u00c3O P\u00daBLICA  NA RUA JAIME CANAL. "}, {"id": "794", "ano": "2014", "numero": "177", "tipo__sigla": "REQ", "tipo__descricao": "Requerimento", "autoria": "Coquinho", "texto_original": "http://sapl.marechalfloriano.es.leg.br/media/", "ementa": "VENHO SOLICITAR NOVAMENTE A INTERVEN\u00c7\u00c3O DO PREFEITO MUNICIPAL JUNTO A SECRETARIA MUNICIPAL DE OBRAS PARA QUE REALIZEM OS SERVI\u00c7OS DE LIMPEZA DO C\u00d3RREGOS DA SEDE."}, {"id": "795", "ano": "2014", "numero": "178", "tipo__sigla": "REQ", "tipo__descricao": "Requerimento", "autoria": "DAVI", "texto_original": "http://sapl.marechalfloriano.es.leg.br/media/./sapl/public/materialegislativa/2014/795/795_texto_integral.pdf", "ementa": "REQUER DO PODER EXECUTIVO MUNICIPAL A PRESTA\u00c7\u00c3O DE CONTAS COMPLETAS REFERENTE \u00c0S DI\u00c1RIAS CONCEDIDAS NO EXERC\u00cdCIO DE 2014 CONTENDO NOME VALOR E RELAT\u00d3RIO DA DI\u00c1RIA."}, {"id": "796", "ano": "2014", "numero": "179", "tipo__sigla": "REQ", "tipo__descricao": "Requerimento", "autoria": "Alcino Diniz", "texto_original": "http://sapl.marechalfloriano.es.leg.br/media/./sapl/public/materialegislativa/2014/796/796_texto_integral.pdf", "ementa": "REQUER A INTERVEN\u00c7\u00c3O DO PODER EXECUTIVO MUNICIPAL JUNTO A EDP ESCELSA, NO SENTIDO DE PROVIDENCIAR O AUMENTO NA TENS\u00c3O DA REDE EL\u00c9TRICA EM SO\u00cdDO DE BAIXO NAS PROXIMIDADES DA PROPRIEDADE DO SENHOR ANTONIO KLEIN E PR\u00d3XIMO A PEDREIRA DO SENHOR CLEMENTE, ONDE RESIDEM CERCA DE 30 FAM\u00cdLIAS, DENTRE ELAS A FAM\u00cdLIA STUMM, FAM\u00cdLIA DO SENHOR JOS\u00c9 CALIXTO E OUTRAS.  "}, {"id": "797", "ano": "2014", "numero": "180", "tipo__sigla": "REQ", "tipo__descricao": "Requerimento", "autoria": "Cezinha Ronchi", "texto_original": "http://sapl.marechalfloriano.es.leg.br/media/./sapl/public/materialegislativa/2014/797/797_texto_integral.pdf", "ementa": "REQUER DO PODER EXECUTIVO MUNICIPAL, A COMPRA DE UM REPETIDOR PARA COMUNIDADE DE ARAGUAIA, VISANDO ACESSO AOS CANAIS DA GAZETA, BANDEIRANTES, SBT E RECORD. "}, {"id": "8441", "ano": "2014", "numero": "181", "tipo__sigla": "REQ", "tipo__descricao": "Requerimento", "autoria": "Coquinho", "texto_original": "http://sapl.marechalfloriano.es.leg.br/media/", "ementa": "CONSIDERANDO A NECESSIDADE DE FISCALIZAR AS OBRAS E SERVI\u00c7OS EXECUTADOS PELA PREFEITURA MUNICIPAL DE MARECHAL FLORIANO, REQUEIRO C\u00d3PIA DE TODOS OS PROCESSOS LICITAT\u00d3RIOS REALIZADOS NO ANO DE 2014, REFERENTES AS EMPRESAS DO MUNIC\u00cdPIO DE MARECHAL FLORIANO QUE EXECUTAM SERVI\u00c7OS  DE CONSTRU\u00c7\u00c3O E REFORMAS, CAL\u00c7AMENTOS E PAVIMENTA\u00c7\u00d5ES ASF\u00c1LTICAS , SERVI\u00c7OS DE ASSESSORIA E ENGENHARIA, ILUMINA\u00c7\u00c3O P\u00daBLICA, RO\u00c7AGEM DE ESTRADAS, LIMPEZAS DE CORR\u00c9GOS E DEMAIS SERVI\u00c7OS."}, {"id": "799", "ano": "2014", "numero": "182", "tipo__sigla": "REQ", "tipo__descricao": "Requerimento", "autoria": "Dod\u00f4 Krohling", "texto_original": "http://sapl.marechalfloriano.es.leg.br/media/./sapl/public/materialegislativa/2014/799/799_texto_integral.pdf", "ementa": "REQUEIRO QUE O PODER MUNICIPAL ATRAV\u00c9S DA SECRETARIA MUNICIPAL DE EDUCA\u00c7\u00c3O, PROVID\u00caNCIE OS DOCUMENTOS QUE DETALHAM A UTILIZA\u00c7\u00c3O DOS RECURSOS FINANCEIROS DESTINADAS \u00c0 PASTA DA EDUCA\u00c7\u00c3O NOS \u00daLTIMOS 04 ANOS, INFORMANDO O LOCAL ONDE FOI APLICADA A VERBA E COMO FOI FEITA SUA UTILIZA\u00c7\u00c3O."}, {"id": "8440", "ano": "2014", "numero": "183", "tipo__sigla": "REQ", "tipo__descricao": "Requerimento", "autoria": "Coquinho", "texto_original": "http://sapl.marechalfloriano.es.leg.br/media/", "ementa": "REQUER QUE A SECRETARIA MUNICIPAL DE OBRAS E SERVI\u00c7OS URBANOS PASSE A FISCALIZAR AS OBRAS PARTICULARES QUE ENCONTRAM-SE PARALIZADAS, EXIGINDO QUE OS PROPRIET\u00c1RIOS PROVIDENCIEM O FECHAMENTO COM MADEIRITE E/OU CERCAS, EVITANDO QUE USU\u00c1RIOS DEDROGAS ENTREM NOS LOCAIS PARA CONSUMIR DROGAS E ENTORPECENTES.\r\nRESSALTO, QUE ESTAS PESSOAS ACABAM SE ESCONDENDO DENTRO DAS OBRAS, E POR MUITAS VEZES ACABAM PERTUBANDO E AMEA\u00c7ANDO AS PESSOAS QUE PASSAM PELAS RUAS."}, {"id": "800", "ano": "2014", "numero": "184", "tipo__sigla": "REQ", "tipo__descricao": "Requerimento", "autoria": "Alcino Diniz", "texto_original": "http://sapl.marechalfloriano.es.leg.br/media/./sapl/public/materialegislativa/2014/800/800_texto_integral.pdf", "ementa": "VISANDO APOIAR E VALORIZAR O TRABALHO DOS PROFESSORES, REQUEIRO MAIS UMA VEZ A CONCESS\u00c3O DO ABONO PARA OS PROFESSORES MUNICIPAIS.  "}, {"id": "801", "ano": "2014", "numero": "185", "tipo__sigla": "REQ", "tipo__descricao": "Requerimento", "autoria": "Alcino Diniz", "texto_original": "http://sapl.marechalfloriano.es.leg.br/media/./sapl/public/materialegislativa/2014/801/801_texto_integral.pdf", "ementa": "CONSIDERANDO A DEGRADA\u00c7\u00c3O DAS ESTRADAS DA COMUNIDADE DE SO\u00cdDO DE BAIXO, VENHO REQUERER DO PREFEITO MUNICIPAL O PATROLAMENTO E CASCALHAMENTO DE TODAS AS ESTRADAS DA COMUNIDADE, POIS AT\u00c9 MESMO DE BICICLETA FICA DIF\u00cdCIL DE SE DESLOCAR POR ESTAS ESTRADAS, TENDO EM VISTA A ENORME QUANTIDADE DE BURACOS E VALAS EXISTENTES.  "}, {"id": "802", "ano": "2014", "numero": "186", "tipo__sigla": "REQ", "tipo__descricao": "Requerimento", "autoria": "Alcino Diniz", "texto_original": "http://sapl.marechalfloriano.es.leg.br/media/./sapl/public/materialegislativa/2014/802/802_texto_integral.pdf", "ementa": "REQUER DO PODER EXECUTIVO MUNICIPAL A ADES\u00c3O SISTEMA UNIFICADO ESTADUAL DE SANIDADE AGROINDUSTRIAL FAMILIAR DE PEQUENO PORTE - SUSAF/ES."}, {"id": "12552", "ano": "2014", "numero": "1", "tipo__sigla": "RS", "tipo__descricao": "Resolu\u00e7\u00e3o", "autoria": "Cabral", "texto_original": "http://sapl.marechalfloriano.es.leg.br/media/sapl/public/materialegislativa/2014/12552/res001-2014.pdf", "ementa": "\"AUTORIZA A DEVOLU\u00c7\u00c3O DE RECURSOS FINANCEIROS AO PODER EXECUTIVO MUNICIPAL.\""}, {"id": "12553", "ano": "2014", "numero": "2", "tipo__sigla": "RS", "tipo__descricao": "Resolu\u00e7\u00e3o", "autoria": "Cabral", "texto_original": "http://sapl.marechalfloriano.es.leg.br/media/sapl/public/materialegislativa/2014/12553/res002-2014.pdf", "ementa": "\"AUTORIZA A DEVOLU\u00c7\u00c3O DE RECURSOS FINANCEIROS AO PODER EXECUTIVO MUNICIPAL.\""}, {"id": "12554", "ano": "2014", "numero": "3", "tipo__sigla": "RS", "tipo__descricao": "Resolu\u00e7\u00e3o", "autoria": "Cabral", "texto_original": "http://sapl.marechalfloriano.es.leg.br/media/sapl/public/materialegislativa/2014/12554/res003-2014.pdf", "ementa": "\"AUTORIZA O PODER LEGISLATIVO MUNICIPAL ANULAR DOTA\u00c7\u00c3O DO OR\u00c7AMENTO VIGENTE.\""}, {"id": "12555", "ano": "2014", "numero": "4", "tipo__sigla": "RS", "tipo__descricao": "Resolu\u00e7\u00e3o", "autoria": "Cabral", "texto_original": "http://sapl.marechalfloriano.es.leg.br/media/sapl/public/materialegislativa/2014/12555/res004-2014.pdf", "ementa": "\"AUTORIZA A DEVOLU\u00c7\u00c3O DE RECURSOS FINANCEIROS AO PODER EXECUTIVO MUNICIPAL.\""}, {"id": "12557", "ano": "2014", "numero": "6", "tipo__sigla": "RS", "tipo__descricao": "Resolu\u00e7\u00e3o", "autoria": "Cabral", "texto_original": "http://sapl.marechalfloriano.es.leg.br/media/sapl/public/materialegislativa/2014/12557/res006-2014.pdf", "ementa": "\"AUTORIZA O PODER LEGISLATIVO MUNICIPAL ANULAR DOTA\u00c7\u00c3O DO OR\u00c7AMENTO VIGENTE.\""}, {"id": "12638", "ano": "2014", "numero": "1", "tipo__sigla": "PEM", "tipo__descricao": "Proposta de Emenda Modificativa", "autoria": "CFO - COMISS\u00c3O DE FINAN\u00c7AS E OR\u00c7AMENTO, CLJRF - COMISS\u00c3O DE LEGISLA\u00c7\u00c3O, JUSTI\u00c7A E REDA\u00c7\u00c3O FINAL", "texto_original": "http://sapl.marechalfloriano.es.leg.br/media/sapl/public/materialegislativa/2014/12638/em001-2014.pdf", "ementa": "\"EMENDA RELATIVA AO PROJETO DE LEI N\u00ba 043/2014.\""}, {"id": "12639", "ano": "2014", "numero": "2", "tipo__sigla": "PEM", "tipo__descricao": "Proposta de Emenda Modificativa", "autoria": "CFO - COMISS\u00c3O DE FINAN\u00c7AS E OR\u00c7AMENTO", "texto_original": "http://sapl.marechalfloriano.es.leg.br/media/sapl/public/materialegislativa/2014/12639/em002-2014.pdf", "ementa": "'EMENDA RELATIVA AO PROJETO DE LEI N\u00ba 055/2014."}, {"id": "12640", "ano": "2014", "numero": "3", "tipo__sigla": "PEM", "tipo__descricao": "Proposta de Emenda Modificativa", "autoria": "CFO - COMISS\u00c3O DE FINAN\u00c7AS E OR\u00c7AMENTO, CLJRF - COMISS\u00c3O DE LEGISLA\u00c7\u00c3O, JUSTI\u00c7A E REDA\u00c7\u00c3O FINAL", "texto_original": "http://sapl.marechalfloriano.es.leg.br/media/sapl/public/materialegislativa/2014/12640/em003-2014.pdf", "ementa": "\"EMENDA RELATIVA AO PROJETO DE LEI N\u00ba 074/2014.\""}, {"id": "12641", "ano": "2014", "numero": "4", "tipo__sigla": "PEM", "tipo__descricao": "Proposta de Emenda Modificativa", "autoria": "CLJRF - COMISS\u00c3O DE LEGISLA\u00c7\u00c3O, JUSTI\u00c7A E REDA\u00c7\u00c3O FINAL", "texto_original": "http://sapl.marechalfloriano.es.leg.br/media/sapl/public/materialegislativa/2014/12641/em004-2014.pdf", "ementa": "\"EMENDA RELATIVA AO PROJETO DE LEI N\u00ba 083/2014.\""}, {"id": "12642", "ano": "2014", "numero": "5", "tipo__sigla": "PEM", "tipo__descricao": "Proposta de Emenda Modificativa", "autoria": "CFO - COMISS\u00c3O DE FINAN\u00c7AS E OR\u00c7AMENTO", "texto_original": "http://sapl.marechalfloriano.es.leg.br/media/sapl/public/materialegislativa/2014/12642/em005-2014.pdf", "ementa": "\"EMENDA RELATIVA AO PROJETO DE LEI N\u00ba 126/2014.\""}, {"id": "12643", "ano": "2014", "numero": "6", "tipo__sigla": "PEM", "tipo__descricao": "Proposta de Emenda Modificativa", "autoria": "CLJRF - COMISS\u00c3O DE LEGISLA\u00c7\u00c3O, JUSTI\u00c7A E REDA\u00c7\u00c3O FINAL", "texto_original": "http://sapl.marechalfloriano.es.leg.br/media/sapl/public/materialegislativa/2014/12643/em006-2014.pdf", "ementa": "\"EMENDA RELATIVA AO PROJETO DE LEI N\u00ba 084/2013.\""}, {"id": "12644", "ano": "2014", "numero": "7", "tipo__sigla": "PEM", "tipo__descricao": "Proposta de Emenda Modificativa", "autoria": "CFO - COMISS\u00c3O DE FINAN\u00c7AS E OR\u00c7AMENTO", "texto_original": "http://sapl.marechalfloriano.es.leg.br/media/sapl/public/materialegislativa/2014/12644/em007-2014.pdf", "ementa": "\"EMENDA RELATIVA AO PROJETO DE LEI N\u00ba 083/2014.\""}, {"id": "12647", "ano": "2014", "numero": "1", "tipo__sigla": "PEA", "tipo__descricao": "Proposta de Emenda Aditiva", "autoria": "CLJRF - COMISS\u00c3O DE LEGISLA\u00c7\u00c3O, JUSTI\u00c7A E REDA\u00c7\u00c3O FINAL", "texto_original": "http://sapl.marechalfloriano.es.leg.br/media/sapl/public/materialegislativa/2014/12647/ea001-2014.pdf", "ementa": "\"EMENDA RELATIVA AO PROJETO DE LEI N\u00ba084/2014.\""}, {"id": "12645", "ano": "2014", "numero": "1", "tipo__sigla": "PES", "tipo__descricao": "Proposta de Emenda Supressiva", "autoria": "CFO - COMISS\u00c3O DE FINAN\u00c7AS E OR\u00c7AMENTO, CLJRF - COMISS\u00c3O DE LEGISLA\u00c7\u00c3O, JUSTI\u00c7A E REDA\u00c7\u00c3O FINAL", "texto_original": "http://sapl.marechalfloriano.es.leg.br/media/sapl/public/materialegislativa/2014/12645/es001-2014.pdf", "ementa": "\"EMENDA RELATIVA AO PROJETO DE LEI N\u00ba 043/2014.\""}, {"id": "12646", "ano": "2014", "numero": "2", "tipo__sigla": "PES", "tipo__descricao": "Proposta de Emenda Supressiva", "autoria": "CFO - COMISS\u00c3O DE FINAN\u00c7AS E OR\u00c7AMENTO", "texto_original": "http://sapl.marechalfloriano.es.leg.br/media/sapl/public/materialegislativa/2014/12646/es002-2014.pdf", "ementa": "\"EMENDA RELATIVA AO PORJETO DE LEI N\u00ba 150/2014.\""}]}