{"headers": {"id": "ID", "ano": "Ano", "numero": "N\u00famero", "tipo__sigla": "Tipo de Mat\u00e9ria Legislativa/Sigla", "tipo__descricao": "Tipo de Mat\u00e9ria Legislativa/Descri\u00e7\u00e3o", "autoria": "Autorias", "texto_original": "Texto Original", "ementa": "Ementa"}, "results": [{"id": "13733", "ano": "2017", "numero": "1", "tipo__sigla": "DL", "tipo__descricao": "Decreto Legislativo", "autoria": "DAVI", "texto_original": "http://sapl.marechalfloriano.es.leg.br/media/sapl/public/materialegislativa/2017/13733/001-2017.pdf", "ementa": "\u00b4\u00b4DECRETA PONTO FACULTATIVO``."}, {"id": "13734", "ano": "2017", "numero": "2", "tipo__sigla": "DL", "tipo__descricao": "Decreto Legislativo", "autoria": "DAVI", "texto_original": "http://sapl.marechalfloriano.es.leg.br/media/sapl/public/materialegislativa/2017/13734/002-2017.pdf", "ementa": "\u00b4\u00b4DECRETA PONTO FACULTATIVO``."}, {"id": "13747", "ano": "2017", "numero": "3", "tipo__sigla": "DL", "tipo__descricao": "Decreto Legislativo", "autoria": "DAVI", "texto_original": "http://sapl.marechalfloriano.es.leg.br/media/sapl/public/materialegislativa/2017/13747/03-03a.pdf", "ementa": "03 - '' DECRETA PONTO FACULTATIVO''.\r\n\r\n03a - ''DECRETA PONTO FACULTATIVO'', DIA 14.08.2017"}, {"id": "13748", "ano": "2017", "numero": "4", "tipo__sigla": "DL", "tipo__descricao": "Decreto Legislativo", "autoria": "DAVI", "texto_original": "http://sapl.marechalfloriano.es.leg.br/media/sapl/public/materialegislativa/2017/13748/004-2017.pdf", "ementa": "'' DISP\u00d5E SOBRE A APEROVA\u00c7\u00c3O DAS CONTAS DA PREFEITURA MUNICIPAL DE MARECHAL FLORIANO-ES, REFERENTE AO EXERC\u00cdCIO DE 2014''."}, {"id": "13749", "ano": "2017", "numero": "5", "tipo__sigla": "DL", "tipo__descricao": "Decreto Legislativo", "autoria": "DAVI", "texto_original": "http://sapl.marechalfloriano.es.leg.br/media/sapl/public/materialegislativa/2017/13749/005-2017.pdf", "ementa": "''DECRETA PONTO FACULTATIVO''."}, {"id": "13750", "ano": "2017", "numero": "6", "tipo__sigla": "DL", "tipo__descricao": "Decreto Legislativo", "autoria": "DAVI", "texto_original": "http://sapl.marechalfloriano.es.leg.br/media/sapl/public/materialegislativa/2017/13750/006-2017.pdf", "ementa": "''DECRETA PONTO FACULTATIVO''."}, {"id": "13751", "ano": "2017", "numero": "7", "tipo__sigla": "DL", "tipo__descricao": "Decreto Legislativo", "autoria": "DAVI", "texto_original": "http://sapl.marechalfloriano.es.leg.br/media/sapl/public/materialegislativa/2017/13751/007-2017.pdf", "ementa": "''DECRETA PONTO FACULTATIVO''."}, {"id": "1354", "ano": "2017", "numero": "1", "tipo__sigla": "IND", "tipo__descricao": "Indica\u00e7\u00e3o", "autoria": "DIONY STEIN", "texto_original": "http://sapl.marechalfloriano.es.leg.br/media/./sapl/public/materialegislativa/2017/1354/1354_texto_integral.pdf", "ementa": "VIABILIZAR SERVI\u00c7O DE MELHORIAS, PATROLAMENTO E CASCALHAMENTO DA AVENIDA FLORA KUSTER KIEFER E DEMAIS ESTRADAS QUE OFERECEM ACESSO AO CONDOM\u00cdNIO SERRA VERDE, LOCALIZADO NO KM 52 DA BR 262, NESTA MUNICIPALIDADE, BEM COMO NAS RUAS INTERNAS QUE D\u00c3O ACESSO \u00c0S RESIDENCIAS DO MESMO, E, DENTRO DAS POSSIBILIDADES INSERIR NO CRONOGRAMA DE SERVI\u00c7O A PAVIMENTA\u00c7\u00c3O DAS MESMAS."}, {"id": "1355", "ano": "2017", "numero": "2", "tipo__sigla": "IND", "tipo__descricao": "Indica\u00e7\u00e3o", "autoria": "Felipe Hulle Del Puppo", "texto_original": "http://sapl.marechalfloriano.es.leg.br/media/./sapl/public/materialegislativa/2017/1355/1355_texto_integral.pdf", "ementa": "VIABILIZAR SERVI\u00c7O DE ILUMINA\u00c7\u00c3O PUBLICA NO MORRO MARQUES LOCALIZADO EM VICTOR HUGO."}, {"id": "1356", "ano": "2017", "numero": "3", "tipo__sigla": "IND", "tipo__descricao": "Indica\u00e7\u00e3o", "autoria": "Felipe Hulle Del Puppo", "texto_original": "http://sapl.marechalfloriano.es.leg.br/media/./sapl/public/materialegislativa/2017/1356/1356_texto_integral.pdf", "ementa": "VIABILIZAR SERVI\u00c7O DE REFORMA DA UNIDADE DE SA\u00daDE E DO CAMPO DE AREIA DO BAIRRO SANTA RITA, BEM COMO VIABILIZAR A CONSTRU\u00c7\u00c3O DA PRA\u00c7A E DE UM POSTO POLICIAL."}, {"id": "1357", "ano": "2017", "numero": "4", "tipo__sigla": "IND", "tipo__descricao": "Indica\u00e7\u00e3o", "autoria": "DIONY STEIN", "texto_original": "http://sapl.marechalfloriano.es.leg.br/media/./sapl/public/materialegislativa/2017/1357/1357_texto_integral.pdf", "ementa": "REFORMA COMPLETA DO PARQUINHO INFANTIL SITUADO EM ALTO MARECHAL, NESTE MUNIC\u00cdPIO."}, {"id": "1358", "ano": "2017", "numero": "5", "tipo__sigla": "IND", "tipo__descricao": "Indica\u00e7\u00e3o", "autoria": "Dod\u00f4 Krohling", "texto_original": "http://sapl.marechalfloriano.es.leg.br/media/./sapl/public/materialegislativa/2017/1358/1358_texto_integral.pdf", "ementa": "TENDO EM VISTA O INICIO DAS AULAS, SOLICITO VIABILIZAR SERVI\u00c7O DE MELHORIAS, PATROLAMENTO E CASCALHAMENTO DAS ESTRADAS VICINAIS DO MUNIC\u00cdPIO, VISANDO MELHOR ACESSIBILIDADE NUM TODO, EM ESPECIAL, NO QUE TANGE AO TRANSPORTE ESCOLAR."}, {"id": "1359", "ano": "2017", "numero": "6", "tipo__sigla": "IND", "tipo__descricao": "Indica\u00e7\u00e3o", "autoria": "Renato Werneck", "texto_original": "http://sapl.marechalfloriano.es.leg.br/media/./sapl/public/materialegislativa/2017/1359/1359_texto_integral.pdf", "ementa": "CONTRATA\u00c7\u00c3O DE PEDIATRAS E QUE SEJA VIABILIZADA A CAMPANHA DE VACINA\u00c7\u00c3O DA FEBRE AMARELA NAS EMPRESAS;\r\nINDICO AINDA, A REALIZA\u00c7\u00c3O DOS SERVI\u00c7OS DE PATROLAMENTO E CASCALHAMENTO DA ESTRADA DA VELHA SO\u00cdDO DE BAIXO, INICIANDO NO POSTO IPIRANGA."}, {"id": "1360", "ano": "2017", "numero": "7", "tipo__sigla": "IND", "tipo__descricao": "Indica\u00e7\u00e3o", "autoria": "Cabral", "texto_original": "http://sapl.marechalfloriano.es.leg.br/media/./sapl/public/materialegislativa/2017/1360/1360_texto_integral.pdf", "ementa": "INDICA A CONSTRU\u00c7\u00c3O DA CASA DE MEL NA COMUNIDADE DE BOA ESPERAN\u00c7A, VISANDO APOIAR O DESENVOLVIMENTO DA APICULTURA DE NOSSA CIDADE, MELHORANDO A PRODU\u00c7\u00c3O E O BENEFICIAMENTO DO MEL ENTRE OS PRODUTORES DO MUNIC\u00cdPIO."}, {"id": "1361", "ano": "2017", "numero": "8", "tipo__sigla": "IND", "tipo__descricao": "Indica\u00e7\u00e3o", "autoria": "Cabral", "texto_original": "http://sapl.marechalfloriano.es.leg.br/media/./sapl/public/materialegislativa/2017/1361/1361_texto_integral.pdf", "ementa": "INDICA A REALIZA\u00c7\u00c3O DOS SERVI\u00c7OS DE CAL\u00c7AMENTO E/OU PAVIMENTA\u00c7\u00c3O ASF\u00c1LTICA EM TODAS AS RUAS LOCALIZADAS NO MORRO DA MACEFEL."}, {"id": "1362", "ano": "2017", "numero": "9", "tipo__sigla": "IND", "tipo__descricao": "Indica\u00e7\u00e3o", "autoria": "JOAQUIM STEIN", "texto_original": "http://sapl.marechalfloriano.es.leg.br/media/./sapl/public/materialegislativa/2017/1362/1362_texto_integral.pdf", "ementa": "REQUER A VOSSA EXCEL\u00caNCIA, JUNTAMENTE COM O SETOR DE OBRAS A REALIZA\u00c7\u00c3O DE OPERA\u00c7\u00c3O TAPA BURACOS NA PAVIMENTA\u00c7\u00c3O ASF\u00c1LTICA DA ESTRADA JAIME CANAL, INICIANDO NO ANTIGO GALP\u00c3O DA EMPRESA GLOBOAVES, PASSANDO PELA ENTRADA NO VALE DA TRANQUILIDADE, RESIDENCIA DO SENHOR ASSIS DA FARM\u00c1CIA E T\u00c9RMINO NAS PROXIMIDADES DA PROPRIEDADE DO SENHOR FLOMITO ENDLICH;\r\nINDICA AINDA A INSTALA\u00c7\u00c3O DE POSTES COM ILUMINA\u00c7\u00c3O P\u00daBLICA EM TODO O PERCURSO DESTA ESTRADA."}, {"id": "1363", "ano": "2017", "numero": "10", "tipo__sigla": "IND", "tipo__descricao": "Indica\u00e7\u00e3o", "autoria": "Felipe Hulle Del Puppo", "texto_original": "http://sapl.marechalfloriano.es.leg.br/media/./sapl/public/materialegislativa/2017/1363/1363_texto_integral.pdf", "ementa": "VIABILIZAR SERVI\u00c7O DE ILUMINA\u00c7\u00c3O P\u00daBLICA NAS PROXIMIDADES DO SITIO EFFEGEN, LOCALIZADO EM BOM JESUS."}, {"id": "1364", "ano": "2017", "numero": "11", "tipo__sigla": "IND", "tipo__descricao": "Indica\u00e7\u00e3o", "autoria": "Felipe Hulle Del Puppo", "texto_original": "http://sapl.marechalfloriano.es.leg.br/media/./sapl/public/materialegislativa/2017/1364/1364_texto_integral.pdf", "ementa": "VIABILIZAR SERVI\u00c7OS DE MELHORIAS E REFORMA DO CEMIT\u00c9RIO MUNICIPAL RECANTO DA PAZ, LOCALIZADO PR\u00d3XIMO AO CAMPO DO APOLLO, NESTE MUNIC\u00cdPIO."}, {"id": "1365", "ano": "2017", "numero": "12", "tipo__sigla": "IND", "tipo__descricao": "Indica\u00e7\u00e3o", "autoria": "JOAQUIM STEIN", "texto_original": "http://sapl.marechalfloriano.es.leg.br/media/./sapl/public/materialegislativa/2017/1365/1365_texto_integral.pdf", "ementa": "VIABILIZAR PINTURA DO MURO DE ARRIMO DA ESCOLA EM\u00cdLIO OSCAR HULLE, POIS O MESMO ENCONTRA-SE SUJO, CAUSANDO UM VISUAL N\u00c3O MUITO ATRAENTE PARA OS MUN\u00cdCIPES E TURISTAS."}, {"id": "1366", "ano": "2017", "numero": "13", "tipo__sigla": "IND", "tipo__descricao": "Indica\u00e7\u00e3o", "autoria": "JOAQUIM STEIN", "texto_original": "http://sapl.marechalfloriano.es.leg.br/media/./sapl/public/materialegislativa/2017/1366/1366_texto_integral.pdf", "ementa": "VIABILIZAR ADEQUA\u00c7\u00c3O DE CAL\u00c7ADAS, VISANDO A CONSTRU\u00c7\u00c3O DE CAL\u00c7ADAS COM RAMPAS, COM OBJETIVO DE MELHORAR E/OU GARANTIR A ACESSIBILIDADE AOS PORTADORES DE NECESSIDADES ESPECIAIS."}, {"id": "1367", "ano": "2017", "numero": "14", "tipo__sigla": "IND", "tipo__descricao": "Indica\u00e7\u00e3o", "autoria": "Cabral", "texto_original": "http://sapl.marechalfloriano.es.leg.br/media/./sapl/public/materialegislativa/2017/1367/1367_texto_integral.pdf", "ementa": "AMPLIA\u00c7\u00c3O E REFORMA COMPLETA DAS DUAS CRECHES SITUADAS NA SEDE DESTE MUNIC\u00cdPIO.(SANTA RITA E ALTO MARECHAL)"}, {"id": "1368", "ano": "2017", "numero": "15", "tipo__sigla": "IND", "tipo__descricao": "Indica\u00e7\u00e3o", "autoria": "Cabral", "texto_original": "http://sapl.marechalfloriano.es.leg.br/media/./sapl/public/materialegislativa/2017/1368/1368_texto_integral.pdf", "ementa": "RECUPERA\u00c7\u00c3O COM OPERA\u00c7\u00c3O DE TAPA-BURACOS NAS RUAS E AVENIDAS DA SEDE DO MUNIC\u00cdPIO."}, {"id": "1369", "ano": "2017", "numero": "16", "tipo__sigla": "IND", "tipo__descricao": "Indica\u00e7\u00e3o", "autoria": "Cabral", "texto_original": "http://sapl.marechalfloriano.es.leg.br/media/./sapl/public/materialegislativa/2017/1369/1369_texto_integral.pdf", "ementa": "INDICA A AQUISI\u00c7\u00c3O PELO MUNIC\u00cdPIO DE UMA CASCALHEIRA PARA ATENDER AS OBRAS MUNICIPAIS.   "}, {"id": "1370", "ano": "2017", "numero": "17", "tipo__sigla": "IND", "tipo__descricao": "Indica\u00e7\u00e3o", "autoria": "UBALDINO SARAIVA", "texto_original": "http://sapl.marechalfloriano.es.leg.br/media/./sapl/public/materialegislativa/2017/1370/1370_texto_integral.pdf", "ementa": "INDICA A VOSSA EXCEL\u00caNCIA, JUNTAMENTE COM O \u00d3RG\u00c3O MUNICIPAL COMPETENTE, MELHORIA URGENTE NA MOBILIDADE URBANA, REFORMA DE CAL\u00c7ADAS COM ACESSIBILIDADE AO PORTADOR DE DEFICI\u00caNCIA F\u00cdSICA, MELHORIAS NO TRANSITO E DISPONIBILIDADE D MAIS VAGAS DE ESTACIONAMENTO NA SEDE DESTE MUNIC\u00cdPIO."}, {"id": "1372", "ano": "2017", "numero": "18", "tipo__sigla": "IND", "tipo__descricao": "Indica\u00e7\u00e3o", "autoria": "Renato Werneck", "texto_original": "http://sapl.marechalfloriano.es.leg.br/media/./sapl/public/materialegislativa/2017/1372/1372_texto_integral.pdf", "ementa": "VIABILIZAR SERVI\u00c7O DE REFORMA E AMPLIA\u00c7\u00c3O DA ESCOLA DE BOM JESUS, VISANDO ADEQUA\u00c7\u00c3O AOS PADR\u00d5ES ESTABELECIDOS PELOS \u00d3RG\u00c3OS EDUCACIONAIS, BEM COMO GARANTIR MELHORES CONDI\u00c7\u00d5ES DE APRENDIZAGEM AOS ALUNOS."}, {"id": "1374", "ano": "2017", "numero": "19", "tipo__sigla": "IND", "tipo__descricao": "Indica\u00e7\u00e3o", "autoria": "DAVI", "texto_original": "http://sapl.marechalfloriano.es.leg.br/media/./sapl/public/materialegislativa/2017/1374/1374_texto_integral.pdf", "ementa": "VIABILIZAR A REFORMA DA PONTE DE MADEIRA SITUADA NA COMUNIDADE DE SO\u00cdDO DE BAIXO NAS PROXIMIDADES DA PROPRIEDADE DO SR. LULU KUSTER."}, {"id": "1377", "ano": "2017", "numero": "20", "tipo__sigla": "IND", "tipo__descricao": "Indica\u00e7\u00e3o", "autoria": "Renato Werneck", "texto_original": "http://sapl.marechalfloriano.es.leg.br/media/./sapl/public/materialegislativa/2017/1377/1377_texto_integral.pdf", "ementa": "VIABILIZAR A LIMPEZA DA VEGETA\u00c7\u00c3O E DO LIXO EXISTENTE NO LEITO DO RIO JUCU BRA\u00c7O SUL, NO PERCURSO ENTRE O RESTAURANTE BRA\u00c7O SUL AT\u00c9 O FINAL DA RUA DELIMAR SCHUNCK."}, {"id": "3226", "ano": "2017", "numero": "21", "tipo__sigla": "IND", "tipo__descricao": "Indica\u00e7\u00e3o", "autoria": "", "texto_original": "http://sapl.marechalfloriano.es.leg.br/media/./sapl/public/materialegislativa/2017/3226/3226_texto_integral.pdf", "ementa": "REPAROS E INSTALA\u00c7\u00c3O DE ILUMINA\u00c7\u00c3O P\u00daBLICA (L\u00c2MPADAS DE LED) NA \u00c1REA DE LAZER, CAMPO DE AREIA, ACADEMIA DE SA\u00daDE E QUADRA DE BASQUETE, SITUADOS NA AV. ARTHUR HAESE, NESTE MUNIC\u00cdPIO  "}, {"id": "3228", "ano": "2017", "numero": "22", "tipo__sigla": "IND", "tipo__descricao": "Indica\u00e7\u00e3o", "autoria": "Cabral", "texto_original": "http://sapl.marechalfloriano.es.leg.br/media/./sapl/public/materialegislativa/2017/3228/3228_texto_integral.pdf", "ementa": "LIMPEZA E REPARO NO CAL\u00c7AMENTO DA ESTRADA DE ACESSO AO LOTEAMENTO DO JER\u00d4NIMO, SITUADO NO BAIRRO VILA NOVA, NESTE MUNIC\u00cdPIO."}, {"id": "3229", "ano": "2017", "numero": "23", "tipo__sigla": "IND", "tipo__descricao": "Indica\u00e7\u00e3o", "autoria": "Cabral", "texto_original": "http://sapl.marechalfloriano.es.leg.br/media/./sapl/public/materialegislativa/2017/3229/3229_texto_integral.pdf", "ementa": "REFORMA E AMPLIA\u00c7\u00c3O DO POSTO SANTA RITA NESTE MUNIC\u00cdPIO "}, {"id": "3231", "ano": "2017", "numero": "24", "tipo__sigla": "IND", "tipo__descricao": "Indica\u00e7\u00e3o", "autoria": "Cabral", "texto_original": "http://sapl.marechalfloriano.es.leg.br/media/./sapl/public/materialegislativa/2017/3231/3231_texto_integral.pdf", "ementa": "REFORMA E PINTURA DA POLICL\u00cdNICA NA SEDE DESTE MUNIC\u00cdPIO "}, {"id": "3232", "ano": "2017", "numero": "25", "tipo__sigla": "IND", "tipo__descricao": "Indica\u00e7\u00e3o", "autoria": "Renato Werneck", "texto_original": "http://sapl.marechalfloriano.es.leg.br/media/./sapl/public/materialegislativa/2017/3232/3232_texto_integral.pdf", "ementa": "PATROLAMENTO E CASCALHAMENTO NAS ESTRADAS DA COMUNIDADE DE BOM JESUS ABRANGENDO AS DIVISAS DO MUNIC\u00cdPIO, CONFORME LEI MUNICIPAL N\u00b0 1360/2013."}, {"id": "3234", "ano": "2017", "numero": "26", "tipo__sigla": "IND", "tipo__descricao": "Indica\u00e7\u00e3o", "autoria": "DAVI", "texto_original": "http://sapl.marechalfloriano.es.leg.br/media/./sapl/public/materialegislativa/2017/3234/3234_texto_integral.pdf", "ementa": "SOLICITO PROVID\u00caNCIAS NO SENTIDO DE VIABILIZAR O MAIS BREVE POSS\u00cdVEL, SERVI\u00c7O DE DEDETIZA\u00c7\u00c3O NOS ESGOTOS, NAS GALERIAS E \u00c0S MARGENS DOS C\u00d3RREGOS E RIO, BEM COMO DOS BUEIROS EXISTENTES NAS RUAS DA SEDE DESTA MUNICIPALIDADE, VISANDO A ERRADICA\u00c7\u00c3O DE BARATAS E RATOS."}, {"id": "3236", "ano": "2017", "numero": "27", "tipo__sigla": "IND", "tipo__descricao": "Indica\u00e7\u00e3o", "autoria": "JOAQUIM STEIN", "texto_original": "http://sapl.marechalfloriano.es.leg.br/media/./sapl/public/materialegislativa/2017/3236/3236_texto_integral.pdf", "ementa": "VIABILIZAR A INSTALA\u00c7\u00c3O DE UM PARQUINHO INFANTIL PR\u00d3XIMO \u00c0 UNIDADE DE SA\u00daDE DO BAIRRO SANTA RITA "}, {"id": "3238", "ano": "2017", "numero": "28", "tipo__sigla": "IND", "tipo__descricao": "Indica\u00e7\u00e3o", "autoria": "JOAQUIM STEIN", "texto_original": "http://sapl.marechalfloriano.es.leg.br/media/./sapl/public/materialegislativa/2017/3238/3238_texto_integral.pdf", "ementa": "VIABILIZAR A COLOCA\u00c7\u00c3O DE MAIS UM LAT\u00c3O DE LIXO PR\u00d3XIMO \u00c0 ENTRADA DA RUA JO\u00c3O PEDRO SCHNEIDER, LOCALIZADA NA SEDE DO MUNIC\u00cdPIO, A QUAL D\u00c1 ACESSO AO CEMIT\u00c9RIO DA IGREJA DE SANT' ANA, COM IN\u00cdCIO NA RUA VICTOR TRAV\u00c1GLIA E T\u00c9RMINO NO REFERIDO CEMIT\u00c9RIO "}, {"id": "3240", "ano": "2017", "numero": "29", "tipo__sigla": "IND", "tipo__descricao": "Indica\u00e7\u00e3o", "autoria": "JOAQUIM STEIN", "texto_original": "http://sapl.marechalfloriano.es.leg.br/media/./sapl/public/materialegislativa/2017/3240/3240_texto_integral.pdf", "ementa": "VIABILIZAR SERVI\u00c7O DE MANUTEN\u00c7\u00c3O DA RUA MARCION\u00cdLIO VARGAS FORTES, LOCALIZADA NA SEDE DO MUNIC\u00cdPIO, COM IN\u00cdCIO NA RUA VICTOR TRAV\u00c1GLIA, AO LADO DA LINHA F\u00c9RREA E T\u00c9RMINO EM CIMA DA GALERIA, AO LADO DA RESID\u00caNCIA DO SR. FLOR\u00caNCIO SCHWAMBACH, COMPREENDENDO RECAPEAMENTO E OUTROS REPAROS QUE SE FIZEREM NECESS\u00c1RIOS "}, {"id": "3245", "ano": "2017", "numero": "30", "tipo__sigla": "IND", "tipo__descricao": "Indica\u00e7\u00e3o", "autoria": "Renato Werneck", "texto_original": "http://sapl.marechalfloriano.es.leg.br/media/./sapl/public/materialegislativa/2017/3245/3245_texto_integral.pdf", "ementa": "VIABILIZAR SERVI\u00c7O DE PAVIMENTA\u00c7\u00c3O DA RUA ALCIMIR KIEFER, LOCALIZADA EM PALELO \u00c0 RUA THIERES VELOSO, ANTES DA ESCOLA MUNICIPAL ELISI\u00c1RIO FERREIRA FILHO"}, {"id": "3250", "ano": "2017", "numero": "31", "tipo__sigla": "IND", "tipo__descricao": "Indica\u00e7\u00e3o", "autoria": "Felipe Hulle Del Puppo", "texto_original": "http://sapl.marechalfloriano.es.leg.br/media/./sapl/public/materialegislativa/2017/3250/3250_texto_integral.pdf", "ementa": "SOLICITO O SERVI\u00c7O DE PAVIMENTA\u00c7\u00c3O EM UMA SUBIDA LOCALIZADA NA RUA MARIO SCHUNCK, LOCAL ONDE RESIDE DIVERSOS MORADORES DENTRE ELES O SR. VALDENI CLAUDIO DE SOUZA, AT\u00c9 AS PROXIMIDADES DA SERRALHERIA DO SOLIMAR, EM COSTA PEREIRA.\r\nSOLICITO AINDA, PAVIMENTA\u00c7\u00c3O NO TRAJETO QUE D\u00c1 ACESSO AO COMERCIO DO SR. LIDIO, NESTA MESMA LOCALIDADE  "}, {"id": "3251", "ano": "2017", "numero": "32", "tipo__sigla": "IND", "tipo__descricao": "Indica\u00e7\u00e3o", "autoria": "Felipe Hulle Del Puppo", "texto_original": "http://sapl.marechalfloriano.es.leg.br/media/./sapl/public/materialegislativa/2017/3251/3251_texto_integral.pdf", "ementa": "INDICO A INSTALA\u00c7\u00c3O DE REDE DE ILUMINA\u00c7\u00c3O P\u00daBLICA NA COMUNIDADE DE BOA ESPERAN\u00c7A "}, {"id": "4439", "ano": "2017", "numero": "33", "tipo__sigla": "IND", "tipo__descricao": "Indica\u00e7\u00e3o", "autoria": "Cabral", "texto_original": "http://sapl.marechalfloriano.es.leg.br/media/./sapl/public/materialegislativa/2017/4439/4439_texto_integral.pdf", "ementa": "VIABILIZAR SERVI\u00c7OS DE REFORMAS E AMPLIA\u00c7\u00d5ES NOS SISTEMAS DE \u00c1GUA NAS LOCALIDADES DE VICTOR HUGO, SANTA MARIA, ARAGUAIA, TREVO BETINHO SIMON, ALTO NOVA ALMEIDA, VILA SCHUNK E BOM JESUS, BEM COMO A CONSTRU\u00c7\u00c3O NAS LOCALIDADES DE SO\u00cdDO, RIO FUNDO E VILA DO SERT\u00c3O."}, {"id": "3253", "ano": "2017", "numero": "34", "tipo__sigla": "IND", "tipo__descricao": "Indica\u00e7\u00e3o", "autoria": "JOAQUIM STEIN", "texto_original": "http://sapl.marechalfloriano.es.leg.br/media/./sapl/public/materialegislativa/2017/3253/3253_texto_integral.pdf", "ementa": "VERIFICAR E ORIENTAR AS PESSOAS QUANTO AO USO E MANUSEIO INADEQUADOS DOS COLETORES DE ENTULHOS, QUE S\u00c3O COLOCADOS PARA A RETIRADA DOS MESMOS, TANTO NA SEDE COMO NO INTERIOR."}, {"id": "3255", "ano": "2017", "numero": "35", "tipo__sigla": "IND", "tipo__descricao": "Indica\u00e7\u00e3o", "autoria": "DIONY STEIN", "texto_original": "http://sapl.marechalfloriano.es.leg.br/media/./sapl/public/materialegislativa/2017/3255/3255_texto_integral.pdf", "ementa": "INDICO AO PREFEITO MUNICIPAL QUE SEJA VIABILIZADO O M,AIS BREVE POSS\u00cdVEL, DIVERSAS MELHORIAS NA RUA ALVINO WASSEM, TENDO EM VISTA QUE O SISTEMA DE ESGOTO SANIT\u00c1RIO E PLUVIAL ENCONTRA-SE ENTUPIDO COM VAZAMENTO DIRETO NA RUA, PROPORCIONANDO MAU CHEIRO PREJUDICANDO A QUALIDADE DE VIDA DOS MORADORES.\r\nINDICA AINDA QUE SEJA VIABILIZADA MELHORIAS EM TODO O PERCURSO DESTA VIA, OCASI\u00c3O EM QUE ALGUMAS ESTRUTURAS ENCONTRAM-SE DANIFICADAS, AFUNDADAS E COM OS MEIO-FIOS QUEBRADOS, VISANDO PROPORCIONAR MELHOR ACESSIBILIDADE E MAIOR SEGURAN\u00c7A AOS MUN\u00cdCIPES QUE UTILIZAM ESTE LOGRADOURO"}, {"id": "3256", "ano": "2017", "numero": "36", "tipo__sigla": "IND", "tipo__descricao": "Indica\u00e7\u00e3o", "autoria": "DIONY STEIN", "texto_original": "http://sapl.marechalfloriano.es.leg.br/media/./sapl/public/materialegislativa/2017/3256/3256_texto_integral.pdf", "ementa": "INDICO QUE O PREFEITO MUNICIPAL QUE VIABILIZE O RETORNO DOS BANCOS QUE FORAM RETIRADOS NAS PROXIMIDADES DA TRAVESSIA DA LINHA F\u00c9RREA AT\u00c9 O CIRETRAN, BEM COMO PROVIDENCIAR A INSTALA\u00c7\u00c3O DE BANCOS NO CAL\u00c7AD\u00c3O DA AVENIDA ARTHUR HAESE E DA RUA GUSTAVO HERTEL"}, {"id": "3258", "ano": "2017", "numero": "37", "tipo__sigla": "IND", "tipo__descricao": "Indica\u00e7\u00e3o", "autoria": "DIONY STEIN", "texto_original": "http://sapl.marechalfloriano.es.leg.br/media/./sapl/public/materialegislativa/2017/3258/3258_texto_integral.pdf", "ementa": "INDICO AO PREFEITO MUNICIPAL QUE VIABILIZE A REALIZA\u00c7\u00c3O DOS SERVI\u00c7OS DE PAVIMENTA\u00c7\u00c3O ASF\u00c1LTICA E A LIMPEZA DOS BUEIROS DA RUA ALCIMIR KIEFER, NESTE MUNIC\u00cdPIO. "}, {"id": "3259", "ano": "2017", "numero": "38", "tipo__sigla": "IND", "tipo__descricao": "Indica\u00e7\u00e3o", "autoria": "Renato Werneck", "texto_original": "http://sapl.marechalfloriano.es.leg.br/media/./sapl/public/materialegislativa/2017/3259/3259_texto_integral.pdf", "ementa": "INDICO AO PREFEITO MUNICIPAL QUE VIABILIZE A REFORMA DA ESCOLA MUNICIPAL ELISI\u00c1RIO FERREIRA FILHO, NA SEDE DESTE MUNIC\u00cdPIO "}, {"id": "3260", "ano": "2017", "numero": "39", "tipo__sigla": "IND", "tipo__descricao": "Indica\u00e7\u00e3o", "autoria": "Felipe Hulle Del Puppo", "texto_original": "http://sapl.marechalfloriano.es.leg.br/media/./sapl/public/materialegislativa/2017/3260/3260_texto_integral.pdf", "ementa": "REALIZA\u00c7\u00c3O DE SERVI\u00c7OS DE CONTINUA\u00c7\u00c3O DA PAVIMENTA\u00c7\u00c3O ASF\u00c1LTICA AT\u00c9 O TERMINO DA ESTRADA DO ESPERIDI\u00c3O, SITUADA EM COSTA PERREIRA "}, {"id": "3262", "ano": "2017", "numero": "40", "tipo__sigla": "IND", "tipo__descricao": "Indica\u00e7\u00e3o", "autoria": "DIONY STEIN", "texto_original": "http://sapl.marechalfloriano.es.leg.br/media/./sapl/public/materialegislativa/2017/3262/3262_texto_integral.pdf", "ementa": "VISANDO MELHOR ACESSIBILIDADE E QUALIDADE DE VIDA, SOLICITO VIABILIZAR SERVI\u00c7O DE REFORMA E MELHORIAS DO CAL\u00c7AMENTO E DA PRA\u00c7A DA QUINTA DOS LAGOS, QUE ENCONTRAM-SE EM CONDI\u00c7\u00d5ES PREC\u00c1RIAS, CONFORME SEGUE FOTOS "}, {"id": "3264", "ano": "2017", "numero": "41", "tipo__sigla": "IND", "tipo__descricao": "Indica\u00e7\u00e3o", "autoria": "DIONY STEIN", "texto_original": "http://sapl.marechalfloriano.es.leg.br/media/./sapl/public/materialegislativa/2017/3264/3264_texto_integral.pdf", "ementa": "VIABILIZAR SERVI\u00c7O DE REFORMA DA CAL\u00c7ADA DA RUA WALDEMAR M\u00caES, PRINCIPALMENTE ONDE ENCONTRA-SE QUEBRADA, FORMANDO UM BURACO, COLOCANDO AS PESSOAS EM RISCOS E INSEGURAN\u00c7A. NO LOCAL, SUGERIDO, INCLUSIVE, QUE SEJA RETIRADA PARTE DA CAL\u00c7ADA, VISANDO APROVEITAR O ESPA\u00c7O PARA ESTACIONAMENTO DE VE\u00cdCULOS, CONFORME SEGUE FOTOS;\r\nSOLICITO AINDA, INSTALAR QUEBRA-MOLAS NA REFERIDA RUA, DEVIDO A ALTA VELOCIDADE UTILIZADA PELOS MOTORISTAS E REFORMA DA PASSARELA RODRIGO DAMM MARTINS, COM INSTALA\u00c7\u00c3O DE DUAS LAMPADAS, VISANDO MELHOR ILUMINA\u00c7\u00c3O. "}, {"id": "3265", "ano": "2017", "numero": "42", "tipo__sigla": "IND", "tipo__descricao": "Indica\u00e7\u00e3o", "autoria": "Cabral", "texto_original": "http://sapl.marechalfloriano.es.leg.br/media/./sapl/public/materialegislativa/2017/3265/3265_texto_integral.pdf", "ementa": "VIABILIZA SERVI\u00c7O DE PAVIMENTA\u00c7\u00c3O DO P\u00c1TIO LOCALIZADO EM PARALELO \u00c0 BR 262, AO LADO DO MILANO, ONDE ENCONTRAM-SE OS COM\u00c9RCIOS SHOPCAR, MASTER MOTOS, OFICINA MEC\u00c2NICA MARECHAL E JMK AUTO EL\u00c9TRICA."}, {"id": "3266", "ano": "2017", "numero": "43", "tipo__sigla": "IND", "tipo__descricao": "Indica\u00e7\u00e3o", "autoria": "Cabral", "texto_original": "http://sapl.marechalfloriano.es.leg.br/media/./sapl/public/materialegislativa/2017/3266/3266_texto_integral.pdf", "ementa": "REALIZA\u00c7\u00c3O DE SERVI\u00c7OS DE LEVANTAMENTO DA RUA GERMANO GERHARDT, BEM COMO, POSTERIORMENTE SERVI\u00c7O DE ESGOTO E PAVIMENTA\u00c7\u00c3O, VISANDO EVITAR QUE AS \u00c1GUAS DAS CHUVAS DA RUA THIERES VELOSO DES\u00c7AM PELA MESMA, OCASIONANDO TRANSTORNOS AOS MORADORES LOCAIS;\r\nREALIZA\u00c7\u00c3O DE SERVI\u00c7O DE ESGOTO E PAVIMENTA\u00c7\u00c3O DA RUA IDA PINTO SCHNEIDER, VISANDO MELHOR ACESSIBILIDADE DOS MORADORES LOCAIS. "}, {"id": "3268", "ano": "2017", "numero": "44", "tipo__sigla": "IND", "tipo__descricao": "Indica\u00e7\u00e3o", "autoria": "JOAQUIM STEIN", "texto_original": "http://sapl.marechalfloriano.es.leg.br/media/./sapl/public/materialegislativa/2017/3268/3268_texto_integral.pdf", "ementa": "VIABILIZAR MELHORIAS, ESGOTO E CAL\u00c7AMENTO NA RUA MARIA TRABACH BOTELHO, LOCALIZADA PR\u00d3XIMO AO SUPERMERCADO BEM VINDO."}, {"id": "3272", "ano": "2017", "numero": "45", "tipo__sigla": "IND", "tipo__descricao": "Indica\u00e7\u00e3o", "autoria": "JOAQUIM STEIN", "texto_original": "http://sapl.marechalfloriano.es.leg.br/media/./sapl/public/materialegislativa/2017/3272/3272_texto_integral.pdf", "ementa": "INDICA AO EXCELENT\u00cdSSIMO SENHOR PREFEITO MUNICIPAL, JO\u00c3O CARLOS LORENZONI, COM C\u00d3PIA AO ILUSTR\u00cdSSIMO SENHOR SECRET\u00c1RIO MUNICIPAL DE OBRAS E SERVI\u00c7OS URBANOS, ANTONIO CARLOS MALINI, QUE SEJA ENCAMINHADO EXPEDIENTE EDP ESCELA - (ESP\u00cdRITO SANTO CENTRAIS EL\u00c9TRICAS S.A.), NO SENTIDO DE INTERVIR MOSTRANDO-LHE A URGENTE NECESSIDADE DE PROVIDENCIAR A EXTENS\u00c3O DA REDE DE ENERGIA EL\u00c9TRICA PARA A RUA MARIA DA GL\u00d3RIA SILVEIRA.\r\nSOLICITO, AINDA, VIABILIZAR SERVI\u00c7O DE CASCALHAMENTO NA RUA JOS\u00c9 C\u00c2NDIDO DA SILVEIRA EM VIRTUDE DE APRESENTAR ALGUMAS VALAS E BURACOS, CAUSADOS PELAS CHUVAS, IMPOSSIBILITANDO PARCIALMENTE O ACESSO DE MOTORISTAS NO LOCAL, PODENDO CAUSAR ACIDENTES E QUEDAS DE TRANSEUNTES, PRINCIPALMENTE, OS CONDUTORES DE MOTOS."}, {"id": "3274", "ano": "2017", "numero": "46", "tipo__sigla": "IND", "tipo__descricao": "Indica\u00e7\u00e3o", "autoria": "Renato Werneck", "texto_original": "http://sapl.marechalfloriano.es.leg.br/media/./sapl/public/materialegislativa/2017/3274/3274_texto_integral.pdf", "ementa": "REPAROS AO LONGO DE TODA A CAL\u00c7ADA DA AVENIDA WALDEMAR M\u00caES, EM ESPECIAL, \u00c0 MARGEM DO RIO, EM FRENTE AO COM\u00c9RCIO RORIZ, ONDO OCORREU REBAIXAMENTO DA MESMA, RESULTANDO EM UM ENORME BURACO E DESNIVELAMENTO, PROPORCIONANDO RISCO DE QUEDAS E ACIDENTES A TODOS QUE UTILIZAM A REFERIDA VIA DE ACESSO. "}, {"id": "3277", "ano": "2017", "numero": "47", "tipo__sigla": "IND", "tipo__descricao": "Indica\u00e7\u00e3o", "autoria": "JOAQUIM STEIN", "texto_original": "http://sapl.marechalfloriano.es.leg.br/media/./sapl/public/materialegislativa/2017/3277/3277_texto_integral.pdf", "ementa": "VIABILIZAR A TROCA DAS L\u00c2MPADAS COMUNS DA ILUMINA\u00c7\u00c3O DA PASSARELA LOCALIZADA PR\u00d3XIMO AO BATALH\u00c3O DO CORPO DE BOMBEIROS, DESTA MUNICIPALIDADE, POR L\u00c2MPADAS DE LED. "}, {"id": "3280", "ano": "2017", "numero": "48", "tipo__sigla": "IND", "tipo__descricao": "Indica\u00e7\u00e3o", "autoria": "Cabral", "texto_original": "http://sapl.marechalfloriano.es.leg.br/media/./sapl/public/materialegislativa/2017/3280/3280_texto_integral.pdf", "ementa": "SERVI\u00c7OS DE PAVIMENTA\u00c7\u00c3O NO FINAL DA RUA MARIA TRARBACH BOTELHO.\r\nSERVI\u00c7OS DE PAVIMENTA\u00c7\u00c3O E MURO AO LADO DA SOU FELIZ, NO LOCAL QUE FUNCIONA COMO VIRADOURO. "}, {"id": "3284", "ano": "2017", "numero": "49", "tipo__sigla": "IND", "tipo__descricao": "Indica\u00e7\u00e3o", "autoria": "Cabral", "texto_original": "http://sapl.marechalfloriano.es.leg.br/media/./sapl/public/materialegislativa/2017/3284/3284_texto_integral.pdf", "ementa": "CONSERTO DO MANILHAMENTO NA RUA EDIVALDO VIEIRA SANTOS, POIS O MESMO PASSA EM BAIXO DA CASA DA SENHORA EDIVALDA VIEIRA (DADAIA)."}, {"id": "3286", "ano": "2017", "numero": "50", "tipo__sigla": "IND", "tipo__descricao": "Indica\u00e7\u00e3o", "autoria": "Dod\u00f4 Krohling", "texto_original": "http://sapl.marechalfloriano.es.leg.br/media/./sapl/public/materialegislativa/2017/3286/3286_texto_integral.pdf", "ementa": "POSSIBILIDADE DE DISPONIBILIZAR 01 CARRO EXCLUSIVO PARA ATENDER A EQUIPE DO PSF DE SANTA MARIA. "}, {"id": "3289", "ano": "2017", "numero": "51", "tipo__sigla": "IND", "tipo__descricao": "Indica\u00e7\u00e3o", "autoria": "JOAQUIM STEIN", "texto_original": "http://sapl.marechalfloriano.es.leg.br/media/./sapl/public/materialegislativa/2017/3289/3289_texto_integral.pdf", "ementa": "VIABILIZAR COM MAIS FREQU\u00caNCIA A VARREDURA DA RUA JO\u00c3O SCHNEIDER, A QUAL D\u00c1 AO CEMIT\u00c9RIO DE SANT'ANA, INTERLIGANDO A RUA VICTOR TRAV\u00c1GLIA AO MESMO. "}, {"id": "3290", "ano": "2017", "numero": "52", "tipo__sigla": "IND", "tipo__descricao": "Indica\u00e7\u00e3o", "autoria": "DIONY STEIN", "texto_original": "http://sapl.marechalfloriano.es.leg.br/media/./sapl/public/materialegislativa/2017/3290/3290_texto_integral.pdf", "ementa": "INDICO AO SENHOR PREFEITO MUNICIPAL, QUE SEJA CONFECCIONADO E FIXADO PLACAS INDICATIVAS COM OS NOMES DAS RUAS NA SEDE DO MUNIC\u00cdPIO DE MARECHAL FLORIANO, TENDO EM VISTA A AUS\u00caNCIA DE IDENTIFICA\u00c7\u00c3O EM ALGUMAS RUAS DA CIDADE. "}, {"id": "3291", "ano": "2017", "numero": "53", "tipo__sigla": "IND", "tipo__descricao": "Indica\u00e7\u00e3o", "autoria": "DAVI", "texto_original": "http://sapl.marechalfloriano.es.leg.br/media/./sapl/public/materialegislativa/2017/3291/3291_texto_integral.pdf", "ementa": "INSTALA\u00c7\u00c3O DE PROTE\u00c7\u00c3O LATERAL NA PONTE LOCALIZADA AO FINAL DA RUA GUSTAVO HERTEL, NAS PROXIMIDADES DA ESCOLA MUNICIPAL S\u00cdTIO RUPF."}, {"id": "3294", "ano": "2017", "numero": "54", "tipo__sigla": "IND", "tipo__descricao": "Indica\u00e7\u00e3o", "autoria": "DAVI", "texto_original": "http://sapl.marechalfloriano.es.leg.br/media/./sapl/public/materialegislativa/2017/3294/3294_texto_integral.pdf", "ementa": "INDICA QUE A REALIZA\u00c7\u00c3O DA COLETA DE LIXO DAS RUAS DO BAIRRO JARBINHAS SEJAM REALIZADAS EM SUA TOTALIDADE, SENDO COLETADO AT\u00c9 O FINAL DAS RUAS, AP\u00d3S O PERCURSO PAVIMENTADO, EM ESPECIAL O TRAJETO DA RUA FLORIANO KIEFFER."}, {"id": "3298", "ano": "2017", "numero": "55", "tipo__sigla": "IND", "tipo__descricao": "Indica\u00e7\u00e3o", "autoria": "Renato Werneck", "texto_original": "http://sapl.marechalfloriano.es.leg.br/media/./sapl/public/materialegislativa/2017/3298/3298_texto_integral.pdf", "ementa": "INDICA QUE SEJA REALIZADO UMA VISTORIA URGENTE NA ESCOLA MUNICIPAL MORRO BAIXO, VISANDO REALIZAR A REFORMA EM DIVERSOS PONTOS DA ESCOLA, ATRAV\u00c9S DOS SERVI\u00c7OS DE ALVENARIA, REPAROS EL\u00c9TRICOS, DESTINA\u00c7\u00c3O CORRETA DO ESGOTO, DENTRE OUTRAS MELHORIAS NECESS\u00c1RIAS PARA GARANTIR MELHOR QUALIDADE DE VIDA A TODOS QUE UTILIZAM ESTA ESCOLA.\r\nINDICA AINDA A EXTENS\u00c3O DA PAVIMENTA\u00c7\u00c3O ASF\u00c1LTICA E/OU CAL\u00c7AMENTO DE UM PERCURSO DE ESTRADA DE TERRA LOCALIZADO NO FINAL DA RUA PROFESSORA CEC\u00cdLIA PITANGA. "}, {"id": "3302", "ano": "2017", "numero": "56", "tipo__sigla": "IND", "tipo__descricao": "Indica\u00e7\u00e3o", "autoria": "Cabral", "texto_original": "http://sapl.marechalfloriano.es.leg.br/media/./sapl/public/materialegislativa/2017/3302/3302_texto_integral.pdf", "ementa": "INDICA AO PREFEITO MUNICIPAL QUE SEJAM REALIZADOS OS SERVI\u00c7OS DE REFORMA E AMPLIA\u00c7\u00c3O DA UNIDADE DE SA\u00daDE DO BAIRRO SANTA RITA, BEM COMO A RETOMADA DA CONSTRU\u00c7\u00c3O DO CENTRO DE CONVIV\u00caNCIA DO IDOSO, LOCALIZADO AO LADO DA PESTALOZZI, NA RUA GUSTAVO HERTEL. "}, {"id": "3306", "ano": "2017", "numero": "57", "tipo__sigla": "IND", "tipo__descricao": "Indica\u00e7\u00e3o", "autoria": "Cezinha Ronchi", "texto_original": "http://sapl.marechalfloriano.es.leg.br/media/./sapl/public/materialegislativa/2017/3306/3306_texto_integral.pdf", "ementa": "VIABILIZA PAVIMENTA\u00c7\u00c3O DA ENTRADA DE ACESSO \u00c0 UNIDADE B\u00c1SICA DE SA\u00daDE DE ARAGUAIA E PRA\u00c7A DE EVENTOS DA COMUNIDADE, BEM COMO INSTALA\u00c7\u00c3O DE UM POSTE DE ILUMINA\u00c7\u00c3O P\u00daBLICA NESSA TRAVESSIA. RESSALTO QUE, ESSA TRAVESSIA FICA ENTRE AS PROPRIEDADES DOS SENHORES AGOSTINHO SANTOS E VANDERLEI ULIANA;\r\nCONTINUIDADE AO PAISAGISMO DO TERRENO ADQUIRIDO POR ESTE PODER EXECUTIVO, AT\u00c9 A PROPRIEDADE DA SENHORA MARGARIDA RONCHI, COM QUEM FAZ DIVISA;\r\nLIMPEZA TOTAL DO MENCIONADO TERRENO COM A RETIRADA DOS MONTES DE TERRA EXISTENTES NO MESMO;\r\nCONSTRU\u00c7\u00c3O DE UMA CRECHE NO REFERIDO TERRENO. \r\n"}, {"id": "3308", "ano": "2017", "numero": "58", "tipo__sigla": "IND", "tipo__descricao": "Indica\u00e7\u00e3o", "autoria": "JOAQUIM STEIN", "texto_original": "http://sapl.marechalfloriano.es.leg.br/media/./sapl/public/materialegislativa/2017/3308/3308_texto_integral.pdf", "ementa": "VIABILIZAR A CRIA\u00c7\u00c3O DE PONTOS DE COLETA DE PILHAS, L\u00c2MPADAS E BATERIAS NO MUNIC\u00cdPIO."}, {"id": "3311", "ano": "2017", "numero": "59", "tipo__sigla": "IND", "tipo__descricao": "Indica\u00e7\u00e3o", "autoria": "JOAQUIM STEIN", "texto_original": "http://sapl.marechalfloriano.es.leg.br/media/./sapl/public/materialegislativa/2017/3311/3311_texto_integral.pdf", "ementa": "VIABILIZAR A MANUTEN\u00c7\u00c3O DO CAL\u00c7AMENTO DA RUA EDUARDO RUPF, LOCALIZADA NA SEDE DESTE MUNIC\u00cdPIO, BASTANTE MOVIMENTADA POR DAR ACESSO \u00c0S RUAS EM\u00cdLIO GUSTAVO HULLE E MANOEL SANTOS, AL\u00c9M DAS RUAS WALDEMAR M\u00caES E HELENA \u00c1LVARES SANTA CLARA, NAS QUAIS LOCALIZAM-SE OS BANCOS BANESTES E BANCO DO BRASIL. "}, {"id": "3314", "ano": "2017", "numero": "60", "tipo__sigla": "IND", "tipo__descricao": "Indica\u00e7\u00e3o", "autoria": "Cabral", "texto_original": "http://sapl.marechalfloriano.es.leg.br/media/./sapl/public/materialegislativa/2017/3314/3314_texto_integral.pdf", "ementa": "CONSTRU\u00c7\u00c3O DA CAPELA MORTU\u00c1RIA;\r\nESTRUTURA\u00c7\u00c3O DO CEMIT\u00c9RIO MUNICIPAL, COM INSTALA\u00c7\u00c3O DE 02 BANHEIROS (MASCULINO E FEMININO), MURO E CAL\u00c7AMENTO DE ACESSO, ILUMINA\u00c7\u00c3O, BEM COMO FAZER PATAMARES DE TERRAPLANAGEM PARA MELHOR DISPONIBILIZA\u00c7\u00c3O DOS T\u00daMULOS, PODENDO USAR TODA A \u00c1REA COMPRADA DISPON\u00cdVEL. "}, {"id": "3316", "ano": "2017", "numero": "61", "tipo__sigla": "IND", "tipo__descricao": "Indica\u00e7\u00e3o", "autoria": "Cabral", "texto_original": "http://sapl.marechalfloriano.es.leg.br/media/./sapl/public/materialegislativa/2017/3316/3316_texto_integral.pdf", "ementa": "ADEQUA\u00c7\u00c3O E COMPRA DE APARELHOS DIGITAIS PARA A TORRE DE TELEVIS\u00c3O DE MARECHAL FLORIANO."}, {"id": "3318", "ano": "2017", "numero": "62", "tipo__sigla": "IND", "tipo__descricao": "Indica\u00e7\u00e3o", "autoria": "Cabral", "texto_original": "http://sapl.marechalfloriano.es.leg.br/media/./sapl/public/materialegislativa/2017/3318/3318_texto_integral.pdf", "ementa": "SERVI\u00c7OS DE PAVIMENTA\u00c7\u00c3O EM FRENTE AOS COM\u00c9RCIOS LATERAIS A RODOVIA FRANCISCO ST\u00d6CKL, BEM COMO PAVIMENTAR AS RUAS DA VILA DOS IP\u00caS QUE AINDA N\u00c3O DISP\u00d5E DE TAIS BENEF\u00cdCIOS. "}, {"id": "3319", "ano": "2017", "numero": "63", "tipo__sigla": "IND", "tipo__descricao": "Indica\u00e7\u00e3o", "autoria": "Cabral", "texto_original": "http://sapl.marechalfloriano.es.leg.br/media/./sapl/public/materialegislativa/2017/3319/3319_texto_integral.pdf", "ementa": "VIABILIZAR COM URG\u00caNCIA AS REFORMAS NECESS\u00c1RIAS NA POLICL\u00cdNICA "}, {"id": "3320", "ano": "2017", "numero": "64", "tipo__sigla": "IND", "tipo__descricao": "Indica\u00e7\u00e3o", "autoria": "Cabral", "texto_original": "http://sapl.marechalfloriano.es.leg.br/media/./sapl/public/materialegislativa/2017/3320/3320_texto_integral.pdf", "ementa": "REALIZAR A PAVIMENTA\u00c7\u00c3O, FAZER A EXTENS\u00c3O DA REDE DE ENERGIA EL\u00c9TRICA INSTALANDO MAIS 05 POSTES ONDE IR\u00c1 ATENDER MAIS DE 15 RESIDENCIAS NA RUA JONATA DE MELO QUE FICA NO BAIRRO NOSSA SENHORA DA PENHA. ESTA RUA EST\u00c1 SITUADA ATRAS DO SITIO JS."}, {"id": "3321", "ano": "2017", "numero": "65", "tipo__sigla": "IND", "tipo__descricao": "Indica\u00e7\u00e3o", "autoria": "JOAQUIM STEIN", "texto_original": "http://sapl.marechalfloriano.es.leg.br/media/./sapl/public/materialegislativa/2017/3321/3321_texto_integral.pdf", "ementa": "VIABILIZAR A DISPONIBILIZA\u00c7\u00c3O DE CURSOS DE CAPACITA\u00c7\u00c3O PARA TODOS OS SERVIDORES P\u00daBLICOS MUNICIPAIS."}, {"id": "3322", "ano": "2017", "numero": "66", "tipo__sigla": "IND", "tipo__descricao": "Indica\u00e7\u00e3o", "autoria": "JOAQUIM STEIN", "texto_original": "http://sapl.marechalfloriano.es.leg.br/media/./sapl/public/materialegislativa/2017/3322/3322_texto_integral.pdf", "ementa": "LIMPEZA E CAPINA ONDE SE FIZER NECESS\u00c1RIO, CONTEMPLANDO TODA A MUNICIPALIDADE, EM ESPECIAL, NA SA\u00cdDA DA PONTE JACINTO TAQUETTE, NAS LATERAIS DO RIO JUCU BRA\u00c7O SUL E NOS CANTEIROS PR\u00d3XIMOS AO DESTACAMENTO DA POLICIA MILITAR, LOCALIZADOS NA SEDE."}, {"id": "3323", "ano": "2017", "numero": "67", "tipo__sigla": "IND", "tipo__descricao": "Indica\u00e7\u00e3o", "autoria": "Felipe Hulle Del Puppo", "texto_original": "http://sapl.marechalfloriano.es.leg.br/media/./sapl/public/materialegislativa/2017/3323/3323_texto_integral.pdf", "ementa": "REALIZA\u00c7\u00c3O URGENTE DOS SERVI\u00c7OS DE PAVIMENTA\u00c7\u00c3O NAS RUAS VILA DO IP\u00caS, NO DISTRITO DE SANTA MARIA."}, {"id": "3324", "ano": "2017", "numero": "68", "tipo__sigla": "IND", "tipo__descricao": "Indica\u00e7\u00e3o", "autoria": "Felipe Hulle Del Puppo", "texto_original": "http://sapl.marechalfloriano.es.leg.br/media/./sapl/public/materialegislativa/2017/3324/3324_texto_integral.jpeg", "ementa": "VIABILIZAR A CONSTRU\u00c7\u00c3O DE UM PARQUINHO INFANTIL COM AREIA E BRINQUEDOS, NA \u00c1REA QUE FOI ADQUIRIDA PELO EXECUTIVO MUNICIPAL, LOCALIZADA AO LADO DA CRECHE FLOMIRO CANAL ENDLICH NETO, VISANDO CONTEMPLAR AS CRIAN\u00c7AS DA MESMA."}, {"id": "3325", "ano": "2017", "numero": "69", "tipo__sigla": "IND", "tipo__descricao": "Indica\u00e7\u00e3o", "autoria": "DIONY STEIN", "texto_original": "http://sapl.marechalfloriano.es.leg.br/media/./sapl/public/materialegislativa/2017/3325/3325_texto_integral.jpeg", "ementa": "VIABILIZAR A INSTALA\u00c7\u00c3O DE 02 (DOIS) QUEBRA-MOLAS NA RUA WALDEMAR M\u00caES."}, {"id": "3326", "ano": "2017", "numero": "70", "tipo__sigla": "IND", "tipo__descricao": "Indica\u00e7\u00e3o", "autoria": "UBALDINO SARAIVA", "texto_original": "http://sapl.marechalfloriano.es.leg.br/media/./sapl/public/materialegislativa/2017/3326/3326_texto_integral.jpeg", "ementa": "VIABILIZAR SERVI\u00c7O DE ILUMINA\u00c7\u00c3O P\u00daBLICA NA RUA APOL\u00d4NIA STEIN KIEFFER, LOCALIZADA NO BAIRRO JARBINHAS, EM ESPECIAL NAS PROXIMIDADES DO EDIF\u00cdCIO ITALIA."}, {"id": "3327", "ano": "2017", "numero": "71", "tipo__sigla": "IND", "tipo__descricao": "Indica\u00e7\u00e3o", "autoria": "Felipe Hulle Del Puppo", "texto_original": "http://sapl.marechalfloriano.es.leg.br/media/./sapl/public/materialegislativa/2017/3327/3327_texto_integral.jpeg", "ementa": "INDICO AO SENHOR PREFEITO MUNICIPAL, QUE SEJA VIABILIZADA A REFORMA E PADRONIZA\u00c7\u00c3O DE TODAS AS CAL\u00c7ADAS DO MUNIC\u00cdPIO."}, {"id": "3328", "ano": "2017", "numero": "72", "tipo__sigla": "IND", "tipo__descricao": "Indica\u00e7\u00e3o", "autoria": "JOAQUIM STEIN", "texto_original": "http://sapl.marechalfloriano.es.leg.br/media/./sapl/public/materialegislativa/2017/3328/3328_texto_integral.jpeg", "ementa": "MANUTEN\u00c7\u00c3O E REPARO DO CAL\u00c7AMENTO DE TODA A EXTENS\u00c3O DA RUA LAURA LITTIG KUSTER, NESTE MUNIC\u00cdPIO."}, {"id": "3329", "ano": "2017", "numero": "73", "tipo__sigla": "IND", "tipo__descricao": "Indica\u00e7\u00e3o", "autoria": "JOAQUIM STEIN", "texto_original": "http://sapl.marechalfloriano.es.leg.br/media/./sapl/public/materialegislativa/2017/3329/3329_texto_integral.jpeg", "ementa": "CAL\u00c7AMENTO E CONSTRU\u00c7\u00c3O DE BUEIROS NA RUA PEDRO FRANCISCO MARQUES, NESTE MUNIC\u00cdPIO."}, {"id": "3330", "ano": "2017", "numero": "74", "tipo__sigla": "IND", "tipo__descricao": "Indica\u00e7\u00e3o", "autoria": "DIONY STEIN", "texto_original": "http://sapl.marechalfloriano.es.leg.br/media/./sapl/public/materialegislativa/2017/3330/3330_texto_integral.jpeg", "ementa": "QUE SEJA REALIZADA A CONSTRU\u00c7\u00c3O DE UM MANOBRADOR, NA RUA FLORISBELA UHL VELTEM, NO BAIRRO NOSSA SENHORA DA PENHA, NO LOCAL DEMONSTRADO NA FOTO EM ANEXO."}, {"id": "4095", "ano": "2017", "numero": "75", "tipo__sigla": "IND", "tipo__descricao": "Indica\u00e7\u00e3o", "autoria": "DIONY STEIN", "texto_original": "http://sapl.marechalfloriano.es.leg.br/media/./sapl/public/materialegislativa/2017/4095/4095_texto_integral.pdf", "ementa": "VIABILIZAR CAL\u00c7AMENTO NO BAIRRO RECREIO PONTO ALTO, COM EXTENS\u00c3O DE APROXIMADAMENTE 01 KM, BEM COMO ABERTURA DE ALGUNS PONTOS DA ESTRADA, VISANDO FACILITAR A PASSAGEM DE UM VE\u00cdCULO PELO OUTRO.\r\n"}, {"id": "4096", "ano": "2017", "numero": "76", "tipo__sigla": "IND", "tipo__descricao": "Indica\u00e7\u00e3o", "autoria": "Felipe Hulle Del Puppo", "texto_original": "http://sapl.marechalfloriano.es.leg.br/media/./sapl/public/materialegislativa/2017/4096/4096_texto_integral.pdf", "ementa": "QUE SEJA VIABILIZADA A INSTALA\u00c7\u00c3O DE TORRE DE TELEFONIA M\u00d3VEL E INTERNET 3G, VISANDO ATENDER E CONTEMPLAR A LOCALIDADE DE BOM JESUS."}, {"id": "4097", "ano": "2017", "numero": "77", "tipo__sigla": "IND", "tipo__descricao": "Indica\u00e7\u00e3o", "autoria": "JOAQUIM STEIN", "texto_original": "http://sapl.marechalfloriano.es.leg.br/media/./sapl/public/materialegislativa/2017/4097/4097_texto_integral.pdf", "ementa": "VIABILIZAR A EXECU\u00c7\u00c3O DE SERVI\u00c7OS DE LIMPEZA E DE MAQUINA NA RUA QUE D\u00c1 ACESSO AOS ESTABELECIMENTOS COMERCIAIS \"OFICINA ENDLICH\" E \"FAMA PE\u00c7AS E ACESS\u00d3RIOS\", LOCALIZADOS PR\u00d3XIMO AO POSTO IPIRANGA, KM 49, NESTA MUNICIPALIDADE."}, {"id": "4098", "ano": "2017", "numero": "78", "tipo__sigla": "IND", "tipo__descricao": "Indica\u00e7\u00e3o", "autoria": "UBALDINO SARAIVA", "texto_original": "http://sapl.marechalfloriano.es.leg.br/media/./sapl/public/materialegislativa/2017/4098/4098_texto_integral.pdf", "ementa": "VIABILIZAR SERVI\u00c7O DE PAVIMENTA\u00c7\u00c3O NA ESTRADA DE ALTO NOVA ALMEIDA, COM A UTILIZA\u00c7\u00c3O DO MATERIAL REVISOL, COM INICIO NA BR 262 AT\u00c9 A COMUNIDADE LOCAL, ESTENDENDO-SE AT\u00c9 A DIVISA DE DOMINGOS MARTINS, COMPREENDENDO UM PERCURSO DE APROXIMADAMENTE 07 KM."}, {"id": "4099", "ano": "2017", "numero": "79", "tipo__sigla": "IND", "tipo__descricao": "Indica\u00e7\u00e3o", "autoria": "UBALDINO SARAIVA", "texto_original": "http://sapl.marechalfloriano.es.leg.br/media/./sapl/public/materialegislativa/2017/4099/4099_texto_integral.pdf", "ementa": "VIABILIZAR SERVI\u00c7OS DE MELHORIAS NA RUA RITA HAND ARA\u00daJO, REALIZANDO PAVIMENTA\u00c7\u00c3O, INSTALA\u00c7\u00c3O DE BUEIROS, BEM COMO, A CONSTRU\u00c7\u00c3O DE UM MURO DE PROTE\u00c7\u00c3O NO FINAL DA MENCIONADA RUA \u00c0 BEIRA DA GALERIA."}, {"id": "4100", "ano": "2017", "numero": "80", "tipo__sigla": "IND", "tipo__descricao": "Indica\u00e7\u00e3o", "autoria": "Cabral", "texto_original": "http://sapl.marechalfloriano.es.leg.br/media/./sapl/public/materialegislativa/2017/4100/4100_texto_integral.pdf", "ementa": "AMPLIA\u00c7\u00c3O E REVITALIZA\u00c7\u00c3O DA PRA\u00c7A DE ARAGUAIA, COM RETIRADA DO ANTIGO POSTO DE SA\u00daDE, CONSTRU\u00c7\u00c3O DE DOIS BANHEIROS (MASCULINO E FEMININO), CONSTRU\u00c7\u00c3O DE UM PARQUINHO INFANTIL E INSTALA\u00c7\u00c3O DE MESAS E BANCOS PARA LAZER DOS IDOSOS QUE UTILIZAM O LOCAL PARA JOGAR BARALHO."}, {"id": "4101", "ano": "2017", "numero": "81", "tipo__sigla": "IND", "tipo__descricao": "Indica\u00e7\u00e3o", "autoria": "Cabral", "texto_original": "http://sapl.marechalfloriano.es.leg.br/media/./sapl/public/materialegislativa/2017/4101/4101_texto_integral.pdf", "ementa": "BENFEITORIAS PARA A RUA PEDRO FRANCISCO MARQUES:\r\n-INSTALA\u00c7\u00c3O DE ILUMINA\u00c7\u00c3O P\u00daBLICA;\r\n-SERVI\u00c7OS DE PAVIMENTA\u00c7\u00c3O COM INSTALA\u00c7\u00c3O DE BUEIROS;\r\n-INSTALA\u00c7\u00c3O DE REDE DE \u00c1GUA E ESGOTO."}, {"id": "4103", "ano": "2017", "numero": "82", "tipo__sigla": "IND", "tipo__descricao": "Indica\u00e7\u00e3o", "autoria": "Cabral", "texto_original": "http://sapl.marechalfloriano.es.leg.br/media/./sapl/public/materialegislativa/2017/4103/4103_texto_integral.pdf", "ementa": "VIABILIZAR A PAVIMENTA\u00c7\u00c3O NA SUBIDA DO MORRO QUE D\u00c1 ACESSO A IGREJA LUTERANA EM BOA ESPERAN\u00c7A, ESTA ESTRADA FICA AO LADO DO TERRENO DESTINADO A CASA DO MEL E AO LADO DA PROPRIEDADE DO SENHOR CORNELIO LITTIG E DEMAIS FAMILIARES."}, {"id": "4105", "ano": "2017", "numero": "83", "tipo__sigla": "IND", "tipo__descricao": "Indica\u00e7\u00e3o", "autoria": "", "texto_original": "http://sapl.marechalfloriano.es.leg.br/media/./sapl/public/materialegislativa/2017/4105/4105_texto_integral.pdf", "ementa": "VIABILIZAR A REFORMA DA ESCOLA DE ENSINO FUNDAMENTAL DE RIO FUNDO."}, {"id": "4107", "ano": "2017", "numero": "84", "tipo__sigla": "IND", "tipo__descricao": "Indica\u00e7\u00e3o", "autoria": "Cezinha Ronchi", "texto_original": "http://sapl.marechalfloriano.es.leg.br/media/./sapl/public/materialegislativa/2017/4107/4107_texto_integral.pdf", "ementa": "TERMINO DA CONSTRU\u00c7\u00c3O DO BUEIRO NA ESTRADA ARTHUR JACOB SCHENEIDER EM BOA ESPERAN\u00c7A EM FRENTE \u00c0 PROPRIEDADE DO SR. LA\u00c9DIO KIEFER E CONSTRU\u00c7\u00c3O DE UM TREVO DE ACESSO A MESMA ESTRADA, NO TRAJETO QUE VAI PARA O SR. KLEBER SCHNEIDER."}, {"id": "4109", "ano": "2017", "numero": "85", "tipo__sigla": "IND", "tipo__descricao": "Indica\u00e7\u00e3o", "autoria": "Cezinha Ronchi", "texto_original": "http://sapl.marechalfloriano.es.leg.br/media/./sapl/public/materialegislativa/2017/4109/4109_texto_integral.pdf", "ementa": "-SERVI\u00c7OS DE ILUMINA\u00c7\u00c3O DA PRA\u00c7A ENDLICH DA IGREJA CAT\u00d3LICA NOSSA SENHORA DA GLORIA EM RIO FUNDO.\r\n-SERVI\u00c7OS DE TAPA BURACOS DO ASFALTO NOVO DE RIO FUNDO - RODOVIA BERNARDO LEONOR EFGEN E NO ASFALTO DENTRO DA COMUNIDADE."}, {"id": "4183", "ano": "2017", "numero": "86", "tipo__sigla": "IND", "tipo__descricao": "Indica\u00e7\u00e3o", "autoria": "DIONY STEIN", "texto_original": "http://sapl.marechalfloriano.es.leg.br/media/./sapl/public/materialegislativa/2017/4183/4183_texto_integral.pdf", "ementa": "VIABILIZAR PAVIMENTA\u00c7\u00c3O DA RUA ELIZABETHA KLIPPEL RUPF, QUE D\u00c1 ACESSO A PROPRIEDADE DO SR.\u00c9LCIO RUPF E DJALMA SANTANA, ENTRE OUTROS, LOCALIZADA ATR\u00c1S DO EST\u00c1DIO DO APOLLO XIII."}, {"id": "4184", "ano": "2017", "numero": "87", "tipo__sigla": "IND", "tipo__descricao": "Indica\u00e7\u00e3o", "autoria": "DIONY STEIN", "texto_original": "http://sapl.marechalfloriano.es.leg.br/media/./sapl/public/materialegislativa/2017/4184/4184_texto_integral.pdf", "ementa": "VIABILIZAR A PAVIMENTA\u00c7\u00c3O DA RUA IVAHY MENDES, QUE D\u00c1 ACESSO \u00c0 IGREJA TESTEMUNHA DE JEOV\u00c1, LOCALIZADA PR\u00d3XIMO \u00c0 GLOBOAVES. POIS, POR SER DE PARALELEP\u00cdPEDO CONT\u00c9M V\u00c1RIOS DESNIVELAMENTOS E T\u00caM OCORRIDO DIVERSOS INCIDENTES LOCAIS."}, {"id": "4185", "ano": "2017", "numero": "88", "tipo__sigla": "IND", "tipo__descricao": "Indica\u00e7\u00e3o", "autoria": "Cabral", "texto_original": "http://sapl.marechalfloriano.es.leg.br/media/./sapl/public/materialegislativa/2017/4185/4185_texto_integral.pdf", "ementa": "VIABILIZAR A RETIRADA DO ASFALTAMENTO E COLOCAR PAVS (BLOQUETES) NAS RUAS AD\u00c3O KIEFER SOBRINHO, EDUARDO RUPF, MANOEL DOS SANTOS E WALDEMAR M\u00caES, LOCALIZADAS NA SEDE DO MUNIC\u00cdPIO."}, {"id": "4186", "ano": "2017", "numero": "89", "tipo__sigla": "IND", "tipo__descricao": "Indica\u00e7\u00e3o", "autoria": "Cabral", "texto_original": "http://sapl.marechalfloriano.es.leg.br/media/./sapl/public/materialegislativa/2017/4186/4186_texto_integral.pdf", "ementa": "VIABILIZAR A TROCA DAS LUMIN\u00c1RIAS DO CENTRO DE MARECHAL FLORIANO, POR LED, VISANDO PROPORCIONAR MAIOR ECONOMIA DE ENERGIA, BEM COMO MAIS CLARIDADE E MAIOR SEGURAN\u00c7A A TODOS OS MORADORES E COMERCIANTES DA SEDE."}, {"id": "4187", "ano": "2017", "numero": "90", "tipo__sigla": "IND", "tipo__descricao": "Indica\u00e7\u00e3o", "autoria": "Cabral", "texto_original": "http://sapl.marechalfloriano.es.leg.br/media/./sapl/public/materialegislativa/2017/4187/4187_texto_integral.pdf", "ementa": "VIABILIZAR A REFORMA DA UNIDADE DE SA\u00daDE DO BAIRRO SANTA RITA, BEM COMO REVITALIZAR A PRA\u00c7A DO MESMO, COM DEMARCA\u00c7\u00c3O DE ESTACIONAMENTO, INSTALA\u00c7\u00c3O DE SANIT\u00c1RIOS E CESTA DE BASQUETE NA QUADRA, AL\u00c9M DE CAMPO DE FURANEO, ILUMINA\u00c7\u00c3O DE LED, MESA DE JOGOS PARA OS IDOSOS E OUTRAS MELHORIAS COMO JARDINAGEM."}, {"id": "4188", "ano": "2017", "numero": "91", "tipo__sigla": "IND", "tipo__descricao": "Indica\u00e7\u00e3o", "autoria": "JOAQUIM STEIN", "texto_original": "http://sapl.marechalfloriano.es.leg.br/media/./sapl/public/materialegislativa/2017/4188/4188_texto_integral.pdf", "ementa": "PROPONHO AO PODER EXECUTIVO MUNICIPAL QUE DENTRO DAS POSSIBILIDADES, ENCAMINHE A ESTA C\u00c2MARA MUNICIPAL UM PROJETO DE LEI CONTEMPLANDO O CONCURSO DE DECORA\u00c7\u00c3O DE NATAL, VISANDO SELECIONAR E PREMIAR AS MELHORES DECORA\u00c7\u00d5ES COM TEMAS NATALINOS, REALIZADOS NOS IM\u00d3VEIS COMERCIAIS E RESIDENCIAIS, LOCALIZADOS NESTE MUNIC\u00cdPIO."}, {"id": "4189", "ano": "2017", "numero": "92", "tipo__sigla": "IND", "tipo__descricao": "Indica\u00e7\u00e3o", "autoria": "Renato Werneck", "texto_original": "http://sapl.marechalfloriano.es.leg.br/media/./sapl/public/materialegislativa/2017/4189/4189_texto_integral.pdf", "ementa": "VIABILIZAR A CONSTRU\u00c7\u00c3O DE UM BANHEIRO P\u00daBLICO NAS IMEDIA\u00c7\u00d5ES DA PRA\u00c7A JOS\u00c9 HENRIQUE PEREIRA, BEM COMO INSTALAR UM BANHEIRO QU\u00cdMICO PR\u00d3XIMO \u00c0 RODOVI\u00c1RIA,TENDO EM VISTA QUE O BANHEIRO P\u00daBLICO LOCAL ENCONTRA-SE EM REFORMA, FICANDO A SEDE DESTA MUNICIPALIDADE SEM SANIT\u00c1RIOS PARA OS MESMOS UTILIZAREM."}, {"id": "4190", "ano": "2017", "numero": "93", "tipo__sigla": "IND", "tipo__descricao": "Indica\u00e7\u00e3o", "autoria": "UBALDINO SARAIVA", "texto_original": "http://sapl.marechalfloriano.es.leg.br/media/./sapl/public/materialegislativa/2017/4190/4190_texto_integral.pdf", "ementa": "VIABILIZAR SERVI\u00c7O DE PAVIMENTA\u00c7\u00c3O DAS RUAS DE ALTO NOVA ALMEIDA, CONTEMPLANDO A RUA PRINCIPAL AT\u00c9 A VILA, BEM COMO AS DEMAIS RUAS DA LOCALIDADE."}, {"id": "4519", "ano": "2017", "numero": "94", "tipo__sigla": "IND", "tipo__descricao": "Indica\u00e7\u00e3o", "autoria": "Cezinha Ronchi", "texto_original": "http://sapl.marechalfloriano.es.leg.br/media/./sapl/public/materialegislativa/2017/4519/4519_texto_integral.pdf", "ementa": "VIABILIZAR A CONSTRU\u00c7\u00c3O DE SANIT\u00c1RIOS, VESTI\u00c1RIOS, ARQUIBANCADA E INSTALA\u00c7\u00c3O DE REDES SOBRE O TODO O CAMPO BOM DE BOLA DE ARAGUAIA."}, {"id": "4520", "ano": "2017", "numero": "95", "tipo__sigla": "IND", "tipo__descricao": "Indica\u00e7\u00e3o", "autoria": "DIONY STEIN", "texto_original": "http://sapl.marechalfloriano.es.leg.br/media/./sapl/public/materialegislativa/2017/4520/4520_texto_integral.pdf", "ementa": "VIABILIZAR SERVI\u00c7OS DE CAL\u00c7AMENTO, REDE DE ESGOTO E ILUMINA\u00c7\u00c3O P\u00daBLICA NA RUA PEDRO LIPPAUS, RUA PARALELA \u00c0 RUA ARMANDO WALSH, LOCALIZADA NA VILA DAS PALMAS, VISANDO MELHOR ILUMINA\u00c7\u00c3O E ACESSIBILIDADE."}, {"id": "4521", "ano": "2017", "numero": "96", "tipo__sigla": "IND", "tipo__descricao": "Indica\u00e7\u00e3o", "autoria": "DIONY STEIN", "texto_original": "http://sapl.marechalfloriano.es.leg.br/media/./sapl/public/materialegislativa/2017/4521/4521_texto_integral.pdf", "ementa": "VIABILIZAR SERVI\u00c7OS DE MELHORIAS NA RUA HENRIQUE MIGUEL TRARBACH, COMO CAL\u00c7AMENTO, LIMPEZA DOS BARRANCOS, TROCA DE L\u00c2MPADAS QUEIMADAS E OUTROS QUE SE FIZEREM NECESS\u00c1RIOS, VISANDO PROPORCIONAR MELHOR ACESSIBILIDADE E MAIOR SEGURAN\u00c7A A TODOS QUE UTILIZAREM A REFERIDA VIA DE ACESSO."}, {"id": "4522", "ano": "2017", "numero": "97", "tipo__sigla": "IND", "tipo__descricao": "Indica\u00e7\u00e3o", "autoria": "Cabral", "texto_original": "http://sapl.marechalfloriano.es.leg.br/media/./sapl/public/materialegislativa/2017/4522/4522_texto_integral.pdf", "ementa": "VIABILIZAR SERVI\u00c7O DE PAVIMENTA\u00c7\u00c3O NA COMUNIDADE BRISKE, LOCALIZADA DEPOIS DO SITIO DO SAUDOSO DR. ELMO, NA ESTRADA JAIME CANAL, A QUAL D\u00c1 ACESSO \u00c0S COMUNIDADES DE BOM JESUS E COSTA PEREIRA."}, {"id": "4575", "ano": "2017", "numero": "98", "tipo__sigla": "IND", "tipo__descricao": "Indica\u00e7\u00e3o", "autoria": "DAVI", "texto_original": "http://sapl.marechalfloriano.es.leg.br/media/./sapl/public/materialegislativa/2017/4575/4575_texto_integral.pdf", "ementa": "INDICA AO PREFEITO MUNICIPAL QUE SEJA REALIZADO EM TODO O MUNIC\u00cdPIO DE MARECHAL FLORIANO EM ESPECIAL NAS ESCOLAS UMA CAMPANHA DE PRESERVA\u00c7\u00c3O AMBIENTAL."}, {"id": "4576", "ano": "2017", "numero": "99", "tipo__sigla": "IND", "tipo__descricao": "Indica\u00e7\u00e3o", "autoria": "Renato Werneck", "texto_original": "http://sapl.marechalfloriano.es.leg.br/media/./sapl/public/materialegislativa/2017/4576/4576_texto_integral.pdf", "ementa": "INDICO AO EXCELENT\u00cdSSIMO SENHOR JO\u00c3O CARLOS LORENZONI QUE SEJA CONCEDIDO AOS MUN\u00cdCIPES DE NOSSA CIDADE A \"REDU\u00c7\u00c3O NA TAXA DE ILUMINA\u00c7\u00c3O P\u00daBLICA COBRADA MENSALMENTE NAS CONTAS DE ENERGIA DOS CONTRIBUINTES."}, {"id": "4577", "ano": "2017", "numero": "100", "tipo__sigla": "IND", "tipo__descricao": "Indica\u00e7\u00e3o", "autoria": "Renato Werneck", "texto_original": "http://sapl.marechalfloriano.es.leg.br/media/./sapl/public/materialegislativa/2017/4577/4577_texto_integral.pdf", "ementa": "SOLICITA AO PODER EXECUTIVO UMA ATEN\u00c7\u00c3O ESPECIAL SOBRE A QUEST\u00c3O DE COMERCIALIZA\u00c7\u00c3O DE ENTORPECENTES USANDO A INTERNET GRATUITA DISPONIBILIZADA NA PRA\u00c7A JOS\u00c9 HENRIQUE PEREIRA, COMBATENDO E PROPONDO A\u00c7\u00d5ES QUE EVITEM O CRESCIMENTO DO USO DE DROGAS EM NOSSA REGI\u00c3O."}, {"id": "4578", "ano": "2017", "numero": "101", "tipo__sigla": "IND", "tipo__descricao": "Indica\u00e7\u00e3o", "autoria": "Dod\u00f4 Krohling", "texto_original": "http://sapl.marechalfloriano.es.leg.br/media/./sapl/public/materialegislativa/2017/4578/4578_texto_integral.pdf", "ementa": "CONSTRU\u00c7\u00c3O DE UMA \u00c1REA COBERTA MULTIUSO ENTRE O CEMEI MARIA KNIDEL LUBE E O COMERCIO DO SENHOR MAURO LUBE, SENDO UTILIZA\u00c7\u00c3O DESTINADA A ATENDER AOS ANSEIOS DA COMUNIDADE, ATRAV\u00c9S DA REALIZA\u00c7\u00c3O DE REUNI\u00d5ES, PALESTRAS, EVENTOS, EM ESPECIAL PARA ATENDER A DEMANDA DOS PROFESSORES COM ATIVIDADES EXTERNAS."}, {"id": "4579", "ano": "2017", "numero": "102", "tipo__sigla": "IND", "tipo__descricao": "Indica\u00e7\u00e3o", "autoria": "Dod\u00f4 Krohling", "texto_original": "http://sapl.marechalfloriano.es.leg.br/media/./sapl/public/materialegislativa/2017/4579/4579_texto_integral.pdf", "ementa": "PAVIMENTA\u00c7\u00c3O DAS RUAS LOCALIZADAS NA BAIXADA - VILA DOS IP\u00caS EM SANTA MARIA, BEM COMO A FIXA\u00c7\u00c3O DE PLACAS COM IDENTIFICA\u00c7\u00c3O DESSES LOGRADOUROS."}, {"id": "4580", "ano": "2017", "numero": "103", "tipo__sigla": "IND", "tipo__descricao": "Indica\u00e7\u00e3o", "autoria": "UBALDINO SARAIVA", "texto_original": "http://sapl.marechalfloriano.es.leg.br/media/./sapl/public/materialegislativa/2017/4580/4580_texto_integral.pdf", "ementa": "VIABILIZAR, EM CAR\u00c1TER DE URG\u00caNCIA, O CAL\u00c7AMENTO, O MANILHAMENTO DO C\u00d3RREGO PARALELO A RUA MARIA BOTELHO TRARBACH E A ILUMINA\u00c7\u00c3O P\u00daBLICA EM TODA A EXTENS\u00c3O DA REFERIDA RUA."}, {"id": "4581", "ano": "2017", "numero": "104", "tipo__sigla": "IND", "tipo__descricao": "Indica\u00e7\u00e3o", "autoria": "UBALDINO SARAIVA", "texto_original": "http://sapl.marechalfloriano.es.leg.br/media/./sapl/public/materialegislativa/2017/4581/4581_texto_integral.pdf", "ementa": "VIABILIZAR, EM CAR\u00c1TER DE URG\u00caNCIA, A COLOCA\u00c7\u00c3O DE UMA FAIXA DE PEDESTRES NA AVENIDA WALDEMAR M\u00caES EM FRENTE \u00c0 PASSSARELA RODRIGO DAMM MARTINS."}, {"id": "4582", "ano": "2017", "numero": "105", "tipo__sigla": "IND", "tipo__descricao": "Indica\u00e7\u00e3o", "autoria": "UBALDINO SARAIVA", "texto_original": "http://sapl.marechalfloriano.es.leg.br/media/./sapl/public/materialegislativa/2017/4582/4582_texto_integral.pdf", "ementa": "APAGAR AS FAIXAS DE ESTACIONAMENTO DE MOTO EM FRENTE AO BANCO BANESTES DEMARCANDO A VAGA DE ESTACIONAMENTO PARA IDOSO, COLOCAR A PLACA SOB O MEIO FIO."}, {"id": "4592", "ano": "2017", "numero": "106", "tipo__sigla": "IND", "tipo__descricao": "Indica\u00e7\u00e3o", "autoria": "DIONY STEIN", "texto_original": "http://sapl.marechalfloriano.es.leg.br/media/./sapl/public/materialegislativa/2017/4592/4592_texto_integral.pdf", "ementa": "VIABILIZAR SERVI\u00c7OS DE MELHORIAS NO LOTEAMENTO DO SR. JER\u00d4NIMO DOS SANTOS, TAIS COMO LIMPEZA DO LOCAL, ASFALTAMENTO OU PAVIMENTA\u00c7\u00c3O COM PAV'S, BEM COMO INSTALA\u00c7\u00c3O DE REDE DE ESGOTO OU DE FOSSAS."}, {"id": "4593", "ano": "2017", "numero": "107", "tipo__sigla": "IND", "tipo__descricao": "Indica\u00e7\u00e3o", "autoria": "UBALDINO SARAIVA", "texto_original": "http://sapl.marechalfloriano.es.leg.br/media/./sapl/public/materialegislativa/2017/4593/4593_texto_integral.pdf", "ementa": "VIABILIZAR SERVI\u00c7O DE TAPA BURACOS EM TODA A EXTENS\u00c3O DO ASFALTAMENTO DA ESTRADA DE RIO FUNDO."}, {"id": "4594", "ano": "2017", "numero": "108", "tipo__sigla": "IND", "tipo__descricao": "Indica\u00e7\u00e3o", "autoria": "Felipe Hulle Del Puppo", "texto_original": "http://sapl.marechalfloriano.es.leg.br/media/./sapl/public/materialegislativa/2017/4594/4594_texto_integral.pdf", "ementa": "VIABILIZAR SERVI\u00c7O DE REFORMA E MANUTEN\u00c7\u00c3O DA EMEF BERNARDO LEONOR EFFEGEN -  LOCALIZADA NO POSTO IPIRANGA NA ENTRADA DE RIO FUNDO."}, {"id": "4595", "ano": "2017", "numero": "109", "tipo__sigla": "IND", "tipo__descricao": "Indica\u00e7\u00e3o", "autoria": "Cabral", "texto_original": "http://sapl.marechalfloriano.es.leg.br/media/./sapl/public/materialegislativa/2017/4595/4595_texto_integral.pdf", "ementa": "INDICA QUE O PODER EXECUTIVO MUNICIPAL PROVIDENCIE A INSTALA\u00c7\u00c3O DE LIXEIRAS NOS POSTES LOCALIZADOS NA SEDE DO MUNIC\u00cdPIO DE MARECHAL FLORIANO."}, {"id": "5372", "ano": "2017", "numero": "110", "tipo__sigla": "IND", "tipo__descricao": "Indica\u00e7\u00e3o", "autoria": "DIONY STEIN", "texto_original": "http://sapl.marechalfloriano.es.leg.br/media/./sapl/public/materialegislativa/2017/5372/5372_texto_integral.pdf", "ementa": "VIABILIZAR A CONSTRU\u00c7\u00c3O DE UM PARQUINHO NO ESPA\u00c7O VAGO AO LADO DO CAMPO BOM DE BOLA JOS\u00c9 HENRIQUE PEREIRA FILHO, LOCALIZADO NA RUA GUSTAVO HERTEL."}, {"id": "5373", "ano": "2017", "numero": "111", "tipo__sigla": "IND", "tipo__descricao": "Indica\u00e7\u00e3o", "autoria": "DIONY STEIN", "texto_original": "http://sapl.marechalfloriano.es.leg.br/media/./sapl/public/materialegislativa/2017/5373/5373_texto_integral.pdf", "ementa": "VIABILIZAR A TROCA DA AREIA DA QUADRA E DOS DOIS CAMPOS LOCALIZADOS NA AVENIDA DE GIN\u00c1STICA, BEM COMO A CONTRATA\u00c7\u00c3O DE UM PROFISSIONAL DA \u00c1REA PARA ACOMPANHAR OS ADEPTOS E USU\u00c1RIOS DA MESMA."}, {"id": "5375", "ano": "2017", "numero": "112", "tipo__sigla": "IND", "tipo__descricao": "Indica\u00e7\u00e3o", "autoria": "Cabral", "texto_original": "http://sapl.marechalfloriano.es.leg.br/media/./sapl/public/materialegislativa/2017/5375/5375_texto_integral.pdf", "ementa": "VIABILIZAR A INSTALA\u00c7\u00c3O DE 02 (DOIS) QUEBRA-MOLAS NA AVENIDA GUSTAVO HERTEL, SENDO INSTALADO UM EM FRENTE AO BAR DO CAVALO E OUTRO NAS PROXIMIDADES DA RESID\u00caNCIA DO SR. C\u00c9SAR SANTANA, SERVIDOR DO CONSELHO TUTELAR, VISANDO \u00c0 REDU\u00c7\u00c3O DE VELOCIDADE NO LOCAL."}, {"id": "5377", "ano": "2017", "numero": "113", "tipo__sigla": "IND", "tipo__descricao": "Indica\u00e7\u00e3o", "autoria": "Cabral", "texto_original": "http://sapl.marechalfloriano.es.leg.br/media/./sapl/public/materialegislativa/2017/5377/5377_texto_integral.pdf", "ementa": "VIABILIZAR SERVI\u00c7OS EM MELHORIAS NA ESCOLA BERNARDO LEONOR EFFGEN, LOCALIZADA AP\u00d3S O POSTO IPIRANGA, COMPREENDENDO REFORMA E AMPLIA\u00c7\u00c3O."}, {"id": "5378", "ano": "2017", "numero": "114", "tipo__sigla": "IND", "tipo__descricao": "Indica\u00e7\u00e3o", "autoria": "Felipe Hulle Del Puppo", "texto_original": "http://sapl.marechalfloriano.es.leg.br/media/./sapl/public/materialegislativa/2017/5378/5378_texto_integral.pdf", "ementa": "VIABILIZAR A CONSTRU\u00c7\u00c3O DE VESTI\u00c1RIOS E A INSTALA\u00c7\u00c3O DE BEBEDOURO NA QUADRA DE ESPORTES LOCALIZADA AO LADO DA EMEF JOS\u00c9 ALO\u00cdSIO SIMON, LOCALIZADA NA TREVO DE PARAJU."}, {"id": "5380", "ano": "2017", "numero": "115", "tipo__sigla": "IND", "tipo__descricao": "Indica\u00e7\u00e3o", "autoria": "Felipe Hulle Del Puppo", "texto_original": "http://sapl.marechalfloriano.es.leg.br/media/./sapl/public/materialegislativa/2017/5380/5380_texto_integral.pdf", "ementa": "REFORMA E PINTURA GERAL DA POLICL\u00cdNICA ARI RIBEIRO DA SILVA. "}, {"id": "5382", "ano": "2017", "numero": "116", "tipo__sigla": "IND", "tipo__descricao": "Indica\u00e7\u00e3o", "autoria": "UBALDINO SARAIVA", "texto_original": "http://sapl.marechalfloriano.es.leg.br/media/./sapl/public/materialegislativa/2017/5382/5382_texto_integral.pdf", "ementa": "VIABILIZAR A CONCLUS\u00c3O DO ASFALTAMENTO DA RODOVIA RODOLFO KROHLING, A QUAL LIGA SANTA MARIA AO CEDRO, BEM COMO VIABILIZAR SERVI\u00c7O DE TAPA BURACOS EM TODA A EXTENS\u00c3O DO ASFALTAMENTO."}, {"id": "5383", "ano": "2017", "numero": "117", "tipo__sigla": "IND", "tipo__descricao": "Indica\u00e7\u00e3o", "autoria": "UBALDINO SARAIVA", "texto_original": "http://sapl.marechalfloriano.es.leg.br/media/./sapl/public/materialegislativa/2017/5383/5383_texto_integral.pdf", "ementa": "VIABILIZAR A CONSTRU\u00c7\u00c3O DE UMA GALERIA NO VAL\u00c3O LOCALIZADO ATR\u00c1S DO EST\u00c1DIO DO AM\u00c9RICA FUTEBOL CLUBE, BEM COMO CEDER O ESPA\u00c7O, VISANDO TER UM NOVO ACESSO E SA\u00cdDA DE EMERG\u00caNCIA DO REFERIDO EST\u00c1DIO."}, {"id": "5384", "ano": "2017", "numero": "118", "tipo__sigla": "IND", "tipo__descricao": "Indica\u00e7\u00e3o", "autoria": "Renato Werneck", "texto_original": "http://sapl.marechalfloriano.es.leg.br/media/./sapl/public/materialegislativa/2017/5384/5384_texto_integral.pdf", "ementa": "INDICA A PAVIMENTA\u00c7\u00c3O/CAL\u00c7AMENTO E IDENTIFICA\u00c7\u00c3O DAS RUAS LOCALIZADAS NA BAIXADA - VILA DOS IP\u00caS NO DISTRITO DE SANTA MARIA."}, {"id": "5387", "ano": "2017", "numero": "119", "tipo__sigla": "IND", "tipo__descricao": "Indica\u00e7\u00e3o", "autoria": "Felipe Hulle Del Puppo", "texto_original": "http://sapl.marechalfloriano.es.leg.br/media/./sapl/public/materialegislativa/2017/5387/5387_texto_integral.pdf", "ementa": "VIABILIZAR ESTUDO FINANCEIRO PARA CONCESS\u00c3O DE VALE E/OU TICKET TRANSPORTE PARA OS PROFESSORES DO NOSSO MUNIC\u00cdPIO QUE D\u00c3O AULA EM ESCOLAS FORA DA SEDE OU VICE-VERSA."}, {"id": "5388", "ano": "2017", "numero": "120", "tipo__sigla": "IND", "tipo__descricao": "Indica\u00e7\u00e3o", "autoria": "", "texto_original": "http://sapl.marechalfloriano.es.leg.br/media/./sapl/public/materialegislativa/2017/5388/5388_texto_integral.pdf", "ementa": "CONSTRU\u00c7\u00c3O DE UMA PRA\u00c7A SAUD\u00c1VEL NA COMUNIDADE DE BOM JESUS."}, {"id": "5389", "ano": "2017", "numero": "121", "tipo__sigla": "IND", "tipo__descricao": "Indica\u00e7\u00e3o", "autoria": "DIONY STEIN", "texto_original": "http://sapl.marechalfloriano.es.leg.br/media/./sapl/public/materialegislativa/2017/5389/5389_texto_integral.pdf", "ementa": "VIABILIZAR A REFORMA OU A DEMOLI\u00c7\u00c3O DA BICA D'\u00c1GUA LOCALIZADA NA RUA GUSTAVO HERTEL."}, {"id": "5391", "ano": "2017", "numero": "122", "tipo__sigla": "IND", "tipo__descricao": "Indica\u00e7\u00e3o", "autoria": "", "texto_original": "http://sapl.marechalfloriano.es.leg.br/media/./sapl/public/materialegislativa/2017/5391/5391_texto_integral.pdf", "ementa": "VIABILIZAR O CORTE DE \u00c1RVORES QUE EST\u00c3O PENDENDO, PRESTES A CA\u00cdRES, LOCALIZADAS \u00c0 BEIRA DA RUA GUSTAVO HERTEL."}, {"id": "5392", "ano": "2017", "numero": "123", "tipo__sigla": "IND", "tipo__descricao": "Indica\u00e7\u00e3o", "autoria": "DIONY STEIN", "texto_original": "http://sapl.marechalfloriano.es.leg.br/media/./sapl/public/materialegislativa/2017/5392/5392_texto_integral.pdf", "ementa": "REQUEIRO QUE SEJAM VIABILIZADOS SERVI\u00c7OS DE PAVIMENTA\u00c7\u00c3O E ILUMINA\u00c7\u00c3O P\u00daBLICA, TENDO IN\u00cdCIO ANTIGA F\u00c1BRICA DE RA\u00c7\u00c3O DO SR. DAMI\u00c3O KLEIN, ESTENDENDO-SE AT\u00c9 O BAIRRO NOSSA SENHORA DA PENHA, PASSANDO PELO SITIO DO SR. JO\u00c3O STEIN. E, DENTRO DO MESMO PERCURSO, SOLICITO AINDA, A ABERTURA DA ESTRADA, ONDE \u00c9 POSS\u00cdVEL A PASSAGEM DE APENAS UM VEICULO."}, {"id": "5395", "ano": "2017", "numero": "124", "tipo__sigla": "IND", "tipo__descricao": "Indica\u00e7\u00e3o", "autoria": "Cabral", "texto_original": "http://sapl.marechalfloriano.es.leg.br/media/./sapl/public/materialegislativa/2017/5395/5395_texto_integral.pdf", "ementa": "VIABILIZAR A TROCA DAS LUMIN\u00c1RIAS AO LONGO DA RUA DELIMAR SCHUNK."}, {"id": "5397", "ano": "2017", "numero": "125", "tipo__sigla": "IND", "tipo__descricao": "Indica\u00e7\u00e3o", "autoria": "Cabral", "texto_original": "http://sapl.marechalfloriano.es.leg.br/media/./sapl/public/materialegislativa/2017/5397/5397_texto_integral.pdf", "ementa": "VIABILIZAR SERVI\u00c7OS DE MELHORIAS E PAVIMENTA\u00c7\u00c3O NA VILA DO SERT\u00c3O, LOCALIZADA NA COMUNIDADE DE BOA ESPERAN\u00c7A."}, {"id": "5400", "ano": "2017", "numero": "126", "tipo__sigla": "IND", "tipo__descricao": "Indica\u00e7\u00e3o", "autoria": "Cabral", "texto_original": "http://sapl.marechalfloriano.es.leg.br/media/./sapl/public/materialegislativa/2017/5400/5400_texto_integral.pdf", "ementa": "VIABILIZAR UM CONTRATO E/OU CONV\u00caNIO FIRMADO ENTRE ESTE EXECUTIVO MUNICIPAL E O HOSPITAL DE DOMINGOS MARTINS, VISANDO \u00c0 REALIZA\u00c7\u00c3O DE PEQUENAS CIRURGIAS ELETIVAS, COMO POR EXEMPLO, H\u00c9RNIAS, OTORRINAS, VARIZES, VASECTOMIAS, VES\u00cdCULAS E OUTRAS."}, {"id": "5402", "ano": "2017", "numero": "127", "tipo__sigla": "IND", "tipo__descricao": "Indica\u00e7\u00e3o", "autoria": "UBALDINO SARAIVA", "texto_original": "http://sapl.marechalfloriano.es.leg.br/media/./sapl/public/materialegislativa/2017/5402/5402_texto_integral.pdf", "ementa": "SOLICITO VIABILIZAR SERVI\u00c7OS DE MELHORIAS, COMPREENDENDO PINTURA E OUTROS REPAROS QUE SE FIZEREM NECESS\u00c1RIOS, NA UNIDADE B\u00c1SICA DE SA\u00daDE DE SO\u00cdDO DE BAIXO."}, {"id": "5403", "ano": "2017", "numero": "128", "tipo__sigla": "IND", "tipo__descricao": "Indica\u00e7\u00e3o", "autoria": "UBALDINO SARAIVA", "texto_original": "http://sapl.marechalfloriano.es.leg.br/media/./sapl/public/materialegislativa/2017/5403/5403_texto_integral.pdf", "ementa": "SOLICITO EMPENHO DESTE EXECUTIVO MUNICIPAL, NO SENTINDO DE DAR CELERIDADE AO PROCESSO DA ESCOLA FLORES PASSINATO KUSTER, LOCALIZADA EM SO\u00cdDO DE BAIXO, O QUAL ENCONTRA-SE NO JUR\u00cdDICO, AGUARDANDO SOLU\u00c7\u00c3O DE SUAS PEND\u00caNCIAS."}, {"id": "5404", "ano": "2017", "numero": "129", "tipo__sigla": "IND", "tipo__descricao": "Indica\u00e7\u00e3o", "autoria": "UBALDINO SARAIVA", "texto_original": "http://sapl.marechalfloriano.es.leg.br/media/./sapl/public/materialegislativa/2017/5404/5404_texto_integral.pdf", "ementa": "SOLICITO QUE SEJA ANALISADA A POSSIBILIDADE DE CONCEDER VALE-FEIRA A TODOS OS SERVIDORES DESTE EXECUTIVO MUNICIPAL QUE FAZEM JUS AO MESMO."}, {"id": "5414", "ano": "2017", "numero": "130", "tipo__sigla": "IND", "tipo__descricao": "Indica\u00e7\u00e3o", "autoria": "Felipe Hulle Del Puppo", "texto_original": "http://sapl.marechalfloriano.es.leg.br/media/./sapl/public/materialegislativa/2017/5414/5414_texto_integral.pdf", "ementa": "VIABILIZAR EMPENHO DESTE EXECUTIVO MUNICIPAL, NO SENTIDO DE SOLUCIONAR AS PEND\u00caNCIAS DA ESCOLA FLORES PASSINATO KUSTER, LOCALIZADA EM SO\u00cdDO DE BAIXO, BEM COMO CONCLU\u00cd-LA E COLOC\u00c1-LA EM FUNCIONAMENTO."}, {"id": "5413", "ano": "2017", "numero": "131", "tipo__sigla": "IND", "tipo__descricao": "Indica\u00e7\u00e3o", "autoria": "Felipe Hulle Del Puppo", "texto_original": "http://sapl.marechalfloriano.es.leg.br/media/./sapl/public/materialegislativa/2017/5413/5413_texto_integral.pdf", "ementa": "VIABILIZAR A RECUPERA\u00c7\u00c3O DA PAVIMENTA\u00c7\u00c3O DA RUA MARCION\u00cdLIO DE VARGAS FORTES, LOCALIZADA NA SEDE, AO LADO DA LINHA F\u00c9RREA, COM IN\u00cdCIO NO IM\u00d3VEL DE PROPRIEDADE DO SR. JAIME MENDES E T\u00c9RMINO NA GALERIA, AO LADO DA RESID\u00caNCIA DO SR. FLOR\u00caNCIO SCHWAMBACH."}, {"id": "5412", "ano": "2017", "numero": "132", "tipo__sigla": "IND", "tipo__descricao": "Indica\u00e7\u00e3o", "autoria": "Cabral", "texto_original": "http://sapl.marechalfloriano.es.leg.br/media/./sapl/public/materialegislativa/2017/5412/5412_texto_integral.pdf", "ementa": "VIABILIZAR SERVI\u00c7OS DE DETETIZA\u00c7\u00c3O NAS GALERIAS, BUEIROS E EM TORNO DOS C\u00d3RREGOS DO BAIRRO SANTA RITA, PRODUTORA E CENTRO."}, {"id": "5411", "ano": "2017", "numero": "133", "tipo__sigla": "IND", "tipo__descricao": "Indica\u00e7\u00e3o", "autoria": "Cabral", "texto_original": "http://sapl.marechalfloriano.es.leg.br/media/./sapl/public/materialegislativa/2017/5411/5411_texto_integral.pdf", "ementa": "VIABILIZAR A PAVIMENTA\u00c7\u00c3O DA RUA JOANA LITTIG MEES, COM INCIO NA BR 262, DO LADO ESQUERDO, PASSANDO EM FRENTE \u00c0 CESAN E T\u00c9RMINO NA ESCADARIA QUE D\u00c1 ACESSO \u00c0 RUA THIERES VELOSO, BEM COMO A INSTALA\u00c7\u00c3O DE CORRIM\u00c3O NA MENCIONADA ESCADARIA."}, {"id": "5410", "ano": "2017", "numero": "134", "tipo__sigla": "IND", "tipo__descricao": "Indica\u00e7\u00e3o", "autoria": "UBALDINO SARAIVA", "texto_original": "http://sapl.marechalfloriano.es.leg.br/media/./sapl/public/materialegislativa/2017/5410/5410_texto_integral.pdf", "ementa": "ENVIO A C\u00c2MARA MUNICIPAL DE UM PROJETO DE LEI QUE CONCEDE INCENTIVOS FISCAIS E FINANCEIROS AO PROPRIET\u00c1RIO RURAL, POSSEIROS E PESSOAS JUR\u00cdDICAS QUE PROTEGER OU RECUPERAR A VEGETA\u00c7\u00c3O ONDE SE LOCALIZAM NASCENTES E CURSOS D'\u00c1GUA. OS BENEF\u00cdCIOS SER\u00c3O CONCEDIDOS PARA OS CONTRIBUINTES QUE RECUPERAR MATAS CILIARES E VEGETA\u00c7\u00c3O DE \u00c1REAS DE PRESERVA\u00c7\u00c3O PERMANENTE. TAMB\u00c9M SER\u00c3O BENEFICIADOS QUEM RECUPERAR FLORESTAS IMPORTANTES PARA O ABASTECIMENTO DE AQU\u00cdFEROS SUBTERR\u00c2NEOS E PARA O CONTROLE DA EROS\u00c3O E DO ASSOREAMENTO DE NASCENTES, RIOS, C\u00d3RREGOS E RESERVAT\u00d3RIOS."}, {"id": "5409", "ano": "2017", "numero": "135", "tipo__sigla": "IND", "tipo__descricao": "Indica\u00e7\u00e3o", "autoria": "UBALDINO SARAIVA", "texto_original": "http://sapl.marechalfloriano.es.leg.br/media/./sapl/public/materialegislativa/2017/5409/5409_texto_integral.pdf", "ementa": "ENVIO A C\u00c2MARA MUNICIPAL DE UM PROJETO DE LEI PARA INSERIR A N\u00cdVEL MUNICIPAL OS BENEFICIOS E INCENTIVOS AOS PROFESSORES, CONFORME DISP\u00d5E A NOVA LEI FEDERAL N\u00b0.13.478/2017, QUE BENEFICIA EDUCADORES DA REDE P\u00daBLICA DE ENSINO QUE N\u00c3O S\u00c3O PORTADORES DE DIPLOMA DE GRADUA\u00c7\u00c3O.\r\n"}, {"id": "5408", "ano": "2017", "numero": "136", "tipo__sigla": "IND", "tipo__descricao": "Indica\u00e7\u00e3o", "autoria": "DIONY STEIN", "texto_original": "http://sapl.marechalfloriano.es.leg.br/media/./sapl/public/materialegislativa/2017/5408/5408_texto_integral.pdf", "ementa": "-INDICA QUE O PODER EXECUTIVO MUNICIPAL, ATRAV\u00c9S DA SECRETARIA MUNICIPAL DE ASSIST\u00caNCIA SOCIAL E DIREITOS HUMANOS CONCEDAM O KIT CONTENDO ANTENA E CONVERSORES DE SINAL DIGITAL DE TV ABERTA A FAM\u00cdLIAS QUE ENCONTRAM-SE CADASTRADAS EM PROGRAMAS SOCIAIS NO MUNIC\u00cdPIO DE MARECHAL FLORIANO. -INDICA AINDA A REALIZA\u00c7\u00c3O DOS SERVI\u00c7OS DE RECAPEAMENTO E/OU TAPA BURACOS EM PERCURSO DE APROXIMADAMENTE 100 METROS NA PAVIMENTA\u00c7\u00c3O ASF\u00c1LTICA QUE CONCEDE ACESSO A COMUNIDADE DE SO\u00cdDO DE BAIXO E VILA SCHUNCK, NAS PROXIMIDADES DO POSTO IPIRANGA.\r\n"}, {"id": "5406", "ano": "2017", "numero": "137", "tipo__sigla": "IND", "tipo__descricao": "Indica\u00e7\u00e3o", "autoria": "Renato Werneck", "texto_original": "http://sapl.marechalfloriano.es.leg.br/media/./sapl/public/materialegislativa/2017/5406/5406_texto_integral.pdf", "ementa": "INDICA A CRIA\u00c7\u00c3O DE UMA VAGA DE T\u00c1XI COM PONTO ESPECIFICO NA PRA\u00c7A JOS\u00c9 HENRIQUE PEREIRA, NESTA CIDADE."}, {"id": "5878", "ano": "2017", "numero": "138", "tipo__sigla": "IND", "tipo__descricao": "Indica\u00e7\u00e3o", "autoria": "Felipe Hulle Del Puppo", "texto_original": "http://sapl.marechalfloriano.es.leg.br/media/./sapl/public/materialegislativa/2017/5878/5878_texto_integral.pdf", "ementa": "QUE SEJA AVALIADA A DISPONIBILIDADE FINANCEIRA PARA CONCEDER ABONO AOS PROFESSORES DA REDE MUNICIPAL DE ENSINO."}, {"id": "5880", "ano": "2017", "numero": "139", "tipo__sigla": "IND", "tipo__descricao": "Indica\u00e7\u00e3o", "autoria": "Renato Werneck", "texto_original": "http://sapl.marechalfloriano.es.leg.br/media/./sapl/public/materialegislativa/2017/5880/5880_texto_integral.pdf", "ementa": "QUE O PODER EXECUTIVO COLOQUE EM FUNCIONAMENTO A NOVA ESCOLA DE SO\u00cdDO DE BAIXO, CASO N\u00c3O SEJA POSS\u00cdVEL PE\u00c7O QUE SEJA ENCAMINHADO AO PODER LEGISLATIVO MUNICIPAL OS MOTIVOS QUE IMPENDEM O FUNCIONAMENTO DA MESMA."}, {"id": "5881", "ano": "2017", "numero": "140", "tipo__sigla": "IND", "tipo__descricao": "Indica\u00e7\u00e3o", "autoria": "DAVI", "texto_original": "http://sapl.marechalfloriano.es.leg.br/media/./sapl/public/materialegislativa/2017/5881/5881_texto_integral.pdf", "ementa": "INDICA QUE A PREFEITURA MUNICIPAL DE MARECHAL FLORIANO CONCEDA A TODOS FUNCION\u00c1RIOS DA PREFEITURA MUNICIPAL O ABONO PECUNI\u00c1RIO DE FINAL DE ANO BEM COMO A CONCESS\u00c3O DE CESTAS NATALINAS."}, {"id": "5883", "ano": "2017", "numero": "141", "tipo__sigla": "IND", "tipo__descricao": "Indica\u00e7\u00e3o", "autoria": "Cabral", "texto_original": "http://sapl.marechalfloriano.es.leg.br/media/./sapl/public/materialegislativa/2017/5883/5883_texto_integral.pdf", "ementa": "INDICA QUE A PREFEITURA MUNICIPAL AGILIZE E ADOTE AS MEDIDAS CAB\u00cdVEIS PARA DAR ANDAMENTO A CONSTRU\u00c7\u00c3O DA CASA DO MEL PARA ATENDER OS PRODUTORES DA COMUNIDADE DE BOA ESPERAN\u00c7A E VIZINHAN\u00c7A, TENDO EM VISTA DIVERSOS PROCEDIMENTOS ADMINISTRATIVOS J\u00c1 FORAM ADOTADOS ANTERIORMENTE POR ESTA GEST\u00c3O."}, {"id": "5885", "ano": "2017", "numero": "142", "tipo__sigla": "IND", "tipo__descricao": "Indica\u00e7\u00e3o", "autoria": "Cabral", "texto_original": "http://sapl.marechalfloriano.es.leg.br/media/./sapl/public/materialegislativa/2017/5885/5885_texto_integral.pdf", "ementa": "INDICA AO PREFEITO MUNICIPAL JO\u00c3O CARLOS LORENZONI A CONSTRU\u00c7\u00c3O DE UM CRUZEIRO A SER INSTALADO NO BAIRRO SANTA RITA."}, {"id": "5887", "ano": "2017", "numero": "143", "tipo__sigla": "IND", "tipo__descricao": "Indica\u00e7\u00e3o", "autoria": "UBALDINO SARAIVA", "texto_original": "http://sapl.marechalfloriano.es.leg.br/media/./sapl/public/materialegislativa/2017/5887/5887_texto_integral.pdf", "ementa": "VIABILIZAR NA SEDE E NO INTERIOR DO MUNIC\u00cdPIO, A REALIZA\u00c7\u00c3O DE CAMPANHA EDUCATIVA NO QUE TANGE AO HOR\u00c1RIO CORRETO DE COLOCAR O LIXO NOS PONTOS DE COLETAS, BEM COMO DE SERVIDORES MUNICIPAIS RESPONS\u00c1VEIS PELAS MESMAS, OU OUTROS DESIGNADOS PARA TAL FINALIDADE, DEIXAREM O LOCAL LIMPO AP\u00d3S A RETIRADA DO LIXO."}, {"id": "5888", "ano": "2017", "numero": "144", "tipo__sigla": "IND", "tipo__descricao": "Indica\u00e7\u00e3o", "autoria": "UBALDINO SARAIVA", "texto_original": "http://sapl.marechalfloriano.es.leg.br/media/./sapl/public/materialegislativa/2017/5888/5888_texto_integral.pdf", "ementa": "VIABILIZAR UM ESTUDO ANALISANDO A LEGALIDADE, BEM COMO, A POSSIBILIDADE DE AQUISI\u00c7\u00c3O E INSTALA\u00c7\u00c3O DE DETECTORES NAS ESCOLAS MUNICIPAIS, VISANDO MAIOR SEGURAN\u00c7A, VISTO QUE O REFERIDO EQUIPAMENTO \u00c9 UTILIZADO COMO RELEVANTE FERRAMENTA NO SENTIDO DE IMPEDIR A ENTRADA DE ARMAS SIMILARES."}, {"id": "5889", "ano": "2017", "numero": "145", "tipo__sigla": "IND", "tipo__descricao": "Indica\u00e7\u00e3o", "autoria": "DIONY STEIN", "texto_original": "http://sapl.marechalfloriano.es.leg.br/media/./sapl/public/materialegislativa/2017/5889/5889_texto_integral.pdf", "ementa": "VIABILIZAR A INSTALA\u00c7\u00c3O DE PLACAS EM FRENTE AS FARM\u00c1CIAS E DROGARIAS, QUE AINDA N\u00c3O TENHAM,EM CONFORMIDADE COM A LEI MUNICIPAL N\u00b0.908, DE 24 DE ABRIL DE 2009, QUE \"DISP\u00d5E SOBRE A DEMARCA\u00c7\u00c3O DE \u00c1REA ESPECIAL DE ESTACIONAMENTO EM FRENTE \u00c0S FARM\u00c1CIAS E DROGARIAS LOCALIZADAS NESTE MUNIC\u00cdPIO E DA OUTRAS PROVID\u00caNCIAS\", NA QUAL PREV\u00ca QUE CADA ESTABELECIMENTO DO SEGMENTO FARMAC\u00caUTICO SER\u00c1 CONTEMPLADO COM UMA VAGA DE ESTACIONAMENTO PARA USU\u00c1RIOS EM CASA DE PARADAS DE AT\u00c9 10 (DEZ) MINUTOS, EM SITUA\u00c7\u00d5ES EMERGENCIAIS OU AQUISI\u00c7\u00d5ES DE MEDICAMENTOS."}, {"id": "5890", "ano": "2017", "numero": "146", "tipo__sigla": "IND", "tipo__descricao": "Indica\u00e7\u00e3o", "autoria": "UBALDINO SARAIVA", "texto_original": "http://sapl.marechalfloriano.es.leg.br/media/./sapl/public/materialegislativa/2017/5890/5890_texto_integral.pdf", "ementa": "VIABILIZAR PAVIMENTA\u00c7\u00c3O NA ESTRADA DE ALTO NOVA ALMEIDA."}, {"id": "5891", "ano": "2017", "numero": "147", "tipo__sigla": "IND", "tipo__descricao": "Indica\u00e7\u00e3o", "autoria": "UBALDINO SARAIVA", "texto_original": "http://sapl.marechalfloriano.es.leg.br/media/./sapl/public/materialegislativa/2017/5891/5891_texto_integral.pdf", "ementa": "VIABILIZAR EM CAR\u00c1TER DE URG\u00caNCIA A RECUPERA\u00c7\u00c3O DA PAVIMENTA\u00c7\u00c3O DA RUA OSCAR ARA\u00daJO, LOCALIZADA NA SEDE, NAS IMEDIA\u00c7\u00d5ES DAS RESID\u00caNCIAS DO SR. ITAMAR DOS SANTOS E DA SRA. DENISE FRANCO MONTEIRO DA SILVA."}, {"id": "5892", "ano": "2017", "numero": "148", "tipo__sigla": "IND", "tipo__descricao": "Indica\u00e7\u00e3o", "autoria": "Dod\u00f4 Krohling", "texto_original": "http://sapl.marechalfloriano.es.leg.br/media/./sapl/public/materialegislativa/2017/5892/5892_texto_integral.pdf", "ementa": "-CAL\u00c7AMENTO DO PATIO SITUADO EM FRENTE \u00c0 UNIDADE B\u00c1SICA DE SA\u00daDE JANETE ROSA SIMON STOCKL, EM SANTA MARIA.\r\n-CAL\u00c7AMENTO E COBERTURA DO PATIO SITUADO EM FRENTE AO CENTRO MUNICIPAL DE EDUCA\u00c7\u00c3O INFANTIL MARIA KNIDEL LUBE, EM SANTA MARIA.\r\n-INSTALA\u00c7\u00c3O DE UMA COBERTURA E/OU TAPAGEM DO PORT\u00c3O PRINCIPAL AT\u00c9 A \u00c1REA DE ACESSO\r\n\u00c0S SALAS DE AULA, NO CENTRO MUNICIPAL DE EDUCA\u00c7\u00c3O INFANTIL MARIA KNIDEL, EM SANTA MARIA."}, {"id": "5893", "ano": "2017", "numero": "149", "tipo__sigla": "IND", "tipo__descricao": "Indica\u00e7\u00e3o", "autoria": "Cabral", "texto_original": "http://sapl.marechalfloriano.es.leg.br/media/./sapl/public/materialegislativa/2017/5893/5893_texto_integral.pdf", "ementa": "MELHORIAS NA COMUNIDADE DE VICTOR HUGO:\r\n1- ILUMINA\u00c7\u00c3O P\u00daBLICA PARALELA A IGREJA CAT\u00d3LICA, NO ENTORNO DO COL\u00c9GIO E DA CAPELA MORTU\u00c1RIA.\r\n2-CAL\u00c7AMENTO NO PERCURSO ENTRE A IGREJA CAT\u00d3LICA AT\u00c9 A CAPELA MORTU\u00c1RIA.\r\n3- ABERTURA DE UMA PORTA NOS FUNDOS DO POSTO DE SA\u00daDE."}, {"id": "5894", "ano": "2017", "numero": "150", "tipo__sigla": "IND", "tipo__descricao": "Indica\u00e7\u00e3o", "autoria": "", "texto_original": "http://sapl.marechalfloriano.es.leg.br/media/./sapl/public/materialegislativa/2017/5894/5894_texto_integral.pdf", "ementa": "VIABILIZAR A ABERTURA DA RUA GUSTAVO HERTEL A PARTIR DA ENTRADA DA RUA QUINTA DOS LAGOS PR\u00d3XIMO AO SUPERMERCADO BEM VINDO AT\u00c9 A DIVISA DO MUNIC\u00cdPIO COM ALFREDO CHAVES, DEPOIS DO CEMIT\u00c9RIO MUNICIPAL E CONSTRU\u00c7\u00c3O DE UM CAL\u00c7AD\u00c3O PARA USO DOS PEDESTRES."}, {"id": "5895", "ano": "2017", "numero": "151", "tipo__sigla": "IND", "tipo__descricao": "Indica\u00e7\u00e3o", "autoria": "Felipe Hulle Del Puppo", "texto_original": "http://sapl.marechalfloriano.es.leg.br/media/./sapl/public/materialegislativa/2017/5895/5895_texto_integral.pdf", "ementa": "INTERVEN\u00c7\u00c3O JUNTO AO GOVERNO DOESTADO VISANDO A INSTALA\u00c7\u00c3O DE UMA TORRE DE TELEFONIA M\u00d3VEL NA COMUNIDADE DE BOM JESUS."}, {"id": "5896", "ano": "2017", "numero": "152", "tipo__sigla": "IND", "tipo__descricao": "Indica\u00e7\u00e3o", "autoria": "Felipe Hulle Del Puppo", "texto_original": "http://sapl.marechalfloriano.es.leg.br/media/./sapl/public/materialegislativa/2017/5896/5896_texto_integral.pdf", "ementa": "CRIA\u00c7\u00c3O DE VAGAS DE ESTACIONAMENTO EM 45 GRAUS NA AVENIDA PRESIDENTE KENNEDY, NA SEDE DESTE MUNIC\u00cdPIO."}, {"id": "6717", "ano": "2017", "numero": "153", "tipo__sigla": "IND", "tipo__descricao": "Indica\u00e7\u00e3o", "autoria": "DIONY STEIN", "texto_original": "http://sapl.marechalfloriano.es.leg.br/media/", "ementa": "VIABILIZAR SERVI\u00c7OS DE MELHORIAS, COMPREENDENDO PAVIMENTA\u00c7\u00c3O E OUTROS QUE SE FIZEREM NECESS\u00c1RIOS NA VILA DO SERT\u00c3O, LOCALIZADA DA COMUNIDADE DE BOA ESPERAN\u00c7A."}, {"id": "6718", "ano": "2017", "numero": "154", "tipo__sigla": "IND", "tipo__descricao": "Indica\u00e7\u00e3o", "autoria": "Renato Werneck", "texto_original": "http://sapl.marechalfloriano.es.leg.br/media/sapl/public/materialegislativa/2017/6718/pdf_154-17.pdf", "ementa": "VIABILIZAR A INSTALA\u00c7\u00c3O DE DOIS QUEBRA-MOLAS NO S\u00cdTIO JEQUITIB\u00c1, ANTES DA PROPRIEDADE DO SENHOR ELISEU HUBER."}, {"id": "6719", "ano": "2017", "numero": "155", "tipo__sigla": "IND", "tipo__descricao": "Indica\u00e7\u00e3o", "autoria": "Renato Werneck", "texto_original": "http://sapl.marechalfloriano.es.leg.br/media/sapl/public/materialegislativa/2017/6719/pdf_155-17.pdf", "ementa": "VIABILIZAR PAVIMENTA\u00c7\u00c3O ASF\u00c1LTICA DAS RUAS EDUARDO RUPF, RUA EM\u00cdLIO GUSTAVO HULLE E RUA MANOEL DOS SANTOS, NAS PROXIMIDADES DOS COM\u00c9RCIOS \"PADARIA P\u00c3O DOURADO\", GRAFISANA, SERRALHERIA MARECHAL, RESTAURANTE PRATO CHEIO E OUTROS."}, {"id": "6720", "ano": "2017", "numero": "156", "tipo__sigla": "IND", "tipo__descricao": "Indica\u00e7\u00e3o", "autoria": "UBALDINO SARAIVA", "texto_original": "http://sapl.marechalfloriano.es.leg.br/media/sapl/public/materialegislativa/2017/6720/pdf_156-17.pdf", "ementa": "VIABILIZAR EM CAR\u00c1TER DE URG\u00caNCIA, A RECUPERA\u00c7\u00c3O DA PAVIMENTA\u00c7\u00c3O DA RUA H\u00c9LECIO DE PAULA, LOCALIZADA NA SEDE, COM IN\u00cdCIO NA AVENIDA ARTHUR HAESE, PASSANDO PELAS RESID\u00caNCIAS DAS SENHORAS MARISTELA DE NADAI, E CARMELINA MER\u00cdSIO DE PAULA, E T\u00c9RMINO EM FRENTE \u00c0 RESID\u00caNCIA DOS SENHOR ADILSO JOS\u00c9 CARDOSO (ZOCA)."}, {"id": "6721", "ano": "2017", "numero": "157", "tipo__sigla": "IND", "tipo__descricao": "Indica\u00e7\u00e3o", "autoria": "Felipe Hulle Del Puppo", "texto_original": "http://sapl.marechalfloriano.es.leg.br/media/sapl/public/materialegislativa/2017/6721/pdf_157-17.pdf", "ementa": "BENFEITORIAS NA RUA DELIMAR SCHUNK:\r\n\r\n-T\u00c9RMINO DOS SERVI\u00c7OS DO PARQUE DE LAZER;\r\n-INSTALA\u00c7\u00c3O DE L\u00c2MPADAS DE LED;\r\n-INSTALA\u00c7\u00c3O DE MANTA NOS BARRANCOS;"}, {"id": "1485", "ano": "2017", "numero": "1", "tipo__sigla": "MOC", "tipo__descricao": "Mo\u00e7\u00e3o", "autoria": "", "texto_original": "http://sapl.marechalfloriano.es.leg.br/media/./sapl/public/materialegislativa/2017/1485/1485_texto_integral.pdf", "ementa": "MO\u00c7\u00c3O DE PESAR EM FACE AO FALECIMENTO DO SR. CHRISTIANO TADEU STEIN"}, {"id": "1483", "ano": "2017", "numero": "2", "tipo__sigla": "MOC", "tipo__descricao": "Mo\u00e7\u00e3o", "autoria": "DIONY STEIN", "texto_original": "http://sapl.marechalfloriano.es.leg.br/media/./sapl/public/materialegislativa/2017/1483/1483_texto_integral.pdf", "ementa": "MO\u00c7\u00c3O DE APLAUSOS PARA OS PARTICIPANTES DO CAMPEONATO DE PORRINHA - EDI\u00c7\u00c3O 2016/2017"}, {"id": "1480", "ano": "2017", "numero": "3", "tipo__sigla": "MOC", "tipo__descricao": "Mo\u00e7\u00e3o", "autoria": "UBALDINO SARAIVA", "texto_original": "http://sapl.marechalfloriano.es.leg.br/media/./sapl/public/materialegislativa/2017/1480/1480_texto_integral.pdf", "ementa": "MO\u00c7\u00c3O DE APLAUSOS PARA O SR. CESAR ABEL KROHLING"}, {"id": "1478", "ano": "2017", "numero": "4", "tipo__sigla": "MOC", "tipo__descricao": "Mo\u00e7\u00e3o", "autoria": "UBALDINO SARAIVA", "texto_original": "http://sapl.marechalfloriano.es.leg.br/media/./sapl/public/materialegislativa/2017/1478/1478_texto_integral.pdf", "ementa": "MO\u00c7\u00c3O DE APLAUSOS PARA O SR. JOS\u00c9 ST\u00d6CKL"}, {"id": "1475", "ano": "2017", "numero": "5", "tipo__sigla": "MOC", "tipo__descricao": "Mo\u00e7\u00e3o", "autoria": "JOAQUIM STEIN", "texto_original": "http://sapl.marechalfloriano.es.leg.br/media/./sapl/public/materialegislativa/2017/1475/1475_texto_integral.pdf", "ementa": "MO\u00c7\u00c3O DE APLAUSOS PARA O SR. CARLOS LORENZONI "}, {"id": "1491", "ano": "2017", "numero": "6", "tipo__sigla": "MOC", "tipo__descricao": "Mo\u00e7\u00e3o", "autoria": "Cabral, Cezinha Ronchi, DAVI, DIONY STEIN, Dod\u00f4 Krohling, Felipe Hulle Del Puppo, JOAQUIM STEIN, Renato Werneck, UBALDINO SARAIVA", "texto_original": "http://sapl.marechalfloriano.es.leg.br/media/./sapl/public/materialegislativa/2017/1491/1491_texto_integral.pdf", "ementa": "MO\u00c7\u00c3O DE PESAR EM FACE DO FALECIMENTO DA SRA. ALTAIR BITTENCOURT VIEIRA MACHADO "}, {"id": "3292", "ano": "2017", "numero": "7", "tipo__sigla": "MOC", "tipo__descricao": "Mo\u00e7\u00e3o", "autoria": "Dod\u00f4 Krohling", "texto_original": "http://sapl.marechalfloriano.es.leg.br/media/./sapl/public/materialegislativa/2017/3292/3292_texto_integral.pdf", "ementa": "VOTO DE APLAUSOS E RECONHECIMENTO, TENDO COMO DISTIN\u00c7\u00c3O O BANCO DO BRASIL S.A., EM FACE AOS 100 ANOS DE SUA INSTALA\u00c7\u00c3O NO ESTADO DO ESPIRITO SANTO, E 26 ANOS EM NOSSO MUNIC\u00cdPIO."}, {"id": "3293", "ano": "2017", "numero": "8", "tipo__sigla": "MOC", "tipo__descricao": "Mo\u00e7\u00e3o", "autoria": "Cabral", "texto_original": "http://sapl.marechalfloriano.es.leg.br/media/./sapl/public/materialegislativa/2017/3293/3293_texto_integral.pdf", "ementa": "VOTO DE APLAUSOS E RECONHECIMENTO, TENDO COMO DISTIN\u00c7\u00c3O OS IRM\u00c3OS RAUL SCHUNK E RAMON SCHUNK, QUE V\u00caM SE DESTACANDO NO JIU-JITSU E COLECIONANDO DIVERSAS MEDALHAS."}, {"id": "3295", "ano": "2017", "numero": "9", "tipo__sigla": "MOC", "tipo__descricao": "Mo\u00e7\u00e3o", "autoria": "UBALDINO SARAIVA", "texto_original": "http://sapl.marechalfloriano.es.leg.br/media/./sapl/public/materialegislativa/2017/3295/3295_texto_integral.pdf", "ementa": "VOTO DE APLAUSOS E RECONHECIMENTO, TENDO COMO DISTIN\u00c7\u00c3O O SR. ARGEMIRO EWALD, EM FACE AOS EXCELENTES TRABALHOS REALIZADOS, BEM COMO RESULTADOS OBTIDOS NA AGRICULTURA FAMILIAR."}, {"id": "3296", "ano": "2017", "numero": "10", "tipo__sigla": "MOC", "tipo__descricao": "Mo\u00e7\u00e3o", "autoria": "UBALDINO SARAIVA", "texto_original": "http://sapl.marechalfloriano.es.leg.br/media/./sapl/public/materialegislativa/2017/3296/3296_texto_integral.pdf", "ementa": "VOTO DE APLAUSOS E RECONHECIMENTO, TENDO COMO DISTIN\u00c7\u00c3O O SR. DJALME EWALD, EM FACE AOS EXCELENTES TRABALHOS REALIZADOS, BEM COMO OS RESULTADOS OBTIDOS NA AGRICULTURA FAMILIAR."}, {"id": "3297", "ano": "2017", "numero": "11", "tipo__sigla": "MOC", "tipo__descricao": "Mo\u00e7\u00e3o", "autoria": "Cabral, Cezinha Ronchi, DAVI, DIONY STEIN, Dod\u00f4 Krohling, Felipe Hulle Del Puppo, JOAQUIM STEIN, Renato Werneck, UBALDINO SARAIVA", "texto_original": "http://sapl.marechalfloriano.es.leg.br/media/./sapl/public/materialegislativa/2017/3297/3297_texto_integral.pdf", "ementa": "MO\u00c7\u00c3O DE PESAR AOS FAMILIARES DA SR\u00aa. ODETE DAVEL DE VARGAS, EM FACE DO SEU FALECIMENTO OCORRIDO NO DIA 29 DE MAR\u00c7O DO CORRENTE ANO, AOS 94 ANOS."}, {"id": "3299", "ano": "2017", "numero": "12", "tipo__sigla": "MOC", "tipo__descricao": "Mo\u00e7\u00e3o", "autoria": "DIONY STEIN", "texto_original": "http://sapl.marechalfloriano.es.leg.br/media/./sapl/public/materialegislativa/2017/3299/3299_texto_integral.pdf", "ementa": "VOTO DE APLAUSOS E RECONHECIMENTO, TENDO COMO DISTIN\u00c7\u00c3O O SR. ITAMAR DOS SANTOS, QUE V\u00caM SE DESTACANDO COMO EMPREENDEDOR DE SUCESSO NO SEGMENTO DE ARTIGOS PARA A PR\u00c1TICA DO CICLISMO E ACESS\u00d3RIOS, EM FACE DO BEL\u00cdSSIMO TRABALHO DE SOLIDARIEDADE REALIZADO JUNTAMENTO AOS ADEPTOS DESSA MODALIDADE DE ESPORTE."}, {"id": "3300", "ano": "2017", "numero": "13", "tipo__sigla": "MOC", "tipo__descricao": "Mo\u00e7\u00e3o", "autoria": "UBALDINO SARAIVA", "texto_original": "http://sapl.marechalfloriano.es.leg.br/media/./sapl/public/materialegislativa/2017/3300/3300_texto_integral.pdf", "ementa": "VOTO DE APLAUSO E RECONHECIMENTO, TENDO COMO DISTIN\u00c7\u00c3O O SR. JOS\u00c9 LAURENTINO JARETTA E SUA ESPOSA, SR. DALVA MARIA DORNELAS JARETTA, EM FACE O BEL\u00cdSSIMO TRABALHO REALIZADO JUNTAMENTE COM SEUS FILHOS DUANA E MATHEUS."}, {"id": "3301", "ano": "2017", "numero": "14", "tipo__sigla": "MOC", "tipo__descricao": "Mo\u00e7\u00e3o", "autoria": "Renato Werneck", "texto_original": "http://sapl.marechalfloriano.es.leg.br/media/./sapl/public/materialegislativa/2017/3301/3301_texto_integral.pdf", "ementa": "VOTO DE APLAUSOS E RECONHECIMENTO, TENDO COMO DISTIN\u00c7\u00c3O SR. LUIZ CARLOS CLARET PASCOAL, SR. JOAB VARGAS VIEIRA, SRA. JOSY SIQUEIRA ROHR, SR. FRANKLIN CHEGURY VIANA, SR. MARCO LUIZ DIAS, EM FACE AO EXTRAORDIN\u00c1RIO TRABALHO APRESENTADO EM NOSSA MUNICIPALIDADE."}, {"id": "3303", "ano": "2017", "numero": "15", "tipo__sigla": "MOC", "tipo__descricao": "Mo\u00e7\u00e3o", "autoria": "Cabral, Cezinha Ronchi, DAVI, DIONY STEIN, Dod\u00f4 Krohling, Felipe Hulle Del Puppo, JOAQUIM STEIN, Renato Werneck, UBALDINO SARAIVA", "texto_original": "http://sapl.marechalfloriano.es.leg.br/media/./sapl/public/materialegislativa/2017/3303/3303_texto_integral.pdf", "ementa": "MO\u00c7\u00c3O DE PESAR AOS FAMILIARES DO SR. ADEMIR PEREIRA DE SOUZA, EM FACE DE SEU FALECIMENTO OCORRIDO NO DIA 29 DE ABRIL DO CORRENTE ANO, AOS 64 ANOS."}, {"id": "3304", "ano": "2017", "numero": "16", "tipo__sigla": "MOC", "tipo__descricao": "Mo\u00e7\u00e3o", "autoria": "UBALDINO SARAIVA", "texto_original": "http://sapl.marechalfloriano.es.leg.br/media/./sapl/public/materialegislativa/2017/3304/3304_texto_integral.pdf", "ementa": "VOTO DE APLAUSOS E RECONHECIMENTO, TENDO COMO DISTIN\u00c7\u00c3O O SR. PAULO ROBERTO DUTRA ROCHA, EM FACE AO EXCELENTE TRABALHO APRESENTADO EM NOSSA MUNICIPALIDADE."}, {"id": "3305", "ano": "2017", "numero": "17", "tipo__sigla": "MOC", "tipo__descricao": "Mo\u00e7\u00e3o", "autoria": "UBALDINO SARAIVA", "texto_original": "http://sapl.marechalfloriano.es.leg.br/media/./sapl/public/materialegislativa/2017/3305/3305_texto_integral.pdf", "ementa": "VOTO DE APLAUSOS E RECONHECIMENTO, TENDO COMO DISTIN\u00c7\u00c3O O SR. CLOVES ARNALDO KOEHLER E SR. JAIME ROY DOXSEY, EM FACE AO EXTRAORDIN\u00c1RIO TRABALHO APRESENTADO EM SUAS PROPRIEDADES RURAIS."}, {"id": "3307", "ano": "2017", "numero": "18", "tipo__sigla": "MOC", "tipo__descricao": "Mo\u00e7\u00e3o", "autoria": "Renato Werneck", "texto_original": "http://sapl.marechalfloriano.es.leg.br/media/./sapl/public/materialegislativa/2017/3307/3307_texto_integral.pdf", "ementa": "VOTO DE APLAUSOS E RECONHECIMENTO, TENDO COMO DISTIN\u00c7\u00c3O O SR. LUCIANO FARDIN, EM FACE \u00c1 SUA COMPET\u00caNCIA ADMINISTRATIVA, COMO EMPRES\u00c1RIO, GERANDO EMPREGO E RENDA AO NOSSO MUNIC\u00cdPIO."}, {"id": "3309", "ano": "2017", "numero": "19", "tipo__sigla": "MOC", "tipo__descricao": "Mo\u00e7\u00e3o", "autoria": "DIONY STEIN", "texto_original": "http://sapl.marechalfloriano.es.leg.br/media/./sapl/public/materialegislativa/2017/3309/3309_texto_integral.pdf", "ementa": "VOTO DE APLAUSOS E RECONHECIMENTO, TENDO COMO DISTIN\u00c7\u00c3O O A AG\u00caNCIA DO SICOOB, EM FACE AOS 18 ANOS DE SUA INSTALA\u00c7\u00c3O EM NOSSO MUNIC\u00cdPIO, ESTENDENDO-SE A TODOS OS FUNCION\u00c1RIOS DA REFERIDA AG\u00caNCIA."}, {"id": "3310", "ano": "2017", "numero": "20", "tipo__sigla": "MOC", "tipo__descricao": "Mo\u00e7\u00e3o", "autoria": "DIONY STEIN, Dod\u00f4 Krohling", "texto_original": "http://sapl.marechalfloriano.es.leg.br/media/./sapl/public/materialegislativa/2017/3310/3310_texto_integral.pdf", "ementa": "VOTO DE APLAUSOS E RECONHECIMENTO, TENDO COMO DISTIN\u00c7\u00c3O O SR. GIUCIMAR GERHARDT, REPRESENTANDO O MUNIC\u00cdPIO DA FEDERA\u00c7\u00c3O CAPIXABA DE MOTOCICLISMO, ESTENDO-SE A TODA EQUIPE ORGANIZADORA DO \"4\u00b0 ENDURO DAS MONTANHAS\", REALIZADO NESTA MUNICIPALIDADE NO DIA 21 DE MAIO DO CORRENTE ANO."}, {"id": "3312", "ano": "2017", "numero": "21", "tipo__sigla": "MOC", "tipo__descricao": "Mo\u00e7\u00e3o", "autoria": "Dod\u00f4 Krohling", "texto_original": "http://sapl.marechalfloriano.es.leg.br/media/./sapl/public/materialegislativa/2017/3312/3312_texto_integral.pdf", "ementa": "MO\u00c7\u00c3O DE PESAR AOS FAMILIARES DO SR. LIDIO TELES DE OLIVEIRA, EM FACE DO SEU FALECIMENTO, OCORRIDO NO DIA 25 DE MAIO DO CORRENTE ANO, AOS 49 ANOS."}, {"id": "3313", "ano": "2017", "numero": "22", "tipo__sigla": "MOC", "tipo__descricao": "Mo\u00e7\u00e3o", "autoria": "UBALDINO SARAIVA", "texto_original": "http://sapl.marechalfloriano.es.leg.br/media/./sapl/public/materialegislativa/2017/3313/3313_texto_integral.pdf", "ementa": "VOTO DE APLAUSOS E RECONHECIMENTO, TENDO COMO DISTIN\u00c7\u00c3O OS ILUSTRES SR. ODERLI SCHNEIDER, SR. ANTONIO VENTURINI, SR. EUST\u00c1CIO MOACYR ADRIZZI, SR. N\u00c9LIO HAND, EM FACE O BEL\u00cdSSIMO TRABALHO EMPRESARIAL DESEMPENHADO EM PROL DO CRESCIMENTO ECON\u00d4MICO DE NOSSO MUNIC\u00cdPIO, \u00c0 FRENTE DA EMPRESA AVES, EM NOSSA CIDADE."}, {"id": "3315", "ano": "2017", "numero": "23", "tipo__sigla": "MOC", "tipo__descricao": "Mo\u00e7\u00e3o", "autoria": "Cezinha Ronchi, Dod\u00f4 Krohling", "texto_original": "http://sapl.marechalfloriano.es.leg.br/media/./sapl/public/materialegislativa/2017/3315/3315_texto_integral.pdf", "ementa": "VOTO DE APLAUSOS E RECONHECIMENTO, TENDO COMO DISTIN\u00c7\u00c3O O ATLETA DAVI DO SANTOS GOBBI, EM FACE \u00c0 CONQUISTA DE MEDALHA DE BRONZE NO CAMPEONATO BRASILEIRO DE TAEKWONDO, ESTENDENDO-SE AO MESTRE E PROFESSOR DA EQUIPE, SR. PEDRO PAULO FRANCELINO."}, {"id": "3317", "ano": "2017", "numero": "24", "tipo__sigla": "MOC", "tipo__descricao": "Mo\u00e7\u00e3o", "autoria": "Felipe Hulle Del Puppo", "texto_original": "http://sapl.marechalfloriano.es.leg.br/media/./sapl/public/materialegislativa/2017/3317/3317_texto_integral.pdf", "ementa": "MO\u00c7\u00c3O DE PESAR PELO FALECIMENTO DO SENHOR CUST\u00d3DIO LOPES SOARES, ENVIANDO-SE C\u00d3PIA DO PRESENTE AOS FAMILIARES, NA PESSOA DO SEU FILHO O SENHOR  JOS\u00c9 MARCOS CHEQUER SOARES, A QUEM EXPRESSO AS MINHAS SINCERAS CONDOL\u00caNCIAS."}, {"id": "4433", "ano": "2017", "numero": "25", "tipo__sigla": "MOC", "tipo__descricao": "Mo\u00e7\u00e3o", "autoria": "Cezinha Ronchi", "texto_original": "http://sapl.marechalfloriano.es.leg.br/media/./sapl/public/materialegislativa/2017/4433/4433_texto_integral.pdf", "ementa": "MO\u00c7\u00c3O DE APLAUSOS E RECONHECIMENTO AO ILUSTRE SENHOR CARLOS ALBERTO DA SILVA "}, {"id": "4196", "ano": "2017", "numero": "26", "tipo__sigla": "MOC", "tipo__descricao": "Mo\u00e7\u00e3o", "autoria": "Cabral, Cezinha Ronchi, DAVI, DIONY STEIN, Dod\u00f4 Krohling, Felipe Hulle Del Puppo, JOAQUIM STEIN, Renato Werneck, UBALDINO SARAIVA", "texto_original": "http://sapl.marechalfloriano.es.leg.br/media/./sapl/public/materialegislativa/2017/4196/4196_texto_integral.pdf", "ementa": "MO\u00c7\u00c3O DE PESAR AOS FAMILIARES DO SR. ANDR\u00c9 AVELINO CHRISTO, POPURLAMENTE CONHECIDO COMO SR. COCO, EM FACE DE SEU FALECIMENTO OCORRIDO NO DIA 13 DO CORRENTE M\u00caS, AOS 77 ANOS."}, {"id": "4195", "ano": "2017", "numero": "27", "tipo__sigla": "MOC", "tipo__descricao": "Mo\u00e7\u00e3o", "autoria": "DIONY STEIN", "texto_original": "http://sapl.marechalfloriano.es.leg.br/media/./sapl/public/materialegislativa/2017/4195/4195_texto_integral.pdf", "ementa": "MO\u00c7\u00c3O DE APLAUSO E RECONHECIMENTO, TENDO COMO DISTIN\u00c7\u00c3O O SR. ELIZEU HUBER."}, {"id": "4583", "ano": "2017", "numero": "28", "tipo__sigla": "MOC", "tipo__descricao": "Mo\u00e7\u00e3o", "autoria": "Renato Werneck", "texto_original": "http://sapl.marechalfloriano.es.leg.br/media/./sapl/public/materialegislativa/2017/4583/4583_texto_integral.pdf", "ementa": "MO\u00c7\u00c3O DE APLAUSO E RECONHECIMENTO, TENDO COMO DISTIN\u00c7\u00c3O O SR. EDINHO TRARBACH, MOTORISTA DA AMBUL\u00c2NCIA, EM FACE A EXCELENTE TRABALHO."}, {"id": "4584", "ano": "2017", "numero": "29", "tipo__sigla": "MOC", "tipo__descricao": "Mo\u00e7\u00e3o", "autoria": "Renato Werneck", "texto_original": "http://sapl.marechalfloriano.es.leg.br/media/./sapl/public/materialegislativa/2017/4584/4584_texto_integral.pdf", "ementa": "MO\u00c7\u00c3O DE APLAUSO E RECONHECIMENTO, TENDO COMO DISTIN\u00c7\u00c3O O SR. RICARDO SCHLENZ DOS SANTOS, MOTORISTA DA EMPRESA BRUTUS."}, {"id": "4585", "ano": "2017", "numero": "30", "tipo__sigla": "MOC", "tipo__descricao": "Mo\u00e7\u00e3o", "autoria": "UBALDINO SARAIVA", "texto_original": "http://sapl.marechalfloriano.es.leg.br/media/./sapl/public/materialegislativa/2017/4585/4585_texto_integral.pdf", "ementa": "MO\u00c7\u00c3O DE APLAUSO E RECONHECIMENTO, TENDO COMO DISTIN\u00c7\u00c3O OS ALUNOS WILLIAN KLIPPEL HUBER, GEAN CARLOS TRARBACH E IGOR JOS\u00c9 DA SILVA BUSATO QUE SE DESTACARAM NA 7\u00aa OLIMP\u00cdADA BRASILEIRA DE AGROPECU\u00c1RIA, CONQUISTANDO 3\u00b0 LUGAR, ESTENDENDO-SE A TODA EQUIPE PEDAG\u00d3GICA DO CURSO, BEM COMO \u00c0 DIRETORA SRA. LIANE MARIA BRAVIM."}, {"id": "4586", "ano": "2017", "numero": "31", "tipo__sigla": "MOC", "tipo__descricao": "Mo\u00e7\u00e3o", "autoria": "UBALDINO SARAIVA", "texto_original": "http://sapl.marechalfloriano.es.leg.br/media/./sapl/public/materialegislativa/2017/4586/4586_texto_integral.pdf", "ementa": "MO\u00c7\u00c3O DE APLAUSO E RECONHECIMENTO, TENDO COMO DISTIN\u00c7\u00c3O TODOS OS ALUNOS DO CURSO T\u00c9CNICO EM AGROPECU\u00c1RIA DA ESCOLA ESTADUAL DE ENSINO FUNDAMENTAL E M\u00c9DIO VICT\u00d3RIO BRAVIM."}, {"id": "6722", "ano": "2017", "numero": "32", "tipo__sigla": "MOC", "tipo__descricao": "Mo\u00e7\u00e3o", "autoria": "Cabral", "texto_original": "http://sapl.marechalfloriano.es.leg.br/media/sapl/public/materialegislativa/2017/6722/pdf_32.pdf", "ementa": "VOTO DE APLAUSOS E RECONHECIMENTO AOS ORGANIZADORES DA 3\u00aa EDI\u00c7\u00c3O DO LOUVA MARECHAL."}, {"id": "6723", "ano": "2017", "numero": "33", "tipo__sigla": "MOC", "tipo__descricao": "Mo\u00e7\u00e3o", "autoria": "UBALDINO SARAIVA", "texto_original": "http://sapl.marechalfloriano.es.leg.br/media/sapl/public/materialegislativa/2017/6723/pdf_33.pdf", "ementa": "VOTO DE APLAUSOS E RECONHECIMENTO AO SENHOR ADENILTON AMORIM NEPOMUCENO."}, {"id": "6724", "ano": "2017", "numero": "34", "tipo__sigla": "MOC", "tipo__descricao": "Mo\u00e7\u00e3o", "autoria": "UBALDINO SARAIVA", "texto_original": "http://sapl.marechalfloriano.es.leg.br/media/sapl/public/materialegislativa/2017/6724/pdf_34.pdf", "ementa": "VOTO DE APLAUSOS E RECONHECIMENTO SENHOR JOS\u00c9 CARLOS VELTEN."}, {"id": "6725", "ano": "2017", "numero": "35", "tipo__sigla": "MOC", "tipo__descricao": "Mo\u00e7\u00e3o", "autoria": "Dod\u00f4 Krohling", "texto_original": "http://sapl.marechalfloriano.es.leg.br/media/sapl/public/materialegislativa/2017/6725/pdf_35.pdf", "ementa": "VOTO DE APLAUSOS E RECONHECIMENTO \u00c0 EQUIPE DE V\u00d4LEI MASCULINO DA ESCOLA ESTADUAL DE ENSINO FUNDAMENTAL E M\u00c9DIO \"VICT\u00d3RIO BRAVIM\"..."}, {"id": "6726", "ano": "2017", "numero": "36", "tipo__sigla": "MOC", "tipo__descricao": "Mo\u00e7\u00e3o", "autoria": "Felipe Hulle Del Puppo", "texto_original": "http://sapl.marechalfloriano.es.leg.br/media/sapl/public/materialegislativa/2017/6726/pdf_36.pdf", "ementa": "VOTO DE PESAR AOS FAMILIARES DA SENHORA MARIA HELENA TELES MENDES."}, {"id": "6727", "ano": "2017", "numero": "37", "tipo__sigla": "MOC", "tipo__descricao": "Mo\u00e7\u00e3o", "autoria": "DAVI", "texto_original": "http://sapl.marechalfloriano.es.leg.br/media/sapl/public/materialegislativa/2017/6727/pdf_37.pdf", "ementa": "VOTO DE PESAR AOS FAMILIARES DO SENHOR OTT\u00cdLIO KLIPPEL."}, {"id": "6741", "ano": "2017", "numero": "1", "tipo__sigla": "PAR", "tipo__descricao": "Parecer das Comiss\u00f5es", "autoria": "CFO - COMISS\u00c3O DE FINAN\u00c7AS E OR\u00c7AMENTO, CLJRF - COMISS\u00c3O DE LEGILA\u00c7\u00c3O, JUSTI\u00c7A E REDA\u00c7\u00c3O FINAL", "texto_original": "http://sapl.marechalfloriano.es.leg.br/media/sapl/public/materialegislativa/2017/6741/pf_1_pdf.pdf", "ementa": "Relativo ao PROJETO DE LEI N\u00ba 011/2017 QUE ''DISP\u00d5E SOBRE A CRIA\u00c7\u00c3O DO PROGRAMA ''ADOTE UMA LIXEIRA'', E D\u00c1 OUTRAS PROVID\u00caNCIAS."}, {"id": "6744", "ano": "2017", "numero": "2", "tipo__sigla": "PAR", "tipo__descricao": "Parecer das Comiss\u00f5es", "autoria": "CLJRF - COMISS\u00c3O DE LEGILA\u00c7\u00c3O, JUSTI\u00c7A E REDA\u00c7\u00c3O FINAL", "texto_original": "http://sapl.marechalfloriano.es.leg.br/media/sapl/public/materialegislativa/2017/6744/pf_2_pdf.pdf", "ementa": "Relativo ao PROJETO DE LEI N\u00ba 012/2017 QUE ''INSTITUI A SEMANA DE ORIENTA\u00c7\u00c3O, PREVEN\u00c7\u00c3O E CONTROLE DA DENGUE, ZIKA, CHIKUNGUNYA, FEBRE AMARELA E OUTRAS EPIDEMIAS''."}, {"id": "6746", "ano": "2017", "numero": "3", "tipo__sigla": "PAR", "tipo__descricao": "Parecer das Comiss\u00f5es", "autoria": "CFO - COMISS\u00c3O DE FINAN\u00c7AS E OR\u00c7AMENTO, CLJRF - COMISS\u00c3O DE LEGILA\u00c7\u00c3O, JUSTI\u00c7A E REDA\u00c7\u00c3O FINAL", "texto_original": "http://sapl.marechalfloriano.es.leg.br/media/sapl/public/materialegislativa/2017/6746/pf_3_pdf.pdf", "ementa": "Relativo ao PROJETO DE LEI N\u00ba 013/2017 QUE ''DISP\u00d5E SOBRE O INCENTIVO AO CULTIVO DAS PLANTAS ''CITRONELA'' E ''CROTAL\u00c1RIA'', COMO M\u00c9TODO NATURAL DE COMBATE \u00c0 DENGUE E D\u00c1 OUTRAS PROVID\u00caNCIAS''."}, {"id": "6748", "ano": "2017", "numero": "4", "tipo__sigla": "PAR", "tipo__descricao": "Parecer das Comiss\u00f5es", "autoria": "CFO - COMISS\u00c3O DE FINAN\u00c7AS E OR\u00c7AMENTO, CLJRF - COMISS\u00c3O DE LEGILA\u00c7\u00c3O, JUSTI\u00c7A E REDA\u00c7\u00c3O FINAL", "texto_original": "http://sapl.marechalfloriano.es.leg.br/media/sapl/public/materialegislativa/2017/6748/pf_4_pdf.pdf", "ementa": "Relativo ao PROJETO DE LEI N\u00ba 014/2017 QUE ''AUTORIZA A CESS\u00c3O DE USO DE IM\u00d3VEL DE PROPRIEDADE DO MUNIC\u00cdPIO DE MARECHAL FLORIANO A INSTITUI\u00c7\u00d5ES RELIGIOSAS QUE ESPECIFICA E D\u00c1 OUTRAS PROVID\u00caNCIAS''."}, {"id": "6751", "ano": "2017", "numero": "5", "tipo__sigla": "PAR", "tipo__descricao": "Parecer das Comiss\u00f5es", "autoria": "CLJRF - COMISS\u00c3O DE LEGILA\u00c7\u00c3O, JUSTI\u00c7A E REDA\u00c7\u00c3O FINAL", "texto_original": "http://sapl.marechalfloriano.es.leg.br/media/sapl/public/materialegislativa/2017/6751/pf_5_pdf.pdf", "ementa": "Relativo ao PROJETO DE LEI N\u00ba 017/2017 QUE ''INSTITUI A SEMANA DE CONSCIENTIZA\u00c7\u00c3O E COMBATE \u00c0 AUTOMEDICA\u00c7\u00c3O E D\u00c1 OUTRAS PROVID\u00caNCIAS''."}, {"id": "6752", "ano": "2017", "numero": "6", "tipo__sigla": "PAR", "tipo__descricao": "Parecer das Comiss\u00f5es", "autoria": "CLJRF - COMISS\u00c3O DE LEGILA\u00c7\u00c3O, JUSTI\u00c7A E REDA\u00c7\u00c3O FINAL", "texto_original": "http://sapl.marechalfloriano.es.leg.br/media/sapl/public/materialegislativa/2017/6752/pf_6_pdf.pdf", "ementa": "Relativo ao PROJETO DE LEI N\u00ba 018/2017 QUE ''INSTITUI A SEMANA DE RECUPERA\u00c7\u00c3O, PRESERVA\u00c7\u00c3O E ACOMPANHAMENTO DAS NASCENTES DO MUNIC\u00cdPIO DE MARECHAL FLORIANO''."}, {"id": "6755", "ano": "2017", "numero": "7", "tipo__sigla": "PAR", "tipo__descricao": "Parecer das Comiss\u00f5es", "autoria": "CLJRF - COMISS\u00c3O DE LEGILA\u00c7\u00c3O, JUSTI\u00c7A E REDA\u00c7\u00c3O FINAL", "texto_original": "http://sapl.marechalfloriano.es.leg.br/media/sapl/public/materialegislativa/2017/6755/pf_7_pdf.pdf", "ementa": "Relativo ao PROJETO DE LEI N\u00ba 021/2017 QUE ''INSTITUI A SEMANA DO CAFEICULTOR, NO \u00c2MBITO DO MUNIC\u00cdPIO DE MARECHAL FLORIANO''."}, {"id": "7886", "ano": "2017", "numero": "8", "tipo__sigla": "PAR", "tipo__descricao": "Parecer das Comiss\u00f5es", "autoria": "CFO - COMISS\u00c3O DE FINAN\u00c7AS E OR\u00c7AMENTO", "texto_original": "http://sapl.marechalfloriano.es.leg.br/media/", "ementa": "PARECER RELATIVO AO PROJETO DE LEI N\u00b0 023/2017 DE AUTORIA DO PODER EXECUTIVO MUNICIPAL QUE \"AUTORIZA O PODER EXECUTIVO MUNICIPAL A EFETUAR O PAGAENTON A TITULO DE  INDENIZA\u00c7\u00c3O AO SENHOR CARLOS ALBERTO PREST\"."}, {"id": "6757", "ano": "2017", "numero": "9", "tipo__sigla": "PAR", "tipo__descricao": "Parecer das Comiss\u00f5es", "autoria": "CLJRF - COMISS\u00c3O DE LEGILA\u00c7\u00c3O, JUSTI\u00c7A E REDA\u00c7\u00c3O FINAL", "texto_original": "http://sapl.marechalfloriano.es.leg.br/media/sapl/public/materialegislativa/2017/6757/pf_9_pdf.pdf", "ementa": "Relativo ao PROJETO DE LEI N\u00ba  023/2017 QUE AUTORIZA O PODER EXECUTIVO MUNICIPAL A EFETUAR PAGAMENTO A T\u00cdTULO DE INDENIZA\u00c7\u00c3O AO SENHOR CARLOS ALBERTO PREST''."}, {"id": "6759", "ano": "2017", "numero": "10", "tipo__sigla": "PAR", "tipo__descricao": "Parecer das Comiss\u00f5es", "autoria": "CFO - COMISS\u00c3O DE FINAN\u00c7AS E OR\u00c7AMENTO, CLJRF - COMISS\u00c3O DE LEGILA\u00c7\u00c3O, JUSTI\u00c7A E REDA\u00c7\u00c3O FINAL", "texto_original": "http://sapl.marechalfloriano.es.leg.br/media/sapl/public/materialegislativa/2017/6759/pf_10_pdf.pdf", "ementa": "Relativo ao PROJETO DE LEI N\u00ba 024/2017 QUE ''DISP\u00d5E SOBRE A PERMISS\u00c3O DE USO DE BEM ALUGADO PELO MUNIC\u00cdPIO DE MARECHAL FLORIANO \u00c0 POL\u00cdCIA CIVIL DO ESTADO DO ESPIRITO SANTO''."}, {"id": "6761", "ano": "2017", "numero": "11", "tipo__sigla": "PAR", "tipo__descricao": "Parecer das Comiss\u00f5es", "autoria": "CLJRF - COMISS\u00c3O DE LEGILA\u00c7\u00c3O, JUSTI\u00c7A E REDA\u00c7\u00c3O FINAL", "texto_original": "http://sapl.marechalfloriano.es.leg.br/media/sapl/public/materialegislativa/2017/6761/pf_11_pdf.pdf", "ementa": "Relativo ao PROJETO DE LEI N\u00ba 025/2017 QUE ''INSTITUI A SEMANA DO AVICULTOR, NO \u00c2MBITO DO MUNIC\u00cdPIO DE MARECHAL FLORIANO''."}, {"id": "6763", "ano": "2017", "numero": "12", "tipo__sigla": "PAR", "tipo__descricao": "Parecer das Comiss\u00f5es", "autoria": "CAMA - COMISS\u00c3O DE AGRICULTURA E MEIO AMBIENTE, CLJRF - COMISS\u00c3O DE LEGILA\u00c7\u00c3O, JUSTI\u00c7A E REDA\u00c7\u00c3O FINAL", "texto_original": "http://sapl.marechalfloriano.es.leg.br/media/sapl/public/materialegislativa/2017/6763/pf_12_pdf.pdf", "ementa": "Relativo ao PROJETO DE LEI N\u00ba 027/2017 QUE ''DISP\u00d5E SOBRE A CRIA\u00c7\u00c3O DA ROTA DO CAF\u00c9 NO MUNIC\u00cdPIO DE MARECHAL FLORIANO''."}, {"id": "6766", "ano": "2017", "numero": "13", "tipo__sigla": "PAR", "tipo__descricao": "Parecer das Comiss\u00f5es", "autoria": "CESA - COMISS\u00c3O DE EDUCA\u00c7\u00c3O, SA\u00daDE E ASSIST\u00caNCIA, CLJRF - COMISS\u00c3O DE LEGILA\u00c7\u00c3O, JUSTI\u00c7A E REDA\u00c7\u00c3O FINAL", "texto_original": "http://sapl.marechalfloriano.es.leg.br/media/sapl/public/materialegislativa/2017/6766/pf_13_pdf.pdf", "ementa": "Relativo ao PROJETO DE LEI N\u00ba 028/2017 QUE ''DISP\u00d5E SOBRE A CRIA\u00c7\u00c3O DA ROTA DAS ORQU\u00cdDEAS NO MUNIC\u00cdPIO DE MARECHAL FLORIANO''."}, {"id": "6767", "ano": "2017", "numero": "14", "tipo__sigla": "PAR", "tipo__descricao": "Parecer das Comiss\u00f5es", "autoria": "CLJRF - COMISS\u00c3O DE LEGILA\u00c7\u00c3O, JUSTI\u00c7A E REDA\u00c7\u00c3O FINAL", "texto_original": "http://sapl.marechalfloriano.es.leg.br/media/sapl/public/materialegislativa/2017/6767/pf_14_pdf.pdf", "ementa": "Relativo ao PROJETO DE LEI N\u00ba 029/2017 QUE ''DISP\u00d5E SOBRE A CRIA\u00c7\u00c3O DA CAMPANHA LIMPO NO MUNIC\u00cdPIO DE MARECHAL FLORIANO''."}, {"id": "6770", "ano": "2017", "numero": "15", "tipo__sigla": "PAR", "tipo__descricao": "Parecer das Comiss\u00f5es", "autoria": "CLJRF - COMISS\u00c3O DE LEGILA\u00c7\u00c3O, JUSTI\u00c7A E REDA\u00c7\u00c3O FINAL", "texto_original": "http://sapl.marechalfloriano.es.leg.br/media/sapl/public/materialegislativa/2017/6770/pf_15_pdf.pdf", "ementa": "Relativo ao PROJETO DE LEI N\u00ba 031/2017 QUE ''INSTITUI A SEMANA DAS ARTES MARCIAIS, QUE PASSA A INTEGRAR O CALEND\u00c1RIO OFICIAL DE EVENTOS DO MUNIC\u00cdPIO DE MARECHAL FLORIANO E D\u00c1 OUTRAS PROVID\u00caNCIAS''."}, {"id": "6773", "ano": "2017", "numero": "16", "tipo__sigla": "PAR", "tipo__descricao": "Parecer das Comiss\u00f5es", "autoria": "CLJRF - COMISS\u00c3O DE LEGILA\u00c7\u00c3O, JUSTI\u00c7A E REDA\u00c7\u00c3O FINAL", "texto_original": "http://sapl.marechalfloriano.es.leg.br/media/sapl/public/materialegislativa/2017/6773/pf_16_pdf.pdf", "ementa": "Relativo ao PROJETO DE LEI N\u00ba 032/2017 QUE ''INSTITUI O PROGRAMA BASQUETE DE RUA ''STREET BALL'' A SER PRATICADO NO \u00c2MBITO DO MUNIC\u00cdPIO DE MARECHAL FLORIANO-ES''."}, {"id": "6774", "ano": "2017", "numero": "17", "tipo__sigla": "PAR", "tipo__descricao": "Parecer das Comiss\u00f5es", "autoria": "CLJRF - COMISS\u00c3O DE LEGILA\u00c7\u00c3O, JUSTI\u00c7A E REDA\u00c7\u00c3O FINAL", "texto_original": "http://sapl.marechalfloriano.es.leg.br/media/sapl/public/materialegislativa/2017/6774/pf_17_pdf.pdf", "ementa": "Relativo ao PROJETO DE LEI N\u00ba 033/2017 QUE ''INSTITUI COMO S\u00cdMBOLO HIST\u00d3RICO DO MUNIC\u00cdPIO, A CAIXA D'\u00c1GUA DA MARIA FUMA\u00c7A, LOCALIZADA EM RIO FUNDO''."}, {"id": "6775", "ano": "2017", "numero": "18", "tipo__sigla": "PAR", "tipo__descricao": "Parecer das Comiss\u00f5es", "autoria": "CLJRF - COMISS\u00c3O DE LEGILA\u00c7\u00c3O, JUSTI\u00c7A E REDA\u00c7\u00c3O FINAL", "texto_original": "http://sapl.marechalfloriano.es.leg.br/media/sapl/public/materialegislativa/2017/6775/pf_18_pdf.pdf", "ementa": "Relativo ao PROJETO DE LEI N\u00ba 039/2017 QUE ''DISP\u00d5E SOBRE A CRIA\u00c7\u00c3O DO PROJETO LIMPA E CONSCIENTE E D\u00c1 OUTRAS PROVID\u00caNCIAS''."}, {"id": "6776", "ano": "2017", "numero": "19", "tipo__sigla": "PAR", "tipo__descricao": "Parecer das Comiss\u00f5es", "autoria": "CESA - COMISS\u00c3O DE EDUCA\u00c7\u00c3O, SA\u00daDE E ASSIST\u00caNCIA, CLJRF - COMISS\u00c3O DE LEGILA\u00c7\u00c3O, JUSTI\u00c7A E REDA\u00c7\u00c3O FINAL", "texto_original": "http://sapl.marechalfloriano.es.leg.br/media/sapl/public/materialegislativa/2017/6776/pf_19_pdf.pdf", "ementa": "Relativo ao PROJETO DE LEI N\u00ba 040/2017 QUE ''INSTITUI NO \u00c2MBITO DO MUNIC\u00cdPIO DE MARECHAL FLORIANO/ES, A CAMPANHA DE CONSCIENTIZA\u00c7\u00c3O E PREVEN\u00c7\u00c3O \u00c0 HANSEN\u00cdASE E D\u00c1 OUTRAS PROVID\u00caNCIAS''."}, {"id": "6777", "ano": "2017", "numero": "20", "tipo__sigla": "PAR", "tipo__descricao": "Parecer das Comiss\u00f5es", "autoria": "CESA - COMISS\u00c3O DE EDUCA\u00c7\u00c3O, SA\u00daDE E ASSIST\u00caNCIA, CLJRF - COMISS\u00c3O DE LEGILA\u00c7\u00c3O, JUSTI\u00c7A E REDA\u00c7\u00c3O FINAL", "texto_original": "http://sapl.marechalfloriano.es.leg.br/media/sapl/public/materialegislativa/2017/6777/pf_20_pdf.pdf", "ementa": "Relativo ao PROJETO DE LEI N\u00ba 04/2017 QUE ''DISP\u00d5E SOBRE A INCLUS\u00c3O DA CARNE DE PEIXE NO CARD\u00c1PIO DA MERENDA ESCOLAR ASSIM COMO AUTORIZA A DISTRIBUI\u00c7\u00c3O DE CEREAL (SIMILAR A SUCRILHOS) COM LEITE AOS ALUNOS DA REDE P\u00daBLICA MUNICIPAL''."}, {"id": "6778", "ano": "2017", "numero": "21", "tipo__sigla": "PAR", "tipo__descricao": "Parecer das Comiss\u00f5es", "autoria": "CLJRF - COMISS\u00c3O DE LEGILA\u00c7\u00c3O, JUSTI\u00c7A E REDA\u00c7\u00c3O FINAL", "texto_original": "http://sapl.marechalfloriano.es.leg.br/media/sapl/public/materialegislativa/2017/6778/pf_21_pdf.pdf", "ementa": "Relativo ao PROJETO DE LEI N\u00ba 043/2017 QUE ''AUTORIZA A CRIA\u00c7\u00c3O DO MEMORIAL DA IMIGRA\u00c7\u00c3O E DAS ORQU\u00cdDEAS NO MUNIC\u00cdPIO DE MARECHAL FLORIANO''."}, {"id": "6779", "ano": "2017", "numero": "22", "tipo__sigla": "PAR", "tipo__descricao": "Parecer das Comiss\u00f5es", "autoria": "CLJRF - COMISS\u00c3O DE LEGILA\u00c7\u00c3O, JUSTI\u00c7A E REDA\u00c7\u00c3O FINAL", "texto_original": "http://sapl.marechalfloriano.es.leg.br/media/sapl/public/materialegislativa/2017/6779/pf_22_pdf.pdf", "ementa": "Relativo ao PROJETO DE LEI N\u00ba 044/2017 QUE ''AUTORIZA A CRIA\u00c7\u00c3O NO MUNIC\u00cdPIO DE MARECHAL FLORIANO DO MEMORIAL NILO PE\u00c7ANHA''."}, {"id": "6780", "ano": "2017", "numero": "23", "tipo__sigla": "PAR", "tipo__descricao": "Parecer das Comiss\u00f5es", "autoria": "CLJRF - COMISS\u00c3O DE LEGILA\u00c7\u00c3O, JUSTI\u00c7A E REDA\u00c7\u00c3O FINAL", "texto_original": "http://sapl.marechalfloriano.es.leg.br/media/sapl/public/materialegislativa/2017/6780/pf_23_pdf.pdf", "ementa": "Relativo ao PROJETO DE LEI N\u00ba 045/2017 QUE ''ALTERA OS ARTIGOS 1\u00ba E 3\u00ba DA LEI MUNICIPAL N\u00ba 1521, DE 11 DE SETEMBRO DE 2014''."}, {"id": "6781", "ano": "2017", "numero": "24", "tipo__sigla": "PAR", "tipo__descricao": "Parecer das Comiss\u00f5es", "autoria": "CLJRF - COMISS\u00c3O DE LEGILA\u00c7\u00c3O, JUSTI\u00c7A E REDA\u00c7\u00c3O FINAL", "texto_original": "http://sapl.marechalfloriano.es.leg.br/media/sapl/public/materialegislativa/2017/6781/pf_24_pdf.pdf", "ementa": "Relativo ao PROJETO DE LEI N\u00ba 046/2017 QUE ''INSTITUI COMO S\u00cdMBOLO HIST\u00d3RICO DO MUNIC\u00cdPIO, O ZOO PARK DA MONTANHA, LOCALIZADO EM RIO FUNDO''."}, {"id": "6782", "ano": "2017", "numero": "25", "tipo__sigla": "PAR", "tipo__descricao": "Parecer das Comiss\u00f5es", "autoria": "CESA - COMISS\u00c3O DE EDUCA\u00c7\u00c3O, SA\u00daDE E ASSIST\u00caNCIA, CLJRF - COMISS\u00c3O DE LEGILA\u00c7\u00c3O, JUSTI\u00c7A E REDA\u00c7\u00c3O FINAL", "texto_original": "http://sapl.marechalfloriano.es.leg.br/media/sapl/public/materialegislativa/2017/6782/pf_25_pdf.pdf", "ementa": "Relativo ao PROJETO DE LEI N\u00ba 047/2017 QUE ''INSTITUI NO \u00c2MBITO DO MUNIC\u00cdPIO DE MARECHAL FLORIANO/ES, O PROGRAMA JOVEM  ESCRITOR E D\u00c1 OUTRAS PROVID\u00caNCIAS''."}, {"id": "6783", "ano": "2017", "numero": "26", "tipo__sigla": "PAR", "tipo__descricao": "Parecer das Comiss\u00f5es", "autoria": "CLJRF - COMISS\u00c3O DE LEGILA\u00c7\u00c3O, JUSTI\u00c7A E REDA\u00c7\u00c3O FINAL", "texto_original": "http://sapl.marechalfloriano.es.leg.br/media/sapl/public/materialegislativa/2017/6783/pf_26_pdf.pdf", "ementa": "Relativo ao PROJETO DE LEI N\u00ba 049/2017 QUE ''INSERE NO CALEND\u00c1RIO OFICIAL DE EVENTOS DO MUNIC\u00cdPIO DE MARECHAL FLORIANO, A COMEMORA\u00c7\u00c3O PELO ANIVERS\u00c1RIO DO AM\u00c9RICA FUTEBOL CLUBE E ASSOCIA\u00c7\u00c3O DE ESPORTES APOLLO XIII''."}, {"id": "6784", "ano": "2017", "numero": "27", "tipo__sigla": "PAR", "tipo__descricao": "Parecer das Comiss\u00f5es", "autoria": "CFO - COMISS\u00c3O DE FINAN\u00c7AS E OR\u00c7AMENTO", "texto_original": "http://sapl.marechalfloriano.es.leg.br/media/sapl/public/materialegislativa/2017/6784/pf_27_pdf.pdf", "ementa": "Relativo ao PROJETO DE LEI N\u00ba 041/2017 QUE ''DISP\u00d5E SOBRE AS DIRETRIZES PARA A ELABORA\u00c7\u00c3O DA LEI OR\u00c7AMENT\u00c1RIA PARA O EXERC\u00cdCIO FINANCEIRO DE 2018 E D\u00c1 OUTRAS PROVID\u00caNCIAS''."}, {"id": "6785", "ano": "2017", "numero": "28", "tipo__sigla": "PAR", "tipo__descricao": "Parecer das Comiss\u00f5es", "autoria": "CFO - COMISS\u00c3O DE FINAN\u00c7AS E OR\u00c7AMENTO, CLJRF - COMISS\u00c3O DE LEGILA\u00c7\u00c3O, JUSTI\u00c7A E REDA\u00c7\u00c3O FINAL", "texto_original": "http://sapl.marechalfloriano.es.leg.br/media/sapl/public/materialegislativa/2017/6785/pf_28_pdf.pdf", "ementa": "Relativo ao PROJETO DE LEI N\u00ba 035/2017 QUE ''ALTERA LEI MUNICIPAL N\u00ba 488, DE 23 DE DEZEMBRO DE 2003 E D\u00c1 OUTRAS PROVID\u00caNCIAS''."}, {"id": "6786", "ano": "2017", "numero": "29", "tipo__sigla": "PAR", "tipo__descricao": "Parecer das Comiss\u00f5es", "autoria": "CLJRF - COMISS\u00c3O DE LEGILA\u00c7\u00c3O, JUSTI\u00c7A E REDA\u00c7\u00c3O FINAL", "texto_original": "http://sapl.marechalfloriano.es.leg.br/media/sapl/public/materialegislativa/2017/6786/pf_29_pdf.pdf", "ementa": "Relativo ao PROJETO DE LEI N\u00ba 050/2017 QUE ''DISP\u00d5E SOBRE A ALTERA\u00c7\u00c3O DA LEI N\u00ba 370 DE 07 DE JULHO DE 2000, NO QUE TANGE AO ENDERE\u00c7O DA CASA DA CULTURA CLARA LUIZA HULLE PEREIRA E D\u00c1 OUTRAS PROVID\u00caNCIAS''."}, {"id": "6787", "ano": "2017", "numero": "30", "tipo__sigla": "PAR", "tipo__descricao": "Parecer das Comiss\u00f5es", "autoria": "CLJRF - COMISS\u00c3O DE LEGILA\u00c7\u00c3O, JUSTI\u00c7A E REDA\u00c7\u00c3O FINAL", "texto_original": "http://sapl.marechalfloriano.es.leg.br/media/sapl/public/materialegislativa/2017/6787/pf_30_pdf.pdf", "ementa": "Relativo ao PROJETO DE LEI N\u00ba 052/2017 QUE ''INSTITUI A SEMANA DE PREVEN\u00c7\u00c3O E CONTROLE DE OSTEOPOROSE NO MUNIC\u00cdPIO DE MARECHAL FLORIANO E D\u00c1 OUTRAS PROVID\u00caNCIAS''."}, {"id": "6788", "ano": "2017", "numero": "31", "tipo__sigla": "PAR", "tipo__descricao": "Parecer das Comiss\u00f5es", "autoria": "CLJRF - COMISS\u00c3O DE LEGILA\u00c7\u00c3O, JUSTI\u00c7A E REDA\u00c7\u00c3O FINAL", "texto_original": "http://sapl.marechalfloriano.es.leg.br/media/sapl/public/materialegislativa/2017/6788/pf_31_pdf.pdf", "ementa": "Relativo ao PROJETO DE LEI N\u00ba 053/2017 QUE ''INSTITUI O DIA MUNICIPAL DO GARI MO MUNIC\u00cdPIO DE MARECHAL FLORIANO E D\u00c1 OUTRAS PROVID\u00caNCIAS''."}, {"id": "6789", "ano": "2017", "numero": "32", "tipo__sigla": "PAR", "tipo__descricao": "Parecer das Comiss\u00f5es", "autoria": "CLJRF - COMISS\u00c3O DE LEGILA\u00c7\u00c3O, JUSTI\u00c7A E REDA\u00c7\u00c3O FINAL", "texto_original": "http://sapl.marechalfloriano.es.leg.br/media/sapl/public/materialegislativa/2017/6789/pf_32_pdf.pdf", "ementa": "Relativo ao PROJETO DE LEI N\u00ba 054/2017 QUE ''INSTITUI NO \u00c2MBITO DO MUNIC\u00cdPIO DE MARECHAL FLORIANO/ES, A SEMANA JOVEM E D\u00c1 OUTRAS PROVID\u00caNCIAS''."}, {"id": "6790", "ano": "2017", "numero": "33", "tipo__sigla": "PAR", "tipo__descricao": "Parecer das Comiss\u00f5es", "autoria": "CESA - COMISS\u00c3O DE EDUCA\u00c7\u00c3O, SA\u00daDE E ASSIST\u00caNCIA, CFO - COMISS\u00c3O DE FINAN\u00c7AS E OR\u00c7AMENTO, CLJRF - COMISS\u00c3O DE LEGILA\u00c7\u00c3O, JUSTI\u00c7A E REDA\u00c7\u00c3O FINAL", "texto_original": "http://sapl.marechalfloriano.es.leg.br/media/sapl/public/materialegislativa/2017/6790/pf_33_pdf.pdf", "ementa": "Relativo ao PROJETO DE LEI N\u00ba 055/2017 QUE ''DISP\u00d5E SOBRE A CRIA\u00c7\u00c3O DO PROGRAMA DE DISTRIBUI\u00c7\u00c3O GRATUITA DE MATERIAIS ESCOLARES NA REDE P\u00daBLICA DE ENSINO DO MUNIC\u00cdPIO, ATRAV\u00c9S DA PARCERIA ENTRE O PODER EXECUTIVO E AS EMPRESAS INSTALADAS NO MUNIC\u00cdPIO E D\u00c1 OUTRAS PROVID\u00caNCIAS''."}, {"id": "6791", "ano": "2017", "numero": "34", "tipo__sigla": "PAR", "tipo__descricao": "Parecer das Comiss\u00f5es", "autoria": "CLJRF - COMISS\u00c3O DE LEGILA\u00c7\u00c3O, JUSTI\u00c7A E REDA\u00c7\u00c3O FINAL", "texto_original": "http://sapl.marechalfloriano.es.leg.br/media/sapl/public/materialegislativa/2017/6791/pf_34_pdf.pdf", "ementa": "Relativo ao PROJETO DE LEI N\u00ba 056/2017 QUE ''D\u00c1 NOME DE JOANA LITTIG MEES, A RUA PROJETADA COM IN\u00cdCIO A BR 262 E TERMINO NA ESCADARIA QUE D\u00c1 ACESSO A RUA TRIERES VELOSO''."}, {"id": "6792", "ano": "2017", "numero": "35", "tipo__sigla": "PAR", "tipo__descricao": "Parecer das Comiss\u00f5es", "autoria": "CLJRF - COMISS\u00c3O DE LEGILA\u00c7\u00c3O, JUSTI\u00c7A E REDA\u00c7\u00c3O FINAL", "texto_original": "http://sapl.marechalfloriano.es.leg.br/media/sapl/public/materialegislativa/2017/6792/pf_35_pdf.pdf", "ementa": "Relativo ao PROJETO DE LEI N\u00ba 061/2017 QUE INSTITUI A SEMANA MUNICIPAL ESCOLAR DE ORIENTA\u00c7\u00c3O SOBRE EDUCA\u00c7\u00c3O FINANCEIRA."}, {"id": "6793", "ano": "2017", "numero": "36", "tipo__sigla": "PAR", "tipo__descricao": "Parecer das Comiss\u00f5es", "autoria": "CLJRF - COMISS\u00c3O DE LEGILA\u00c7\u00c3O, JUSTI\u00c7A E REDA\u00c7\u00c3O FINAL", "texto_original": "http://sapl.marechalfloriano.es.leg.br/media/sapl/public/materialegislativa/2017/6793/pf_36_pdf.pdf", "ementa": "Relativo ao PROJETO DE LEI N\u00ba 063/2017 QUE DISP\u00d5E SOBRE A INSTITUI\u00c7\u00c3O DO PROGRAMA MOMENTO MULHER E D\u00c1 OUTRAS PROVID\u00caNCIAS."}, {"id": "6794", "ano": "2017", "numero": "37", "tipo__sigla": "PAR", "tipo__descricao": "Parecer das Comiss\u00f5es", "autoria": "CLJRF - COMISS\u00c3O DE LEGILA\u00c7\u00c3O, JUSTI\u00c7A E REDA\u00c7\u00c3O FINAL", "texto_original": "http://sapl.marechalfloriano.es.leg.br/media/sapl/public/materialegislativa/2017/6794/pf_37_pdf.pdf", "ementa": "Relativo ao PROJETO DE LEI N\u00ba 066/2017 QUE INSTITUI NO CALEND\u00c1RIO ESPORTIVO O PASSEIO CICL\u00cdSTICO NO DIA DA MULHER NO MUNIC\u00cdPIO DE MARECHAL FLORIANO E D\u00c1 OUTRAS PROVID\u00caNCIAS."}, {"id": "6795", "ano": "2017", "numero": "38", "tipo__sigla": "PAR", "tipo__descricao": "Parecer das Comiss\u00f5es", "autoria": "CFO - COMISS\u00c3O DE FINAN\u00c7AS E OR\u00c7AMENTO, CLJRF - COMISS\u00c3O DE LEGILA\u00c7\u00c3O, JUSTI\u00c7A E REDA\u00c7\u00c3O FINAL", "texto_original": "http://sapl.marechalfloriano.es.leg.br/media/sapl/public/materialegislativa/2017/6795/pf_38_pdf.pdf", "ementa": "Relativo ao PROJETO DE LEI N\u00ba 067/2017 QUE DISP\u00d5E SOBRE A EXPOSI\u00c7\u00c3O DE MOTOS NO MUNIC\u00cdPIO DE MARECHAL FLORIANO E D\u00c1 OUTRAS PROVID\u00caNCIAS."}, {"id": "6796", "ano": "2017", "numero": "39", "tipo__sigla": "PAR", "tipo__descricao": "Parecer das Comiss\u00f5es", "autoria": "CFO - COMISS\u00c3O DE FINAN\u00c7AS E OR\u00c7AMENTO", "texto_original": "http://sapl.marechalfloriano.es.leg.br/media/sapl/public/materialegislativa/2017/6796/pf_39_pdf.pdf", "ementa": "Relativo ao PROJETO DE LEI N\u00ba 068/2017 QUE AUTORIZA A ABERTURA DE CR\u00c9DITO ADICIONAL SUPLEMENTAR NO OR\u00c7AMENTO GERAL DO MUNIC\u00cdPIO DE MARECHAL FLORIANO/ES."}, {"id": "6797", "ano": "2017", "numero": "40", "tipo__sigla": "PAR", "tipo__descricao": "Parecer das Comiss\u00f5es", "autoria": "CFO - COMISS\u00c3O DE FINAN\u00c7AS E OR\u00c7AMENTO, CLJRF - COMISS\u00c3O DE LEGILA\u00c7\u00c3O, JUSTI\u00c7A E REDA\u00c7\u00c3O FINAL", "texto_original": "http://sapl.marechalfloriano.es.leg.br/media/sapl/public/materialegislativa/2017/6797/pf_40_pdf.pdf", "ementa": "Relativo ao PROJETO DE LEI N\u00ba 048/2017 QUE AUTORIZA O PODER EXECUTIVO A ALIENAR BEM IM\u00d3VEL DO PATRIM\u00d4NIO MUNICIPAL."}, {"id": "6798", "ano": "2017", "numero": "41", "tipo__sigla": "PAR", "tipo__descricao": "Parecer das Comiss\u00f5es", "autoria": "CESA - COMISS\u00c3O DE EDUCA\u00c7\u00c3O, SA\u00daDE E ASSIST\u00caNCIA, CFO - COMISS\u00c3O DE FINAN\u00c7AS E OR\u00c7AMENTO, CLJRF - COMISS\u00c3O DE LEGILA\u00c7\u00c3O, JUSTI\u00c7A E REDA\u00c7\u00c3O FINAL", "texto_original": "http://sapl.marechalfloriano.es.leg.br/media/sapl/public/materialegislativa/2017/6798/pf_41_pdf.pdf", "ementa": "Relativo ao PROJETO DE LEI N\u00ba 059/2017 QUE CRIA O CARGO DE COMISS\u00c3O ESPECIAL A SER INCLU\u00cdDO NA LEI MUNICIPAL N\u00ba 565, DE 07 DE NOVEMBRO DE 2005 E D\u00c1 OUTRAS PROVID\u00caNCIAS."}, {"id": "6799", "ano": "2017", "numero": "42", "tipo__sigla": "PAR", "tipo__descricao": "Parecer das Comiss\u00f5es", "autoria": "CLJRF - COMISS\u00c3O DE LEGILA\u00c7\u00c3O, JUSTI\u00c7A E REDA\u00c7\u00c3O FINAL", "texto_original": "http://sapl.marechalfloriano.es.leg.br/media/sapl/public/materialegislativa/2017/6799/pf_42_pdf.pdf", "ementa": "Relativo ao PROJETO DE LEI N\u00ba 062/2017 QUE DISP\u00d5E SOBRE A CRIA\u00c7\u00c3O DO PROGRAMA ADOTE UM BANHEIRO P\u00daBLICO E D\u00c1 OUTRAS PROVID\u00caNCIAS."}, {"id": "6800", "ano": "2017", "numero": "43", "tipo__sigla": "PAR", "tipo__descricao": "Parecer das Comiss\u00f5es", "autoria": "CFO - COMISS\u00c3O DE FINAN\u00c7AS E OR\u00c7AMENTO, CLJRF - COMISS\u00c3O DE LEGILA\u00c7\u00c3O, JUSTI\u00c7A E REDA\u00c7\u00c3O FINAL", "texto_original": "http://sapl.marechalfloriano.es.leg.br/media/sapl/public/materialegislativa/2017/6800/pf_43_pdf.pdf", "ementa": "Relativo ao PROJETO DE LEI N\u00ba 065/2017 QUE AUTORIZA O PODER EXECUTIVO \u00c0 INSTITUIR O SERVI\u00c7O DE DISQUE ENTULHO NO MUNIC\u00cdPIO DE MARECHAL FLORIANO E D\u00c1 OUTRAS PROVID\u00caNCIAS."}, {"id": "6801", "ano": "2017", "numero": "44", "tipo__sigla": "PAR", "tipo__descricao": "Parecer das Comiss\u00f5es", "autoria": "CLJRF - COMISS\u00c3O DE LEGILA\u00c7\u00c3O, JUSTI\u00c7A E REDA\u00c7\u00c3O FINAL", "texto_original": "http://sapl.marechalfloriano.es.leg.br/media/sapl/public/materialegislativa/2017/6801/pf_44_pdf.pdf", "ementa": "Relativo ao PROJETO DE LEI N\u00ba 070/2017 QUE INSTITUI NO \u00c2MBITO DO MUNIC\u00cdPIO DE MARECHAL FLORIANO O M\u00caS JUNHO VERMELHO, DEDICADO \r\n\u00c0 CAMPANHA DE INCENTIVO A DOA\u00c7\u00c3O DE SANGUE E D\u00c1 OUTRAS PROVID\u00caNCIAS."}, {"id": "6802", "ano": "2017", "numero": "45", "tipo__sigla": "PAR", "tipo__descricao": "Parecer das Comiss\u00f5es", "autoria": "CAMA - COMISS\u00c3O DE AGRICULTURA E MEIO AMBIENTE, CLJRF - COMISS\u00c3O DE LEGILA\u00c7\u00c3O, JUSTI\u00c7A E REDA\u00c7\u00c3O FINAL", "texto_original": "http://sapl.marechalfloriano.es.leg.br/media/sapl/public/materialegislativa/2017/6802/pf_45_pdf.pdf", "ementa": "Relativo ao PROJETO DE LEI N\u00ba 071/2017 QUE INSTITUI SEMIN\u00c1RIO ANUAL PARA ELABORA\u00c7\u00c3O DO PLANO DE DESENVOLVIMENTO RURAL E D\u00c1 OUTRAS PROVID\u00caNCIAS."}, {"id": "6803", "ano": "2017", "numero": "46", "tipo__sigla": "PAR", "tipo__descricao": "Parecer das Comiss\u00f5es", "autoria": "CLJRF - COMISS\u00c3O DE LEGILA\u00c7\u00c3O, JUSTI\u00c7A E REDA\u00c7\u00c3O FINAL", "texto_original": "http://sapl.marechalfloriano.es.leg.br/media/sapl/public/materialegislativa/2017/6803/pf_46_pdf.pdf", "ementa": "Relativo ao PROJETO DE LEI N\u00ba 072/2017 QUE INSTITUI A TRIBUNA ACAD\u00caMICA NA C\u00c2MARA MUNICIPAL DE MARECHAL FLORIANO."}, {"id": "6804", "ano": "2017", "numero": "47", "tipo__sigla": "PAR", "tipo__descricao": "Parecer das Comiss\u00f5es", "autoria": "CLJRF - COMISS\u00c3O DE LEGILA\u00c7\u00c3O, JUSTI\u00c7A E REDA\u00c7\u00c3O FINAL", "texto_original": "http://sapl.marechalfloriano.es.leg.br/media/sapl/public/materialegislativa/2017/6804/pf_47_pdf.pdf", "ementa": "Relativo ao PROJETO DE LEI N\u00ba 073/2017 QUE INSERE NO CALEND\u00c1RIO OFICIAL DE EVENTOS DO MUNIC\u00cdPIO DE MARECHAL FLORIANO, \u00c0 COMEMORA\u00c7\u00c3O PELO ANIVERS\u00c1RIO DO ESPORTE CLUBE ARAGUAIA."}, {"id": "6805", "ano": "2017", "numero": "48", "tipo__sigla": "PAR", "tipo__descricao": "Parecer das Comiss\u00f5es", "autoria": "CLJRF - COMISS\u00c3O DE LEGILA\u00c7\u00c3O, JUSTI\u00c7A E REDA\u00c7\u00c3O FINAL", "texto_original": "http://sapl.marechalfloriano.es.leg.br/media/sapl/public/materialegislativa/2017/6805/pf_48_pdf.pdf", "ementa": "Relativo ao PROJETO DE LEI N\u00ba 074/2017 QUE DISP\u00d5E SOBRE A CRIA\u00c7\u00c3O DO PROGRAMA MEU BAIRRO BEM CUIDADO E D\u00c1 OUTRAS PROVID\u00caNCIAS."}, {"id": "6806", "ano": "2017", "numero": "49", "tipo__sigla": "PAR", "tipo__descricao": "Parecer das Comiss\u00f5es", "autoria": "CLJRF - COMISS\u00c3O DE LEGILA\u00c7\u00c3O, JUSTI\u00c7A E REDA\u00c7\u00c3O FINAL", "texto_original": "http://sapl.marechalfloriano.es.leg.br/media/sapl/public/materialegislativa/2017/6806/pf_49_pdf.pdf", "ementa": "Relativo ao PROJETO DE LEI N\u00ba 076/2017 QUE DENOMINA DE FRANCISCO JOS\u00c9 FUSATO A CANCHA COMUNIT\u00c1RIA DE BOCHA, LOCALIZADA NO DISTRITO DE ARAGUAYA."}, {"id": "6807", "ano": "2017", "numero": "50", "tipo__sigla": "PAR", "tipo__descricao": "Parecer das Comiss\u00f5es", "autoria": "Cabral, CLJRF - COMISS\u00c3O DE LEGILA\u00c7\u00c3O, JUSTI\u00c7A E REDA\u00c7\u00c3O FINAL", "texto_original": "http://sapl.marechalfloriano.es.leg.br/media/sapl/public/materialegislativa/2017/6807/pf_50_pdf.pdf", "ementa": "Relativo ao PROJETO DE LEI N\u00ba 077/2017 QUE DENOMINA JACINTO CATELAN JUNIOR A \u00c1REA DE EVENTOS LOCALIZADA EM CIMA DA CANCHA COMUNIT\u00c1RIA DE BOCHA, NO DISTRITO DE ARAGUAYA."}, {"id": "6808", "ano": "2017", "numero": "51", "tipo__sigla": "PAR", "tipo__descricao": "Parecer das Comiss\u00f5es", "autoria": "CLJRF - COMISS\u00c3O DE LEGILA\u00c7\u00c3O, JUSTI\u00c7A E REDA\u00c7\u00c3O FINAL", "texto_original": "http://sapl.marechalfloriano.es.leg.br/media/sapl/public/materialegislativa/2017/6808/pf_51_pdf.pdf", "ementa": "Relativo ao PROJETO DE LEI N\u00ba 078/2017 QUE DENOMINA DE RUA IDA RUPF, NESTE MUNIC\u00cdPIO."}, {"id": "6809", "ano": "2017", "numero": "52", "tipo__sigla": "PAR", "tipo__descricao": "Parecer das Comiss\u00f5es", "autoria": "CESA - COMISS\u00c3O DE EDUCA\u00c7\u00c3O, SA\u00daDE E ASSIST\u00caNCIA, CLJRF - COMISS\u00c3O DE LEGILA\u00c7\u00c3O, JUSTI\u00c7A E REDA\u00c7\u00c3O FINAL", "texto_original": "http://sapl.marechalfloriano.es.leg.br/media/sapl/public/materialegislativa/2017/6809/pf_52_pdf.pdf", "ementa": "Relativo ao PROJETO DE LEI N\u00ba 079/2017 QUE INSTITUI NO \u00c2MBITO DO MUNIC\u00cdPIO DE MARECHAL FLORIANO O PROGRAMA DE ENVELHECIMENTO ATIVO E SA\u00daDE DA PESSOA IDOSA E D\u00c1 OUTRAS PROVID\u00caNCIAS."}, {"id": "6810", "ano": "2017", "numero": "53", "tipo__sigla": "PAR", "tipo__descricao": "Parecer das Comiss\u00f5es", "autoria": "CLJRF - COMISS\u00c3O DE LEGILA\u00c7\u00c3O, JUSTI\u00c7A E REDA\u00c7\u00c3O FINAL", "texto_original": "http://sapl.marechalfloriano.es.leg.br/media/sapl/public/materialegislativa/2017/6810/pf_53_pdf.pdf", "ementa": "Relativo ao PROJETO DE LEI N\u00ba 080/2017 QUE INSTITUI NO MUNIC\u00cdPIO DE MARECHAL FLORIANO O DIA MUNICIPAL DA COPOEIRA E D\u00c1 OUTRAS PROVID\u00caNCIAS."}, {"id": "6811", "ano": "2017", "numero": "54", "tipo__sigla": "PAR", "tipo__descricao": "Parecer das Comiss\u00f5es", "autoria": "CFO - COMISS\u00c3O DE FINAN\u00c7AS E OR\u00c7AMENTO, CLJRF - COMISS\u00c3O DE LEGILA\u00c7\u00c3O, JUSTI\u00c7A E REDA\u00c7\u00c3O FINAL", "texto_original": "http://sapl.marechalfloriano.es.leg.br/media/sapl/public/materialegislativa/2017/6811/pf_54_pdf.pdf", "ementa": "Relativo ao PROJETO DE LEI N\u00ba 083/2017 QUE DISP\u00d5E SOBRE O DESCARTE DE L\u00c2MPADAS, PILHAS, BATERIAS, BATERIAS DE CELULAR E OUTROS TIPOS DE ACUMULADORES DE ENERGIA NO \u00c2MBITO DO MUNIC\u00cdPIO DE MARECHAL FLORIANO."}, {"id": "6812", "ano": "2017", "numero": "55", "tipo__sigla": "PAR", "tipo__descricao": "Parecer das Comiss\u00f5es", "autoria": "CLJRF - COMISS\u00c3O DE LEGILA\u00c7\u00c3O, JUSTI\u00c7A E REDA\u00c7\u00c3O FINAL", "texto_original": "http://sapl.marechalfloriano.es.leg.br/media/sapl/public/materialegislativa/2017/6812/pf_55_pdf.pdf", "ementa": "Relativo ao PROJETO DE LEI N\u00ba 084/2017 QUE INSTITUI NO CALEND\u00c1RIO OFICIAL DE DATAS E EVENTOS DO MUNIC\u00cdPIO DE MARECHAL FLORIANO/ES, O EVENTO DE CORPOS CHRISTI E D\u00c1 OUTRAS PROVID\u00caNCIAS."}, {"id": "6813", "ano": "2017", "numero": "56", "tipo__sigla": "PAR", "tipo__descricao": "Parecer das Comiss\u00f5es", "autoria": "CAMA - COMISS\u00c3O DE AGRICULTURA E MEIO AMBIENTE, CESA - COMISS\u00c3O DE EDUCA\u00c7\u00c3O, SA\u00daDE E ASSIST\u00caNCIA, CFO - COMISS\u00c3O DE FINAN\u00c7AS E OR\u00c7AMENTO, CLJRF - COMISS\u00c3O DE LEGILA\u00c7\u00c3O, JUSTI\u00c7A E REDA\u00c7\u00c3O FINAL, CECT - COMISS\u00c3O DE ESPORTE, CULTURA E TURISMO, COSU - COMISS\u00c3O DE OBRAS E SERVI\u00c7OS URBANOS", "texto_original": "http://sapl.marechalfloriano.es.leg.br/media/sapl/public/materialegislativa/2017/6813/pf_56_pdf.pdf", "ementa": "Relativo ao PROJETO DE LEI COMPLEMENTAR N\u00ba 01/2017 QUE DISP\u00d5E SOBRE O ESTATUTO DOS SERVIDORES P\u00daBLICOS DO MUNIC\u00cdPIO DE MARECHAL FLORIANO E D\u00c1 OUTRAS PROVID\u00caNCIAS."}, {"id": "6814", "ano": "2017", "numero": "57", "tipo__sigla": "PAR", "tipo__descricao": "Parecer das Comiss\u00f5es", "autoria": "CFO - COMISS\u00c3O DE FINAN\u00c7AS E OR\u00c7AMENTO, CLJRF - COMISS\u00c3O DE LEGILA\u00c7\u00c3O, JUSTI\u00c7A E REDA\u00c7\u00c3O FINAL", "texto_original": "http://sapl.marechalfloriano.es.leg.br/media/sapl/public/materialegislativa/2017/6814/pf_57_pdf.pdf", "ementa": "Relativo ao PROJETO DE LEI N\u00ba 081/2017 QUE DISP\u00d5E SOBRE O CONTROLE POPULACIONAL E BEM ESTAR ANIMAL, SUA POSSE RESPONS\u00c1VEL, VACINA\u00c7\u00c3O, TR\u00c2NSITO EM VIAS P\u00daBLICAS E D\u00c1 OUTRAS PROVID\u00caNCIAS."}, {"id": "6815", "ano": "2017", "numero": "58", "tipo__sigla": "PAR", "tipo__descricao": "Parecer das Comiss\u00f5es", "autoria": "CLJRF - COMISS\u00c3O DE LEGILA\u00c7\u00c3O, JUSTI\u00c7A E REDA\u00c7\u00c3O FINAL", "texto_original": "http://sapl.marechalfloriano.es.leg.br/media/sapl/public/materialegislativa/2017/6815/pf_58_pdf.pdf", "ementa": "Relativo ao PROJETO DE LEI N\u00ba 082/2017 QUE INSTITUI NO CALEND\u00c1RIO OFICIAL DO MUNIC\u00cdPIO DE MARECHAL FLORIANO O TEATRO DE ENCENA\u00c7\u00c3O DA PAIX\u00c3O DE CRISTO E D\u00c1 OUTRAS PROVID\u00caNCIAS."}, {"id": "6816", "ano": "2017", "numero": "59", "tipo__sigla": "PAR", "tipo__descricao": "Parecer das Comiss\u00f5es", "autoria": "CLJRF - COMISS\u00c3O DE LEGILA\u00c7\u00c3O, JUSTI\u00c7A E REDA\u00c7\u00c3O FINAL", "texto_original": "http://sapl.marechalfloriano.es.leg.br/media/sapl/public/materialegislativa/2017/6816/pf_59_pdf.pdf", "ementa": "Relativo ao PROJETO DE LEI N\u00ba 086/2017 QUE INSTITUI NO CALEND\u00c1RIO OFICIAL DE DATAS E EVENTOS DO MUNIC\u00cdPIO DE MARECHAL FLORIANO O DIA DA ENFERMAGEM E D\u00c1 OUTRAS PROVID\u00caNCIAS."}, {"id": "6817", "ano": "2017", "numero": "60", "tipo__sigla": "PAR", "tipo__descricao": "Parecer das Comiss\u00f5es", "autoria": "CLJRF - COMISS\u00c3O DE LEGILA\u00c7\u00c3O, JUSTI\u00c7A E REDA\u00c7\u00c3O FINAL", "texto_original": "http://sapl.marechalfloriano.es.leg.br/media/sapl/public/materialegislativa/2017/6817/pf_60_pdf.pdf", "ementa": "Relativo ao PROJETO DE LEI N\u00ba 087/2017 QUE INSTITUI E INSERE NO CALEND\u00c1RIO OFICIAL DE DATAS E EVENTOS DO MUNIC\u00cdPIO DE MARECHAL FLORIANO, A FESTA CAIPIRA DA VILA DOS IP\u00caS, REALIZADA ANUALMENTE NO M\u00caS DE AGOSTO, NO DISTRITO DE SANTA MARIA E D\u00c1 OUTRAS PROVID\u00caNCIAS."}, {"id": "6818", "ano": "2017", "numero": "61", "tipo__sigla": "PAR", "tipo__descricao": "Parecer das Comiss\u00f5es", "autoria": "CLJRF - COMISS\u00c3O DE LEGILA\u00c7\u00c3O, JUSTI\u00c7A E REDA\u00c7\u00c3O FINAL", "texto_original": "http://sapl.marechalfloriano.es.leg.br/media/sapl/public/materialegislativa/2017/6818/pf_61_pdf.pdf", "ementa": "Relativo ao PROJETO DE LEI N\u00ba 088/2017 QUE INSTITUI A SEMANA DE PREVEN\u00c7\u00c3O E COMBATE \u00c0 MICROCEFALIA E D\u00c1 OUTRAS PROVID\u00caNCIAS."}, {"id": "6819", "ano": "2017", "numero": "62", "tipo__sigla": "PAR", "tipo__descricao": "Parecer das Comiss\u00f5es", "autoria": "CFO - COMISS\u00c3O DE FINAN\u00c7AS E OR\u00c7AMENTO", "texto_original": "http://sapl.marechalfloriano.es.leg.br/media/sapl/public/materialegislativa/2017/6819/pf_62_pdf.pdf", "ementa": "RELATIVO \u00c0 PRESTA\u00c7\u00c3O DE CONTAS ANUAL DA PREFEITURA MUNICIPAL DE MARECHAL FLORIANO - EXERC\u00cdCIO 2014 - PREFEITO ANT\u00d4NIO LIDINEY GOBBI."}, {"id": "6820", "ano": "2017", "numero": "63", "tipo__sigla": "PAR", "tipo__descricao": "Parecer das Comiss\u00f5es", "autoria": "CFO - COMISS\u00c3O DE FINAN\u00c7AS E OR\u00c7AMENTO, CLJRF - COMISS\u00c3O DE LEGILA\u00c7\u00c3O, JUSTI\u00c7A E REDA\u00c7\u00c3O FINAL", "texto_original": "http://sapl.marechalfloriano.es.leg.br/media/sapl/public/materialegislativa/2017/6820/pf_63_pdf.pdf", "ementa": "Relativo ao PROJETO DE LEI N\u00ba 090/2017 QUE ALTERA A LEI MUNICIPAL N\u00ba 1.192 DE 23 DE JANEIRO DE 2013."}, {"id": "6821", "ano": "2017", "numero": "64", "tipo__sigla": "PAR", "tipo__descricao": "Parecer das Comiss\u00f5es", "autoria": "CFO - COMISS\u00c3O DE FINAN\u00c7AS E OR\u00c7AMENTO, CLJRF - COMISS\u00c3O DE LEGILA\u00c7\u00c3O, JUSTI\u00c7A E REDA\u00c7\u00c3O FINAL", "texto_original": "http://sapl.marechalfloriano.es.leg.br/media/sapl/public/materialegislativa/2017/6821/pf_64_pdf.pdf", "ementa": "Relativo ao PROJETO DE LEI N\u00ba 091/2017 QUE DISP\u00d5E SOBRE A REGULARIZA\u00c7\u00c3O DE TERRENOS URBANOS NO MUNIC\u00cdPIO DE MARECHAL FLORIANO."}, {"id": "6822", "ano": "2017", "numero": "65", "tipo__sigla": "PAR", "tipo__descricao": "Parecer das Comiss\u00f5es", "autoria": "CLJRF - COMISS\u00c3O DE LEGILA\u00c7\u00c3O, JUSTI\u00c7A E REDA\u00c7\u00c3O FINAL", "texto_original": "http://sapl.marechalfloriano.es.leg.br/media/sapl/public/materialegislativa/2017/6822/pf_65_pdf.pdf", "ementa": "Relativo ao PROJETO DE LEI N\u00ba 092/2017 QUE INSTITUI NO \u00c2MBITO DO MUNIC\u00cdPIO DE MARECHAL FLORIANO O M\u00caS JANEIRO BRANCO, DEDICADO \u00c0 REALIZA\u00c7\u00c3O DE A\u00c7\u00d5ES EDUCATIVAS PARA A DIFUS\u00c3O DE SA\u00daDE MENTAL."}, {"id": "6823", "ano": "2017", "numero": "66", "tipo__sigla": "PAR", "tipo__descricao": "Parecer das Comiss\u00f5es", "autoria": "CLJRF - COMISS\u00c3O DE LEGILA\u00c7\u00c3O, JUSTI\u00c7A E REDA\u00c7\u00c3O FINAL", "texto_original": "http://sapl.marechalfloriano.es.leg.br/media/sapl/public/materialegislativa/2017/6823/pf_66_pdf.pdf", "ementa": "Relativo ao PROJETO DE LEI N\u00ba 093/2017 QUE INSTITUI NO CALEND\u00c1RIO DE EVENTOS OFICIAIS DO MUNIC\u00cdPIO DE MARECHAL FLORIANO A SEMANA MUNICIPAL DE EDUCA\u00c7\u00c3O F\u00cdSICA E D\u00c1 OUTRAS PROVID\u00caNCIAS."}, {"id": "6824", "ano": "2017", "numero": "67", "tipo__sigla": "PAR", "tipo__descricao": "Parecer das Comiss\u00f5es", "autoria": "CLJRF - COMISS\u00c3O DE LEGILA\u00c7\u00c3O, JUSTI\u00c7A E REDA\u00c7\u00c3O FINAL", "texto_original": "http://sapl.marechalfloriano.es.leg.br/media/sapl/public/materialegislativa/2017/6824/pf_67_pdf.pdf", "ementa": "Relativo ao PROJETO DE LEI N\u00ba 094/2017 QUE INSTITUI A SEMANA MUNICIPAL DO ALEITAMENTO MATERNO NO MUNIC\u00cdPIO DE MARECHAL FLORIANO."}, {"id": "6825", "ano": "2017", "numero": "68", "tipo__sigla": "PAR", "tipo__descricao": "Parecer das Comiss\u00f5es", "autoria": "CLJRF - COMISS\u00c3O DE LEGILA\u00c7\u00c3O, JUSTI\u00c7A E REDA\u00c7\u00c3O FINAL", "texto_original": "http://sapl.marechalfloriano.es.leg.br/media/sapl/public/materialegislativa/2017/6825/pf_68_pdf.pdf", "ementa": "Relativo ao PROJETO DE LEI N\u00ba 095/2017 QUE INSTITUI O TORNEIO DO DIA DO TRABALHADOR E D\u00c1 OUTRAS PROVID\u00caNCIAS."}, {"id": "6826", "ano": "2017", "numero": "69", "tipo__sigla": "PAR", "tipo__descricao": "Parecer das Comiss\u00f5es", "autoria": "CLJRF - COMISS\u00c3O DE LEGILA\u00c7\u00c3O, JUSTI\u00c7A E REDA\u00c7\u00c3O FINAL", "texto_original": "http://sapl.marechalfloriano.es.leg.br/media/sapl/public/materialegislativa/2017/6826/pf_69_pdf.pdf", "ementa": "Relativo ao PROJETO DE LEI N\u00ba 096/2017 QUE AUTORIZA A INSTITUI\u00c7\u00c3O DA OLIMP\u00cdADA MUNICIPAL DE PORTUGU\u00caS, VOLTADA AOS ALUNOS DA REDE P\u00daBLICA DE ENSINO DO MUNIC\u00cdPIO DE MARECHAL FLORIANO E D\u00c1 OUTRAS PROVID\u00caNCIAS."}, {"id": "6827", "ano": "2017", "numero": "70", "tipo__sigla": "PAR", "tipo__descricao": "Parecer das Comiss\u00f5es", "autoria": "CLJRF - COMISS\u00c3O DE LEGILA\u00c7\u00c3O, JUSTI\u00c7A E REDA\u00c7\u00c3O FINAL", "texto_original": "http://sapl.marechalfloriano.es.leg.br/media/sapl/public/materialegislativa/2017/6827/pf_70_pdf.pdf", "ementa": "Relativo ao PROJETO DE LEI N\u00ba 097/2017 QUE ACRESCENTA \u00c1REA DE PER\u00cdMETRO URBANO NO ARTIGO 5\u00ba DA LEI N\u00ba 066 DE 08 DE ABRIL DE 1994."}, {"id": "6828", "ano": "2017", "numero": "71", "tipo__sigla": "PAR", "tipo__descricao": "Parecer das Comiss\u00f5es", "autoria": "CLJRF - COMISS\u00c3O DE LEGILA\u00c7\u00c3O, JUSTI\u00c7A E REDA\u00c7\u00c3O FINAL", "texto_original": "http://sapl.marechalfloriano.es.leg.br/media/sapl/public/materialegislativa/2017/6828/pf_71_pdf.pdf", "ementa": "Relativo ao PROJETO DE LEI N\u00ba 098/2017 QUE DENOMINA BAIRRO SANTA ROSA DE ARAGUAYA, NO DISTRITO DE ARAGUAYA."}, {"id": "6829", "ano": "2017", "numero": "72", "tipo__sigla": "PAR", "tipo__descricao": "Parecer das Comiss\u00f5es", "autoria": "CLJRF - COMISS\u00c3O DE LEGILA\u00c7\u00c3O, JUSTI\u00c7A E REDA\u00c7\u00c3O FINAL", "texto_original": "http://sapl.marechalfloriano.es.leg.br/media/sapl/public/materialegislativa/2017/6829/pf_72_pdf.pdf", "ementa": "Relativo ao PROJETO DE LEI N\u00ba 099/2017 QUE FICA O PODER EXECUTIVO MUNICIPAL AUTORIZADO A INSTITUIR O PLANO MUNICIPAL DE VALORIZA\u00c7\u00c3O DA VIDA E A CAMPANHA MUNICIPAL DE PREVEN\u00c7\u00c3O AO SUIC\u00cdDIO, DENOMINADA SETEMBRO AMARELO E D\u00c1 OUTRAS PROVID\u00caNCIAS."}, {"id": "6830", "ano": "2017", "numero": "73", "tipo__sigla": "PAR", "tipo__descricao": "Parecer das Comiss\u00f5es", "autoria": "CLJRF - COMISS\u00c3O DE LEGILA\u00c7\u00c3O, JUSTI\u00c7A E REDA\u00c7\u00c3O FINAL", "texto_original": "http://sapl.marechalfloriano.es.leg.br/media/sapl/public/materialegislativa/2017/6830/pf_73_pdf.pdf", "ementa": "Relativo ao PROJETO DE LEI N\u00ba QUE INSTITUI O DIA DO AGRICULTOR NO \u00c2MBITO DO MUNIC\u00cdPIO DE MARECHAL FLORIANO."}, {"id": "6831", "ano": "2017", "numero": "74", "tipo__sigla": "PAR", "tipo__descricao": "Parecer das Comiss\u00f5es", "autoria": "CFO - COMISS\u00c3O DE FINAN\u00c7AS E OR\u00c7AMENTO, CLJRF - COMISS\u00c3O DE LEGILA\u00c7\u00c3O, JUSTI\u00c7A E REDA\u00c7\u00c3O FINAL", "texto_original": "http://sapl.marechalfloriano.es.leg.br/media/sapl/public/materialegislativa/2017/6831/pf_74_pdf.pdf", "ementa": "Relativo ao PROJETO DE LEI N\u00ba 102/2017 QUE ALTERA O ANEXO I DA LEI MUNICIPAL 1.792 DE 13 DE FEVEREIRO DE 2017 E D\u00c1 OUTRAS PROVID\u00caNCIAS."}, {"id": "6832", "ano": "2017", "numero": "75", "tipo__sigla": "PAR", "tipo__descricao": "Parecer das Comiss\u00f5es", "autoria": "CFO - COMISS\u00c3O DE FINAN\u00c7AS E OR\u00c7AMENTO", "texto_original": "http://sapl.marechalfloriano.es.leg.br/media/sapl/public/materialegislativa/2017/6832/pf_75_pdf.pdf", "ementa": "Relativo ao PROJETO DE LEI N\u00ba 103/2017 QUE AUTORIZA ABERTURA DE CR\u00c9DITO ADICIONAL SUPLEMENTAR NO OR\u00c7AMENTO GERAL DO MUNIC\u00cdPIO DE MARECHAL FLORIANO."}, {"id": "6833", "ano": "2017", "numero": "76", "tipo__sigla": "PAR", "tipo__descricao": "Parecer das Comiss\u00f5es", "autoria": "CLJRF - COMISS\u00c3O DE LEGILA\u00c7\u00c3O, JUSTI\u00c7A E REDA\u00c7\u00c3O FINAL", "texto_original": "http://sapl.marechalfloriano.es.leg.br/media/sapl/public/materialegislativa/2017/6833/pf_76_pdf.pdf", "ementa": "Relativo ao PROJETO DE LEI N\u00ba 104/2017 QUE INSERE NO CALEND\u00c1RIO OFICIAL DE DATAS E EVENTOS DO MUNIC\u00cdPIO DE MARECHAL FLORIANO A \"FESTA DA PENHA\" REALIZADA PELA PAR\u00d3QUIA DE SANT'ANA E D\u00c1 OUTRAS PROVID\u00caNCIAS."}, {"id": "6834", "ano": "2017", "numero": "77", "tipo__sigla": "PAR", "tipo__descricao": "Parecer das Comiss\u00f5es", "autoria": "CLJRF - COMISS\u00c3O DE LEGILA\u00c7\u00c3O, JUSTI\u00c7A E REDA\u00c7\u00c3O FINAL", "texto_original": "http://sapl.marechalfloriano.es.leg.br/media/sapl/public/materialegislativa/2017/6834/pf_77_pdf.pdf", "ementa": "Relativo ao PROJETO DE LEI N\u00ba 105/2017 QUE INSTITUI NO \u00c2MBITO DO MUNIC\u00cdPIO DE MARECHAL FLORIANO, A SEMANA DE CONSCIENTIZA\u00c7\u00c3O SOBRE OS DIREITOS E DEVERES DAS GESTANTES."}, {"id": "6835", "ano": "2017", "numero": "78", "tipo__sigla": "PAR", "tipo__descricao": "Parecer das Comiss\u00f5es", "autoria": "CLJRF - COMISS\u00c3O DE LEGILA\u00c7\u00c3O, JUSTI\u00c7A E REDA\u00c7\u00c3O FINAL", "texto_original": "http://sapl.marechalfloriano.es.leg.br/media/sapl/public/materialegislativa/2017/6835/pf_78_pdf.pdf", "ementa": "Relativo ao PROJETO DE LEI N\u00ba 106/2017 QUE INSTITUI NO \u00c2MBITO DO MUNIC\u00cdPIO DE MARECHAL FLORIANO, O DIA DO GAR\u00c7OM E DA GAR\u00c7ONETE."}, {"id": "6836", "ano": "2017", "numero": "79", "tipo__sigla": "PAR", "tipo__descricao": "Parecer das Comiss\u00f5es", "autoria": "CLJRF - COMISS\u00c3O DE LEGILA\u00c7\u00c3O, JUSTI\u00c7A E REDA\u00c7\u00c3O FINAL", "texto_original": "http://sapl.marechalfloriano.es.leg.br/media/sapl/public/materialegislativa/2017/6836/pf_79_pdf.pdf", "ementa": "Relativo ao PROJETO DE LEI N\u00ba 107/2017 QUE INSTITUI NO \u00c2MBITO DESTE MUNIC\u00cdPIO, A SEMANA DE PREVEN\u00c7\u00c3O \u00c0 SA\u00daDE DO HOMEM E D\u00c1 OUTRAS PROVID\u00caNCIAS."}, {"id": "6837", "ano": "2017", "numero": "80", "tipo__sigla": "PAR", "tipo__descricao": "Parecer das Comiss\u00f5es", "autoria": "CLJRF - COMISS\u00c3O DE LEGILA\u00c7\u00c3O, JUSTI\u00c7A E REDA\u00c7\u00c3O FINAL", "texto_original": "http://sapl.marechalfloriano.es.leg.br/media/sapl/public/materialegislativa/2017/6837/pf_80_pdf.pdf", "ementa": "Relativo ao PROJETO DE LEI N\u00ba 108/2017 QUE INSERE NO CALEND\u00c1RIO OFICIAL DE DATAS E EVENTOS NO MUNIC\u00cdPIO DE MARECHAL FLORIANO, A PROCISS\u00c3O DE F\u00c9, E HONRA E LOUVOR A PADROEIRA NOSSA SENHORA APARECIDA, PROMOVIDA PELA IGREJA SANT'ANA, ANUALMENTE EM 12 DE OUTUBRO."}, {"id": "6838", "ano": "2017", "numero": "81", "tipo__sigla": "PAR", "tipo__descricao": "Parecer das Comiss\u00f5es", "autoria": "CFO - COMISS\u00c3O DE FINAN\u00c7AS E OR\u00c7AMENTO, CLJRF - COMISS\u00c3O DE LEGILA\u00c7\u00c3O, JUSTI\u00c7A E REDA\u00c7\u00c3O FINAL", "texto_original": "http://sapl.marechalfloriano.es.leg.br/media/sapl/public/materialegislativa/2017/6838/pf_81_pdf.pdf", "ementa": "Relativo ao PROJETO DE LEI N\u00ba 109/2017 QUE INSTITUI O FESTIVAL DE M\u00daSICA, TEATRO E DAN\u00c7A NO MUNIC\u00cdPIO DE MARECHAL FLORIANO E D\u00c1 OUTRAS PROVID\u00caNCIAS."}, {"id": "6839", "ano": "2017", "numero": "82", "tipo__sigla": "PAR", "tipo__descricao": "Parecer das Comiss\u00f5es", "autoria": "CLJRF - COMISS\u00c3O DE LEGILA\u00c7\u00c3O, JUSTI\u00c7A E REDA\u00c7\u00c3O FINAL", "texto_original": "http://sapl.marechalfloriano.es.leg.br/media/sapl/public/materialegislativa/2017/6839/pf_82_pdf.pdf", "ementa": "Relativo ao PROJETO DE LEI N\u00ba 110/2017 QUE DISP\u00d5E SOBRE A CRIA\u00c7\u00c3O DO PROGRAMA GRAFITE DO BEM, NO \u00c2MBITO MUNICIPAL E D\u00c1 OUTRAS PROVID\u00caNCIAS."}, {"id": "6840", "ano": "2017", "numero": "83", "tipo__sigla": "PAR", "tipo__descricao": "Parecer das Comiss\u00f5es", "autoria": "CLJRF - COMISS\u00c3O DE LEGILA\u00c7\u00c3O, JUSTI\u00c7A E REDA\u00c7\u00c3O FINAL", "texto_original": "http://sapl.marechalfloriano.es.leg.br/media/sapl/public/materialegislativa/2017/6840/pf_83_pdf.pdf", "ementa": "Relativo ao PROJETO DE LEI N\u00ba 111/2017 QUE INSTITUI A SEMANA MUNICIPAL DA SA\u00daDE NA RO\u00c7A E D\u00c1 OUTRAS PROVID\u00caNCIAS."}, {"id": "6841", "ano": "2017", "numero": "84", "tipo__sigla": "PAR", "tipo__descricao": "Parecer das Comiss\u00f5es", "autoria": "CLJRF - COMISS\u00c3O DE LEGILA\u00c7\u00c3O, JUSTI\u00c7A E REDA\u00c7\u00c3O FINAL", "texto_original": "http://sapl.marechalfloriano.es.leg.br/media/sapl/public/materialegislativa/2017/6841/pf_84_pdf.pdf", "ementa": "Relativo ao PROJETO DE LEI N\u00ba 112/2017 QUE INSTITUI O DIA MUNICIPAL DE DEFESA, PREVEN\u00c7\u00c3O E PROTE\u00c7\u00c3O DO RIO JUCU BRA\u00c7O SUL E D\u00c1 OUTRAS PROVID\u00caNCIAS."}, {"id": "6842", "ano": "2017", "numero": "85", "tipo__sigla": "PAR", "tipo__descricao": "Parecer das Comiss\u00f5es", "autoria": "CLJRF - COMISS\u00c3O DE LEGILA\u00c7\u00c3O, JUSTI\u00c7A E REDA\u00c7\u00c3O FINAL", "texto_original": "http://sapl.marechalfloriano.es.leg.br/media/sapl/public/materialegislativa/2017/6842/pf_85_pdf.pdf", "ementa": "Relativo ao PROJETO DE LEI N\u00ba 113/2017 QUE INSTITUI A POL\u00cdTICA DE ZONAS VERDES, DESTINADO \u00c0 EXTENS\u00c3O TEMPOR\u00c1RIA DE PASSEIO P\u00daBLICO POR MEIO DA INSTALA\u00c7\u00c3O DE MINI PRA\u00c7AS."}, {"id": "6843", "ano": "2017", "numero": "86", "tipo__sigla": "PAR", "tipo__descricao": "Parecer das Comiss\u00f5es", "autoria": "CLJRF - COMISS\u00c3O DE LEGILA\u00c7\u00c3O, JUSTI\u00c7A E REDA\u00c7\u00c3O FINAL", "texto_original": "http://sapl.marechalfloriano.es.leg.br/media/sapl/public/materialegislativa/2017/6843/pf_86_pdf.pdf", "ementa": "Relativo AO VETO TOTAL PROPOSTO PELO CHEFE DO PODER EXECUTIVO MUNICIPAL, RELATIVO AO AUT\u00d3GRAFO N\u00ba 083/2017 PROVENIENTE DO PROJETO DE LEI N\u00ba 102/2017 DE AUTORIA DO PODER EXECUTIVO MUNICIPAL QUE \"ALTERA O ANEXO I DA LEI MUNICIPAL N\u00ba 1.792 DE 13 DE FEVEREIRO DE 2017 E D\u00c1 OUTRAS PROVID\u00caNCIAS."}, {"id": "6844", "ano": "2017", "numero": "87", "tipo__sigla": "PAR", "tipo__descricao": "Parecer das Comiss\u00f5es", "autoria": "CLJRF - COMISS\u00c3O DE LEGILA\u00c7\u00c3O, JUSTI\u00c7A E REDA\u00c7\u00c3O FINAL", "texto_original": "http://sapl.marechalfloriano.es.leg.br/media/sapl/public/materialegislativa/2017/6844/pf_87_pdf.pdf", "ementa": "Relativo ao PROJETO DE LEI N\u00ba 115/2017 QUE DECLARA DOMINGOS MARTINS MUNIC\u00cdPIO DO ESTADO DO ESPIRITO SANTO, CIDADE IRM\u00c3 DE MARECHAL FLORIANO."}, {"id": "6845", "ano": "2017", "numero": "88", "tipo__sigla": "PAR", "tipo__descricao": "Parecer das Comiss\u00f5es", "autoria": "CLJRF - COMISS\u00c3O DE LEGILA\u00c7\u00c3O, JUSTI\u00c7A E REDA\u00c7\u00c3O FINAL", "texto_original": "http://sapl.marechalfloriano.es.leg.br/media/sapl/public/materialegislativa/2017/6845/pf_88_pdf.pdf", "ementa": "Relativo ao PROJETO DE LEI N\u00ba 116/2017 QUE INSTITUI E INSERE NO CALEND\u00c1RIO OFICIAL DE DATAS E EVENTOS DO MUNIC\u00cdPIO DE MARECHAL FLORIANO/ES, A SEMANA INTERCLUBES DAS MONTANHAS SOCADOSMF, E D\u00c1 OUTRAS PROVID\u00caNCIAS."}, {"id": "6846", "ano": "2017", "numero": "89", "tipo__sigla": "PAR", "tipo__descricao": "Parecer das Comiss\u00f5es", "autoria": "CLJRF - COMISS\u00c3O DE LEGILA\u00c7\u00c3O, JUSTI\u00c7A E REDA\u00c7\u00c3O FINAL", "texto_original": "http://sapl.marechalfloriano.es.leg.br/media/sapl/public/materialegislativa/2017/6846/pf_89_pdf.pdf", "ementa": "Relativo ao PROJETO DE LEI N\u00ba 117/2017 QUE ALTERA A LEI MUNICIPAL N\u00ba 1.823 DE 31 DE MAIO DE 2017."}, {"id": "6847", "ano": "2017", "numero": "90", "tipo__sigla": "PAR", "tipo__descricao": "Parecer das Comiss\u00f5es", "autoria": "CLJRF - COMISS\u00c3O DE LEGILA\u00c7\u00c3O, JUSTI\u00c7A E REDA\u00c7\u00c3O FINAL", "texto_original": "http://sapl.marechalfloriano.es.leg.br/media/sapl/public/materialegislativa/2017/6847/pf_90_pdf.pdf", "ementa": "Relativo ao PROJETO DE LEI N\u00ba 118/2017 QUE INSERE NO CALEND\u00c1RIO OFICIAL DE EVENTOS DO MUNIC\u00cdPIO DE MARECHAL FLORIANO, A FESTA DO PADROEIRO FREI GALV\u00c3O, REALIZADA ANUALMENTE NA IGREJA CAT\u00d3LICA DE COSTA PEREIRA."}, {"id": "6848", "ano": "2017", "numero": "91", "tipo__sigla": "PAR", "tipo__descricao": "Parecer das Comiss\u00f5es", "autoria": "CLJRF - COMISS\u00c3O DE LEGILA\u00c7\u00c3O, JUSTI\u00c7A E REDA\u00c7\u00c3O FINAL", "texto_original": "http://sapl.marechalfloriano.es.leg.br/media/sapl/public/materialegislativa/2017/6848/pf_91_pdf.pdf", "ementa": "Relativo ao PROJETO DE LEI N\u00ba 119/2017 QUE DISP\u00d5E SOBRE A CRIA\u00c7\u00c3O DA CASA DA MEM\u00d3RIA DOS FLORIANENSES NO \u00c2MBITO DO PODER LEGISLATIVO."}, {"id": "6849", "ano": "2017", "numero": "92", "tipo__sigla": "PAR", "tipo__descricao": "Parecer das Comiss\u00f5es", "autoria": "CFO - COMISS\u00c3O DE FINAN\u00c7AS E OR\u00c7AMENTO, CLJRF - COMISS\u00c3O DE LEGILA\u00c7\u00c3O, JUSTI\u00c7A E REDA\u00c7\u00c3O FINAL", "texto_original": "http://sapl.marechalfloriano.es.leg.br/media/sapl/public/materialegislativa/2017/6849/pf_92_pdf.pdf", "ementa": "Relativo ao PROJETO DE LEI N\u00ba 120/2017 QUE DISP\u00d5E SOBRE A CRIA\u00c7\u00c3O DO PROGRAMA DE SA\u00daDE BUCAL DO IDOSO E D\u00c1 OUTRAS PROVID\u00caNCIAS."}, {"id": "6850", "ano": "2017", "numero": "93", "tipo__sigla": "PAR", "tipo__descricao": "Parecer das Comiss\u00f5es", "autoria": "CLJRF - COMISS\u00c3O DE LEGILA\u00c7\u00c3O, JUSTI\u00c7A E REDA\u00c7\u00c3O FINAL", "texto_original": "http://sapl.marechalfloriano.es.leg.br/media/sapl/public/materialegislativa/2017/6850/pf_93_pdf.pdf", "ementa": "Relativo ao PROJETO DE LEI N\u00ba 121/2017 QUE DENOMINA DE JORGE TADEU M\u00d3DULO A ESTA\u00c7\u00c3O DE TRATAMENTO DE ESGOTO DO MUNIC\u00cdPIO DE MARECHAL FLORIANO/ES."}, {"id": "6851", "ano": "2017", "numero": "94", "tipo__sigla": "PAR", "tipo__descricao": "Parecer das Comiss\u00f5es", "autoria": "CFO - COMISS\u00c3O DE FINAN\u00c7AS E OR\u00c7AMENTO, CLJRF - COMISS\u00c3O DE LEGILA\u00c7\u00c3O, JUSTI\u00c7A E REDA\u00c7\u00c3O FINAL", "texto_original": "http://sapl.marechalfloriano.es.leg.br/media/sapl/public/materialegislativa/2017/6851/pf_94_pdf.pdf", "ementa": "Relativo ao PROJETO DE LEI N\u00ba 122/2017 QUE CRIA O CARGO DE COORDENADOR DO SETOR DE FISIOTERAPIA E D\u00c1 OUTRAS PROVID\u00caNCIAS."}, {"id": "6852", "ano": "2017", "numero": "95", "tipo__sigla": "PAR", "tipo__descricao": "Parecer das Comiss\u00f5es", "autoria": "CLJRF - COMISS\u00c3O DE LEGILA\u00c7\u00c3O, JUSTI\u00c7A E REDA\u00c7\u00c3O FINAL", "texto_original": "http://sapl.marechalfloriano.es.leg.br/media/sapl/public/materialegislativa/2017/6852/pf_95_pdf.pdf", "ementa": "Relativo ao PROJETO DE LEI N\u00ba 124/2017 QUE ALTERA A LEI MUNICIPAL N\u00ba 1.439 DE 2014 QUE ADOTA O DI\u00c1RIO OFICIAL DOS MUNIC\u00cdPIOS DO ESTADO DO ESPIRITO SANTO, INSTITU\u00cdDO E ADMINISTRADO PELA AMUNES, COMO VE\u00cdCULO OFICIAL DE PUBLICA\u00c7\u00c3O DOS ATOS INFORMATIVOS E ADMINISTRATIVOS NO MUNIC\u00cdPIO."}, {"id": "6853", "ano": "2017", "numero": "96", "tipo__sigla": "PAR", "tipo__descricao": "Parecer das Comiss\u00f5es", "autoria": "CFO - COMISS\u00c3O DE FINAN\u00c7AS E OR\u00c7AMENTO, CLJRF - COMISS\u00c3O DE LEGILA\u00c7\u00c3O, JUSTI\u00c7A E REDA\u00c7\u00c3O FINAL", "texto_original": "http://sapl.marechalfloriano.es.leg.br/media/sapl/public/materialegislativa/2017/6853/pf_96_pdf.pdf", "ementa": "Relativo ao PROJETO DE LEI COMPLEMENTAR N\u00ba 004/2017 QUE ALTERA A LEI MUNICIPAL N\u00ba 488 DE 23 DE DEZEMBRO DE 2003 QUE INSTITUIU O C\u00d3DIGO DO MUNIC\u00cdPIO DE MARECHAL FLORIANO."}, {"id": "6854", "ano": "2017", "numero": "97", "tipo__sigla": "PAR", "tipo__descricao": "Parecer das Comiss\u00f5es", "autoria": "CFO - COMISS\u00c3O DE FINAN\u00c7AS E OR\u00c7AMENTO, CLJRF - COMISS\u00c3O DE LEGILA\u00c7\u00c3O, JUSTI\u00c7A E REDA\u00c7\u00c3O FINAL", "texto_original": "http://sapl.marechalfloriano.es.leg.br/media/sapl/public/materialegislativa/2017/6854/pf_97_pdf.pdf", "ementa": "Relativo ao PROJETO DE LEI COMPLEMENTAR N\u00ba 003/2017 QUE ALTERA A LEI COMPLEMENTAR N\u00ba 001/2017 QUE DISP\u00d5E SOBRE, O ESTATUTO DOS SERVIDORES DO MUNIC\u00cdPIO DE MARECHAL FLORIANO."}, {"id": "6855", "ano": "2017", "numero": "98", "tipo__sigla": "PAR", "tipo__descricao": "Parecer das Comiss\u00f5es", "autoria": "CLJRF - COMISS\u00c3O DE LEGILA\u00c7\u00c3O, JUSTI\u00c7A E REDA\u00c7\u00c3O FINAL", "texto_original": "http://sapl.marechalfloriano.es.leg.br/media/sapl/public/materialegislativa/2017/6855/pf_98_pdf.pdf", "ementa": "Relativo ao PROJETO DE LEI N\u00ba 125/2017 QUE INSERE NO CALEND\u00c1RIO OFICIAL DE DATAS E EVENTOS DO MUNIC\u00cdPIO DE MARECHAL FLORIANO A FESTA DE S\u00c3O JOS\u00c9, PADROEIRO DE SANTA MARIA."}, {"id": "6856", "ano": "2017", "numero": "99", "tipo__sigla": "PAR", "tipo__descricao": "Parecer das Comiss\u00f5es", "autoria": "CLJRF - COMISS\u00c3O DE LEGILA\u00c7\u00c3O, JUSTI\u00c7A E REDA\u00c7\u00c3O FINAL", "texto_original": "http://sapl.marechalfloriano.es.leg.br/media/sapl/public/materialegislativa/2017/6856/pf_99_pdf.pdf", "ementa": "Relativo ao PROJETO DE LEI N\u00ba 126/2017 QUE INSERE NO CALEND\u00c1RIO OFICIAL DE DATAS E EVENTOS DO MUNIC\u00cdPIO DE MARECHAL FLORIANO, A FESTA DE S\u00c3O MIGUEL ARCANJO, PADROEIRO DE ARAGUAYA."}, {"id": "6857", "ano": "2017", "numero": "100", "tipo__sigla": "PAR", "tipo__descricao": "Parecer das Comiss\u00f5es", "autoria": "CLJRF - COMISS\u00c3O DE LEGILA\u00c7\u00c3O, JUSTI\u00c7A E REDA\u00c7\u00c3O FINAL", "texto_original": "http://sapl.marechalfloriano.es.leg.br/media/sapl/public/materialegislativa/2017/6857/pf_100_pdf.pdf", "ementa": "Relativo ao PROJETO DE LEI N\u00ba 127/2017 QUE INSERE NO CALEND\u00c1RIO OFICIAL DE DATAS E EVENTOS, DO MUNIC\u00cdPIO DE MARECHAL FLORIANO. A FESTA DE NOSSA SENHORA DA GL\u00d3RIA, PADROEIRA DE RIO FUNDO."}, {"id": "6858", "ano": "2017", "numero": "101", "tipo__sigla": "PAR", "tipo__descricao": "Parecer das Comiss\u00f5es", "autoria": "CFO - COMISS\u00c3O DE FINAN\u00c7AS E OR\u00c7AMENTO, CLJRF - COMISS\u00c3O DE LEGILA\u00c7\u00c3O, JUSTI\u00c7A E REDA\u00c7\u00c3O FINAL", "texto_original": "http://sapl.marechalfloriano.es.leg.br/media/sapl/public/materialegislativa/2017/6858/pf_101_pdf.pdf", "ementa": "Relativo ao PROJETO DE LEI N\u00ba 129/2017 QUE CONCEDE O REAJUSTE NO VALOR DO AUX\u00cdLIO ALIMENTA\u00c7\u00c3O DOS SERVIDORES DO PODER LEGISLATIVO MUNICIPAL."}, {"id": "6859", "ano": "2017", "numero": "102", "tipo__sigla": "PAR", "tipo__descricao": "Parecer das Comiss\u00f5es", "autoria": "CLJRF - COMISS\u00c3O DE LEGILA\u00c7\u00c3O, JUSTI\u00c7A E REDA\u00c7\u00c3O FINAL", "texto_original": "http://sapl.marechalfloriano.es.leg.br/media/sapl/public/materialegislativa/2017/6859/pf_102_pdf.pdf", "ementa": "Relativo ao PROJETO DE LEI N\u00ba 130/2017 QUE INSERE NO CALEND\u00c1RIO OFICIAL DE DATAS E EVENTOS DO MUNIC\u00cdPIO DE MARECHAL FLORIANO, O DIA DO JIPEIRO."}, {"id": "6860", "ano": "2017", "numero": "103", "tipo__sigla": "PAR", "tipo__descricao": "Parecer das Comiss\u00f5es", "autoria": "CFO - COMISS\u00c3O DE FINAN\u00c7AS E OR\u00c7AMENTO", "texto_original": "http://sapl.marechalfloriano.es.leg.br/media/sapl/public/materialegislativa/2017/6860/pf_103_pdf.pdf", "ementa": "Relativo ao PROJETO DE LEI N\u00ba 114/2017 QUE DISP\u00d5E SOBRE O PLANO PLURIANUAL DO MUNIC\u00cdPIO DE MARECHAL FLORIANO, ESTADO DO ESPIRITO SANTO PARA O PER\u00cdODO DE 2018 \u00c0 2021."}, {"id": "7887", "ano": "2017", "numero": "104", "tipo__sigla": "PAR", "tipo__descricao": "Parecer das Comiss\u00f5es", "autoria": "CFO - COMISS\u00c3O DE FINAN\u00c7AS E OR\u00c7AMENTO", "texto_original": "http://sapl.marechalfloriano.es.leg.br/media/sapl/public/materialegislativa/2017/7887/parecer_contrario_104-2017.pdf", "ementa": "RELATIVO AO PROJETO DE LEI N\u00b0132/2017 DE AUTORIA DO PODER EXECUTIVO MUNICIPAL QUE \"AUTORIZA O PODER EXECUTIVO A CONTRATAR OPERA\u00c7\u00c3O DE CR\u00c9DITO DENOMINADA FINANCIAMENTO PARA INFRAESTRUTURA E SANEAMENTO  FINISA, JUNTO A CAIXA ECON\u00d4MICA FEDERAL\"."}, {"id": "6861", "ano": "2017", "numero": "105", "tipo__sigla": "PAR", "tipo__descricao": "Parecer das Comiss\u00f5es", "autoria": "CLJRF - COMISS\u00c3O DE LEGILA\u00c7\u00c3O, JUSTI\u00c7A E REDA\u00c7\u00c3O FINAL", "texto_original": "http://sapl.marechalfloriano.es.leg.br/media/sapl/public/materialegislativa/2017/6861/pf_105_pdf.pdf", "ementa": "Relativo ao PROJETO DE LEI N\u00ba 134/2017 QUE INSTITUI O FESTIVAL DE CHOPP ARTESANAL NO MUNIC\u00cdPIO DE MARECHAL FLORIANO E D\u00c1 OUTRAS PROVID\u00caNCIAS."}, {"id": "6862", "ano": "2017", "numero": "106", "tipo__sigla": "PAR", "tipo__descricao": "Parecer das Comiss\u00f5es", "autoria": "CLJRF - COMISS\u00c3O DE LEGILA\u00c7\u00c3O, JUSTI\u00c7A E REDA\u00c7\u00c3O FINAL", "texto_original": "http://sapl.marechalfloriano.es.leg.br/media/sapl/public/materialegislativa/2017/6862/pf_106_pdf.pdf", "ementa": "Relativo ao PROJETO DE LEI N\u00ba 135/2017 QUE INSERE NO CALEND\u00c1RIO OFICIAL DE DATAS E EVENTOS DO MUNIC\u00cdPIO DE MARECHAL FLORIANO A FESTA DE SANTO ANT\u00d4NIO, REALIZADA EM ARAGUAYA."}, {"id": "6863", "ano": "2017", "numero": "107", "tipo__sigla": "PAR", "tipo__descricao": "Parecer das Comiss\u00f5es", "autoria": "CLJRF - COMISS\u00c3O DE LEGILA\u00c7\u00c3O, JUSTI\u00c7A E REDA\u00c7\u00c3O FINAL", "texto_original": "http://sapl.marechalfloriano.es.leg.br/media/sapl/public/materialegislativa/2017/6863/pf_107_pdf.pdf", "ementa": "Relativo ao PROJETO DE LEI N\u00ba 136/2017 QUE INSERE NO CALEND\u00c1RIO OFICIAL DE DATAS E EVENTOS DO MUNIC\u00cdPIO DE MARECHAL FLORIANO A FESTA DE S\u00c3O SEBASTI\u00c3O, NA COMUNIDADE DE AUR\u00c9LIO PUPPIM."}, {"id": "6864", "ano": "2017", "numero": "108", "tipo__sigla": "PAR", "tipo__descricao": "Parecer das Comiss\u00f5es", "autoria": "CLJRF - COMISS\u00c3O DE LEGILA\u00c7\u00c3O, JUSTI\u00c7A E REDA\u00c7\u00c3O FINAL", "texto_original": "http://sapl.marechalfloriano.es.leg.br/media/sapl/public/materialegislativa/2017/6864/pf_108_pdf.pdf", "ementa": "Relativo ao PROJETO DE LEI N\u00ba 137/2017 QUE DENOMINA DE ESTRADA MUNICIPAL TAQUARAL, NESTE MUNIC\u00cdPIO."}, {"id": "6865", "ano": "2017", "numero": "109", "tipo__sigla": "PAR", "tipo__descricao": "Parecer das Comiss\u00f5es", "autoria": "CFO - COMISS\u00c3O DE FINAN\u00c7AS E OR\u00c7AMENTO", "texto_original": "http://sapl.marechalfloriano.es.leg.br/media/sapl/public/materialegislativa/2017/6865/pf_109_pdf.pdf", "ementa": "Relativo ao PROJETO DE LEI N\u00ba 131/2017 QUE ESTIMA E FIXA A RECEITA DO MUNIC\u00cdPIO DE MARECHAL FLORIANO PARA O EXERC\u00cdCIO DE 2018."}, {"id": "6866", "ano": "2017", "numero": "110", "tipo__sigla": "PAR", "tipo__descricao": "Parecer das Comiss\u00f5es", "autoria": "CLJRF - COMISS\u00c3O DE LEGILA\u00c7\u00c3O, JUSTI\u00c7A E REDA\u00c7\u00c3O FINAL", "texto_original": "http://sapl.marechalfloriano.es.leg.br/media/sapl/public/materialegislativa/2017/6866/pf_110_pdf.pdf", "ementa": "Relativo ao PROJETO DE LEI N\u00ba 140/2017 QUE INSERE NO CALEND\u00c1RIO OFICIAL DE DATAS E EVENTOS DO MUNIC\u00cdPIO DE MARECHAL FLORIANO, A FESTA DE SANTO ANT\u00d4NIO, REALIZADA EM VICTOR HUGO."}, {"id": "6867", "ano": "2017", "numero": "111", "tipo__sigla": "PAR", "tipo__descricao": "Parecer das Comiss\u00f5es", "autoria": "CLJRF - COMISS\u00c3O DE LEGILA\u00c7\u00c3O, JUSTI\u00c7A E REDA\u00c7\u00c3O FINAL", "texto_original": "http://sapl.marechalfloriano.es.leg.br/media/sapl/public/materialegislativa/2017/6867/pf_111_pdf.pdf", "ementa": "Relativo ao PROJETO DE LEI N\u00ba 141/2017 QUE DECLARA PATRIM\u00d4NIO CULTURAL IMATERIAL DO MUNIC\u00cdPIO DE MARECHAL FLORIANO, A L\u00cdNGUA HUNSR\u00dcCKISCH E A CULTURA ALEM\u00c3."}, {"id": "6868", "ano": "2017", "numero": "112", "tipo__sigla": "PAR", "tipo__descricao": "Parecer das Comiss\u00f5es", "autoria": "CLJRF - COMISS\u00c3O DE LEGILA\u00c7\u00c3O, JUSTI\u00c7A E REDA\u00c7\u00c3O FINAL", "texto_original": "http://sapl.marechalfloriano.es.leg.br/media/sapl/public/materialegislativa/2017/6868/pf_112_pdf.pdf", "ementa": "Relativo ao PROJETO DE LEI N\u00ba 143/2017 QUE INSTITUI NO \u00c2MBITO DO MUNIC\u00cdPIO DE MARECHAL FLORIANO/ES, O DIPLOMA DE M\u00c9RITO ESPORTIVO."}, {"id": "6869", "ano": "2017", "numero": "113", "tipo__sigla": "PAR", "tipo__descricao": "Parecer das Comiss\u00f5es", "autoria": "CLJRF - COMISS\u00c3O DE LEGILA\u00c7\u00c3O, JUSTI\u00c7A E REDA\u00c7\u00c3O FINAL", "texto_original": "http://sapl.marechalfloriano.es.leg.br/media/sapl/public/materialegislativa/2017/6869/pf_113_pdf.pdf", "ementa": "Relativo ao PROJETO DE LEI N\u00ba 144/2017 QUE INSTITUI E INCLUI NO CALEND\u00c1RIO OFICIAL DO MUNIC\u00cdPIO DE MARECHAL FLORIANO O FESTIVAL DE M\u00daSICA GOSPEL E D\u00c1 OUTRAS PROVID\u00caNCIAS."}, {"id": "6870", "ano": "2017", "numero": "114", "tipo__sigla": "PAR", "tipo__descricao": "Parecer das Comiss\u00f5es", "autoria": "CFO - COMISS\u00c3O DE FINAN\u00c7AS E OR\u00c7AMENTO, CLJRF - COMISS\u00c3O DE LEGILA\u00c7\u00c3O, JUSTI\u00c7A E REDA\u00c7\u00c3O FINAL", "texto_original": "http://sapl.marechalfloriano.es.leg.br/media/sapl/public/materialegislativa/2017/6870/pf_114_pdf.pdf", "ementa": "Relativo ao PROJETO DE LEI N\u00ba 145/2017 QUE DISP\u00d5E SOBRE O ATENDIMENTO DIFERENCIADO PARA PORTADORES DE DIABETES NA REDE MUNICIPAL DE SA\u00daDE."}, {"id": "6871", "ano": "2017", "numero": "116", "tipo__sigla": "PAR", "tipo__descricao": "Parecer das Comiss\u00f5es", "autoria": "CFO - COMISS\u00c3O DE FINAN\u00c7AS E OR\u00c7AMENTO", "texto_original": "http://sapl.marechalfloriano.es.leg.br/media/sapl/public/materialegislativa/2017/6871/pf_116_pdf.pdf", "ementa": "Relativo ao PROJETO DE LEI N\u00ba 149/2017 QUE DETERMINA QUE TODOS DOCUMENTOS PROTOCOLIZADOS NO \u00c2MBITO DO PODER LEGISLATIVO SEJAM DIGITALIZADOS E ARQUIVADOS EM M\u00cdDIAS DIGITAIS E D\u00c1 OUTRAS PROVID\u00caNCIAS."}, {"id": "6872", "ano": "2017", "numero": "117", "tipo__sigla": "PAR", "tipo__descricao": "Parecer das Comiss\u00f5es", "autoria": "CLJRF - COMISS\u00c3O DE LEGILA\u00c7\u00c3O, JUSTI\u00c7A E REDA\u00c7\u00c3O FINAL", "texto_original": "http://sapl.marechalfloriano.es.leg.br/media/sapl/public/materialegislativa/2017/6872/pf_117_pdf.pdf", "ementa": "Relativo ao PROJETO DE LEI N\u00ba 150/2017 QUE INSTITUI ANUALMENTE, A SEMANA MUNICIPAL DE PREVEN\u00c7\u00c3O E COMBATE AO C\u00c2NCER DE COLO DE \u00daTERO E D\u00c1 OUTRAS PROVID\u00caNCIAS."}, {"id": "6873", "ano": "2017", "numero": "118", "tipo__sigla": "PAR", "tipo__descricao": "Parecer das Comiss\u00f5es", "autoria": "CLJRF - COMISS\u00c3O DE LEGILA\u00c7\u00c3O, JUSTI\u00c7A E REDA\u00c7\u00c3O FINAL", "texto_original": "http://sapl.marechalfloriano.es.leg.br/media/sapl/public/materialegislativa/2017/6873/pf_118_pdf.pdf", "ementa": "Relativo ao PROJETO DE LEI N\u00ba 151/2017 QUE INSERE NO CALEND\u00c1RIO OFICIAL DE EVENTOS DO MUNIC\u00cdPIO DE MARECHAL FLORIANO, A FESTA DOS PAIS DA COMUNIDADE DE AUXILIADORA EM SO\u00cdDO DE BAIXO."}, {"id": "6874", "ano": "2017", "numero": "119", "tipo__sigla": "PAR", "tipo__descricao": "Parecer das Comiss\u00f5es", "autoria": "CLJRF - COMISS\u00c3O DE LEGILA\u00c7\u00c3O, JUSTI\u00c7A E REDA\u00c7\u00c3O FINAL", "texto_original": "http://sapl.marechalfloriano.es.leg.br/media/sapl/public/materialegislativa/2017/6874/pf_119_pdf.pdf", "ementa": "Relativo ao PROJETO DE LEI N\u00ba 152/2017 QUE DENOMINA DE RUA KLASNER, NO DISTRITO DE SANTA MARIA, NESTE MUNIC\u00cdPIO."}, {"id": "6875", "ano": "2017", "numero": "120", "tipo__sigla": "PAR", "tipo__descricao": "Parecer das Comiss\u00f5es", "autoria": "CLJRF - COMISS\u00c3O DE LEGILA\u00c7\u00c3O, JUSTI\u00c7A E REDA\u00c7\u00c3O FINAL", "texto_original": "http://sapl.marechalfloriano.es.leg.br/media/sapl/public/materialegislativa/2017/6875/pf_120_pdf.pdf", "ementa": "Relativo ao PROJETO DE LEI N\u00ba 153/2017 QUE INSTITUI NO \u00c2MBITO DO PODER LEGISLATIVO DE MARECHAL FLORIANO, A PARTIR DE JANEIRO DO ANO DE 2017, A OBRIGATORIEDADE DA  DIGITALIZA\u00c7\u00c3O DE TODAS AS RESPOSTAS DE REQUERIMENTOS, NA \u00cdNTEGRA, ORIUNDOS DO PODER EXECUTIVO MUNICIPAL E DEMAIS \u00d3RG\u00c3OS."}, {"id": "6876", "ano": "2017", "numero": "121", "tipo__sigla": "PAR", "tipo__descricao": "Parecer das Comiss\u00f5es", "autoria": "CFO - COMISS\u00c3O DE FINAN\u00c7AS E OR\u00c7AMENTO, CLJRF - COMISS\u00c3O DE LEGILA\u00c7\u00c3O, JUSTI\u00c7A E REDA\u00c7\u00c3O FINAL", "texto_original": "http://sapl.marechalfloriano.es.leg.br/media/sapl/public/materialegislativa/2017/6876/pf_121_pdf.pdf", "ementa": "Relativo ao PROJETO DE LEI N\u00ba 146/2017 QUE DISP\u00d5E SOBRE A ALTERA\u00c7\u00c3O DA LEI N\u00ba 1.518 DE 17 DE SETEMBRO DE 2014, NO QUE TANGE AO PRAZO DE VIG\u00caNCIA DOS CONTRATOS."}, {"id": "6877", "ano": "2017", "numero": "122", "tipo__sigla": "PAR", "tipo__descricao": "Parecer das Comiss\u00f5es", "autoria": "CFO - COMISS\u00c3O DE FINAN\u00c7AS E OR\u00c7AMENTO, CLJRF - COMISS\u00c3O DE LEGILA\u00c7\u00c3O, JUSTI\u00c7A E REDA\u00c7\u00c3O FINAL", "texto_original": "http://sapl.marechalfloriano.es.leg.br/media/sapl/public/materialegislativa/2017/6877/pf_122_pdf.pdf", "ementa": "Relativo ao PROJETO DE LEI N\u00ba 148/2017 QUE REESTRUTURA E ORGANIZA A ESTRUTURA ADMINISTRATIVA DO PODER LEGISLATIVO DO MUNIC\u00cdPIO DE MARECHAL FLORIANO/ES E D\u00c1 OUTRAS PROVID\u00caNCIAS."}, {"id": "6878", "ano": "2017", "numero": "123", "tipo__sigla": "PAR", "tipo__descricao": "Parecer das Comiss\u00f5es", "autoria": "CAMA - COMISS\u00c3O DE AGRICULTURA E MEIO AMBIENTE, CFO - COMISS\u00c3O DE FINAN\u00c7AS E OR\u00c7AMENTO, CLJRF - COMISS\u00c3O DE LEGILA\u00c7\u00c3O, JUSTI\u00c7A E REDA\u00c7\u00c3O FINAL", "texto_original": "http://sapl.marechalfloriano.es.leg.br/media/sapl/public/materialegislativa/2017/6878/pf_123_pdf.pdf", "ementa": "Relativo ao PROJETO DE LEI N\u00ba 147/2017 QUE AUTORIZA O PODER EXECUTIVO MUNICIPAL, ATRAV\u00c9S DA SECRETARIA MUNICIPAL DE AGRICULTURA \u00c0 CONCEDER DOA\u00c7\u00c3O DE MUDAS, SEMENTES, CALC\u00c1RIO, FERTILIZANTES, SERVI\u00c7O DE INSEMINA\u00c7\u00c3O ARTIFICIAL, PINTINHOS E OUTROS SIMILARES E D\u00c1 OUTRAS PROVID\u00caNCIAS."}, {"id": "6879", "ano": "2017", "numero": "124", "tipo__sigla": "PAR", "tipo__descricao": "Parecer das Comiss\u00f5es", "autoria": "CLJRF - COMISS\u00c3O DE LEGILA\u00c7\u00c3O, JUSTI\u00c7A E REDA\u00c7\u00c3O FINAL", "texto_original": "http://sapl.marechalfloriano.es.leg.br/media/sapl/public/materialegislativa/2017/6879/pf_124_pdf.pdf", "ementa": "Relativo ao PROJETO DE LEI N\u00ba 158/2017 QUE ALTERA O ARTIGO I DA LEI MUNICIPAL N\u00ba 1.248 DE 24 DE MAIO DE 2013."}, {"id": "6880", "ano": "2017", "numero": "125", "tipo__sigla": "PAR", "tipo__descricao": "Parecer das Comiss\u00f5es", "autoria": "CLJRF - COMISS\u00c3O DE LEGILA\u00c7\u00c3O, JUSTI\u00c7A E REDA\u00c7\u00c3O FINAL", "texto_original": "http://sapl.marechalfloriano.es.leg.br/media/sapl/public/materialegislativa/2017/6880/pf_125_pdf.pdf", "ementa": "Relativo ao PROJETO DE LEI N\u00ba 160/2017 QUE INSERE NO CALEND\u00c1RIO OFICIAL DE DATAS E EVENTOS DO MUNIC\u00cdPIO DE MARECHAL FLORIANO, A FESTA DO AZUL E BRANCO REALIZADA PELA EQUIPE SANTA MARIA FUTEBOL CLUBE."}, {"id": "6881", "ano": "2017", "numero": "126", "tipo__sigla": "PAR", "tipo__descricao": "Parecer das Comiss\u00f5es", "autoria": "CLJRF - COMISS\u00c3O DE LEGILA\u00c7\u00c3O, JUSTI\u00c7A E REDA\u00c7\u00c3O FINAL", "texto_original": "http://sapl.marechalfloriano.es.leg.br/media/sapl/public/materialegislativa/2017/6881/pf_126_pdf.pdf", "ementa": "Relativo ao PROJETO DE LEI N\u00ba 161/2017 QUE INSERE NO CALEND\u00c1RIO OFICIAL DE DATAS E EVENTOS DO MUNIC\u00cdPIO DE MARECHAL FLORIANO O FESTIVAL DE CORAIS, REALIZADO NO DISTRITO DE SANTA MARIA."}, {"id": "6882", "ano": "2017", "numero": "127", "tipo__sigla": "PAR", "tipo__descricao": "Parecer das Comiss\u00f5es", "autoria": "CFO - COMISS\u00c3O DE FINAN\u00c7AS E OR\u00c7AMENTO, CLJRF - COMISS\u00c3O DE LEGILA\u00c7\u00c3O, JUSTI\u00c7A E REDA\u00c7\u00c3O FINAL", "texto_original": "http://sapl.marechalfloriano.es.leg.br/media/sapl/public/materialegislativa/2017/6882/pf_127_pdf.pdf", "ementa": "Relativo ao PROJETO DE LEI N\u00ba 159/2017 QUE CRIA NO \u00c2MBITO DO MUNIC\u00cdPIO DE MARECHAL FLORIANO O PROGRAMA VOU TE LIGAR, QUE DETERMINA A DIVULGA\u00c7\u00c3O DE TELEFONES CELULARES USADOS PELOS SERVIDORES P\u00daBLICOS CUSTEADOS PELA MUNICIPALIDADE."}, {"id": "6883", "ano": "2017", "numero": "128", "tipo__sigla": "PAR", "tipo__descricao": "Parecer das Comiss\u00f5es", "autoria": "CFO - COMISS\u00c3O DE FINAN\u00c7AS E OR\u00c7AMENTO, CLJRF - COMISS\u00c3O DE LEGILA\u00c7\u00c3O, JUSTI\u00c7A E REDA\u00c7\u00c3O FINAL", "texto_original": "http://sapl.marechalfloriano.es.leg.br/media/sapl/public/materialegislativa/2017/6883/pf_128_pdf.pdf", "ementa": "Relativo ao PROJETO DE LEI N\u00ba 162/2017 QUE CRIA NO \u00c2MBITO DO PODER LEGISLATIVO MUNICIPAL A SALA DE IMPRENSA E COMUNICA\u00c7\u00c3O E D\u00c1 OUTRAS PROVID\u00caNCIAS."}, {"id": "6884", "ano": "2017", "numero": "129", "tipo__sigla": "PAR", "tipo__descricao": "Parecer das Comiss\u00f5es", "autoria": "CAMA - COMISS\u00c3O DE AGRICULTURA E MEIO AMBIENTE, CFO - COMISS\u00c3O DE FINAN\u00c7AS E OR\u00c7AMENTO, CLJRF - COMISS\u00c3O DE LEGILA\u00c7\u00c3O, JUSTI\u00c7A E REDA\u00c7\u00c3O FINAL", "texto_original": "http://sapl.marechalfloriano.es.leg.br/media/sapl/public/materialegislativa/2017/6884/pf_129_pdf.pdf", "ementa": "Relativo ao PROJETO DE LEI N\u00ba 155/2017 QUE ALTERA A LEI MUNICIPAL N\u00ba 473 DE 18 DE AGOSTO DE 2003 E D\u00c1 OUTRAS PROVID\u00caNCIAS."}, {"id": "6885", "ano": "2017", "numero": "130", "tipo__sigla": "PAR", "tipo__descricao": "Parecer das Comiss\u00f5es", "autoria": "CLJRF - COMISS\u00c3O DE LEGILA\u00c7\u00c3O, JUSTI\u00c7A E REDA\u00c7\u00c3O FINAL", "texto_original": "http://sapl.marechalfloriano.es.leg.br/media/sapl/public/materialegislativa/2017/6885/pf_130_pdf.pdf", "ementa": "Relativo ao PROJETO DE LEI N\u00ba 163/2017 QUE DECLARA PATRIM\u00d4NIO PAISAG\u00cdSTICO DO MUNIC\u00cdPIO DE MARECHAL FLORIANO, \u00c1RVORES PLANTADAS NO DISTRITO DE ARAGUAYA E D\u00c1 OUTRAS PROVID\u00caNCIAS."}, {"id": "6886", "ano": "2017", "numero": "131", "tipo__sigla": "PAR", "tipo__descricao": "Parecer das Comiss\u00f5es", "autoria": "CFO - COMISS\u00c3O DE FINAN\u00c7AS E OR\u00c7AMENTO, CLJRF - COMISS\u00c3O DE LEGILA\u00c7\u00c3O, JUSTI\u00c7A E REDA\u00c7\u00c3O FINAL", "texto_original": "http://sapl.marechalfloriano.es.leg.br/media/sapl/public/materialegislativa/2017/6886/pf_131_pdf.pdf", "ementa": "Relativo ao PROJETO DE LEI N\u00ba 166/2017 QUE REGULA O FUNCIONAMENTO E INSTITUI O PLANT\u00c3O DE ATENDIMENTO 24 HORAS PARA AS FARM\u00c1CIAS E DROGARIAS NO MUNIC\u00cdPIO E D\u00c1 OUTRAS PROVID\u00caNCIAS."}, {"id": "6887", "ano": "2017", "numero": "132", "tipo__sigla": "PAR", "tipo__descricao": "Parecer das Comiss\u00f5es", "autoria": "CFO - COMISS\u00c3O DE FINAN\u00c7AS E OR\u00c7AMENTO, CLJRF - COMISS\u00c3O DE LEGILA\u00c7\u00c3O, JUSTI\u00c7A E REDA\u00c7\u00c3O FINAL", "texto_original": "http://sapl.marechalfloriano.es.leg.br/media/sapl/public/materialegislativa/2017/6887/pf_132_pdf.pdf", "ementa": "Relativo ao PROJETO DE LEI N\u00ba 167/2017 QUE CONCEDE AUX\u00cdLIO DIFEREN\u00c7A DE CAIXA NO \u00c2MBITO DO PODER EXECUTIVO MUNICIPAL."}, {"id": "6888", "ano": "2017", "numero": "133", "tipo__sigla": "PAR", "tipo__descricao": "Parecer das Comiss\u00f5es", "autoria": "CLJRF - COMISS\u00c3O DE LEGILA\u00c7\u00c3O, JUSTI\u00c7A E REDA\u00c7\u00c3O FINAL", "texto_original": "http://sapl.marechalfloriano.es.leg.br/media/sapl/public/materialegislativa/2017/6888/pf_133_pdf.pdf", "ementa": "Relativo ao PROJETO DE LEI N\u00ba 168/2017 QUE DENOMINA DE RUA JORGE ANT\u00d4NIO LATAVANHA, NO DISTRITO DE ARAGUAYA, NESTE MUNIC\u00cdPIO."}, {"id": "6889", "ano": "2017", "numero": "134", "tipo__sigla": "PAR", "tipo__descricao": "Parecer das Comiss\u00f5es", "autoria": "CFO - COMISS\u00c3O DE FINAN\u00c7AS E OR\u00c7AMENTO, CLJRF - COMISS\u00c3O DE LEGILA\u00c7\u00c3O, JUSTI\u00c7A E REDA\u00c7\u00c3O FINAL", "texto_original": "http://sapl.marechalfloriano.es.leg.br/media/sapl/public/materialegislativa/2017/6889/pf_134_pdf.pdf", "ementa": "Relativo ao PROJETO DE LEI N\u00ba 169/2017 QUE DISP\u00d5E SOBRE A CRIA\u00c7\u00c3O DO MUSEU VIRTUAL DA HIST\u00d3RIA DO MUNIC\u00cdPIO DE MARECHAL FLORIANO."}, {"id": "6890", "ano": "2017", "numero": "135", "tipo__sigla": "PAR", "tipo__descricao": "Parecer das Comiss\u00f5es", "autoria": "CLJRF - COMISS\u00c3O DE LEGILA\u00c7\u00c3O, JUSTI\u00c7A E REDA\u00c7\u00c3O FINAL", "texto_original": "http://sapl.marechalfloriano.es.leg.br/media/sapl/public/materialegislativa/2017/6890/pf_135_pdf.pdf", "ementa": "Relativo ao PROJETO DE LEI N\u00ba 170/2017 QUE INSERE NO CALEND\u00c1RIO OFICIAL DE DATAS E EVENTOS DO MUNIC\u00cdPIO DE MARECHAL FLORIANO, A FESTA DO PADROEIRO BOM JESUS."}, {"id": "6891", "ano": "2017", "numero": "136", "tipo__sigla": "PAR", "tipo__descricao": "Parecer das Comiss\u00f5es", "autoria": "CFO - COMISS\u00c3O DE FINAN\u00c7AS E OR\u00c7AMENTO, CLJRF - COMISS\u00c3O DE LEGILA\u00c7\u00c3O, JUSTI\u00c7A E REDA\u00c7\u00c3O FINAL", "texto_original": "http://sapl.marechalfloriano.es.leg.br/media/sapl/public/materialegislativa/2017/6891/pf_136_pdf.pdf", "ementa": "Relativo ao PROJETO DE LEI N\u00ba 171/2017 QUE INSTITUI A ROTA TUR\u00cdSTICA E CULTURA DO CICLISMO NO MUNIC\u00cdPIO DE MARECHAL FLORIANO E D\u00c1 OUTRAS PROVID\u00caNCIAS."}, {"id": "6892", "ano": "2017", "numero": "137", "tipo__sigla": "PAR", "tipo__descricao": "Parecer das Comiss\u00f5es", "autoria": "CLJRF - COMISS\u00c3O DE LEGILA\u00c7\u00c3O, JUSTI\u00c7A E REDA\u00c7\u00c3O FINAL", "texto_original": "http://sapl.marechalfloriano.es.leg.br/media/sapl/public/materialegislativa/2017/6892/pf_137_pdf.pdf", "ementa": "Relativo ao PROJETO DE LEI N\u00ba 172/2017 QUE INSTITUI O HINO OFICIAL DA FESTA DA ITALEMANHA NO MUNIC\u00cdPIO DE MARECHAL FLORIANO."}, {"id": "6893", "ano": "2017", "numero": "138", "tipo__sigla": "PAR", "tipo__descricao": "Parecer das Comiss\u00f5es", "autoria": "CLJRF - COMISS\u00c3O DE LEGILA\u00c7\u00c3O, JUSTI\u00c7A E REDA\u00c7\u00c3O FINAL", "texto_original": "http://sapl.marechalfloriano.es.leg.br/media/sapl/public/materialegislativa/2017/6893/pf_138_pdf.pdf", "ementa": "Relativo ao PROJETO DE LEI N\u00ba 173/2017 QUE INSERE NO CALEND\u00c1RIO OFICIAL DE DATAS E EVENTOS DO MUNIC\u00cdPIO DE MARECHAL FLORIANO, A FESTA MENSAGEIROS DA BOA NOVA REALIZADA EM SO\u00cdDO DE BAIXO."}, {"id": "6894", "ano": "2017", "numero": "139", "tipo__sigla": "PAR", "tipo__descricao": "Parecer das Comiss\u00f5es", "autoria": "CFO - COMISS\u00c3O DE FINAN\u00c7AS E OR\u00c7AMENTO, CLJRF - COMISS\u00c3O DE LEGILA\u00c7\u00c3O, JUSTI\u00c7A E REDA\u00c7\u00c3O FINAL", "texto_original": "http://sapl.marechalfloriano.es.leg.br/media/sapl/public/materialegislativa/2017/6894/pf_139_pdf.pdf", "ementa": "Relativo ao PROJETO DE LEI N\u00ba 174/2017 QUE DISP\u00d5E SOBRE A APRESENTA\u00c7\u00c3O DE M\u00daSICOS E OU BANDAS RELIGIOSAS NO FESTIVAL \u00cdTALO GERM\u00c2NICO E DEMAIS MUSICAIS DOS MUNIC\u00cdPIO DE MARECHAL FLORIANO E D\u00c1 OUTRAS PROVID\u00caNCIAS."}, {"id": "6895", "ano": "2017", "numero": "140", "tipo__sigla": "PAR", "tipo__descricao": "Parecer das Comiss\u00f5es", "autoria": "CFO - COMISS\u00c3O DE FINAN\u00c7AS E OR\u00c7AMENTO, CLJRF - COMISS\u00c3O DE LEGILA\u00c7\u00c3O, JUSTI\u00c7A E REDA\u00c7\u00c3O FINAL", "texto_original": "http://sapl.marechalfloriano.es.leg.br/media/sapl/public/materialegislativa/2017/6895/pf_140_pdf.pdf", "ementa": "Relativo ao PROJETO DE LEI N\u00ba 175/2017 QUE INSTITUI O PROGRAMA DE ENSINO DE M\u00daSICA NO MUNIC\u00cdPIO DE MARECHAL FLORIANO E D\u00c1 OUTRAS PROVID\u00caNCIAS."}, {"id": "6115", "ano": "2017", "numero": "1", "tipo__sigla": "PDL", "tipo__descricao": "Projeto de Decreto Legislativo", "autoria": "", "texto_original": "http://sapl.marechalfloriano.es.leg.br/media/./sapl/public/materialegislativa/2017/6115/6115_texto_integral.pdf", "ementa": "DISP\u00d5E SOBRE A APROVA\u00c7\u00c3O DAS CONTAS DA PREFEITURA MUNICIPAL DE MARECHAL FLORIANO-ES, REFERENTE AO EXERC\u00cdCIO DE 2014."}, {"id": "4432", "ano": "2017", "numero": "1", "tipo__sigla": "PLC", "tipo__descricao": "Projeto de Lei Complementar", "autoria": "", "texto_original": "http://sapl.marechalfloriano.es.leg.br/media/./sapl/public/materialegislativa/2017/4432/4432_texto_integral.pdf", "ementa": "DISP\u00d5E SOBRE O ESTATUTO DOS SERVIDORES DO MUNIC\u00cdPIO DE MARECHAL FLORIANO E D\u00c1 OUTRAS PROVID\u00caNCIAS. "}, {"id": "1337", "ano": "2017", "numero": "1", "tipo__sigla": "PLO", "tipo__descricao": "Projeto de Lei Ordin\u00e1ria", "autoria": "Jo\u00e3o Carlos Lorenzoni", "texto_original": "http://sapl.marechalfloriano.es.leg.br/media/./sapl/public/materialegislativa/2017/1337/1337_texto_integral.pdf", "ementa": "ALTERA O ARTIGO 2\u00ba, DA LEI MUNICIPAL N\u00ba. 1.482, DE 02 DE JULHO DE 2014\r\n"}, {"id": "1338", "ano": "2017", "numero": "2", "tipo__sigla": "PLO", "tipo__descricao": "Projeto de Lei Ordin\u00e1ria", "autoria": "Jo\u00e3o Carlos Lorenzoni", "texto_original": "http://sapl.marechalfloriano.es.leg.br/media/./sapl/public/materialegislativa/2017/1338/1338_texto_integral.pdf", "ementa": "ALTERA LEI MUNICIPAL N\u00ba. 1.121, DE 22 DE MAR\u00c7O DE 2012 E D\u00c1 OUTRAS PROVID\u00caNCIAS "}, {"id": "1339", "ano": "2017", "numero": "3", "tipo__sigla": "PLO", "tipo__descricao": "Projeto de Lei Ordin\u00e1ria", "autoria": "Jo\u00e3o Carlos Lorenzoni", "texto_original": "http://sapl.marechalfloriano.es.leg.br/media/./sapl/public/materialegislativa/2017/1339/1339_texto_integral.pdf", "ementa": "DISP\u00d5E SOBRE CONCESS\u00c3O DE GRATIFICA\u00c7\u00c3O PARA AS FUN\u00c7\u00d5ES DE SECRET\u00c1RIO E PROCURADOR GERAL NO \u00c2MBITO DO MUNIC\u00cdPIO DE MARECHAL FLORIANO E D\u00c1 OUTRAS PROVID\u00caNCIAS "}, {"id": "1340", "ano": "2017", "numero": "4", "tipo__sigla": "PLO", "tipo__descricao": "Projeto de Lei Ordin\u00e1ria", "autoria": "Jo\u00e3o Carlos Lorenzoni", "texto_original": "http://sapl.marechalfloriano.es.leg.br/media/./sapl/public/materialegislativa/2017/1340/1340_texto_integral.pdf", "ementa": "AUTORIZA O PODER EXECUTIVO MUNICIPAL A PROMOVER ALTERA\u00c7\u00d5ES NO OR\u00c7AMENTO MUNICIPAL DO EXERC\u00cdCIO FINANCEIRO DE 2017 E D\u00c1 OUTRAS PROVID\u00caNCIAS "}, {"id": "1341", "ano": "2017", "numero": "5", "tipo__sigla": "PLO", "tipo__descricao": "Projeto de Lei Ordin\u00e1ria", "autoria": "Jo\u00e3o Carlos Lorenzoni", "texto_original": "http://sapl.marechalfloriano.es.leg.br/media/./sapl/public/materialegislativa/2017/1341/1341_texto_integral.pdf", "ementa": "ALTERA A LEI DE DIRETRIZES OR\u00c7AMENT\u00c1RIA-LDO DO MUNIC\u00cdPIO DE MARECHAL FLORIANO PARA O EXERC\u00cdCIO FINANCEIRO DE 2017 E D\u00c1 OUTRAS PROVID\u00caNCIAS "}, {"id": "1342", "ano": "2017", "numero": "6", "tipo__sigla": "PLO", "tipo__descricao": "Projeto de Lei Ordin\u00e1ria", "autoria": "Jo\u00e3o Carlos Lorenzoni", "texto_original": "http://sapl.marechalfloriano.es.leg.br/media/./sapl/public/materialegislativa/2017/1342/1342_texto_integral.pdf", "ementa": "DISP\u00d5E SOBRE CRIA\u00c7\u00c3O DA SECRET\u00c1RIA MUNICIPAL DE INTERIOR E TRANSPORTES NO \u00c2MBITO DO MUNIC\u00cdPIO DE MARECHAL FLORIANO/ES E D\u00c1 OUTRAS PROVID\u00caNCIAS "}, {"id": "1343", "ano": "2017", "numero": "7", "tipo__sigla": "PLO", "tipo__descricao": "Projeto de Lei Ordin\u00e1ria", "autoria": "Jo\u00e3o Carlos Lorenzoni", "texto_original": "http://sapl.marechalfloriano.es.leg.br/media/./sapl/public/materialegislativa/2017/1343/1343_texto_integral.pdf", "ementa": "AUTORIZA O PODER EXECUTIVO MUNICIPAL A CONTRATAR TRABALHADORES BRA\u00c7AIS POR TEMPO DETERMINADO  "}, {"id": "1345", "ano": "2017", "numero": "8", "tipo__sigla": "PLO", "tipo__descricao": "Projeto de Lei Ordin\u00e1ria", "autoria": "Jo\u00e3o Carlos Lorenzoni", "texto_original": "http://sapl.marechalfloriano.es.leg.br/media/./sapl/public/materialegislativa/2017/1345/1345_texto_integral.pdf", "ementa": "AUTORIZA O PODER EXECUTIVO MUNICIPAL A CONTRATAR M\u00c9DICOS PLANTONISTAS POR TEMPO DETERMINADO "}, {"id": "1346", "ano": "2017", "numero": "9", "tipo__sigla": "PLO", "tipo__descricao": "Projeto de Lei Ordin\u00e1ria", "autoria": "Jo\u00e3o Carlos Lorenzoni", "texto_original": "http://sapl.marechalfloriano.es.leg.br/media/./sapl/public/materialegislativa/2017/1346/1346_texto_integral.pdf", "ementa": "DISP\u00d5E SOBRE A CRIA\u00c7\u00c3O DE CARGOS DE COMISS\u00c3O ESPECIAL A SEREM INCLU\u00cdDOS NA LEI MUNICIPAL N\u00ba. 565, DE 07 DE NOVEMBRO DE 2005 E D\u00c1 OUTRAS PROVID\u00caNCIAS "}, {"id": "1347", "ano": "2017", "numero": "10", "tipo__sigla": "PLO", "tipo__descricao": "Projeto de Lei Ordin\u00e1ria", "autoria": "MESA DIRETORA 2017/2018", "texto_original": "http://sapl.marechalfloriano.es.leg.br/media/./sapl/public/materialegislativa/2017/1347/1347_texto_integral.pdf", "ementa": "DISP\u00d5E SOBRE O PROGRAMA DE EST\u00c1GIO PARA ESTUDANTES, NO \u00c2MBITO DO PODER LEGISLATIVO MUNICIPAL  "}, {"id": "1348", "ano": "2017", "numero": "11", "tipo__sigla": "PLO", "tipo__descricao": "Projeto de Lei Ordin\u00e1ria", "autoria": "Cezinha Ronchi", "texto_original": "http://sapl.marechalfloriano.es.leg.br/media/./sapl/public/materialegislativa/2017/1348/1348_texto_integral.pdf", "ementa": "DISP\u00d5E SOBRE A CRIA\u00c7\u00c3O DE PROGRAMA \"ADOTE UMA LIXEIRA\", E D\u00c1 OUTRAS PROVID\u00caNCIAS "}, {"id": "1349", "ano": "2017", "numero": "12", "tipo__sigla": "PLO", "tipo__descricao": "Projeto de Lei Ordin\u00e1ria", "autoria": "Cezinha Ronchi", "texto_original": "http://sapl.marechalfloriano.es.leg.br/media/./sapl/public/materialegislativa/2017/1349/1349_texto_integral.pdf", "ementa": "INSTITUI A SEMANA MUNICIPAL DE ORIENTA\u00c7\u00c3O, PREVEN\u00c7\u00c3O E CONTROLE DA DENGUE, ZIKA, CHIKUNGUNYA, FEBRE AMARELA E OUTRAS ENDEMIAS "}, {"id": "1350", "ano": "2017", "numero": "13", "tipo__sigla": "PLO", "tipo__descricao": "Projeto de Lei Ordin\u00e1ria", "autoria": "Felipe Hulle Del Puppo", "texto_original": "http://sapl.marechalfloriano.es.leg.br/media/./sapl/public/materialegislativa/2017/1350/1350_texto_integral.pdf", "ementa": "DISP\u00d5E SOBRE INCENTIVO AO CULTIVO DAS PLANTAS \"CITRONELA\" E \"CROTAL\u00c1RIA\", COMO M\u00c9TODO NATURAL DE COMBATE \u00c0 DENGUE E D\u00c1 OUTRAS PROVID\u00caNCIAS  "}, {"id": "1351", "ano": "2017", "numero": "14", "tipo__sigla": "PLO", "tipo__descricao": "Projeto de Lei Ordin\u00e1ria", "autoria": "Cabral", "texto_original": "http://sapl.marechalfloriano.es.leg.br/media/./sapl/public/materialegislativa/2017/1351/1351_texto_integral.pdf", "ementa": "AUTORIZA A CESS\u00c3O DE USO DE IM\u00d3VEL DE PROPRIEDADE DO MUNIC\u00cdPIO DE MARECHAL FLORIANO A INSTRU\u00c7\u00d5ES RELIGIOSAS QUE ESPEC\u00cdFICA E D\u00c1 OUTRAS PROVID\u00caNCIAS  "}, {"id": "1352", "ano": "2017", "numero": "15", "tipo__sigla": "PLO", "tipo__descricao": "Projeto de Lei Ordin\u00e1ria", "autoria": "Jo\u00e3o Carlos Lorenzoni", "texto_original": "http://sapl.marechalfloriano.es.leg.br/media/./sapl/public/materialegislativa/2017/1352/1352_texto_integral.pdf", "ementa": "ALTERA O ANEXO I, DA LEI MUNICIPAL N\u00ba. 887, DE 02 DE ABRIL DE 2009 E D\u00c1 OUTRAS PROVID\u00caNCIAS "}, {"id": "1353", "ano": "2017", "numero": "16", "tipo__sigla": "PLO", "tipo__descricao": "Projeto de Lei Ordin\u00e1ria", "autoria": "Jo\u00e3o Carlos Lorenzoni", "texto_original": "http://sapl.marechalfloriano.es.leg.br/media/./sapl/public/materialegislativa/2017/1353/1353_texto_integral.pdf", "ementa": "INSTITUI O PROGRAMA DE EST\u00c1GIO NO MUNIC\u00cdPIO DE MARECHAL FLORIANO "}, {"id": "3331", "ano": "2017", "numero": "17", "tipo__sigla": "PLO", "tipo__descricao": "Projeto de Lei Ordin\u00e1ria", "autoria": "Cezinha Ronchi", "texto_original": "http://sapl.marechalfloriano.es.leg.br/media/./sapl/public/materialegislativa/2017/3331/3331_texto_integral.pdf", "ementa": "INSTITUI A SEMANA DE CONSCIENTIZA\u00c7\u00c3O E COMBATE \u00c0 AUTOMEDICA\u00c7\u00c3O E D\u00c1 OUTRAS PROVID\u00caNCIAS. "}, {"id": "3332", "ano": "2017", "numero": "18", "tipo__sigla": "PLO", "tipo__descricao": "Projeto de Lei Ordin\u00e1ria", "autoria": "Cezinha Ronchi", "texto_original": "http://sapl.marechalfloriano.es.leg.br/media/./sapl/public/materialegislativa/2017/3332/3332_texto_integral.pdf", "ementa": "INSTITUI A SEMANA MUNICIPAL DE RECUPERA\u00c7\u00c3O, PRESERVA\u00c7\u00c3O E ACOMPANHAMENTO DAS NASCENTES NO MUNIC\u00cdPIO DE MARECHAL FLORIANO-ES."}, {"id": "3336", "ano": "2017", "numero": "21", "tipo__sigla": "PLO", "tipo__descricao": "Projeto de Lei Ordin\u00e1ria", "autoria": "Felipe Hulle Del Puppo", "texto_original": "http://sapl.marechalfloriano.es.leg.br/media/./sapl/public/materialegislativa/2017/3336/3336_texto_integral.pdf", "ementa": "INSTITUI A SEMANA DO CAFEICULTOR, NO \u00c2MBITO DO MUNIC\u00cdPIO DE MARECHAL FLORIANO-ES."}, {"id": "3339", "ano": "2017", "numero": "22", "tipo__sigla": "PLO", "tipo__descricao": "Projeto de Lei Ordin\u00e1ria", "autoria": "Cezinha Ronchi", "texto_original": "http://sapl.marechalfloriano.es.leg.br/media/./sapl/public/materialegislativa/2017/3339/3339_texto_integral.pdf", "ementa": "DISP\u00d5E SOBRA AS RESTRI\u00c7\u00d5ES AO USO E \u00c0 PROPAGANDA DE PRODUTOS FUMIGEROS E BEBIDAS ALCO\u00d3LICAS NO MUNIC\u00cdPIO DE MARECHAL FLORIANO."}, {"id": "3342", "ano": "2017", "numero": "23", "tipo__sigla": "PLO", "tipo__descricao": "Projeto de Lei Ordin\u00e1ria", "autoria": "Jo\u00e3o Carlos Lorenzoni", "texto_original": "http://sapl.marechalfloriano.es.leg.br/media/./sapl/public/materialegislativa/2017/3342/3342_texto_integral.pdf", "ementa": "AUTORIZA O PODER EXECUTIVO MUNICIPAL A EFETUAR PAGAMENTO A T\u00cdTULO DE INDENIZA\u00c7\u00c3O AO SENHOR CALOR ALBERTO PREST. "}, {"id": "3345", "ano": "2017", "numero": "24", "tipo__sigla": "PLO", "tipo__descricao": "Projeto de Lei Ordin\u00e1ria", "autoria": "Jo\u00e3o Carlos Lorenzoni", "texto_original": "http://sapl.marechalfloriano.es.leg.br/media/./sapl/public/materialegislativa/2017/3345/3345_texto_integral.pdf", "ementa": "DISP\u00d5E SOBRE PERMISS\u00c3O DE USO DE BEM ALUGADO PELO MUNIC\u00cdPIO DE MARECHAL FLORIANO \u00c0 POL\u00cdCIA CIVIL DO ESTADO DO ESP\u00cdRITO SANTO."}, {"id": "3346", "ano": "2017", "numero": "25", "tipo__sigla": "PLO", "tipo__descricao": "Projeto de Lei Ordin\u00e1ria", "autoria": "Felipe Hulle Del Puppo", "texto_original": "http://sapl.marechalfloriano.es.leg.br/media/./sapl/public/materialegislativa/2017/3346/3346_texto_integral.pdf", "ementa": "INSTITUI A SEMANA DO AVICULTOR, NO \u00c2MBITO DO MUNIC\u00cdPIO DE MARECHAL FLORIANO-ES. "}, {"id": "3350", "ano": "2017", "numero": "26", "tipo__sigla": "PLO", "tipo__descricao": "Projeto de Lei Ordin\u00e1ria", "autoria": "Renato Werneck", "texto_original": "http://sapl.marechalfloriano.es.leg.br/media/./sapl/public/materialegislativa/2017/3350/3350_texto_integral.pdf", "ementa": "INSTITUI NO SISTEMA MUNICIPAL DE SA\u00daDE, O PROGRAMA DE REMO\u00c7\u00c3O DOMICILIAR DE URG\u00caNCIA, NO \u00c2MBITO DO MUNIC\u00cdPIO DE MARECHAL FLORIANO/ES."}, {"id": "3351", "ano": "2017", "numero": "27", "tipo__sigla": "PLO", "tipo__descricao": "Projeto de Lei Ordin\u00e1ria", "autoria": "UBALDINO SARAIVA", "texto_original": "http://sapl.marechalfloriano.es.leg.br/media/./sapl/public/materialegislativa/2017/3351/3351_texto_integral.pdf", "ementa": "DISP\u00d5E SOBRA A CRIA\u00c7\u00c3O DA ROTA DO CAF\u00c9 NO MUNIC\u00cdPIO DE MARECHAL FLORIANO."}, {"id": "3352", "ano": "2017", "numero": "28", "tipo__sigla": "PLO", "tipo__descricao": "Projeto de Lei Ordin\u00e1ria", "autoria": "Felipe Hulle Del Puppo", "texto_original": "http://sapl.marechalfloriano.es.leg.br/media/./sapl/public/materialegislativa/2017/3352/3352_texto_integral.pdf", "ementa": "DISP\u00d5E SOBRE A CRIA\u00c7\u00c3O DA ROTA DAS ORQU\u00cdDEAS NO MUNIC\u00cdPIO DE MARECHAL FLORIANO."}, {"id": "3353", "ano": "2017", "numero": "29", "tipo__sigla": "PLO", "tipo__descricao": "Projeto de Lei Ordin\u00e1ria", "autoria": "UBALDINO SARAIVA", "texto_original": "http://sapl.marechalfloriano.es.leg.br/media/./sapl/public/materialegislativa/2017/3353/3353_texto_integral.pdf", "ementa": "DISP\u00d5E SOBRE A CRIA\u00c7\u00c3O DA CAMPANHA CAMPO LIMPO NO MUNIC\u00cdPIO DE MARECHAL FLORIANO."}, {"id": "3354", "ano": "2017", "numero": "30", "tipo__sigla": "PLO", "tipo__descricao": "Projeto de Lei Ordin\u00e1ria", "autoria": "JOAQUIM STEIN", "texto_original": "http://sapl.marechalfloriano.es.leg.br/media/./sapl/public/materialegislativa/2017/3354/3354_texto_integral.pdf", "ementa": "INSTITUI NO MUNIC\u00cdPIO DE MARECHAL FLORIANO, O SERVI\u00c7O DE REMO\u00c7\u00c3O PARA OS PACIENTES COM DOEN\u00c7A RENAL CR\u00d4NICA, EM TRATAMENTO NOS HOSPITAIS P\u00daBLICOS E NAS CL\u00cdNICAS DE HEMODI\u00c1LISE, CONVENIADAS AO SISTEMA \u00daNICO DE SA\u00daDE (SUS)."}, {"id": "3355", "ano": "2017", "numero": "31", "tipo__sigla": "PLO", "tipo__descricao": "Projeto de Lei Ordin\u00e1ria", "autoria": "Cabral", "texto_original": "http://sapl.marechalfloriano.es.leg.br/media/./sapl/public/materialegislativa/2017/3355/3355_texto_integral.pdf", "ementa": "INSTITUI A SEMANA MUNICIPAL DAS ARTES MARCIAIS, QUE PASSA A INTEGRAR O CALEND\u00c1RIO DE EVENTOS DO MUNIC\u00cdPIO DE MARECHAL FLORIANO E D\u00c1 OUTRAS PROVID\u00caNCIAS. "}, {"id": "3356", "ano": "2017", "numero": "32", "tipo__sigla": "PLO", "tipo__descricao": "Projeto de Lei Ordin\u00e1ria", "autoria": "Cabral", "texto_original": "http://sapl.marechalfloriano.es.leg.br/media/./sapl/public/materialegislativa/2017/3356/3356_texto_integral.pdf", "ementa": "INSTITUI O PROGRAMA BASQUETE DE RUA \"STREETBALL\" A SER PRATICADO NO \u00c2MBITO DO MUNIC\u00cdPIO DE MARECHAL FLORIANO-ES."}, {"id": "3357", "ano": "2017", "numero": "33", "tipo__sigla": "PLO", "tipo__descricao": "Projeto de Lei Ordin\u00e1ria", "autoria": "Cezinha Ronchi", "texto_original": "http://sapl.marechalfloriano.es.leg.br/media/./sapl/public/materialegislativa/2017/3357/3357_texto_integral.pdf", "ementa": "INSTITUI COMO S\u00cdMBOLO HIST\u00d3RICO DO MUNIC\u00cdPIO, A CAIXA D'\u00c1GUA DA MARIA FUMA\u00c7A, LOCALIZADA EM RIO FUNDO. "}, {"id": "2211", "ano": "2017", "numero": "34", "tipo__sigla": "PLO", "tipo__descricao": "Projeto de Lei Ordin\u00e1ria", "autoria": "Jo\u00e3o Carlos Lorenzoni", "texto_original": "http://sapl.marechalfloriano.es.leg.br/media/./sapl/public/materialegislativa/2017/2211/2211_texto_integral.pdf", "ementa": "ALTERA O VALOR DO AUXILIO ALIMENTA\u00c7\u00c3O DO SERVIDOR P\u00daBLICO MUNICIPAL "}, {"id": "3358", "ano": "2017", "numero": "35", "tipo__sigla": "PLO", "tipo__descricao": "Projeto de Lei Ordin\u00e1ria", "autoria": "Jo\u00e3o Carlos Lorenzoni", "texto_original": "http://sapl.marechalfloriano.es.leg.br/media/./sapl/public/materialegislativa/2017/3358/3358_texto_integral.pdf", "ementa": "ALTERA A LEI MUNICIPAL N\u00b0. 488, DE 23 DE DEZEMBRO DE 2003 E D\u00c1 OUTRAS PROVIDENCIAS. "}, {"id": "3359", "ano": "2017", "numero": "36", "tipo__sigla": "PLO", "tipo__descricao": "Projeto de Lei Ordin\u00e1ria", "autoria": "Cezinha Ronchi", "texto_original": "http://sapl.marechalfloriano.es.leg.br/media/./sapl/public/materialegislativa/2017/3359/3359_texto_integral.pdf", "ementa": "DENOMINA DE ESTRADA MUNICIPAL JOS\u00c9 EDIVAR BUSATO, NO DISTRITO DE ARAGUAIA - MARECHAL FLORIANO. "}, {"id": "3360", "ano": "2017", "numero": "37", "tipo__sigla": "PLO", "tipo__descricao": "Projeto de Lei Ordin\u00e1ria", "autoria": "Cezinha Ronchi", "texto_original": "http://sapl.marechalfloriano.es.leg.br/media/./sapl/public/materialegislativa/2017/3360/3360_texto_integral.pdf", "ementa": "DISP\u00d5E SOBRE A DENOMINA\u00c7\u00c3O DE LOGRADOUROS NO CONDOM\u00cdNIO RECANTO DOS P\u00c1SSAROS, LOCALIZADO NO DISTRITO DE ARAGUAIA-MARECHAL FLORIANO/ES.  "}, {"id": "3361", "ano": "2017", "numero": "38", "tipo__sigla": "PLO", "tipo__descricao": "Projeto de Lei Ordin\u00e1ria", "autoria": "Cezinha Ronchi", "texto_original": "http://sapl.marechalfloriano.es.leg.br/media/./sapl/public/materialegislativa/2017/3361/3361_texto_integral.pdf", "ementa": "ACRESCENTAR \u00c1REA DE PER\u00cdMETRO URBANO AO ARTIGO 5\u00b0 DA LEI N\u00b0 066 DE 08 DE ABRIL DE 1994."}, {"id": "3362", "ano": "2017", "numero": "39", "tipo__sigla": "PLO", "tipo__descricao": "Projeto de Lei Ordin\u00e1ria", "autoria": "Felipe Hulle Del Puppo", "texto_original": "http://sapl.marechalfloriano.es.leg.br/media/./sapl/public/materialegislativa/2017/3362/3362_texto_integral.pdf", "ementa": "DISP\u00d5E SOBRE A CRIA\u00c7\u00c3O DO PROJETO \"CIDADE LIMPA E CONSCIENTE\" E D\u00c1 OUTRAS PROVID\u00caNCIAS. "}, {"id": "3363", "ano": "2017", "numero": "40", "tipo__sigla": "PLO", "tipo__descricao": "Projeto de Lei Ordin\u00e1ria", "autoria": "JOAQUIM STEIN", "texto_original": "http://sapl.marechalfloriano.es.leg.br/media/./sapl/public/materialegislativa/2017/3363/3363_texto_integral.pdf", "ementa": "INSTITUI NO \u00c2MBITO DO MUNIC\u00cdPIO DE MARECHAL FLORIANO/ES, A CAMPANHA DE CONSCIENTIZA\u00c7\u00c3O E PREVEN\u00c7\u00c3O \u00c0 HANSEN\u00cdASE, E D\u00c1 OUTRAS PROVID\u00caNCIAS. "}, {"id": "3364", "ano": "2017", "numero": "41", "tipo__sigla": "PLO", "tipo__descricao": "Projeto de Lei Ordin\u00e1ria", "autoria": "Jo\u00e3o Carlos Lorenzoni", "texto_original": "http://sapl.marechalfloriano.es.leg.br/media/./sapl/public/materialegislativa/2017/3364/3364_texto_integral.pdf", "ementa": "DISP\u00d5E SOBRE AS DIRETRIZES PARA ELABORA\u00c7\u00c3O DA LEI OR\u00c7AMENTARIA PARA O EXERC\u00cdCIO FINANCEIRO DE 2018 E D\u00c1 OUTRAS PROVID\u00caNCIAS. "}, {"id": "3365", "ano": "2017", "numero": "42", "tipo__sigla": "PLO", "tipo__descricao": "Projeto de Lei Ordin\u00e1ria", "autoria": "Felipe Hulle Del Puppo", "texto_original": "http://sapl.marechalfloriano.es.leg.br/media/./sapl/public/materialegislativa/2017/3365/3365_texto_integral.pdf", "ementa": "DISP\u00d5E SOBRE A INCLUS\u00c3O DA CARNE DE PEIXE NO CARD\u00c1PIO DA MERENDA ESCOLAR ASSIM COMO AUTORIZA A DISTRIBUI\u00c7\u00c3O DE CEREAL (SIMILAR A SUCRILHOS) COM LEITE AOS ALUNOS DA REDE P\u00daBLICA MUNICIPAL. "}, {"id": "3366", "ano": "2017", "numero": "43", "tipo__sigla": "PLO", "tipo__descricao": "Projeto de Lei Ordin\u00e1ria", "autoria": "Cezinha Ronchi", "texto_original": "http://sapl.marechalfloriano.es.leg.br/media/./sapl/public/materialegislativa/2017/3366/3366_texto_integral.pdf", "ementa": "AUTORIZA A CRIA\u00c7\u00c3O DO MEMORIAL E MUSEU DA IMIGRA\u00c7\u00c3O E DAS ORQU\u00cdDEAS NO MUNIC\u00cdPIO DE MARECHAL FLORIANO."}, {"id": "3367", "ano": "2017", "numero": "44", "tipo__sigla": "PLO", "tipo__descricao": "Projeto de Lei Ordin\u00e1ria", "autoria": "Cezinha Ronchi", "texto_original": "http://sapl.marechalfloriano.es.leg.br/media/./sapl/public/materialegislativa/2017/3367/3367_texto_integral.pdf", "ementa": "AUTORIZA A CRIA\u00c7\u00c3O NO MUNIC\u00cdPIO DE MARECHAL FLORIANO DO MEMORIAL NILO PE\u00c7ANHA. "}, {"id": "3349", "ano": "2017", "numero": "45", "tipo__sigla": "PLO", "tipo__descricao": "Projeto de Lei Ordin\u00e1ria", "autoria": "JOAQUIM STEIN", "texto_original": "http://sapl.marechalfloriano.es.leg.br/media/./sapl/public/materialegislativa/2017/3349/3349_texto_integral.pdf", "ementa": "ALTERA OS ARTIGOS 1\u00b0 E 3\u00b0 DA LEI MUNICIPAL N\u00b0. 1521, DE 11 DE SETEMBRO DE 2014."}, {"id": "2952", "ano": "2017", "numero": "46", "tipo__sigla": "PLO", "tipo__descricao": "Projeto de Lei Ordin\u00e1ria", "autoria": "Felipe Hulle Del Puppo", "texto_original": "http://sapl.marechalfloriano.es.leg.br/media/./sapl/public/materialegislativa/2017/2952/2952_texto_integral.pdf", "ementa": "INSTITUI COMO S\u00cdMBOLO HIST\u00d3RICO DO MUNIC\u00cdPIO, O ZOO PARK DA MONTANHA, LOCALIZADO EM RIO FUNDO "}, {"id": "2950", "ano": "2017", "numero": "47", "tipo__sigla": "PLO", "tipo__descricao": "Projeto de Lei Ordin\u00e1ria", "autoria": "JOAQUIM STEIN", "texto_original": "http://sapl.marechalfloriano.es.leg.br/media/./sapl/public/materialegislativa/2017/2950/2950_texto_integral.pdf", "ementa": "INSTITUI NO \u00c2MBITO DO MUNIC\u00cdPIO DE MARECHAL FLORIANO/ES, O PROGRAMA JOVEM ESCRITOR, E D\u00c1 OUTRAS PROVID\u00caNCIAS "}, {"id": "12946", "ano": "2017", "numero": "48", "tipo__sigla": "PLO", "tipo__descricao": "Projeto de Lei Ordin\u00e1ria", "autoria": "Jo\u00e3o Carlos Lorenzoni", "texto_original": "http://sapl.marechalfloriano.es.leg.br/media/sapl/public/materialegislativa/2017/12946/048_2017_pll.pdf", "ementa": "AUTORIZA O PODER EXECUTIVO A ALIENAR BEM IM\u00d3VEL DO PATRIMONIO MUNICIPAL."}, {"id": "2949", "ano": "2017", "numero": "49", "tipo__sigla": "PLO", "tipo__descricao": "Projeto de Lei Ordin\u00e1ria", "autoria": "Jo\u00e3o Carlos Lorenzoni", "texto_original": "http://sapl.marechalfloriano.es.leg.br/media/./sapl/public/materialegislativa/2017/2949/2949_texto_integral.pdf", "ementa": "INSERE NO CALEND\u00c1RIO OFICIAL DE EVENTOS DO MUNIC\u00cdPIO DE MARECHAL FLORIANO, A COMEMORA\u00c7\u00c3O PELO ANIVERS\u00c1RIO DO AM\u00c9RICA FUTEBOL CLUBE E ASSOCIA\u00c7\u00c3O DE ESPORTE APOLLO XIII. "}, {"id": "3368", "ano": "2017", "numero": "50", "tipo__sigla": "PLO", "tipo__descricao": "Projeto de Lei Ordin\u00e1ria", "autoria": "Jo\u00e3o Carlos Lorenzoni", "texto_original": "http://sapl.marechalfloriano.es.leg.br/media/./sapl/public/materialegislativa/2017/3368/3368_texto_integral.pdf", "ementa": "DISP\u00d5E SOBRE A ALTERA\u00c7\u00c3O DA LEI N\u00b0 370 DE 07 DE JULHO DE 2000, NO QUE TANGE AO ENDERE\u00c7O DA CASA DA CULTURA \"CLARA LUIZA HULLE PEREIRA\" E D\u00c1 OUTRAS PROVID\u00caNCIAS."}, {"id": "2947", "ano": "2017", "numero": "51", "tipo__sigla": "PLO", "tipo__descricao": "Projeto de Lei Ordin\u00e1ria", "autoria": "Felipe Hulle Del Puppo", "texto_original": "http://sapl.marechalfloriano.es.leg.br/media/./sapl/public/materialegislativa/2017/2947/2947_texto_integral.pdf", "ementa": "DISP\u00d5E SOBRE A PROIBI\u00c7\u00c3O DA EXPOSI\u00c7\u00c3O, NAS MESAS DE BALC\u00d5ES, DE RECIPIENTES QUE CONTENHAM SAL DE COZINHA (CLORETO DE S\u00d3DIO) NOS ESTABELECIMENTOS QUE COMERCIALIZAM ALIMENTOS PREPARADOS PARA O CONSUMO IMEDIATO, COMO BARES, RESTAURANTES, LANCHONETES, HOT\u00c9IS E SIMILARES NO \u00c2MBITO DO MUNIC\u00cdPIO DE MARECHAL FLORIANO "}, {"id": "3369", "ano": "2017", "numero": "52", "tipo__sigla": "PLO", "tipo__descricao": "Projeto de Lei Ordin\u00e1ria", "autoria": "Felipe Hulle Del Puppo", "texto_original": "http://sapl.marechalfloriano.es.leg.br/media/./sapl/public/materialegislativa/2017/3369/3369_texto_integral.pdf", "ementa": "INSTITUI A SEMANA DE PREVEN\u00c7\u00c3O E CONTROLE DE OSTEOPOROSE NO MUNIC\u00cdPIO DE MARECHAL FLORIANO E D\u00c1 OUTRAS PROVID\u00caNCIAS."}, {"id": "3370", "ano": "2017", "numero": "53", "tipo__sigla": "PLO", "tipo__descricao": "Projeto de Lei Ordin\u00e1ria", "autoria": "JOAQUIM STEIN", "texto_original": "http://sapl.marechalfloriano.es.leg.br/media/./sapl/public/materialegislativa/2017/3370/3370_texto_integral.pdf", "ementa": "INSTITUI O DIA MUNICIPAL DO GARI NO MUNIC\u00cdPIO DE MARECHAL FLORIANO/ES E D\u00c1 OUTRAS PROVID\u00caNCIAS."}, {"id": "3372", "ano": "2017", "numero": "54", "tipo__sigla": "PLO", "tipo__descricao": "Projeto de Lei Ordin\u00e1ria", "autoria": "JOAQUIM STEIN", "texto_original": "http://sapl.marechalfloriano.es.leg.br/media/./sapl/public/materialegislativa/2017/3372/3372_texto_integral.pdf", "ementa": "INSTITUI NO \u00c2MBITO DO MUNIC\u00cdPIO DE MARECHAL FLORIANO/ES, A SEMANA JOVEM E D\u00c1 OUTRAS PROVID\u00caNCIAS. "}, {"id": "3373", "ano": "2017", "numero": "55", "tipo__sigla": "PLO", "tipo__descricao": "Projeto de Lei Ordin\u00e1ria", "autoria": "Cabral", "texto_original": "http://sapl.marechalfloriano.es.leg.br/media/./sapl/public/materialegislativa/2017/3373/3373_texto_integral.pdf", "ementa": "DISP\u00d5E SOBRE CRIA\u00c7\u00c3O DO PROGRAMA DE DISTRIBUI\u00c7\u00c3O GRATUITA DE MAT\u00c9RIAS ESCOLARES NA REDE P\u00daBLICA DE ENSINO DO MUNIC\u00cdPIO, ATRAV\u00c9S DA PARCERIA ENTRE O PODER EXECUTIVO E AS EMPRESAS INSTALADAS NO MUNIC\u00cdPIO DE MARECHAL FLORIANO E D\u00c1 OUTRAS PROVID\u00caNCIAS. "}, {"id": "3374", "ano": "2017", "numero": "56", "tipo__sigla": "PLO", "tipo__descricao": "Projeto de Lei Ordin\u00e1ria", "autoria": "Cabral", "texto_original": "http://sapl.marechalfloriano.es.leg.br/media/./sapl/public/materialegislativa/2017/3374/3374_texto_integral.pdf", "ementa": "D\u00c1 NOME DE JOANA LITTIG MEES, A RUA PROJETADA COM INICIO A BR 262 E TERMINO NA ESCADARIA QUE D\u00c1 ACESSO A RUA THIERS VELOSO."}, {"id": "2938", "ano": "2017", "numero": "57", "tipo__sigla": "PLO", "tipo__descricao": "Projeto de Lei Ordin\u00e1ria", "autoria": "Jo\u00e3o Carlos Lorenzoni", "texto_original": "http://sapl.marechalfloriano.es.leg.br/media/./sapl/public/materialegislativa/2017/2938/2938_texto_integral.pdf", "ementa": "DISP\u00d5E SOBRE O CONSELHO MUNICIPAL DE CULTURA DE MARECHAL FLORIANO E D\u00c1 OUTRAS PROVIDENCIAS "}, {"id": "2937", "ano": "2017", "numero": "58", "tipo__sigla": "PLO", "tipo__descricao": "Projeto de Lei Ordin\u00e1ria", "autoria": "Jo\u00e3o Carlos Lorenzoni", "texto_original": "http://sapl.marechalfloriano.es.leg.br/media/./sapl/public/materialegislativa/2017/2937/2937_texto_integral.pdf", "ementa": "CRIA O CONSELHO MUNICIPAL DE TURISMO DE MARECHAL FLORIANO "}, {"id": "3375", "ano": "2017", "numero": "59", "tipo__sigla": "PLO", "tipo__descricao": "Projeto de Lei Ordin\u00e1ria", "autoria": "Jo\u00e3o Carlos Lorenzoni", "texto_original": "http://sapl.marechalfloriano.es.leg.br/media/./sapl/public/materialegislativa/2017/3375/3375_texto_integral.pdf", "ementa": "CRIA CARGO DE COMISS\u00c3O ESPECIAL A SER INCLU\u00cdDO NA LEI MUNICIPAL N\u00b0. 565, DE 07 DE NOVEMBRO DE 2005 E D\u00c1 OUTRAS PROVID\u00caNCIAS."}, {"id": "2935", "ano": "2017", "numero": "60", "tipo__sigla": "PLO", "tipo__descricao": "Projeto de Lei Ordin\u00e1ria", "autoria": "Renato Werneck", "texto_original": "http://sapl.marechalfloriano.es.leg.br/media/./sapl/public/materialegislativa/2017/2935/2935_texto_integral.pdf", "ementa": "REGULAMENTA A DISCIPLINA A DEVOLU\u00c7\u00c3O ESPONT\u00c2NEA DO DUOD\u00c9CIMO DO PODER LEGISLATIVO "}, {"id": "4441", "ano": "2017", "numero": "61", "tipo__sigla": "PLO", "tipo__descricao": "Projeto de Lei Ordin\u00e1ria", "autoria": "Cezinha Ronchi", "texto_original": "http://sapl.marechalfloriano.es.leg.br/media/./sapl/public/materialegislativa/2017/4441/4441_texto_integral.pdf", "ementa": "INSTITUI A SEMANA MUNICIPAL ESCOLAR DE ORIENTA\u00c7\u00c3O SOBRE EDUCA\u00c7\u00c3O FINANCEIRA  "}, {"id": "4440", "ano": "2017", "numero": "62", "tipo__sigla": "PLO", "tipo__descricao": "Projeto de Lei Ordin\u00e1ria", "autoria": "Cezinha Ronchi", "texto_original": "http://sapl.marechalfloriano.es.leg.br/media/./sapl/public/materialegislativa/2017/4440/4440_texto_integral.pdf", "ementa": "DISP\u00d5E SOBRE A CRIA\u00c7\u00c3O DO PROGRAMA \"ADOTE UM BANHEIRO P\u00daBLICO\", E D\u00c1 OUTRAS PROVID\u00caNCIAS "}, {"id": "4438", "ano": "2017", "numero": "63", "tipo__sigla": "PLO", "tipo__descricao": "Projeto de Lei Ordin\u00e1ria", "autoria": "JOAQUIM STEIN", "texto_original": "http://sapl.marechalfloriano.es.leg.br/media/./sapl/public/materialegislativa/2017/4438/4438_texto_integral.pdf", "ementa": "DISP\u00d5E SOBRE A INSTITUI\u00c7\u00c3O DO \"PROGRAMA MOMENTO MULHER\", E D\u00c1 OUTRAS PROVID\u00caNCIAS  "}, {"id": "4437", "ano": "2017", "numero": "64", "tipo__sigla": "PLO", "tipo__descricao": "Projeto de Lei Ordin\u00e1ria", "autoria": "Felipe Hulle Del Puppo", "texto_original": "http://sapl.marechalfloriano.es.leg.br/media/./sapl/public/materialegislativa/2017/4437/4437_texto_integral.pdf", "ementa": "INSTITUI O PROGRAMA MUNICIPAL DE ADO\u00c7\u00c3O DE ANIMAIS ABANDONADOS "}, {"id": "4436", "ano": "2017", "numero": "65", "tipo__sigla": "PLO", "tipo__descricao": "Projeto de Lei Ordin\u00e1ria", "autoria": "Felipe Hulle Del Puppo", "texto_original": "http://sapl.marechalfloriano.es.leg.br/media/./sapl/public/materialegislativa/2017/4436/4436_texto_integral.pdf", "ementa": "AUTORIZA O PODER EXECUTIVO INSTITUIR O SERVI\u00c7O \"DISQUE-ENTULHO\" NO MUNIC\u00cdPIO DE MARECHAL FLORIANO E D\u00c1 OUTRAS PROVID\u00caNCIAS "}, {"id": "12947", "ano": "2017", "numero": "66", "tipo__sigla": "PLO", "tipo__descricao": "Projeto de Lei Ordin\u00e1ria", "autoria": "Felipe Hulle Del Puppo", "texto_original": "http://sapl.marechalfloriano.es.leg.br/media/sapl/public/materialegislativa/2017/12947/066_2017_pll.pdf", "ementa": "\" INSTITUI NO CALENDARIO ESPORTIVO, O PASSEIO CICLISTICO DO DIA DA MULHER, NO MUNICIPIO DE MARECHAL FLORIANO-ES E D\u00c1 OUTRAS PROVIDENCIAS.\""}, {"id": "4435", "ano": "2017", "numero": "67", "tipo__sigla": "PLO", "tipo__descricao": "Projeto de Lei Ordin\u00e1ria", "autoria": "DIONY STEIN", "texto_original": "http://sapl.marechalfloriano.es.leg.br/media/./sapl/public/materialegislativa/2017/4435/4435_texto_integral.pdf", "ementa": "DISP\u00d5E SOBRE A EXPOSI\u00c7\u00c3O DE MOTOS, NO MUNIC\u00cdPIO DE MARECHAL FLORIANO E D\u00c1 OUTRAS PROVID\u00caNCIAS. "}, {"id": "4434", "ano": "2017", "numero": "68", "tipo__sigla": "PLO", "tipo__descricao": "Projeto de Lei Ordin\u00e1ria", "autoria": "Jo\u00e3o Carlos Lorenzoni", "texto_original": "http://sapl.marechalfloriano.es.leg.br/media/./sapl/public/materialegislativa/2017/4434/4434_texto_integral.pdf", "ementa": "AUTORIZA ABERTURA DE CR\u00c9DITO ADICIONAL SUPLEMENTAR NO OR\u00c7AMENTO GERAL DO MUNIC\u00cdPIO DE MARECHAL FLORIANO-ES."}, {"id": "2934", "ano": "2017", "numero": "69", "tipo__sigla": "PLO", "tipo__descricao": "Projeto de Lei Ordin\u00e1ria", "autoria": "Jo\u00e3o Carlos Lorenzoni", "texto_original": "http://sapl.marechalfloriano.es.leg.br/media/./sapl/public/materialegislativa/2017/2934/2934_texto_integral.pdf", "ementa": "AUTORIZA O PODER EXECUTIVO MUNICIPAL A REPASSAR RECURSOS FINANCEIROS A T\u00cdTULO DE SUBVEN\u00c7\u00c3O SOCIAL \u00c0 ASSOCIA\u00c7\u00c3O PESTALOZZI E SOU FELIZ NO \u00c2MBITO DO MUNIC\u00cdPIO DE MARECHAL FLORIANO/ES E D\u00c1 OUTRAS PROVID\u00caNCIAS "}, {"id": "3377", "ano": "2017", "numero": "70", "tipo__sigla": "PLO", "tipo__descricao": "Projeto de Lei Ordin\u00e1ria", "autoria": "Felipe Hulle Del Puppo", "texto_original": "http://sapl.marechalfloriano.es.leg.br/media/./sapl/public/materialegislativa/2017/3377/3377_texto_integral.pdf", "ementa": "INSTITUI NO \u00c2MBITO DO MUNIC\u00cdPIO DE MARECHAL FLORIANO O M\u00caS \"JUNHO VERMELHO\", DEDICADO \u00c0 CAMPANHA DE INCENTIVO A DOA\u00c7\u00c3O DE SANGUE E D\u00c1 OUTRAS PROVID\u00caNCIAS. "}, {"id": "3380", "ano": "2017", "numero": "71", "tipo__sigla": "PLO", "tipo__descricao": "Projeto de Lei Ordin\u00e1ria", "autoria": "Felipe Hulle Del Puppo", "texto_original": "http://sapl.marechalfloriano.es.leg.br/media/./sapl/public/materialegislativa/2017/3380/3380_texto_integral.pdf", "ementa": "INSTITUI SEMIN\u00c1RIO ANUAL PARA ELABORA\u00c7\u00c3O DO PLANO DE DESENVOLVIMENTO RURAL E D\u00c1 OUTRAS PROVID\u00caNCIAS. "}, {"id": "3382", "ano": "2017", "numero": "72", "tipo__sigla": "PLO", "tipo__descricao": "Projeto de Lei Ordin\u00e1ria", "autoria": "Cezinha Ronchi", "texto_original": "http://sapl.marechalfloriano.es.leg.br/media/./sapl/public/materialegislativa/2017/3382/3382_texto_integral.pdf", "ementa": "INSTITUI A TRIBUNA ACAD\u00caMICA NA C\u00c2MARA MUNICIPAL DE MARECHAL FLORIANO-ES. "}, {"id": "3383", "ano": "2017", "numero": "73", "tipo__sigla": "PLO", "tipo__descricao": "Projeto de Lei Ordin\u00e1ria", "autoria": "Cezinha Ronchi", "texto_original": "http://sapl.marechalfloriano.es.leg.br/media/./sapl/public/materialegislativa/2017/3383/3383_texto_integral.pdf", "ementa": "INSERE NO CALEND\u00c1RIO OFICIAL DE EVENTOS DO MUNIC\u00cdPIO DE MARECHAL FLORIANO, A COMEMORA\u00c7\u00c3O PELO ANIVERSARIO DO ESPORTE CLUBE ARAGUAIA. "}, {"id": "3389", "ano": "2017", "numero": "74", "tipo__sigla": "PLO", "tipo__descricao": "Projeto de Lei Ordin\u00e1ria", "autoria": "JOAQUIM STEIN", "texto_original": "http://sapl.marechalfloriano.es.leg.br/media/./sapl/public/materialegislativa/2017/3389/3389_texto_integral.pdf", "ementa": "DISP\u00d5E SOBRE A CRIA\u00c7\u00c3O DO PROGRAMA \"MEU BAIRRO BEM CUIDADO\", E D\u00c1 OUTRAS PROVID\u00caNCIAS. "}, {"id": "3391", "ano": "2017", "numero": "75", "tipo__sigla": "PLO", "tipo__descricao": "Projeto de Lei Ordin\u00e1ria", "autoria": "Jo\u00e3o Carlos Lorenzoni", "texto_original": "http://sapl.marechalfloriano.es.leg.br/media/./sapl/public/materialegislativa/2017/3391/3391_texto_integral.pdf", "ementa": "DISP\u00d5E SOBRE A CONCESS\u00c3O DE AUXILIO ALIMENTA\u00c7\u00c3O AOS CONSELHEIROS TUTELARES E D\u00c1 OUTRAS PROVID\u00caNCIAS. "}, {"id": "3392", "ano": "2017", "numero": "76", "tipo__sigla": "PLO", "tipo__descricao": "Projeto de Lei Ordin\u00e1ria", "autoria": "Cezinha Ronchi", "texto_original": "http://sapl.marechalfloriano.es.leg.br/media/./sapl/public/materialegislativa/2017/3392/3392_texto_integral.pdf", "ementa": "DENOMINA DE \"FRANCISCO JOS\u00c9 FUSATO\", A CANCHA COMUNIT\u00c1RIA DE BOCHA, LOCALIZADA NO DISTRITO DE ARAGUAIA. "}, {"id": "3393", "ano": "2017", "numero": "77", "tipo__sigla": "PLO", "tipo__descricao": "Projeto de Lei Ordin\u00e1ria", "autoria": "Cezinha Ronchi", "texto_original": "http://sapl.marechalfloriano.es.leg.br/media/./sapl/public/materialegislativa/2017/3393/3393_texto_integral.pdf", "ementa": "DENOMINA DE \"JACINTO CATELAN JUNIOR\", A \u00c1REA DE EVENTOS LOCALIZADA EM CIMA DA CANCHA COMUNIT\u00c1RIA DE BOCHA, NO DISTRITO DE ARAGUAIA. "}, {"id": "3394", "ano": "2017", "numero": "78", "tipo__sigla": "PLO", "tipo__descricao": "Projeto de Lei Ordin\u00e1ria", "autoria": "DIONY STEIN", "texto_original": "http://sapl.marechalfloriano.es.leg.br/media/./sapl/public/materialegislativa/2017/3394/3394_texto_integral.pdf", "ementa": "DENOMINA DE \"RUA IDA RUPF\", NESTE MUNIC\u00cdPIO. "}, {"id": "3395", "ano": "2017", "numero": "79", "tipo__sigla": "PLO", "tipo__descricao": "Projeto de Lei Ordin\u00e1ria", "autoria": "JOAQUIM STEIN", "texto_original": "http://sapl.marechalfloriano.es.leg.br/media/./sapl/public/materialegislativa/2017/3395/3395_texto_integral.pdf", "ementa": "INSTITUI NO \u00c2MBITO DO MUNIC\u00cdPIO DE MARECHAL FLORIANO, O \"PROGRAMA DE ENVELHECIMENTO ATIVO E SA\u00daDE DA PESSOA IDOSA\", E D\u00c1 OUTRAS PROVID\u00caNCIAS. "}, {"id": "3396", "ano": "2017", "numero": "80", "tipo__sigla": "PLO", "tipo__descricao": "Projeto de Lei Ordin\u00e1ria", "autoria": "Felipe Hulle Del Puppo", "texto_original": "http://sapl.marechalfloriano.es.leg.br/media/./sapl/public/materialegislativa/2017/3396/3396_texto_integral.pdf", "ementa": "INSTITUI NO MUNIC\u00cdPIO DE MARECHAL FLORIANO O \"DIA MUNICIPAL DA CAPOEIRA\" E D\u00c1 OUTRAS PROVID\u00caNCIAS. "}, {"id": "4102", "ano": "2017", "numero": "81", "tipo__sigla": "PLO", "tipo__descricao": "Projeto de Lei Ordin\u00e1ria", "autoria": "JOAQUIM STEIN", "texto_original": "http://sapl.marechalfloriano.es.leg.br/media/./sapl/public/materialegislativa/2017/4102/4102_texto_integral.pdf", "ementa": "DISP\u00d5E SOBRE O CONTROLE POPULACIONAL E BEM ESTAR ANIMAL, SUA POSSE RESPONS\u00c1VEL, VACINA\u00c7\u00c3O, TR\u00c2NSITO EM VIAS P\u00daBLICAS, COM\u00c9RCIO, DOA\u00c7\u00c3O, APREENS\u00c3O, REMO\u00c7\u00c3O, DESTINA\u00c7\u00c3O E D\u00c1 OUTRAS PROVID\u00caNCIAS. "}, {"id": "4104", "ano": "2017", "numero": "82", "tipo__sigla": "PLO", "tipo__descricao": "Projeto de Lei Ordin\u00e1ria", "autoria": "JOAQUIM STEIN", "texto_original": "http://sapl.marechalfloriano.es.leg.br/media/./sapl/public/materialegislativa/2017/4104/4104_texto_integral.pdf", "ementa": "INSTITUI NO CALEND\u00c1RIO OFICIAL DO MUNIC\u00cdPIO DE MARECHAL FLORIANO O TEATRO DA \"ENCENA\u00c7\u00c3O DA PAI\u00c3O DE CRISTO\", E D\u00c1 OUTRAS PROVID\u00caNCIAS. "}, {"id": "4113", "ano": "2017", "numero": "83", "tipo__sigla": "PLO", "tipo__descricao": "Projeto de Lei Ordin\u00e1ria", "autoria": "JOAQUIM STEIN", "texto_original": "http://sapl.marechalfloriano.es.leg.br/media/./sapl/public/materialegislativa/2017/4113/4113_texto_integral.pdf", "ementa": "DISP\u00d5E SOBRE O DESCARTE DE LAMPADAS, PILHAS, BATERIAS, BATERIAS DE CELULAR E OUTROS TIPOS DE ACUMULADORES DE ENERGIA NO \u00c2MBITO DO MUNIC\u00cdPIO DE MARECHAL FLORIANO."}, {"id": "4112", "ano": "2017", "numero": "84", "tipo__sigla": "PLO", "tipo__descricao": "Projeto de Lei Ordin\u00e1ria", "autoria": "Felipe Hulle Del Puppo", "texto_original": "http://sapl.marechalfloriano.es.leg.br/media/./sapl/public/materialegislativa/2017/4112/4112_texto_integral.pdf", "ementa": "INSTITUI E INCLUI NO CALEND\u00c1RIO OFICIAL DE DATAS E EVENTOS DO MUNIC\u00cdPIO DE MARECHAL FLORIANO/ES, O EVENTO DE CORPUS CHRISTI, E D\u00c1 OUTRAS PROVID\u00caNCIAS."}, {"id": "4106", "ano": "2017", "numero": "85", "tipo__sigla": "PLO", "tipo__descricao": "Projeto de Lei Ordin\u00e1ria", "autoria": "DIONY STEIN", "texto_original": "http://sapl.marechalfloriano.es.leg.br/media/./sapl/public/materialegislativa/2017/4106/4106_texto_integral.pdf", "ementa": "DISP\u00d5E SOBRE A LEITURA DE TRECHO DA BIBLIA NOS DIAS DE SESS\u00d5ES DA C\u00c2MARA MUNICIPAL, E D\u00c1 OUTRAS PROVID\u00caNCIAS."}, {"id": "4108", "ano": "2017", "numero": "86", "tipo__sigla": "PLO", "tipo__descricao": "Projeto de Lei Ordin\u00e1ria", "autoria": "JOAQUIM STEIN", "texto_original": "http://sapl.marechalfloriano.es.leg.br/media/./sapl/public/materialegislativa/2017/4108/4108_texto_integral.pdf", "ementa": "INSTITUI E INSERE NO CALEND\u00c1RIO OFICIAL DE DATAS E EVENTOS DO MUNIC\u00cdPIO DE MARECHAL FLORIANO, O DIA DA ENFERMAGEM, E D\u00c1 OUTRAS PROVID\u00caNCIAS  "}, {"id": "4110", "ano": "2017", "numero": "87", "tipo__sigla": "PLO", "tipo__descricao": "Projeto de Lei Ordin\u00e1ria", "autoria": "UBALDINO SARAIVA", "texto_original": "http://sapl.marechalfloriano.es.leg.br/media/./sapl/public/materialegislativa/2017/4110/4110_texto_integral.pdf", "ementa": "INSTITUI E INSERE NO CALEND\u00c1RIO OFICIAL DE DATAS E EVENTOS DO MUNIC\u00cdPIO DE MARECHAL FLORIANO/ES, A FESTA CAIPIRA DA VILA DOS IP\u00caS, REALIZADA ANUALMENTE NO M\u00caS DE AGOSTO, NO DISTRITO DE SANTA MARIA, E D\u00c1 OUTRAS PROVID\u00caNCIAS. "}, {"id": "4111", "ano": "2017", "numero": "88", "tipo__sigla": "PLO", "tipo__descricao": "Projeto de Lei Ordin\u00e1ria", "autoria": "Felipe Hulle Del Puppo", "texto_original": "http://sapl.marechalfloriano.es.leg.br/media/./sapl/public/materialegislativa/2017/4111/4111_texto_integral.pdf", "ementa": "INSTITUI A SEMANA DE PREVEN\u00c7\u00c3O E COMBATE \u00c0 MICROCEFALIA E D\u00c1 OUTRAS PROVID\u00caNCIAS."}, {"id": "4197", "ano": "2017", "numero": "89", "tipo__sigla": "PLO", "tipo__descricao": "Projeto de Lei Ordin\u00e1ria", "autoria": "Jo\u00e3o Carlos Lorenzoni", "texto_original": "http://sapl.marechalfloriano.es.leg.br/media/./sapl/public/materialegislativa/2017/4197/4197_texto_integral.pdf", "ementa": "DISP\u00d5E SOBRE GRATIFICA\u00c7\u00c3O PARA MOTORISTAS DE AMBUL\u00c2NCIA QUE POSSUEM CURSO DE SOCORRISTA E D\u00c1 OUTRAS PROVID\u00caNCIAS."}, {"id": "4442", "ano": "2017", "numero": "90", "tipo__sigla": "PLO", "tipo__descricao": "Projeto de Lei Ordin\u00e1ria", "autoria": "Jo\u00e3o Carlos Lorenzoni", "texto_original": "http://sapl.marechalfloriano.es.leg.br/media/./sapl/public/materialegislativa/2017/4442/4442_texto_integral.pdf", "ementa": "ALTERA LEI MUNICIPAL N\u00ba. 1.192, DE 23 DE JANEIRO DE 2013."}, {"id": "4443", "ano": "2017", "numero": "91", "tipo__sigla": "PLO", "tipo__descricao": "Projeto de Lei Ordin\u00e1ria", "autoria": "Jo\u00e3o Carlos Lorenzoni", "texto_original": "http://sapl.marechalfloriano.es.leg.br/media/./sapl/public/materialegislativa/2017/4443/4443_texto_integral.pdf", "ementa": "DISP\u00d5E SOBRE A REGULARIZA\u00c7\u00c3O DE TERRENOS URBANOS NO MUNIC\u00cdPIO DE MARECHAL FLORIANO. "}, {"id": "4444", "ano": "2017", "numero": "92", "tipo__sigla": "PLO", "tipo__descricao": "Projeto de Lei Ordin\u00e1ria", "autoria": "JOAQUIM STEIN", "texto_original": "http://sapl.marechalfloriano.es.leg.br/media/./sapl/public/materialegislativa/2017/4444/4444_texto_integral.pdf", "ementa": "INSTITUI NO \u00c2MBITO DO MUNIC\u00cdPIO DE MARECHAL FLORIANO, O M\u00caS 'JANEIRO BRANCO', DEDICADO A REALIZA\u00c7\u00c3O DE A\u00c7\u00d5ES EDUCATIVAS PARA A DIFUS\u00c3O DA SA\u00daDE MENTAL. "}, {"id": "4445", "ano": "2017", "numero": "93", "tipo__sigla": "PLO", "tipo__descricao": "Projeto de Lei Ordin\u00e1ria", "autoria": "JOAQUIM STEIN", "texto_original": "http://sapl.marechalfloriano.es.leg.br/media/./sapl/public/materialegislativa/2017/4445/4445_texto_integral.pdf", "ementa": "INSTITUI NO CALEND\u00c1RIO DE EVENTOS OFICIAIS NO MUNIC\u00cdPIO DE MARECHAL FLORIANO A SEMANA MUNICIPAL DE EDUCA\u00c7\u00c3O F\u00cdSICA E D\u00c1 OUTRAS PROVID\u00caNCIAS. "}, {"id": "4446", "ano": "2017", "numero": "94", "tipo__sigla": "PLO", "tipo__descricao": "Projeto de Lei Ordin\u00e1ria", "autoria": "Felipe Hulle Del Puppo", "texto_original": "http://sapl.marechalfloriano.es.leg.br/media/./sapl/public/materialegislativa/2017/4446/4446_texto_integral.pdf", "ementa": "INSTITUI A \"SEMANA MUNICIPAL DO ALEITAMENTO MATERNO\" NO MUNIC\u00cdPIO DE MARECHAL FLORIANO. "}, {"id": "4447", "ano": "2017", "numero": "95", "tipo__sigla": "PLO", "tipo__descricao": "Projeto de Lei Ordin\u00e1ria", "autoria": "Felipe Hulle Del Puppo", "texto_original": "http://sapl.marechalfloriano.es.leg.br/media/./sapl/public/materialegislativa/2017/4447/4447_texto_integral.pdf", "ementa": "INSTITUI O \"TORNEIO DO DIA DO TRABALHADOR\" E D\u00c1 OUTRAS PROVID\u00caNCIAS. "}, {"id": "4448", "ano": "2017", "numero": "96", "tipo__sigla": "PLO", "tipo__descricao": "Projeto de Lei Ordin\u00e1ria", "autoria": "Felipe Hulle Del Puppo", "texto_original": "http://sapl.marechalfloriano.es.leg.br/media/./sapl/public/materialegislativa/2017/4448/4448_texto_integral.pdf", "ementa": "AUTORIZA A INSTITUI\u00c7\u00c3O DA OLIMP\u00cdADA MUNICIPAL DE PORTUGU\u00caS, VOLTADA AOS ALUNOS DA REDE P\u00daBLICA DE ENSINO DO MUNIC\u00cdPIO DE MARECHAL FLORIANO, E D\u00c1 OUTRAS PROVID\u00caNCIAS. "}, {"id": "4449", "ano": "2017", "numero": "97", "tipo__sigla": "PLO", "tipo__descricao": "Projeto de Lei Ordin\u00e1ria", "autoria": "Cezinha Ronchi", "texto_original": "http://sapl.marechalfloriano.es.leg.br/media/./sapl/public/materialegislativa/2017/4449/4449_texto_integral.pdf", "ementa": "ACRESCENTA \u00c1REA DE PER\u00cdMETRO URBANO NO ARTIGO 5\u00ba DA LEI N\u00ba 066 DE 08 DE ABRIL DE 1994"}, {"id": "4450", "ano": "2017", "numero": "98", "tipo__sigla": "PLO", "tipo__descricao": "Projeto de Lei Ordin\u00e1ria", "autoria": "Cezinha Ronchi", "texto_original": "http://sapl.marechalfloriano.es.leg.br/media/./sapl/public/materialegislativa/2017/4450/4450_texto_integral.pdf", "ementa": "DENOMINA DE BAIRRO SANTA ROSA DE ARAGUAIA, NO DISTRITO DE ARAGUAIA."}, {"id": "4451", "ano": "2017", "numero": "99", "tipo__sigla": "PLO", "tipo__descricao": "Projeto de Lei Ordin\u00e1ria", "autoria": "Cezinha Ronchi", "texto_original": "http://sapl.marechalfloriano.es.leg.br/media/./sapl/public/materialegislativa/2017/4451/4451_texto_integral.pdf", "ementa": "FICA O PODER EXECUTIVO MUNICIPAL AUTORIZADO A INSTITUIR O PLANO MUNICIPAL DE VALORIZA\u00c7\u00c3O DA VIDA E A CAMPANHA MUNICIPAL DE PREVEN\u00c7\u00c3O AO SUIC\u00cdDIO, DENOMINADA \"SETEMBRO AMARELO\", E D\u00c1 OUTRAS PROVID\u00caNCIAS "}, {"id": "4452", "ano": "2017", "numero": "100", "tipo__sigla": "PLO", "tipo__descricao": "Projeto de Lei Ordin\u00e1ria", "autoria": "UBALDINO SARAIVA", "texto_original": "http://sapl.marechalfloriano.es.leg.br/media/./sapl/public/materialegislativa/2017/4452/4452_texto_integral.pdf", "ementa": "FICA CRIADA NO MUNIC\u00cdPIO DE MARECHAL FLORIANO A RESERVA PARTICULAR DO PATRIM\u00d4NIO NATURAL MUNICIPAL - RPPNM, DE CONFORMIDADE COM O QUE PRECEITUA O ART. 21 DA LEI FEDERAL N\u00ba 9.985, DE 18 DE JULHO DE 2000, REGULAMENTADO PELO DECRETO N\u00ba 5.746, DE 5 DE ABRIL DE 2006."}, {"id": "4453", "ano": "2017", "numero": "101", "tipo__sigla": "PLO", "tipo__descricao": "Projeto de Lei Ordin\u00e1ria", "autoria": "UBALDINO SARAIVA", "texto_original": "http://sapl.marechalfloriano.es.leg.br/media/./sapl/public/materialegislativa/2017/4453/4453_texto_integral.pdf", "ementa": "INSTITUI O DIA DO AGRICULTOR, NO \u00c2MBITO DO MUNIC\u00cdPIO DE MARECHAL FLORIANO-ES. "}, {"id": "4596", "ano": "2017", "numero": "102", "tipo__sigla": "PLO", "tipo__descricao": "Projeto de Lei Ordin\u00e1ria", "autoria": "Jo\u00e3o Carlos Lorenzoni", "texto_original": "http://sapl.marechalfloriano.es.leg.br/media/./sapl/public/materialegislativa/2017/4596/4596_texto_integral.pdf", "ementa": "ALTERA I DA LEI MUNICIPAL N\u00b01.792 DE 13 DE FEVEREIRO DE 2017 E D\u00c1 OUTRAS PROVID\u00caNCIAS."}, {"id": "4597", "ano": "2017", "numero": "103", "tipo__sigla": "PLO", "tipo__descricao": "Projeto de Lei Ordin\u00e1ria", "autoria": "Jo\u00e3o Carlos Lorenzoni", "texto_original": "http://sapl.marechalfloriano.es.leg.br/media/./sapl/public/materialegislativa/2017/4597/4597_texto_integral.pdf", "ementa": "AUTORIZA ABERTURA DE CR\u00c9DITO ADICIONAL SUPLEMENTAR NO OR\u00c7AMENTO GERAL DO MUNIC\u00cdPIO DE MARECHAL FLORIANO-ES."}, {"id": "4598", "ano": "2017", "numero": "104", "tipo__sigla": "PLO", "tipo__descricao": "Projeto de Lei Ordin\u00e1ria", "autoria": "Felipe Hulle Del Puppo", "texto_original": "http://sapl.marechalfloriano.es.leg.br/media/./sapl/public/materialegislativa/2017/4598/4598_texto_integral.pdf", "ementa": "INSERE NO CALEND\u00c1RIO OFICIAL DE DATAS E EVENTOS DO MUNIC\u00cdPIO DE MARECHAL FLORIANO/ES A \"FESTA NOSSA SENHORA DA PENHA\" REALIZADA PELA PAROQUIA DE SANT'ANA, E D\u00c1 OUTRAS PROVID\u00caNCIAS."}, {"id": "4599", "ano": "2017", "numero": "105", "tipo__sigla": "PLO", "tipo__descricao": "Projeto de Lei Ordin\u00e1ria", "autoria": "Cezinha Ronchi", "texto_original": "http://sapl.marechalfloriano.es.leg.br/media/./sapl/public/materialegislativa/2017/4599/4599_texto_integral.pdf", "ementa": "INSTITUI NO \u00c2MBITO NO MUNIC\u00cdPIO DE MARECHAL FLORIANO/ES, A SEMANA DE CONSCIENTIZA\u00c7\u00c3O SOBRE OS DIREITOS E DEVERES DAS GESTANTES."}, {"id": "4600", "ano": "2017", "numero": "106", "tipo__sigla": "PLO", "tipo__descricao": "Projeto de Lei Ordin\u00e1ria", "autoria": "JOAQUIM STEIN", "texto_original": "http://sapl.marechalfloriano.es.leg.br/media/./sapl/public/materialegislativa/2017/4600/4600_texto_integral.pdf", "ementa": "INSTITUI NO \u00c2MBITO DO MUNIC\u00cdPIO DE MARECHAL FLORIANO/ES, O DIA DO GAR\u00c7OM E GAR\u00c7ONETE."}, {"id": "4601", "ano": "2017", "numero": "107", "tipo__sigla": "PLO", "tipo__descricao": "Projeto de Lei Ordin\u00e1ria", "autoria": "JOAQUIM STEIN", "texto_original": "http://sapl.marechalfloriano.es.leg.br/media/./sapl/public/materialegislativa/2017/4601/4601_texto_integral.pdf", "ementa": "INSTITUI NO \u00c2MBITO DO MUNIC\u00cdPIO DE MARECHAL FLORIANO/ES, A SEMANA DE PREVEN\u00c7\u00c3O \u00c0 SA\u00daDE DO HOMEM E D\u00c1 OUTRAS PROVID\u00caNCIAS."}, {"id": "4602", "ano": "2017", "numero": "108", "tipo__sigla": "PLO", "tipo__descricao": "Projeto de Lei Ordin\u00e1ria", "autoria": "JOAQUIM STEIN", "texto_original": "http://sapl.marechalfloriano.es.leg.br/media/./sapl/public/materialegislativa/2017/4602/4602_texto_integral.pdf", "ementa": "INSERE NO CALEND\u00c1RIO OFICIAL DE DATAS E EVENTOS DO MUNIC\u00cdPIO DE MARECHAL FLORIANO/ES, A PROCISS\u00c3O DE F\u00c9, HONRA E LOUVOR A PADROEIRA NOSSA SENHORA APARECIDA, PROMOVIDA PELA IGREJA DE SANT'ANA, ANUALMENTE, EM 12 DE OUTUBRO."}, {"id": "4603", "ano": "2017", "numero": "109", "tipo__sigla": "PLO", "tipo__descricao": "Projeto de Lei Ordin\u00e1ria", "autoria": "Cabral", "texto_original": "http://sapl.marechalfloriano.es.leg.br/media/./sapl/public/materialegislativa/2017/4603/4603_texto_integral.pdf", "ementa": "INSTITUI O FESTIVAL DE M\u00daSICA, TEATRO E DAN\u00c7A NO MUNIC\u00cdPIO DE MARECHAL FLORIANO E D\u00c1 OUTRAS PROVID\u00caNCIAS."}, {"id": "4604", "ano": "2017", "numero": "110", "tipo__sigla": "PLO", "tipo__descricao": "Projeto de Lei Ordin\u00e1ria", "autoria": "Cabral", "texto_original": "http://sapl.marechalfloriano.es.leg.br/media/./sapl/public/materialegislativa/2017/4604/4604_texto_integral.pdf", "ementa": "DISP\u00d5E SOBRE A CRIA\u00c7\u00c3O DO PROGRAMA GRAFITE DO BEM, NO \u00c2MBITO DO MUNIC\u00cdPIO E D\u00c1 OUTRAS PROVID\u00caNCIAS."}, {"id": "4605", "ano": "2017", "numero": "111", "tipo__sigla": "PLO", "tipo__descricao": "Projeto de Lei Ordin\u00e1ria", "autoria": "Felipe Hulle Del Puppo", "texto_original": "http://sapl.marechalfloriano.es.leg.br/media/./sapl/public/materialegislativa/2017/4605/4605_texto_integral.pdf", "ementa": "INSTITUI A SEMANA MUNICIPAL DA SA\u00daDE NA RO\u00c7A E D\u00c1 OUTRAS PROVID\u00caNCIAS."}, {"id": "4606", "ano": "2017", "numero": "112", "tipo__sigla": "PLO", "tipo__descricao": "Projeto de Lei Ordin\u00e1ria", "autoria": "Felipe Hulle Del Puppo", "texto_original": "http://sapl.marechalfloriano.es.leg.br/media/./sapl/public/materialegislativa/2017/4606/4606_texto_integral.pdf", "ementa": "INSTITUI O DIA MUNICIPAL DE DEFESA, PREVEN\u00c7\u00c3O E PROTE\u00c7\u00c3O DO RIO JUCU BRA\u00c7O SUL E D\u00c1 OUTRAS PROVID\u00caNCIAS."}, {"id": "4607", "ano": "2017", "numero": "113", "tipo__sigla": "PLO", "tipo__descricao": "Projeto de Lei Ordin\u00e1ria", "autoria": "Cezinha Ronchi", "texto_original": "http://sapl.marechalfloriano.es.leg.br/media/./sapl/public/materialegislativa/2017/4607/4607_texto_integral.pdf", "ementa": "INSTITUI A POLITICA DE ZONAS VERDES, DESTINADO \u00c0 EXTENS\u00c3O TEMPOR\u00c1RIA DE PASSEIO P\u00daBLICO POR MEIO DA INSTALA\u00c7\u00c3O DE MINIPRA\u00c7AS (PARKLETS)."}, {"id": "12949", "ano": "2017", "numero": "114", "tipo__sigla": "PLO", "tipo__descricao": "Projeto de Lei Ordin\u00e1ria", "autoria": "Jo\u00e3o Carlos Lorenzoni", "texto_original": "http://sapl.marechalfloriano.es.leg.br/media/sapl/public/materialegislativa/2017/12949/114_2017_pll.pdf", "ementa": "DISPOE SOBRE O PLANO PLURIANUAL DO MUNICIPIO DE MARECHAL FLORIANO, ESTADO DO ESPIRITO SANTO PARA O PERIODO DE 2018 A 2021."}, {"id": "4608", "ano": "2017", "numero": "115", "tipo__sigla": "PLO", "tipo__descricao": "Projeto de Lei Ordin\u00e1ria", "autoria": "Felipe Hulle Del Puppo", "texto_original": "http://sapl.marechalfloriano.es.leg.br/media/./sapl/public/materialegislativa/2017/4608/4608_texto_integral.pdf", "ementa": "DECLARA \"DOMINGOS MARTINS\", MUNIC\u00cdPIO DO ESTADO DO ESPIRITO SANTO, CIDADE-IRM\u00c3 DE MARECHAL FLORIANO/ES."}, {"id": "4609", "ano": "2017", "numero": "116", "tipo__sigla": "PLO", "tipo__descricao": "Projeto de Lei Ordin\u00e1ria", "autoria": "Cabral", "texto_original": "http://sapl.marechalfloriano.es.leg.br/media/./sapl/public/materialegislativa/2017/4609/4609_texto_integral.pdf", "ementa": "INSTITUI E INSERE NO CALEND\u00c1RIO OFICIAL DE DATAS E EVENTOS DO MUNIC\u00cdPIO DE MARECHAL FLORIANO/ES, A SEMANA \"INTERCLUBES DAS MONTANHAS - SOCADOS MF\" E D\u00c1 OUTRAS PROVID\u00caNCIAS."}, {"id": "4610", "ano": "2017", "numero": "117", "tipo__sigla": "PLO", "tipo__descricao": "Projeto de Lei Ordin\u00e1ria", "autoria": "Cezinha Ronchi", "texto_original": "http://sapl.marechalfloriano.es.leg.br/media/./sapl/public/materialegislativa/2017/4610/4610_texto_integral.pdf", "ementa": "ALTERA A LEI MUNICIPAL N\u00b01.823 DE 31 DE MAIO DE 2017."}, {"id": "4611", "ano": "2017", "numero": "118", "tipo__sigla": "PLO", "tipo__descricao": "Projeto de Lei Ordin\u00e1ria", "autoria": "Felipe Hulle Del Puppo", "texto_original": "http://sapl.marechalfloriano.es.leg.br/media/./sapl/public/materialegislativa/2017/4611/4611_texto_integral.pdf", "ementa": "INSERE NO CALEND\u00c1RIO DE EVENTOS DO MUNIC\u00cdPIO DE MARECHAL FLORIANO, A \"FESTA DA PADROEIRA FREI GALV\u00c3O\", REALIZADA ANUALMENTE, NA IGREJA CAT\u00d3LICA DE COSTA PEREIRA."}, {"id": "4612", "ano": "2017", "numero": "119", "tipo__sigla": "PLO", "tipo__descricao": "Projeto de Lei Ordin\u00e1ria", "autoria": "Cezinha Ronchi, DAVI", "texto_original": "http://sapl.marechalfloriano.es.leg.br/media/./sapl/public/materialegislativa/2017/4612/4612_texto_integral.pdf", "ementa": "DISP\u00d5E SOBRE A CRIA\u00c7\u00c3O DA CASA DA MEM\u00d3RIA DOS FLORIANENSES NO \u00c2MBITO DO PODER LEGISLATIVO."}, {"id": "4613", "ano": "2017", "numero": "120", "tipo__sigla": "PLO", "tipo__descricao": "Projeto de Lei Ordin\u00e1ria", "autoria": "DAVI", "texto_original": "http://sapl.marechalfloriano.es.leg.br/media/./sapl/public/materialegislativa/2017/4613/4613_texto_integral.pdf", "ementa": "DISP\u00d5E SOBRE A CRIA\u00c7\u00c3O DO PROGRAMA SA\u00daDE BUCAL DO IDOSO E D\u00c1 OUTRAS PROVID\u00caNCIAS."}, {"id": "4614", "ano": "2017", "numero": "121", "tipo__sigla": "PLO", "tipo__descricao": "Projeto de Lei Ordin\u00e1ria", "autoria": "Cabral", "texto_original": "http://sapl.marechalfloriano.es.leg.br/media/./sapl/public/materialegislativa/2017/4614/4614_texto_integral.pdf", "ementa": "DENOMINA DE JORGE TADEU MODOLO A ESTA\u00c7\u00c3O DE TRATAMENTO DE ESGOTO DO MUNIC\u00cdPIO DE MARECHAL FLORIANO-ES."}, {"id": "5370", "ano": "2017", "numero": "122", "tipo__sigla": "PLO", "tipo__descricao": "Projeto de Lei Ordin\u00e1ria", "autoria": "Jo\u00e3o Carlos Lorenzoni", "texto_original": "http://sapl.marechalfloriano.es.leg.br/media/./sapl/public/materialegislativa/2017/5370/5370_texto_integral.pdf", "ementa": "CRIA O CARGO DE COORDENADOR DO SETOR DE FISIOTERAPIA E D\u00c1 OUTRAS PROVID\u00caNCIAS. "}, {"id": "5371", "ano": "2017", "numero": "123", "tipo__sigla": "PLO", "tipo__descricao": "Projeto de Lei Ordin\u00e1ria", "autoria": "Jo\u00e3o Carlos Lorenzoni", "texto_original": "http://sapl.marechalfloriano.es.leg.br/media/./sapl/public/materialegislativa/2017/5371/5371_texto_integral.pdf", "ementa": "ALTERA O ANEXO I DA LEI MUNICIPAL N\u00ba. 1.792, DE 13 DE FEVEREIRO DE 2017 E D\u00c1 OUTRAS PROVID\u00caNCIAS. "}, {"id": "5374", "ano": "2017", "numero": "124", "tipo__sigla": "PLO", "tipo__descricao": "Projeto de Lei Ordin\u00e1ria", "autoria": "Jo\u00e3o Carlos Lorenzoni", "texto_original": "http://sapl.marechalfloriano.es.leg.br/media/./sapl/public/materialegislativa/2017/5374/5374_texto_integral.pdf", "ementa": "ALTERA A LEI MUNICIPAL N\u00ba 1.439/2014, QUE ADOTA O DI\u00c1RIO OFICIAL DOS MUNIC\u00cdPIOS DO ESTADO DO ESP\u00cdRITO SANTO, INSTITU\u00cdDO E ADMINISTRADO PELA AMUNES, COMO VE\u00cdCULO OFICIAL DE PUBLICA\u00c7\u00c3O DOS ATOS NORMATIVOS E ADMINISTRATIVOS DO MUNIC\u00cdPIO DE MARECHAL FLORIANO-ES. "}, {"id": "5376", "ano": "2017", "numero": "125", "tipo__sigla": "PLO", "tipo__descricao": "Projeto de Lei Ordin\u00e1ria", "autoria": "Cezinha Ronchi", "texto_original": "http://sapl.marechalfloriano.es.leg.br/media/./sapl/public/materialegislativa/2017/5376/5376_texto_integral.pdf", "ementa": "INSERE NO CALEND\u00c1RIO OFICIAL DE DATAS E EVENTOS DO MUNIC\u00cdPIO DE MARECHAL FLORIANO/ES, A FESTA DE S\u00c3O JOS\u00c9, PADROEIRO DE SANTA MARIA. "}, {"id": "5379", "ano": "2017", "numero": "126", "tipo__sigla": "PLO", "tipo__descricao": "Projeto de Lei Ordin\u00e1ria", "autoria": "", "texto_original": "http://sapl.marechalfloriano.es.leg.br/media/./sapl/public/materialegislativa/2017/5379/5379_texto_integral.pdf", "ementa": "INSERE NO CALEND\u00c1RIO OFICIAL DE DATAS E EVENTOS DO MUNIC\u00cdPIO DE MARECHAL FLORIANO/ES, A FESTA DE S\u00c3O MIGUEL ARCANJO, PADROEIRO DE ARAGUAIA."}, {"id": "5381", "ano": "2017", "numero": "127", "tipo__sigla": "PLO", "tipo__descricao": "Projeto de Lei Ordin\u00e1ria", "autoria": "Cezinha Ronchi", "texto_original": "http://sapl.marechalfloriano.es.leg.br/media/./sapl/public/materialegislativa/2017/5381/5381_texto_integral.pdf", "ementa": "INSERE NO CALEND\u00c1RIO OFICIAL DE DATAS E EVENTOS DO MUNIC\u00cdPIO DE MARECHAL FLORIANO/ES, A FESTA DE NOSSA SENHORA DA GL\u00d3RIA, PADROEIRA DE RIO FUNDO."}, {"id": "5385", "ano": "2017", "numero": "128", "tipo__sigla": "PLO", "tipo__descricao": "Projeto de Lei Ordin\u00e1ria", "autoria": "Cabral, Cezinha Ronchi, DAVI, DIONY STEIN, Dod\u00f4 Krohling, Felipe Hulle Del Puppo, JOAQUIM STEIN, Renato Werneck, UBALDINO SARAIVA", "texto_original": "http://sapl.marechalfloriano.es.leg.br/media/./sapl/public/materialegislativa/2017/5385/5385_texto_integral.pdf", "ementa": "DISP\u00d5E SOBRE A CONCESS\u00c3O DE T\u00cdTULO DE CIDAD\u00c3O FLORIANENSE E HONRA AO M\u00c9RITO. "}, {"id": "5386", "ano": "2017", "numero": "129", "tipo__sigla": "PLO", "tipo__descricao": "Projeto de Lei Ordin\u00e1ria", "autoria": "Cezinha Ronchi, DAVI, Dod\u00f4 Krohling, JOAQUIM STEIN", "texto_original": "http://sapl.marechalfloriano.es.leg.br/media/./sapl/public/materialegislativa/2017/5386/5386_texto_integral.pdf", "ementa": "CONCEDE REAJUSTE NO VALOR DO AUXILIO ALIMENTA\u00c7\u00c3O DOS SERVIDORES DO PODER LEGISLATIVO MUNICIPAL. "}, {"id": "5390", "ano": "2017", "numero": "130", "tipo__sigla": "PLO", "tipo__descricao": "Projeto de Lei Ordin\u00e1ria", "autoria": "Dod\u00f4 Krohling", "texto_original": "http://sapl.marechalfloriano.es.leg.br/media/./sapl/public/materialegislativa/2017/5390/5390_texto_integral.pdf", "ementa": "INSERE NO CALEND\u00c1RIO OFICIAL DE DATAS E EVENTOS DO MUNIC\u00cdPIO DE MARECHAL FLORIANO/ES, O DIA DO JIPEIRO. "}, {"id": "12952", "ano": "2017", "numero": "131", "tipo__sigla": "PLO", "tipo__descricao": "Projeto de Lei Ordin\u00e1ria", "autoria": "Jo\u00e3o Carlos Lorenzoni", "texto_original": "http://sapl.marechalfloriano.es.leg.br/media/sapl/public/materialegislativa/2017/12952/131_2017_pll.pdf", "ementa": "ESTIMA RECEITA E FIXA DESPESA DO MUNICIPIO DE MARECHAL FLORIANO - ES PARA O EXERCICIO FINANCEIRO DE 2018"}, {"id": "12948", "ano": "2017", "numero": "132", "tipo__sigla": "PLO", "tipo__descricao": "Projeto de Lei Ordin\u00e1ria", "autoria": "Jo\u00e3o Carlos Lorenzoni", "texto_original": "http://sapl.marechalfloriano.es.leg.br/media/sapl/public/materialegislativa/2017/12948/132_2017_pll.pdf", "ementa": "AUTORIZA O PODER EXECUTIVO A CONTRATAR OPERA\u00c7\u00c3O DE CREDITO DENOMINADA FINANCIAMENTO PARA INFRAESTRUTURA E SANEAMENTO - FINISA, JUNTO A CAIXA ECONOMICA FEDERAL."}, {"id": "5393", "ano": "2017", "numero": "133", "tipo__sigla": "PLO", "tipo__descricao": "Projeto de Lei Ordin\u00e1ria", "autoria": "Cezinha Ronchi, DAVI, Dod\u00f4 Krohling, JOAQUIM STEIN", "texto_original": "http://sapl.marechalfloriano.es.leg.br/media/./sapl/public/materialegislativa/2017/5393/5393_texto_integral.pdf", "ementa": "AUTORIZA O PODER LEGISLATIVO MUNICIPAL A CONCEDER ABONO PECUNI\u00c1RIO AOS SERVIDORES. "}, {"id": "5394", "ano": "2017", "numero": "134", "tipo__sigla": "PLO", "tipo__descricao": "Projeto de Lei Ordin\u00e1ria", "autoria": "Felipe Hulle Del Puppo", "texto_original": "http://sapl.marechalfloriano.es.leg.br/media/./sapl/public/materialegislativa/2017/5394/5394_texto_integral.pdf", "ementa": "INSTITUI O FESTIVAL DO CHOPP ARTESANAL NO MUNIC\u00cdPIO DE MARECHAL FLORIANO E D\u00c1 OUTRAS PROVID\u00caNCIAS. "}, {"id": "5396", "ano": "2017", "numero": "135", "tipo__sigla": "PLO", "tipo__descricao": "Projeto de Lei Ordin\u00e1ria", "autoria": "Cezinha Ronchi", "texto_original": "http://sapl.marechalfloriano.es.leg.br/media/./sapl/public/materialegislativa/2017/5396/5396_texto_integral.pdf", "ementa": "INSERE NO CALEND\u00c1RIO OFICIAL DE DATAS E EVENTOS DO MUNIC\u00cdPIO DE MARECHAL FLORIANO/ES, A FESTA DE SANTO ANT\u00d4NIO, REALIZADA EM ARAGUAIA. "}, {"id": "5398", "ano": "2017", "numero": "136", "tipo__sigla": "PLO", "tipo__descricao": "Projeto de Lei Ordin\u00e1ria", "autoria": "Cezinha Ronchi", "texto_original": "http://sapl.marechalfloriano.es.leg.br/media/./sapl/public/materialegislativa/2017/5398/5398_texto_integral.pdf", "ementa": "INSERE NO CALEND\u00c1RIO OFICIAL DE DATAS E EVENTOS DO MUNIC\u00cdPIO DE MARECHAL FLORIANO/ES, A FESTA DE S\u00c3O SEBASTI\u00c3O, NA COMUNIDADE DE AUR\u00c9LIO PUPPIM. "}, {"id": "5399", "ano": "2017", "numero": "137", "tipo__sigla": "PLO", "tipo__descricao": "Projeto de Lei Ordin\u00e1ria", "autoria": "Cezinha Ronchi", "texto_original": "http://sapl.marechalfloriano.es.leg.br/media/./sapl/public/materialegislativa/2017/5399/5399_texto_integral.pdf", "ementa": "DENOMINA DE ESTRADA MUNICIPAL TAQUARAL, NESTE MUNIC\u00cdPIO. "}, {"id": "5401", "ano": "2017", "numero": "138", "tipo__sigla": "PLO", "tipo__descricao": "Projeto de Lei Ordin\u00e1ria", "autoria": "Cezinha Ronchi, DAVI, Dod\u00f4 Krohling, JOAQUIM STEIN", "texto_original": "http://sapl.marechalfloriano.es.leg.br/media/./sapl/public/materialegislativa/2017/5401/5401_texto_integral.pdf", "ementa": "ALTERA O ANEXO I DA LEI MUNICIPAL N\u00ba 1.887 DE 27 DE SETEMBRO DE 2017."}, {"id": "5405", "ano": "2017", "numero": "139", "tipo__sigla": "PLO", "tipo__descricao": "Projeto de Lei Ordin\u00e1ria", "autoria": "Jo\u00e3o Carlos Lorenzoni", "texto_original": "http://sapl.marechalfloriano.es.leg.br/media/./sapl/public/materialegislativa/2017/5405/5405_texto_integral.pdf", "ementa": "DISP\u00d5E SOBRE GRATIFICA\u00c7\u00c3O PARA MOTORISTAS DO CONSELHO TUTELAR E D\u00c1 OUTRAS PROVID\u00caNCIAS. "}, {"id": "11077", "ano": "2017", "numero": "140", "tipo__sigla": "PLO", "tipo__descricao": "Projeto de Lei Ordin\u00e1ria", "autoria": "Cezinha Ronchi", "texto_original": "http://sapl.marechalfloriano.es.leg.br/media/sapl/public/materialegislativa/2017/11077/140-2017.pdf", "ementa": "''INSERE NO CALEND\u00c1RIO OFICIAL DE DATAS E EVENTOS DO MUNIC\u00cdPIO DE MARECHAL FLORIANO/ES, A FESTA DE SANTO ANT\u00d4NIO, REALIZADA EM VICTOR HUGO''."}, {"id": "11080", "ano": "2017", "numero": "141", "tipo__sigla": "PLO", "tipo__descricao": "Projeto de Lei Ordin\u00e1ria", "autoria": "Cezinha Ronchi", "texto_original": "http://sapl.marechalfloriano.es.leg.br/media/sapl/public/materialegislativa/2017/11080/141-2017.pdf", "ementa": "''DECLARA PATRIM\u00d4NIO CULTURAL IMATERIAL DO MUNIC\u00cdPIO DE MARECHAL FLORIANO/ES, A L\u00cdNGUA HUNSRUCKISCH E A CULTURA ALEM\u00c3''."}, {"id": "11081", "ano": "2017", "numero": "143", "tipo__sigla": "PLO", "tipo__descricao": "Projeto de Lei Ordin\u00e1ria", "autoria": "Felipe Hulle Del Puppo", "texto_original": "http://sapl.marechalfloriano.es.leg.br/media/sapl/public/materialegislativa/2017/11081/143-2017.pdf", "ementa": "''INSTITUI NO \u00c2MBITO DO MUNIC\u00cdPIO DE MARECHAL FLORIANO-ES, O DIPLOMA DO M\u00c9RITO ESPORTIVO''."}, {"id": "11090", "ano": "2017", "numero": "144", "tipo__sigla": "PLO", "tipo__descricao": "Projeto de Lei Ordin\u00e1ria", "autoria": "Cabral", "texto_original": "http://sapl.marechalfloriano.es.leg.br/media/sapl/public/materialegislativa/2017/11090/144-2017.pdf", "ementa": "''INSTITUI E INCLUI NO CALEND\u00c1RIO OFICIAL DO MUNIC\u00cdPIO DE MARECHAL FLORIANO O ''FESTIVAL DE M\u00daSICA GOSPE'' E D\u00c1 OUTRAS PRVID\u00caNCIAS''."}, {"id": "11091", "ano": "2017", "numero": "145", "tipo__sigla": "PLO", "tipo__descricao": "Projeto de Lei Ordin\u00e1ria", "autoria": "Renato Werneck", "texto_original": "http://sapl.marechalfloriano.es.leg.br/media/sapl/public/materialegislativa/2017/11091/145-2017.pdf", "ementa": "''DISP\u00d5E SOBRE O ATENDIMENTO DIFERENCIADO PARA PORTADORES DE DIABETES NA REDE MUNICIPAL DE SA\u00daDE''."}, {"id": "11092", "ano": "2017", "numero": "146", "tipo__sigla": "PLO", "tipo__descricao": "Projeto de Lei Ordin\u00e1ria", "autoria": "Jo\u00e3o Carlos Lorenzoni", "texto_original": "http://sapl.marechalfloriano.es.leg.br/media/sapl/public/materialegislativa/2017/11092/146-2017.pdf", "ementa": "DISP\u00d5E SOBRE A ALTERA\u00c7\u00c3O DA LEI N\u00ba 1518 DE 17 DE SETEMBRO DE 2014, NO QUE TANGE AO PRAZO DE VIG\u00caNCIA DOS CONTRATOS."}, {"id": "11093", "ano": "2017", "numero": "147", "tipo__sigla": "PLO", "tipo__descricao": "Projeto de Lei Ordin\u00e1ria", "autoria": "Jo\u00e3o Carlos Lorenzoni", "texto_original": "http://sapl.marechalfloriano.es.leg.br/media/sapl/public/materialegislativa/2017/11093/147-2017.pdf", "ementa": "AUTORIZA O PODER EXECUTIVO MUNICIPAL, ATRAV\u00c9S DA SECRETARIA MUNICIPAL DE AGRICULTURA, A CONCEDER DOA\u00c7\u00c3O DE MUDAS, SEMENTES, CALC\u00c1RIO, FERTILIZANTES, SERVI\u00c7OS DE INSEMINA\u00c7\u00c3O ARTIFICIAL, PINTINHOS E OUTROS SIMILARES E D\u00c1 OUTRAS PROVID\u00caNCIAS."}, {"id": "11094", "ano": "2017", "numero": "148", "tipo__sigla": "PLO", "tipo__descricao": "Projeto de Lei Ordin\u00e1ria", "autoria": "MESA DIRETORA 2017/2018", "texto_original": "http://sapl.marechalfloriano.es.leg.br/media/sapl/public/materialegislativa/2017/11094/148-2017.pdf", "ementa": "REESTRUTURA E ORGANIZA A ESTRUTURA ADMINISTRATIVA DO PODER LEGISL\u00c1TIVO DO MUNIC\u00cdPIO DE MARECHAL FLORIANO-ES E D\u00c1 OUTRAS PROVID\u00caNCIAS."}, {"id": "11095", "ano": "2017", "numero": "149", "tipo__sigla": "PLO", "tipo__descricao": "Projeto de Lei Ordin\u00e1ria", "autoria": "Cezinha Ronchi", "texto_original": "http://sapl.marechalfloriano.es.leg.br/media/sapl/public/materialegislativa/2017/11095/149-2017.pdf", "ementa": "''DETERMINA QUE TODOS OS DOCUMENTOS PROTOCALIZADOS NO \u00c2MBITO DO PODER LEGISL\u00c1TIVO MUNICIPAL SEJAM DIGITALIZADOS E ARQUIVADOS EM M\u00cdDIAS DIGITAIS E D\u00c1 OUTRAS PROVID\u00caNCIAS''."}, {"id": "11096", "ano": "2017", "numero": "150", "tipo__sigla": "PLO", "tipo__descricao": "Projeto de Lei Ordin\u00e1ria", "autoria": "Felipe Hulle Del Puppo", "texto_original": "http://sapl.marechalfloriano.es.leg.br/media/sapl/public/materialegislativa/2017/11096/150-2017.pdf", "ementa": "''INSTITUI, ANUALMENTE, A SEMANA MUNICIPAL DE PREVEN\u00c7\u00c3O E COMBATE AO C\u00c2NCER DE COLO DO \u00daTERO E D\u00c1 OUTRAS PROVID\u00caNCIAS''."}, {"id": "11097", "ano": "2017", "numero": "151", "tipo__sigla": "PLO", "tipo__descricao": "Projeto de Lei Ordin\u00e1ria", "autoria": "Felipe Hulle Del Puppo", "texto_original": "http://sapl.marechalfloriano.es.leg.br/media/sapl/public/materialegislativa/2017/11097/151-2017.pdf", "ementa": "''INSERE NO CALEND\u00c1RIO OFICIAL DE EVENTOS DO MUNIC\u00cdPIO DE MARECHAL FLORIANO, A FESTA DOS PAIS DA COMUNIDADE  DE AUXILIADORA-SO\u00cdDO DE BAIXO''."}, {"id": "11098", "ano": "2017", "numero": "152", "tipo__sigla": "PLO", "tipo__descricao": "Projeto de Lei Ordin\u00e1ria", "autoria": "Cezinha Ronchi", "texto_original": "http://sapl.marechalfloriano.es.leg.br/media/sapl/public/materialegislativa/2017/11098/152-2017.pdf", "ementa": "''DENOMINA DE RUA KLASNER NO DISTRITO DE SANTA MARIA, NESTE MUNIC\u00cdPIO''."}, {"id": "11099", "ano": "2017", "numero": "153", "tipo__sigla": "PLO", "tipo__descricao": "Projeto de Lei Ordin\u00e1ria", "autoria": "Cezinha Ronchi", "texto_original": "http://sapl.marechalfloriano.es.leg.br/media/sapl/public/materialegislativa/2017/11099/153-2017.pdf", "ementa": "''INSTITUI NO \u00c2MBITO DO PODER LEGISL\u00c1IVO DE MARECHAL FLORIANO-ES, A PARTIR DE JANEIRO DO ANO DE 2017, A OBRIGATORIEDADE DA DIGITALIZA\u00c7\u00c3O DE TODAS AS RESPOSTAS DOS REQUERIMENTOS, NA INTEGRA, ORIUNDOS DO PODER EXECUTIVO MUNICIPAL E DEMAIS \u00d3RG\u00c3OS''."}, {"id": "5862", "ano": "2017", "numero": "154", "tipo__sigla": "PLO", "tipo__descricao": "Projeto de Lei Ordin\u00e1ria", "autoria": "Jo\u00e3o Carlos Lorenzoni", "texto_original": "http://sapl.marechalfloriano.es.leg.br/media/./sapl/public/materialegislativa/2017/5862/5862_texto_integral.pdf", "ementa": "PROJETO DE LEI N\u00ba. 154/2017 DE AUTORIA DO PODER EXECUTIVO MUNICIPAL QUE &#8220;INSTITUI O PROGRAMA DE PARCELAMENTO INCENTIVADO (PPI)- REFIS MARECHAL FLORIANO 2017, VISANDO \u00c0 REGULARIZA\u00c7\u00c3O FISCAL COM A ADMINISTRA\u00c7\u00c3O FAZEND\u00c1RIA DO MUNICIPIO&#8221;."}, {"id": "5876", "ano": "2017", "numero": "155", "tipo__sigla": "PLO", "tipo__descricao": "Projeto de Lei Ordin\u00e1ria", "autoria": "Jo\u00e3o Carlos Lorenzoni", "texto_original": "http://sapl.marechalfloriano.es.leg.br/media/./sapl/public/materialegislativa/2017/5876/5876_texto_integral.pdf", "ementa": "ALTERA LEI MUNICIPAL N\u00b0. 473, DE 18 DE AGOSTO DE 2003 E D\u00c1 OUTRAS PROVIDENCIAS. "}, {"id": "5861", "ano": "2017", "numero": "156", "tipo__sigla": "PLO", "tipo__descricao": "Projeto de Lei Ordin\u00e1ria", "autoria": "Jo\u00e3o Carlos Lorenzoni", "texto_original": "http://sapl.marechalfloriano.es.leg.br/media/./sapl/public/materialegislativa/2017/5861/5861_texto_integral.pdf", "ementa": "PROJETO DE LEI N\u00ba. 156/2017 DE AUTORIA DO PODER EXECUTIVO QUE &#8220;ALTERA O ARTIGO 2\u00ba, DA LEI MUNICIPAL N\u00ba. 1.907, DE 19 DE OUTUBRO DE 2017"}, {"id": "12950", "ano": "2017", "numero": "157", "tipo__sigla": "PLO", "tipo__descricao": "Projeto de Lei Ordin\u00e1ria", "autoria": "Jo\u00e3o Carlos Lorenzoni", "texto_original": "http://sapl.marechalfloriano.es.leg.br/media/sapl/public/materialegislativa/2017/12950/157_2017_pll.pdf", "ementa": "AUTORIZA O PODER EXECUTIVO MUNICIPAL A CELEBRAR CONVENIOS COM OS CONSELHOS DE ESCOLA PARA REPASSE DOS RECURSOS FINANCEIROS DO PMDDE - PROGRAMA MUNICIPAL DINHEIRO DITERO NA ESCOLA."}, {"id": "5886", "ano": "2017", "numero": "158", "tipo__sigla": "PLO", "tipo__descricao": "Projeto de Lei Ordin\u00e1ria", "autoria": "Cezinha Ronchi", "texto_original": "http://sapl.marechalfloriano.es.leg.br/media/./sapl/public/materialegislativa/2017/5886/5886_texto_integral.pdf", "ementa": "ALTERA O ARTIGO 1\u00b0 DA LEI MUNICIPAL 1248, DE 24 DE MAIO DE 2013."}, {"id": "5884", "ano": "2017", "numero": "159", "tipo__sigla": "PLO", "tipo__descricao": "Projeto de Lei Ordin\u00e1ria", "autoria": "Cezinha Ronchi", "texto_original": "http://sapl.marechalfloriano.es.leg.br/media/./sapl/public/materialegislativa/2017/5884/5884_texto_integral.pdf", "ementa": "CRIA NO \u00c2MBITO DO MUNIC\u00cdPIO DE MARECHAL FLORIANO O PROGRAMA \"VOU TE LIGAR\", QUE DETERMINA A DIVULGA\u00c7\u00c3O DE TELEFONES CELULARES USADOS PELOS SERVIDORES P\u00daBLICOS CUSTEADOS PELA MUNICIPALIDADE. "}, {"id": "5882", "ano": "2017", "numero": "160", "tipo__sigla": "PLO", "tipo__descricao": "Projeto de Lei Ordin\u00e1ria", "autoria": "Dod\u00f4 Krohling", "texto_original": "http://sapl.marechalfloriano.es.leg.br/media/./sapl/public/materialegislativa/2017/5882/5882_texto_integral.pdf", "ementa": "INSERE NO CALEND\u00c1RIO OFICIAL DE EVENTOS DO MUNIC\u00cdPIO DE MARECHAL FLORIANO, A FESTA DO AZUL E BRANCO REALIZADA PELA EQUIPE SANTA MARIA FUTEBOL CLUBE. "}, {"id": "5879", "ano": "2017", "numero": "161", "tipo__sigla": "PLO", "tipo__descricao": "Projeto de Lei Ordin\u00e1ria", "autoria": "Dod\u00f4 Krohling", "texto_original": "http://sapl.marechalfloriano.es.leg.br/media/./sapl/public/materialegislativa/2017/5879/5879_texto_integral.pdf", "ementa": "INSERE NO CALEND\u00c1RIO OFICIAL DE EVENTOS DO MUNIC\u00cdPIO DE MARECHAL FLORIANO, O FESTIVAL DE CORAIS, REALIZADO NO DISTRITO DE SANTA MARIA. "}, {"id": "5877", "ano": "2017", "numero": "162", "tipo__sigla": "PLO", "tipo__descricao": "Projeto de Lei Ordin\u00e1ria", "autoria": "Cabral", "texto_original": "http://sapl.marechalfloriano.es.leg.br/media/./sapl/public/materialegislativa/2017/5877/5877_texto_integral.pdf", "ementa": "CRIA NO \u00c2MBITO DO PODER LEGISLATIVO MUNICIPAL A SALA DE IMPRENSA E COMUNICA\u00c7\u00c3O E D\u00c1 OUTRAS PROVID\u00caNCIAS. "}, {"id": "12954", "ano": "2017", "numero": "163", "tipo__sigla": "PLO", "tipo__descricao": "Projeto de Lei Ordin\u00e1ria", "autoria": "Cezinha Ronchi", "texto_original": "http://sapl.marechalfloriano.es.leg.br/media/sapl/public/materialegislativa/2017/12954/163_2017_pll.pdf", "ementa": "\"DECLARA PATRIMONIO PAISAGISTICO DO MUNICIPIO DE MARECHAL FLORIANO/ES, ARVORES PLANTADAS NO DISTRITO DE ARAGUAIA E D\u00c1 OUTRAS PROVIDENCIAS.\""}, {"id": "5859", "ano": "2017", "numero": "164", "tipo__sigla": "PLO", "tipo__descricao": "Projeto de Lei Ordin\u00e1ria", "autoria": "Jo\u00e3o Carlos Lorenzoni", "texto_original": "http://sapl.marechalfloriano.es.leg.br/media/./sapl/public/materialegislativa/2017/5859/5859_texto_integral.pdf", "ementa": "PROJETO DE LEI N\u00ba. 164/2017 DE AUTORIA DO PLEN\u00c1RIO QUE &#8220;INSTITUI O DECIMO TERCEIRO SUBSIDIO DOS VEREADORES DO MUNICIPIO DE MARECHAL FLORIANO E D\u00c1 OUTRAS PROVIDENCIAS"}, {"id": "5860", "ano": "2017", "numero": "165", "tipo__sigla": "PLO", "tipo__descricao": "Projeto de Lei Ordin\u00e1ria", "autoria": "Jo\u00e3o Carlos Lorenzoni", "texto_original": "http://sapl.marechalfloriano.es.leg.br/media/./sapl/public/materialegislativa/2017/5860/5860_texto_integral.pdf", "ementa": "PROJETO DE LEI N\u00ba. 165/2017 DE AUTORIA DO PODER EXECUTIVO QUE &#8220;INSTITUI O DECIMO TERCEIRO SUBSIDIO PARA O PREFEITO E O VICE PREFEITO NO \u00c2MBITO DO MUNIC\u00cdPIO DE MARECHAL FLORIANO E D\u00c1 OUTRAS PROVIDENCIAS&#8221;."}, {"id": "12958", "ano": "2017", "numero": "166", "tipo__sigla": "PLO", "tipo__descricao": "Projeto de Lei Ordin\u00e1ria", "autoria": "Jo\u00e3o Carlos Lorenzoni", "texto_original": "http://sapl.marechalfloriano.es.leg.br/media/sapl/public/materialegislativa/2017/12958/166_2017_pll.pdf", "ementa": "REGULA O FUNCIONAMENTO E INSTITUI O PLANT\u00c3O DE ATENDIMENTO 24 HORAS PARA FARMACIAS E DROGARIAS NO MUNICIPIO E D\u00c1 OUTRAS PROVIDENCIAS."}, {"id": "12956", "ano": "2017", "numero": "167", "tipo__sigla": "PLO", "tipo__descricao": "Projeto de Lei Ordin\u00e1ria", "autoria": "Jo\u00e3o Carlos Lorenzoni", "texto_original": "http://sapl.marechalfloriano.es.leg.br/media/sapl/public/materialegislativa/2017/12956/167_2017_pll.pdf", "ementa": "CONCEDE AUXILIO PARA DIFEREN\u00c7A DE CAIXA NO AMBITO DO PODER EXECUTIVO MUNICIPAL."}, {"id": "6762", "ano": "2017", "numero": "168", "tipo__sigla": "PLO", "tipo__descricao": "Projeto de Lei Ordin\u00e1ria", "autoria": "Cezinha Ronchi", "texto_original": "http://sapl.marechalfloriano.es.leg.br/media/sapl/public/materialegislativa/2017/6762/projeto_168_pdf.pdf", "ementa": "DENOMINA DE RUA JORGE ANT\u00d4NIO LATAVANHA, NO DISTRITO DE ARAGUAYA, NESTE MUNIC\u00cdPIO."}, {"id": "6764", "ano": "2017", "numero": "169", "tipo__sigla": "PLO", "tipo__descricao": "Projeto de Lei Ordin\u00e1ria", "autoria": "Cezinha Ronchi", "texto_original": "http://sapl.marechalfloriano.es.leg.br/media/sapl/public/materialegislativa/2017/6764/projeto_169_pdf.pdf", "ementa": "DISP\u00d5E SOBRE A CRIA\u00c7\u00c3O DO MUSEU VIRTUAL DA HIST\u00d3RIA DO MUNIC\u00cdPIO DE MARECHAL FLORIANO/ES."}, {"id": "6765", "ano": "2017", "numero": "170", "tipo__sigla": "PLO", "tipo__descricao": "Projeto de Lei Ordin\u00e1ria", "autoria": "Cezinha Ronchi", "texto_original": "http://sapl.marechalfloriano.es.leg.br/media/sapl/public/materialegislativa/2017/6765/projeto_170_pdf.pdf", "ementa": "INSERE NO CALEND\u00c1RIO OFICIAL DE DATAS E EVENTOS NESTE MUNIC\u00cdPIO DE MARECHAL FLORIANO, A FESTA DO PADROEIRO BOM JESUS."}, {"id": "6768", "ano": "2017", "numero": "171", "tipo__sigla": "PLO", "tipo__descricao": "Projeto de Lei Ordin\u00e1ria", "autoria": "UBALDINO SARAIVA", "texto_original": "http://sapl.marechalfloriano.es.leg.br/media/sapl/public/materialegislativa/2017/6768/plo_171-2017.pdf", "ementa": "INSTITUI A ROTA TUR\u00cdSTICA E CULTURAL DO CICLISMO NO MUNIC\u00cdPIO DE MARECHAL FLORIANO E D\u00c1 OUTRAS PROVID\u00caNCIAS."}, {"id": "12957", "ano": "2017", "numero": "172", "tipo__sigla": "PLO", "tipo__descricao": "Projeto de Lei Ordin\u00e1ria", "autoria": "Felipe Hulle Del Puppo", "texto_original": "http://sapl.marechalfloriano.es.leg.br/media/sapl/public/materialegislativa/2017/12957/172_2017_pll.pdf", "ementa": "\"INSTITUI O HINO OFICIAL DA FESTA ITALEMANHA NO MUNICIPIO DE MARECHAL FLORIANO.\""}, {"id": "12955", "ano": "2017", "numero": "173", "tipo__sigla": "PLO", "tipo__descricao": "Projeto de Lei Ordin\u00e1ria", "autoria": "Felipe Hulle Del Puppo", "texto_original": "http://sapl.marechalfloriano.es.leg.br/media/sapl/public/materialegislativa/2017/12955/173_2017_pll.pdf", "ementa": "\"INSERE NO CALENDARIO OFICIAL DE DATAS E EVENTOS DO MUNICIPIO DE MARECHAL FLORIANO/ES, A FESTA MENSAGEIROS DA BOA NOVA REALIZADA EM SOIDO DE BAIXO\""}, {"id": "6769", "ano": "2017", "numero": "174", "tipo__sigla": "PLO", "tipo__descricao": "Projeto de Lei Ordin\u00e1ria", "autoria": "Cabral", "texto_original": "http://sapl.marechalfloriano.es.leg.br/media/sapl/public/materialegislativa/2017/6769/projeto_174_pdf.pdf", "ementa": "DISP\u00d5E SOBRE A APRESENTA\u00c7\u00c3O DE M\u00daSICOS E OU BANDAS RELIGIOSAS NO FESTIVAL \u00cdTALO GERM\u00c2NICO E DEMAIS EVENTOS DO MUNIC\u00cdPIO DE MARECHAL FLORIANO E D\u00c1 OUTRAS PROVID\u00caNCIAS."}, {"id": "6771", "ano": "2017", "numero": "175", "tipo__sigla": "PLO", "tipo__descricao": "Projeto de Lei Ordin\u00e1ria", "autoria": "DAVI", "texto_original": "http://sapl.marechalfloriano.es.leg.br/media/sapl/public/materialegislativa/2017/6771/projeto_175_pdf.pdf", "ementa": "INSTITUI O PROGRAMA DE ENSINO DE M\u00daSICA NO MUNIC\u00cdPIO DE MARECHAL FLORIANO E D\u00c1 OUTRAS PROVID\u00caNCIAS."}, {"id": "6772", "ano": "2017", "numero": "177", "tipo__sigla": "PLO", "tipo__descricao": "Projeto de Lei Ordin\u00e1ria", "autoria": "MESA DIRETORA 2017/2018", "texto_original": "http://sapl.marechalfloriano.es.leg.br/media/sapl/public/materialegislativa/2017/6772/projeto_177_pdf.pdf", "ementa": "REDUZ O VALOR DO ABONO PECUNI\u00c1RIO AOS SERVIDORES DO PODER LEGISLATIVO ."}, {"id": "11102", "ano": "2017", "numero": "178", "tipo__sigla": "PLO", "tipo__descricao": "Projeto de Lei Ordin\u00e1ria", "autoria": "Jo\u00e3o Carlos Lorenzoni", "texto_original": "http://sapl.marechalfloriano.es.leg.br/media/sapl/public/materialegislativa/2017/11102/plo_178-2017.pdf", "ementa": "DISP\u00d5E SOBRE  AUTORIZA\u00c7\u00c3O PARA O MUNICIPIO CELEBRAR TERMO DE COLABORA\u00c7\u00c3O COM ORGANZA\u00c7\u00c3O CIVIS SOCIAIS E D\u00c1 OUTRAS PROVIDENCIAS."}, {"id": "11103", "ano": "2017", "numero": "179", "tipo__sigla": "PLO", "tipo__descricao": "Projeto de Lei Ordin\u00e1ria", "autoria": "Jo\u00e3o Carlos Lorenzoni", "texto_original": "http://sapl.marechalfloriano.es.leg.br/media/sapl/public/materialegislativa/2017/11103/plo_179-2017.pdf", "ementa": "AUTORIZA O PODER EXECUTIVO MUNICIPAL A REPASSAR RECURSOS FINANCEIROS \u00c0 ASSOCIA\u00c7\u00c3O PESTALOZI DE MARECHAL FLORIANO-ES."}, {"id": "11104", "ano": "2017", "numero": "180", "tipo__sigla": "PLO", "tipo__descricao": "Projeto de Lei Ordin\u00e1ria", "autoria": "Jo\u00e3o Carlos Lorenzoni", "texto_original": "http://sapl.marechalfloriano.es.leg.br/media/sapl/public/materialegislativa/2017/11104/plo_180-2017.pdf", "ementa": "AUTORIZA O PODER EXECUTIVO MUNICIPAL A REPASSAR RECURSOS FINANCEIROS \u00c0 TITULO DE SUBVEN\u00c7\u00c3O SOCIAL A \"SOU FELIZ\" ORGANIZA\u00c7\u00c3O DE AMPARO A IDOSOS DE MARECHAL FLORIANO-ES."}, {"id": "11105", "ano": "2017", "numero": "181", "tipo__sigla": "PLO", "tipo__descricao": "Projeto de Lei Ordin\u00e1ria", "autoria": "Jo\u00e3o Carlos Lorenzoni", "texto_original": "http://sapl.marechalfloriano.es.leg.br/media/sapl/public/materialegislativa/2017/11105/plo_18-2017.pdf", "ementa": "DISP\u00d5E SOBRE AUTORIZA\u00c7\u00c3O PARA O MUNICIPIO CELEBRAR TERMO DE COLABORA\u00c7\u00c3O COM ORGANIZA\u00c7\u00c3O CIVIS SOCIAIS E D\u00c1 OUTRAS PROVID\u00caNCIAS."}, {"id": "11106", "ano": "2017", "numero": "182", "tipo__sigla": "PLO", "tipo__descricao": "Projeto de Lei Ordin\u00e1ria", "autoria": "Jo\u00e3o Carlos Lorenzoni", "texto_original": "http://sapl.marechalfloriano.es.leg.br/media/sapl/public/materialegislativa/2017/11106/plo_182-2017.pdf", "ementa": "CONCEDE AUX\u00cdLIO PARA DIFEREN\u00c7A DE CAIXA NO \u00c2MBITO DO PODER EXECUTIVO MUNICIPAL."}, {"id": "11107", "ano": "2017", "numero": "183", "tipo__sigla": "PLO", "tipo__descricao": "Projeto de Lei Ordin\u00e1ria", "autoria": "Jo\u00e3o Carlos Lorenzoni", "texto_original": "http://sapl.marechalfloriano.es.leg.br/media/sapl/public/materialegislativa/2017/11107/plo_183-2017.pdf", "ementa": "AUTORIA O PODER EXECUTIVO A INDENIZAR PROPRIET\u00c1RIO DE AREA FORNECEDORA DE \u00c1GUA DO DISTRITO DE ARAGUAIA E D\u00c1 OUTRAS PROVID\u00caNCIAS."}, {"id": "1442", "ano": "2017", "numero": "1", "tipo__sigla": "PRE", "tipo__descricao": "Projeto de Resolu\u00e7\u00e3o", "autoria": "", "texto_original": "http://sapl.marechalfloriano.es.leg.br/media/./sapl/public/materialegislativa/2017/1442/1442_texto_integral.pdf", "ementa": "AUTORIZO O PODER LEGISLATIVO MUNICIPAL ANULAR DOTA\u00c7\u00c3O DO OR\u00c7AMENTO VIGENTE."}, {"id": "1381", "ano": "2017", "numero": "1", "tipo__sigla": "REQ", "tipo__descricao": "Requerimento", "autoria": "Cezinha Ronchi", "texto_original": "http://sapl.marechalfloriano.es.leg.br/media/./sapl/public/materialegislativa/2017/1381/1381_texto_integral.pdf", "ementa": "REQUEIRO QUE SEJA VIABILIZADA A CONSTRU\u00c7\u00c3O DE UM CANIL MUNICIPAL E A RETIRADA DE TODOS OS C\u00c3ES NAS RUAS DO MUNIC\u00cdPIO, BEM COMO FIRMADO UM CONVENIO COM O CENTRO DE ZOONOSES MAIS PR\u00d3XIMO, VISANDO RESPEITAR E CUIDAR DA SA\u00daDE DESSES ANIMAIS."}, {"id": "1383", "ano": "2017", "numero": "2", "tipo__sigla": "REQ", "tipo__descricao": "Requerimento", "autoria": "Renato Werneck", "texto_original": "http://sapl.marechalfloriano.es.leg.br/media/./sapl/public/materialegislativa/2017/1383/1383_texto_integral.pdf", "ementa": "REQUER O ENCAMINHAMENTO A ESTA CASA DE LEIS DA C\u00d3PIA DO LAUDO T\u00c9CNICO REFERENTE \u00c0 RECENTE VISTORIA REALIZADA NA NOVA ESCOLA MUNICIPAL FLORES PASSINATO, NA COMUNIDADE DE SO\u00cdDO DE BAIXO."}, {"id": "1386", "ano": "2017", "numero": "3", "tipo__sigla": "REQ", "tipo__descricao": "Requerimento", "autoria": "Renato Werneck", "texto_original": "http://sapl.marechalfloriano.es.leg.br/media/./sapl/public/materialegislativa/2017/1386/1386_texto_integral.pdf", "ementa": "REQUER QUE SEJA REALIZADO UM AMPLO TRABALHO DE RECUPERA\u00c7\u00c3O E MANUTEN\u00c7\u00c3O DA RODOVIA JO\u00c3O BATISTA KLEIN, COM OPERA\u00c7\u00c3O TAPA BURACOS."}, {"id": "1388", "ano": "2017", "numero": "4", "tipo__sigla": "REQ", "tipo__descricao": "Requerimento", "autoria": "UBALDINO SARAIVA", "texto_original": "http://sapl.marechalfloriano.es.leg.br/media/./sapl/public/materialegislativa/2017/1388/1388_texto_integral.pdf", "ementa": "REQUER DO PREFEITO MUNICIPAL DE MARECHAL FLORIANO A REALIZA\u00c7\u00c3O DE ESTUDOS T\u00c9CNICOS, VISANDO PROPORCIONAR A REGULARIZA\u00c7\u00c3O FUNDI\u00c1RIA DAS \u00c1REAS RURAIS E URBANAS DA CIDADE DE MARECHAL FLORIANO, PROPORCIONANDO AO CIDAD\u00c3O FLORIANENSE A OPORTUNIDADE DE OBTER DENTRO DAS NORMAS JUR\u00cdDICAS PERTINENTES, O REGISTRO DE POSSE DE PROPRIEDADE, SEJA ELA RURAL OU URBANA, QUE ESTEJA FORA DOS PADR\u00d5ES ORDINARIAMENTE ADMITIDOS PELA LEGISLA\u00c7\u00c3O."}, {"id": "1391", "ano": "2017", "numero": "5", "tipo__sigla": "REQ", "tipo__descricao": "Requerimento", "autoria": "Cabral, Cezinha Ronchi, DAVI, DIONY STEIN, Dod\u00f4 Krohling, Felipe Hulle Del Puppo, JOAQUIM STEIN, Renato Werneck, UBALDINO SARAIVA", "texto_original": "http://sapl.marechalfloriano.es.leg.br/media/./sapl/public/materialegislativa/2017/1391/1391_texto_integral.pdf", "ementa": "PEDIMOS DIALOGO COM OS FAMILIARES DOS MILITARES E A BUSCA DE PROPOSTA DE VALORIZA\u00c7\u00c3O DOS MILITARES E A BUSCA DE PROPOSTA DE VALORIZA\u00c7\u00c3O DOS MILITARES ESTADUAIS, VISANDO O RETORNO DO BEM E DA ORDEM P\u00daBLICA. CONFIAMOS NO EMPENHO DE VOSSA EXCEL\u00caNCIA, POIS A POPULA\u00c7\u00c3O DE NOSSO MUNIC\u00cdPIO ENCONTRA-SE ASSUSTADA E INSEGURA."}, {"id": "1394", "ano": "2017", "numero": "6", "tipo__sigla": "REQ", "tipo__descricao": "Requerimento", "autoria": "Cezinha Ronchi", "texto_original": "http://sapl.marechalfloriano.es.leg.br/media/./sapl/public/materialegislativa/2017/1394/1394_texto_integral.pdf", "ementa": "REQUEIRO QUE SEJAM VIABILIZADOS SERVI\u00c7OS DE ILUMINA\u00c7\u00c3O PUBLICA DE TODAS AS RUAS ONDE AINDA N\u00c3O TENHA, E PAVIMENTA\u00c7\u00c3O DAS RUAS QUE AINDA N\u00c3O SEJAM PAVIMENTADAS DA VILA DOS IP\u00caS, POPULARMENTE CONHECIDA COMO BAIXADA DE SANTA MARIA, BEM COMO LIMPEZA DAS MESMAS. SOLICITO, AINDA, VIABILIZAR PAISAGISMO E PAVIMENTA\u00c7\u00c3O EM FRENTE \u00c0 UNIDADE DE SA\u00daDE."}, {"id": "1398", "ano": "2017", "numero": "7", "tipo__sigla": "REQ", "tipo__descricao": "Requerimento", "autoria": "DIONY STEIN", "texto_original": "http://sapl.marechalfloriano.es.leg.br/media/./sapl/public/materialegislativa/2017/1398/1398_texto_integral.pdf", "ementa": "REQUEIRO QUE SEJA VIABILIZADA A INSTALA\u00c7\u00c3O DE ILUMINA\u00c7\u00c3O P\u00daBLICA NAS VIAS DO CONDOM\u00cdNIO SERRA VERDE;\r\nREQUEIRO, AINDA, A REALIZA\u00c7\u00c3O DE ESTUDOS T\u00c9CNICOS, VISANDO \u00c1 REGULARIZA\u00c7\u00c3O DESTE LOTEAMENTO DENTRO DAS NORMAS T\u00c9CNICAS E JUR\u00cdDICAS, RESOLVENDO POSS\u00cdVEIS PROBLEMAS RELACIONADOS \u00c1 POSSE, ACALENTANDO A T\u00c3O SONHADA TRANQUILIDADE DAS FAM\u00cdLIAS QUE RESIDEM NESSA \u00c1REA, PROPORCIONANDO SEGURAN\u00c7A JUR\u00cdDICA DA POSSE E PROPRIEDADE, POSSIBILITANDO, AINDA, QUE O PODER PUBLICO OFERE\u00c7A OS SERVI\u00c7OS P\u00daBLICOS ADEQUADOS."}, {"id": "1401", "ano": "2017", "numero": "8", "tipo__sigla": "REQ", "tipo__descricao": "Requerimento", "autoria": "Dod\u00f4 Krohling", "texto_original": "http://sapl.marechalfloriano.es.leg.br/media/./sapl/public/materialegislativa/2017/1401/1401_texto_integral.pdf", "ementa": "REQUEIRO QUE SEJAM VIABILIZADOS SERVI\u00c7OS DE MELHORIAS NA PAVIMENTA\u00c7\u00c3O DA RODOVIA RODOLFO KROHLING, E CONTINUIDADE DA MESMA, AT\u00c9 NA ENTRADA DA \"POUSADA RECANTO DA MATA\", BEM COMO INSTALA\u00c7\u00c3O DE MEIO-FIOS, COMO INICIO NA PROPRIEDADE DO SENHOR JAIR KROHLING E T\u00c9RMINO NA ENTRADA DA REFERIDA POUSADA."}, {"id": "1405", "ano": "2017", "numero": "9", "tipo__sigla": "REQ", "tipo__descricao": "Requerimento", "autoria": "UBALDINO SARAIVA", "texto_original": "http://sapl.marechalfloriano.es.leg.br/media/./sapl/public/materialegislativa/2017/1405/1405_texto_integral.pdf", "ementa": "REQUEIRO QUE O ATENDIMENTO AOS MUN\u00cdCIPES DO INTERIOR SEJA ESTENDIDO \u00c0 UNIDADE B\u00c1SICA DE SA\u00daDE C\u00c9SAR VELLO PUPPIM E CENTRO E SA\u00daDE ARY RIBEIRO DA SILVA, AMBOS, LOCALIZADOS NA SEDE DO MUNIC\u00cdPIO;\r\nREQUEIRO, AINDA, QUE O MUNIC\u00cdPIO PASSE A ATENDER EM SUAS UNIDADES B\u00c1SICAS DE SA\u00daDE, AS PESSOAS QUE RESIDEM NAS DIVISAS, TENDO EM VISTA QUE AS MESMAS CONTRIBUEM PARA O CRESCIMENTO ECON\u00d4MICO DESTA MUNICIPALIDADE, REALIZANDO AQUI SUAS TRANSA\u00c7\u00d5ES BANC\u00c1RIAS, COMERCIAIS E OUTRAS."}, {"id": "1407", "ano": "2017", "numero": "10", "tipo__sigla": "REQ", "tipo__descricao": "Requerimento", "autoria": "Renato Werneck", "texto_original": "http://sapl.marechalfloriano.es.leg.br/media/./sapl/public/materialegislativa/2017/1407/1407_texto_integral.pdf", "ementa": "REQUER A CRIA\u00c7\u00c3O DE UM DECRETO MUNICIPAL, DISPONDO SOBRE A OBRIGATORIEDADE DAS AMBUL\u00c2NCIAS DE PROPRIEDADE DO MUNIC\u00cdPIO ATUAREM DE FORMA INTEGRAL, ATENDENDO SEMPRE QUE SOLICITADAS AS CHAMADAS DE URG\u00caNCIA E EMERG\u00caNCIA."}, {"id": "3180", "ano": "2017", "numero": "11", "tipo__sigla": "REQ", "tipo__descricao": "Requerimento", "autoria": "Cezinha Ronchi", "texto_original": "http://sapl.marechalfloriano.es.leg.br/media/./sapl/public/materialegislativa/2017/3180/3180_texto_integral.pdf", "ementa": "-REQUEIRO ABERTURA DE RUA, PAVIMENTA\u00c7\u00c3O, DRENAGEM E SISTEMA DE TRATAMENTO DE ESGOTO NO MORRO EM FRENTE \u00c0 UNIDADE DE SA\u00daDE DE SANTA MARIA \"JANETA ROSA SIMOM STOCKL\".\r\n-REQUEIRO SERVI\u00c7OS DE TRATAMENTO DE ESGOTO EM TODO O DISTRITO DE SANTA MARIA."}, {"id": "3181", "ano": "2017", "numero": "12", "tipo__sigla": "REQ", "tipo__descricao": "Requerimento", "autoria": "Felipe Hulle Del Puppo", "texto_original": "http://sapl.marechalfloriano.es.leg.br/media/./sapl/public/materialegislativa/2017/3181/3181_texto_integral.pdf", "ementa": "REQUEIRO QUE SEJA VIABILIZADA A INSTALA\u00c7\u00c3O DE PLACAS NAS DUAS ESTA\u00c7\u00d5ES DE MARECHAL FLORIANO (SEDE E ARAGUAIA) COM OS DIZERES:\"CENTRAL DE INFORMA\u00c7\u00d5ES AO TURISTA\"."}, {"id": "3182", "ano": "2017", "numero": "13", "tipo__sigla": "REQ", "tipo__descricao": "Requerimento", "autoria": "Felipe Hulle Del Puppo", "texto_original": "http://sapl.marechalfloriano.es.leg.br/media/./sapl/public/materialegislativa/2017/3182/3182_texto_integral.pdf", "ementa": "REQUEIRO \u00c0 SECRETARIA DE OBRAS E SERVI\u00c7OS URBANOS A LIMPEZA DE TODOS OS BUEIROS SITUADOS NO MUNIC\u00cdPIO, PRINCIPALMENTE NA SEDE, E EM SEQUENCIA A ESTE SERVI\u00c7O QUE SEJA REALIZADA A DEDETIZA\u00c7\u00c3O DE INSETOS E BARATAS."}, {"id": "3183", "ano": "2017", "numero": "14", "tipo__sigla": "REQ", "tipo__descricao": "Requerimento", "autoria": "Dod\u00f4 Krohling", "texto_original": "http://sapl.marechalfloriano.es.leg.br/media/./sapl/public/materialegislativa/2017/3183/3183_texto_integral.pdf", "ementa": "REQUEIRO QUE SEJAM VIABILIZADOS SERVI\u00c7OS DE MELHORIAS NA QUALIDADE DA \u00c1GUA DA ESTA\u00c7\u00c3O DA COMUNIDADE VILA DOS IP\u00caS, NO DISTRITO DE SANTA MARIA."}, {"id": "3184", "ano": "2017", "numero": "15", "tipo__sigla": "REQ", "tipo__descricao": "Requerimento", "autoria": "UBALDINO SARAIVA", "texto_original": "http://sapl.marechalfloriano.es.leg.br/media/./sapl/public/materialegislativa/2017/3184/3184_texto_integral.pdf", "ementa": "REQUEIRO AO PODER EXECUTIVO, JUNTAMENTE COM A SECRETARIA MUNICIPAL DE A\u00c7\u00c3O SOCIAL, QUE PROCEDAM COM SERVI\u00c7OS PARA REALIZA\u00c7\u00c3O DE UMA A\u00c7\u00c3O GLOBAL NA VILA DOS IP\u00caS EM SANTA MARIA E NO DISTRITO DE VICTOR HUGO, NESTE MUNIC\u00cdPIO."}, {"id": "3185", "ano": "2017", "numero": "16", "tipo__sigla": "REQ", "tipo__descricao": "Requerimento", "autoria": "UBALDINO SARAIVA", "texto_original": "http://sapl.marechalfloriano.es.leg.br/media/./sapl/public/materialegislativa/2017/3185/3185_texto_integral.pdf", "ementa": "REQUEIRO A\u00c7\u00d5ES DE MELHORIAS DO SINAL DE TELEFONIA M\u00d3VEL E INTERNET 3G DA VIVO NO DISTRITO DE VICTOR HUGO, SITUADO NO MUNIC\u00cdPIO DE MARECHAL FLORIANO-ES."}, {"id": "3186", "ano": "2017", "numero": "17", "tipo__sigla": "REQ", "tipo__descricao": "Requerimento", "autoria": "UBALDINO SARAIVA", "texto_original": "http://sapl.marechalfloriano.es.leg.br/media/./sapl/public/materialegislativa/2017/3186/3186_texto_integral.pdf", "ementa": "REQUEIRO AO PODER EXECUTIVO, REAJUSTE DE 50% NO AUXILIO-ALIMENTA\u00c7\u00c3O CONCEDIDO AOS SERVIDORES P\u00daBLICOS DESTE MUNIC\u00cdPIO."}, {"id": "3187", "ano": "2017", "numero": "18", "tipo__sigla": "REQ", "tipo__descricao": "Requerimento", "autoria": "DIONY STEIN", "texto_original": "http://sapl.marechalfloriano.es.leg.br/media/./sapl/public/materialegislativa/2017/3187/3187_texto_integral.pdf", "ementa": "-REQUEIRO A REFORMA DO CENTRO CULTURAL CLARA LU\u00cdZA ENDLICH, LOCALIZADO NA ESTA\u00c7\u00c3O FERROVI\u00c1RIA DA SEDE DESTE MUNIC\u00cdPIO;\r\n-REQUEIRO A CONSTRU\u00c7\u00c3O DE BANHEIRO P\u00daBLICO NAS PROXIMIDADES DA ESTA\u00c7\u00c3O FERROVI\u00c1RIA DA SEDE DESTE MUNIC\u00cdPIO;\r\n-REQUEIRO A CONSTRU\u00c7\u00c3O DA CASA DO ARTES\u00c3O NO ESTILO RUSTICO, PR\u00d3XIMO A ESTA\u00c7\u00c3O FERROVI\u00c1RIA DA SEDE DESTE MUNIC\u00cdPIO."}, {"id": "3188", "ano": "2017", "numero": "19", "tipo__sigla": "REQ", "tipo__descricao": "Requerimento", "autoria": "DIONY STEIN", "texto_original": "http://sapl.marechalfloriano.es.leg.br/media/./sapl/public/materialegislativa/2017/3188/3188_texto_integral.pdf", "ementa": "-REQUEIRO A CRIA\u00c7\u00c3O DE VAGAS DE ESTACIONAMENTO DIAGONAL NA AVENIDA PRESIDENTE KENEDY, NA SEDE DESTE MUNIC\u00cdPIO.\r\n-REQUEIRO A CRIA\u00c7\u00c3O DO EVENTO \"EXPOSI\u00c7\u00c3O DA CARROS ANTIGOS\", CONFORME A LEI MUNICIPAL N\u00b0.1567/2014."}, {"id": "3189", "ano": "2017", "numero": "20", "tipo__sigla": "REQ", "tipo__descricao": "Requerimento", "autoria": "DIONY STEIN", "texto_original": "http://sapl.marechalfloriano.es.leg.br/media/./sapl/public/materialegislativa/2017/3189/3189_texto_integral.pdf", "ementa": "-REQUEIRO A VOSSA EXCEL\u00caNCIA UMA ATEN\u00c7\u00c3O ESPECIAL AOS MUN\u00cdCIPES DE MARECHAL FLORIANO NO QUE DIZ RESPEITO AO VALOR COBRADO MENSALMENTE NAS COSTAS DE ENERGIA REFERENTE A TAXA DE ILUMINA\u00c7\u00c3O P\u00daBLICA.\r\n-REQUEIRO AO PODER EXECUTIVO MUNICIPAL A REDU\u00c7\u00c3O SIGNIFICATIVA DA TAXA DE ILUMINA\u00c7\u00c3O P\u00daBLICA, PROVIDENCIANDO A SUBSTITUI\u00c7\u00c3O DAS L\u00c2MPADAS CONVENCIONAIS, POR LUMIN\u00c1RIAS COM TECNOLOGIA LED, EM TODOS OS PONTOS DE ILUMINA\u00c7\u00c3O P\u00daBLICA EXISTENTES NAS RUAS E AVENIDAS DE NOSSA CIDADE, BEM COMO NOS DISTRITOS E COMUNIDADES DO INTERIOR."}, {"id": "3190", "ano": "2017", "numero": "21", "tipo__sigla": "REQ", "tipo__descricao": "Requerimento", "autoria": "Cezinha Ronchi", "texto_original": "http://sapl.marechalfloriano.es.leg.br/media/./sapl/public/materialegislativa/2017/3190/3190_texto_integral.pdf", "ementa": "REQUEIRO A REALIZA\u00c7\u00c3O DE MELHORIAS PARA AS RUAS EVAIR MENDES, MARIA BOTELHO TRARBACH E RUA JOS\u00c9 MER\u00cdSIO, NESTE MUNIC\u00cdPIO."}, {"id": "3191", "ano": "2017", "numero": "22", "tipo__sigla": "REQ", "tipo__descricao": "Requerimento", "autoria": "DIONY STEIN, Renato Werneck", "texto_original": "http://sapl.marechalfloriano.es.leg.br/media/./sapl/public/materialegislativa/2017/3191/3191_texto_integral.pdf", "ementa": "REQUEREMOS A CONTRATA\u00c7\u00c3O DE UM PROFISSIONAL DE SEGURAN\u00c7A NOTURNA PARA ATENDER AS NECESSIDADES DE PROTE\u00c7\u00c3O DOS PROFISSIONAIS E PACIENTES DA POLICL\u00cdNICA ARY RIBEIRO DA SILVA."}, {"id": "3192", "ano": "2017", "numero": "23", "tipo__sigla": "REQ", "tipo__descricao": "Requerimento", "autoria": "Renato Werneck", "texto_original": "http://sapl.marechalfloriano.es.leg.br/media/./sapl/public/materialegislativa/2017/3192/3192_texto_integral.pdf", "ementa": "REQUEIRO A CONCESS\u00c3O DE ALIMENTA\u00c7\u00c3O PARA MOTORISTAS PLANTONISTAS DE AMBUL\u00c2NCIA QUANDO ESTIVEREM EM PLANT\u00c3O DE 24 HORAS, EVITANDO QUE ESTES SE DESLOQUEM PARA ALIMENTAR-SE."}, {"id": "3193", "ano": "2017", "numero": "24", "tipo__sigla": "REQ", "tipo__descricao": "Requerimento", "autoria": "Cezinha Ronchi", "texto_original": "http://sapl.marechalfloriano.es.leg.br/media/./sapl/public/materialegislativa/2017/3193/3193_texto_integral.pdf", "ementa": "REQUEIRO QUE SEJA VIABILIZADA EM CAR\u00c1TER DE URG\u00caNCIA A LIMPEZA E RECUPERA\u00c7\u00c3O DE TODA A RODOVIA J\u00c1COMO RONCHI, LOCALIZADA EM ARAGUAIA, COMPREENDENDO A EXTENS\u00c3O DA PAVIMENTA\u00c7\u00c3O POR APROXIMADAMENTE 01 (UM) KM, NO SENTIDO E DIRE\u00c7\u00c3O DA RESID\u00caNCIA DA FAM\u00cdLIA ARMELONE."}, {"id": "3194", "ano": "2017", "numero": "25", "tipo__sigla": "REQ", "tipo__descricao": "Requerimento", "autoria": "Cezinha Ronchi", "texto_original": "http://sapl.marechalfloriano.es.leg.br/media/./sapl/public/materialegislativa/2017/3194/3194_texto_integral.pdf", "ementa": "REQUEIRO QUE SEJA VIABILIZADA RO\u00c7AGEM, LIMPEZA DE BUEIROS E LIMPEZA DA ESTRADA DE RIO FUNDO, COM IN\u00cdCIO NO POSTO IPIRANGA, ESTENDENDO-SE E PASSANDO POR SANTO ANT\u00d4NIO DE ARAGUAIA, E T\u00c9RMINO NA COMUNIDADE MIGUEL SOUZA, COMPREENDENDO RETIRADA DE TODO O LIXO EM TORNO DA ESTRADA, CONSTRU\u00c7\u00c3O DE 06 (SEIS) PONTOS DE \u00d4NIBUS, SENDO 02 (DOIS) PARA A IDA E VOLTA, NA PROPRIEDADE DO FIGUEROA, 02 (DOIS) EM FRENTE \u00c0 ESCOLA, E 02 (DOIS) EM FRENTE \u00c0 PROPRIEDADE SANTA CLARA, ABERTURA DE UMA CURVA PERIGOSA EM FRENTE \u00c0 PROPRIEDADE DO SUDR\u00c9, PAVIMENTA\u00c7\u00c3O COM IN\u00cdCIO NA LADEIRA DE ACESSO AT\u00c9 A COMUNIDADE DA FAZENDO PUPPIM, NA LINHA F\u00c9RREA."}, {"id": "3195", "ano": "2017", "numero": "26", "tipo__sigla": "REQ", "tipo__descricao": "Requerimento", "autoria": "DIONY STEIN", "texto_original": "http://sapl.marechalfloriano.es.leg.br/media/./sapl/public/materialegislativa/2017/3195/3195_texto_integral.pdf", "ementa": "REQUEIRO QUE O PODER EXECUTIVO MUNICIPAL VIABILIZE O MAIS BREVE POSS\u00cdVEL, UM ESTUDO VISANDO ANALISAR A APLICA\u00c7\u00c3O DE MULTA EM CASOS DE PICHA\u00c7\u00c3O DE MUROS, PR\u00c9DIOS E SIMILARES, PROPORCIONANDO RESPALDO E SEGURAN\u00c7A PARA A APLICABILIDADE DA MESMA AO INFRATOR QUE FIZER USO DA PICHA\u00c7\u00c3O EM IM\u00d3VEIS E SIMILARES DE PROPRIEDADE ALHEIA, A FIM DE EVITAR DANOS E PREJU\u00cdZOS, BEM COMO ABORRECIMENTOS AOS PROPRIET\u00c1RIOS DOS MESMOS."}, {"id": "3196", "ano": "2017", "numero": "27", "tipo__sigla": "REQ", "tipo__descricao": "Requerimento", "autoria": "Felipe Hulle Del Puppo", "texto_original": "http://sapl.marechalfloriano.es.leg.br/media/./sapl/public/materialegislativa/2017/3196/3196_texto_integral.pdf", "ementa": "REQUEIRO QUE O PODER EXECUTIVO ENVIE A ESTA CASA DE LEIS, INFORMA\u00c7\u00d5ES ACERCA DO CAMPO BOM DE BOLA, LOCALIZADO NA SEDE DO MUNIC\u00cdPIO, VISANDO ESCLARECER O MOTIVO PELO QUAL A GRAMA SINT\u00c9TICA DO MESMO J\u00c1 ENCONTRA-SE EM P\u00c9SSIMAS CONDI\u00c7\u00d5ES, COM APENAS UM ANO E MEIO DE USO, SENDO QUE NORMALMENTE POSSUI GARANTIA DE UM PER\u00cdODO BEM MAIOR DE USO. PORTANTO, DIANTE DO EXPOSTO, REQUEIRO AINDA, QUE ESTE EXECUTIVO MUNICIPAL VERIFIQUE O PRAZO DE GARANTIA E ADOTE PROVIDENCIAS NO SENTIDO DE SOLICITAR A SUBSTITUI\u00c7\u00c3O DA GRAMA JUNTO \u00c0 EMPRESA RESPONS\u00c1VEL PELA COLOCA\u00c7\u00c3O DA MESMA."}, {"id": "3197", "ano": "2017", "numero": "28", "tipo__sigla": "REQ", "tipo__descricao": "Requerimento", "autoria": "Felipe Hulle Del Puppo", "texto_original": "http://sapl.marechalfloriano.es.leg.br/media/", "ementa": "VIABILIZAR REFORMA DA ESCOLA SITIO RUPF, LOCALIZADA PR\u00d3XIMO AO CAMPO DO APOLLO, VISANDO PROPORCIONAR MELHORES CONDI\u00c7\u00d5ES DE TRABALHO PARA OS PROFISSIONAIS QUE ATUAM NA MESMA, BEM COMO MELHORES CONDI\u00c7\u00d5ES DE APRENDIZADO DOS ALUNOS."}, {"id": "3198", "ano": "2017", "numero": "29", "tipo__sigla": "REQ", "tipo__descricao": "Requerimento", "autoria": "Cabral", "texto_original": "http://sapl.marechalfloriano.es.leg.br/media/./sapl/public/materialegislativa/2017/3198/3198_texto_integral.pdf", "ementa": "VIABILIZAR SERVI\u00c7OS DE LIMPEZA DOS C\u00d3RREGOS, BEM COMO CAPINA E RETIRADA DE ENTULHOS DA SEDE DO MUNIC\u00cdPIO."}, {"id": "3199", "ano": "2017", "numero": "30", "tipo__sigla": "REQ", "tipo__descricao": "Requerimento", "autoria": "Cabral", "texto_original": "http://sapl.marechalfloriano.es.leg.br/media/./sapl/public/materialegislativa/2017/3199/3199_texto_integral.pdf", "ementa": "VIABILIZAR SERVI\u00c7OS DE REFORMA DA UNIDADE DE SA\u00daDE C\u00c9SAR VELLO PUPPIM, LOCALIZADA NA SEDE DO MUNIC\u00cdPIO, BEM COMO A RETIRADA DA TERRA QUE ENCONTRA-SE ATR\u00c1S DA MESMA E QUE VEM  PROPICIANDO PROBLEMAS DE INFILTRA\u00c7\u00c3O."}, {"id": "3200", "ano": "2017", "numero": "31", "tipo__sigla": "REQ", "tipo__descricao": "Requerimento", "autoria": "Cabral", "texto_original": "http://sapl.marechalfloriano.es.leg.br/media/./sapl/public/materialegislativa/2017/3200/3200_texto_integral.pdf", "ementa": "VIABILIZAR A REFORMA DA CRECHE FLOMIRO CANAL ENDLICH NETE E A CONSTRU\u00c7\u00c3O DE UM PARQUINHO COM AREIA E BRINQUEDOS PARA AS CRIAN\u00c7AS, AO LADO DA MESMA, NA \u00c1REA QUE FOI ADQUIRIDA PELA PREFEITURA, TENDO ACESSO INTERNO, VISANDO EVITAR A PASSAGEM DAS CRIAN\u00c7AS PELAS RUAS."}, {"id": "3201", "ano": "2017", "numero": "32", "tipo__sigla": "REQ", "tipo__descricao": "Requerimento", "autoria": "UBALDINO SARAIVA", "texto_original": "http://sapl.marechalfloriano.es.leg.br/media/./sapl/public/materialegislativa/2017/3201/3201_texto_integral.pdf", "ementa": "REQUEIRO QUE SEJA VIABILIZADA A AQUISI\u00c7\u00c3O DE MUDAS DE CAF\u00c9, \u00c1RVORES FRUT\u00cdFERAS E PALM\u00c1CIAS."}, {"id": "3202", "ano": "2017", "numero": "33", "tipo__sigla": "REQ", "tipo__descricao": "Requerimento", "autoria": "UBALDINO SARAIVA", "texto_original": "http://sapl.marechalfloriano.es.leg.br/media/./sapl/public/materialegislativa/2017/3202/3202_texto_integral.pdf", "ementa": "REQUEIRO QUE SEJA VIABILIZADO O MAIS BREVE POSS\u00cdVEL, O IN\u00cdCIO DO ATENDIMENTO AO (S.I.M.) - SERVI\u00c7O DE INSPE\u00c7\u00c3O MUNICIPAL, DA AGROIND\u00daSTRIA FAMILIAR, BEM COMO CONTRATAR O VETERIN\u00c1RIO PARA P\u00d4R EM PR\u00c1TICA A CONCESS\u00c3O DO MESMO."}, {"id": "3203", "ano": "2017", "numero": "34", "tipo__sigla": "REQ", "tipo__descricao": "Requerimento", "autoria": "Renato Werneck", "texto_original": "http://sapl.marechalfloriano.es.leg.br/media/./sapl/public/materialegislativa/2017/3203/3203_texto_integral.pdf", "ementa": "REQUEIRO, JUNTAMENTE COM AS AUTORIDADES COMPETENTES, A PINTURA DAS FAIXAS DE PASSAGEM DE PEDESTRES E OS QUEBRA-MOLAS, NA SEDE E INTERIOR DO MUNIC\u00cdPIO."}, {"id": "3204", "ano": "2017", "numero": "35", "tipo__sigla": "REQ", "tipo__descricao": "Requerimento", "autoria": "Dod\u00f4 Krohling", "texto_original": "http://sapl.marechalfloriano.es.leg.br/media/./sapl/public/materialegislativa/2017/3204/3204_texto_integral.pdf", "ementa": "-REQUEIRO C\u00d3PIA INTEGRAL DO CERTAME LICITAT\u00d3RIO REFERENTE AOS SERVI\u00c7OS DE IMPLANTA\u00c7\u00c3O DA ILUMINA\u00c7\u00c3O P\u00daBLICA E COMPRAS DAS L\u00c2MPADAS DE LED, SENDO ENVIADA C\u00d3PIA DE TODA A DOCUMENTA\u00c7\u00c3O DE HABILITA\u00c7\u00c3O DAS EMPRESAS PARTICIPANTES, PROPOSTAS DE PRE\u00c7OS, CONTRATO E DEMAIS PE\u00c7AS PERTINENTES AO CERTAME LICITAT\u00d3RIO.\r\n-REQUEIRO AINDA EXTRATO COMPROBAT\u00d3RIO DO SALDO DE JANEIRO DE 2017 DA ILUMINA\u00c7\u00c3O P\u00daBLICA."}, {"id": "3205", "ano": "2017", "numero": "36", "tipo__sigla": "REQ", "tipo__descricao": "Requerimento", "autoria": "Dod\u00f4 Krohling", "texto_original": "http://sapl.marechalfloriano.es.leg.br/media/./sapl/public/materialegislativa/2017/3205/3205_texto_integral.pdf", "ementa": "-REQUEIRO DO PODER EXECUTIVO MUNICIPAL A C\u00d3PIA DAS AVALIA\u00c7\u00d5ES REALIZADAS REFERENTE \u00c0 INDENIZA\u00c7\u00c3O DO TERRENO LOCALIZADO EM ANEXO AO CAMPO BOM DE BOLA DE ARAGUAIA, BEM COMO A C\u00d3PIA DA PLANTA REFERENTE \u00c0 \u00c1REA INDENIZADA, C\u00d3PIA DA ESCRITURA P\u00daBLICA DA \u00c1REA QUE A FAM\u00cdLIA BRAVIM E FAM\u00cdLIA PREST DOOU PARA A CONSTRU\u00c7\u00c3O DO CAMPO BOM DE BOLA.\r\n-REQUEIRO AINDA, QUE SEJA ADQUIRIDA UMA \u00c1REA PARALELA AO CAMPO BOM DE BOLA DE ARAGUAIA, VISANDO A CONSTRU\u00c7\u00c3O DE VESTU\u00c1RIO, BANHEIROS E DEMAIS BENFEITORIAS NECESS\u00c1RIAS PARA A \u00c1REA DE LAZER."}, {"id": "3206", "ano": "2017", "numero": "37", "tipo__sigla": "REQ", "tipo__descricao": "Requerimento", "autoria": "Dod\u00f4 Krohling", "texto_original": "http://sapl.marechalfloriano.es.leg.br/media/./sapl/public/materialegislativa/2017/3206/3206_texto_integral.pdf", "ementa": "COPIA INTEGRAL DO CERTAME LICITAT\u00d3RIO REFERENTE A CONTRATA\u00c7\u00c3O DE EMPRESA PARA PRESTA\u00c7\u00c3O DE SERVI\u00c7OS CONTINUADOS DE SERVI\u00c7OS DE LIMPEZA, CONSERVA\u00c7\u00c3O E DESINFEC\u00c7\u00c3O DAS UNIDADES ESCOLARES E DAS UNIDADES DE SA\u00daDE DESTA MUNICIPALIDADE, OCASI\u00c3O EM QUE ESTES PROFISSIONAIS EST\u00c3O EXECUTANDO SUAS FUN\u00c7\u00d5ES NAS ESCOLAS P\u00daBLICAS DO MUNIC\u00cdPIO DE MARECHAL FLORIANO, SENDO ENVIADO C\u00d3PIA DE TODA A DOCUMENTA\u00c7\u00c3O DE HABILITA\u00c7\u00c3O DAS EMPRESAS PARTICIPANTES, PROPOSTAS DE PRE\u00c7OS, CONTRATO E DEMAIS PE\u00c7AS PERTINENTES AO CERTAME LICITAT\u00d3RIO."}, {"id": "3207", "ano": "2017", "numero": "38", "tipo__sigla": "REQ", "tipo__descricao": "Requerimento", "autoria": "Cezinha Ronchi, UBALDINO SARAIVA", "texto_original": "http://sapl.marechalfloriano.es.leg.br/media/./sapl/public/materialegislativa/2017/3207/3207_texto_integral.pdf", "ementa": "REQUEREMOS EM NOME DA COMISS\u00c3O DE FINAN\u00c7AS E OR\u00c7AMENTO QUE SEJA FECHADO COM URG\u00caNCIA A SALA DE REUNI\u00c3O DOS VEREADORES E QUE SE INSTALE UM AR CONDICIONADO NA MESMA, DEVIDO A FALTA DE PRIVACIDADE DOS VEREADORES BEM COMO, OS RU\u00cdDOS EXTERNOS DAS DEMAIS DEPEND\u00caNCIAS DA C\u00c2MARA QUE EST\u00c3O ATRAPALHANDO E PREJUDICANDO OS TRABALHOS E REUNI\u00d5ES DAS COMISS\u00d5ES DESTA CASA."}, {"id": "3208", "ano": "2017", "numero": "39", "tipo__sigla": "REQ", "tipo__descricao": "Requerimento", "autoria": "Cezinha Ronchi, UBALDINO SARAIVA", "texto_original": "http://sapl.marechalfloriano.es.leg.br/media/./sapl/public/materialegislativa/2017/3208/3208_texto_integral.pdf", "ementa": "REQUEREMOS AINDA, QUE SE ESTENDA O HOR\u00c1RIO DE FUNCIONAMENTO DA C\u00c2MARA DE 08:00 \u00c0S 18:00 HORAS, VISANDO MELHORAR O ATENDIMENTO AO P\u00daBLICO E AOS VEREADORES, DIVIDINDO-SE ENT\u00c3O OS FUNCION\u00c1RIOS EM DOIS TURNOS."}, {"id": "3209", "ano": "2017", "numero": "40", "tipo__sigla": "REQ", "tipo__descricao": "Requerimento", "autoria": "Cezinha Ronchi", "texto_original": "http://sapl.marechalfloriano.es.leg.br/media/./sapl/public/materialegislativa/2017/3209/3209_texto_integral.pdf", "ementa": "REQUEIRO QUE SEJAM VIABILIZADOS SERVI\u00c7OS NA LOCALIDADE DE RIO FUNDO."}, {"id": "3212", "ano": "2017", "numero": "41", "tipo__sigla": "REQ", "tipo__descricao": "Requerimento", "autoria": "Cezinha Ronchi, Dod\u00f4 Krohling, UBALDINO SARAIVA", "texto_original": "http://sapl.marechalfloriano.es.leg.br/media/./sapl/public/materialegislativa/2017/3212/3212_texto_integral.pdf", "ementa": "REQUEREMOS EM NOME DA COMISS\u00c3O DE FINAN\u00c7AS E OR\u00c7AMENTO QUE SEJA DISPONIBILIZADA UMA \u00c1REA DE 1.300 M\u00b2 (UM MIL E TREZENTOS METROS QUADRADOS) PARA CONSTRU\u00c7\u00c3O DA SEDE DO PODER LEGISLATIVO, NA \u00c1REA DO ANTIGO HOSPITAL LOCALIZADO EM MARECHAL FLORIANO OU QUE SEJA CONCEDIDO OUTRO LOCAL PARA A OBRA DA SEDE DA C\u00c2MARA."}, {"id": "3211", "ano": "2017", "numero": "42", "tipo__sigla": "REQ", "tipo__descricao": "Requerimento", "autoria": "Cezinha Ronchi", "texto_original": "http://sapl.marechalfloriano.es.leg.br/media/./sapl/public/materialegislativa/2017/3211/3211_texto_integral.pdf", "ementa": "REQUEIRO QUE SEJA CONSTRU\u00cdDO COM A AJUDA E PARCERIA DESTE PODER EXECUTIVO MUNICIPAL, UM CAMPO DE BOCHA EM ARAGUAIA, AO LADO DO CAMPO DE FUTEBOL, VISANDO PRESERVAR, DIVULGAR E INCENTIVAR A PR\u00c1TICA DESSE ESPORTE TRAZIDO PELOS IMIGRANTES, BEM COMO, VIABILIZAR O T\u00c9RMINO DA QUADRA DE ESPORTES DA REFERIDA COMUNIDADE."}, {"id": "3213", "ano": "2017", "numero": "43", "tipo__sigla": "REQ", "tipo__descricao": "Requerimento", "autoria": "Cezinha Ronchi", "texto_original": "http://sapl.marechalfloriano.es.leg.br/media/./sapl/public/materialegislativa/2017/3213/3213_texto_integral.pdf", "ementa": "REQUEIRO QUE SEJAM VIABILIZADOS OS SEGUINTES SERVI\u00c7OS EM SO\u00cdDO DE BAIXO:\r\n-PAVIMENTA\u00c7\u00c3O EM FRENTE AO COM\u00c9RCIO DO SENHOR NILSON LITTIG  AT\u00c9 A RODOVIA JO\u00c3O BATISTA KLEIN,  BEM COMO DA RODOVIA JO\u00c3O BATISTA KLEIN AT\u00c9 A SUBIDA DA IGREJA NOSSA SENHORA AUXILIADORA;\r\n-ILUMINA\u00c7\u00c3O P\u00daBLICA NA COMUNIDADE \"MENSAGEIROS DA BOA NOVA\";\r\n-PAVIMENTA\u00c7\u00c3O E ILUMINA\u00c7\u00c3O P\u00daBLICA, COM INICIO NA RODOVIA JO\u00c3O BATISTA KLEIN AT\u00c9 A NOVA ESCOLA FLORES PASINATO KUSTER E EM FRENTE AO COM\u00c9RCIO DA FAM\u00cdLIA WRUCK AT\u00c9 O CAMPO DE FUTEBOL SOCIETY."}, {"id": "3214", "ano": "2017", "numero": "44", "tipo__sigla": "REQ", "tipo__descricao": "Requerimento", "autoria": "JOAQUIM STEIN", "texto_original": "http://sapl.marechalfloriano.es.leg.br/media/./sapl/public/materialegislativa/2017/3214/3214_texto_integral.pdf", "ementa": "REQUEIRO QUE SEJAM VIABILIZADOS PROVID\u00caNCIAS URGENTES VISANDO TROCAR A TAMPA DE UM BUEIRO LOCALIZADO NA RUA VICTOR TRAV\u00c1GLIA."}, {"id": "3215", "ano": "2017", "numero": "45", "tipo__sigla": "REQ", "tipo__descricao": "Requerimento", "autoria": "Dod\u00f4 Krohling", "texto_original": "http://sapl.marechalfloriano.es.leg.br/media/./sapl/public/materialegislativa/2017/3215/3215_texto_integral.pdf", "ementa": "REQUER O ENCAMINHAMENTO A ESTA CASA DE LEIS DE C\u00d3PIA DE TODA A DOCUMENTA\u00c7\u00c3O REFERENTE AOS SEGUINTES PROCESSOS LICITAT\u00d3RIOS:\r\n-CARTA CONVITE N\u00b0021/2017, REFERENTE \u00c0 CONTRATA\u00c7\u00c3O DE EMPRESA PARA A PRESTA\u00c7\u00c3O DE SERVI\u00c7OS DE EDI\u00c7\u00c3O E MANUTEN\u00c7\u00c3O DO SITE DA PREFEITURA MUNICIPAL, E C\u00d3PIA DO CERTAME LICIT\u00c1TORIO - VENCEDOR DIOGO ENDLICH DE OLIVEIRA - VALOR R$ 58.000,00\r\n-PREG\u00c3O PRESENCIAL N\u00b0002/2017, REFERENTE \u00c0 CONTRATA\u00c7\u00c3O DE EMPRESA PARA PRESTA\u00c7\u00c3O DE SERVI\u00c7OS CONTINUADOS DE SERVI\u00c7O DE LIMPEZA, CONSERVA\u00c7\u00c3O E DESINFEC\u00c7\u00c3O DAS UNIDADES ESCOLARES E DAS UNIDADES DE SA\u00daDE DESTA MUNICIPALIDADE - VENCEDOR: VIX SERVI\u00c7OS - ES LTDA VALOR: R$ 2.510.535,36\r\nREQUER QUE SEJA ENCAMINHADO C\u00d3PIA COMPLETA DOS CERTAMES, HABILITA\u00c7\u00c3O DAS EMPRESAS PARTICIPANTES, PROPOSTAS DE PRE\u00c7OS, CONTRATOS, EMPENHOS, C\u00d3PIA DE CHEQUES E DEMAIS PE\u00c7AS QUE FAZEM PARTE DESTES PROCESSOS LICITAT\u00d3RIOS."}, {"id": "3216", "ano": "2017", "numero": "46", "tipo__sigla": "REQ", "tipo__descricao": "Requerimento", "autoria": "Renato Werneck", "texto_original": "http://sapl.marechalfloriano.es.leg.br/media/./sapl/public/materialegislativa/2017/3216/3216_texto_integral.pdf", "ementa": "REQUER DO EXCELENT\u00cdSSIMO SENHOR PREFEITO MUNICIPAL JO\u00c3O CARLOS LORENZONI E DO SECRET\u00c1RIO MUNICIPAL DE SA\u00daDE SENHOR PAULO LOVATTI JUNIOR A CONTINUA\u00c7\u00c3O DO ATENDIMENTO MEDICO REALIZADO NA COMUNIDADE DE VILA SCHUNCK."}, {"id": "3217", "ano": "2017", "numero": "47", "tipo__sigla": "REQ", "tipo__descricao": "Requerimento", "autoria": "Renato Werneck", "texto_original": "http://sapl.marechalfloriano.es.leg.br/media/./sapl/public/materialegislativa/2017/3217/3217_texto_integral.pdf", "ementa": "-REQUER QUE O CHEFE DO PODER EXECUTIVO E SECRET\u00c1RIOS MUNICIPAIS DETERMINEM QUE OS COORDENADORES, DIRETORES E CHEFES DE SETORES ADMINISTRATIVOS DA \u00c1REA DA SA\u00daDE PERMANE\u00c7AM COM ALGUM CONTATO PARA CASO DE EMERG\u00caNCIAS NOS FINAIS DE SEMANA E AP\u00d3S O HOR\u00c1RIO DE EXPEDIENTE NORMAL.\r\n-REQUER AINDA QUE SEJA AFIXADO EM LOCAIS P\u00daBLICOS A LISTA COM O NOME E TELEFONE DOS PROFISSIONAIS DA \u00c1REA DE SA\u00daDE QUE ESTEJAM TRABALHANDO EM REGIME DE PLANT\u00c3O."}, {"id": "7103", "ano": "2017", "numero": "48", "tipo__sigla": "REQ", "tipo__descricao": "Requerimento", "autoria": "Dod\u00f4 Krohling", "texto_original": "http://sapl.marechalfloriano.es.leg.br/media/sapl/public/materialegislativa/2017/7103/requerimento_48-17-convertido.pdf", "ementa": "REQUEIRO NOS TERMOS DA CONSTITUI\u00c7\u00c3O FEDERAL ART. 50, COMBINADO COM O ART. 224 DO REGIMENTO INTERNO..."}, {"id": "3218", "ano": "2017", "numero": "49", "tipo__sigla": "REQ", "tipo__descricao": "Requerimento", "autoria": "UBALDINO SARAIVA", "texto_original": "http://sapl.marechalfloriano.es.leg.br/media/./sapl/public/materialegislativa/2017/3218/3218_texto_integral.pdf", "ementa": "REQUEIRO QUE, PARA A PR\u00d3XIMA REFORMA DA PRA\u00c7A JOS\u00c9 HENRIQUE PEREIRA, SEJA ANALISADA A POSSIBILIDADE DE INSERIR A INSTALA\u00c7\u00c3O DE UMA BANCA OU UM CORETO, EM ESTILO \u00cdTALO-GERM\u00c2NICO, VISANDO CONTEMPLAR OS ARTES\u00c3OS COM A DISPONIBILIZA\u00c7\u00c3O DESSE ESPA\u00c7O PARA OS MESMOS EXPOREM E VENDEREM OS SEUS ARTESANATOS."}, {"id": "3219", "ano": "2017", "numero": "50", "tipo__sigla": "REQ", "tipo__descricao": "Requerimento", "autoria": "Dod\u00f4 Krohling", "texto_original": "http://sapl.marechalfloriano.es.leg.br/media/./sapl/public/materialegislativa/2017/3219/3219_texto_integral.pdf", "ementa": "REQUER O ENCAMINHAMENTO A ESTA CASA DE LEIS DE C\u00d3PIA DE TODA A DOCUMENTA\u00c7\u00c3O REFERENTE AOS PROCESSOS LICITAT\u00d3RIOS VENCIDOS PELA EMPRESA \"VITORIALUZ CONSTRU\u00c7\u00d5ES LTDA EPP\"."}, {"id": "3220", "ano": "2017", "numero": "51", "tipo__sigla": "REQ", "tipo__descricao": "Requerimento", "autoria": "Dod\u00f4 Krohling", "texto_original": "http://sapl.marechalfloriano.es.leg.br/media/./sapl/public/materialegislativa/2017/3220/3220_texto_integral.pdf", "ementa": "REQUER O ENCAMINHAMENTO A ESTA CASA DE LEIS DE C\u00d3PIA DE TODA A DOCUMENTA\u00c7\u00c3O REFERENTE AOS PROCESSOS LICITAT\u00d3RIOS VENCIDOS PELA EMPRRESA \"TEFAC CONSTRU\u00c7\u00d5ES E SERVI\u00c7OS LTDA\"."}, {"id": "3221", "ano": "2017", "numero": "52", "tipo__sigla": "REQ", "tipo__descricao": "Requerimento", "autoria": "Dod\u00f4 Krohling", "texto_original": "http://sapl.marechalfloriano.es.leg.br/media/./sapl/public/materialegislativa/2017/3221/3221_texto_integral.pdf", "ementa": "REQUER O ENCAMINHAMENTO A ESTA CASA DE LEIS DE C\u00d3PIA DE TODA A DOCUMENTA\u00c7\u00c3O PERTINENTE AO TERMO DE DISPENSA DE LICITA\u00c7\u00c3O N\u00b0505/2017, TENDO COMO OBJETO A CONTRATA\u00c7\u00c3O EMERGENCIAL DE EMPRESA ESPECIALIZADA PARA A PRESTA\u00c7\u00c3O DE SERVI\u00c7OS DE LIMPEZA P\u00daBLICA COMPLEMENTAR E SERVI\u00c7OS DE IMPLANTA\u00c7\u00c3O E MANUTEN\u00c7\u00c3O DE \u00c1REAS VERDES PARA ATENDER AS NECESSIDADES DO MUNIC\u00cdPIO, NO VALOR DE R$2.158.815,00 SENDO CONTRATADA A EMPRESA BRUTUS ENGENHARIA LTDA-ME."}, {"id": "3222", "ano": "2017", "numero": "53", "tipo__sigla": "REQ", "tipo__descricao": "Requerimento", "autoria": "Cabral", "texto_original": "http://sapl.marechalfloriano.es.leg.br/media/./sapl/public/materialegislativa/2017/3222/3222_texto_integral.pdf", "ementa": "REQUERER DE VOSSA EXCEL\u00caNCIA QUE SEJAM DISPONIBILIZADOS RECURSOS FINANCEIROS, ATRAV\u00c9S DE CONVENIO FEDERAL, VISANDO \u00c0 CONTRATA\u00c7\u00c3O DE EMPRESA ESPECIALIZADA NA APLICA\u00c7\u00c3O DE UM MATERIAL DENOMINADO DE GEOMANTA NESTES LOCAIS DE RISCO COMUNIDADE DE VICTOR HUGO, COMUNIDADE DE VILA SCHUNCK, ARAGUAIA, \u00c1REA LOCALIZADAS NAS PROXIMIDADES DO ANTIGO LIX\u00c3O, SEDE DO MUNIC\u00cdPIO E OUTRAS."}, {"id": "3223", "ano": "2017", "numero": "54", "tipo__sigla": "REQ", "tipo__descricao": "Requerimento", "autoria": "Felipe Hulle Del Puppo", "texto_original": "http://sapl.marechalfloriano.es.leg.br/media/./sapl/public/materialegislativa/2017/3223/3223_texto_integral.pdf", "ementa": "REQUEIRO QUE SEJA REALIZADO ESTUDOS VI\u00c1VEIS PARA IMPLANTA\u00c7\u00c3O DE UM PROJETO DE QUE PROIBI A CIRCULA\u00c7\u00c3O DE CARRETAS NO CENTRO DE MARECHAL FLORIANO DENTRO DO PER\u00cdODO DE 11:00 \u00c0S 13:00 HORAS E DE 16:00 \u00c0S 18:00 HORAS, CONSIDERADOS HOR\u00c1RIOS DE PICO, DEVIDO A ACUMULO DE VE\u00cdCULOS EM CIRCULA\u00c7\u00c3O."}, {"id": "3224", "ano": "2017", "numero": "55", "tipo__sigla": "REQ", "tipo__descricao": "Requerimento", "autoria": "Renato Werneck", "texto_original": "http://sapl.marechalfloriano.es.leg.br/media/./sapl/public/materialegislativa/2017/3224/3224_texto_integral.pdf", "ementa": "REQUER COM URG\u00caNCIA A DISPONIBILIZA\u00c7\u00c3O DE INTERNET GRATUITA PARA A SEDE E INTERIOR DO MUNIC\u00cdPIO DE MARECHAL FLORIANO."}, {"id": "3225", "ano": "2017", "numero": "56", "tipo__sigla": "REQ", "tipo__descricao": "Requerimento", "autoria": "UBALDINO SARAIVA", "texto_original": "http://sapl.marechalfloriano.es.leg.br/media/./sapl/public/materialegislativa/2017/3225/3225_texto_integral.pdf", "ementa": "PROVIDENCIAR A ANALISE E ESTUDO DA REIVINDICA\u00c7\u00c3O DOS SERVIDORES P\u00daBLICOS QUANTO AO ENVIO DO PROJETO DE LEI SOBRE A ATUALIZA\u00c7\u00c3O DO ESTATUTO DOS SERVIDORES P\u00daBLICOS MUNICIPAIS, BEM COMO DAR MELHORES CONDI\u00c7\u00d5ES DE  TRABALHO AOS MESMOS."}, {"id": "3227", "ano": "2017", "numero": "57", "tipo__sigla": "REQ", "tipo__descricao": "Requerimento", "autoria": "Cezinha Ronchi", "texto_original": "http://sapl.marechalfloriano.es.leg.br/media/./sapl/public/materialegislativa/2017/3227/3227_texto_integral.pdf", "ementa": "PROVIDENCIAR A REFORMA E MELHORAR A ACESSIBILIDADE NA ESCOLA DE VICTOR HUGO, BEM COMO A CONSTRU\u00c7\u00c3O DE VESTI\u00c1RIOS E BANHEIROS NO GIN\u00c1SIO DE ESPORTES DE VICTOR HUGO;\r\nREQUEIRO AINDA A REFORMA DO GIN\u00c1SIO DE ESPORTES DE VICTOR HUGO."}, {"id": "3230", "ano": "2017", "numero": "58", "tipo__sigla": "REQ", "tipo__descricao": "Requerimento", "autoria": "UBALDINO SARAIVA", "texto_original": "http://sapl.marechalfloriano.es.leg.br/media/./sapl/public/materialegislativa/2017/3230/3230_texto_integral.pdf", "ementa": "REQUEIRO O EMPENHO DO PODER EXECUTIVO MUNICIPAL, ATRAV\u00c9S DAS SECRETARIAS MUNICIPAIS DE MEIO AMBIENTE E DE AGRICULTURA, A\u00c7\u00d5ES PARA DIVULGAR E INCENTIVAR O RECONHECIMENTO DE \u00c1REAS DE RESERVA PARTICULAR DO PATRIM\u00d4NIO NATURAL (RPPN) PRESTANDO INFORMA\u00c7\u00d5ES AOS PROPRIET\u00c1RIOS, DISPONIBILIZAR EQUIPE DE TRABALHO E RESPONS\u00c1VEIS LEGAIS DE RPPN NOS \u00d3RG\u00c3OS P\u00daBLICOS, COM APOIO MATERIAL, T\u00c9CNICO E FINANCEIRO PARA A CRIA\u00c7\u00c3O E IMPLEMENTA\u00c7\u00c3O DESTAS UNIDADES DE CONSERVA\u00c7\u00c3O DENTRO DO MUNIC\u00cdPIO DE MARECHAL FLORIANO."}, {"id": "3233", "ano": "2017", "numero": "59", "tipo__sigla": "REQ", "tipo__descricao": "Requerimento", "autoria": "Cabral, Cezinha Ronchi, DAVI, DIONY STEIN, Dod\u00f4 Krohling, Felipe Hulle Del Puppo, JOAQUIM STEIN, Renato Werneck, UBALDINO SARAIVA", "texto_original": "http://sapl.marechalfloriano.es.leg.br/media/./sapl/public/materialegislativa/2017/3233/3233_texto_integral.pdf", "ementa": "REQUEREMOS, A ESSE CONCEITUADO \u00d3RG\u00c3O QUE SE DIGNE A MANTER OS SEM\u00c1FOROS DE MARECHAL FLORIANO LIGADOS DURANTE OS FERIADOS E FINAIS DE SEMANA PROLONGADOS, VISANDO PERMITIR A TRAVESSIA DOS CONDUTORES DE VE\u00cdCULOS NA BR 262, TANTO PARA ENTRAR, QUANTO PARA SAIR DE MARECHAL FLORIANO, VISTO QUE NOS REFERIDOS DIAS O SEM\u00c1FORO TEM FICADO DESLIGADO PARA DAR AGILIDADE NO SENTIDO VIT\u00d3RIA/BELO HORIZONTE E VICE VERSA."}, {"id": "3235", "ano": "2017", "numero": "60", "tipo__sigla": "REQ", "tipo__descricao": "Requerimento", "autoria": "DAVI", "texto_original": "http://sapl.marechalfloriano.es.leg.br/media/./sapl/public/materialegislativa/2017/3235/3235_texto_integral.pdf", "ementa": "REQUEREMOS QUE A PREFEITURA MUNICIPAL, ATRAV\u00c9S DA SECRETARIA DE OBRAS PROVIDENCIE COM URG\u00caNCIA A LIMPEZA DO C\u00d3RREGO EXISTENTE NESTA MUNICIPALIDADE, INICIANDO NAS PROXIMIDADES DA ANTIGA INSTALA\u00c7\u00c3O DA EMPRESA GLOBOAVES, BEM COMO A LIMPEZA DO C\u00d3RREGO BATATAL, INICIANDO NO BAIRRO SANTA RITA, PASSANDO PELO SUPERMERCADO NOSSA REDE AT\u00c9 DESAGUAR NO RIO JUCU."}, {"id": "3237", "ano": "2017", "numero": "61", "tipo__sigla": "REQ", "tipo__descricao": "Requerimento", "autoria": "DAVI", "texto_original": "http://sapl.marechalfloriano.es.leg.br/media/./sapl/public/materialegislativa/2017/3237/3237_texto_integral.pdf", "ementa": "REQUER DO PODER EXECUTIVO MUNICIPAL A REALIZA\u00c7\u00c3O DOS SERVI\u00c7OS DE MELHORIAS NA INFRAESTRUTURA DA ALAMEDA JO\u00c3O MER\u00cdSIO, ATRAV\u00c9S DA REALIZA\u00c7\u00c3O DE SERVI\u00c7OS DE PAVIMENTA\u00c7\u00c3O ASF\u00c1LTICA, IMPLANTA\u00c7\u00c3O DE UMA REDE ADEQUADA PARA CAPTA\u00c7\u00c3O DAS \u00c1GUAS DAS CHUVAS, SUBSTITUI\u00c7\u00c3O DE MEIO FIO, DENTRE OUTRAS NECESSIDADES QUE SE FIZEREM NECESS\u00c1RIAS VISANDO PROPORCIONAR MAIS SEGURAN\u00c7A NO TRANSLADO DE VE\u00cdCULOS E PEDESTRES QUE MORAM NAS PROXIMIDADES DESTA VIA, UMA VEZ QUE A MESMA REQUER UMA ATEN\u00c7\u00c3O ESPECIAL POR SE TRATAR DE UM LOGRADOURO MUITO INGRIME."}, {"id": "3239", "ano": "2017", "numero": "62", "tipo__sigla": "REQ", "tipo__descricao": "Requerimento", "autoria": "DIONY STEIN", "texto_original": "http://sapl.marechalfloriano.es.leg.br/media/./sapl/public/materialegislativa/2017/3239/3239_texto_integral.pdf", "ementa": "REQUEREMOS AO PREFEITO MUNICIPAL QUE SEJA DISPENSADA UMA ATEN\u00c7\u00c3O ESPECIAL PARA A ESTRADA QUE OFERECE ACESSO A \u00c1REA URBANA CONHECIDA COMO RECREIO PONTO ALTO, LOCALIZADA EM ALTO MARECHAL, PERCURSO ESTE QUE SE INICIA EM UMA CURVA ACENTUADA NA RUA JULIETA MARIA FISCHER, PR\u00d3XIMO AO MURO DE CONTEN\u00c7\u00c3O ACIMA DA CASA DO GRANITO."}, {"id": "3241", "ano": "2017", "numero": "63", "tipo__sigla": "REQ", "tipo__descricao": "Requerimento", "autoria": "Cabral, Cezinha Ronchi, DAVI, DIONY STEIN, Dod\u00f4 Krohling, Felipe Hulle Del Puppo, JOAQUIM STEIN, Renato Werneck, UBALDINO SARAIVA", "texto_original": "http://sapl.marechalfloriano.es.leg.br/media/./sapl/public/materialegislativa/2017/3241/3241_texto_integral.pdf", "ementa": "REQUEREMOS DO PODER EXECUTIVO MUNICIPAL O ENCAMINHAMENTO DE UM PROJETO DE LEI QUE AUTORIZA O MUNIC\u00cdPIO DE MARECHAL FLORIANO A DISPOR SOBRE A REGULARIZA\u00c7\u00c3O DE TERRENOS URBANO, AUTORIZANDO A EMISS\u00c3O DE ESCRITURA P\u00daBLICA DE POSSE PARA PROPRIET\u00c1RIOS DE LOTES COM MEDIDA INFERIOR A 300 M\u00b2, OBEDECENDO UM LIMITE MINIMO DE 100M\u00b2."}, {"id": "3242", "ano": "2017", "numero": "64", "tipo__sigla": "REQ", "tipo__descricao": "Requerimento", "autoria": "Cabral, Cezinha Ronchi, DAVI, DIONY STEIN, Dod\u00f4 Krohling, Felipe Hulle Del Puppo, JOAQUIM STEIN, Renato Werneck, UBALDINO SARAIVA", "texto_original": "http://sapl.marechalfloriano.es.leg.br/media/./sapl/public/materialegislativa/2017/3242/3242_texto_integral.pdf", "ementa": "REQUEREMOS QUE VOSSA EXCEL\u00caNCIA PROVIDENCIE A ADEQUA\u00c7\u00c3O DA RUA DR. ARTHUR GERHARDT, TORNANDO-A M\u00c3O \u00daNICA, SENDO LIBERADO O TR\u00c2NSITO SOMENTE NO SENTIDO DO GIN\u00c1SIO DE ESPORTE, PASSANDO PELO CART\u00d3RIO GAMA, SEGUINDO AT\u00c9 A PRA\u00c7A JOS\u00c9 HENRIQUE PEREIRA, NAS PROXIMIDADES DO SUPERMERCADO MULTISHOW."}, {"id": "3243", "ano": "2017", "numero": "65", "tipo__sigla": "REQ", "tipo__descricao": "Requerimento", "autoria": "Cabral, Cezinha Ronchi, DAVI, DIONY STEIN, Dod\u00f4 Krohling, Felipe Hulle Del Puppo, JOAQUIM STEIN, Renato Werneck, UBALDINO SARAIVA", "texto_original": "http://sapl.marechalfloriano.es.leg.br/media/./sapl/public/materialegislativa/2017/3243/3243_texto_integral.pdf", "ementa": "REQUEREMOS A VOSSA EXCEL\u00caNCIA  QUE PROVIDENCIE O MAIS BREVE POSS\u00cdVEL, A CONSTRU\u00c7\u00c3O DE UM LOCAL PARA EMBARQUE E DESEMBARQUE DE PACIENTES EM FRENTE \u00c0 POLICL\u00cdNICA, PARALELO A RUA BELARMINO PINTO, TRANSFERINDO O MASTRO DAS BANDEIRAS PARA OUTRO LOCAL E APROVEITANDO O ESPA\u00c7O PARA TAL FINALIDADE."}, {"id": "3244", "ano": "2017", "numero": "66", "tipo__sigla": "REQ", "tipo__descricao": "Requerimento", "autoria": "Cabral", "texto_original": "http://sapl.marechalfloriano.es.leg.br/media/./sapl/public/materialegislativa/2017/3244/3244_texto_integral.pdf", "ementa": "REQUEIRO QUE, SEJA CONCEDIDO AUXILIO ALIMENTA\u00c7\u00c3O AOS CONSELHEIROS TUTELARES DE MARECHAL FLORIANO."}, {"id": "3246", "ano": "2017", "numero": "67", "tipo__sigla": "REQ", "tipo__descricao": "Requerimento", "autoria": "Renato Werneck", "texto_original": "http://sapl.marechalfloriano.es.leg.br/media/./sapl/public/materialegislativa/2017/3246/3246_texto_integral.pdf", "ementa": "REQUEIRO QUE SEJA CONTRATADO MAIS FISIOTERAPEUTAS PARA ATENDER A POPULA\u00c7\u00c3O DE MARECHAL FLORIANO."}, {"id": "3247", "ano": "2017", "numero": "68", "tipo__sigla": "REQ", "tipo__descricao": "Requerimento", "autoria": "Renato Werneck", "texto_original": "http://sapl.marechalfloriano.es.leg.br/media/./sapl/public/materialegislativa/2017/3247/3247_texto_integral.pdf", "ementa": "REQUEIRO QUE SEJA INFORMADO COMO ESTA O PROCESSO LICITAT\u00d3RIO PARA CONTRATA\u00c7\u00c3O DO SERVI\u00c7O DE TRANSPORTE ESCOLAR NO MUNIC\u00cdPIO, REALIZADA NO PRESENTE EXERC\u00cdCIO."}, {"id": "3248", "ano": "2017", "numero": "69", "tipo__sigla": "REQ", "tipo__descricao": "Requerimento", "autoria": "Cezinha Ronchi", "texto_original": "http://sapl.marechalfloriano.es.leg.br/media/", "ementa": "REQUEIRO QUE SEJA VIABILIZADA A INSTALA\u00c7\u00c3O DE TORRE DE TELEFONIA M\u00d3VEL E INTERNET 3G, VISANDO ATENDER E CONTEMPLAR AS COMUNIDADE DE BOM JESUS, BEM COMO SANTA MARIA E VICTOR HUGO."}, {"id": "3249", "ano": "2017", "numero": "70", "tipo__sigla": "REQ", "tipo__descricao": "Requerimento", "autoria": "Cezinha Ronchi", "texto_original": "http://sapl.marechalfloriano.es.leg.br/media/./sapl/public/materialegislativa/2017/3249/3249_texto_integral.pdf", "ementa": "REQUEIRO QUE SEJAM VIABILIZADOS OS SEGUINTES SERVI\u00c7OS NAS SEGUINTES PONTES:\r\nDENTRO DAS POSSIBILIDADES, TROCAR A PONTE DE SO\u00cdDO DE BAIXO QUE FOI REFORMA, POR UMA DE ALVENARIA, BEM COMO, REFORMA DAS PONTES LOCALIZADAS NA ESTRADA QUE LIGA RIO FUNDO AO ALTO RIO FUNDO E NA FAZENDO S\u00c3O BENTO DE ARAGUAIA."}, {"id": "3252", "ano": "2017", "numero": "71", "tipo__sigla": "REQ", "tipo__descricao": "Requerimento", "autoria": "Cezinha Ronchi", "texto_original": "http://sapl.marechalfloriano.es.leg.br/media/./sapl/public/materialegislativa/2017/3252/3252_texto_integral.pdf", "ementa": "VISANDO MELHORAR O ATENDIMENTO NAS UNIDADES DE SA\u00daDE DO MUNIC\u00cdPIO, SOLICITO AS SEGUINTES PROVID\u00caNCIAS:\r\n-RIO FUNDO: COBERTURA EM FRENTE \u00c0 UNIDADE PARA AS PESSOAS FICAREM ENQUANTO ESPERAM ATENDIMENTO E CONSTRU\u00c7\u00c3O DE UM AUDIT\u00d3RIO COM SANIT\u00c1RIOS EMBAIXO DA MESMA, REFORMA E PINTURA, INSTALA\u00c7\u00c3O DE UMA L\u00c2MPADA MAIS FORTE NA SALA DE DENTISTA, MESA MAIOR VISANDO AUXILIAR OS TRABALHOS ODONTOL\u00d3GICOS, CONSERTO DE NEBULIZADOR, FILTRO DE \u00c1GUA, ANTENA PARAB\u00d3LICA, TELEFONE, MEDICA\u00c7\u00c3O PARA DIAB\u00c9TICOS E HIPERTENS\u00c3O, DIPIRONA, ANTIBI\u00d3TICOS E BRONCOS DILATADORES, BEM COMO AQUISI\u00c7\u00c3O DE MATERIAL DE LIMPEZA.\r\n-ARAGUAIA: TELEFONE, FILTRO DE \u00c1GUA, ANTENA PARAB\u00d3LICA, MEDICA\u00c7\u00c3O PARA DIAB\u00c9TICOS E HIPERTENS\u00c3O, DIPIRONA, ANTIBI\u00d3TICOS E BRONCO DILATADORES, BEM COMO AQUISI\u00c7\u00c3O DE MATERIAL DE LIMPEZA.\r\n-SO\u00cdDO DE BAIXO, VICTOR HUGO E BOM JESUS: MEDICA\u00c7\u00c3O PARA DIAB\u00c9TICOS E HIPERTENS\u00c3O, BEM COMO DIPIRONA, ANTIBI\u00d3TICOS E BRONCOS DILATADORES BEM COMO AQUISI\u00c7\u00c3O DE MATERIAL DE LIMPEZA."}, {"id": "3254", "ano": "2017", "numero": "72", "tipo__sigla": "REQ", "tipo__descricao": "Requerimento", "autoria": "Felipe Hulle Del Puppo", "texto_original": "http://sapl.marechalfloriano.es.leg.br/media/./sapl/public/materialegislativa/2017/3254/3254_texto_integral.pdf", "ementa": "REQUEIRO COPIA DE TODA DOCUMENTA\u00c7\u00c3O REFERENTE AO PROCESSO DE EXECU\u00c7\u00c3O DOS SERVI\u00c7OS DE HUMANIZA\u00c7\u00c3O E PAISAGISMO DA RODOVIA FRANCISCO STOCKL (ES-146), NO MUNIC\u00cdPIO DE MARECHAL FLORIANO."}, {"id": "3257", "ano": "2017", "numero": "73", "tipo__sigla": "REQ", "tipo__descricao": "Requerimento", "autoria": "Dod\u00f4 Krohling", "texto_original": "http://sapl.marechalfloriano.es.leg.br/media/./sapl/public/materialegislativa/2017/3257/3257_texto_integral.pdf", "ementa": "REQUEIRO C\u00d3PIA INTEGRAL DO CERTAME LICITAT\u00d3RIO PREG\u00c3O PRESENCIAL N\u00b0004/2017, CUJO OBJETO \u00c9 A CONTRATA\u00c7\u00c3O DE EMPRESA PARA EXECU\u00c7\u00c3O DO TRANSPORTE ESCOLAR DA REDE MUNICIPAL DE ENSINO DE MARECHAL FLORIANO, OCASI\u00c3O EM QUE DEU-SE COMO VENCEDORA A EMPRESA TRANS LOPES EIRELI ME. VALOR TOTAL LICITADO: R$690.532,00 (SEISCENTOS E NOVENTA MIL QUINHENTOS E TRINTA E DOIS REAIS) E O CERTAME LICITAT\u00d3RIO PREG\u00c3O PRESENCIAL N\u00b0009/2017 CUJO OBJETO \u00c9 A CONTRATA\u00c7\u00c3O DE EMPRESA PARA EXECU\u00c7\u00c3O DO TRANSPORTE ESCOLAR DA REDE ESTADUAL DE ENSINO DO MUNIC\u00cdPIO DE MARECHAL FLORIANO, VALOR R$ 777.039,00.\r\n-REQUEIRO O ENCAMINHAMENTO DA DOCUMENTA\u00c7\u00c3O REFERENTE A HABILITA\u00c7\u00c3O DAS EMPRESAS, PROPOSTAS DAS EMPRESAS PARTICIPANTES, ADJUDICA\u00c7\u00c3O, HOMOLOGA\u00c7\u00c3O, CONTRATOS E DEMAIS PE\u00c7AS PERTINENTES AOS DOIS CERTAMES LICITAT\u00d3RIOS ACIMA CITADOS."}, {"id": "3261", "ano": "2017", "numero": "74", "tipo__sigla": "REQ", "tipo__descricao": "Requerimento", "autoria": "UBALDINO SARAIVA", "texto_original": "http://sapl.marechalfloriano.es.leg.br/media/./sapl/public/materialegislativa/2017/3261/3261_texto_integral.pdf", "ementa": "REQUEIRO QUE SEJA ANALISADA A CRIA\u00c7\u00c3O DO SETOR DE SEGURAN\u00c7A P\u00daBLICA E TR\u00c2NSITO, TENDO COMO RESPONS\u00c1VEL UM PROFISSIONAL COM EXPERI\u00caNCIA EM AMBOS OS ASSUNTOS, VISANDO IMPLEMENTAR A\u00c7\u00d5ES E PROGRAMAS, CONTEMPLANDO A SOCIEDADE FLORIANENSE, BEM COMO PROPORCIONANDO MAIOR SEGURAN\u00c7A E MELHOR ACESSIBILIDADE \u00c0 MESMA."}, {"id": "3263", "ano": "2017", "numero": "75", "tipo__sigla": "REQ", "tipo__descricao": "Requerimento", "autoria": "", "texto_original": "http://sapl.marechalfloriano.es.leg.br/media/./sapl/public/materialegislativa/2017/3263/3263_texto_integral.pdf", "ementa": "REQUEIRO QUE SEJA MARCADA UMA REUNI\u00c3O COM A PROCURADORA DA PREFEITURA, ASSESSORIA JUR\u00cdDICA DA C\u00c2MARA, VEREADORES E REPRESENTANTE DO SINDICATO DOS SERVIDORES DE MARECHAL FLORIANO PARA TOMAR CONHECIMENTO DAS EMENDAS APRESENTADAS AO ESTATUTO DOS SERVIDORES QUE ESTA EM ANALISE DENTRO DAS COMISS\u00d5ES, ANTES DE ENCAMINHAR O PROJETO PARA APRECIA\u00c7\u00c3O PLEN\u00c1RIA."}, {"id": "3267", "ano": "2017", "numero": "76", "tipo__sigla": "REQ", "tipo__descricao": "Requerimento", "autoria": "Renato Werneck", "texto_original": "http://sapl.marechalfloriano.es.leg.br/media/./sapl/public/materialegislativa/2017/3267/3267_texto_integral.pdf", "ementa": "-REQUEIRO QUE SEJA AVALIADA A POSSIBILIDADE DE REALIZAR A DEMARCA\u00c7\u00c3O DE DUAS VAGAS DE CARGA E DESCARGA NA VIA LATERAL DO SUPERMERCADO NOSSA REDE (DORINHO);\r\n-REQUEIRO AINDA A POSSIBILIDADE DE RETIRAR A DEMARCA\u00c7\u00c3O HORIZONTAL (OLHO DE GATO) INSTALADA EM FRENTE AO SUPERMERCADO NOSSA REDE (DORINHO), POR MOTIVO DE SEGURAN\u00c7A, DEVIDO A PISTA SER ESTREITA OS CAMINH\u00d5ES PASSAM POR CIMA DESSA SINALIZA\u00c7\u00c3O CORRENDO O RISCO DE ESTOURAR ALGUM PNEU CAUSAR ACIDENTES GRAVES AOS PEDESTRES.\r\n-REQUEIRO TAMB\u00c9M A POSSIBILIDADE DE RETIRAR A DEMARCA\u00c7\u00c3O HORIZONTAL (OLHO DE GATO) INSTALADA EM FRENTE A ESTA\u00c7\u00c3O FERROVI\u00c1RIA OU INSTALAR A PLACA DE PROIBIDO ESTACIONAR."}, {"id": "3269", "ano": "2017", "numero": "77", "tipo__sigla": "REQ", "tipo__descricao": "Requerimento", "autoria": "Cabral", "texto_original": "http://sapl.marechalfloriano.es.leg.br/media/./sapl/public/materialegislativa/2017/3269/3269_texto_integral.pdf", "ementa": "REQUEIRO QUE SEJA MARCADA UMA REUNI\u00c3O COM OS RESPONS\u00c1VEIS PELA EMPRESA FCA (FERROVIA CENTRO-ATL\u00c2NTICA) PARA AVALIAR A POSSIBILIDADE DE LIBERAR A FAIXA DE TERRA COM INICIO NA ESTA\u00c7\u00c3O AT\u00c9 O CENTRO EDUCACIONAL VOV\u00d3 FERNANDINA PARA SER UTILIZADA COMO ESTACIONAMENTO."}, {"id": "3270", "ano": "2017", "numero": "78", "tipo__sigla": "REQ", "tipo__descricao": "Requerimento", "autoria": "Felipe Hulle Del Puppo", "texto_original": "http://sapl.marechalfloriano.es.leg.br/media/./sapl/public/materialegislativa/2017/3270/3270_texto_integral.pdf", "ementa": "-REQUEIRO COPIA DE TODA A DOCUMENTA\u00c7\u00c3O REFERENTE AO PROCESSO LICITAT\u00d3RIO, CONTRATA\u00c7\u00c3O E PAGAMENTO DA EMPRESA QUE EXECUTOU A OBRA DE REFORMA E AMPLIA\u00c7\u00c3O DAS PONTES ALCINO DENADAI E JACINTO TAQUETE NA SEDE DO MUNIC\u00cdPIO.\r\n-REQUEIRO AINDA A ADEQUA\u00c7\u00c3O DO PROJETO PARA AS MESMAS POSSAM SER LIBERADAS PARA USO DOS MORADORES E VISITANTES."}, {"id": "3271", "ano": "2017", "numero": "79", "tipo__sigla": "REQ", "tipo__descricao": "Requerimento", "autoria": "Cezinha Ronchi", "texto_original": "http://sapl.marechalfloriano.es.leg.br/media/./sapl/public/materialegislativa/2017/3271/3271_texto_integral.pdf", "ementa": "REQUEIRO QUE SEJA VIABILIZADO O T\u00c9RMINO DA NOVA ESCOLA FLORES PASINATO KUSTER E DO GIN\u00c1SIO DE ESPORTES, LOCALIZADO AO LADO DA REFERIDA ESCOLA."}, {"id": "3273", "ano": "2017", "numero": "80", "tipo__sigla": "REQ", "tipo__descricao": "Requerimento", "autoria": "UBALDINO SARAIVA", "texto_original": "http://sapl.marechalfloriano.es.leg.br/media/./sapl/public/materialegislativa/2017/3273/3273_texto_integral.pdf", "ementa": "QUE  O PODER EXECUTIVO MUNICIPAL VIABILIZE A REVIS\u00c3O E ATUALIZA\u00c7\u00c3O DO PLANO DE CARREIRA DOS SERVIDORES MUNICIPAIS."}, {"id": "3275", "ano": "2017", "numero": "81", "tipo__sigla": "REQ", "tipo__descricao": "Requerimento", "autoria": "UBALDINO SARAIVA", "texto_original": "http://sapl.marechalfloriano.es.leg.br/media/./sapl/public/materialegislativa/2017/3275/3275_texto_integral.pdf", "ementa": "MEDIANTE OS OFICIOS N\u00b025/2017/SPF-ES/SRPRF-ES,DATADO EM 03/05/2017 E N\u00b0320/2017/SR/DNIT/ES, DATADO EM 05/06/2017, REQUEIRO QUE O PODER EXECUTIVO MUNICIPAL ENCAMINHE AO DNIT, UM PROJETO DENTRO DAS NORMAS E INSTRU\u00c7\u00d5ES DE SERVI\u00c7O PARA AN\u00c1LISE DE SUA SUPERINTEND\u00caNCIA, VISANDO A PERMISS\u00c3O PARA ESTACIONAMENTO NA RUA LATERAL \u00c0 BR 262, BEM COMO NA RUA DAVID CANAL, AMBAS LOCALIZADAS EM FRENTE \u00c0 PREFEITURA MUNICIPAL DE MARECHAL FLORIANO, BEM COMO \u00c0 AV. ARTHUR HAESE E RUA LATERAL \u00c0 BR 262. SEGUEM OS OFICIOS SUPRACITADOS."}, {"id": "3276", "ano": "2017", "numero": "82", "tipo__sigla": "REQ", "tipo__descricao": "Requerimento", "autoria": "Cezinha Ronchi, DIONY STEIN", "texto_original": "http://sapl.marechalfloriano.es.leg.br/media/./sapl/public/materialegislativa/2017/3276/3276_texto_integral.pdf", "ementa": "REQUEREMOS AO PLEN\u00c1RIO AUTORIZA\u00c7\u00c3O PARA A REALIZA\u00c7\u00c3O DE AUDI\u00caNCIA P\u00daBLICA NO DIA 13 DE JULHO DE 2017, PARA DEBATER ASSUNTOS RELACIONADOS AO TR\u00c2NSITO LOCAL."}, {"id": "3278", "ano": "2017", "numero": "83", "tipo__sigla": "REQ", "tipo__descricao": "Requerimento", "autoria": "DIONY STEIN", "texto_original": "http://sapl.marechalfloriano.es.leg.br/media/", "ementa": "REQUEIRO QUE ESTE PODER EXECUTIVO MUNICIPAL ANALISE JUNTAMENTE AO DNIT E DEMAIS \u00d3RG\u00c3OS QUE SE FIZEREM NECESS\u00c1RIOS, A POSSIBILIDADE DE CONSTRUIR UM CAL\u00c7AD\u00c3O E CICLOVIA, COM INICIO NA PONTE LOCALIZADA AO LADO DO RESTAURANTE PONTO FRIO E T\u00c9RMINO NO POSTO IPIRANGA, VIABILIZANDO TAMB\u00c9M MELHORIAS NA ILUMINA\u00c7\u00c3O NO MESMO TRECHO."}, {"id": "3279", "ano": "2017", "numero": "84", "tipo__sigla": "REQ", "tipo__descricao": "Requerimento", "autoria": "Cabral", "texto_original": "http://sapl.marechalfloriano.es.leg.br/media/./sapl/public/materialegislativa/2017/3279/3279_texto_integral.jpeg", "ementa": "REQUEIRO QUE SEJA VIABILIZADO A TROCA DAS LUMIN\u00c1RIAS POR L\u00c2MPADAS DE LED DO PERCURSO COM IN\u00cdCIO NA IGREJA CAT\u00d3LICA DE SANT'ANA, ESTENDENDO-SE AT\u00c9 O GIN\u00c1SIO DE ESPORTES \"PAULO ANT\u00d4NIO LORENZONI\"."}, {"id": "3281", "ano": "2017", "numero": "85", "tipo__sigla": "REQ", "tipo__descricao": "Requerimento", "autoria": "Cabral", "texto_original": "http://sapl.marechalfloriano.es.leg.br/media/./sapl/public/materialegislativa/2017/3281/3281_texto_integral.jpeg", "ementa": "REQUEIRO QUE SEJA VIABILIZADO A PAVIMENTA\u00c7\u00c3O, TENDO IN\u00cdCIO DESDE A ANTIGA F\u00c1BRICA DE RA\u00c7\u00c3O SR. DAMI\u00c3O KLEIN, ESTENDENDO-SE AT\u00c9 O BAIRRO NOSSA SENHORA DA PENHA, PASSANDO PELO S\u00cdTIO DO SR. JO\u00c3O STEIN. E, DENTRO DO MESMO PERCURSO, SOLICITO AINDA, A ABERTURA DO BARRANCO LOCALIZADO NA ALTURA DA PROPRIEDADE DO SR. VANDERLEI, ONDE \u00c9 POSS\u00cdVEL A PASSAGEM DE APENAS UM VE\u00cdCULO, SENDO ESTE UM PEDIDO CONTANTE DE MORADORES LOCAIS E ADJACENTES, BEM COMO DE TODOS QUE PASSAM PELO REFERIDO LOCAL, VISANDO MAIOR SEGURAN\u00c7A, VISTO QUE T\u00caM OCORRIDO ACIDENTES, UMA VEZ QUE TRATA-SE DE VIA DE ACESSO PARA O SHOW HAUS E OUTROS."}, {"id": "3282", "ano": "2017", "numero": "86", "tipo__sigla": "REQ", "tipo__descricao": "Requerimento", "autoria": "Renato Werneck", "texto_original": "http://sapl.marechalfloriano.es.leg.br/media/./sapl/public/materialegislativa/2017/3282/3282_texto_integral.jpeg", "ementa": "REQUEIRO QUE SEJA AVALIADA COM URG\u00caNCIA A POSSIBILIDADE DE CONCESS\u00c3O DE ADICIONAL DE INSALUBRIDADE E PERICULOSIDADE AOS ENFERMEIROS E DEMAIS SERVIDORES DA \u00c1REA DA SA\u00daDE QUE EST\u00c3O EXPOSTOS A ATENDIMENTO QUE ACARRETAM RISCOS \u00c0 SA\u00daDE OU INTEGRIDADE F\u00cdSICA DO SERVIDOR.\r\nAP\u00d3S AVALIA\u00c7\u00c3O SOLICITO QUE SEJA ENVIADA A ESTA CASA DE LEIS OFICIO INFORMANDO O INICIO DO PAGAMENTO DOS REFERIDOS ADICIONAIS."}, {"id": "3283", "ano": "2017", "numero": "87", "tipo__sigla": "REQ", "tipo__descricao": "Requerimento", "autoria": "UBALDINO SARAIVA", "texto_original": "http://sapl.marechalfloriano.es.leg.br/media/./sapl/public/materialegislativa/2017/3283/3283_texto_integral.jpeg", "ementa": "MELHORIAS E BENFEITORIAS NA VILA DOS IP\u00caS EM SANTA MARIA."}, {"id": "3285", "ano": "2017", "numero": "88", "tipo__sigla": "REQ", "tipo__descricao": "Requerimento", "autoria": "UBALDINO SARAIVA", "texto_original": "http://sapl.marechalfloriano.es.leg.br/media/./sapl/public/materialegislativa/2017/3285/3285_texto_integral.jpeg", "ementa": "REQUEIRO QUE SEJA ANALISADA COM A M\u00c1XIMA ATEN\u00c7\u00c3O A POSSIBILIDADE DE RETORNAR COM A DISCIPLINA DO IDIOMA INGL\u00caS PARA AS TURMAS DO 1\u00b0 AO 5\u00b0 ANO NA REDE MUNICIPAL DE ENSINO, BEM COMO PERMANECER COM O IDIOMA INGL\u00caS DO 6\u00b0 AO 9\u00b0 ANO."}, {"id": "3287", "ano": "2017", "numero": "89", "tipo__sigla": "REQ", "tipo__descricao": "Requerimento", "autoria": "DIONY STEIN, JOAQUIM STEIN", "texto_original": "http://sapl.marechalfloriano.es.leg.br/media/./sapl/public/materialegislativa/2017/3287/3287_texto_integral.jpeg", "ementa": "REQUEREMOS QUE SEJA FEITA A REFORMA DE TODAS AS DEPEND\u00caNCIAS DO CAMPO BOM DE BOLA JOS\u00c9 HENRIQUE PEREIRA FILHO, INCLUSIVE COM A TROCA DO GRAMADO, REPAROS EM ALAMBRADO, ILUMINA\u00c7\u00c3O E OUTROS QUE SE FIZEREM NECESS\u00c1RIOS, LOCALIZADO EM PARALELO \u00c0 RUA GUSTAVO HERTEL, ATR\u00c1S DA ASSOCIA\u00c7\u00c3O PESTALOZZI."}, {"id": "3288", "ano": "2017", "numero": "90", "tipo__sigla": "REQ", "tipo__descricao": "Requerimento", "autoria": "UBALDINO SARAIVA", "texto_original": "http://sapl.marechalfloriano.es.leg.br/media/./sapl/public/materialegislativa/2017/3288/3288_texto_integral.jpeg", "ementa": "REQUEIRO QUE SEJA VIABILIZADA A MUDAN\u00c7A DO PONTO DE PARADA DO TRANSPORTE ESCOLAR PARA PEGAR OS ALUNOS DO BAIRRO VILA DOS IP\u00caS PERMANECENDO DA SEGUINTE MANEIRA: O \u00d4NIBUS PASSAR DENTRO DA VILA DOS IP\u00caS NO HOR\u00c1RIO DE 12:00 HORAS PARA PEGAR OS ALUNOS, PORQUE HOJE O PONTO FICA EM FRENTE AO BAR DO MAURO E EM FRENTE A RODOVIA FRANCISCO STOCKL E NEM TODAS AS M\u00c3ES PODEM ACOMPANHAR AS CRIAN\u00c7AS DEVIDO O HOR\u00c1RIO DE TRABALHO E ESTE LOCAL \u00c9 MUITO PERIGOSO DEVIDO O FLUXO DE CAMINH\u00d5ES E DEMAIS VE\u00cdCULOS AUTO MOTORES."}, {"id": "3333", "ano": "2017", "numero": "91", "tipo__sigla": "REQ", "tipo__descricao": "Requerimento", "autoria": "Cezinha Ronchi", "texto_original": "http://sapl.marechalfloriano.es.leg.br/media/./sapl/public/materialegislativa/2017/3333/3333_texto_integral.jpeg", "ementa": "PAVIMENTA\u00c7\u00c3O DAS RUAS REGGIANI, MILANEZ DADALTO E, VEREADOR E PRESIDENTE DA C\u00c2MARA JOS\u00c9 BORGO, BEM COMO DA LADEIRA DUZOLINA GAVA BORGO, LOCALIZADOS NO DISTRITO DE ARAGUAIA."}, {"id": "3334", "ano": "2017", "numero": "92", "tipo__sigla": "REQ", "tipo__descricao": "Requerimento", "autoria": "Cezinha Ronchi", "texto_original": "http://sapl.marechalfloriano.es.leg.br/media/./sapl/public/materialegislativa/2017/3334/3334_texto_integral.jpeg", "ementa": "REQUEIRO QUE SEJAM VIABILIZADOS OS SEGUINTES SERVI\u00c7OS NA VILA DOS IP\u00caS, POPULARMENTE CONHECIDA COMO BAIXADA DE SANTA MARIA:\r\n-CONSTRU\u00c7\u00c3O DE QUEBRA-MOLAS NAS RUAS;\r\n-MELHORIA DO SISTEMA DE TRATAMENTO DE \u00c1GUA;\r\n-PAVIMENTA\u00c7\u00c3O EM FRENTE DE TODOS OS COM\u00c9RCIOS;\r\n-REPARO E MANUTEN\u00c7\u00c3O NA ILUMINA\u00c7\u00c3O DA PRA\u00c7A, ONDE V\u00c1RIAS L\u00c2MPADAS EST\u00c3O QUEIMADAS."}, {"id": "3337", "ano": "2017", "numero": "93", "tipo__sigla": "REQ", "tipo__descricao": "Requerimento", "autoria": "Cabral", "texto_original": "http://sapl.marechalfloriano.es.leg.br/media/./sapl/public/materialegislativa/2017/3337/3337_texto_integral.jpeg", "ementa": "VIABILIZAR A CONFEC\u00c7\u00c3O DE UMA FOSSA NO ESPA\u00c7O DESTINADO AO TRABALHO DAS VOLUNT\u00c1RIAS DESSA MUNICIPALIDADE, LOCALIZADO EMBAIXO DA ASSOCIA\u00c7\u00c3O PESTALOZZI, EM PARALELO \u00c0 RUA GUSTAVO HERTEL."}, {"id": "3338", "ano": "2017", "numero": "94", "tipo__sigla": "REQ", "tipo__descricao": "Requerimento", "autoria": "Cabral", "texto_original": "http://sapl.marechalfloriano.es.leg.br/media/./sapl/public/materialegislativa/2017/3338/3338_texto_integral.jpeg", "ementa": "VIABILIZAR ABERTURA DA ESTRADA E PAVIMENTA\u00c7\u00c3O COMPREENDENDO O TRECHO DA BR 262 AT\u00c9 A VILA SCHUNCK, LOCALIZADA AO LADO DIREITO NO SENTIDO MARECHAL FLORIANO A SO\u00cdDO DE BAIXO, PR\u00d3XIMO AO POSTO IPIRANGA, BEM COMO INSTALAR UMA PROTE\u00c7\u00c3O LATERAL NA PONTE DA REFERIDA COMUNIDADE."}, {"id": "3340", "ano": "2017", "numero": "95", "tipo__sigla": "REQ", "tipo__descricao": "Requerimento", "autoria": "Cabral", "texto_original": "http://sapl.marechalfloriano.es.leg.br/media/./sapl/public/materialegislativa/2017/3340/3340_texto_integral.jpeg", "ementa": "VIABILIZAR A CONSTRU\u00c7\u00c3O DE 02 (DOIS) SANIT\u00c1RIOS, FEMININO E MASCULINO, NO PARQUINHO INFANTIL DA AVENIDA ARTHUR HAESE, BEM COMO COLOCAR MAIS AREIA NO MESMO."}, {"id": "3341", "ano": "2017", "numero": "96", "tipo__sigla": "REQ", "tipo__descricao": "Requerimento", "autoria": "Renato Werneck", "texto_original": "http://sapl.marechalfloriano.es.leg.br/media/./sapl/public/materialegislativa/2017/3341/3341_texto_integral.jpeg", "ementa": "SOLICITO O RETORNO DOS SERVI\u00c7OS ODONTOL\u00d3GICOS NA UNIDADE B\u00c1SICA DE SA\u00daDE DE SANTA MARIA."}, {"id": "3343", "ano": "2017", "numero": "97", "tipo__sigla": "REQ", "tipo__descricao": "Requerimento", "autoria": "DIONY STEIN", "texto_original": "http://sapl.marechalfloriano.es.leg.br/media/./sapl/public/materialegislativa/2017/3343/3343_texto_integral.jpeg", "ementa": "RELAT\u00d3RIO CONTENDO OS GASTOS TELEF\u00d4NICOS COM LINHAS FIXAS DA SECRETARIA DE EDUCA\u00c7\u00c3O, DA SECRETARIA DE SA\u00daDE E DA SEDE DO PODER EXECUTIVO MUNICIPAL M\u00caS A M\u00caS DESDE JANEIRO DE 2017."}, {"id": "3344", "ano": "2017", "numero": "98", "tipo__sigla": "REQ", "tipo__descricao": "Requerimento", "autoria": "UBALDINO SARAIVA", "texto_original": "http://sapl.marechalfloriano.es.leg.br/media/./sapl/public/materialegislativa/2017/3344/3344_texto_integral.jpeg", "ementa": "REQUEIRO QUE O PODER EXECUTIVO MUNICIPAL \"INSTITUI O PLANO MUNICIPAL INTEGRADO DE SANEAMENTO B\u00c1SICO E RES\u00cdDUOS S\u00d3LIDOS DO MUNIC\u00cdPIO DE MARECHAL FLORIANO\", EM CONFORMIDADE COM AS LEIS ESTADUAIS E FEDERAIS SOBRE O TEMA, EM ESPECIAL A LEI 11.445 DE 05 DE JANEIRO DE 2007 QUE ESTABELECE DIRETRIZES NACIONAIS PARA O SANEAMENTO B\u00c1SICO."}, {"id": "3347", "ano": "2017", "numero": "99", "tipo__sigla": "REQ", "tipo__descricao": "Requerimento", "autoria": "Dod\u00f4 Krohling", "texto_original": "http://sapl.marechalfloriano.es.leg.br/media/./sapl/public/materialegislativa/2017/3347/3347_texto_integral.jpeg", "ementa": "REQUEIRO AO SENHOR PREFEITO JO\u00c3O CARLOS LORENZONI, ATRAV\u00c9S DESTA CONCEITUADA C\u00c2MARA MUNICIPAL DE VEREADORES, COPIA DA LISTAGEM DE AUTUA\u00c7\u00c3O (NOTIFICA\u00c7\u00d5ES, EMBARGOS, ORDENS DE DEMOLI\u00c7\u00c3O E OU RECUPERA\u00c7\u00c3O DE \u00c1REAS, BEM COMO REFERIDAS AUTUA\u00c7\u00d5ES EM PARCERIA COM A PMA) DA SECRETARIA DE MEIO AMBIENTE DE MARECHAL FLORIANO ES, CITANDO AS ORIGENS DE EMBARGOS E RESPECTIVAS PESSOAS F\u00cdSICAS E OU JUR\u00cdDICAS QUE FORAM PENALIZADAS."}, {"id": "3348", "ano": "2017", "numero": "100", "tipo__sigla": "REQ", "tipo__descricao": "Requerimento", "autoria": "UBALDINO SARAIVA", "texto_original": "http://sapl.marechalfloriano.es.leg.br/media/./sapl/public/materialegislativa/2017/3348/3348_texto_integral.jpeg", "ementa": "MEDIANTE A LEI MUNICIPAL N\u00b0.1.703, DE 11 DE MAR\u00c7O DE 2016, QUE \"DISP\u00d5E SOBRE A PROIBI\u00c7\u00c3O DE FIXA\u00c7\u00c3O DE PROPAGANDAS, CARTAZES, SIMILARES E/OU QUALQUER ENFEITE OU ADERE\u00c7OS QUE DESCARACTERIZEM OS BENS P\u00daBLICOS E S\u00cdMBOLOS MUNICIPAIS DO MUNIC\u00cdPIO DE MARECHAL FLORIANO E D\u00c1 OUTRAS PROVIDENCIAS\", REQUEIRO QUE ESTE PODER EXECUTIVO MUNICIPAL, INDIQUE, BEM COMO DISPONIBILIZE UM LOCAL NA SEDE DO MUNIC\u00cdPIO, PREFERENCIALMENTE PR\u00d3XIMO A ESTA\u00c7\u00c3O FERROVI\u00c1RIA E PRA\u00c7A JOS\u00c9 HENRIQUE PEREIRA, BEM COMO NA RODOVI\u00c1RIA E \u00d3RG\u00c3OS P\u00daBLICOS, VISANDO INSTALA\u00c7\u00c3O DE UM PAINEL PARA DIVULGA\u00c7\u00c3O DOS EVENTOS DESTA E DE OUTRAS MUNICIPALIDADE."}, {"id": "4064", "ano": "2017", "numero": "101", "tipo__sigla": "REQ", "tipo__descricao": "Requerimento", "autoria": "JOAQUIM STEIN", "texto_original": "http://sapl.marechalfloriano.es.leg.br/media/./sapl/public/materialegislativa/2017/4064/4064_texto_integral.pdf", "ementa": "REQUEIRO QUE ESTE PODER LEGISLATIVO MUNICIPAL, SE DIGNE E FA\u00c7A VALER A PARTIR DA PRESENTE DATA, QUE SEJA VEDADA A APROVA\u00c7\u00c3O DE  PROJETOS DE LEIS  VISANDO NOMEAR E/OU DENOMINAR FUTURAS INSTALA\u00c7\u00d5ES, BEM COMO OBRAS INACABADAS, SENDO PERMITIDO APENAS COLOCAR EM VOTA\u00c7\u00c3O E APROVA\u00c7\u00c3O, OS PROJETOS DE LEIS QUE VISEM DENOMINAR OBRAS J\u00c1 CONCLU\u00cdDAS."}, {"id": "4065", "ano": "2017", "numero": "102", "tipo__sigla": "REQ", "tipo__descricao": "Requerimento", "autoria": "Cezinha Ronchi", "texto_original": "http://sapl.marechalfloriano.es.leg.br/media/./sapl/public/materialegislativa/2017/4065/4065_texto_integral.pdf", "ementa": "INSTALA\u00c7\u00c3O DE ILUMINA\u00c7\u00c3O P\u00daBLICA COM POSTES DE FERRO EM UM BECO NA RUA VICTOR TRAVAGLIA COM INICIO NA RESIDENCIA DA SENHORA AUXILIADORA DOS SANTOS E TERMINO NA RESIDENCIA DA SENHORA ZILNETE MARIA SCHUG DOS SANTOS. J\u00c1 FOI PROTOCOLADO UM PEDIDO DE MORADOR EM NOME DE EDMAR JOSE BARBOSA - DATA 25/07/2017 - PROCESSO N\u00b0 006093/2017. ESSA OBRA IR\u00c1 BENEFICIAR 08 FAM\u00cdLIAS (20 PESSOAS) CONFORME CONTA DE LUZ E FOTOS EM ANEXO."}, {"id": "4067", "ano": "2017", "numero": "103", "tipo__sigla": "REQ", "tipo__descricao": "Requerimento", "autoria": "Renato Werneck", "texto_original": "http://sapl.marechalfloriano.es.leg.br/media/./sapl/public/materialegislativa/2017/4067/4067_texto_integral.pdf", "ementa": "REQUEIRO A DEMARCA\u00c7\u00c3O DE VAGAS DE ESTACIONAMENTO NO P\u00c1TIO PAVIMENTADO LOCALIZADO PARALELO A BR 262, EM FRENTE AO RESTAURANTE PONTO FRIO, ESPA\u00c7O ONDE O FLUXO DE VISITANTES \u00c9 IMENSO, PRINCIPALMENTE NOS FINAIS DE SEMANA. REQUEIRO AINDA QUE SEJAM REALIZADOS OS SERVI\u00c7OS DE TAPA BURACOS NA PAVIMENTA\u00c7\u00c3O EM ANEXO AO COM\u00c9RCIO LOCAL."}, {"id": "4070", "ano": "2017", "numero": "104", "tipo__sigla": "REQ", "tipo__descricao": "Requerimento", "autoria": "Renato Werneck", "texto_original": "http://sapl.marechalfloriano.es.leg.br/media/./sapl/public/materialegislativa/2017/4070/4070_texto_integral.pdf", "ementa": "REQUEIRO QUE SEJA VIABILIZADO OS SERVI\u00c7OS DE CAL\u00c7AMENTO E/OU PAVIMENTA\u00c7\u00c3O ASF\u00c1LTICA PARA A RUA FLORISBELA UHL VELTEM, INICIANDO NAS PROXIMIDADES DA F\u00c1BRICA DE RA\u00c7\u00c3O DO DAMI\u00c3O KLEIN, SEGUINDO PELAS RUAS DO BAIRRO NOSSA SENHORA DA PENHA (VILA VELTEM) E T\u00c9RMINO NAS PROXIMIDADES DO SHOW HAUS, AT\u00c9 AS DIVISAS DO MUNIC\u00cdPIO."}, {"id": "4074", "ano": "2017", "numero": "105", "tipo__sigla": "REQ", "tipo__descricao": "Requerimento", "autoria": "DAVI", "texto_original": "http://sapl.marechalfloriano.es.leg.br/media/./sapl/public/materialegislativa/2017/4074/4074_texto_integral.pdf", "ementa": "CONSIDERANDO A  GRANDE QUANTIDADE DE MORADORES DE MARECHAL FLORIANO QUE N\u00c3O POSSUEM A ESCRITURA P\u00daBLICA DE SEUS LOTES EM RAZ\u00c3O DA METRAGEM M\u00cdNIMA EXIGIDA POR LEI, SOLICITO AO PREFEITO O ENCAMINHAMENTO DE UM PROJETO DE LEI A ESTA CASA, CRIANDO MECANISMOS PARA REGULARIZA\u00c7\u00c3O DE LOTES COM MEDIDAS INFERIORES A 300 M\u00b2, AUTORIZANDO OS CART\u00d3RIOS DO MUNIC\u00cdPIO A EMITIREM A DEVIDA ESCRITURA P\u00daBLICA DE POSSE."}, {"id": "4078", "ano": "2017", "numero": "106", "tipo__sigla": "REQ", "tipo__descricao": "Requerimento", "autoria": "DAVI", "texto_original": "http://sapl.marechalfloriano.es.leg.br/media/./sapl/public/materialegislativa/2017/4078/4078_texto_integral.pdf", "ementa": "CONSIDERANDO O DESNIVELAMENTO EXISTENTE NA PAVIMENTA\u00c7\u00c3O E NAS CAL\u00c7ADAS DAS RUAS MANOEL DOS SANTOS, EDUARDO RUPF E AD\u00c3O KIEFER SOBRINHO, VENHO SOLICITAR A INTERVEN\u00c7\u00c3O DA PREFEITURA MUNICIPAL NO SENTIDO DE PROVIDENCIAR COM URG\u00caNCIA A SUBSTITUI\u00c7\u00c3O DA PAVIMENTA\u00c7\u00c3O EXISTENTE, EM RAZ\u00c3O DA MESMA SER MUITO ANTIGA, REPARANDO OS DIVERSOS BURACOS EXISTENTES, AS CAL\u00c7ADAS QUE ENCONTRAM-SE DANIFICADAS, OS BUEIROS QUE ENCONTRAM-SE ACIMA DO N\u00cdVEL DAS RUAS, DENTRE OUTROS PROBLEMAS QUE DIFICULTAM O TRANSLADO NESTAS VIAS."}, {"id": "4191", "ano": "2017", "numero": "107", "tipo__sigla": "REQ", "tipo__descricao": "Requerimento", "autoria": "Dod\u00f4 Krohling", "texto_original": "http://sapl.marechalfloriano.es.leg.br/media/./sapl/public/materialegislativa/2017/4191/4191_texto_integral.pdf", "ementa": "C\u00d3PIA DAS NOTAS FISCAIS RELATIVO AOS GASTOS COM COMBUST\u00cdVEL REFERENTE AO ANO DE 2016 E 2017 DE TODAS AS SECRETARIAS DO PODER EXECUTIVO MUNICIPAL."}, {"id": "4192", "ano": "2017", "numero": "108", "tipo__sigla": "REQ", "tipo__descricao": "Requerimento", "autoria": "Dod\u00f4 Krohling", "texto_original": "http://sapl.marechalfloriano.es.leg.br/media/./sapl/public/materialegislativa/2017/4192/4192_texto_integral.pdf", "ementa": "RELA\u00c7\u00c3O DA FOLHA DE PAGAMENTO DA EMPRESA BRUTUS E DA EMPRESA VIX, REFERENTE A TODOS OS FUNCION\u00c1RIOS QUE TRABALHAM NO \u00c2MBITO DO MUNIC\u00cdPIO DE MARECHAL FLORIANO, CONFORME CONTRATO FIRMADO ENTRE O MUNIC\u00cdPIO E AS EMPRESAS, BEM COMO COMPROVANTE DE PAGAMENTOS REFERENTES AS CONTRIBUI\u00c7\u00d5ES PREVIDENCI\u00c1RIAS E FGTS DOS REFERIDOS FUNCION\u00c1RIOS."}, {"id": "4193", "ano": "2017", "numero": "109", "tipo__sigla": "REQ", "tipo__descricao": "Requerimento", "autoria": "Renato Werneck", "texto_original": "http://sapl.marechalfloriano.es.leg.br/media/./sapl/public/materialegislativa/2017/4193/4193_texto_integral.pdf", "ementa": "REQUEIRO AO PODER EXECUTIVO MUNICIPAL, O PAGAMENTO DE INSALUBRIDADE A TODOS OS PROFISSIONAIS, QUE FAZEM JUS E POSSUEM DIREITO  AO MESMO, CONFORME EST\u00c1 SENDO PAGO ELAS EMPRESAS TERCEIRIZADAS, NO PERCENTUAL DE 40%."}, {"id": "4194", "ano": "2017", "numero": "110", "tipo__sigla": "REQ", "tipo__descricao": "Requerimento", "autoria": "DAVI", "texto_original": "http://sapl.marechalfloriano.es.leg.br/media/./sapl/public/materialegislativa/2017/4194/4194_texto_integral.pdf", "ementa": "REQUEIRO AO PODER EXECUTIVO MUNICIPAL, QUE APRECIE O PEDIDO REALIZADO PELA ENTIDADE \"SOU FELIZ\" ORGANIZA\u00c7\u00c3O DE AMPARO A IDOSOS, POR MEIO DO OFICIO N\u00b0. 075/2017, PROTOCOLIZADO SOB O N\u00b0 006371/2017, E ATENDA NA MEDIDA DO POSS\u00cdVEL."}, {"id": "4587", "ano": "2017", "numero": "111", "tipo__sigla": "REQ", "tipo__descricao": "Requerimento", "autoria": "Cezinha Ronchi", "texto_original": "http://sapl.marechalfloriano.es.leg.br/media/./sapl/public/materialegislativa/2017/4587/4587_texto_integral.pdf", "ementa": "VIABILIZAR PAVIMENTA\u00c7\u00c3O DA LADEIRA DURVAL BARBOSA E DAS RUAS DELPUPPO E LUCIN\u00c9IA GUIMAR\u00c3ES, BEM COMO INSTALA\u00c7\u00c3O DE ILUMINA\u00c7\u00c3O P\u00daBLICA DAS MESMAS."}, {"id": "4588", "ano": "2017", "numero": "112", "tipo__sigla": "REQ", "tipo__descricao": "Requerimento", "autoria": "Cezinha Ronchi", "texto_original": "http://sapl.marechalfloriano.es.leg.br/media/./sapl/public/materialegislativa/2017/4588/4588_texto_integral.pdf", "ementa": "VIABILIZAR A INSTALA\u00c7\u00c3O DE 04 (QUATRO) POSTES COM ILUMINA\u00c7\u00c3O P\u00daBLICA NO INICIO DA AVENIDA DOS IMIGRANTES."}, {"id": "4589", "ano": "2017", "numero": "113", "tipo__sigla": "REQ", "tipo__descricao": "Requerimento", "autoria": "DIONY STEIN", "texto_original": "http://sapl.marechalfloriano.es.leg.br/media/./sapl/public/materialegislativa/2017/4589/4589_texto_integral.pdf", "ementa": "REQUEIRO QUE SEJA VIABILIZADA A CONSTRU\u00c7\u00c3O DE UM CANIL MUNICIPAL OU REALIZADA A PARCERIA, FIRMANDO PARCERIA COM O CENTRO DE ZOONOSES MAIS PR\u00d3XIMO, VISANDO A RETIRADA DE TODOS OS C\u00c3ES QUE ENCONTRAM-SE NAS RUAS DO MUNIC\u00cdPIO, BEM COMO RESPEITAR E CUIDAR DA SA\u00daDE DESSES ANIMAIS;\r\nREQUEIRO, AINDA, QUE SEJA PROMOVIDA UMA CAMPANHA INCENTIVANDO E CONTEMPLANDO A CASTRA\u00c7\u00c3O DOS MESMOS."}, {"id": "4590", "ano": "2017", "numero": "114", "tipo__sigla": "REQ", "tipo__descricao": "Requerimento", "autoria": "Dod\u00f4 Krohling", "texto_original": "http://sapl.marechalfloriano.es.leg.br/media/./sapl/public/materialegislativa/2017/4590/4590_texto_integral.pdf", "ementa": "REQUEIRO COPIA DAS PLANILHAS DE MEDI\u00c7\u00d5ES, NOTAS FISCAIS E C\u00d3PIAS DOS CHEQUES INERENTES AOS SERVI\u00c7OS REALIZADOS PELA EMPRESA TEFAC CONSTRU\u00c7\u00d5ES E SERVI\u00c7OS LTDA NO EXERC\u00cdCIO DE 2017."}, {"id": "4591", "ano": "2017", "numero": "115", "tipo__sigla": "REQ", "tipo__descricao": "Requerimento", "autoria": "Renato Werneck", "texto_original": "http://sapl.marechalfloriano.es.leg.br/media/./sapl/public/materialegislativa/2017/4591/4591_texto_integral.pdf", "ementa": "REQUEIRO QUE DENTRO DAS DISPONIBILIDADES SEJA ENCAMINHADA A ESTA CASA DE LEIS, INFORMA\u00c7\u00d5ES FINANCEIRAS DE POSS\u00cdVEIS D\u00c9BITOS DA ORGANIZA\u00c7\u00c3O SOCIAL MAIS SA\u00daDE, RELATIVO AO EXERC\u00cdCIO DE 2016, PER\u00cdODO O QUAL ESTEVE ATUANDO NO MUNIC\u00cdPIO."}, {"id": "5415", "ano": "2017", "numero": "116", "tipo__sigla": "REQ", "tipo__descricao": "Requerimento", "autoria": "DIONY STEIN", "texto_original": "http://sapl.marechalfloriano.es.leg.br/media/./sapl/public/materialegislativa/2017/5415/5415_texto_integral.pdf", "ementa": "REQUEIRO QUE SEJA ANALISADA A POSSIBILIDADE DE CONCEDER 50 % (CINQUENTA POR CENTO) COMO AJUDA DE CUSTO DO TRANSPORTE UNIVERSIT\u00c1RIO, AOS ESTUDANTES QUE SE DESLOCAM DO MUNIC\u00cdPIO COM DESTINO \u00c0 GRANDE VIT\u00d3RIA, PARA CURSAREM O ENSINO SUPERIOR E CURSOS T\u00c9CNICOS, N\u00c3O MINISTRADOS NO MUNIC\u00cdPIO, CONFORME DISP\u00d5E A LEI MUNICIPAL N\u00ba.1.039, DE 27 DE MAIO DE 2011."}, {"id": "5416", "ano": "2017", "numero": "117", "tipo__sigla": "REQ", "tipo__descricao": "Requerimento", "autoria": "Cabral, Cezinha Ronchi, DAVI, DIONY STEIN, Dod\u00f4 Krohling, Felipe Hulle Del Puppo, JOAQUIM STEIN, Renato Werneck, UBALDINO SARAIVA", "texto_original": "http://sapl.marechalfloriano.es.leg.br/media/./sapl/public/materialegislativa/2017/5416/5416_texto_integral.pdf", "ementa": "REQUEREMOS, A ILMA. SRA. PRESIDENTE DO SINDICATO, AS SEGUINTES INFORMA\u00c7\u00d5ES E DOCUMENTOS DE PRESTA\u00c7\u00c3O DE CONTAS:\r\n-RELA\u00c7\u00c3O DOS FILIADOS (NOME COMPLETO) QUE VOTARAM A APROVA\u00c7\u00c3O DO ESTATUTO DESTE SINDICATO E SUAS ULTIMAS ALTERA\u00c7\u00d5ES;\r\n-COPIA DA ATA E/OU INFORMA\u00c7\u00d5ES POR ESCRITO SE, QUANDO DA APROVA\u00c7\u00c3O DO ESTATUTO DESTE SINDSMAF, HOUVE A \"LEITURA\" DO RESPECTIVO TEXTO ESTATUT\u00c1RIO, ESPECIALMENTE NO QUE TANGE AO INTERIOR TEOR DO ART.33, RELATIVO \u00c0 VITALICIEDADE DO MANDATO DO PRESIDENTE.\r\n-BALAN\u00c7O ANUAL DOS ANOS DE 2012 E 2016;\r\n-BALANCETES MENSAIS DO ANO DE 2017;\r\n-RECEITAS FINANCEIRAS DO SINDICATO E SUA ORIGEM DE 2012 A 2017;\r\n-PRESTA\u00c7\u00c3O DE CONTAS DE TODOS OS BENS M\u00d3VEIS E IM\u00d3VEIS COMPRADOS POR ESTE SINDSMAF, INCLUSIVE OR\u00c7AMENTO DE COTA\u00c7\u00c3O DE PRE\u00c7OS;\r\n-COPIA DO PROCESSO REFERENTE \u00c0 AQUISI\u00c7\u00c3O DA SEDE DO SINDICATO."}, {"id": "5417", "ano": "2017", "numero": "118", "tipo__sigla": "REQ", "tipo__descricao": "Requerimento", "autoria": "UBALDINO SARAIVA", "texto_original": "http://sapl.marechalfloriano.es.leg.br/media/./sapl/public/materialegislativa/2017/5417/5417_texto_integral.pdf", "ementa": "REQUEIRO ESTUDOS PARA ENVIO \u00c0 C\u00c2MARA MUNICIPAL DE UM PROJETO DE LEI ALTERANDO A LEI MUNICIPAL N\u00ba.473, DE 18 DE AGOSTO DE 2003, INSERINDO AS SEGUINTES MODIFICA\u00c7\u00d5ES:\r\n-NO ARTIGO 1\u00b0 TROCAR A EXPRESS\u00c3O \"DESDOBRAMENTO\" POR \"DESMEMBRAMENTO\", PARA FICAR DE ACORDO COM A LEI 6.766/79;\r\n-INSERIR O ARTIGO 4\u00b0 E CRIAR A MODALIDADE DE DESDOBRAMENTO, CONFORME O ARTIGO 1241 DO C\u00d3DIGO DE NORMAS DA CORREGEDORIA DO ESTADO DO ESPIRITO SANTO."}, {"id": "5418", "ano": "2017", "numero": "119", "tipo__sigla": "REQ", "tipo__descricao": "Requerimento", "autoria": "Cabral", "texto_original": "http://sapl.marechalfloriano.es.leg.br/media/./sapl/public/materialegislativa/2017/5418/5418_texto_integral.pdf", "ementa": "REQUEIRO AO PODER EXECUTIVO MUNICIPAL, QUE SEJA ANALISADA EM CAR\u00c1TER DE URG\u00caNCIA, A POSSIBILIDADE DE ALUGAR UM PONTO NA VILA SCHUNCK, VISANDO RETORNAR COM O ATENDIMENTO M\u00c9DICO, QUE FOI INTERROMPIDO NA COMUNIDADE SUPRACITADA."}, {"id": "5419", "ano": "2017", "numero": "120", "tipo__sigla": "REQ", "tipo__descricao": "Requerimento", "autoria": "Cabral, Cezinha Ronchi, DAVI, DIONY STEIN, Dod\u00f4 Krohling, Felipe Hulle Del Puppo, JOAQUIM STEIN, Renato Werneck, UBALDINO SARAIVA", "texto_original": "http://sapl.marechalfloriano.es.leg.br/media/./sapl/public/materialegislativa/2017/5419/5419_texto_integral.pdf", "ementa": "REQUEREMOS A MUDAN\u00c7A DE DATA DA SESS\u00c3O ORDIN\u00c1RIA DO DIA 24/10/2017 PARA O DIA 17/10/2017 EM VIRTUDE DA SESS\u00c3O SOLENE QUE ACONTECER\u00c1 EM 25/10/2017."}, {"id": "6728", "ano": "2017", "numero": "121", "tipo__sigla": "REQ", "tipo__descricao": "Requerimento", "autoria": "UBALDINO SARAIVA", "texto_original": "http://sapl.marechalfloriano.es.leg.br/media/", "ementa": "CONSIDERANDO A NECESSIDADE DE REALIZAR MELHORIAS NA COMUNIDADE DE SO\u00cdDO DE BAIXO, PELO PRESENTE REQUEREMOS UMA ATEN\u00c7\u00c3O ESPECIAL E URG\u00caNCIA POR PARTE DO PREFEITO MUNICIPAL JO\u00c3O CARLOS LORENZONI, DANDO SEQU\u00caNCIA AS OBRAS QUE ENCONTRAM-SE PARALISADAS NA COMUNIDADE."}, {"id": "6729", "ano": "2017", "numero": "122", "tipo__sigla": "REQ", "tipo__descricao": "Requerimento", "autoria": "UBALDINO SARAIVA", "texto_original": "http://sapl.marechalfloriano.es.leg.br/media/sapl/public/materialegislativa/2017/6729/requerimento_122_pdf.pdf", "ementa": "TENDO EM VISTA O PREC\u00c1RIO ESTADO DE CONSERVA\u00c7\u00c3O DA TORRE DE TELEFONIA LOCALIZADA NA SEDE DESTE MUNIC\u00cdPIO, REQUEIRO QUE ESTE RELEVANTE \u00d3RG\u00c3O DE TELEFONIA SE DIGNE A REALIZAR VISTORIA T\u00c9CNICA, VISANDO INFORMAR A ESTA C\u00c2MARA MUNICIPAL AS CONDI\u00c7\u00d5ES DA MESMA."}, {"id": "6730", "ano": "2017", "numero": "123", "tipo__sigla": "REQ", "tipo__descricao": "Requerimento", "autoria": "", "texto_original": "http://sapl.marechalfloriano.es.leg.br/media/", "ementa": "CONSIDERANDO O OFICIO DO SINDICATOS DOS SERVIDORES P\u00daBLICOS DE MARECHAL FLORIANO.\r\nREQUEREMOS AO PODER EXECUTIVO INFORMA\u00c7\u00d5ES ESCLARECEDORAS DOS FATOS APONTADOS NO REFERIDO PROCESSO, PARA QUE POSSAMOS ANALISAR O OCORRIDO E ADOTAR AS MEDIDAS CAB\u00cdVEIS NO \u00c2MBITO DO PODER LEGISLATIVO."}, {"id": "6731", "ano": "2017", "numero": "124", "tipo__sigla": "REQ", "tipo__descricao": "Requerimento", "autoria": "Felipe Hulle Del Puppo", "texto_original": "http://sapl.marechalfloriano.es.leg.br/media/sapl/public/materialegislativa/2017/6731/requerimento_124_pdf.pdf", "ementa": "CONSIDERANDO O RECEBIMENTO DO OFICIO SINDSMAF N\u00ba 307/2017, REQUEIRO AO PODER EXECUTIVO, ESCLARECIMENTOS RELATIVO A APLICA\u00c7\u00c3O DOS RECURSOS DESCRITOS NO OR\u00c7AMENTO DE 2017 DESTINADOS \u00c0 REESTRUTURA\u00c7\u00c3O SALARIAL DOS SERVIDORES NO MONTANTE DE R$ 250.000,00 (DUZENTOS E CINQ\u00dcENTA MIL REAIS)."}, {"id": "6732", "ano": "2017", "numero": "125", "tipo__sigla": "REQ", "tipo__descricao": "Requerimento", "autoria": "Cabral", "texto_original": "http://sapl.marechalfloriano.es.leg.br/media/sapl/public/materialegislativa/2017/6732/requerimento_125_pdf.pdf", "ementa": "CONSIDERANDO OS DIVERSOS TRANSTORNOS CAUSADOS AOS MORADORES DA RUA DR. ARTHUR GERHARDT, EM RELA\u00c7\u00c3O \u00c0 FALTA DE VAZ\u00c3O DAS \u00c1GUAS PLUVIAIS..."}, {"id": "6733", "ano": "2017", "numero": "126", "tipo__sigla": "REQ", "tipo__descricao": "Requerimento", "autoria": "Dod\u00f4 Krohling", "texto_original": "http://sapl.marechalfloriano.es.leg.br/media/sapl/public/materialegislativa/2017/6733/requerimento_126_pdf.pdf", "ementa": "SOLICITA C\u00d3PIA DA FOLHA DE PAGAMENTO DO PODER EXECUTIVO DOS MESES DE JULHO, AGOSTO E SETEMBRO DE 2017."}, {"id": "6734", "ano": "2017", "numero": "127", "tipo__sigla": "REQ", "tipo__descricao": "Requerimento", "autoria": "Dod\u00f4 Krohling", "texto_original": "http://sapl.marechalfloriano.es.leg.br/media/sapl/public/materialegislativa/2017/6734/requerimento_127_pdf.pdf", "ementa": "REQUEIRO DO PODER EXECUTIVO MUNICIPAL O ENCAMINHAMENTO DE INFORMA\u00c7\u00d5ES ACERCA DA ORIGEM E FONTE INDIVIDUALIZADA DE CADA RECURSO, CONTIDO NAS FICHAS OR\u00c7AMENT\u00c1RIAS ABAIXO DESCRITAS, INFORMANDO INCLUSIVE DA ESFERA MUNICIPAL, ESTADUAL OU FEDERAL."}, {"id": "6735", "ano": "2017", "numero": "128", "tipo__sigla": "REQ", "tipo__descricao": "Requerimento", "autoria": "", "texto_original": "http://sapl.marechalfloriano.es.leg.br/media/sapl/public/materialegislativa/2017/6735/requerimento_128_pdf.pdf", "ementa": "REQUEREMOS AO PLEN\u00c1RIO \u00c0 MUDAN\u00c7A NO CALEND\u00c1RIO DAS SESS\u00d5ES, PARA ANTECIPAR A SESS\u00c3O ORDIN\u00c1RIA DO DIA 19/12/2017 PARA O DIA 12/12/2017 PERMANECENDO O HOR\u00c1RIO DE 19 HORAS."}, {"id": "6736", "ano": "2017", "numero": "130", "tipo__sigla": "REQ", "tipo__descricao": "Requerimento", "autoria": "Felipe Hulle Del Puppo", "texto_original": "http://sapl.marechalfloriano.es.leg.br/media/sapl/public/materialegislativa/2017/6736/requerimento_130_pdf.pdf", "ementa": "VENHO REQUERER DO PREFEITO MUNICIPAL \u00c0 INSTITUI\u00c7\u00c3O DE CURSOS EXTRA SALA DE AULA REFERENTE \u00c0S L\u00cdNGUAS ALEM\u00c3S E ITALIANA, SENDO ANALISADA A DESCEND\u00caNCIA DE CADA COMUNIDADE."}, {"id": "6737", "ano": "2017", "numero": "131", "tipo__sigla": "REQ", "tipo__descricao": "Requerimento", "autoria": "Cezinha Ronchi", "texto_original": "http://sapl.marechalfloriano.es.leg.br/media/sapl/public/materialegislativa/2017/6737/requerimento_131_pdf.pdf", "ementa": "REQUEIRO AO PREFEITO MUNICIPAL E EM CONJUNTO COM A SECRETARIA MUNICIPAL DE EDUCA\u00c7\u00c3O QUE PROVIDENCIE A MANUTEN\u00c7\u00c3O NECESS\u00c1RIA DOS LABORAT\u00d3RIOS DE INFORM\u00c1TICA, TENDO EM VISTA QUE MUITOS COMPUTADORES ENCONTRAM-SE DANIFICADOS, PREJUDICANDO A SUA UTILIZA\u00c7\u00c3O POR PARTE DOS ALUNOS."}, {"id": "6738", "ano": "2017", "numero": "132", "tipo__sigla": "REQ", "tipo__descricao": "Requerimento", "autoria": "Cezinha Ronchi", "texto_original": "http://sapl.marechalfloriano.es.leg.br/media/sapl/public/materialegislativa/2017/6738/requerimento_132_pdf.pdf", "ementa": "REQUEIRO QUE SEJAM REALIZADOS ATRAV\u00c9S DA SECRET\u00c1RIA DE INTERIOR E TRANSPORTES OS SERVI\u00c7OS DE PATROLAMENTO, CASCALHAMENTO NAS ESTRADAS DO INTERIOR DO MUNIC\u00cdPIO, DEVIDO AO EXCESSO DE CHUVA QUE OCORREU RECENTEMENTE EM NOSSO MUNIC\u00cdPIO, E NECESSIDADE DE MANTER AS VIAS EM BOAS CONDI\u00c7\u00d5ES."}, {"id": "6739", "ano": "2017", "numero": "135", "tipo__sigla": "REQ", "tipo__descricao": "Requerimento", "autoria": "Dod\u00f4 Krohling", "texto_original": "http://sapl.marechalfloriano.es.leg.br/media/sapl/public/materialegislativa/2017/6739/requerimento_135_pdf.pdf", "ementa": "CONSIDERANDO O ARTIGO 89 DA LEI ORG\u00c2NICA QUE DETERMINA QUE O PREFEITO DEVE PRESTAR AO PODER LEGISLATIVO, DENTRO DE TRINTA DIAS, AS INFORMA\u00c7\u00d5ES SOLICITADAS NA FORMA REGIMENTAL, SOB AS PENAS DA LEI INCLUSIVE PERDA DO MANDADO..."}, {"id": "12574", "ano": "2017", "numero": "1", "tipo__sigla": "RS", "tipo__descricao": "Resolu\u00e7\u00e3o", "autoria": "DAVI", "texto_original": "http://sapl.marechalfloriano.es.leg.br/media/sapl/public/materialegislativa/2017/12574/res001-2017.pdf", "ementa": "\"AUTORIZA O PODER LEGISLATIVO MUNICIPAL ANULAR DOTA\u00c7\u00c3O DO OR\u00c7AMENTO VIGENTE.\""}, {"id": "12575", "ano": "2017", "numero": "2", "tipo__sigla": "RS", "tipo__descricao": "Resolu\u00e7\u00e3o", "autoria": "DAVI", "texto_original": "http://sapl.marechalfloriano.es.leg.br/media/sapl/public/materialegislativa/2017/12575/res002-2017.pdf", "ementa": "\"DISP\u00d5E SOBRE A UTILIZA\u00c7\u00c3O DOS VE\u00cdCULOS OFICIAIS DA C\u00c2MARA MUNICIPAL.\""}, {"id": "12578", "ano": "2017", "numero": "3", "tipo__sigla": "RS", "tipo__descricao": "Resolu\u00e7\u00e3o", "autoria": "DAVI", "texto_original": "http://sapl.marechalfloriano.es.leg.br/media/sapl/public/materialegislativa/2017/12578/res003-2017.pdf", "ementa": "\"REGULAMENTA A CRIA\u00c7\u00c3O DA P\u00c1GINA DO FACEBOOK DO PODER LEGISLATIVO.\""}, {"id": "12579", "ano": "2017", "numero": "4", "tipo__sigla": "RS", "tipo__descricao": "Resolu\u00e7\u00e3o", "autoria": "DAVI", "texto_original": "http://sapl.marechalfloriano.es.leg.br/media/sapl/public/materialegislativa/2017/12579/res004-2017.pdf", "ementa": "\"AUTORIZA A DEVOLU\u00c7\u00c3O DE RECURSOS FINANCEIROS AO PODER EXECUTIVO MUNICIPAL.\""}, {"id": "12580", "ano": "2017", "numero": "5", "tipo__sigla": "RS", "tipo__descricao": "Resolu\u00e7\u00e3o", "autoria": "DAVI", "texto_original": "http://sapl.marechalfloriano.es.leg.br/media/sapl/public/materialegislativa/2017/12580/res005-2017.pdf", "ementa": "\"ALTERA REDA\u00c7\u00c3O DO PAR\u00c1GRAFO \u00daNICO DO ARTIGO 26 DO REGIMENTO INTERNO.\""}, {"id": "12581", "ano": "2017", "numero": "6", "tipo__sigla": "RS", "tipo__descricao": "Resolu\u00e7\u00e3o", "autoria": "DAVI", "texto_original": "http://sapl.marechalfloriano.es.leg.br/media/sapl/public/materialegislativa/2017/12581/res006-2017.pdf", "ementa": "\"AUTORIZA A DEVOLU\u00c7\u00c3O DE RECURSOS FINANCEIROS AO PODER EXECUTIVO MUNICIPAL.\""}, {"id": "12582", "ano": "2017", "numero": "7", "tipo__sigla": "RS", "tipo__descricao": "Resolu\u00e7\u00e3o", "autoria": "DAVI", "texto_original": "http://sapl.marechalfloriano.es.leg.br/media/sapl/public/materialegislativa/2017/12582/res007-2017.pdf", "ementa": "\"AUTORIZA A DEVOLU\u00c7\u00c3O DE RECURSOS FINANCEIROS AO PODER EXECUTIVO MUNICIPAL.\""}, {"id": "12583", "ano": "2017", "numero": "8", "tipo__sigla": "RS", "tipo__descricao": "Resolu\u00e7\u00e3o", "autoria": "DAVI", "texto_original": "http://sapl.marechalfloriano.es.leg.br/media/sapl/public/materialegislativa/2017/12583/res008-2017.pdf", "ementa": "\"AUTORIZA A DEVOLU\u00c7\u00c3O DE RECURSOS FINANCEIROS AO PODER EXECUTIVO.\""}, {"id": "12584", "ano": "2017", "numero": "9", "tipo__sigla": "RS", "tipo__descricao": "Resolu\u00e7\u00e3o", "autoria": "DAVI", "texto_original": "http://sapl.marechalfloriano.es.leg.br/media/sapl/public/materialegislativa/2017/12584/res009-2017.pdf", "ementa": "\"AUTORIZA O PODER LEGISLATIVO MUNICIPAL ANULAR DOTA\u00c7\u00c3O DO OR\u00c7AMENTO VIGENTE.\""}, {"id": "6740", "ano": "2017", "numero": "1", "tipo__sigla": "PEM", "tipo__descricao": "Proposta de Emenda Modificativa", "autoria": "Cabral", "texto_original": "http://sapl.marechalfloriano.es.leg.br/media/sapl/public/materialegislativa/2017/6740/pem_1_pdf.pdf", "ementa": "AUTORIZA A SESS\u00c3O DE USO DE IM\u00d3VEL DE PROPRIEDADE  DO MUNIC\u00cdPIO DE MARECHAL FLORIANO A INSTITUI\u00c7\u00d5ES RELIGIOSAS  QUE ESPECIFICA  E D\u00c1 OUTRAS PROVID\u00caNCIAS."}, {"id": "6742", "ano": "2017", "numero": "2", "tipo__sigla": "PEM", "tipo__descricao": "Proposta de Emenda Modificativa", "autoria": "UBALDINO SARAIVA", "texto_original": "http://sapl.marechalfloriano.es.leg.br/media/sapl/public/materialegislativa/2017/6742/pem_2_pdf.pdf", "ementa": "INSTITUI A SEMANA DO CAFEICULTOR  NO \u00c2MBITO DO MUNIC\u00cdPIO DE MARECHAL FLORIANO/ES."}, {"id": "6743", "ano": "2017", "numero": "3", "tipo__sigla": "PEM", "tipo__descricao": "Proposta de Emenda Modificativa", "autoria": "Cezinha Ronchi", "texto_original": "http://sapl.marechalfloriano.es.leg.br/media/sapl/public/materialegislativa/2017/6743/pem_3_pdf.pdf", "ementa": "AUTORIZA A CRIA\u00c7\u00c3O DO MUSEU DE IMIGRA\u00c7\u00c3O NO MUNIC\u00cdPIO DE MARECHAL FLORIANO/ES."}, {"id": "6745", "ano": "2017", "numero": "4", "tipo__sigla": "PEM", "tipo__descricao": "Proposta de Emenda Modificativa", "autoria": "Felipe Hulle Del Puppo", "texto_original": "http://sapl.marechalfloriano.es.leg.br/media/sapl/public/materialegislativa/2017/6745/pem_4_pdf.pdf", "ementa": "DISP\u00d5E SOBRE A INCLUS\u00c3O DA CARNE DE PEIXE NO CARD\u00c1PIO  DA MERENDA ESCOLAR ASSIM COMO, AUTORIZA A DISTRIBUI\u00c7\u00c3O DE CEREAL (SIMILAR A SUCRILHOS) COM LEITE AOS ALUNOS DA REDE P\u00daBLICA MUNICIPAL."}, {"id": "6747", "ano": "2017", "numero": "5", "tipo__sigla": "PEM", "tipo__descricao": "Proposta de Emenda Modificativa", "autoria": "Dod\u00f4 Krohling", "texto_original": "http://sapl.marechalfloriano.es.leg.br/media/sapl/public/materialegislativa/2017/6747/pem_5_pdf.pdf", "ementa": "DISP\u00d5E SOBRE AS DIRETRIZES DE ELABORA\u00c7\u00c3O DA LEI OR\u00c7AMENT\u00c1RIA PARA O EXERC\u00cdCIO FINANCEIRO DE 2018 E D\u00c1 OUTRAS PROVID\u00caNCIAS."}, {"id": "6749", "ano": "2017", "numero": "6", "tipo__sigla": "PEM", "tipo__descricao": "Proposta de Emenda Modificativa", "autoria": "", "texto_original": "http://sapl.marechalfloriano.es.leg.br/media/sapl/public/materialegislativa/2017/6749/pem_6_pdf.pdf", "ementa": "QUE DISP\u00d5E SOBRE O ESTATUTO DOS SERVIDORES DO MUNIC\u00cdPIO DE MARECHAL FLORIANO E D\u00c1 OUTRAS PROVID\u00caNCIAS."}, {"id": "6750", "ano": "2017", "numero": "7", "tipo__sigla": "PEM", "tipo__descricao": "Proposta de Emenda Modificativa", "autoria": "", "texto_original": "http://sapl.marechalfloriano.es.leg.br/media/sapl/public/materialegislativa/2017/6750/pem_7_pdf.pdf", "ementa": "DISP\u00d5E SOBRE A REGULAMENTA\u00c7\u00c3O DE TERRENOS URBANOS NO MUNIC\u00cdPIO DE MARECHAL FLORIANO/ES."}, {"id": "6753", "ano": "2017", "numero": "8", "tipo__sigla": "PEM", "tipo__descricao": "Proposta de Emenda Modificativa", "autoria": "", "texto_original": "http://sapl.marechalfloriano.es.leg.br/media/sapl/public/materialegislativa/2017/6753/pem_8_pdf.pdf", "ementa": "AUTORIZA ABERTURA DE CR\u00c9DITO ADICIONAL SUPLEMENTAR NO OR\u00c7AMENTO GERAL DO MUNIC\u00cdPIO DE MARECHAL FLORIANO/ES."}, {"id": "6754", "ano": "2017", "numero": "9", "tipo__sigla": "PEM", "tipo__descricao": "Proposta de Emenda Modificativa", "autoria": "Dod\u00f4 Krohling", "texto_original": "http://sapl.marechalfloriano.es.leg.br/media/sapl/public/materialegislativa/2017/6754/pem_9_pdf.pdf", "ementa": "ESTIMA RECEITA E FIXA DESPESA NO MUNIC\u00cdPIO DE MARECHAL FLORIANO PARA O EXERC\u00cdCIO DE 2018."}, {"id": "6756", "ano": "2017", "numero": "10", "tipo__sigla": "PEM", "tipo__descricao": "Proposta de Emenda Modificativa", "autoria": "Cabral", "texto_original": "http://sapl.marechalfloriano.es.leg.br/media/sapl/public/materialegislativa/2017/6756/pem_10_pdf.pdf", "ementa": "ESTIMA RECEITA E FIXA DESPESA NO MUNIC\u00cdPIO DE MARECHAL FLORIANO PARA O EXERC\u00cdCIO DE 2018."}, {"id": "6758", "ano": "2017", "numero": "11", "tipo__sigla": "PEM", "tipo__descricao": "Proposta de Emenda Modificativa", "autoria": "", "texto_original": "http://sapl.marechalfloriano.es.leg.br/media/sapl/public/materialegislativa/2017/6758/pem_11_pdf.pdf", "ementa": "REGULA O FUNCIONAMENTO E INSTITUI O PLANT\u00c3O DE ATENDIMENTO 24 HORAS PARA FARM\u00c1CIAS E DROGARIAS NO MUNIC\u00cdPIO E D\u00c1 OUTRAS PROVID\u00caNCIAS."}, {"id": "6760", "ano": "2017", "numero": "12", "tipo__sigla": "PEM", "tipo__descricao": "Proposta de Emenda Modificativa", "autoria": "", "texto_original": "http://sapl.marechalfloriano.es.leg.br/media/sapl/public/materialegislativa/2017/6760/pem_12_pdf.pdf", "ementa": "REGULA O FUNCIONAMENTO E INSTITUI O PLANT\u00c3O DE ATENDIMENTO 24 HORAS PARA FARM\u00c1CIAS E DROGARIAS NO MUNIC\u00cdPIO E D\u00c1 OUTRAS PROVID\u00caNCIAS."}, {"id": "12672", "ano": "2017", "numero": "1", "tipo__sigla": "PEA", "tipo__descricao": "Proposta de Emenda Aditiva", "autoria": "Cezinha Ronchi, DIONY STEIN", "texto_original": "http://sapl.marechalfloriano.es.leg.br/media/sapl/public/materialegislativa/2017/12672/ea001-2017.pdf", "ementa": "\"EMENDA RELATIVA AO PROJETO DE LEI N\u00ba 001/2017.\""}, {"id": "1503", "ano": "2017", "numero": "1", "tipo__sigla": "MSG", "tipo__descricao": "Mensagem", "autoria": "", "texto_original": "http://sapl.marechalfloriano.es.leg.br/media/./sapl/public/materialegislativa/2017/1503/1503_texto_integral.pdf", "ementa": "ALTERA O ARTIGO 2\u00ba, DA LEI MUNICIPAL N\u00ba1.482, DE 02 DE JULHO DE 2014."}, {"id": "1502", "ano": "2017", "numero": "2", "tipo__sigla": "MSG", "tipo__descricao": "Mensagem", "autoria": "", "texto_original": "http://sapl.marechalfloriano.es.leg.br/media/./sapl/public/materialegislativa/2017/1502/1502_texto_integral.pdf", "ementa": "AUTORIZA O PODER EXECUTIVO MUNICIPAL A CONTRATAR TRABALHADORES BRA\u00c7AIS POR TEMPO DETERMINADO."}, {"id": "1501", "ano": "2017", "numero": "3", "tipo__sigla": "MSG", "tipo__descricao": "Mensagem", "autoria": "", "texto_original": "http://sapl.marechalfloriano.es.leg.br/media/./sapl/public/materialegislativa/2017/1501/1501_texto_integral.pdf", "ementa": "AUTORIZA O PODER EXECUTIVO MUNICIPAL A CONTRATAR M\u00c9DICOS PLANTONISTAS POR TEMPO DETERMINADO."}, {"id": "1500", "ano": "2017", "numero": "4", "tipo__sigla": "MSG", "tipo__descricao": "Mensagem", "autoria": "", "texto_original": "http://sapl.marechalfloriano.es.leg.br/media/./sapl/public/materialegislativa/2017/1500/1500_texto_integral.pdf", "ementa": "DISP\u00d5E SOBRE A CRIA\u00c7\u00c3O DE CARGOS DE COMISS\u00c3O ESPECIAL A SEREM INCLU\u00cdDOS NA LEI MUNICIPAL N\u00ba.565, DE 07 DE NOVEMBRO DE 2005 E D\u00c1 OUTRAS PROVID\u00caNCIAS."}, {"id": "1499", "ano": "2017", "numero": "5", "tipo__sigla": "MSG", "tipo__descricao": "Mensagem", "autoria": "", "texto_original": "http://sapl.marechalfloriano.es.leg.br/media/./sapl/public/materialegislativa/2017/1499/1499_texto_integral.pdf", "ementa": "ALTERA LEI MUNICIPAL N\u00ba.1.121, DE 22 DE MAR\u00c7O DE 2012 E D\u00c1 OUTRAS PROVIDENCIAS."}, {"id": "1498", "ano": "2017", "numero": "6", "tipo__sigla": "MSG", "tipo__descricao": "Mensagem", "autoria": "", "texto_original": "http://sapl.marechalfloriano.es.leg.br/media/./sapl/public/materialegislativa/2017/1498/1498_texto_integral.pdf", "ementa": "DISP\u00d5E SOBRE CONCESS\u00c3O DE GRATIFICA\u00c7\u00c3O PARA AS FUN\u00c7\u00d5ES DE SECRET\u00c1RIO E PROCURADOR GERAL NO \u00c2MBITO DO MUNIC\u00cdPIO DE MARECHAL FLORIANO E D\u00c1 OUTRAS PROVIDENCIAS."}, {"id": "1497", "ano": "2017", "numero": "7", "tipo__sigla": "MSG", "tipo__descricao": "Mensagem", "autoria": "", "texto_original": "http://sapl.marechalfloriano.es.leg.br/media/./sapl/public/materialegislativa/2017/1497/1497_texto_integral.pdf", "ementa": "AUTORIZA O PODER EXECUTIVO MUNICIPAL A PROMOVER ALTERA\u00c7\u00d5ES NO OR\u00c7AMENTO MUNICIPAL DO EXERC\u00cdCIO FINANCEIRO DE 2017 E D\u00c1 OUTRAS PROVID\u00caNCIAS."}, {"id": "1496", "ano": "2017", "numero": "8", "tipo__sigla": "MSG", "tipo__descricao": "Mensagem", "autoria": "", "texto_original": "http://sapl.marechalfloriano.es.leg.br/media/./sapl/public/materialegislativa/2017/1496/1496_texto_integral.pdf", "ementa": "ALTERA A LEI DE DIRETRIZES OR\u00c7AMENT\u00c1RIA - LDO DO MUNIC\u00cdPIO DE MARECHAL FLORIANO PARA EXERC\u00cdCIO FINANCEIRO DE 2017 E D\u00c1 OUTRAS PROVID\u00caNCIAS."}, {"id": "1495", "ano": "2017", "numero": "9", "tipo__sigla": "MSG", "tipo__descricao": "Mensagem", "autoria": "", "texto_original": "http://sapl.marechalfloriano.es.leg.br/media/./sapl/public/materialegislativa/2017/1495/1495_texto_integral.pdf", "ementa": "DISP\u00d5E SOBRE A CRIA\u00c7\u00c3O DA SECRETARIA MUNICIPAL DE INTERIOR E TRANSPORTES NO \u00c2MBITO DO MUNIC\u00cdPIO DE MARECHAL FLORIANO/ES E D\u00c1 OUTRAS PROVIDENCIAS."}, {"id": "1494", "ano": "2017", "numero": "10", "tipo__sigla": "MSG", "tipo__descricao": "Mensagem", "autoria": "", "texto_original": "http://sapl.marechalfloriano.es.leg.br/media/./sapl/public/materialegislativa/2017/1494/1494_texto_integral.pdf", "ementa": "ALTERA O ANEXO I, DA LEI MUNICIPAL N\u00ba.887, DE 2 DE ABRIL DE 2009 E D\u00c1 OUTRAS PROVID\u00caNCIAS."}, {"id": "1493", "ano": "2017", "numero": "11", "tipo__sigla": "MSG", "tipo__descricao": "Mensagem", "autoria": "", "texto_original": "http://sapl.marechalfloriano.es.leg.br/media/./sapl/public/materialegislativa/2017/1493/1493_texto_integral.pdf", "ementa": "INSTITUI O PROGRAMA DE EST\u00c1GIO NO MUNIC\u00cdPIO DE MARECHAL FLORIANO/ES."}, {"id": "3371", "ano": "2017", "numero": "12", "tipo__sigla": "MSG", "tipo__descricao": "Mensagem", "autoria": "", "texto_original": "http://sapl.marechalfloriano.es.leg.br/media/./sapl/public/materialegislativa/2017/3371/3371_texto_integral.pdf", "ementa": "AUTORIZA O PODER EXECUTIVO MUNICIPAL A EFETUAR PAGAMENTO A T\u00cdTULO DE INDENIZA\u00c7\u00c3O AO SENHOR CARLOS ALBERTO PREST."}, {"id": "3376", "ano": "2017", "numero": "13", "tipo__sigla": "MSG", "tipo__descricao": "Mensagem", "autoria": "", "texto_original": "http://sapl.marechalfloriano.es.leg.br/media/./sapl/public/materialegislativa/2017/3376/3376_texto_integral.pdf", "ementa": "DISP\u00d5E SOBRE PERMISS\u00c3O DE USO DE BEM ALUGADO PELO MUNIC\u00cdPIO DE MARECHAL FLORIANO \u00c0 POLICIA CIVIL DO ESTADO DO ESPIRITO SANTO."}, {"id": "3378", "ano": "2017", "numero": "14", "tipo__sigla": "MSG", "tipo__descricao": "Mensagem", "autoria": "", "texto_original": "http://sapl.marechalfloriano.es.leg.br/media/./sapl/public/materialegislativa/2017/3378/3378_texto_integral.pdf", "ementa": "ALTERA O VALOR DO AUXILIO ALIMENTA\u00c7\u00c3O DO SERVIDOR P\u00daBLICO MUNICIPAL."}, {"id": "3379", "ano": "2017", "numero": "15", "tipo__sigla": "MSG", "tipo__descricao": "Mensagem", "autoria": "", "texto_original": "http://sapl.marechalfloriano.es.leg.br/media/./sapl/public/materialegislativa/2017/3379/3379_texto_integral.pdf", "ementa": "DISP\u00d5E SOBRE A ALTERA\u00c7\u00c3O DA LEI N\u00b0370 DE 07 DE JULHO DE 2000, NO QUE TANGE AO ENDERE\u00c7O DA CASA DA CULTURA \"CLARA LUZIA HULLE PEREIRA\" E D\u00c1 OUTRAS PROVID\u00caNCIAS."}, {"id": "3381", "ano": "2017", "numero": "16", "tipo__sigla": "MSG", "tipo__descricao": "Mensagem", "autoria": "", "texto_original": "http://sapl.marechalfloriano.es.leg.br/media/./sapl/public/materialegislativa/2017/3381/3381_texto_integral.pdf", "ementa": "AUTORIZA O PODER EXECUTIVO A ALIENAR BEM O IM\u00d3VEL DO PATRIM\u00d4NIO MUNICIPAL."}, {"id": "3384", "ano": "2017", "numero": "17", "tipo__sigla": "MSG", "tipo__descricao": "Mensagem", "autoria": "", "texto_original": "http://sapl.marechalfloriano.es.leg.br/media/./sapl/public/materialegislativa/2017/3384/3384_texto_integral.pdf", "ementa": "DISP\u00d5E SOBRE O CONSELHO MUNICIPAL DE CULTURA DE MARECHAL FLORIANO E D\u00c1 OUTRAS PROVIDENCIAS."}, {"id": "3385", "ano": "2017", "numero": "18", "tipo__sigla": "MSG", "tipo__descricao": "Mensagem", "autoria": "", "texto_original": "http://sapl.marechalfloriano.es.leg.br/media/./sapl/public/materialegislativa/2017/3385/3385_texto_integral.pdf", "ementa": "CRIA O CONSELHO MUNICIPAL DE TURISMO DE MARECHAL FLORIANO."}, {"id": "3386", "ano": "2017", "numero": "19", "tipo__sigla": "MSG", "tipo__descricao": "Mensagem", "autoria": "", "texto_original": "http://sapl.marechalfloriano.es.leg.br/media/./sapl/public/materialegislativa/2017/3386/3386_texto_integral.pdf", "ementa": "CRIA CARGO DE COMISS\u00c3O ESPECIAL A SER INCLU\u00cdDO NA LEI MUNICIPAL N\u00b0.565, DE 07 DE NOVEMBRO DE 2005 E D\u00c1 OUTRAS PROVIDENCIAS."}, {"id": "3387", "ano": "2017", "numero": "20", "tipo__sigla": "MSG", "tipo__descricao": "Mensagem", "autoria": "", "texto_original": "http://sapl.marechalfloriano.es.leg.br/media/./sapl/public/materialegislativa/2017/3387/3387_texto_integral.pdf", "ementa": "TEMOS SATISFA\u00c7\u00c3O DE REMETER \u00c0 APRECIA\u00c7\u00c3O DE VOSSA EXCEL\u00caNCIA E DE DEMAIS VEREADORES O INCLUSO PROJETO DE LEI QUE DISP\u00d5E SOBRE A ABERTURA DE CR\u00c9DITOS ADICIONAIS SUPLEMENTARES AO OR\u00c7AMENTO GERAL DO MUNIC\u00cdPIO DE MARECHAL FLORIANO, RELATIVO AO EXERC\u00cdCIO DE 2017."}, {"id": "3388", "ano": "2017", "numero": "21", "tipo__sigla": "MSG", "tipo__descricao": "Mensagem", "autoria": "", "texto_original": "http://sapl.marechalfloriano.es.leg.br/media/./sapl/public/materialegislativa/2017/3388/3388_texto_integral.pdf", "ementa": "AUTORIZA O PODER EXECUTIVO MUNICIPAL A REPASSAR RECURSOS FINANCEIROS A T\u00cdTULO DE SUBVEN\u00c7\u00c3O SOCIAL \u00c0 ASSOCIA\u00c7\u00c3O PESTALOZZI E SOU FELIZ NO \u00c2MBITO DO MUNIC\u00cdPIO DE MARECHAL FLORIANO/ES E D\u00c1 OUTRAS PROVID\u00caNCIAS."}, {"id": "3390", "ano": "2017", "numero": "22", "tipo__sigla": "MSG", "tipo__descricao": "Mensagem", "autoria": "", "texto_original": "http://sapl.marechalfloriano.es.leg.br/media/./sapl/public/materialegislativa/2017/3390/3390_texto_integral.pdf", "ementa": "DISP\u00d5E SOBRE A CONCESS\u00c3O DE AUXILIO ALIMENTA\u00c7\u00c3O AOS CONSELHEIROS TUTELARES E D\u00c1 OUTRAS PROVIDENCIAS."}, {"id": "4198", "ano": "2017", "numero": "23", "tipo__sigla": "MSG", "tipo__descricao": "Mensagem", "autoria": "", "texto_original": "http://sapl.marechalfloriano.es.leg.br/media/./sapl/public/materialegislativa/2017/4198/4198_texto_integral.jpeg", "ementa": "DISP\u00d5E SOBRE GRATIFICA\u00c7\u00c3O PARA MOTORISTAS DE AMBUL\u00c2NCIA QUE POSSUEM CURSO DE SOCORRISTA E D\u00c1 OUTRAS PROVID\u00caNCIAS."}, {"id": "4615", "ano": "2017", "numero": "24", "tipo__sigla": "MSG", "tipo__descricao": "Mensagem", "autoria": "", "texto_original": "http://sapl.marechalfloriano.es.leg.br/media/./sapl/public/materialegislativa/2017/4615/4615_texto_integral.pdf", "ementa": "ALTERA LEI MUNICIPAL N\u00b0.1.192, DE 23 DE JANEIRO DE 2013."}, {"id": "4616", "ano": "2017", "numero": "25", "tipo__sigla": "MSG", "tipo__descricao": "Mensagem", "autoria": "", "texto_original": "http://sapl.marechalfloriano.es.leg.br/media/./sapl/public/materialegislativa/2017/4616/4616_texto_integral.pdf", "ementa": "DISP\u00d5E SOBRE A REGULARIZA\u00c7\u00c3O DE TERRENOS URBANOS NO MUNIC\u00cdPIO DE MARECHAL FLORIANO."}, {"id": "4617", "ano": "2017", "numero": "26", "tipo__sigla": "MSG", "tipo__descricao": "Mensagem", "autoria": "", "texto_original": "http://sapl.marechalfloriano.es.leg.br/media/./sapl/public/materialegislativa/2017/4617/4617_texto_integral.pdf", "ementa": "ALTERA O ANEXO I DA LEI MUNICIPAL N\u00ba. 1.792, DE 13 DE FEVEREIRO DE 2017 E D\u00c1 OUTRAS PROVID\u00caNCIAS "}]}